{"id":29735,"date":"2025-02-24T21:23:14","date_gmt":"2025-02-25T00:23:14","guid":{"rendered":"https:\/\/apuntesdesanluis.com\/?p=29735"},"modified":"2025-02-24T21:23:14","modified_gmt":"2025-02-25T00:23:14","slug":"el-papa-francisco-mostro-una-ligera-mejoria-indico-el-nuevo-parte-medico","status":"publish","type":"post","link":"https:\/\/apuntesdesanluis.com\/index.php\/2025\/02\/24\/el-papa-francisco-mostro-una-ligera-mejoria-indico-el-nuevo-parte-medico\/","title":{"rendered":"EL PAPA FRANCISCO MOSTR\u00d3 UNA &#8220;LIGERA MEJOR\u00cdA&#8221;, INDIC\u00d3 EL NUEVO PARTE M\u00c9DICO"},"content":{"rendered":"<h3>El <strong>Papa Francisco<\/strong> mostr\u00f3 una \u201cligera mejor\u00eda\u201d, indic\u00f3 el nuevo parte m\u00e9dico que dio a conocer la Oficina de Prensa de la Santa Sede, a la vez que no hubo &#8220;nuevas crisis respiratorias&#8221;.<\/h3>\n<h3>De acuerdo al parte m\u00e9dico vespertino, &#8220;el flujo de ox\u00edgeno&#8221; del Sumo Pont\u00edfice &#8220;se ha reducido ligeramente&#8221; y &#8220;los ex\u00e1menes mejoraron&#8221;.<\/h3>\n<h3>El sitio Vatican News indic\u00f3 que &#8220;la ligera insuficiencia renal no es motivo de preocupaci\u00f3n&#8221;, mientras que recalc\u00f3 que &#8220;Francisco reanud\u00f3 su trabajo y por la tarde llam\u00f3 a la parroquia de Gaza&#8221;.<\/h3>\n<h3>&#8220;La oxigenoterapia contin\u00faa, aunque con un flujo y un porcentaje de ox\u00edgeno ligeramente reducidos. Los m\u00e9dicos, en vista de la complejidad del cuadro cl\u00ednico, son prudentes y a\u00fan no dan a conocer el pron\u00f3stico&#8221;, a\u00f1adi\u00f3 el bolet\u00edn m\u00e9dico.<\/h3>\n<h3>Adem\u00e1s, el Vaticano mencion\u00f3 que Jorge Bergoglio, que se encuentra internado desde el 14 de febrero en el hospital Policl\u00ednico Gemelli por una neumon\u00eda bilateral, recibi\u00f3 la\u00a0Eucarist\u00eda y que &#8220;agradece a todo el pueblo de Dios que se ha reunido para rezar por su salud en estos d\u00edas&#8221;.<\/h3>\n<p>&nbsp;<\/p>\n<p>&nbsp;<\/p>\n<p>&nbsp;<\/p>\n<p>&nbsp;<\/p>\n","protected":false},"excerpt":{"rendered":"<p>El Papa Francisco mostr\u00f3 una \u201cligera mejor\u00eda\u201d, indic\u00f3 el nuevo parte m\u00e9dico que dio a&#8230;<\/p>\n","protected":false},"author":1,"featured_media":29736,"comment_status":"closed","ping_status":"closed","sticky":false,"template":"","format":"standard","meta":{"footnotes":""},"categories":[5],"tags":[],"class_list":["post-29735","post","type-post","status-publish","format-standard","has-post-thumbnail","hentry","category-nacionales-internacionales"],"yoast_head":"<!-- This site is optimized with the Yoast SEO plugin v26.1.1 - https:\/\/yoast.com\/wordpress\/plugins\/seo\/ -->\n<title>EL PAPA FRANCISCO MOSTR\u00d3 UNA &quot;LIGERA MEJOR\u00cdA&quot;, INDIC\u00d3 EL NUEVO PARTE M\u00c9DICO - Apuntes de San Luis<\/title>\n<meta name=\"robots\" content=\"index, follow, max-snippet:-1, max-image-preview:large, max-video-preview:-1\" \/>\n<link rel=\"canonical\" href=\"https:\/\/apuntesdesanluis.com\/index.php\/2025\/02\/24\/el-papa-francisco-mostro-una-ligera-mejoria-indico-el-nuevo-parte-medico\/\" \/>\n<meta property=\"og:locale\" content=\"es_ES\" \/>\n<meta property=\"og:type\" content=\"article\" \/>\n<meta property=\"og:title\" content=\"EL PAPA FRANCISCO MOSTR\u00d3 UNA &quot;LIGERA MEJOR\u00cdA&quot;, INDIC\u00d3 EL NUEVO PARTE M\u00c9DICO - Apuntes de San Luis\" \/>\n<meta property=\"og:description\" content=\"El Papa Francisco mostr\u00f3 una \u201cligera mejor\u00eda\u201d, indic\u00f3 el nuevo parte m\u00e9dico que dio a...\" \/>\n<meta property=\"og:url\" content=\"https:\/\/apuntesdesanluis.com\/index.php\/2025\/02\/24\/el-papa-francisco-mostro-una-ligera-mejoria-indico-el-nuevo-parte-medico\/\" \/>\n<meta property=\"og:site_name\" content=\"Apuntes de San Luis\" \/>\n<meta property=\"article:published_time\" content=\"2025-02-25T00:23:14+00:00\" \/>\n<meta property=\"og:image\" content=\"https:\/\/apuntesdesanluis.com\/wp-content\/uploads\/2025\/02\/francisco-2.png\" \/>\n\t<meta property=\"og:image:width\" content=\"782\" \/>\n\t<meta property=\"og:image:height\" content=\"497\" \/>\n\t<meta property=\"og:image:type\" content=\"image\/png\" \/>\n<meta name=\"author\" content=\"apuntesdesanluis.com\" \/>\n<meta name=\"twitter:card\" content=\"summary_large_image\" \/>\n<meta name=\"twitter:label1\" content=\"Escrito por\" \/>\n\t<meta name=\"twitter:data1\" content=\"apuntesdesanluis.com\" \/>\n\t<meta name=\"twitter:label2\" content=\"Tiempo de lectura\" \/>\n\t<meta name=\"twitter:data2\" content=\"1 minuto\" \/>\n<script type=\"application\/ld+json\" class=\"yoast-schema-graph\">{\"@context\":\"https:\/\/schema.org\",\"@graph\":[{\"@type\":\"Article\",\"@id\":\"https:\/\/apuntesdesanluis.com\/index.php\/2025\/02\/24\/el-papa-francisco-mostro-una-ligera-mejoria-indico-el-nuevo-parte-medico\/#article\",\"isPartOf\":{\"@id\":\"https:\/\/apuntesdesanluis.com\/index.php\/2025\/02\/24\/el-papa-francisco-mostro-una-ligera-mejoria-indico-el-nuevo-parte-medico\/\"},\"author\":{\"name\":\"apuntesdesanluis.com\",\"@id\":\"https:\/\/apuntesdesanluis.com\/#\/schema\/person\/b55151d52296fcce64d1a72538a70b90\"},\"headline\":\"EL PAPA FRANCISCO MOSTR\u00d3 UNA &#8220;LIGERA MEJOR\u00cdA&#8221;, INDIC\u00d3 EL NUEVO PARTE M\u00c9DICO\",\"datePublished\":\"2025-02-25T00:23:14+00:00\",\"mainEntityOfPage\":{\"@id\":\"https:\/\/apuntesdesanluis.com\/index.php\/2025\/02\/24\/el-papa-francisco-mostro-una-ligera-mejoria-indico-el-nuevo-parte-medico\/\"},\"wordCount\":212,\"publisher\":{\"@id\":\"https:\/\/apuntesdesanluis.com\/#\/schema\/person\/b55151d52296fcce64d1a72538a70b90\"},\"image\":{\"@id\":\"https:\/\/apuntesdesanluis.com\/index.php\/2025\/02\/24\/el-papa-francisco-mostro-una-ligera-mejoria-indico-el-nuevo-parte-medico\/#primaryimage\"},\"thumbnailUrl\":\"https:\/\/apuntesdesanluis.com\/wp-content\/uploads\/2025\/02\/francisco-2.png\",\"articleSection\":[\"Nacionales\/Internacionales\"],\"inLanguage\":\"es-AR\"},{\"@type\":\"WebPage\",\"@id\":\"https:\/\/apuntesdesanluis.com\/index.php\/2025\/02\/24\/el-papa-francisco-mostro-una-ligera-mejoria-indico-el-nuevo-parte-medico\/\",\"url\":\"https:\/\/apuntesdesanluis.com\/index.php\/2025\/02\/24\/el-papa-francisco-mostro-una-ligera-mejoria-indico-el-nuevo-parte-medico\/\",\"name\":\"EL PAPA FRANCISCO MOSTR\u00d3 UNA \\\"LIGERA MEJOR\u00cdA\\\", INDIC\u00d3 EL NUEVO PARTE M\u00c9DICO - Apuntes de San Luis\",\"isPartOf\":{\"@id\":\"https:\/\/apuntesdesanluis.com\/#website\"},\"primaryImageOfPage\":{\"@id\":\"https:\/\/apuntesdesanluis.com\/index.php\/2025\/02\/24\/el-papa-francisco-mostro-una-ligera-mejoria-indico-el-nuevo-parte-medico\/#primaryimage\"},\"image\":{\"@id\":\"https:\/\/apuntesdesanluis.com\/index.php\/2025\/02\/24\/el-papa-francisco-mostro-una-ligera-mejoria-indico-el-nuevo-parte-medico\/#primaryimage\"},\"thumbnailUrl\":\"https:\/\/apuntesdesanluis.com\/wp-content\/uploads\/2025\/02\/francisco-2.png\",\"datePublished\":\"2025-02-25T00:23:14+00:00\",\"breadcrumb\":{\"@id\":\"https:\/\/apuntesdesanluis.com\/index.php\/2025\/02\/24\/el-papa-francisco-mostro-una-ligera-mejoria-indico-el-nuevo-parte-medico\/#breadcrumb\"},\"inLanguage\":\"es-AR\",\"potentialAction\":[{\"@type\":\"ReadAction\",\"target\":[\"https:\/\/apuntesdesanluis.com\/index.php\/2025\/02\/24\/el-papa-francisco-mostro-una-ligera-mejoria-indico-el-nuevo-parte-medico\/\"]}]},{\"@type\":\"ImageObject\",\"inLanguage\":\"es-AR\",\"@id\":\"https:\/\/apuntesdesanluis.com\/index.php\/2025\/02\/24\/el-papa-francisco-mostro-una-ligera-mejoria-indico-el-nuevo-parte-medico\/#primaryimage\",\"url\":\"https:\/\/apuntesdesanluis.com\/wp-content\/uploads\/2025\/02\/francisco-2.png\",\"contentUrl\":\"https:\/\/apuntesdesanluis.com\/wp-content\/uploads\/2025\/02\/francisco-2.png\",\"width\":782,\"height\":497},{\"@type\":\"BreadcrumbList\",\"@id\":\"https:\/\/apuntesdesanluis.com\/index.php\/2025\/02\/24\/el-papa-francisco-mostro-una-ligera-mejoria-indico-el-nuevo-parte-medico\/#breadcrumb\",\"itemListElement\":[{\"@type\":\"ListItem\",\"position\":1,\"name\":\"Inicio\",\"item\":\"https:\/\/apuntesdesanluis.com\/\"},{\"@type\":\"ListItem\",\"position\":2,\"name\":\"EL PAPA FRANCISCO MOSTR\u00d3 UNA &#8220;LIGERA MEJOR\u00cdA&#8221;, INDIC\u00d3 EL NUEVO PARTE M\u00c9DICO\"}]},{\"@type\":\"WebSite\",\"@id\":\"https:\/\/apuntesdesanluis.com\/#website\",\"url\":\"https:\/\/apuntesdesanluis.com\/\",\"name\":\"Apuntes de San Luis\",\"description\":\"\",\"publisher\":{\"@id\":\"https:\/\/apuntesdesanluis.com\/#\/schema\/person\/b55151d52296fcce64d1a72538a70b90\"},\"potentialAction\":[{\"@type\":\"SearchAction\",\"target\":{\"@type\":\"EntryPoint\",\"urlTemplate\":\"https:\/\/apuntesdesanluis.com\/?s={search_term_string}\"},\"query-input\":{\"@type\":\"PropertyValueSpecification\",\"valueRequired\":true,\"valueName\":\"search_term_string\"}}],\"inLanguage\":\"es-AR\"},{\"@type\":[\"Person\",\"Organization\"],\"@id\":\"https:\/\/apuntesdesanluis.com\/#\/schema\/person\/b55151d52296fcce64d1a72538a70b90\",\"name\":\"apuntesdesanluis.com\",\"image\":{\"@type\":\"ImageObject\",\"inLanguage\":\"es-AR\",\"@id\":\"https:\/\/apuntesdesanluis.com\/#\/schema\/person\/image\/\",\"url\":\"https:\/\/apuntesdesanluis.com\/wp-content\/uploads\/2023\/07\/cropped-apuntesdesanluis.png\",\"contentUrl\":\"https:\/\/apuntesdesanluis.com\/wp-content\/uploads\/2023\/07\/cropped-apuntesdesanluis.png\",\"width\":450,\"height\":112,\"caption\":\"apuntesdesanluis.com\"},\"logo\":{\"@id\":\"https:\/\/apuntesdesanluis.com\/#\/schema\/person\/image\/\"},\"sameAs\":[\"https:\/\/apuntesdesanluis.com\"],\"url\":\"https:\/\/apuntesdesanluis.com\/index.php\/author\/apuntesdesanluis-com\/\"}]}<\/script>\n<!-- \/ Yoast SEO plugin. -->","yoast_head_json":{"title":"EL PAPA FRANCISCO MOSTR\u00d3 UNA \"LIGERA MEJOR\u00cdA\", INDIC\u00d3 EL NUEVO PARTE M\u00c9DICO - Apuntes de San Luis","robots":{"index":"index","follow":"follow","max-snippet":"max-snippet:-1","max-image-preview":"max-image-preview:large","max-video-preview":"max-video-preview:-1"},"canonical":"https:\/\/apuntesdesanluis.com\/index.php\/2025\/02\/24\/el-papa-francisco-mostro-una-ligera-mejoria-indico-el-nuevo-parte-medico\/","og_locale":"es_ES","og_type":"article","og_title":"EL PAPA FRANCISCO MOSTR\u00d3 UNA \"LIGERA MEJOR\u00cdA\", INDIC\u00d3 EL NUEVO PARTE M\u00c9DICO - Apuntes de San Luis","og_description":"El Papa Francisco mostr\u00f3 una \u201cligera mejor\u00eda\u201d, indic\u00f3 el nuevo parte m\u00e9dico que dio a...","og_url":"https:\/\/apuntesdesanluis.com\/index.php\/2025\/02\/24\/el-papa-francisco-mostro-una-ligera-mejoria-indico-el-nuevo-parte-medico\/","og_site_name":"Apuntes de San Luis","article_published_time":"2025-02-25T00:23:14+00:00","og_image":[{"width":782,"height":497,"url":"https:\/\/apuntesdesanluis.com\/wp-content\/uploads\/2025\/02\/francisco-2.png","type":"image\/png"}],"author":"apuntesdesanluis.com","twitter_card":"summary_large_image","twitter_misc":{"Escrito por":"apuntesdesanluis.com","Tiempo de lectura":"1 minuto"},"schema":{"@context":"https:\/\/schema.org","@graph":[{"@type":"Article","@id":"https:\/\/apuntesdesanluis.com\/index.php\/2025\/02\/24\/el-papa-francisco-mostro-una-ligera-mejoria-indico-el-nuevo-parte-medico\/#article","isPartOf":{"@id":"https:\/\/apuntesdesanluis.com\/index.php\/2025\/02\/24\/el-papa-francisco-mostro-una-ligera-mejoria-indico-el-nuevo-parte-medico\/"},"author":{"name":"apuntesdesanluis.com","@id":"https:\/\/apuntesdesanluis.com\/#\/schema\/person\/b55151d52296fcce64d1a72538a70b90"},"headline":"EL PAPA FRANCISCO MOSTR\u00d3 UNA &#8220;LIGERA MEJOR\u00cdA&#8221;, INDIC\u00d3 EL NUEVO PARTE M\u00c9DICO","datePublished":"2025-02-25T00:23:14+00:00","mainEntityOfPage":{"@id":"https:\/\/apuntesdesanluis.com\/index.php\/2025\/02\/24\/el-papa-francisco-mostro-una-ligera-mejoria-indico-el-nuevo-parte-medico\/"},"wordCount":212,"publisher":{"@id":"https:\/\/apuntesdesanluis.com\/#\/schema\/person\/b55151d52296fcce64d1a72538a70b90"},"image":{"@id":"https:\/\/apuntesdesanluis.com\/index.php\/2025\/02\/24\/el-papa-francisco-mostro-una-ligera-mejoria-indico-el-nuevo-parte-medico\/#primaryimage"},"thumbnailUrl":"https:\/\/apuntesdesanluis.com\/wp-content\/uploads\/2025\/02\/francisco-2.png","articleSection":["Nacionales\/Internacionales"],"inLanguage":"es-AR"},{"@type":"WebPage","@id":"https:\/\/apuntesdesanluis.com\/index.php\/2025\/02\/24\/el-papa-francisco-mostro-una-ligera-mejoria-indico-el-nuevo-parte-medico\/","url":"https:\/\/apuntesdesanluis.com\/index.php\/2025\/02\/24\/el-papa-francisco-mostro-una-ligera-mejoria-indico-el-nuevo-parte-medico\/","name":"EL PAPA FRANCISCO MOSTR\u00d3 UNA \"LIGERA MEJOR\u00cdA\", INDIC\u00d3 EL NUEVO PARTE M\u00c9DICO - Apuntes de San Luis","isPartOf":{"@id":"https:\/\/apuntesdesanluis.com\/#website"},"primaryImageOfPage":{"@id":"https:\/\/apuntesdesanluis.com\/index.php\/2025\/02\/24\/el-papa-francisco-mostro-una-ligera-mejoria-indico-el-nuevo-parte-medico\/#primaryimage"},"image":{"@id":"https:\/\/apuntesdesanluis.com\/index.php\/2025\/02\/24\/el-papa-francisco-mostro-una-ligera-mejoria-indico-el-nuevo-parte-medico\/#primaryimage"},"thumbnailUrl":"https:\/\/apuntesdesanluis.com\/wp-content\/uploads\/2025\/02\/francisco-2.png","datePublished":"2025-02-25T00:23:14+00:00","breadcrumb":{"@id":"https:\/\/apuntesdesanluis.com\/index.php\/2025\/02\/24\/el-papa-francisco-mostro-una-ligera-mejoria-indico-el-nuevo-parte-medico\/#breadcrumb"},"inLanguage":"es-AR","potentialAction":[{"@type":"ReadAction","target":["https:\/\/apuntesdesanluis.com\/index.php\/2025\/02\/24\/el-papa-francisco-mostro-una-ligera-mejoria-indico-el-nuevo-parte-medico\/"]}]},{"@type":"ImageObject","inLanguage":"es-AR","@id":"https:\/\/apuntesdesanluis.com\/index.php\/2025\/02\/24\/el-papa-francisco-mostro-una-ligera-mejoria-indico-el-nuevo-parte-medico\/#primaryimage","url":"https:\/\/apuntesdesanluis.com\/wp-content\/uploads\/2025\/02\/francisco-2.png","contentUrl":"https:\/\/apuntesdesanluis.com\/wp-content\/uploads\/2025\/02\/francisco-2.png","width":782,"height":497},{"@type":"BreadcrumbList","@id":"https:\/\/apuntesdesanluis.com\/index.php\/2025\/02\/24\/el-papa-francisco-mostro-una-ligera-mejoria-indico-el-nuevo-parte-medico\/#breadcrumb","itemListElement":[{"@type":"ListItem","position":1,"name":"Inicio","item":"https:\/\/apuntesdesanluis.com\/"},{"@type":"ListItem","position":2,"name":"EL PAPA FRANCISCO MOSTR\u00d3 UNA &#8220;LIGERA MEJOR\u00cdA&#8221;, INDIC\u00d3 EL NUEVO PARTE M\u00c9DICO"}]},{"@type":"WebSite","@id":"https:\/\/apuntesdesanluis.com\/#website","url":"https:\/\/apuntesdesanluis.com\/","name":"Apuntes de San Luis","description":"","publisher":{"@id":"https:\/\/apuntesdesanluis.com\/#\/schema\/person\/b55151d52296fcce64d1a72538a70b90"},"potentialAction":[{"@type":"SearchAction","target":{"@type":"EntryPoint","urlTemplate":"https:\/\/apuntesdesanluis.com\/?s={search_term_string}"},"query-input":{"@type":"PropertyValueSpecification","valueRequired":true,"valueName":"search_term_string"}}],"inLanguage":"es-AR"},{"@type":["Person","Organization"],"@id":"https:\/\/apuntesdesanluis.com\/#\/schema\/person\/b55151d52296fcce64d1a72538a70b90","name":"apuntesdesanluis.com","image":{"@type":"ImageObject","inLanguage":"es-AR","@id":"https:\/\/apuntesdesanluis.com\/#\/schema\/person\/image\/","url":"https:\/\/apuntesdesanluis.com\/wp-content\/uploads\/2023\/07\/cropped-apuntesdesanluis.png","contentUrl":"https:\/\/apuntesdesanluis.com\/wp-content\/uploads\/2023\/07\/cropped-apuntesdesanluis.png","width":450,"height":112,"caption":"apuntesdesanluis.com"},"logo":{"@id":"https:\/\/apuntesdesanluis.com\/#\/schema\/person\/image\/"},"sameAs":["https:\/\/apuntesdesanluis.com"],"url":"https:\/\/apuntesdesanluis.com\/index.php\/author\/apuntesdesanluis-com\/"}]}},"featured_image_urls":{"full":["https:\/\/apuntesdesanluis.com\/wp-content\/uploads\/2025\/02\/francisco-2.png",782,497,false],"thumbnail":["https:\/\/apuntesdesanluis.com\/wp-content\/uploads\/2025\/02\/francisco-2-150x150.png",150,150,true],"medium":["https:\/\/apuntesdesanluis.com\/wp-content\/uploads\/2025\/02\/francisco-2-300x191.png",300,191,true],"medium_large":["https:\/\/apuntesdesanluis.com\/wp-content\/uploads\/2025\/02\/francisco-2-768x488.png",640,407,true],"large":["https:\/\/apuntesdesanluis.com\/wp-content\/uploads\/2025\/02\/francisco-2.png",640,407,false],"1536x1536":["https:\/\/apuntesdesanluis.com\/wp-content\/uploads\/2025\/02\/francisco-2.png",782,497,false],"2048x2048":["https:\/\/apuntesdesanluis.com\/wp-content\/uploads\/2025\/02\/francisco-2.png",782,497,false],"newsever-slider-full":["https:\/\/apuntesdesanluis.com\/wp-content\/uploads\/2025\/02\/francisco-2.png",782,497,false],"newsever-featured":["https:\/\/apuntesdesanluis.com\/wp-content\/uploads\/2025\/02\/francisco-2.png",782,497,false],"newsever-medium":["https:\/\/apuntesdesanluis.com\/wp-content\/uploads\/2025\/02\/francisco-2-720x475.png",720,475,true]},"author_info":{"display_name":"apuntesdesanluis.com","author_link":"https:\/\/apuntesdesanluis.com\/index.php\/author\/apuntesdesanluis-com\/"},"category_info":"<a href=\"https:\/\/apuntesdesanluis.com\/index.php\/category\/nacionales-internacionales\/\" rel=\"category tag\">Nacionales\/Internacionales<\/a>","tag_info":"Nacionales\/Internacionales","comment_count":"0","_links":{"self":[{"href":"https:\/\/apuntesdesanluis.com\/index.php\/wp-json\/wp\/v2\/posts\/29735","targetHints":{"allow":["GET"]}}],"collection":[{"href":"https:\/\/apuntesdesanluis.com\/index.php\/wp-json\/wp\/v2\/posts"}],"about":[{"href":"https:\/\/apuntesdesanluis.com\/index.php\/wp-json\/wp\/v2\/types\/post"}],"author":[{"embeddable":true,"href":"https:\/\/apuntesdesanluis.com\/index.php\/wp-json\/wp\/v2\/users\/1"}],"replies":[{"embeddable":true,"href":"https:\/\/apuntesdesanluis.com\/index.php\/wp-json\/wp\/v2\/comments?post=29735"}],"version-history":[{"count":1,"href":"https:\/\/apuntesdesanluis.com\/index.php\/wp-json\/wp\/v2\/posts\/29735\/revisions"}],"predecessor-version":[{"id":29737,"href":"https:\/\/apuntesdesanluis.com\/index.php\/wp-json\/wp\/v2\/posts\/29735\/revisions\/29737"}],"wp:featuredmedia":[{"embeddable":true,"href":"https:\/\/apuntesdesanluis.com\/index.php\/wp-json\/wp\/v2\/media\/29736"}],"wp:attachment":[{"href":"https:\/\/apuntesdesanluis.com\/index.php\/wp-json\/wp\/v2\/media?parent=29735"}],"wp:term":[{"taxonomy":"category","embeddable":true,"href":"https:\/\/apuntesdesanluis.com\/index.php\/wp-json\/wp\/v2\/categories?post=29735"},{"taxonomy":"post_tag","embeddable":true,"href":"https:\/\/apuntesdesanluis.com\/index.php\/wp-json\/wp\/v2\/tags?post=29735"}],"curies":[{"name":"wp","href":"https:\/\/api.w.org\/{rel}","templated":true}]}}