{"id":29746,"date":"2025-02-24T22:14:01","date_gmt":"2025-02-25T01:14:01","guid":{"rendered":"https:\/\/apuntesdesanluis.com\/?p=29746"},"modified":"2025-02-24T22:14:01","modified_gmt":"2025-02-25T01:14:01","slug":"el-paro-docente-y-la-ministra-bullrich","status":"publish","type":"post","link":"https:\/\/apuntesdesanluis.com\/index.php\/2025\/02\/24\/el-paro-docente-y-la-ministra-bullrich\/","title":{"rendered":"EL PARO DOCENTE Y LA MINISTRA BULLRICH"},"content":{"rendered":"<h3>Por <strong>Luis Alberto &#8220;Tochi&#8221; Moreno *<\/strong><\/h3>\n<p><img fetchpriority=\"high\" decoding=\"async\" class=\"wp-image-15770 aligncenter\" src=\"https:\/\/apuntesdesanluis.com\/wp-content\/uploads\/2024\/05\/tochi-moreno-300x184.png\" alt=\"\" width=\"569\" height=\"349\" srcset=\"https:\/\/apuntesdesanluis.com\/wp-content\/uploads\/2024\/05\/tochi-moreno-300x184.png 300w, https:\/\/apuntesdesanluis.com\/wp-content\/uploads\/2024\/05\/tochi-moreno.png 665w\" sizes=\"(max-width: 569px) 100vw, 569px\" \/><\/p>\n<h3>En doce provincias m\u00e1s la Ciudad de Buenos Aires, el inicio de clases coincidi\u00f3 con un nuevo paro docente por reclamos salariales desatendidos.<\/h3>\n<h3>El acatamiento ha sido dispar, pero reinstala en la agenda nacional un problema de larga data y que sigue mostrando la verdadera dimensi\u00f3n e importancia que nuestros gobiernos le dan a la educaci\u00f3n.<\/h3>\n<h3>La Ministra de Seguridad, Patricia Bullrich siempre dispuesta a hablar de todo, expres\u00f3 lo siguiente en la red X.:<\/h3>\n<h3>\u00abEn vez de estar en las calles, rodeados de polic\u00edas, cumpliendo el protocolo, deber\u00edan estar en las aulas rodeados de ni\u00f1os, brindando educaci\u00f3n a los hijos de la patria\u00bb.<\/h3>\n<h3>Me permito decirle a la Ministra que los gobernantes debieran estar dedicados a cumplir lo que dicen para la educaci\u00f3n los pactos internacionales incorporados a la Constituci\u00f3n y en particular con lo que dice la ley de Educaci\u00f3n Nacional 26.206 en su \u201cART\u00cdCULO 3\u00b0:<\/h3>\n<h3>\u201cLa educaci\u00f3n es una prioridad nacional y se constituye en pol\u00edtica de Estado para construir una sociedad justa, reafirmar la soberan\u00eda e identidad nacional, profundizar el ejercicio de la ciudadan\u00eda democr\u00e1tica, respetar los derechos humanos y libertades fundamentales y fortalecer el desarrollo econ\u00f3mico-social de la Naci\u00f3n\u201d.<\/h3>\n<h3>Digo esto porque\u2026 \u00bfD\u00f3nde est\u00e1 esa prioridad nacional y esa pol\u00edtica de Estado para nuestra educaci\u00f3n? La Ministra debiera conocer tambi\u00e9n el Art\u00edculo 5 de esa ley que se\u00f1ala la responsabilidad del Estado Nacional en fijar la pol\u00edtica educativa y controlar su cumplimiento. Tanto ella, como el Presidente y todo su gabinete debieran estar trabajando en cumplir esas obligaciones que son anteriores a las obligaciones de los docentes empleados estatales.<\/h3>\n<h3>Siempre refiri\u00e9ndome a la Ley 26206, la Ministra debiera conocer tambi\u00e9n el\u00a0ART\u00cdCULO 28:<\/h3>\n<h3>\u201cLas escuelas primarias ser\u00e1n de jornada extendida o completa con la finalidad de asegurar el logro de los objetivos fijados para este nivel por la presente ley\u201d.<\/h3>\n<h3>Digo esto, porque este art\u00edculo de una ley aprobada en el 2006, tiene hasta ahora un cumplimiento m\u00e1s que escaso en las jurisdicciones educativas, sin que a nadie, de los muchos e importantes responsables, se les mueva un pelo.<\/h3>\n<h3>Finalmente, la Ministra Bullrrich agreg\u00f3 a su posteo tuitero lo siguiente: \u00abEl pa\u00eds quiere el orden que le damos, no la anarqu\u00eda que ustedes ofrecen\u00bb.<\/h3>\n<h3>Alg\u00fan d\u00eda la Ministra y nuestros gobernantes, legisladores y dirigentes pol\u00edticos entender\u00e1n que la base fundamental e insoslayable de seguridad, trabajo, salud, etc.; es la educaci\u00f3n.<\/h3>\n<h3>Por eso le digo, que antes de criticar a los docentes en la calle y en huelga, dejen de pensar tanto en las pr\u00f3ximas elecciones y p\u00f3nganse a trabajar para que la educaci\u00f3n sea la prioridad nacional y la pol\u00edtica de estado que marca la ley, que est\u00e1n ignorando. Objetivos \u00e9stos, que deben comenzar por el principio: la dignidad social y econ\u00f3mica de los docentes, verdaderos soldados en la construcci\u00f3n del futuro con el que so\u00f1amos.<\/h3>\n<p>&nbsp;<\/p>\n<h4><span style=\"color: #3366ff;\">* Profesor de Ense\u00f1anza Primaria, Licenciado en Pedagog\u00eda y finalmente de Profesor de Ense\u00f1anza Media y Superior en Pedagog\u00eda. Ex Director General Acad\u00e9mico de la UNSL.<\/span><\/h4>\n<p>&nbsp;<\/p>\n<p>&nbsp;<\/p>\n<p>&nbsp;<\/p>\n","protected":false},"excerpt":{"rendered":"<p>Por Luis Alberto &#8220;Tochi&#8221; Moreno * En doce provincias m\u00e1s la Ciudad de Buenos Aires,&#8230;<\/p>\n","protected":false},"author":1,"featured_media":29747,"comment_status":"closed","ping_status":"closed","sticky":false,"template":"","format":"standard","meta":{"footnotes":""},"categories":[9],"tags":[],"class_list":["post-29746","post","type-post","status-publish","format-standard","has-post-thumbnail","hentry","category-opinion"],"yoast_head":"<!-- This site is optimized with the Yoast SEO plugin v26.1.1 - https:\/\/yoast.com\/wordpress\/plugins\/seo\/ -->\n<title>EL PARO DOCENTE Y LA MINISTRA BULLRICH - Apuntes de San Luis<\/title>\n<meta name=\"robots\" content=\"index, follow, max-snippet:-1, max-image-preview:large, max-video-preview:-1\" \/>\n<link rel=\"canonical\" href=\"https:\/\/apuntesdesanluis.com\/index.php\/2025\/02\/24\/el-paro-docente-y-la-ministra-bullrich\/\" \/>\n<meta property=\"og:locale\" content=\"es_ES\" \/>\n<meta property=\"og:type\" content=\"article\" \/>\n<meta property=\"og:title\" content=\"EL PARO DOCENTE Y LA MINISTRA BULLRICH - Apuntes de San Luis\" \/>\n<meta property=\"og:description\" content=\"Por Luis Alberto &#8220;Tochi&#8221; Moreno * En doce provincias m\u00e1s la Ciudad de Buenos Aires,...\" \/>\n<meta property=\"og:url\" content=\"https:\/\/apuntesdesanluis.com\/index.php\/2025\/02\/24\/el-paro-docente-y-la-ministra-bullrich\/\" \/>\n<meta property=\"og:site_name\" content=\"Apuntes de San Luis\" \/>\n<meta property=\"article:published_time\" content=\"2025-02-25T01:14:01+00:00\" \/>\n<meta property=\"og:image\" content=\"https:\/\/apuntesdesanluis.com\/wp-content\/uploads\/2025\/02\/BULLRICH.png\" \/>\n\t<meta property=\"og:image:width\" content=\"653\" \/>\n\t<meta property=\"og:image:height\" content=\"344\" \/>\n\t<meta property=\"og:image:type\" content=\"image\/png\" \/>\n<meta name=\"author\" content=\"apuntesdesanluis.com\" \/>\n<meta name=\"twitter:card\" content=\"summary_large_image\" \/>\n<meta name=\"twitter:label1\" content=\"Escrito por\" \/>\n\t<meta name=\"twitter:data1\" content=\"apuntesdesanluis.com\" \/>\n\t<meta name=\"twitter:label2\" content=\"Tiempo de lectura\" \/>\n\t<meta name=\"twitter:data2\" content=\"3 minutos\" \/>\n<script type=\"application\/ld+json\" class=\"yoast-schema-graph\">{\"@context\":\"https:\/\/schema.org\",\"@graph\":[{\"@type\":\"Article\",\"@id\":\"https:\/\/apuntesdesanluis.com\/index.php\/2025\/02\/24\/el-paro-docente-y-la-ministra-bullrich\/#article\",\"isPartOf\":{\"@id\":\"https:\/\/apuntesdesanluis.com\/index.php\/2025\/02\/24\/el-paro-docente-y-la-ministra-bullrich\/\"},\"author\":{\"name\":\"apuntesdesanluis.com\",\"@id\":\"https:\/\/apuntesdesanluis.com\/#\/schema\/person\/b55151d52296fcce64d1a72538a70b90\"},\"headline\":\"EL PARO DOCENTE Y LA MINISTRA BULLRICH\",\"datePublished\":\"2025-02-25T01:14:01+00:00\",\"mainEntityOfPage\":{\"@id\":\"https:\/\/apuntesdesanluis.com\/index.php\/2025\/02\/24\/el-paro-docente-y-la-ministra-bullrich\/\"},\"wordCount\":557,\"publisher\":{\"@id\":\"https:\/\/apuntesdesanluis.com\/#\/schema\/person\/b55151d52296fcce64d1a72538a70b90\"},\"image\":{\"@id\":\"https:\/\/apuntesdesanluis.com\/index.php\/2025\/02\/24\/el-paro-docente-y-la-ministra-bullrich\/#primaryimage\"},\"thumbnailUrl\":\"https:\/\/apuntesdesanluis.com\/wp-content\/uploads\/2025\/02\/BULLRICH.png\",\"articleSection\":[\"Opini\u00f3n\"],\"inLanguage\":\"es-AR\"},{\"@type\":\"WebPage\",\"@id\":\"https:\/\/apuntesdesanluis.com\/index.php\/2025\/02\/24\/el-paro-docente-y-la-ministra-bullrich\/\",\"url\":\"https:\/\/apuntesdesanluis.com\/index.php\/2025\/02\/24\/el-paro-docente-y-la-ministra-bullrich\/\",\"name\":\"EL PARO DOCENTE Y LA MINISTRA BULLRICH - Apuntes de San Luis\",\"isPartOf\":{\"@id\":\"https:\/\/apuntesdesanluis.com\/#website\"},\"primaryImageOfPage\":{\"@id\":\"https:\/\/apuntesdesanluis.com\/index.php\/2025\/02\/24\/el-paro-docente-y-la-ministra-bullrich\/#primaryimage\"},\"image\":{\"@id\":\"https:\/\/apuntesdesanluis.com\/index.php\/2025\/02\/24\/el-paro-docente-y-la-ministra-bullrich\/#primaryimage\"},\"thumbnailUrl\":\"https:\/\/apuntesdesanluis.com\/wp-content\/uploads\/2025\/02\/BULLRICH.png\",\"datePublished\":\"2025-02-25T01:14:01+00:00\",\"breadcrumb\":{\"@id\":\"https:\/\/apuntesdesanluis.com\/index.php\/2025\/02\/24\/el-paro-docente-y-la-ministra-bullrich\/#breadcrumb\"},\"inLanguage\":\"es-AR\",\"potentialAction\":[{\"@type\":\"ReadAction\",\"target\":[\"https:\/\/apuntesdesanluis.com\/index.php\/2025\/02\/24\/el-paro-docente-y-la-ministra-bullrich\/\"]}]},{\"@type\":\"ImageObject\",\"inLanguage\":\"es-AR\",\"@id\":\"https:\/\/apuntesdesanluis.com\/index.php\/2025\/02\/24\/el-paro-docente-y-la-ministra-bullrich\/#primaryimage\",\"url\":\"https:\/\/apuntesdesanluis.com\/wp-content\/uploads\/2025\/02\/BULLRICH.png\",\"contentUrl\":\"https:\/\/apuntesdesanluis.com\/wp-content\/uploads\/2025\/02\/BULLRICH.png\",\"width\":653,\"height\":344},{\"@type\":\"BreadcrumbList\",\"@id\":\"https:\/\/apuntesdesanluis.com\/index.php\/2025\/02\/24\/el-paro-docente-y-la-ministra-bullrich\/#breadcrumb\",\"itemListElement\":[{\"@type\":\"ListItem\",\"position\":1,\"name\":\"Inicio\",\"item\":\"https:\/\/apuntesdesanluis.com\/\"},{\"@type\":\"ListItem\",\"position\":2,\"name\":\"EL PARO DOCENTE Y LA MINISTRA BULLRICH\"}]},{\"@type\":\"WebSite\",\"@id\":\"https:\/\/apuntesdesanluis.com\/#website\",\"url\":\"https:\/\/apuntesdesanluis.com\/\",\"name\":\"Apuntes de San Luis\",\"description\":\"\",\"publisher\":{\"@id\":\"https:\/\/apuntesdesanluis.com\/#\/schema\/person\/b55151d52296fcce64d1a72538a70b90\"},\"potentialAction\":[{\"@type\":\"SearchAction\",\"target\":{\"@type\":\"EntryPoint\",\"urlTemplate\":\"https:\/\/apuntesdesanluis.com\/?s={search_term_string}\"},\"query-input\":{\"@type\":\"PropertyValueSpecification\",\"valueRequired\":true,\"valueName\":\"search_term_string\"}}],\"inLanguage\":\"es-AR\"},{\"@type\":[\"Person\",\"Organization\"],\"@id\":\"https:\/\/apuntesdesanluis.com\/#\/schema\/person\/b55151d52296fcce64d1a72538a70b90\",\"name\":\"apuntesdesanluis.com\",\"image\":{\"@type\":\"ImageObject\",\"inLanguage\":\"es-AR\",\"@id\":\"https:\/\/apuntesdesanluis.com\/#\/schema\/person\/image\/\",\"url\":\"https:\/\/apuntesdesanluis.com\/wp-content\/uploads\/2023\/07\/cropped-apuntesdesanluis.png\",\"contentUrl\":\"https:\/\/apuntesdesanluis.com\/wp-content\/uploads\/2023\/07\/cropped-apuntesdesanluis.png\",\"width\":450,\"height\":112,\"caption\":\"apuntesdesanluis.com\"},\"logo\":{\"@id\":\"https:\/\/apuntesdesanluis.com\/#\/schema\/person\/image\/\"},\"sameAs\":[\"https:\/\/apuntesdesanluis.com\"],\"url\":\"https:\/\/apuntesdesanluis.com\/index.php\/author\/apuntesdesanluis-com\/\"}]}<\/script>\n<!-- \/ Yoast SEO plugin. -->","yoast_head_json":{"title":"EL PARO DOCENTE Y LA MINISTRA BULLRICH - Apuntes de San Luis","robots":{"index":"index","follow":"follow","max-snippet":"max-snippet:-1","max-image-preview":"max-image-preview:large","max-video-preview":"max-video-preview:-1"},"canonical":"https:\/\/apuntesdesanluis.com\/index.php\/2025\/02\/24\/el-paro-docente-y-la-ministra-bullrich\/","og_locale":"es_ES","og_type":"article","og_title":"EL PARO DOCENTE Y LA MINISTRA BULLRICH - Apuntes de San Luis","og_description":"Por Luis Alberto &#8220;Tochi&#8221; Moreno * En doce provincias m\u00e1s la Ciudad de Buenos Aires,...","og_url":"https:\/\/apuntesdesanluis.com\/index.php\/2025\/02\/24\/el-paro-docente-y-la-ministra-bullrich\/","og_site_name":"Apuntes de San Luis","article_published_time":"2025-02-25T01:14:01+00:00","og_image":[{"width":653,"height":344,"url":"https:\/\/apuntesdesanluis.com\/wp-content\/uploads\/2025\/02\/BULLRICH.png","type":"image\/png"}],"author":"apuntesdesanluis.com","twitter_card":"summary_large_image","twitter_misc":{"Escrito por":"apuntesdesanluis.com","Tiempo de lectura":"3 minutos"},"schema":{"@context":"https:\/\/schema.org","@graph":[{"@type":"Article","@id":"https:\/\/apuntesdesanluis.com\/index.php\/2025\/02\/24\/el-paro-docente-y-la-ministra-bullrich\/#article","isPartOf":{"@id":"https:\/\/apuntesdesanluis.com\/index.php\/2025\/02\/24\/el-paro-docente-y-la-ministra-bullrich\/"},"author":{"name":"apuntesdesanluis.com","@id":"https:\/\/apuntesdesanluis.com\/#\/schema\/person\/b55151d52296fcce64d1a72538a70b90"},"headline":"EL PARO DOCENTE Y LA MINISTRA BULLRICH","datePublished":"2025-02-25T01:14:01+00:00","mainEntityOfPage":{"@id":"https:\/\/apuntesdesanluis.com\/index.php\/2025\/02\/24\/el-paro-docente-y-la-ministra-bullrich\/"},"wordCount":557,"publisher":{"@id":"https:\/\/apuntesdesanluis.com\/#\/schema\/person\/b55151d52296fcce64d1a72538a70b90"},"image":{"@id":"https:\/\/apuntesdesanluis.com\/index.php\/2025\/02\/24\/el-paro-docente-y-la-ministra-bullrich\/#primaryimage"},"thumbnailUrl":"https:\/\/apuntesdesanluis.com\/wp-content\/uploads\/2025\/02\/BULLRICH.png","articleSection":["Opini\u00f3n"],"inLanguage":"es-AR"},{"@type":"WebPage","@id":"https:\/\/apuntesdesanluis.com\/index.php\/2025\/02\/24\/el-paro-docente-y-la-ministra-bullrich\/","url":"https:\/\/apuntesdesanluis.com\/index.php\/2025\/02\/24\/el-paro-docente-y-la-ministra-bullrich\/","name":"EL PARO DOCENTE Y LA MINISTRA BULLRICH - Apuntes de San Luis","isPartOf":{"@id":"https:\/\/apuntesdesanluis.com\/#website"},"primaryImageOfPage":{"@id":"https:\/\/apuntesdesanluis.com\/index.php\/2025\/02\/24\/el-paro-docente-y-la-ministra-bullrich\/#primaryimage"},"image":{"@id":"https:\/\/apuntesdesanluis.com\/index.php\/2025\/02\/24\/el-paro-docente-y-la-ministra-bullrich\/#primaryimage"},"thumbnailUrl":"https:\/\/apuntesdesanluis.com\/wp-content\/uploads\/2025\/02\/BULLRICH.png","datePublished":"2025-02-25T01:14:01+00:00","breadcrumb":{"@id":"https:\/\/apuntesdesanluis.com\/index.php\/2025\/02\/24\/el-paro-docente-y-la-ministra-bullrich\/#breadcrumb"},"inLanguage":"es-AR","potentialAction":[{"@type":"ReadAction","target":["https:\/\/apuntesdesanluis.com\/index.php\/2025\/02\/24\/el-paro-docente-y-la-ministra-bullrich\/"]}]},{"@type":"ImageObject","inLanguage":"es-AR","@id":"https:\/\/apuntesdesanluis.com\/index.php\/2025\/02\/24\/el-paro-docente-y-la-ministra-bullrich\/#primaryimage","url":"https:\/\/apuntesdesanluis.com\/wp-content\/uploads\/2025\/02\/BULLRICH.png","contentUrl":"https:\/\/apuntesdesanluis.com\/wp-content\/uploads\/2025\/02\/BULLRICH.png","width":653,"height":344},{"@type":"BreadcrumbList","@id":"https:\/\/apuntesdesanluis.com\/index.php\/2025\/02\/24\/el-paro-docente-y-la-ministra-bullrich\/#breadcrumb","itemListElement":[{"@type":"ListItem","position":1,"name":"Inicio","item":"https:\/\/apuntesdesanluis.com\/"},{"@type":"ListItem","position":2,"name":"EL PARO DOCENTE Y LA MINISTRA BULLRICH"}]},{"@type":"WebSite","@id":"https:\/\/apuntesdesanluis.com\/#website","url":"https:\/\/apuntesdesanluis.com\/","name":"Apuntes de San Luis","description":"","publisher":{"@id":"https:\/\/apuntesdesanluis.com\/#\/schema\/person\/b55151d52296fcce64d1a72538a70b90"},"potentialAction":[{"@type":"SearchAction","target":{"@type":"EntryPoint","urlTemplate":"https:\/\/apuntesdesanluis.com\/?s={search_term_string}"},"query-input":{"@type":"PropertyValueSpecification","valueRequired":true,"valueName":"search_term_string"}}],"inLanguage":"es-AR"},{"@type":["Person","Organization"],"@id":"https:\/\/apuntesdesanluis.com\/#\/schema\/person\/b55151d52296fcce64d1a72538a70b90","name":"apuntesdesanluis.com","image":{"@type":"ImageObject","inLanguage":"es-AR","@id":"https:\/\/apuntesdesanluis.com\/#\/schema\/person\/image\/","url":"https:\/\/apuntesdesanluis.com\/wp-content\/uploads\/2023\/07\/cropped-apuntesdesanluis.png","contentUrl":"https:\/\/apuntesdesanluis.com\/wp-content\/uploads\/2023\/07\/cropped-apuntesdesanluis.png","width":450,"height":112,"caption":"apuntesdesanluis.com"},"logo":{"@id":"https:\/\/apuntesdesanluis.com\/#\/schema\/person\/image\/"},"sameAs":["https:\/\/apuntesdesanluis.com"],"url":"https:\/\/apuntesdesanluis.com\/index.php\/author\/apuntesdesanluis-com\/"}]}},"featured_image_urls":{"full":["https:\/\/apuntesdesanluis.com\/wp-content\/uploads\/2025\/02\/BULLRICH.png",653,344,false],"thumbnail":["https:\/\/apuntesdesanluis.com\/wp-content\/uploads\/2025\/02\/BULLRICH-150x150.png",150,150,true],"medium":["https:\/\/apuntesdesanluis.com\/wp-content\/uploads\/2025\/02\/BULLRICH-300x158.png",300,158,true],"medium_large":["https:\/\/apuntesdesanluis.com\/wp-content\/uploads\/2025\/02\/BULLRICH.png",640,337,false],"large":["https:\/\/apuntesdesanluis.com\/wp-content\/uploads\/2025\/02\/BULLRICH.png",640,337,false],"1536x1536":["https:\/\/apuntesdesanluis.com\/wp-content\/uploads\/2025\/02\/BULLRICH.png",653,344,false],"2048x2048":["https:\/\/apuntesdesanluis.com\/wp-content\/uploads\/2025\/02\/BULLRICH.png",653,344,false],"newsever-slider-full":["https:\/\/apuntesdesanluis.com\/wp-content\/uploads\/2025\/02\/BULLRICH.png",653,344,false],"newsever-featured":["https:\/\/apuntesdesanluis.com\/wp-content\/uploads\/2025\/02\/BULLRICH.png",653,344,false],"newsever-medium":["https:\/\/apuntesdesanluis.com\/wp-content\/uploads\/2025\/02\/BULLRICH.png",653,344,false]},"author_info":{"display_name":"apuntesdesanluis.com","author_link":"https:\/\/apuntesdesanluis.com\/index.php\/author\/apuntesdesanluis-com\/"},"category_info":"<a href=\"https:\/\/apuntesdesanluis.com\/index.php\/category\/opinion\/\" rel=\"category tag\">Opini\u00f3n<\/a>","tag_info":"Opini\u00f3n","comment_count":"0","_links":{"self":[{"href":"https:\/\/apuntesdesanluis.com\/index.php\/wp-json\/wp\/v2\/posts\/29746","targetHints":{"allow":["GET"]}}],"collection":[{"href":"https:\/\/apuntesdesanluis.com\/index.php\/wp-json\/wp\/v2\/posts"}],"about":[{"href":"https:\/\/apuntesdesanluis.com\/index.php\/wp-json\/wp\/v2\/types\/post"}],"author":[{"embeddable":true,"href":"https:\/\/apuntesdesanluis.com\/index.php\/wp-json\/wp\/v2\/users\/1"}],"replies":[{"embeddable":true,"href":"https:\/\/apuntesdesanluis.com\/index.php\/wp-json\/wp\/v2\/comments?post=29746"}],"version-history":[{"count":1,"href":"https:\/\/apuntesdesanluis.com\/index.php\/wp-json\/wp\/v2\/posts\/29746\/revisions"}],"predecessor-version":[{"id":29748,"href":"https:\/\/apuntesdesanluis.com\/index.php\/wp-json\/wp\/v2\/posts\/29746\/revisions\/29748"}],"wp:featuredmedia":[{"embeddable":true,"href":"https:\/\/apuntesdesanluis.com\/index.php\/wp-json\/wp\/v2\/media\/29747"}],"wp:attachment":[{"href":"https:\/\/apuntesdesanluis.com\/index.php\/wp-json\/wp\/v2\/media?parent=29746"}],"wp:term":[{"taxonomy":"category","embeddable":true,"href":"https:\/\/apuntesdesanluis.com\/index.php\/wp-json\/wp\/v2\/categories?post=29746"},{"taxonomy":"post_tag","embeddable":true,"href":"https:\/\/apuntesdesanluis.com\/index.php\/wp-json\/wp\/v2\/tags?post=29746"}],"curies":[{"name":"wp","href":"https:\/\/api.w.org\/{rel}","templated":true}]}}