{"id":29749,"date":"2025-02-24T22:24:17","date_gmt":"2025-02-25T01:24:17","guid":{"rendered":"https:\/\/apuntesdesanluis.com\/?p=29749"},"modified":"2025-02-24T22:24:17","modified_gmt":"2025-02-25T01:24:17","slug":"argentina-cambio-de-posicion-y-se-abstuvo-de-condenar-a-putin-por-la-invasion-a-ucrania-en-la-onu","status":"publish","type":"post","link":"https:\/\/apuntesdesanluis.com\/index.php\/2025\/02\/24\/argentina-cambio-de-posicion-y-se-abstuvo-de-condenar-a-putin-por-la-invasion-a-ucrania-en-la-onu\/","title":{"rendered":"ARGENTINA CAMBI\u00d3 DE POSICI\u00d3N Y SE ABSTUVO DE CONDENAR A PUTIN POR LA INVASI\u00d3N A UCRANIA EN LA ONU"},"content":{"rendered":"<h3>El Gobierno abandon\u00f3 la postura que hab\u00eda mantenido hasta ahora en el conflicto desde la asunci\u00f3n de <strong>Milei <\/strong>y evit\u00f3 apoyar una resoluci\u00f3n para que <strong>Vladimir Putin<\/strong> retire \u201cde inmediato y sin condiciones\u201d sus tropas del pa\u00eds presidido por Volodimir Zelensky.<\/h3>\n<h3>A contramano de la mayor\u00eda de los pa\u00edses que integran la <strong>Organizaci\u00f3n de Naciones Unidas<\/strong>, la Argentina se abstuvo de votar una resoluci\u00f3n que reclama la salida \u201cde inmediato y sin condiciones\u201d de las tropas del Kremlin de Ucrania.<\/h3>\n<h3>La decisi\u00f3n marca un cambio de postura para el gobierno de Javier Milei, que hasta el momento hab\u00eda respaldado sin medias tintas al presidente ucraniano Volodimir Zelensky.<\/h3>\n<h3>El nuevo posicionamiento argentino surge luego de declaraciones del presidente de los Estados Unidos, <strong>Donald Trump<\/strong>, sobre la guerra, con cuestionamientos al rol de Zelensky.<\/h3>\n<h3>A pesar de la posici\u00f3n que adopt\u00f3 la administraci\u00f3n de Javier Milei, la resoluci\u00f3n fue aprobada en la Asamblea General del cuerpo con 93 votos a favor, 18 en contra y 65 que se mantuvieron neutrales.<\/h3>\n<h3>La gesti\u00f3n libertaria tom\u00f3 el mismo camino que otros pa\u00edses de la regi\u00f3n, como Brasil, Colombia, Paraguay, Costa Rica, Cuba, Rep\u00fablica Dominicana, El Salvador y Honduras.<\/h3>\n<h3>En tanto, quienes rechazaron la medida fueron los Estados Unidos, Israel, Nicaragua, Bielorrusia, Burkina Faso y Hungr\u00eda, entre otros.<\/h3>\n<h3>Seg\u00fan argumentaron fuentes diplom\u00e1ticas, el gobierno argentino consider\u00f3 que votar por el rechazo de la resoluci\u00f3n -como lo hizo EEUU- hubiera sido un acto \u201cmuy fuerte\u201d y por lo tanto eligieron la abstenci\u00f3n con el objetivo de \u201cequilibrar\u201d las relaciones entre las partes. Sin embargo, en el plano internacional la Argentina qued\u00f3 parada entre los pa\u00edses que no quisieron condenar al r\u00e9gimen ruso que invadi\u00f3 a Ucrania hace ya tres a\u00f1os.<\/h3>\n<h3>La resoluci\u00f3n exige que Rusia retire \u201cde inmediato, por completo y sin condiciones, todas sus fuerzas militares\u201d de Ucrania y reitera el \u201ccompromiso con la soberan\u00eda, la independencia, la unidad y la integridad territorial\u201d del pa\u00eds que est\u00e1 siendo atacado.<\/h3>\n<h3>El proyecto de resoluci\u00f3n paralelo preparado por Estados Unidos, que inicialmente ped\u00eda un final r\u00e1pido del conflicto sin hacer referencia a la integridad territorial de Ucrania, fue modificado sustancialmente por la adopci\u00f3n de varias enmiendas de pa\u00edses europeos que introduc\u00edan esta referencia a la integridad territorial y ped\u00edan una \u201cpaz justa\u201d.<\/h3>\n<h3>Recientemente, Trump mostr\u00f3 un cambio en la pol\u00edtica norteamericana al cuestionar en duros t\u00e9rminos al mandatario ucraniano, Volodomir Zelensky, al que calific\u00f3 como un \u201cdictador\u201d que se est\u00e1 aprovechando de la ayuda estadounidense.<\/h3>\n<h3>\u201cM\u00e1s vale que se mueva r\u00e1pido o no le va a quedar pa\u00eds. Se niega a tener elecciones, est\u00e1 muy bajo en las encuestas ucranianas, y en lo \u00fanico que era bueno era en tocar a Biden \u2018como un viol\u00edn\u2019\u201d, sostuvo el presidente de EEUU.<\/h3>\n<h3>En junio del a\u00f1o pasado, luego de haber participado del G7 en Italia, Milei se traslad\u00f3 hasta Suiza para asistir a la Cumbre Global por la Paz, donde adem\u00e1s mantuvo una bilateral con Zelensky.<\/h3>\n<h3>El encuentro se realiz\u00f3 luego del evento del que participaron los 50 l\u00edderes mundiales, convocados con el objetivo de reclamar por el cese de las agresiones de Rusia al territorio ucraniano y el fin de la guerra.<\/h3>\n<h3>En aquella ocasi\u00f3n, el jefe de Estado argentino recibi\u00f3 La Orden de la Libertad por parte de los organizadores de esa actividad, una medalla que se concede por m\u00e9ritos especiales a la hora de reforzar la soberan\u00eda y la independencia de Ucrania.<\/h3>\n<h3>\u201cNosotros apoyamos a Ucrania y creemos que nadie tiene derecho a invadir a otro pa\u00eds y ac\u00e1 hay claramente un invasor que es Rusia y alguien que fue invadido y atacado que es el caso de Ucrania\u201d, dijo aquella vez Milei.<\/h3>\n<h3>En este sentido, se\u00f1al\u00f3 que \u201ccomo defensores de la libertad\u201d, los argentinos no pueden abogar por otra cosa m\u00e1s que la paz entre los pueblos y las naciones libres. \u201cComo soy un ferviente creyente en la conciencia filos\u00f3fica que hay del liberalismo y la paz, hago hoy este breve alegato a su defensa, ya que estas ideas parecen haber pasado de moda. Creo que es un paso importante para la Argentina hacernos presentes primero en la cumbre del g7 y luego aqu\u00ed en esta cumbre por la paz\u201d, continu\u00f3.<\/h3>\n<p>&nbsp;<\/p>\n<p>&nbsp;<\/p>\n<p>&nbsp;<\/p>\n<h3><\/h3>\n<p>&nbsp;<\/p>\n<p>&nbsp;<\/p>\n","protected":false},"excerpt":{"rendered":"<p>El Gobierno abandon\u00f3 la postura que hab\u00eda mantenido hasta ahora en el conflicto desde la&#8230;<\/p>\n","protected":false},"author":1,"featured_media":29750,"comment_status":"closed","ping_status":"closed","sticky":false,"template":"","format":"standard","meta":{"footnotes":""},"categories":[5],"tags":[],"class_list":["post-29749","post","type-post","status-publish","format-standard","has-post-thumbnail","hentry","category-nacionales-internacionales"],"yoast_head":"<!-- This site is optimized with the Yoast SEO plugin v26.1.1 - https:\/\/yoast.com\/wordpress\/plugins\/seo\/ -->\n<title>ARGENTINA CAMBI\u00d3 DE POSICI\u00d3N Y SE ABSTUVO DE CONDENAR A PUTIN POR LA INVASI\u00d3N A UCRANIA EN LA ONU - Apuntes de San Luis<\/title>\n<meta name=\"robots\" content=\"index, follow, max-snippet:-1, max-image-preview:large, max-video-preview:-1\" \/>\n<link rel=\"canonical\" href=\"https:\/\/apuntesdesanluis.com\/index.php\/2025\/02\/24\/argentina-cambio-de-posicion-y-se-abstuvo-de-condenar-a-putin-por-la-invasion-a-ucrania-en-la-onu\/\" \/>\n<meta property=\"og:locale\" content=\"es_ES\" \/>\n<meta property=\"og:type\" content=\"article\" \/>\n<meta property=\"og:title\" content=\"ARGENTINA CAMBI\u00d3 DE POSICI\u00d3N Y SE ABSTUVO DE CONDENAR A PUTIN POR LA INVASI\u00d3N A UCRANIA EN LA ONU - Apuntes de San Luis\" \/>\n<meta property=\"og:description\" content=\"El Gobierno abandon\u00f3 la postura que hab\u00eda mantenido hasta ahora en el conflicto desde la...\" \/>\n<meta property=\"og:url\" content=\"https:\/\/apuntesdesanluis.com\/index.php\/2025\/02\/24\/argentina-cambio-de-posicion-y-se-abstuvo-de-condenar-a-putin-por-la-invasion-a-ucrania-en-la-onu\/\" \/>\n<meta property=\"og:site_name\" content=\"Apuntes de San Luis\" \/>\n<meta property=\"article:published_time\" content=\"2025-02-25T01:24:17+00:00\" \/>\n<meta property=\"og:image\" content=\"https:\/\/apuntesdesanluis.com\/wp-content\/uploads\/2025\/02\/PUTIN.png\" \/>\n\t<meta property=\"og:image:width\" content=\"700\" \/>\n\t<meta property=\"og:image:height\" content=\"452\" \/>\n\t<meta property=\"og:image:type\" content=\"image\/png\" \/>\n<meta name=\"author\" content=\"apuntesdesanluis.com\" \/>\n<meta name=\"twitter:card\" content=\"summary_large_image\" \/>\n<meta name=\"twitter:label1\" content=\"Escrito por\" \/>\n\t<meta name=\"twitter:data1\" content=\"apuntesdesanluis.com\" \/>\n\t<meta name=\"twitter:label2\" content=\"Tiempo de lectura\" \/>\n\t<meta name=\"twitter:data2\" content=\"4 minutos\" \/>\n<script type=\"application\/ld+json\" class=\"yoast-schema-graph\">{\"@context\":\"https:\/\/schema.org\",\"@graph\":[{\"@type\":\"Article\",\"@id\":\"https:\/\/apuntesdesanluis.com\/index.php\/2025\/02\/24\/argentina-cambio-de-posicion-y-se-abstuvo-de-condenar-a-putin-por-la-invasion-a-ucrania-en-la-onu\/#article\",\"isPartOf\":{\"@id\":\"https:\/\/apuntesdesanluis.com\/index.php\/2025\/02\/24\/argentina-cambio-de-posicion-y-se-abstuvo-de-condenar-a-putin-por-la-invasion-a-ucrania-en-la-onu\/\"},\"author\":{\"name\":\"apuntesdesanluis.com\",\"@id\":\"https:\/\/apuntesdesanluis.com\/#\/schema\/person\/b55151d52296fcce64d1a72538a70b90\"},\"headline\":\"ARGENTINA CAMBI\u00d3 DE POSICI\u00d3N Y SE ABSTUVO DE CONDENAR A PUTIN POR LA INVASI\u00d3N A UCRANIA EN LA ONU\",\"datePublished\":\"2025-02-25T01:24:17+00:00\",\"mainEntityOfPage\":{\"@id\":\"https:\/\/apuntesdesanluis.com\/index.php\/2025\/02\/24\/argentina-cambio-de-posicion-y-se-abstuvo-de-condenar-a-putin-por-la-invasion-a-ucrania-en-la-onu\/\"},\"wordCount\":769,\"publisher\":{\"@id\":\"https:\/\/apuntesdesanluis.com\/#\/schema\/person\/b55151d52296fcce64d1a72538a70b90\"},\"image\":{\"@id\":\"https:\/\/apuntesdesanluis.com\/index.php\/2025\/02\/24\/argentina-cambio-de-posicion-y-se-abstuvo-de-condenar-a-putin-por-la-invasion-a-ucrania-en-la-onu\/#primaryimage\"},\"thumbnailUrl\":\"https:\/\/apuntesdesanluis.com\/wp-content\/uploads\/2025\/02\/PUTIN.png\",\"articleSection\":[\"Nacionales\/Internacionales\"],\"inLanguage\":\"es-AR\"},{\"@type\":\"WebPage\",\"@id\":\"https:\/\/apuntesdesanluis.com\/index.php\/2025\/02\/24\/argentina-cambio-de-posicion-y-se-abstuvo-de-condenar-a-putin-por-la-invasion-a-ucrania-en-la-onu\/\",\"url\":\"https:\/\/apuntesdesanluis.com\/index.php\/2025\/02\/24\/argentina-cambio-de-posicion-y-se-abstuvo-de-condenar-a-putin-por-la-invasion-a-ucrania-en-la-onu\/\",\"name\":\"ARGENTINA CAMBI\u00d3 DE POSICI\u00d3N Y SE ABSTUVO DE CONDENAR A PUTIN POR LA INVASI\u00d3N A UCRANIA EN LA ONU - Apuntes de San Luis\",\"isPartOf\":{\"@id\":\"https:\/\/apuntesdesanluis.com\/#website\"},\"primaryImageOfPage\":{\"@id\":\"https:\/\/apuntesdesanluis.com\/index.php\/2025\/02\/24\/argentina-cambio-de-posicion-y-se-abstuvo-de-condenar-a-putin-por-la-invasion-a-ucrania-en-la-onu\/#primaryimage\"},\"image\":{\"@id\":\"https:\/\/apuntesdesanluis.com\/index.php\/2025\/02\/24\/argentina-cambio-de-posicion-y-se-abstuvo-de-condenar-a-putin-por-la-invasion-a-ucrania-en-la-onu\/#primaryimage\"},\"thumbnailUrl\":\"https:\/\/apuntesdesanluis.com\/wp-content\/uploads\/2025\/02\/PUTIN.png\",\"datePublished\":\"2025-02-25T01:24:17+00:00\",\"breadcrumb\":{\"@id\":\"https:\/\/apuntesdesanluis.com\/index.php\/2025\/02\/24\/argentina-cambio-de-posicion-y-se-abstuvo-de-condenar-a-putin-por-la-invasion-a-ucrania-en-la-onu\/#breadcrumb\"},\"inLanguage\":\"es-AR\",\"potentialAction\":[{\"@type\":\"ReadAction\",\"target\":[\"https:\/\/apuntesdesanluis.com\/index.php\/2025\/02\/24\/argentina-cambio-de-posicion-y-se-abstuvo-de-condenar-a-putin-por-la-invasion-a-ucrania-en-la-onu\/\"]}]},{\"@type\":\"ImageObject\",\"inLanguage\":\"es-AR\",\"@id\":\"https:\/\/apuntesdesanluis.com\/index.php\/2025\/02\/24\/argentina-cambio-de-posicion-y-se-abstuvo-de-condenar-a-putin-por-la-invasion-a-ucrania-en-la-onu\/#primaryimage\",\"url\":\"https:\/\/apuntesdesanluis.com\/wp-content\/uploads\/2025\/02\/PUTIN.png\",\"contentUrl\":\"https:\/\/apuntesdesanluis.com\/wp-content\/uploads\/2025\/02\/PUTIN.png\",\"width\":700,\"height\":452},{\"@type\":\"BreadcrumbList\",\"@id\":\"https:\/\/apuntesdesanluis.com\/index.php\/2025\/02\/24\/argentina-cambio-de-posicion-y-se-abstuvo-de-condenar-a-putin-por-la-invasion-a-ucrania-en-la-onu\/#breadcrumb\",\"itemListElement\":[{\"@type\":\"ListItem\",\"position\":1,\"name\":\"Inicio\",\"item\":\"https:\/\/apuntesdesanluis.com\/\"},{\"@type\":\"ListItem\",\"position\":2,\"name\":\"ARGENTINA CAMBI\u00d3 DE POSICI\u00d3N Y SE ABSTUVO DE CONDENAR A PUTIN POR LA INVASI\u00d3N A UCRANIA EN LA ONU\"}]},{\"@type\":\"WebSite\",\"@id\":\"https:\/\/apuntesdesanluis.com\/#website\",\"url\":\"https:\/\/apuntesdesanluis.com\/\",\"name\":\"Apuntes de San Luis\",\"description\":\"\",\"publisher\":{\"@id\":\"https:\/\/apuntesdesanluis.com\/#\/schema\/person\/b55151d52296fcce64d1a72538a70b90\"},\"potentialAction\":[{\"@type\":\"SearchAction\",\"target\":{\"@type\":\"EntryPoint\",\"urlTemplate\":\"https:\/\/apuntesdesanluis.com\/?s={search_term_string}\"},\"query-input\":{\"@type\":\"PropertyValueSpecification\",\"valueRequired\":true,\"valueName\":\"search_term_string\"}}],\"inLanguage\":\"es-AR\"},{\"@type\":[\"Person\",\"Organization\"],\"@id\":\"https:\/\/apuntesdesanluis.com\/#\/schema\/person\/b55151d52296fcce64d1a72538a70b90\",\"name\":\"apuntesdesanluis.com\",\"image\":{\"@type\":\"ImageObject\",\"inLanguage\":\"es-AR\",\"@id\":\"https:\/\/apuntesdesanluis.com\/#\/schema\/person\/image\/\",\"url\":\"https:\/\/apuntesdesanluis.com\/wp-content\/uploads\/2023\/07\/cropped-apuntesdesanluis.png\",\"contentUrl\":\"https:\/\/apuntesdesanluis.com\/wp-content\/uploads\/2023\/07\/cropped-apuntesdesanluis.png\",\"width\":450,\"height\":112,\"caption\":\"apuntesdesanluis.com\"},\"logo\":{\"@id\":\"https:\/\/apuntesdesanluis.com\/#\/schema\/person\/image\/\"},\"sameAs\":[\"https:\/\/apuntesdesanluis.com\"],\"url\":\"https:\/\/apuntesdesanluis.com\/index.php\/author\/apuntesdesanluis-com\/\"}]}<\/script>\n<!-- \/ Yoast SEO plugin. -->","yoast_head_json":{"title":"ARGENTINA CAMBI\u00d3 DE POSICI\u00d3N Y SE ABSTUVO DE CONDENAR A PUTIN POR LA INVASI\u00d3N A UCRANIA EN LA ONU - Apuntes de San Luis","robots":{"index":"index","follow":"follow","max-snippet":"max-snippet:-1","max-image-preview":"max-image-preview:large","max-video-preview":"max-video-preview:-1"},"canonical":"https:\/\/apuntesdesanluis.com\/index.php\/2025\/02\/24\/argentina-cambio-de-posicion-y-se-abstuvo-de-condenar-a-putin-por-la-invasion-a-ucrania-en-la-onu\/","og_locale":"es_ES","og_type":"article","og_title":"ARGENTINA CAMBI\u00d3 DE POSICI\u00d3N Y SE ABSTUVO DE CONDENAR A PUTIN POR LA INVASI\u00d3N A UCRANIA EN LA ONU - Apuntes de San Luis","og_description":"El Gobierno abandon\u00f3 la postura que hab\u00eda mantenido hasta ahora en el conflicto desde la...","og_url":"https:\/\/apuntesdesanluis.com\/index.php\/2025\/02\/24\/argentina-cambio-de-posicion-y-se-abstuvo-de-condenar-a-putin-por-la-invasion-a-ucrania-en-la-onu\/","og_site_name":"Apuntes de San Luis","article_published_time":"2025-02-25T01:24:17+00:00","og_image":[{"width":700,"height":452,"url":"https:\/\/apuntesdesanluis.com\/wp-content\/uploads\/2025\/02\/PUTIN.png","type":"image\/png"}],"author":"apuntesdesanluis.com","twitter_card":"summary_large_image","twitter_misc":{"Escrito por":"apuntesdesanluis.com","Tiempo de lectura":"4 minutos"},"schema":{"@context":"https:\/\/schema.org","@graph":[{"@type":"Article","@id":"https:\/\/apuntesdesanluis.com\/index.php\/2025\/02\/24\/argentina-cambio-de-posicion-y-se-abstuvo-de-condenar-a-putin-por-la-invasion-a-ucrania-en-la-onu\/#article","isPartOf":{"@id":"https:\/\/apuntesdesanluis.com\/index.php\/2025\/02\/24\/argentina-cambio-de-posicion-y-se-abstuvo-de-condenar-a-putin-por-la-invasion-a-ucrania-en-la-onu\/"},"author":{"name":"apuntesdesanluis.com","@id":"https:\/\/apuntesdesanluis.com\/#\/schema\/person\/b55151d52296fcce64d1a72538a70b90"},"headline":"ARGENTINA CAMBI\u00d3 DE POSICI\u00d3N Y SE ABSTUVO DE CONDENAR A PUTIN POR LA INVASI\u00d3N A UCRANIA EN LA ONU","datePublished":"2025-02-25T01:24:17+00:00","mainEntityOfPage":{"@id":"https:\/\/apuntesdesanluis.com\/index.php\/2025\/02\/24\/argentina-cambio-de-posicion-y-se-abstuvo-de-condenar-a-putin-por-la-invasion-a-ucrania-en-la-onu\/"},"wordCount":769,"publisher":{"@id":"https:\/\/apuntesdesanluis.com\/#\/schema\/person\/b55151d52296fcce64d1a72538a70b90"},"image":{"@id":"https:\/\/apuntesdesanluis.com\/index.php\/2025\/02\/24\/argentina-cambio-de-posicion-y-se-abstuvo-de-condenar-a-putin-por-la-invasion-a-ucrania-en-la-onu\/#primaryimage"},"thumbnailUrl":"https:\/\/apuntesdesanluis.com\/wp-content\/uploads\/2025\/02\/PUTIN.png","articleSection":["Nacionales\/Internacionales"],"inLanguage":"es-AR"},{"@type":"WebPage","@id":"https:\/\/apuntesdesanluis.com\/index.php\/2025\/02\/24\/argentina-cambio-de-posicion-y-se-abstuvo-de-condenar-a-putin-por-la-invasion-a-ucrania-en-la-onu\/","url":"https:\/\/apuntesdesanluis.com\/index.php\/2025\/02\/24\/argentina-cambio-de-posicion-y-se-abstuvo-de-condenar-a-putin-por-la-invasion-a-ucrania-en-la-onu\/","name":"ARGENTINA CAMBI\u00d3 DE POSICI\u00d3N Y SE ABSTUVO DE CONDENAR A PUTIN POR LA INVASI\u00d3N A UCRANIA EN LA ONU - Apuntes de San Luis","isPartOf":{"@id":"https:\/\/apuntesdesanluis.com\/#website"},"primaryImageOfPage":{"@id":"https:\/\/apuntesdesanluis.com\/index.php\/2025\/02\/24\/argentina-cambio-de-posicion-y-se-abstuvo-de-condenar-a-putin-por-la-invasion-a-ucrania-en-la-onu\/#primaryimage"},"image":{"@id":"https:\/\/apuntesdesanluis.com\/index.php\/2025\/02\/24\/argentina-cambio-de-posicion-y-se-abstuvo-de-condenar-a-putin-por-la-invasion-a-ucrania-en-la-onu\/#primaryimage"},"thumbnailUrl":"https:\/\/apuntesdesanluis.com\/wp-content\/uploads\/2025\/02\/PUTIN.png","datePublished":"2025-02-25T01:24:17+00:00","breadcrumb":{"@id":"https:\/\/apuntesdesanluis.com\/index.php\/2025\/02\/24\/argentina-cambio-de-posicion-y-se-abstuvo-de-condenar-a-putin-por-la-invasion-a-ucrania-en-la-onu\/#breadcrumb"},"inLanguage":"es-AR","potentialAction":[{"@type":"ReadAction","target":["https:\/\/apuntesdesanluis.com\/index.php\/2025\/02\/24\/argentina-cambio-de-posicion-y-se-abstuvo-de-condenar-a-putin-por-la-invasion-a-ucrania-en-la-onu\/"]}]},{"@type":"ImageObject","inLanguage":"es-AR","@id":"https:\/\/apuntesdesanluis.com\/index.php\/2025\/02\/24\/argentina-cambio-de-posicion-y-se-abstuvo-de-condenar-a-putin-por-la-invasion-a-ucrania-en-la-onu\/#primaryimage","url":"https:\/\/apuntesdesanluis.com\/wp-content\/uploads\/2025\/02\/PUTIN.png","contentUrl":"https:\/\/apuntesdesanluis.com\/wp-content\/uploads\/2025\/02\/PUTIN.png","width":700,"height":452},{"@type":"BreadcrumbList","@id":"https:\/\/apuntesdesanluis.com\/index.php\/2025\/02\/24\/argentina-cambio-de-posicion-y-se-abstuvo-de-condenar-a-putin-por-la-invasion-a-ucrania-en-la-onu\/#breadcrumb","itemListElement":[{"@type":"ListItem","position":1,"name":"Inicio","item":"https:\/\/apuntesdesanluis.com\/"},{"@type":"ListItem","position":2,"name":"ARGENTINA CAMBI\u00d3 DE POSICI\u00d3N Y SE ABSTUVO DE CONDENAR A PUTIN POR LA INVASI\u00d3N A UCRANIA EN LA ONU"}]},{"@type":"WebSite","@id":"https:\/\/apuntesdesanluis.com\/#website","url":"https:\/\/apuntesdesanluis.com\/","name":"Apuntes de San Luis","description":"","publisher":{"@id":"https:\/\/apuntesdesanluis.com\/#\/schema\/person\/b55151d52296fcce64d1a72538a70b90"},"potentialAction":[{"@type":"SearchAction","target":{"@type":"EntryPoint","urlTemplate":"https:\/\/apuntesdesanluis.com\/?s={search_term_string}"},"query-input":{"@type":"PropertyValueSpecification","valueRequired":true,"valueName":"search_term_string"}}],"inLanguage":"es-AR"},{"@type":["Person","Organization"],"@id":"https:\/\/apuntesdesanluis.com\/#\/schema\/person\/b55151d52296fcce64d1a72538a70b90","name":"apuntesdesanluis.com","image":{"@type":"ImageObject","inLanguage":"es-AR","@id":"https:\/\/apuntesdesanluis.com\/#\/schema\/person\/image\/","url":"https:\/\/apuntesdesanluis.com\/wp-content\/uploads\/2023\/07\/cropped-apuntesdesanluis.png","contentUrl":"https:\/\/apuntesdesanluis.com\/wp-content\/uploads\/2023\/07\/cropped-apuntesdesanluis.png","width":450,"height":112,"caption":"apuntesdesanluis.com"},"logo":{"@id":"https:\/\/apuntesdesanluis.com\/#\/schema\/person\/image\/"},"sameAs":["https:\/\/apuntesdesanluis.com"],"url":"https:\/\/apuntesdesanluis.com\/index.php\/author\/apuntesdesanluis-com\/"}]}},"featured_image_urls":{"full":["https:\/\/apuntesdesanluis.com\/wp-content\/uploads\/2025\/02\/PUTIN.png",700,452,false],"thumbnail":["https:\/\/apuntesdesanluis.com\/wp-content\/uploads\/2025\/02\/PUTIN-150x150.png",150,150,true],"medium":["https:\/\/apuntesdesanluis.com\/wp-content\/uploads\/2025\/02\/PUTIN-300x194.png",300,194,true],"medium_large":["https:\/\/apuntesdesanluis.com\/wp-content\/uploads\/2025\/02\/PUTIN.png",640,413,false],"large":["https:\/\/apuntesdesanluis.com\/wp-content\/uploads\/2025\/02\/PUTIN.png",640,413,false],"1536x1536":["https:\/\/apuntesdesanluis.com\/wp-content\/uploads\/2025\/02\/PUTIN.png",700,452,false],"2048x2048":["https:\/\/apuntesdesanluis.com\/wp-content\/uploads\/2025\/02\/PUTIN.png",700,452,false],"newsever-slider-full":["https:\/\/apuntesdesanluis.com\/wp-content\/uploads\/2025\/02\/PUTIN.png",700,452,false],"newsever-featured":["https:\/\/apuntesdesanluis.com\/wp-content\/uploads\/2025\/02\/PUTIN.png",700,452,false],"newsever-medium":["https:\/\/apuntesdesanluis.com\/wp-content\/uploads\/2025\/02\/PUTIN.png",700,452,false]},"author_info":{"display_name":"apuntesdesanluis.com","author_link":"https:\/\/apuntesdesanluis.com\/index.php\/author\/apuntesdesanluis-com\/"},"category_info":"<a href=\"https:\/\/apuntesdesanluis.com\/index.php\/category\/nacionales-internacionales\/\" rel=\"category tag\">Nacionales\/Internacionales<\/a>","tag_info":"Nacionales\/Internacionales","comment_count":"0","_links":{"self":[{"href":"https:\/\/apuntesdesanluis.com\/index.php\/wp-json\/wp\/v2\/posts\/29749","targetHints":{"allow":["GET"]}}],"collection":[{"href":"https:\/\/apuntesdesanluis.com\/index.php\/wp-json\/wp\/v2\/posts"}],"about":[{"href":"https:\/\/apuntesdesanluis.com\/index.php\/wp-json\/wp\/v2\/types\/post"}],"author":[{"embeddable":true,"href":"https:\/\/apuntesdesanluis.com\/index.php\/wp-json\/wp\/v2\/users\/1"}],"replies":[{"embeddable":true,"href":"https:\/\/apuntesdesanluis.com\/index.php\/wp-json\/wp\/v2\/comments?post=29749"}],"version-history":[{"count":1,"href":"https:\/\/apuntesdesanluis.com\/index.php\/wp-json\/wp\/v2\/posts\/29749\/revisions"}],"predecessor-version":[{"id":29751,"href":"https:\/\/apuntesdesanluis.com\/index.php\/wp-json\/wp\/v2\/posts\/29749\/revisions\/29751"}],"wp:featuredmedia":[{"embeddable":true,"href":"https:\/\/apuntesdesanluis.com\/index.php\/wp-json\/wp\/v2\/media\/29750"}],"wp:attachment":[{"href":"https:\/\/apuntesdesanluis.com\/index.php\/wp-json\/wp\/v2\/media?parent=29749"}],"wp:term":[{"taxonomy":"category","embeddable":true,"href":"https:\/\/apuntesdesanluis.com\/index.php\/wp-json\/wp\/v2\/categories?post=29749"},{"taxonomy":"post_tag","embeddable":true,"href":"https:\/\/apuntesdesanluis.com\/index.php\/wp-json\/wp\/v2\/tags?post=29749"}],"curies":[{"name":"wp","href":"https:\/\/api.w.org\/{rel}","templated":true}]}}