{"id":2975,"date":"2023-09-08T21:19:57","date_gmt":"2023-09-09T00:19:57","guid":{"rendered":"https:\/\/apuntesdesanluis.com\/?p=2975"},"modified":"2023-09-08T21:20:12","modified_gmt":"2023-09-09T00:20:12","slug":"preventiva-para-pareja-de-cordoba-acusada-de-realizar-hurtos-en-vehiculos-con-inhibidores-de-alarma","status":"publish","type":"post","link":"https:\/\/apuntesdesanluis.com\/index.php\/2023\/09\/08\/preventiva-para-pareja-de-cordoba-acusada-de-realizar-hurtos-en-vehiculos-con-inhibidores-de-alarma\/","title":{"rendered":"PREVENTIVA PARA PAREJA DE C\u00d3RDOBA ACUSADA DE REALIZAR HURTOS EN VEH\u00cdCULOS CON INHIBIDORES DE ALARMA"},"content":{"rendered":"<h3 class=\"yiv7409174924ydp6329976emsonormal\" style=\"text-align: justify; background: white;\"><span style=\"font-family: 'Arial','sans-serif'; color: #1d2228;\">Maximiliano L\u00f3pez y Jessica Francia, oriundos de C\u00f3rdoba, fueron trasladados al Servicio Penitenciario Provincial por orden del juez de Garant\u00edas N\u00b0 3 de la ciudad de San Luis, Marcos Flores Leyes. En una audiencia realizada este viernes a la ma\u00f1ana en la Sala de Oralidad N\u00b0 1 de los tribunales puntanos, el magistrado dio por formulados los cargos contra los dos j\u00f3venes y les dict\u00f3 la prisi\u00f3n preventiva por 120 d\u00edas, tal como lo hab\u00eda solicitado la Fiscal\u00eda.<\/span><\/h3>\n<h3 class=\"yiv7409174924ydp6329976emsonormal\" style=\"text-align: justify; background: white;\"><span style=\"font-family: 'Arial','sans-serif'; color: #1d2228;\">A los acusados se les imput\u00f3 el delito de Hurto Calificado en Concurso Real, en calidad de coautores, por cinco hechos que ocurrieron a fines de agosto en distintas playas de estacionamiento de la capital puntana y que fueron captados por las c\u00e1maras del lugar. En la causa hay un tercer sospechoso, de apellido Reinoso, que se encuentra pr\u00f3fugo.<\/span><\/h3>\n<h3 class=\"yiv7409174924ydp6329976emsonormal\" style=\"text-align: justify; background: white;\"><span style=\"font-family: 'Arial','sans-serif'; color: #1d2228;\">La fiscal N\u00ba 4, Mar\u00eda del Valle Dur\u00e1n, acompa\u00f1ada de la fiscal adjunta, Paula Antonella Romagnoli, dijo en su intervenci\u00f3n que exist\u00edan riesgos procesales en la causa, por lo que era necesario cautelar el proceso. \u201cAdem\u00e1s de la existencia de indudables elementos de convicci\u00f3n suficiente respecto de la existencia del hecho y de la autor\u00eda de los imputados; existe el real riesgo de fuga, toda vez que los imputados son de C\u00f3rdoba, con domicilio en esa provincia, sin arraigo ni trabajo en San Luis\u201d, dijo la funcionaria.<\/span><\/h3>\n<h3 class=\"yiv7409174924ydp6329976emsonormal\" style=\"text-align: justify; background: white;\"><span style=\"font-family: 'Arial','sans-serif'; color: #1d2228;\">Estos 120 d\u00edas ordenados por la justicia de Garant\u00edas ser\u00e1 el plazo que tendr\u00e1 el Ministerio P\u00fablico Fiscal para reunir toda su evidencia y culminar con las pruebas pendientes en la causa, sin perjuicio de que puedan solicitar una pr\u00f3rroga. Vale recordar que el tiempo de la prisi\u00f3n preventiva es distinto al tiempo que podr\u00eda recaer en caso de una eventual condena.<\/span><\/h3>\n<h3 class=\"yiv7409174924ydp6329976emsonormal\" style=\"text-align: justify; background: white;\"><span style=\"font-family: 'Arial','sans-serif'; color: #1d2228;\">En ese sentido, la integrante del Ministerio P\u00fablico Fiscal mencion\u00f3 que de acuerdo al dinero que se les secuestr\u00f3, el autom\u00f3vil en el que circulaban \u201cy la posibilidad de hospedarse en un hotel de la categor\u00eda del Punto Lavalle, hace suponer que cuentan con medios econ\u00f3micos para fugarse de la provincia y\/o del pa\u00eds\u201d. Y agreg\u00f3: \u201cdebe tenerse en cuenta, adem\u00e1s, que hay un tercer coautor que se resisti\u00f3 a la detenci\u00f3n y se dio a la fuga, siendo esto un claro peligro de entorpecimiento de la causa\u201d.<\/span><\/h3>\n<h3 class=\"yiv7409174924ydp6329976emsonormal\" style=\"text-align: justify; background: white;\"><span style=\"font-family: 'Arial','sans-serif'; color: #1d2228;\">La defensa de los ambos j\u00f3venes, representada ahora por el abogado Pedro Castro, rechaz\u00f3 la acusaci\u00f3n de la Fiscal\u00eda y solicit\u00f3 la libertad de los acusados durante el proceso y el dictado de una medida coercitiva menos grave que la prisi\u00f3n preventiva. \u201cPedir una preventiva es un anticipo de pena. Mis defendidos carecen de antecedentes y est\u00e1n a disposici\u00f3n de la justicia para lo que sea. Pedimos otro tipo de medidas como por ejemplo la firma del libro de Fiscal\u00eda en San Luis o donde el juez lo ordene; ellos tienen arraigo en esta provincia\u201d, dijo Castro. L\u00f3pez y Francia se abstuvieron de declarar.<\/span><\/h3>\n<h3 class=\"yiv7409174924ydp6329976emsonormal\" style=\"text-align: justify; background: white;\"><span style=\"font-family: 'Arial','sans-serif'; color: #1d2228;\">Luego de escuchar a las partes, Flores Leyes expres\u00f3 que el riesgo de fuga y el entorpecimiento de la investigaci\u00f3n es real y que el arraigo en San Luis no ha sido comprobado, por lo que orden\u00f3 la prisi\u00f3n preventiva por un lapso de cuatro meses mientras contin\u00faa la investigaci\u00f3n. La audiencia de este mi\u00e9rcoles fue la continuidad de la que se celebr\u00f3 el 1\u00b0 de septiembre y donde el abogado defensor de ese momento, Emmanuel Correa Otaz\u00fa, solicit\u00f3 los ocho d\u00edas de pr\u00f3rroga de detenci\u00f3n para estudiar el expediente.<\/span><\/h3>\n<h3 class=\"yiv7409174924ydp6329976emsonormal\" style=\"text-align: justify; background: white;\"><span style=\"font-family: 'Arial','sans-serif'; color: #1d2228;\">LOS HECHOS <\/span><\/h3>\n<h3 class=\"yiv7409174924ydp6329976emsonormal\" style=\"text-align: justify; background: white;\"><span style=\"font-family: 'Arial','sans-serif'; color: #1d2228;\">De acuerdo a la investigaci\u00f3n, el primer hecho sucedi\u00f3 el 29 de agosto a las 17:28 horas. Ese d\u00eda, Francia y L\u00f3pez, junto a Reinoso, se dirigieron en una Volkswagen Sur\u00e1n gris hacia la playa de estacionamiento de un supermercado ubicado en Presidente Per\u00f3n al 1000, y abrieron un veh\u00edculo Toyota Corolla mediante la utilizaci\u00f3n de un inhibidor de se\u00f1al de alarmas y cierres centralizados.<\/span><\/h3>\n<h3 class=\"yiv7409174924ydp6329976emsonormal\" style=\"text-align: justify; background: white;\"><span style=\"font-family: 'Arial','sans-serif'; color: #1d2228;\">Del interior del auto sustrajeron una mochila negra que conten\u00eda una MacBook Pro 13, una billetera con toda la documentaci\u00f3n de la due\u00f1a del rodado y de su hija; un set completo de maquillajes, una campera turquesa, lentes de sol, auriculares, copia de llave del veh\u00edculo y cuadernos.<\/span><\/h3>\n<h3 class=\"yiv7409174924ydp6329976emsonormal\" style=\"text-align: justify; background: white;\"><span style=\"font-family: 'Arial','sans-serif'; color: #1d2228;\">Dos horas despu\u00e9s fueron hasta un hipermercado de la Avenida del Fundador y bajo la misma modalidad abrieron una camioneta Amarok gris y se llevaron dos notebooks marca Lenovo, de acuerdo a la descripci\u00f3n de los hechos realizada por la Fiscal\u00eda.<\/span><\/h3>\n<h3 class=\"yiv7409174924ydp6329976emsonormal\" style=\"text-align: justify; background: white;\"><span style=\"font-family: 'Arial','sans-serif'; color: #1d2228;\">El tercer hecho ocurri\u00f3 presuntamente un d\u00eda despu\u00e9s, entre las 10:30 y las 11 horas, en la playa del supermercado de Avenida Centenario y Riobamba. All\u00ed, con el mismo inhibidor, abrieron un Peugeot 408 y sustrajeron cien mil pesos. Luego, a la tarde, volvieron al s\u00faper de la Avenida Per\u00f3n y sustrajeron de un Toyota Corolla rojo una caja que conten\u00eda perfumes, cremas y productos de cosmetolog\u00eda, valuados en 800 mil pesos.<\/span><\/h3>\n<h3 class=\"yiv7409174924ydp6329976emsonormal\" style=\"text-align: justify; background: white;\"><span style=\"font-family: 'Arial','sans-serif'; color: #1d2228;\">Unas horas despu\u00e9s, cerca de las 20:30, el tr\u00edo volvi\u00f3 al hipermercado y mediante el inhibidor de se\u00f1al sacaron de otro Peugeot 208 blanco, una cartera, ropa, lentes, documentaci\u00f3n y 50 mil pesos.<\/span><\/h3>\n<h3 class=\"yiv7409174924ydp6329976emsonormal\" style=\"text-align: justify; background: white;\"><span style=\"font-family: 'Arial','sans-serif'; color: #1d2228;\">Luego de las tareas investigativas de la polic\u00eda, se identific\u00f3 la Sur\u00e1n donde se movilizaban los tres imputados y se dio la alerta al personal de Brigada de Calle del Departamento de Investigaciones, quienes encuentran el veh\u00edculo en la playa de estacionamiento \u201cSanta Rita\u201d, ubicada en Avenida Presidente Per\u00f3n entre las calles Pedernera y Lavalle.<\/span><\/h3>\n<h3 class=\"yiv7409174924ydp6329976emsonormal\" style=\"text-align: justify; background: white;\"><span style=\"font-family: 'Arial','sans-serif'; color: #1d2228;\">All\u00ed es detenida Francia mientras que Reinoso se da a la fuga. De la inspecci\u00f3n del veh\u00edculo se encuentra un inhibidor de color negro y una llave de hotel Punta Lavalle con el n\u00famero 113; por lo que se dirigen a dicho hotel y encuentran a L\u00f3pez en el momento que intentaba retirarse del lugar con bolsos en los que se encontraron muchos de los elementos denunciados como sustra\u00eddos por los damnificados. Reinoso se hab\u00eda retirado previamente en un taxi.<\/span><\/h3>\n<p>&nbsp;<\/p>\n<p>&nbsp;<\/p>\n<p>&nbsp;<\/p>\n","protected":false},"excerpt":{"rendered":"<p>Maximiliano L\u00f3pez y Jessica Francia, oriundos de C\u00f3rdoba, fueron trasladados al Servicio Penitenciario Provincial por&#8230;<\/p>\n","protected":false},"author":1,"featured_media":2976,"comment_status":"closed","ping_status":"closed","sticky":false,"template":"","format":"standard","meta":{"footnotes":""},"categories":[6],"tags":[],"class_list":["post-2975","post","type-post","status-publish","format-standard","has-post-thumbnail","hentry","category-ciudad-provincia"],"yoast_head":"<!-- This site is optimized with the Yoast SEO plugin v26.1.1 - https:\/\/yoast.com\/wordpress\/plugins\/seo\/ -->\n<title>PREVENTIVA PARA PAREJA DE C\u00d3RDOBA ACUSADA DE REALIZAR HURTOS EN VEH\u00cdCULOS CON INHIBIDORES DE ALARMA - Apuntes de San Luis<\/title>\n<meta name=\"robots\" content=\"index, follow, max-snippet:-1, max-image-preview:large, max-video-preview:-1\" \/>\n<link rel=\"canonical\" href=\"https:\/\/apuntesdesanluis.com\/index.php\/2023\/09\/08\/preventiva-para-pareja-de-cordoba-acusada-de-realizar-hurtos-en-vehiculos-con-inhibidores-de-alarma\/\" \/>\n<meta property=\"og:locale\" content=\"es_ES\" \/>\n<meta property=\"og:type\" content=\"article\" \/>\n<meta property=\"og:title\" content=\"PREVENTIVA PARA PAREJA DE C\u00d3RDOBA ACUSADA DE REALIZAR HURTOS EN VEH\u00cdCULOS CON INHIBIDORES DE ALARMA - Apuntes de San Luis\" \/>\n<meta property=\"og:description\" content=\"Maximiliano L\u00f3pez y Jessica Francia, oriundos de C\u00f3rdoba, fueron trasladados al Servicio Penitenciario Provincial por...\" \/>\n<meta property=\"og:url\" content=\"https:\/\/apuntesdesanluis.com\/index.php\/2023\/09\/08\/preventiva-para-pareja-de-cordoba-acusada-de-realizar-hurtos-en-vehiculos-con-inhibidores-de-alarma\/\" \/>\n<meta property=\"og:site_name\" content=\"Apuntes de San Luis\" \/>\n<meta property=\"article:published_time\" content=\"2023-09-09T00:19:57+00:00\" \/>\n<meta property=\"article:modified_time\" content=\"2023-09-09T00:20:12+00:00\" \/>\n<meta property=\"og:image\" content=\"https:\/\/apuntesdesanluis.com\/wp-content\/uploads\/2023\/09\/AUDIENCIA-3.png\" \/>\n\t<meta property=\"og:image:width\" content=\"937\" \/>\n\t<meta property=\"og:image:height\" content=\"591\" \/>\n\t<meta property=\"og:image:type\" content=\"image\/png\" \/>\n<meta name=\"author\" content=\"apuntesdesanluis.com\" \/>\n<meta name=\"twitter:card\" content=\"summary_large_image\" \/>\n<meta name=\"twitter:label1\" content=\"Escrito por\" \/>\n\t<meta name=\"twitter:data1\" content=\"apuntesdesanluis.com\" \/>\n\t<meta name=\"twitter:label2\" content=\"Tiempo de lectura\" \/>\n\t<meta name=\"twitter:data2\" content=\"5 minutos\" \/>\n<script type=\"application\/ld+json\" class=\"yoast-schema-graph\">{\"@context\":\"https:\/\/schema.org\",\"@graph\":[{\"@type\":\"Article\",\"@id\":\"https:\/\/apuntesdesanluis.com\/index.php\/2023\/09\/08\/preventiva-para-pareja-de-cordoba-acusada-de-realizar-hurtos-en-vehiculos-con-inhibidores-de-alarma\/#article\",\"isPartOf\":{\"@id\":\"https:\/\/apuntesdesanluis.com\/index.php\/2023\/09\/08\/preventiva-para-pareja-de-cordoba-acusada-de-realizar-hurtos-en-vehiculos-con-inhibidores-de-alarma\/\"},\"author\":{\"name\":\"apuntesdesanluis.com\",\"@id\":\"https:\/\/apuntesdesanluis.com\/#\/schema\/person\/b55151d52296fcce64d1a72538a70b90\"},\"headline\":\"PREVENTIVA PARA PAREJA DE C\u00d3RDOBA ACUSADA DE REALIZAR HURTOS EN VEH\u00cdCULOS CON INHIBIDORES DE ALARMA\",\"datePublished\":\"2023-09-09T00:19:57+00:00\",\"dateModified\":\"2023-09-09T00:20:12+00:00\",\"mainEntityOfPage\":{\"@id\":\"https:\/\/apuntesdesanluis.com\/index.php\/2023\/09\/08\/preventiva-para-pareja-de-cordoba-acusada-de-realizar-hurtos-en-vehiculos-con-inhibidores-de-alarma\/\"},\"wordCount\":1051,\"publisher\":{\"@id\":\"https:\/\/apuntesdesanluis.com\/#\/schema\/person\/b55151d52296fcce64d1a72538a70b90\"},\"image\":{\"@id\":\"https:\/\/apuntesdesanluis.com\/index.php\/2023\/09\/08\/preventiva-para-pareja-de-cordoba-acusada-de-realizar-hurtos-en-vehiculos-con-inhibidores-de-alarma\/#primaryimage\"},\"thumbnailUrl\":\"https:\/\/apuntesdesanluis.com\/wp-content\/uploads\/2023\/09\/AUDIENCIA-3.png\",\"articleSection\":[\"Ciudad\/Provincia\"],\"inLanguage\":\"es-AR\"},{\"@type\":\"WebPage\",\"@id\":\"https:\/\/apuntesdesanluis.com\/index.php\/2023\/09\/08\/preventiva-para-pareja-de-cordoba-acusada-de-realizar-hurtos-en-vehiculos-con-inhibidores-de-alarma\/\",\"url\":\"https:\/\/apuntesdesanluis.com\/index.php\/2023\/09\/08\/preventiva-para-pareja-de-cordoba-acusada-de-realizar-hurtos-en-vehiculos-con-inhibidores-de-alarma\/\",\"name\":\"PREVENTIVA PARA PAREJA DE C\u00d3RDOBA ACUSADA DE REALIZAR HURTOS EN VEH\u00cdCULOS CON INHIBIDORES DE ALARMA - Apuntes de San Luis\",\"isPartOf\":{\"@id\":\"https:\/\/apuntesdesanluis.com\/#website\"},\"primaryImageOfPage\":{\"@id\":\"https:\/\/apuntesdesanluis.com\/index.php\/2023\/09\/08\/preventiva-para-pareja-de-cordoba-acusada-de-realizar-hurtos-en-vehiculos-con-inhibidores-de-alarma\/#primaryimage\"},\"image\":{\"@id\":\"https:\/\/apuntesdesanluis.com\/index.php\/2023\/09\/08\/preventiva-para-pareja-de-cordoba-acusada-de-realizar-hurtos-en-vehiculos-con-inhibidores-de-alarma\/#primaryimage\"},\"thumbnailUrl\":\"https:\/\/apuntesdesanluis.com\/wp-content\/uploads\/2023\/09\/AUDIENCIA-3.png\",\"datePublished\":\"2023-09-09T00:19:57+00:00\",\"dateModified\":\"2023-09-09T00:20:12+00:00\",\"breadcrumb\":{\"@id\":\"https:\/\/apuntesdesanluis.com\/index.php\/2023\/09\/08\/preventiva-para-pareja-de-cordoba-acusada-de-realizar-hurtos-en-vehiculos-con-inhibidores-de-alarma\/#breadcrumb\"},\"inLanguage\":\"es-AR\",\"potentialAction\":[{\"@type\":\"ReadAction\",\"target\":[\"https:\/\/apuntesdesanluis.com\/index.php\/2023\/09\/08\/preventiva-para-pareja-de-cordoba-acusada-de-realizar-hurtos-en-vehiculos-con-inhibidores-de-alarma\/\"]}]},{\"@type\":\"ImageObject\",\"inLanguage\":\"es-AR\",\"@id\":\"https:\/\/apuntesdesanluis.com\/index.php\/2023\/09\/08\/preventiva-para-pareja-de-cordoba-acusada-de-realizar-hurtos-en-vehiculos-con-inhibidores-de-alarma\/#primaryimage\",\"url\":\"https:\/\/apuntesdesanluis.com\/wp-content\/uploads\/2023\/09\/AUDIENCIA-3.png\",\"contentUrl\":\"https:\/\/apuntesdesanluis.com\/wp-content\/uploads\/2023\/09\/AUDIENCIA-3.png\",\"width\":937,\"height\":591},{\"@type\":\"BreadcrumbList\",\"@id\":\"https:\/\/apuntesdesanluis.com\/index.php\/2023\/09\/08\/preventiva-para-pareja-de-cordoba-acusada-de-realizar-hurtos-en-vehiculos-con-inhibidores-de-alarma\/#breadcrumb\",\"itemListElement\":[{\"@type\":\"ListItem\",\"position\":1,\"name\":\"Inicio\",\"item\":\"https:\/\/apuntesdesanluis.com\/\"},{\"@type\":\"ListItem\",\"position\":2,\"name\":\"PREVENTIVA PARA PAREJA DE C\u00d3RDOBA ACUSADA DE REALIZAR HURTOS EN VEH\u00cdCULOS CON INHIBIDORES DE ALARMA\"}]},{\"@type\":\"WebSite\",\"@id\":\"https:\/\/apuntesdesanluis.com\/#website\",\"url\":\"https:\/\/apuntesdesanluis.com\/\",\"name\":\"Apuntes de San Luis\",\"description\":\"\",\"publisher\":{\"@id\":\"https:\/\/apuntesdesanluis.com\/#\/schema\/person\/b55151d52296fcce64d1a72538a70b90\"},\"potentialAction\":[{\"@type\":\"SearchAction\",\"target\":{\"@type\":\"EntryPoint\",\"urlTemplate\":\"https:\/\/apuntesdesanluis.com\/?s={search_term_string}\"},\"query-input\":{\"@type\":\"PropertyValueSpecification\",\"valueRequired\":true,\"valueName\":\"search_term_string\"}}],\"inLanguage\":\"es-AR\"},{\"@type\":[\"Person\",\"Organization\"],\"@id\":\"https:\/\/apuntesdesanluis.com\/#\/schema\/person\/b55151d52296fcce64d1a72538a70b90\",\"name\":\"apuntesdesanluis.com\",\"image\":{\"@type\":\"ImageObject\",\"inLanguage\":\"es-AR\",\"@id\":\"https:\/\/apuntesdesanluis.com\/#\/schema\/person\/image\/\",\"url\":\"https:\/\/apuntesdesanluis.com\/wp-content\/uploads\/2023\/07\/cropped-apuntesdesanluis.png\",\"contentUrl\":\"https:\/\/apuntesdesanluis.com\/wp-content\/uploads\/2023\/07\/cropped-apuntesdesanluis.png\",\"width\":450,\"height\":112,\"caption\":\"apuntesdesanluis.com\"},\"logo\":{\"@id\":\"https:\/\/apuntesdesanluis.com\/#\/schema\/person\/image\/\"},\"sameAs\":[\"https:\/\/apuntesdesanluis.com\"],\"url\":\"https:\/\/apuntesdesanluis.com\/index.php\/author\/apuntesdesanluis-com\/\"}]}<\/script>\n<!-- \/ Yoast SEO plugin. -->","yoast_head_json":{"title":"PREVENTIVA PARA PAREJA DE C\u00d3RDOBA ACUSADA DE REALIZAR HURTOS EN VEH\u00cdCULOS CON INHIBIDORES DE ALARMA - Apuntes de San Luis","robots":{"index":"index","follow":"follow","max-snippet":"max-snippet:-1","max-image-preview":"max-image-preview:large","max-video-preview":"max-video-preview:-1"},"canonical":"https:\/\/apuntesdesanluis.com\/index.php\/2023\/09\/08\/preventiva-para-pareja-de-cordoba-acusada-de-realizar-hurtos-en-vehiculos-con-inhibidores-de-alarma\/","og_locale":"es_ES","og_type":"article","og_title":"PREVENTIVA PARA PAREJA DE C\u00d3RDOBA ACUSADA DE REALIZAR HURTOS EN VEH\u00cdCULOS CON INHIBIDORES DE ALARMA - Apuntes de San Luis","og_description":"Maximiliano L\u00f3pez y Jessica Francia, oriundos de C\u00f3rdoba, fueron trasladados al Servicio Penitenciario Provincial por...","og_url":"https:\/\/apuntesdesanluis.com\/index.php\/2023\/09\/08\/preventiva-para-pareja-de-cordoba-acusada-de-realizar-hurtos-en-vehiculos-con-inhibidores-de-alarma\/","og_site_name":"Apuntes de San Luis","article_published_time":"2023-09-09T00:19:57+00:00","article_modified_time":"2023-09-09T00:20:12+00:00","og_image":[{"width":937,"height":591,"url":"https:\/\/apuntesdesanluis.com\/wp-content\/uploads\/2023\/09\/AUDIENCIA-3.png","type":"image\/png"}],"author":"apuntesdesanluis.com","twitter_card":"summary_large_image","twitter_misc":{"Escrito por":"apuntesdesanluis.com","Tiempo de lectura":"5 minutos"},"schema":{"@context":"https:\/\/schema.org","@graph":[{"@type":"Article","@id":"https:\/\/apuntesdesanluis.com\/index.php\/2023\/09\/08\/preventiva-para-pareja-de-cordoba-acusada-de-realizar-hurtos-en-vehiculos-con-inhibidores-de-alarma\/#article","isPartOf":{"@id":"https:\/\/apuntesdesanluis.com\/index.php\/2023\/09\/08\/preventiva-para-pareja-de-cordoba-acusada-de-realizar-hurtos-en-vehiculos-con-inhibidores-de-alarma\/"},"author":{"name":"apuntesdesanluis.com","@id":"https:\/\/apuntesdesanluis.com\/#\/schema\/person\/b55151d52296fcce64d1a72538a70b90"},"headline":"PREVENTIVA PARA PAREJA DE C\u00d3RDOBA ACUSADA DE REALIZAR HURTOS EN VEH\u00cdCULOS CON INHIBIDORES DE ALARMA","datePublished":"2023-09-09T00:19:57+00:00","dateModified":"2023-09-09T00:20:12+00:00","mainEntityOfPage":{"@id":"https:\/\/apuntesdesanluis.com\/index.php\/2023\/09\/08\/preventiva-para-pareja-de-cordoba-acusada-de-realizar-hurtos-en-vehiculos-con-inhibidores-de-alarma\/"},"wordCount":1051,"publisher":{"@id":"https:\/\/apuntesdesanluis.com\/#\/schema\/person\/b55151d52296fcce64d1a72538a70b90"},"image":{"@id":"https:\/\/apuntesdesanluis.com\/index.php\/2023\/09\/08\/preventiva-para-pareja-de-cordoba-acusada-de-realizar-hurtos-en-vehiculos-con-inhibidores-de-alarma\/#primaryimage"},"thumbnailUrl":"https:\/\/apuntesdesanluis.com\/wp-content\/uploads\/2023\/09\/AUDIENCIA-3.png","articleSection":["Ciudad\/Provincia"],"inLanguage":"es-AR"},{"@type":"WebPage","@id":"https:\/\/apuntesdesanluis.com\/index.php\/2023\/09\/08\/preventiva-para-pareja-de-cordoba-acusada-de-realizar-hurtos-en-vehiculos-con-inhibidores-de-alarma\/","url":"https:\/\/apuntesdesanluis.com\/index.php\/2023\/09\/08\/preventiva-para-pareja-de-cordoba-acusada-de-realizar-hurtos-en-vehiculos-con-inhibidores-de-alarma\/","name":"PREVENTIVA PARA PAREJA DE C\u00d3RDOBA ACUSADA DE REALIZAR HURTOS EN VEH\u00cdCULOS CON INHIBIDORES DE ALARMA - Apuntes de San Luis","isPartOf":{"@id":"https:\/\/apuntesdesanluis.com\/#website"},"primaryImageOfPage":{"@id":"https:\/\/apuntesdesanluis.com\/index.php\/2023\/09\/08\/preventiva-para-pareja-de-cordoba-acusada-de-realizar-hurtos-en-vehiculos-con-inhibidores-de-alarma\/#primaryimage"},"image":{"@id":"https:\/\/apuntesdesanluis.com\/index.php\/2023\/09\/08\/preventiva-para-pareja-de-cordoba-acusada-de-realizar-hurtos-en-vehiculos-con-inhibidores-de-alarma\/#primaryimage"},"thumbnailUrl":"https:\/\/apuntesdesanluis.com\/wp-content\/uploads\/2023\/09\/AUDIENCIA-3.png","datePublished":"2023-09-09T00:19:57+00:00","dateModified":"2023-09-09T00:20:12+00:00","breadcrumb":{"@id":"https:\/\/apuntesdesanluis.com\/index.php\/2023\/09\/08\/preventiva-para-pareja-de-cordoba-acusada-de-realizar-hurtos-en-vehiculos-con-inhibidores-de-alarma\/#breadcrumb"},"inLanguage":"es-AR","potentialAction":[{"@type":"ReadAction","target":["https:\/\/apuntesdesanluis.com\/index.php\/2023\/09\/08\/preventiva-para-pareja-de-cordoba-acusada-de-realizar-hurtos-en-vehiculos-con-inhibidores-de-alarma\/"]}]},{"@type":"ImageObject","inLanguage":"es-AR","@id":"https:\/\/apuntesdesanluis.com\/index.php\/2023\/09\/08\/preventiva-para-pareja-de-cordoba-acusada-de-realizar-hurtos-en-vehiculos-con-inhibidores-de-alarma\/#primaryimage","url":"https:\/\/apuntesdesanluis.com\/wp-content\/uploads\/2023\/09\/AUDIENCIA-3.png","contentUrl":"https:\/\/apuntesdesanluis.com\/wp-content\/uploads\/2023\/09\/AUDIENCIA-3.png","width":937,"height":591},{"@type":"BreadcrumbList","@id":"https:\/\/apuntesdesanluis.com\/index.php\/2023\/09\/08\/preventiva-para-pareja-de-cordoba-acusada-de-realizar-hurtos-en-vehiculos-con-inhibidores-de-alarma\/#breadcrumb","itemListElement":[{"@type":"ListItem","position":1,"name":"Inicio","item":"https:\/\/apuntesdesanluis.com\/"},{"@type":"ListItem","position":2,"name":"PREVENTIVA PARA PAREJA DE C\u00d3RDOBA ACUSADA DE REALIZAR HURTOS EN VEH\u00cdCULOS CON INHIBIDORES DE ALARMA"}]},{"@type":"WebSite","@id":"https:\/\/apuntesdesanluis.com\/#website","url":"https:\/\/apuntesdesanluis.com\/","name":"Apuntes de San Luis","description":"","publisher":{"@id":"https:\/\/apuntesdesanluis.com\/#\/schema\/person\/b55151d52296fcce64d1a72538a70b90"},"potentialAction":[{"@type":"SearchAction","target":{"@type":"EntryPoint","urlTemplate":"https:\/\/apuntesdesanluis.com\/?s={search_term_string}"},"query-input":{"@type":"PropertyValueSpecification","valueRequired":true,"valueName":"search_term_string"}}],"inLanguage":"es-AR"},{"@type":["Person","Organization"],"@id":"https:\/\/apuntesdesanluis.com\/#\/schema\/person\/b55151d52296fcce64d1a72538a70b90","name":"apuntesdesanluis.com","image":{"@type":"ImageObject","inLanguage":"es-AR","@id":"https:\/\/apuntesdesanluis.com\/#\/schema\/person\/image\/","url":"https:\/\/apuntesdesanluis.com\/wp-content\/uploads\/2023\/07\/cropped-apuntesdesanluis.png","contentUrl":"https:\/\/apuntesdesanluis.com\/wp-content\/uploads\/2023\/07\/cropped-apuntesdesanluis.png","width":450,"height":112,"caption":"apuntesdesanluis.com"},"logo":{"@id":"https:\/\/apuntesdesanluis.com\/#\/schema\/person\/image\/"},"sameAs":["https:\/\/apuntesdesanluis.com"],"url":"https:\/\/apuntesdesanluis.com\/index.php\/author\/apuntesdesanluis-com\/"}]}},"featured_image_urls":{"full":["https:\/\/apuntesdesanluis.com\/wp-content\/uploads\/2023\/09\/AUDIENCIA-3.png",937,591,false],"thumbnail":["https:\/\/apuntesdesanluis.com\/wp-content\/uploads\/2023\/09\/AUDIENCIA-3-150x150.png",150,150,true],"medium":["https:\/\/apuntesdesanluis.com\/wp-content\/uploads\/2023\/09\/AUDIENCIA-3-300x189.png",300,189,true],"medium_large":["https:\/\/apuntesdesanluis.com\/wp-content\/uploads\/2023\/09\/AUDIENCIA-3-768x484.png",640,403,true],"large":["https:\/\/apuntesdesanluis.com\/wp-content\/uploads\/2023\/09\/AUDIENCIA-3.png",640,404,false],"1536x1536":["https:\/\/apuntesdesanluis.com\/wp-content\/uploads\/2023\/09\/AUDIENCIA-3.png",937,591,false],"2048x2048":["https:\/\/apuntesdesanluis.com\/wp-content\/uploads\/2023\/09\/AUDIENCIA-3.png",937,591,false],"newsever-slider-full":["https:\/\/apuntesdesanluis.com\/wp-content\/uploads\/2023\/09\/AUDIENCIA-3.png",937,591,false],"newsever-featured":["https:\/\/apuntesdesanluis.com\/wp-content\/uploads\/2023\/09\/AUDIENCIA-3.png",937,591,false],"newsever-medium":["https:\/\/apuntesdesanluis.com\/wp-content\/uploads\/2023\/09\/AUDIENCIA-3-720x475.png",720,475,true]},"author_info":{"display_name":"apuntesdesanluis.com","author_link":"https:\/\/apuntesdesanluis.com\/index.php\/author\/apuntesdesanluis-com\/"},"category_info":"<a href=\"https:\/\/apuntesdesanluis.com\/index.php\/category\/ciudad-provincia\/\" rel=\"category tag\">Ciudad\/Provincia<\/a>","tag_info":"Ciudad\/Provincia","comment_count":"0","_links":{"self":[{"href":"https:\/\/apuntesdesanluis.com\/index.php\/wp-json\/wp\/v2\/posts\/2975","targetHints":{"allow":["GET"]}}],"collection":[{"href":"https:\/\/apuntesdesanluis.com\/index.php\/wp-json\/wp\/v2\/posts"}],"about":[{"href":"https:\/\/apuntesdesanluis.com\/index.php\/wp-json\/wp\/v2\/types\/post"}],"author":[{"embeddable":true,"href":"https:\/\/apuntesdesanluis.com\/index.php\/wp-json\/wp\/v2\/users\/1"}],"replies":[{"embeddable":true,"href":"https:\/\/apuntesdesanluis.com\/index.php\/wp-json\/wp\/v2\/comments?post=2975"}],"version-history":[{"count":1,"href":"https:\/\/apuntesdesanluis.com\/index.php\/wp-json\/wp\/v2\/posts\/2975\/revisions"}],"predecessor-version":[{"id":2977,"href":"https:\/\/apuntesdesanluis.com\/index.php\/wp-json\/wp\/v2\/posts\/2975\/revisions\/2977"}],"wp:featuredmedia":[{"embeddable":true,"href":"https:\/\/apuntesdesanluis.com\/index.php\/wp-json\/wp\/v2\/media\/2976"}],"wp:attachment":[{"href":"https:\/\/apuntesdesanluis.com\/index.php\/wp-json\/wp\/v2\/media?parent=2975"}],"wp:term":[{"taxonomy":"category","embeddable":true,"href":"https:\/\/apuntesdesanluis.com\/index.php\/wp-json\/wp\/v2\/categories?post=2975"},{"taxonomy":"post_tag","embeddable":true,"href":"https:\/\/apuntesdesanluis.com\/index.php\/wp-json\/wp\/v2\/tags?post=2975"}],"curies":[{"name":"wp","href":"https:\/\/api.w.org\/{rel}","templated":true}]}}