{"id":29752,"date":"2025-02-24T22:50:10","date_gmt":"2025-02-25T01:50:10","guid":{"rendered":"https:\/\/apuntesdesanluis.com\/?p=29752"},"modified":"2025-02-24T22:50:10","modified_gmt":"2025-02-25T01:50:10","slug":"telecom-del-grupo-clarin-compro-telefonica-por-us-1-250-millones-y-desperto-la-furia-libertaria","status":"publish","type":"post","link":"https:\/\/apuntesdesanluis.com\/index.php\/2025\/02\/24\/telecom-del-grupo-clarin-compro-telefonica-por-us-1-250-millones-y-desperto-la-furia-libertaria\/","title":{"rendered":"TELECOM DEL GRUPO CLAR\u00cdN COMPR\u00d3 TELEF\u00d3NICA POR US$ 1.250 MILLONES Y DESPERT\u00d3 LA FURIA LIBERTARIA"},"content":{"rendered":"<h3>La adquisici\u00f3n hab\u00eda generado la reacci\u00f3n del <strong>Ente Nacional de Comunicaciones<\/strong>, que advirti\u00f3 sobre el potencial riesgo de concentraci\u00f3n monop\u00f3lica que puede afectar al sector de telecomunicaciones. Similares argumentos a los que utiliz\u00f3 en su momento el <strong>kirchnerismo <\/strong>y muy alejado del libreto del \u201clibre mercado\u201d al que adhiere el gobierrno libertario.<\/h3>\n<p><img fetchpriority=\"high\" decoding=\"async\" class=\"wp-image-29754 aligncenter\" src=\"https:\/\/apuntesdesanluis.com\/wp-content\/uploads\/2025\/02\/MILEI-6-300x209.png\" alt=\"\" width=\"652\" height=\"454\" srcset=\"https:\/\/apuntesdesanluis.com\/wp-content\/uploads\/2025\/02\/MILEI-6-300x209.png 300w, https:\/\/apuntesdesanluis.com\/wp-content\/uploads\/2025\/02\/MILEI-6.png 664w\" sizes=\"(max-width: 652px) 100vw, 652px\" \/><\/p>\n<h3><strong>Telef\u00f3nica <\/strong>vendi\u00f3 por US$ 1.250 millones sus operaciones en la Argentina a <strong>Telecom<\/strong>, la empresa de telecomunicaciones que pertenecce a Cablevisi\u00f3n del <strong>Grupo Clar\u00edn<\/strong> (40%), Fintech (40%) y otros inversores (20%).<\/h3>\n<h3>La compa\u00f1\u00eda espa\u00f1ola decidi\u00f3 desprenderse de su filial argentina para concentrarse en mercados europeos, estrategia que gener\u00f3 inter\u00e9s en m\u00faltiples grupos inversores internacionales.<\/h3>\n<h3>Telef\u00f3nica inform\u00f3 a la Comisi\u00f3n Nacional de Mercado de Valores (CNMV) de Espa\u00f1a que &#8220;en el d\u00eda de hoy TLH Holdco, S.L.U., filial 100% propiedad de Telef\u00f3nica, ha vendido la totalidad de las acciones que ostenta en Telef\u00f3nica M\u00f3viles Argentina S.A., representativas del 99.999625% de su capital social y de la totalidad del capital social de su operaci\u00f3n en Argentina a Telecom Argentina S.A&#8221;.<\/h3>\n<h3>&#8220;El precio total por el 100% de las acciones transmitidas asciende a 1.245 millones de d\u00f3lares estadounidenses (aproximadamente, 1.189 millones de euros al tipo de cambio actual). La firma y cierre de la transacci\u00f3n ha tenido lugar simult\u00e1neamente en el d\u00eda de hoy&#8221;.<\/h3>\n<p><img decoding=\"async\" class=\"wp-image-29756 aligncenter\" src=\"https:\/\/apuntesdesanluis.com\/wp-content\/uploads\/2025\/02\/HECTOR-MAGNETTO-300x209.png\" alt=\"\" width=\"670\" height=\"467\" srcset=\"https:\/\/apuntesdesanluis.com\/wp-content\/uploads\/2025\/02\/HECTOR-MAGNETTO-300x209.png 300w, https:\/\/apuntesdesanluis.com\/wp-content\/uploads\/2025\/02\/HECTOR-MAGNETTO.png 571w\" sizes=\"(max-width: 670px) 100vw, 670px\" \/><\/p>\n<h4 style=\"text-align: center;\"><em>H\u00e9ctor Magnetto, CEO del Grupo Clar\u00edn: antes enfrentado con los &#8220;K&#8221;, hoy con Milei.<\/em><\/h4>\n<h3>&#8220;Esta operaci\u00f3n se enmarca dentro de la pol\u00edtica de gesti\u00f3n de cartera de activos del Grupo Telef\u00f3nica, y est\u00e1 alineada con su estrategia de reducir gradualmente la exposici\u00f3n a Hispanoam\u00e9rica&#8221;, finaliza el comunicado. El grupo hab\u00eda encomendado hace pocas semana la venta de su negocio en Argentina a JP Morgan y al bufete de abogados Latham&amp;Watkins.<\/h3>\n<h3>Seg\u00fan Telecom, luego de esta operaci\u00f3n se le sumar\u00e1n en los pr\u00f3ximos a\u00f1os inversiones de capital intensivas, &#8220;con foco en el despliegue y la capilaridad de fibra \u00f3ptica en todo el territorio cubierto por la compa\u00f1\u00eda, en el despliegue de sitios m\u00f3viles de 5G en las mismas zonas y en la expansi\u00f3n de servicios de valor agregado como video on demand, internet de las cosas, productos corporativos,fintech, e-commerce, inteligencia artificial y servicios de nube&#8221;.<\/h3>\n<h3>Telecom anunci\u00f3 que \u201cla operaci\u00f3n aprovechar\u00e1 la complementariedad territorial y de clientes de ambas empresas y la mayor capacidad de inversi\u00f3n, posibilitandoque sus soluciones tecnol\u00f3gicas y sus servicios tengan la misma calidad para todos sus clientes sin importar en qu\u00e9 zona se encuentren. Esto le dar\u00e1 al mercado argentino est\u00e1ndares internacionalesy fortaleza competitiva en t\u00e9rminos de velocidad, ancho de banda y confiabilidad de red\u201d, a\u00f1ade el comunicado de la empresa.<\/h3>\n<h3>El CEO de Telecom, Roberto Nobile, se\u00f1al\u00f3 que &#8220;Telecom demuestra una vez m\u00e1s su vocaci\u00f3n de seguir invirtiendo en la Argentina, en el marco de las condiciones macroecon\u00f3micas actuales, que suman certeza y estabilidad a la inversi\u00f3n privada y competitiva\u201d.<\/h3>\n<h3>Telecom cont\u00f3 con BBVA como Advisor de la transacci\u00f3n y obtuvo el financiamiento inicial de US$ 1.170 millones por parte de BBVA, Deutsche Bank, Santander y ICBC. \u201cDe acuerdo con la normativa, la compa\u00f1\u00eda se encuentra realizando las presentaciones regulatorias correspondientes\u201d, afirmaron.<\/h3>\n<h3>LA REACCI\u00d3N PRESIDENCIAL<\/h3>\n<h3>La Oficina del Presidente emiti\u00f3 este lunes un comunicado oficial se\u00f1alando que, ante las versiones sobre la potencial adquisici\u00f3n del Grupo Telef\u00f3nica por Telecom, empresa perteneciente al Grupo Clar\u00edn, se dar\u00e1 inmediata intervenci\u00f3n al Ente Nacional de Comunicaciones (Enacom) y a la Comisi\u00f3n Nacional de Defensa de la Competencia (CNDC).<\/h3>\n<h3>Ambos organismos ser\u00e1n los encargados de evaluar si esta operaci\u00f3n implica la creaci\u00f3n de un monopolio en perjuicio de la competencia.<\/h3>\n<h3>Seg\u00fan advirti\u00f3 Presidencia, esta compra podr\u00eda concentrar alrededor del 70% de los servicios de telecomunicaciones en manos de un \u00fanico grupo econ\u00f3mico. Esto constituir\u00eda un monopolio formado gracias a d\u00e9cadas de beneficios estatales recibidos por la empresa involucrada.<\/h3>\n<p><img decoding=\"async\" class=\"wp-image-29755 aligncenter\" src=\"https:\/\/apuntesdesanluis.com\/wp-content\/uploads\/2025\/02\/COMUNICADO-1-209x300.png\" alt=\"\" width=\"648\" height=\"930\" srcset=\"https:\/\/apuntesdesanluis.com\/wp-content\/uploads\/2025\/02\/COMUNICADO-1-209x300.png 209w, https:\/\/apuntesdesanluis.com\/wp-content\/uploads\/2025\/02\/COMUNICADO-1.png 477w\" sizes=\"(max-width: 648px) 100vw, 648px\" \/><\/p>\n<h3>Frente a esta situaci\u00f3n, &#8220;el Estado Nacional tomar\u00e1 todas las medidas pertinentes para evitarlo&#8221;, enfatiz\u00f3 el comunicado.<\/h3>\n<h3>Desde la Presidencia remarcaron que el marco regulatorio vigente establece controles estrictos sobre las transferencias y adquisiciones de licencias de servicios TIC, tal como ocurre en otras democracias occidentales. Adem\u00e1s, el Gobierno Nacional destac\u00f3 que esta concentraci\u00f3n de mercado atenta contra la libre competencia y el actual proceso desinflacionario que atraviesa Argentina.<\/h3>\n<h3>La reacci\u00f3n oficial contrasta con declaraciones del presidente Javier Milei a favor de la creaci\u00f3n de monopolios. En junio del a\u00f1o pasado, en el 10\u00ba Latam Economic Forum, expres\u00f3: &#8220;Los monopolios no son malos. Es m\u00e1s, les dir\u00eda que los monopolios pueden ser maravillosos si son como consecuencia de que qued\u00f3 uno. Y si no les gusta que haya uno solo, no se enojen con el que est\u00e1, en\u00f3jense con los que no est\u00e1n, no con el que est\u00e1. Porque el que est\u00e1, est\u00e1 arregl\u00e1ndole problemas a la gente&#8221;.<\/h3>\n<p>&nbsp;<\/p>\n<p>&nbsp;<\/p>\n<p>&nbsp;<\/p>\n<p>&nbsp;<\/p>\n<p>&nbsp;<\/p>\n<p>&nbsp;<\/p>\n","protected":false},"excerpt":{"rendered":"<p>La adquisici\u00f3n hab\u00eda generado la reacci\u00f3n del Ente Nacional de Comunicaciones, que advirti\u00f3 sobre el&#8230;<\/p>\n","protected":false},"author":1,"featured_media":29753,"comment_status":"closed","ping_status":"closed","sticky":false,"template":"","format":"standard","meta":{"footnotes":""},"categories":[5],"tags":[],"class_list":["post-29752","post","type-post","status-publish","format-standard","has-post-thumbnail","hentry","category-nacionales-internacionales"],"yoast_head":"<!-- This site is optimized with the Yoast SEO plugin v26.1.1 - https:\/\/yoast.com\/wordpress\/plugins\/seo\/ -->\n<title>TELECOM DEL GRUPO CLAR\u00cdN COMPR\u00d3 TELEF\u00d3NICA POR US$ 1.250 MILLONES Y DESPERT\u00d3 LA FURIA LIBERTARIA - Apuntes de San Luis<\/title>\n<meta name=\"robots\" content=\"index, follow, max-snippet:-1, max-image-preview:large, max-video-preview:-1\" \/>\n<link rel=\"canonical\" href=\"https:\/\/apuntesdesanluis.com\/index.php\/2025\/02\/24\/telecom-del-grupo-clarin-compro-telefonica-por-us-1-250-millones-y-desperto-la-furia-libertaria\/\" \/>\n<meta property=\"og:locale\" content=\"es_ES\" \/>\n<meta property=\"og:type\" content=\"article\" \/>\n<meta property=\"og:title\" content=\"TELECOM DEL GRUPO CLAR\u00cdN COMPR\u00d3 TELEF\u00d3NICA POR US$ 1.250 MILLONES Y DESPERT\u00d3 LA FURIA LIBERTARIA - Apuntes de San Luis\" \/>\n<meta property=\"og:description\" content=\"La adquisici\u00f3n hab\u00eda generado la reacci\u00f3n del Ente Nacional de Comunicaciones, que advirti\u00f3 sobre el...\" \/>\n<meta property=\"og:url\" content=\"https:\/\/apuntesdesanluis.com\/index.php\/2025\/02\/24\/telecom-del-grupo-clarin-compro-telefonica-por-us-1-250-millones-y-desperto-la-furia-libertaria\/\" \/>\n<meta property=\"og:site_name\" content=\"Apuntes de San Luis\" \/>\n<meta property=\"article:published_time\" content=\"2025-02-25T01:50:10+00:00\" \/>\n<meta property=\"og:image\" content=\"https:\/\/apuntesdesanluis.com\/wp-content\/uploads\/2025\/02\/TELEFONICA.png\" \/>\n\t<meta property=\"og:image:width\" content=\"611\" \/>\n\t<meta property=\"og:image:height\" content=\"437\" \/>\n\t<meta property=\"og:image:type\" content=\"image\/png\" \/>\n<meta name=\"author\" content=\"apuntesdesanluis.com\" \/>\n<meta name=\"twitter:card\" content=\"summary_large_image\" \/>\n<meta name=\"twitter:label1\" content=\"Escrito por\" \/>\n\t<meta name=\"twitter:data1\" content=\"apuntesdesanluis.com\" \/>\n\t<meta name=\"twitter:label2\" content=\"Tiempo de lectura\" \/>\n\t<meta name=\"twitter:data2\" content=\"5 minutos\" \/>\n<script type=\"application\/ld+json\" class=\"yoast-schema-graph\">{\"@context\":\"https:\/\/schema.org\",\"@graph\":[{\"@type\":\"Article\",\"@id\":\"https:\/\/apuntesdesanluis.com\/index.php\/2025\/02\/24\/telecom-del-grupo-clarin-compro-telefonica-por-us-1-250-millones-y-desperto-la-furia-libertaria\/#article\",\"isPartOf\":{\"@id\":\"https:\/\/apuntesdesanluis.com\/index.php\/2025\/02\/24\/telecom-del-grupo-clarin-compro-telefonica-por-us-1-250-millones-y-desperto-la-furia-libertaria\/\"},\"author\":{\"name\":\"apuntesdesanluis.com\",\"@id\":\"https:\/\/apuntesdesanluis.com\/#\/schema\/person\/b55151d52296fcce64d1a72538a70b90\"},\"headline\":\"TELECOM DEL GRUPO CLAR\u00cdN COMPR\u00d3 TELEF\u00d3NICA POR US$ 1.250 MILLONES Y DESPERT\u00d3 LA FURIA LIBERTARIA\",\"datePublished\":\"2025-02-25T01:50:10+00:00\",\"mainEntityOfPage\":{\"@id\":\"https:\/\/apuntesdesanluis.com\/index.php\/2025\/02\/24\/telecom-del-grupo-clarin-compro-telefonica-por-us-1-250-millones-y-desperto-la-furia-libertaria\/\"},\"wordCount\":876,\"publisher\":{\"@id\":\"https:\/\/apuntesdesanluis.com\/#\/schema\/person\/b55151d52296fcce64d1a72538a70b90\"},\"image\":{\"@id\":\"https:\/\/apuntesdesanluis.com\/index.php\/2025\/02\/24\/telecom-del-grupo-clarin-compro-telefonica-por-us-1-250-millones-y-desperto-la-furia-libertaria\/#primaryimage\"},\"thumbnailUrl\":\"https:\/\/apuntesdesanluis.com\/wp-content\/uploads\/2025\/02\/TELEFONICA.png\",\"articleSection\":[\"Nacionales\/Internacionales\"],\"inLanguage\":\"es-AR\"},{\"@type\":\"WebPage\",\"@id\":\"https:\/\/apuntesdesanluis.com\/index.php\/2025\/02\/24\/telecom-del-grupo-clarin-compro-telefonica-por-us-1-250-millones-y-desperto-la-furia-libertaria\/\",\"url\":\"https:\/\/apuntesdesanluis.com\/index.php\/2025\/02\/24\/telecom-del-grupo-clarin-compro-telefonica-por-us-1-250-millones-y-desperto-la-furia-libertaria\/\",\"name\":\"TELECOM DEL GRUPO CLAR\u00cdN COMPR\u00d3 TELEF\u00d3NICA POR US$ 1.250 MILLONES Y DESPERT\u00d3 LA FURIA LIBERTARIA - Apuntes de San Luis\",\"isPartOf\":{\"@id\":\"https:\/\/apuntesdesanluis.com\/#website\"},\"primaryImageOfPage\":{\"@id\":\"https:\/\/apuntesdesanluis.com\/index.php\/2025\/02\/24\/telecom-del-grupo-clarin-compro-telefonica-por-us-1-250-millones-y-desperto-la-furia-libertaria\/#primaryimage\"},\"image\":{\"@id\":\"https:\/\/apuntesdesanluis.com\/index.php\/2025\/02\/24\/telecom-del-grupo-clarin-compro-telefonica-por-us-1-250-millones-y-desperto-la-furia-libertaria\/#primaryimage\"},\"thumbnailUrl\":\"https:\/\/apuntesdesanluis.com\/wp-content\/uploads\/2025\/02\/TELEFONICA.png\",\"datePublished\":\"2025-02-25T01:50:10+00:00\",\"breadcrumb\":{\"@id\":\"https:\/\/apuntesdesanluis.com\/index.php\/2025\/02\/24\/telecom-del-grupo-clarin-compro-telefonica-por-us-1-250-millones-y-desperto-la-furia-libertaria\/#breadcrumb\"},\"inLanguage\":\"es-AR\",\"potentialAction\":[{\"@type\":\"ReadAction\",\"target\":[\"https:\/\/apuntesdesanluis.com\/index.php\/2025\/02\/24\/telecom-del-grupo-clarin-compro-telefonica-por-us-1-250-millones-y-desperto-la-furia-libertaria\/\"]}]},{\"@type\":\"ImageObject\",\"inLanguage\":\"es-AR\",\"@id\":\"https:\/\/apuntesdesanluis.com\/index.php\/2025\/02\/24\/telecom-del-grupo-clarin-compro-telefonica-por-us-1-250-millones-y-desperto-la-furia-libertaria\/#primaryimage\",\"url\":\"https:\/\/apuntesdesanluis.com\/wp-content\/uploads\/2025\/02\/TELEFONICA.png\",\"contentUrl\":\"https:\/\/apuntesdesanluis.com\/wp-content\/uploads\/2025\/02\/TELEFONICA.png\",\"width\":611,\"height\":437},{\"@type\":\"BreadcrumbList\",\"@id\":\"https:\/\/apuntesdesanluis.com\/index.php\/2025\/02\/24\/telecom-del-grupo-clarin-compro-telefonica-por-us-1-250-millones-y-desperto-la-furia-libertaria\/#breadcrumb\",\"itemListElement\":[{\"@type\":\"ListItem\",\"position\":1,\"name\":\"Inicio\",\"item\":\"https:\/\/apuntesdesanluis.com\/\"},{\"@type\":\"ListItem\",\"position\":2,\"name\":\"TELECOM DEL GRUPO CLAR\u00cdN COMPR\u00d3 TELEF\u00d3NICA POR US$ 1.250 MILLONES Y DESPERT\u00d3 LA FURIA LIBERTARIA\"}]},{\"@type\":\"WebSite\",\"@id\":\"https:\/\/apuntesdesanluis.com\/#website\",\"url\":\"https:\/\/apuntesdesanluis.com\/\",\"name\":\"Apuntes de San Luis\",\"description\":\"\",\"publisher\":{\"@id\":\"https:\/\/apuntesdesanluis.com\/#\/schema\/person\/b55151d52296fcce64d1a72538a70b90\"},\"potentialAction\":[{\"@type\":\"SearchAction\",\"target\":{\"@type\":\"EntryPoint\",\"urlTemplate\":\"https:\/\/apuntesdesanluis.com\/?s={search_term_string}\"},\"query-input\":{\"@type\":\"PropertyValueSpecification\",\"valueRequired\":true,\"valueName\":\"search_term_string\"}}],\"inLanguage\":\"es-AR\"},{\"@type\":[\"Person\",\"Organization\"],\"@id\":\"https:\/\/apuntesdesanluis.com\/#\/schema\/person\/b55151d52296fcce64d1a72538a70b90\",\"name\":\"apuntesdesanluis.com\",\"image\":{\"@type\":\"ImageObject\",\"inLanguage\":\"es-AR\",\"@id\":\"https:\/\/apuntesdesanluis.com\/#\/schema\/person\/image\/\",\"url\":\"https:\/\/apuntesdesanluis.com\/wp-content\/uploads\/2023\/07\/cropped-apuntesdesanluis.png\",\"contentUrl\":\"https:\/\/apuntesdesanluis.com\/wp-content\/uploads\/2023\/07\/cropped-apuntesdesanluis.png\",\"width\":450,\"height\":112,\"caption\":\"apuntesdesanluis.com\"},\"logo\":{\"@id\":\"https:\/\/apuntesdesanluis.com\/#\/schema\/person\/image\/\"},\"sameAs\":[\"https:\/\/apuntesdesanluis.com\"],\"url\":\"https:\/\/apuntesdesanluis.com\/index.php\/author\/apuntesdesanluis-com\/\"}]}<\/script>\n<!-- \/ Yoast SEO plugin. -->","yoast_head_json":{"title":"TELECOM DEL GRUPO CLAR\u00cdN COMPR\u00d3 TELEF\u00d3NICA POR US$ 1.250 MILLONES Y DESPERT\u00d3 LA FURIA LIBERTARIA - Apuntes de San Luis","robots":{"index":"index","follow":"follow","max-snippet":"max-snippet:-1","max-image-preview":"max-image-preview:large","max-video-preview":"max-video-preview:-1"},"canonical":"https:\/\/apuntesdesanluis.com\/index.php\/2025\/02\/24\/telecom-del-grupo-clarin-compro-telefonica-por-us-1-250-millones-y-desperto-la-furia-libertaria\/","og_locale":"es_ES","og_type":"article","og_title":"TELECOM DEL GRUPO CLAR\u00cdN COMPR\u00d3 TELEF\u00d3NICA POR US$ 1.250 MILLONES Y DESPERT\u00d3 LA FURIA LIBERTARIA - Apuntes de San Luis","og_description":"La adquisici\u00f3n hab\u00eda generado la reacci\u00f3n del Ente Nacional de Comunicaciones, que advirti\u00f3 sobre el...","og_url":"https:\/\/apuntesdesanluis.com\/index.php\/2025\/02\/24\/telecom-del-grupo-clarin-compro-telefonica-por-us-1-250-millones-y-desperto-la-furia-libertaria\/","og_site_name":"Apuntes de San Luis","article_published_time":"2025-02-25T01:50:10+00:00","og_image":[{"width":611,"height":437,"url":"https:\/\/apuntesdesanluis.com\/wp-content\/uploads\/2025\/02\/TELEFONICA.png","type":"image\/png"}],"author":"apuntesdesanluis.com","twitter_card":"summary_large_image","twitter_misc":{"Escrito por":"apuntesdesanluis.com","Tiempo de lectura":"5 minutos"},"schema":{"@context":"https:\/\/schema.org","@graph":[{"@type":"Article","@id":"https:\/\/apuntesdesanluis.com\/index.php\/2025\/02\/24\/telecom-del-grupo-clarin-compro-telefonica-por-us-1-250-millones-y-desperto-la-furia-libertaria\/#article","isPartOf":{"@id":"https:\/\/apuntesdesanluis.com\/index.php\/2025\/02\/24\/telecom-del-grupo-clarin-compro-telefonica-por-us-1-250-millones-y-desperto-la-furia-libertaria\/"},"author":{"name":"apuntesdesanluis.com","@id":"https:\/\/apuntesdesanluis.com\/#\/schema\/person\/b55151d52296fcce64d1a72538a70b90"},"headline":"TELECOM DEL GRUPO CLAR\u00cdN COMPR\u00d3 TELEF\u00d3NICA POR US$ 1.250 MILLONES Y DESPERT\u00d3 LA FURIA LIBERTARIA","datePublished":"2025-02-25T01:50:10+00:00","mainEntityOfPage":{"@id":"https:\/\/apuntesdesanluis.com\/index.php\/2025\/02\/24\/telecom-del-grupo-clarin-compro-telefonica-por-us-1-250-millones-y-desperto-la-furia-libertaria\/"},"wordCount":876,"publisher":{"@id":"https:\/\/apuntesdesanluis.com\/#\/schema\/person\/b55151d52296fcce64d1a72538a70b90"},"image":{"@id":"https:\/\/apuntesdesanluis.com\/index.php\/2025\/02\/24\/telecom-del-grupo-clarin-compro-telefonica-por-us-1-250-millones-y-desperto-la-furia-libertaria\/#primaryimage"},"thumbnailUrl":"https:\/\/apuntesdesanluis.com\/wp-content\/uploads\/2025\/02\/TELEFONICA.png","articleSection":["Nacionales\/Internacionales"],"inLanguage":"es-AR"},{"@type":"WebPage","@id":"https:\/\/apuntesdesanluis.com\/index.php\/2025\/02\/24\/telecom-del-grupo-clarin-compro-telefonica-por-us-1-250-millones-y-desperto-la-furia-libertaria\/","url":"https:\/\/apuntesdesanluis.com\/index.php\/2025\/02\/24\/telecom-del-grupo-clarin-compro-telefonica-por-us-1-250-millones-y-desperto-la-furia-libertaria\/","name":"TELECOM DEL GRUPO CLAR\u00cdN COMPR\u00d3 TELEF\u00d3NICA POR US$ 1.250 MILLONES Y DESPERT\u00d3 LA FURIA LIBERTARIA - Apuntes de San Luis","isPartOf":{"@id":"https:\/\/apuntesdesanluis.com\/#website"},"primaryImageOfPage":{"@id":"https:\/\/apuntesdesanluis.com\/index.php\/2025\/02\/24\/telecom-del-grupo-clarin-compro-telefonica-por-us-1-250-millones-y-desperto-la-furia-libertaria\/#primaryimage"},"image":{"@id":"https:\/\/apuntesdesanluis.com\/index.php\/2025\/02\/24\/telecom-del-grupo-clarin-compro-telefonica-por-us-1-250-millones-y-desperto-la-furia-libertaria\/#primaryimage"},"thumbnailUrl":"https:\/\/apuntesdesanluis.com\/wp-content\/uploads\/2025\/02\/TELEFONICA.png","datePublished":"2025-02-25T01:50:10+00:00","breadcrumb":{"@id":"https:\/\/apuntesdesanluis.com\/index.php\/2025\/02\/24\/telecom-del-grupo-clarin-compro-telefonica-por-us-1-250-millones-y-desperto-la-furia-libertaria\/#breadcrumb"},"inLanguage":"es-AR","potentialAction":[{"@type":"ReadAction","target":["https:\/\/apuntesdesanluis.com\/index.php\/2025\/02\/24\/telecom-del-grupo-clarin-compro-telefonica-por-us-1-250-millones-y-desperto-la-furia-libertaria\/"]}]},{"@type":"ImageObject","inLanguage":"es-AR","@id":"https:\/\/apuntesdesanluis.com\/index.php\/2025\/02\/24\/telecom-del-grupo-clarin-compro-telefonica-por-us-1-250-millones-y-desperto-la-furia-libertaria\/#primaryimage","url":"https:\/\/apuntesdesanluis.com\/wp-content\/uploads\/2025\/02\/TELEFONICA.png","contentUrl":"https:\/\/apuntesdesanluis.com\/wp-content\/uploads\/2025\/02\/TELEFONICA.png","width":611,"height":437},{"@type":"BreadcrumbList","@id":"https:\/\/apuntesdesanluis.com\/index.php\/2025\/02\/24\/telecom-del-grupo-clarin-compro-telefonica-por-us-1-250-millones-y-desperto-la-furia-libertaria\/#breadcrumb","itemListElement":[{"@type":"ListItem","position":1,"name":"Inicio","item":"https:\/\/apuntesdesanluis.com\/"},{"@type":"ListItem","position":2,"name":"TELECOM DEL GRUPO CLAR\u00cdN COMPR\u00d3 TELEF\u00d3NICA POR US$ 1.250 MILLONES Y DESPERT\u00d3 LA FURIA LIBERTARIA"}]},{"@type":"WebSite","@id":"https:\/\/apuntesdesanluis.com\/#website","url":"https:\/\/apuntesdesanluis.com\/","name":"Apuntes de San Luis","description":"","publisher":{"@id":"https:\/\/apuntesdesanluis.com\/#\/schema\/person\/b55151d52296fcce64d1a72538a70b90"},"potentialAction":[{"@type":"SearchAction","target":{"@type":"EntryPoint","urlTemplate":"https:\/\/apuntesdesanluis.com\/?s={search_term_string}"},"query-input":{"@type":"PropertyValueSpecification","valueRequired":true,"valueName":"search_term_string"}}],"inLanguage":"es-AR"},{"@type":["Person","Organization"],"@id":"https:\/\/apuntesdesanluis.com\/#\/schema\/person\/b55151d52296fcce64d1a72538a70b90","name":"apuntesdesanluis.com","image":{"@type":"ImageObject","inLanguage":"es-AR","@id":"https:\/\/apuntesdesanluis.com\/#\/schema\/person\/image\/","url":"https:\/\/apuntesdesanluis.com\/wp-content\/uploads\/2023\/07\/cropped-apuntesdesanluis.png","contentUrl":"https:\/\/apuntesdesanluis.com\/wp-content\/uploads\/2023\/07\/cropped-apuntesdesanluis.png","width":450,"height":112,"caption":"apuntesdesanluis.com"},"logo":{"@id":"https:\/\/apuntesdesanluis.com\/#\/schema\/person\/image\/"},"sameAs":["https:\/\/apuntesdesanluis.com"],"url":"https:\/\/apuntesdesanluis.com\/index.php\/author\/apuntesdesanluis-com\/"}]}},"featured_image_urls":{"full":["https:\/\/apuntesdesanluis.com\/wp-content\/uploads\/2025\/02\/TELEFONICA.png",611,437,false],"thumbnail":["https:\/\/apuntesdesanluis.com\/wp-content\/uploads\/2025\/02\/TELEFONICA-150x150.png",150,150,true],"medium":["https:\/\/apuntesdesanluis.com\/wp-content\/uploads\/2025\/02\/TELEFONICA-300x215.png",300,215,true],"medium_large":["https:\/\/apuntesdesanluis.com\/wp-content\/uploads\/2025\/02\/TELEFONICA.png",611,437,false],"large":["https:\/\/apuntesdesanluis.com\/wp-content\/uploads\/2025\/02\/TELEFONICA.png",611,437,false],"1536x1536":["https:\/\/apuntesdesanluis.com\/wp-content\/uploads\/2025\/02\/TELEFONICA.png",611,437,false],"2048x2048":["https:\/\/apuntesdesanluis.com\/wp-content\/uploads\/2025\/02\/TELEFONICA.png",611,437,false],"newsever-slider-full":["https:\/\/apuntesdesanluis.com\/wp-content\/uploads\/2025\/02\/TELEFONICA.png",611,437,false],"newsever-featured":["https:\/\/apuntesdesanluis.com\/wp-content\/uploads\/2025\/02\/TELEFONICA.png",611,437,false],"newsever-medium":["https:\/\/apuntesdesanluis.com\/wp-content\/uploads\/2025\/02\/TELEFONICA.png",611,437,false]},"author_info":{"display_name":"apuntesdesanluis.com","author_link":"https:\/\/apuntesdesanluis.com\/index.php\/author\/apuntesdesanluis-com\/"},"category_info":"<a href=\"https:\/\/apuntesdesanluis.com\/index.php\/category\/nacionales-internacionales\/\" rel=\"category tag\">Nacionales\/Internacionales<\/a>","tag_info":"Nacionales\/Internacionales","comment_count":"0","_links":{"self":[{"href":"https:\/\/apuntesdesanluis.com\/index.php\/wp-json\/wp\/v2\/posts\/29752","targetHints":{"allow":["GET"]}}],"collection":[{"href":"https:\/\/apuntesdesanluis.com\/index.php\/wp-json\/wp\/v2\/posts"}],"about":[{"href":"https:\/\/apuntesdesanluis.com\/index.php\/wp-json\/wp\/v2\/types\/post"}],"author":[{"embeddable":true,"href":"https:\/\/apuntesdesanluis.com\/index.php\/wp-json\/wp\/v2\/users\/1"}],"replies":[{"embeddable":true,"href":"https:\/\/apuntesdesanluis.com\/index.php\/wp-json\/wp\/v2\/comments?post=29752"}],"version-history":[{"count":1,"href":"https:\/\/apuntesdesanluis.com\/index.php\/wp-json\/wp\/v2\/posts\/29752\/revisions"}],"predecessor-version":[{"id":29757,"href":"https:\/\/apuntesdesanluis.com\/index.php\/wp-json\/wp\/v2\/posts\/29752\/revisions\/29757"}],"wp:featuredmedia":[{"embeddable":true,"href":"https:\/\/apuntesdesanluis.com\/index.php\/wp-json\/wp\/v2\/media\/29753"}],"wp:attachment":[{"href":"https:\/\/apuntesdesanluis.com\/index.php\/wp-json\/wp\/v2\/media?parent=29752"}],"wp:term":[{"taxonomy":"category","embeddable":true,"href":"https:\/\/apuntesdesanluis.com\/index.php\/wp-json\/wp\/v2\/categories?post=29752"},{"taxonomy":"post_tag","embeddable":true,"href":"https:\/\/apuntesdesanluis.com\/index.php\/wp-json\/wp\/v2\/tags?post=29752"}],"curies":[{"name":"wp","href":"https:\/\/api.w.org\/{rel}","templated":true}]}}