{"id":29761,"date":"2025-02-24T21:40:21","date_gmt":"2025-02-25T00:40:21","guid":{"rendered":"https:\/\/apuntesdesanluis.com\/?p=29761"},"modified":"2025-02-24T23:46:09","modified_gmt":"2025-02-25T02:46:09","slug":"villa-mercedes-refuerzan-tareas-de-limpieza-por-el-fuerte-temporal","status":"publish","type":"post","link":"https:\/\/apuntesdesanluis.com\/index.php\/2025\/02\/24\/villa-mercedes-refuerzan-tareas-de-limpieza-por-el-fuerte-temporal\/","title":{"rendered":"VILLA MERCEDES: REFUERZAN TAREAS DE LIMPIEZA POR EL FUERTE TEMPORAL"},"content":{"rendered":"<h3>La feroz tormenta que se abati\u00f3 en la ma\u00f1ana del lunes en Villa Mercedes, provoc\u00f3 anegamientos en diferentes sectores de la ciudad, caida de ramas y taponamientos en canales de desag\u00fces, que oblig\u00f3 al municipio a disponer r\u00e1pidamente un operativo de emergencia.<\/h3>\n<h3>Esta noche a\u00fan pod\u00eda verse a agentes municipales y m\u00e1quinas trabajando para normalizar la situaci\u00f3n, barriendo las calles y limpiando las bocas de tormenta.<\/h3>\n<p><img fetchpriority=\"high\" decoding=\"async\" class=\"wp-image-29765 aligncenter\" src=\"https:\/\/apuntesdesanluis.com\/wp-content\/uploads\/2025\/02\/bocas-de-tormentas-300x200.png\" alt=\"\" width=\"701\" height=\"467\" srcset=\"https:\/\/apuntesdesanluis.com\/wp-content\/uploads\/2025\/02\/bocas-de-tormentas-300x200.png 300w, https:\/\/apuntesdesanluis.com\/wp-content\/uploads\/2025\/02\/bocas-de-tormentas.png 672w\" sizes=\"(max-width: 701px) 100vw, 701px\" \/><\/p>\n<p><img decoding=\"async\" class=\"wp-image-29763 aligncenter\" src=\"https:\/\/apuntesdesanluis.com\/wp-content\/uploads\/2025\/02\/limpieza-300x201.png\" alt=\"\" width=\"701\" height=\"470\" srcset=\"https:\/\/apuntesdesanluis.com\/wp-content\/uploads\/2025\/02\/limpieza-300x201.png 300w, https:\/\/apuntesdesanluis.com\/wp-content\/uploads\/2025\/02\/limpieza.png 700w\" sizes=\"(max-width: 701px) 100vw, 701px\" \/><\/p>\n<h3>En este sentido, durante toda la jornada distintas \u00e1reas de la Municipalidad salieron a las calles para reforzar la limpieza despu\u00e9s del temporal y previo a posibles nuevas lluvias.<\/h3>\n<h3>Se trabaj\u00f3 en el barrido manual y levantamiento de mont\u00edculos en cuadrantes que abarcan desde Pringles a Av. Origone, entre San Mart\u00edn y Presidente Per\u00f3n, donde se registraron los principales anegamientos.<\/h3>\n<p><img decoding=\"async\" class=\"wp-image-29764 aligncenter\" src=\"https:\/\/apuntesdesanluis.com\/wp-content\/uploads\/2025\/02\/barredoras-300x193.png\" alt=\"\" width=\"699\" height=\"450\" srcset=\"https:\/\/apuntesdesanluis.com\/wp-content\/uploads\/2025\/02\/barredoras-300x193.png 300w, https:\/\/apuntesdesanluis.com\/wp-content\/uploads\/2025\/02\/barredoras.png 654w\" sizes=\"(max-width: 699px) 100vw, 699px\" \/><\/p>\n<h3>Tambi\u00e9n se reforz\u00f3 la limpieza con las m\u00e1quinas barredoras, en el cuadrante de 25 de Mayo, San Mart\u00edn, Potos\u00ed e Hilario Cuadros.<\/h3>\n<h3>Los trabajos estuvieron coordinados por la Secretar\u00eda de Infraestructura, Obras P\u00fablicas y Servicios Urbanos.<\/h3>\n<p><img loading=\"lazy\" decoding=\"async\" class=\"wp-image-29766 aligncenter\" src=\"https:\/\/apuntesdesanluis.com\/wp-content\/uploads\/2025\/02\/canales-300x198.png\" alt=\"\" width=\"711\" height=\"469\" srcset=\"https:\/\/apuntesdesanluis.com\/wp-content\/uploads\/2025\/02\/canales-300x198.png 300w, https:\/\/apuntesdesanluis.com\/wp-content\/uploads\/2025\/02\/canales.png 700w\" sizes=\"(max-width: 711px) 100vw, 711px\" \/><\/p>\n<p>&nbsp;<\/p>\n<p>&nbsp;<\/p>\n<p>&nbsp;<\/p>\n<h3><\/h3>\n<h3><\/h3>\n<p>&nbsp;<\/p>\n","protected":false},"excerpt":{"rendered":"<p>La feroz tormenta que se abati\u00f3 en la ma\u00f1ana del lunes en Villa Mercedes, provoc\u00f3&#8230;<\/p>\n","protected":false},"author":1,"featured_media":29762,"comment_status":"closed","ping_status":"closed","sticky":false,"template":"","format":"standard","meta":{"footnotes":""},"categories":[6],"tags":[],"class_list":["post-29761","post","type-post","status-publish","format-standard","has-post-thumbnail","hentry","category-ciudad-provincia"],"yoast_head":"<!-- This site is optimized with the Yoast SEO plugin v26.1.1 - https:\/\/yoast.com\/wordpress\/plugins\/seo\/ -->\n<title>VILLA MERCEDES: REFUERZAN TAREAS DE LIMPIEZA POR EL FUERTE TEMPORAL - Apuntes de San Luis<\/title>\n<meta name=\"robots\" content=\"index, follow, max-snippet:-1, max-image-preview:large, max-video-preview:-1\" \/>\n<link rel=\"canonical\" href=\"https:\/\/apuntesdesanluis.com\/index.php\/2025\/02\/24\/villa-mercedes-refuerzan-tareas-de-limpieza-por-el-fuerte-temporal\/\" \/>\n<meta property=\"og:locale\" content=\"es_ES\" \/>\n<meta property=\"og:type\" content=\"article\" \/>\n<meta property=\"og:title\" content=\"VILLA MERCEDES: REFUERZAN TAREAS DE LIMPIEZA POR EL FUERTE TEMPORAL - Apuntes de San Luis\" \/>\n<meta property=\"og:description\" content=\"La feroz tormenta que se abati\u00f3 en la ma\u00f1ana del lunes en Villa Mercedes, provoc\u00f3...\" \/>\n<meta property=\"og:url\" content=\"https:\/\/apuntesdesanluis.com\/index.php\/2025\/02\/24\/villa-mercedes-refuerzan-tareas-de-limpieza-por-el-fuerte-temporal\/\" \/>\n<meta property=\"og:site_name\" content=\"Apuntes de San Luis\" \/>\n<meta property=\"article:published_time\" content=\"2025-02-25T00:40:21+00:00\" \/>\n<meta property=\"article:modified_time\" content=\"2025-02-25T02:46:09+00:00\" \/>\n<meta property=\"og:image\" content=\"https:\/\/apuntesdesanluis.com\/wp-content\/uploads\/2025\/02\/limpieza-boscas-de-tormentas.png\" \/>\n\t<meta property=\"og:image:width\" content=\"700\" \/>\n\t<meta property=\"og:image:height\" content=\"427\" \/>\n\t<meta property=\"og:image:type\" content=\"image\/png\" \/>\n<meta name=\"author\" content=\"apuntesdesanluis.com\" \/>\n<meta name=\"twitter:card\" content=\"summary_large_image\" \/>\n<meta name=\"twitter:label1\" content=\"Escrito por\" \/>\n\t<meta name=\"twitter:data1\" content=\"apuntesdesanluis.com\" \/>\n\t<meta name=\"twitter:label2\" content=\"Tiempo de lectura\" \/>\n\t<meta name=\"twitter:data2\" content=\"2 minutos\" \/>\n<script type=\"application\/ld+json\" class=\"yoast-schema-graph\">{\"@context\":\"https:\/\/schema.org\",\"@graph\":[{\"@type\":\"Article\",\"@id\":\"https:\/\/apuntesdesanluis.com\/index.php\/2025\/02\/24\/villa-mercedes-refuerzan-tareas-de-limpieza-por-el-fuerte-temporal\/#article\",\"isPartOf\":{\"@id\":\"https:\/\/apuntesdesanluis.com\/index.php\/2025\/02\/24\/villa-mercedes-refuerzan-tareas-de-limpieza-por-el-fuerte-temporal\/\"},\"author\":{\"name\":\"apuntesdesanluis.com\",\"@id\":\"https:\/\/apuntesdesanluis.com\/#\/schema\/person\/b55151d52296fcce64d1a72538a70b90\"},\"headline\":\"VILLA MERCEDES: REFUERZAN TAREAS DE LIMPIEZA POR EL FUERTE TEMPORAL\",\"datePublished\":\"2025-02-25T00:40:21+00:00\",\"dateModified\":\"2025-02-25T02:46:09+00:00\",\"mainEntityOfPage\":{\"@id\":\"https:\/\/apuntesdesanluis.com\/index.php\/2025\/02\/24\/villa-mercedes-refuerzan-tareas-de-limpieza-por-el-fuerte-temporal\/\"},\"wordCount\":191,\"publisher\":{\"@id\":\"https:\/\/apuntesdesanluis.com\/#\/schema\/person\/b55151d52296fcce64d1a72538a70b90\"},\"image\":{\"@id\":\"https:\/\/apuntesdesanluis.com\/index.php\/2025\/02\/24\/villa-mercedes-refuerzan-tareas-de-limpieza-por-el-fuerte-temporal\/#primaryimage\"},\"thumbnailUrl\":\"https:\/\/apuntesdesanluis.com\/wp-content\/uploads\/2025\/02\/limpieza-boscas-de-tormentas.png\",\"articleSection\":[\"Ciudad\/Provincia\"],\"inLanguage\":\"es-AR\"},{\"@type\":\"WebPage\",\"@id\":\"https:\/\/apuntesdesanluis.com\/index.php\/2025\/02\/24\/villa-mercedes-refuerzan-tareas-de-limpieza-por-el-fuerte-temporal\/\",\"url\":\"https:\/\/apuntesdesanluis.com\/index.php\/2025\/02\/24\/villa-mercedes-refuerzan-tareas-de-limpieza-por-el-fuerte-temporal\/\",\"name\":\"VILLA MERCEDES: REFUERZAN TAREAS DE LIMPIEZA POR EL FUERTE TEMPORAL - Apuntes de San Luis\",\"isPartOf\":{\"@id\":\"https:\/\/apuntesdesanluis.com\/#website\"},\"primaryImageOfPage\":{\"@id\":\"https:\/\/apuntesdesanluis.com\/index.php\/2025\/02\/24\/villa-mercedes-refuerzan-tareas-de-limpieza-por-el-fuerte-temporal\/#primaryimage\"},\"image\":{\"@id\":\"https:\/\/apuntesdesanluis.com\/index.php\/2025\/02\/24\/villa-mercedes-refuerzan-tareas-de-limpieza-por-el-fuerte-temporal\/#primaryimage\"},\"thumbnailUrl\":\"https:\/\/apuntesdesanluis.com\/wp-content\/uploads\/2025\/02\/limpieza-boscas-de-tormentas.png\",\"datePublished\":\"2025-02-25T00:40:21+00:00\",\"dateModified\":\"2025-02-25T02:46:09+00:00\",\"breadcrumb\":{\"@id\":\"https:\/\/apuntesdesanluis.com\/index.php\/2025\/02\/24\/villa-mercedes-refuerzan-tareas-de-limpieza-por-el-fuerte-temporal\/#breadcrumb\"},\"inLanguage\":\"es-AR\",\"potentialAction\":[{\"@type\":\"ReadAction\",\"target\":[\"https:\/\/apuntesdesanluis.com\/index.php\/2025\/02\/24\/villa-mercedes-refuerzan-tareas-de-limpieza-por-el-fuerte-temporal\/\"]}]},{\"@type\":\"ImageObject\",\"inLanguage\":\"es-AR\",\"@id\":\"https:\/\/apuntesdesanluis.com\/index.php\/2025\/02\/24\/villa-mercedes-refuerzan-tareas-de-limpieza-por-el-fuerte-temporal\/#primaryimage\",\"url\":\"https:\/\/apuntesdesanluis.com\/wp-content\/uploads\/2025\/02\/limpieza-boscas-de-tormentas.png\",\"contentUrl\":\"https:\/\/apuntesdesanluis.com\/wp-content\/uploads\/2025\/02\/limpieza-boscas-de-tormentas.png\",\"width\":700,\"height\":427},{\"@type\":\"BreadcrumbList\",\"@id\":\"https:\/\/apuntesdesanluis.com\/index.php\/2025\/02\/24\/villa-mercedes-refuerzan-tareas-de-limpieza-por-el-fuerte-temporal\/#breadcrumb\",\"itemListElement\":[{\"@type\":\"ListItem\",\"position\":1,\"name\":\"Inicio\",\"item\":\"https:\/\/apuntesdesanluis.com\/\"},{\"@type\":\"ListItem\",\"position\":2,\"name\":\"VILLA MERCEDES: REFUERZAN TAREAS DE LIMPIEZA POR EL FUERTE TEMPORAL\"}]},{\"@type\":\"WebSite\",\"@id\":\"https:\/\/apuntesdesanluis.com\/#website\",\"url\":\"https:\/\/apuntesdesanluis.com\/\",\"name\":\"Apuntes de San Luis\",\"description\":\"\",\"publisher\":{\"@id\":\"https:\/\/apuntesdesanluis.com\/#\/schema\/person\/b55151d52296fcce64d1a72538a70b90\"},\"potentialAction\":[{\"@type\":\"SearchAction\",\"target\":{\"@type\":\"EntryPoint\",\"urlTemplate\":\"https:\/\/apuntesdesanluis.com\/?s={search_term_string}\"},\"query-input\":{\"@type\":\"PropertyValueSpecification\",\"valueRequired\":true,\"valueName\":\"search_term_string\"}}],\"inLanguage\":\"es-AR\"},{\"@type\":[\"Person\",\"Organization\"],\"@id\":\"https:\/\/apuntesdesanluis.com\/#\/schema\/person\/b55151d52296fcce64d1a72538a70b90\",\"name\":\"apuntesdesanluis.com\",\"image\":{\"@type\":\"ImageObject\",\"inLanguage\":\"es-AR\",\"@id\":\"https:\/\/apuntesdesanluis.com\/#\/schema\/person\/image\/\",\"url\":\"https:\/\/apuntesdesanluis.com\/wp-content\/uploads\/2023\/07\/cropped-apuntesdesanluis.png\",\"contentUrl\":\"https:\/\/apuntesdesanluis.com\/wp-content\/uploads\/2023\/07\/cropped-apuntesdesanluis.png\",\"width\":450,\"height\":112,\"caption\":\"apuntesdesanluis.com\"},\"logo\":{\"@id\":\"https:\/\/apuntesdesanluis.com\/#\/schema\/person\/image\/\"},\"sameAs\":[\"https:\/\/apuntesdesanluis.com\"],\"url\":\"https:\/\/apuntesdesanluis.com\/index.php\/author\/apuntesdesanluis-com\/\"}]}<\/script>\n<!-- \/ Yoast SEO plugin. -->","yoast_head_json":{"title":"VILLA MERCEDES: REFUERZAN TAREAS DE LIMPIEZA POR EL FUERTE TEMPORAL - Apuntes de San Luis","robots":{"index":"index","follow":"follow","max-snippet":"max-snippet:-1","max-image-preview":"max-image-preview:large","max-video-preview":"max-video-preview:-1"},"canonical":"https:\/\/apuntesdesanluis.com\/index.php\/2025\/02\/24\/villa-mercedes-refuerzan-tareas-de-limpieza-por-el-fuerte-temporal\/","og_locale":"es_ES","og_type":"article","og_title":"VILLA MERCEDES: REFUERZAN TAREAS DE LIMPIEZA POR EL FUERTE TEMPORAL - Apuntes de San Luis","og_description":"La feroz tormenta que se abati\u00f3 en la ma\u00f1ana del lunes en Villa Mercedes, provoc\u00f3...","og_url":"https:\/\/apuntesdesanluis.com\/index.php\/2025\/02\/24\/villa-mercedes-refuerzan-tareas-de-limpieza-por-el-fuerte-temporal\/","og_site_name":"Apuntes de San Luis","article_published_time":"2025-02-25T00:40:21+00:00","article_modified_time":"2025-02-25T02:46:09+00:00","og_image":[{"width":700,"height":427,"url":"https:\/\/apuntesdesanluis.com\/wp-content\/uploads\/2025\/02\/limpieza-boscas-de-tormentas.png","type":"image\/png"}],"author":"apuntesdesanluis.com","twitter_card":"summary_large_image","twitter_misc":{"Escrito por":"apuntesdesanluis.com","Tiempo de lectura":"2 minutos"},"schema":{"@context":"https:\/\/schema.org","@graph":[{"@type":"Article","@id":"https:\/\/apuntesdesanluis.com\/index.php\/2025\/02\/24\/villa-mercedes-refuerzan-tareas-de-limpieza-por-el-fuerte-temporal\/#article","isPartOf":{"@id":"https:\/\/apuntesdesanluis.com\/index.php\/2025\/02\/24\/villa-mercedes-refuerzan-tareas-de-limpieza-por-el-fuerte-temporal\/"},"author":{"name":"apuntesdesanluis.com","@id":"https:\/\/apuntesdesanluis.com\/#\/schema\/person\/b55151d52296fcce64d1a72538a70b90"},"headline":"VILLA MERCEDES: REFUERZAN TAREAS DE LIMPIEZA POR EL FUERTE TEMPORAL","datePublished":"2025-02-25T00:40:21+00:00","dateModified":"2025-02-25T02:46:09+00:00","mainEntityOfPage":{"@id":"https:\/\/apuntesdesanluis.com\/index.php\/2025\/02\/24\/villa-mercedes-refuerzan-tareas-de-limpieza-por-el-fuerte-temporal\/"},"wordCount":191,"publisher":{"@id":"https:\/\/apuntesdesanluis.com\/#\/schema\/person\/b55151d52296fcce64d1a72538a70b90"},"image":{"@id":"https:\/\/apuntesdesanluis.com\/index.php\/2025\/02\/24\/villa-mercedes-refuerzan-tareas-de-limpieza-por-el-fuerte-temporal\/#primaryimage"},"thumbnailUrl":"https:\/\/apuntesdesanluis.com\/wp-content\/uploads\/2025\/02\/limpieza-boscas-de-tormentas.png","articleSection":["Ciudad\/Provincia"],"inLanguage":"es-AR"},{"@type":"WebPage","@id":"https:\/\/apuntesdesanluis.com\/index.php\/2025\/02\/24\/villa-mercedes-refuerzan-tareas-de-limpieza-por-el-fuerte-temporal\/","url":"https:\/\/apuntesdesanluis.com\/index.php\/2025\/02\/24\/villa-mercedes-refuerzan-tareas-de-limpieza-por-el-fuerte-temporal\/","name":"VILLA MERCEDES: REFUERZAN TAREAS DE LIMPIEZA POR EL FUERTE TEMPORAL - Apuntes de San Luis","isPartOf":{"@id":"https:\/\/apuntesdesanluis.com\/#website"},"primaryImageOfPage":{"@id":"https:\/\/apuntesdesanluis.com\/index.php\/2025\/02\/24\/villa-mercedes-refuerzan-tareas-de-limpieza-por-el-fuerte-temporal\/#primaryimage"},"image":{"@id":"https:\/\/apuntesdesanluis.com\/index.php\/2025\/02\/24\/villa-mercedes-refuerzan-tareas-de-limpieza-por-el-fuerte-temporal\/#primaryimage"},"thumbnailUrl":"https:\/\/apuntesdesanluis.com\/wp-content\/uploads\/2025\/02\/limpieza-boscas-de-tormentas.png","datePublished":"2025-02-25T00:40:21+00:00","dateModified":"2025-02-25T02:46:09+00:00","breadcrumb":{"@id":"https:\/\/apuntesdesanluis.com\/index.php\/2025\/02\/24\/villa-mercedes-refuerzan-tareas-de-limpieza-por-el-fuerte-temporal\/#breadcrumb"},"inLanguage":"es-AR","potentialAction":[{"@type":"ReadAction","target":["https:\/\/apuntesdesanluis.com\/index.php\/2025\/02\/24\/villa-mercedes-refuerzan-tareas-de-limpieza-por-el-fuerte-temporal\/"]}]},{"@type":"ImageObject","inLanguage":"es-AR","@id":"https:\/\/apuntesdesanluis.com\/index.php\/2025\/02\/24\/villa-mercedes-refuerzan-tareas-de-limpieza-por-el-fuerte-temporal\/#primaryimage","url":"https:\/\/apuntesdesanluis.com\/wp-content\/uploads\/2025\/02\/limpieza-boscas-de-tormentas.png","contentUrl":"https:\/\/apuntesdesanluis.com\/wp-content\/uploads\/2025\/02\/limpieza-boscas-de-tormentas.png","width":700,"height":427},{"@type":"BreadcrumbList","@id":"https:\/\/apuntesdesanluis.com\/index.php\/2025\/02\/24\/villa-mercedes-refuerzan-tareas-de-limpieza-por-el-fuerte-temporal\/#breadcrumb","itemListElement":[{"@type":"ListItem","position":1,"name":"Inicio","item":"https:\/\/apuntesdesanluis.com\/"},{"@type":"ListItem","position":2,"name":"VILLA MERCEDES: REFUERZAN TAREAS DE LIMPIEZA POR EL FUERTE TEMPORAL"}]},{"@type":"WebSite","@id":"https:\/\/apuntesdesanluis.com\/#website","url":"https:\/\/apuntesdesanluis.com\/","name":"Apuntes de San Luis","description":"","publisher":{"@id":"https:\/\/apuntesdesanluis.com\/#\/schema\/person\/b55151d52296fcce64d1a72538a70b90"},"potentialAction":[{"@type":"SearchAction","target":{"@type":"EntryPoint","urlTemplate":"https:\/\/apuntesdesanluis.com\/?s={search_term_string}"},"query-input":{"@type":"PropertyValueSpecification","valueRequired":true,"valueName":"search_term_string"}}],"inLanguage":"es-AR"},{"@type":["Person","Organization"],"@id":"https:\/\/apuntesdesanluis.com\/#\/schema\/person\/b55151d52296fcce64d1a72538a70b90","name":"apuntesdesanluis.com","image":{"@type":"ImageObject","inLanguage":"es-AR","@id":"https:\/\/apuntesdesanluis.com\/#\/schema\/person\/image\/","url":"https:\/\/apuntesdesanluis.com\/wp-content\/uploads\/2023\/07\/cropped-apuntesdesanluis.png","contentUrl":"https:\/\/apuntesdesanluis.com\/wp-content\/uploads\/2023\/07\/cropped-apuntesdesanluis.png","width":450,"height":112,"caption":"apuntesdesanluis.com"},"logo":{"@id":"https:\/\/apuntesdesanluis.com\/#\/schema\/person\/image\/"},"sameAs":["https:\/\/apuntesdesanluis.com"],"url":"https:\/\/apuntesdesanluis.com\/index.php\/author\/apuntesdesanluis-com\/"}]}},"featured_image_urls":{"full":["https:\/\/apuntesdesanluis.com\/wp-content\/uploads\/2025\/02\/limpieza-boscas-de-tormentas.png",700,427,false],"thumbnail":["https:\/\/apuntesdesanluis.com\/wp-content\/uploads\/2025\/02\/limpieza-boscas-de-tormentas-150x150.png",150,150,true],"medium":["https:\/\/apuntesdesanluis.com\/wp-content\/uploads\/2025\/02\/limpieza-boscas-de-tormentas-300x183.png",300,183,true],"medium_large":["https:\/\/apuntesdesanluis.com\/wp-content\/uploads\/2025\/02\/limpieza-boscas-de-tormentas.png",640,390,false],"large":["https:\/\/apuntesdesanluis.com\/wp-content\/uploads\/2025\/02\/limpieza-boscas-de-tormentas.png",640,390,false],"1536x1536":["https:\/\/apuntesdesanluis.com\/wp-content\/uploads\/2025\/02\/limpieza-boscas-de-tormentas.png",700,427,false],"2048x2048":["https:\/\/apuntesdesanluis.com\/wp-content\/uploads\/2025\/02\/limpieza-boscas-de-tormentas.png",700,427,false],"newsever-slider-full":["https:\/\/apuntesdesanluis.com\/wp-content\/uploads\/2025\/02\/limpieza-boscas-de-tormentas.png",700,427,false],"newsever-featured":["https:\/\/apuntesdesanluis.com\/wp-content\/uploads\/2025\/02\/limpieza-boscas-de-tormentas.png",700,427,false],"newsever-medium":["https:\/\/apuntesdesanluis.com\/wp-content\/uploads\/2025\/02\/limpieza-boscas-de-tormentas.png",700,427,false]},"author_info":{"display_name":"apuntesdesanluis.com","author_link":"https:\/\/apuntesdesanluis.com\/index.php\/author\/apuntesdesanluis-com\/"},"category_info":"<a href=\"https:\/\/apuntesdesanluis.com\/index.php\/category\/ciudad-provincia\/\" rel=\"category tag\">Ciudad\/Provincia<\/a>","tag_info":"Ciudad\/Provincia","comment_count":"0","_links":{"self":[{"href":"https:\/\/apuntesdesanluis.com\/index.php\/wp-json\/wp\/v2\/posts\/29761","targetHints":{"allow":["GET"]}}],"collection":[{"href":"https:\/\/apuntesdesanluis.com\/index.php\/wp-json\/wp\/v2\/posts"}],"about":[{"href":"https:\/\/apuntesdesanluis.com\/index.php\/wp-json\/wp\/v2\/types\/post"}],"author":[{"embeddable":true,"href":"https:\/\/apuntesdesanluis.com\/index.php\/wp-json\/wp\/v2\/users\/1"}],"replies":[{"embeddable":true,"href":"https:\/\/apuntesdesanluis.com\/index.php\/wp-json\/wp\/v2\/comments?post=29761"}],"version-history":[{"count":1,"href":"https:\/\/apuntesdesanluis.com\/index.php\/wp-json\/wp\/v2\/posts\/29761\/revisions"}],"predecessor-version":[{"id":29767,"href":"https:\/\/apuntesdesanluis.com\/index.php\/wp-json\/wp\/v2\/posts\/29761\/revisions\/29767"}],"wp:featuredmedia":[{"embeddable":true,"href":"https:\/\/apuntesdesanluis.com\/index.php\/wp-json\/wp\/v2\/media\/29762"}],"wp:attachment":[{"href":"https:\/\/apuntesdesanluis.com\/index.php\/wp-json\/wp\/v2\/media?parent=29761"}],"wp:term":[{"taxonomy":"category","embeddable":true,"href":"https:\/\/apuntesdesanluis.com\/index.php\/wp-json\/wp\/v2\/categories?post=29761"},{"taxonomy":"post_tag","embeddable":true,"href":"https:\/\/apuntesdesanluis.com\/index.php\/wp-json\/wp\/v2\/tags?post=29761"}],"curies":[{"name":"wp","href":"https:\/\/api.w.org\/{rel}","templated":true}]}}