{"id":29768,"date":"2025-02-25T10:32:33","date_gmt":"2025-02-25T13:32:33","guid":{"rendered":"https:\/\/apuntesdesanluis.com\/?p=29768"},"modified":"2025-02-25T10:32:33","modified_gmt":"2025-02-25T13:32:33","slug":"generacion-zoe-leonardo-cositorto-fue-condenado-a-16-anos-de-prision","status":"publish","type":"post","link":"https:\/\/apuntesdesanluis.com\/index.php\/2025\/02\/25\/generacion-zoe-leonardo-cositorto-fue-condenado-a-16-anos-de-prision\/","title":{"rendered":"GENERACI\u00d3N ZOE: LEONARDO COSITORTO FUE CONDENADO A 16 A\u00d1OS DE PRISI\u00d3N"},"content":{"rendered":"<h3>El Tribunal de Goya conden\u00f3 a <strong>Leonardo Cositorto<\/strong>, el l\u00edder de <strong>Generaci\u00f3n Zoe<\/strong>, a 16 a\u00f1os de prisi\u00f3n tras ser declarado culpable por los delitos de asociaci\u00f3n il\u00edcita y estafa en la provincia de Corrientes.<\/h3>\n<h3>Este martes el Tribunal dictamin\u00f3 la pena m\u00e1xima de 16 a\u00f1os de c\u00e1rcel contra Cositorto, mientras que Miguel \u00c1ngel Echegaray fue condenado a 11 a\u00f1os, Maximiliano Javier Batista a 14, y Lucas Dami\u00e1n Camelino a 12 a\u00f1os.<\/h3>\n<h3>Todos ellos fueron hallados responsables por ser integrantes de dicha asociaci\u00f3n il\u00edcita y coautores de estafa con modalidad de delito continuado.<\/h3>\n<p><img fetchpriority=\"high\" decoding=\"async\" class=\"wp-image-29769 aligncenter\" src=\"https:\/\/apuntesdesanluis.com\/wp-content\/uploads\/2025\/02\/cositorto-1-300x213.png\" alt=\"\" width=\"607\" height=\"431\" srcset=\"https:\/\/apuntesdesanluis.com\/wp-content\/uploads\/2025\/02\/cositorto-1-300x213.png 300w, https:\/\/apuntesdesanluis.com\/wp-content\/uploads\/2025\/02\/cositorto-1-768x545.png 768w, https:\/\/apuntesdesanluis.com\/wp-content\/uploads\/2025\/02\/cositorto-1.png 809w\" sizes=\"(max-width: 607px) 100vw, 607px\" \/><\/p>\n<h3>Por su parte, Nicol\u00e1s Camelino y Javier Medina recibieron la absoluci\u00f3n luego de que los magistrados resolvieron un veredicto de inocencia.<\/h3>\n<h3>&#8220;Mi prisi\u00f3n preventiva vence el pr\u00f3ximo 4 de abril y si la condena no est\u00e1 firme deber\u00eda salir. La pueden estirar si quieren hasta fines de mayo cuando se inicia la causa en Rosario, pero en s\u00ed queda poco&#8221;, a\u00f1adi\u00f3 el empresario que junto a los dem\u00e1s imputados ser\u00e1n juzgados en las provincias de C\u00f3rdoba, Santa Fe, Salta y Buenos Aires.<\/h3>\n<h3>En este sentido, Cositorto afirm\u00f3 que &#8220;lo quieren ver preso&#8221; y que la Justicia le tiene &#8220;miedo&#8221;: &#8220;En ning\u00fan momento estaf\u00e9 ni realic\u00e9 ninguna asociaci\u00f3n il\u00edcita&#8221;.<\/h3>\n<h3>Uno de los puntos que cuestiona el empresario sobre la resoluci\u00f3n se vincula con que habr\u00eda viajado a Dub\u00e1i y en esa ciudad mont\u00f3 la asociaci\u00f3n il\u00edcita en la localidad de Goya: &#8220;Es una cosa que no tiene goyete, una ridiculez absoluta&#8221;.<\/h3>\n<h3>&#8220;Nos bloquearon las cuentas bancarias, nos sacaron 611 bitcoins, nos repusieron 155 millones de d\u00f3lares en criptomonedas, nos quitaron 37 emprendimientos y se llevaron m\u00e1s de 30 autos. Reclaman U$S200 mil que ni siquiera me dejaron pagar&#8221;, enumer\u00f3 Cositorto.<\/h3>\n<h3>Con respecto a la criotomoneda $Libra difundida por el presidente Javier Milei en sus redes sociales, el fundador de Generaci\u00f3n Zoe opin\u00f3: &#8220;No creo en la deshonestidad del mandatario, pero el c\u00edrculo \u00edntimo le pifi\u00f3&#8221;.<\/h3>\n<h3>El juez Carbajal mencion\u00f3 los hechos, viajes y fechas en las que la organizaci\u00f3n se instal\u00f3 en la localidad de Goya y el esquema de reconocimiento de jerarqu\u00eda para acreditar la existencia de esta organizaci\u00f3n: &#8220;Est\u00e1 comprobado documentadamente que se instalaron en la localidad de Goya y que la asociaci\u00f3n il\u00edcita y el dolo por estafa existi\u00f3 desde el principio&#8221;.<\/h3>\n<h3><\/h3>\n<p>&nbsp;<\/p>\n<p>&nbsp;<\/p>\n<p>&nbsp;<\/p>\n<h3><\/h3>\n<p>&nbsp;<\/p>\n<p>&nbsp;<\/p>\n","protected":false},"excerpt":{"rendered":"<p>El Tribunal de Goya conden\u00f3 a Leonardo Cositorto, el l\u00edder de Generaci\u00f3n Zoe, a 16&#8230;<\/p>\n","protected":false},"author":1,"featured_media":29770,"comment_status":"closed","ping_status":"closed","sticky":false,"template":"","format":"standard","meta":{"footnotes":""},"categories":[5],"tags":[],"class_list":["post-29768","post","type-post","status-publish","format-standard","has-post-thumbnail","hentry","category-nacionales-internacionales"],"yoast_head":"<!-- This site is optimized with the Yoast SEO plugin v26.1.1 - https:\/\/yoast.com\/wordpress\/plugins\/seo\/ -->\n<title>GENERACI\u00d3N ZOE: LEONARDO COSITORTO FUE CONDENADO A 16 A\u00d1OS DE PRISI\u00d3N - Apuntes de San Luis<\/title>\n<meta name=\"robots\" content=\"index, follow, max-snippet:-1, max-image-preview:large, max-video-preview:-1\" \/>\n<link rel=\"canonical\" href=\"https:\/\/apuntesdesanluis.com\/index.php\/2025\/02\/25\/generacion-zoe-leonardo-cositorto-fue-condenado-a-16-anos-de-prision\/\" \/>\n<meta property=\"og:locale\" content=\"es_ES\" \/>\n<meta property=\"og:type\" content=\"article\" \/>\n<meta property=\"og:title\" content=\"GENERACI\u00d3N ZOE: LEONARDO COSITORTO FUE CONDENADO A 16 A\u00d1OS DE PRISI\u00d3N - Apuntes de San Luis\" \/>\n<meta property=\"og:description\" content=\"El Tribunal de Goya conden\u00f3 a Leonardo Cositorto, el l\u00edder de Generaci\u00f3n Zoe, a 16...\" \/>\n<meta property=\"og:url\" content=\"https:\/\/apuntesdesanluis.com\/index.php\/2025\/02\/25\/generacion-zoe-leonardo-cositorto-fue-condenado-a-16-anos-de-prision\/\" \/>\n<meta property=\"og:site_name\" content=\"Apuntes de San Luis\" \/>\n<meta property=\"article:published_time\" content=\"2025-02-25T13:32:33+00:00\" \/>\n<meta property=\"og:image\" content=\"https:\/\/apuntesdesanluis.com\/wp-content\/uploads\/2025\/02\/cositorto-detenido.png\" \/>\n\t<meta property=\"og:image:width\" content=\"746\" \/>\n\t<meta property=\"og:image:height\" content=\"423\" \/>\n\t<meta property=\"og:image:type\" content=\"image\/png\" \/>\n<meta name=\"author\" content=\"apuntesdesanluis.com\" \/>\n<meta name=\"twitter:card\" content=\"summary_large_image\" \/>\n<meta name=\"twitter:label1\" content=\"Escrito por\" \/>\n\t<meta name=\"twitter:data1\" content=\"apuntesdesanluis.com\" \/>\n\t<meta name=\"twitter:label2\" content=\"Tiempo de lectura\" \/>\n\t<meta name=\"twitter:data2\" content=\"3 minutos\" \/>\n<script type=\"application\/ld+json\" class=\"yoast-schema-graph\">{\"@context\":\"https:\/\/schema.org\",\"@graph\":[{\"@type\":\"Article\",\"@id\":\"https:\/\/apuntesdesanluis.com\/index.php\/2025\/02\/25\/generacion-zoe-leonardo-cositorto-fue-condenado-a-16-anos-de-prision\/#article\",\"isPartOf\":{\"@id\":\"https:\/\/apuntesdesanluis.com\/index.php\/2025\/02\/25\/generacion-zoe-leonardo-cositorto-fue-condenado-a-16-anos-de-prision\/\"},\"author\":{\"name\":\"apuntesdesanluis.com\",\"@id\":\"https:\/\/apuntesdesanluis.com\/#\/schema\/person\/b55151d52296fcce64d1a72538a70b90\"},\"headline\":\"GENERACI\u00d3N ZOE: LEONARDO COSITORTO FUE CONDENADO A 16 A\u00d1OS DE PRISI\u00d3N\",\"datePublished\":\"2025-02-25T13:32:33+00:00\",\"mainEntityOfPage\":{\"@id\":\"https:\/\/apuntesdesanluis.com\/index.php\/2025\/02\/25\/generacion-zoe-leonardo-cositorto-fue-condenado-a-16-anos-de-prision\/\"},\"wordCount\":426,\"publisher\":{\"@id\":\"https:\/\/apuntesdesanluis.com\/#\/schema\/person\/b55151d52296fcce64d1a72538a70b90\"},\"image\":{\"@id\":\"https:\/\/apuntesdesanluis.com\/index.php\/2025\/02\/25\/generacion-zoe-leonardo-cositorto-fue-condenado-a-16-anos-de-prision\/#primaryimage\"},\"thumbnailUrl\":\"https:\/\/apuntesdesanluis.com\/wp-content\/uploads\/2025\/02\/cositorto-detenido.png\",\"articleSection\":[\"Nacionales\/Internacionales\"],\"inLanguage\":\"es-AR\"},{\"@type\":\"WebPage\",\"@id\":\"https:\/\/apuntesdesanluis.com\/index.php\/2025\/02\/25\/generacion-zoe-leonardo-cositorto-fue-condenado-a-16-anos-de-prision\/\",\"url\":\"https:\/\/apuntesdesanluis.com\/index.php\/2025\/02\/25\/generacion-zoe-leonardo-cositorto-fue-condenado-a-16-anos-de-prision\/\",\"name\":\"GENERACI\u00d3N ZOE: LEONARDO COSITORTO FUE CONDENADO A 16 A\u00d1OS DE PRISI\u00d3N - Apuntes de San Luis\",\"isPartOf\":{\"@id\":\"https:\/\/apuntesdesanluis.com\/#website\"},\"primaryImageOfPage\":{\"@id\":\"https:\/\/apuntesdesanluis.com\/index.php\/2025\/02\/25\/generacion-zoe-leonardo-cositorto-fue-condenado-a-16-anos-de-prision\/#primaryimage\"},\"image\":{\"@id\":\"https:\/\/apuntesdesanluis.com\/index.php\/2025\/02\/25\/generacion-zoe-leonardo-cositorto-fue-condenado-a-16-anos-de-prision\/#primaryimage\"},\"thumbnailUrl\":\"https:\/\/apuntesdesanluis.com\/wp-content\/uploads\/2025\/02\/cositorto-detenido.png\",\"datePublished\":\"2025-02-25T13:32:33+00:00\",\"breadcrumb\":{\"@id\":\"https:\/\/apuntesdesanluis.com\/index.php\/2025\/02\/25\/generacion-zoe-leonardo-cositorto-fue-condenado-a-16-anos-de-prision\/#breadcrumb\"},\"inLanguage\":\"es-AR\",\"potentialAction\":[{\"@type\":\"ReadAction\",\"target\":[\"https:\/\/apuntesdesanluis.com\/index.php\/2025\/02\/25\/generacion-zoe-leonardo-cositorto-fue-condenado-a-16-anos-de-prision\/\"]}]},{\"@type\":\"ImageObject\",\"inLanguage\":\"es-AR\",\"@id\":\"https:\/\/apuntesdesanluis.com\/index.php\/2025\/02\/25\/generacion-zoe-leonardo-cositorto-fue-condenado-a-16-anos-de-prision\/#primaryimage\",\"url\":\"https:\/\/apuntesdesanluis.com\/wp-content\/uploads\/2025\/02\/cositorto-detenido.png\",\"contentUrl\":\"https:\/\/apuntesdesanluis.com\/wp-content\/uploads\/2025\/02\/cositorto-detenido.png\",\"width\":746,\"height\":423},{\"@type\":\"BreadcrumbList\",\"@id\":\"https:\/\/apuntesdesanluis.com\/index.php\/2025\/02\/25\/generacion-zoe-leonardo-cositorto-fue-condenado-a-16-anos-de-prision\/#breadcrumb\",\"itemListElement\":[{\"@type\":\"ListItem\",\"position\":1,\"name\":\"Inicio\",\"item\":\"https:\/\/apuntesdesanluis.com\/\"},{\"@type\":\"ListItem\",\"position\":2,\"name\":\"GENERACI\u00d3N ZOE: LEONARDO COSITORTO FUE CONDENADO A 16 A\u00d1OS DE PRISI\u00d3N\"}]},{\"@type\":\"WebSite\",\"@id\":\"https:\/\/apuntesdesanluis.com\/#website\",\"url\":\"https:\/\/apuntesdesanluis.com\/\",\"name\":\"Apuntes de San Luis\",\"description\":\"\",\"publisher\":{\"@id\":\"https:\/\/apuntesdesanluis.com\/#\/schema\/person\/b55151d52296fcce64d1a72538a70b90\"},\"potentialAction\":[{\"@type\":\"SearchAction\",\"target\":{\"@type\":\"EntryPoint\",\"urlTemplate\":\"https:\/\/apuntesdesanluis.com\/?s={search_term_string}\"},\"query-input\":{\"@type\":\"PropertyValueSpecification\",\"valueRequired\":true,\"valueName\":\"search_term_string\"}}],\"inLanguage\":\"es-AR\"},{\"@type\":[\"Person\",\"Organization\"],\"@id\":\"https:\/\/apuntesdesanluis.com\/#\/schema\/person\/b55151d52296fcce64d1a72538a70b90\",\"name\":\"apuntesdesanluis.com\",\"image\":{\"@type\":\"ImageObject\",\"inLanguage\":\"es-AR\",\"@id\":\"https:\/\/apuntesdesanluis.com\/#\/schema\/person\/image\/\",\"url\":\"https:\/\/apuntesdesanluis.com\/wp-content\/uploads\/2023\/07\/cropped-apuntesdesanluis.png\",\"contentUrl\":\"https:\/\/apuntesdesanluis.com\/wp-content\/uploads\/2023\/07\/cropped-apuntesdesanluis.png\",\"width\":450,\"height\":112,\"caption\":\"apuntesdesanluis.com\"},\"logo\":{\"@id\":\"https:\/\/apuntesdesanluis.com\/#\/schema\/person\/image\/\"},\"sameAs\":[\"https:\/\/apuntesdesanluis.com\"],\"url\":\"https:\/\/apuntesdesanluis.com\/index.php\/author\/apuntesdesanluis-com\/\"}]}<\/script>\n<!-- \/ Yoast SEO plugin. -->","yoast_head_json":{"title":"GENERACI\u00d3N ZOE: LEONARDO COSITORTO FUE CONDENADO A 16 A\u00d1OS DE PRISI\u00d3N - Apuntes de San Luis","robots":{"index":"index","follow":"follow","max-snippet":"max-snippet:-1","max-image-preview":"max-image-preview:large","max-video-preview":"max-video-preview:-1"},"canonical":"https:\/\/apuntesdesanluis.com\/index.php\/2025\/02\/25\/generacion-zoe-leonardo-cositorto-fue-condenado-a-16-anos-de-prision\/","og_locale":"es_ES","og_type":"article","og_title":"GENERACI\u00d3N ZOE: LEONARDO COSITORTO FUE CONDENADO A 16 A\u00d1OS DE PRISI\u00d3N - Apuntes de San Luis","og_description":"El Tribunal de Goya conden\u00f3 a Leonardo Cositorto, el l\u00edder de Generaci\u00f3n Zoe, a 16...","og_url":"https:\/\/apuntesdesanluis.com\/index.php\/2025\/02\/25\/generacion-zoe-leonardo-cositorto-fue-condenado-a-16-anos-de-prision\/","og_site_name":"Apuntes de San Luis","article_published_time":"2025-02-25T13:32:33+00:00","og_image":[{"width":746,"height":423,"url":"https:\/\/apuntesdesanluis.com\/wp-content\/uploads\/2025\/02\/cositorto-detenido.png","type":"image\/png"}],"author":"apuntesdesanluis.com","twitter_card":"summary_large_image","twitter_misc":{"Escrito por":"apuntesdesanluis.com","Tiempo de lectura":"3 minutos"},"schema":{"@context":"https:\/\/schema.org","@graph":[{"@type":"Article","@id":"https:\/\/apuntesdesanluis.com\/index.php\/2025\/02\/25\/generacion-zoe-leonardo-cositorto-fue-condenado-a-16-anos-de-prision\/#article","isPartOf":{"@id":"https:\/\/apuntesdesanluis.com\/index.php\/2025\/02\/25\/generacion-zoe-leonardo-cositorto-fue-condenado-a-16-anos-de-prision\/"},"author":{"name":"apuntesdesanluis.com","@id":"https:\/\/apuntesdesanluis.com\/#\/schema\/person\/b55151d52296fcce64d1a72538a70b90"},"headline":"GENERACI\u00d3N ZOE: LEONARDO COSITORTO FUE CONDENADO A 16 A\u00d1OS DE PRISI\u00d3N","datePublished":"2025-02-25T13:32:33+00:00","mainEntityOfPage":{"@id":"https:\/\/apuntesdesanluis.com\/index.php\/2025\/02\/25\/generacion-zoe-leonardo-cositorto-fue-condenado-a-16-anos-de-prision\/"},"wordCount":426,"publisher":{"@id":"https:\/\/apuntesdesanluis.com\/#\/schema\/person\/b55151d52296fcce64d1a72538a70b90"},"image":{"@id":"https:\/\/apuntesdesanluis.com\/index.php\/2025\/02\/25\/generacion-zoe-leonardo-cositorto-fue-condenado-a-16-anos-de-prision\/#primaryimage"},"thumbnailUrl":"https:\/\/apuntesdesanluis.com\/wp-content\/uploads\/2025\/02\/cositorto-detenido.png","articleSection":["Nacionales\/Internacionales"],"inLanguage":"es-AR"},{"@type":"WebPage","@id":"https:\/\/apuntesdesanluis.com\/index.php\/2025\/02\/25\/generacion-zoe-leonardo-cositorto-fue-condenado-a-16-anos-de-prision\/","url":"https:\/\/apuntesdesanluis.com\/index.php\/2025\/02\/25\/generacion-zoe-leonardo-cositorto-fue-condenado-a-16-anos-de-prision\/","name":"GENERACI\u00d3N ZOE: LEONARDO COSITORTO FUE CONDENADO A 16 A\u00d1OS DE PRISI\u00d3N - Apuntes de San Luis","isPartOf":{"@id":"https:\/\/apuntesdesanluis.com\/#website"},"primaryImageOfPage":{"@id":"https:\/\/apuntesdesanluis.com\/index.php\/2025\/02\/25\/generacion-zoe-leonardo-cositorto-fue-condenado-a-16-anos-de-prision\/#primaryimage"},"image":{"@id":"https:\/\/apuntesdesanluis.com\/index.php\/2025\/02\/25\/generacion-zoe-leonardo-cositorto-fue-condenado-a-16-anos-de-prision\/#primaryimage"},"thumbnailUrl":"https:\/\/apuntesdesanluis.com\/wp-content\/uploads\/2025\/02\/cositorto-detenido.png","datePublished":"2025-02-25T13:32:33+00:00","breadcrumb":{"@id":"https:\/\/apuntesdesanluis.com\/index.php\/2025\/02\/25\/generacion-zoe-leonardo-cositorto-fue-condenado-a-16-anos-de-prision\/#breadcrumb"},"inLanguage":"es-AR","potentialAction":[{"@type":"ReadAction","target":["https:\/\/apuntesdesanluis.com\/index.php\/2025\/02\/25\/generacion-zoe-leonardo-cositorto-fue-condenado-a-16-anos-de-prision\/"]}]},{"@type":"ImageObject","inLanguage":"es-AR","@id":"https:\/\/apuntesdesanluis.com\/index.php\/2025\/02\/25\/generacion-zoe-leonardo-cositorto-fue-condenado-a-16-anos-de-prision\/#primaryimage","url":"https:\/\/apuntesdesanluis.com\/wp-content\/uploads\/2025\/02\/cositorto-detenido.png","contentUrl":"https:\/\/apuntesdesanluis.com\/wp-content\/uploads\/2025\/02\/cositorto-detenido.png","width":746,"height":423},{"@type":"BreadcrumbList","@id":"https:\/\/apuntesdesanluis.com\/index.php\/2025\/02\/25\/generacion-zoe-leonardo-cositorto-fue-condenado-a-16-anos-de-prision\/#breadcrumb","itemListElement":[{"@type":"ListItem","position":1,"name":"Inicio","item":"https:\/\/apuntesdesanluis.com\/"},{"@type":"ListItem","position":2,"name":"GENERACI\u00d3N ZOE: LEONARDO COSITORTO FUE CONDENADO A 16 A\u00d1OS DE PRISI\u00d3N"}]},{"@type":"WebSite","@id":"https:\/\/apuntesdesanluis.com\/#website","url":"https:\/\/apuntesdesanluis.com\/","name":"Apuntes de San Luis","description":"","publisher":{"@id":"https:\/\/apuntesdesanluis.com\/#\/schema\/person\/b55151d52296fcce64d1a72538a70b90"},"potentialAction":[{"@type":"SearchAction","target":{"@type":"EntryPoint","urlTemplate":"https:\/\/apuntesdesanluis.com\/?s={search_term_string}"},"query-input":{"@type":"PropertyValueSpecification","valueRequired":true,"valueName":"search_term_string"}}],"inLanguage":"es-AR"},{"@type":["Person","Organization"],"@id":"https:\/\/apuntesdesanluis.com\/#\/schema\/person\/b55151d52296fcce64d1a72538a70b90","name":"apuntesdesanluis.com","image":{"@type":"ImageObject","inLanguage":"es-AR","@id":"https:\/\/apuntesdesanluis.com\/#\/schema\/person\/image\/","url":"https:\/\/apuntesdesanluis.com\/wp-content\/uploads\/2023\/07\/cropped-apuntesdesanluis.png","contentUrl":"https:\/\/apuntesdesanluis.com\/wp-content\/uploads\/2023\/07\/cropped-apuntesdesanluis.png","width":450,"height":112,"caption":"apuntesdesanluis.com"},"logo":{"@id":"https:\/\/apuntesdesanluis.com\/#\/schema\/person\/image\/"},"sameAs":["https:\/\/apuntesdesanluis.com"],"url":"https:\/\/apuntesdesanluis.com\/index.php\/author\/apuntesdesanluis-com\/"}]}},"featured_image_urls":{"full":["https:\/\/apuntesdesanluis.com\/wp-content\/uploads\/2025\/02\/cositorto-detenido.png",746,423,false],"thumbnail":["https:\/\/apuntesdesanluis.com\/wp-content\/uploads\/2025\/02\/cositorto-detenido-150x150.png",150,150,true],"medium":["https:\/\/apuntesdesanluis.com\/wp-content\/uploads\/2025\/02\/cositorto-detenido-300x170.png",300,170,true],"medium_large":["https:\/\/apuntesdesanluis.com\/wp-content\/uploads\/2025\/02\/cositorto-detenido.png",640,363,false],"large":["https:\/\/apuntesdesanluis.com\/wp-content\/uploads\/2025\/02\/cositorto-detenido.png",640,363,false],"1536x1536":["https:\/\/apuntesdesanluis.com\/wp-content\/uploads\/2025\/02\/cositorto-detenido.png",746,423,false],"2048x2048":["https:\/\/apuntesdesanluis.com\/wp-content\/uploads\/2025\/02\/cositorto-detenido.png",746,423,false],"newsever-slider-full":["https:\/\/apuntesdesanluis.com\/wp-content\/uploads\/2025\/02\/cositorto-detenido.png",746,423,false],"newsever-featured":["https:\/\/apuntesdesanluis.com\/wp-content\/uploads\/2025\/02\/cositorto-detenido.png",746,423,false],"newsever-medium":["https:\/\/apuntesdesanluis.com\/wp-content\/uploads\/2025\/02\/cositorto-detenido-720x423.png",720,423,true]},"author_info":{"display_name":"apuntesdesanluis.com","author_link":"https:\/\/apuntesdesanluis.com\/index.php\/author\/apuntesdesanluis-com\/"},"category_info":"<a href=\"https:\/\/apuntesdesanluis.com\/index.php\/category\/nacionales-internacionales\/\" rel=\"category tag\">Nacionales\/Internacionales<\/a>","tag_info":"Nacionales\/Internacionales","comment_count":"0","_links":{"self":[{"href":"https:\/\/apuntesdesanluis.com\/index.php\/wp-json\/wp\/v2\/posts\/29768","targetHints":{"allow":["GET"]}}],"collection":[{"href":"https:\/\/apuntesdesanluis.com\/index.php\/wp-json\/wp\/v2\/posts"}],"about":[{"href":"https:\/\/apuntesdesanluis.com\/index.php\/wp-json\/wp\/v2\/types\/post"}],"author":[{"embeddable":true,"href":"https:\/\/apuntesdesanluis.com\/index.php\/wp-json\/wp\/v2\/users\/1"}],"replies":[{"embeddable":true,"href":"https:\/\/apuntesdesanluis.com\/index.php\/wp-json\/wp\/v2\/comments?post=29768"}],"version-history":[{"count":1,"href":"https:\/\/apuntesdesanluis.com\/index.php\/wp-json\/wp\/v2\/posts\/29768\/revisions"}],"predecessor-version":[{"id":29771,"href":"https:\/\/apuntesdesanluis.com\/index.php\/wp-json\/wp\/v2\/posts\/29768\/revisions\/29771"}],"wp:featuredmedia":[{"embeddable":true,"href":"https:\/\/apuntesdesanluis.com\/index.php\/wp-json\/wp\/v2\/media\/29770"}],"wp:attachment":[{"href":"https:\/\/apuntesdesanluis.com\/index.php\/wp-json\/wp\/v2\/media?parent=29768"}],"wp:term":[{"taxonomy":"category","embeddable":true,"href":"https:\/\/apuntesdesanluis.com\/index.php\/wp-json\/wp\/v2\/categories?post=29768"},{"taxonomy":"post_tag","embeddable":true,"href":"https:\/\/apuntesdesanluis.com\/index.php\/wp-json\/wp\/v2\/tags?post=29768"}],"curies":[{"name":"wp","href":"https:\/\/api.w.org\/{rel}","templated":true}]}}