{"id":29772,"date":"2025-02-25T10:58:41","date_gmt":"2025-02-25T13:58:41","guid":{"rendered":"https:\/\/apuntesdesanluis.com\/?p=29772"},"modified":"2025-02-25T10:58:41","modified_gmt":"2025-02-25T13:58:41","slug":"molino-fenix-la-audiencia-de-formulacion-de-cargos-se-realizara-el-6-de-marzo","status":"publish","type":"post","link":"https:\/\/apuntesdesanluis.com\/index.php\/2025\/02\/25\/molino-fenix-la-audiencia-de-formulacion-de-cargos-se-realizara-el-6-de-marzo\/","title":{"rendered":"MOLINO FENIX: LA AUDIENCIA DE FORMULACI\u00d3N DE CARGOS SE REALIZAR\u00c1 EL 6 DE MARZO"},"content":{"rendered":"<h3>Rechazada la recusaci\u00f3n que se interpuso contra el titular del Juzgado de Garant\u00eda N\u00ba 4 de la Segunda Circunscripci\u00f3n Judicial, el pr\u00f3ximo jueves se dar\u00e1 continuidad al proceso judicial que se sigue contra ex funcionarios del gobierno provincial, acusados por corrupci\u00f3n.<\/h3>\n<h3>El pr\u00f3ximo 6 de marzo es la fecha fijada para la audiencia de formulaci\u00f3n de cargos del caso que investiga la comisi\u00f3n de posibles hechos delictivos en la Casa de la M\u00fasica del Molino F\u00e9nix de Villa Mercedes.<\/h3>\n<h3>El inicio de la audiencia est\u00e1 previsto para las 8.30 hs en la sala de audiencias del Juzgado de Garant\u00eda N\u00ba 4 de la Segunda Circunscripci\u00f3n Judicial, a cargo del Dr. <strong>Santiago Ortiz<\/strong>.<\/h3>\n<h3>En la primera audiencia desarrollada el pasado viernes, los Dres. Gonzalo Estrada y Carlos Cobo \u2013Defensores de Joaqu\u00edn Beltr\u00e1n- plantearon la nulidad de la denuncia que dio inicio a la investigaci\u00f3n, planteo que fue rechazado por el Juez. Luego \u00a0\u00a0solicitaron el apartamiento del magistrado invocando la causal de temor de parcialidad, por lo que el Juez resolvi\u00f3 proseguir el tr\u00e1mite seg\u00fan lo previsto en el Art. 35 del C\u00f3digo Procesal Penal (CPP).<\/h3>\n<h3>Posteriormente, el Tribunal de Impugnaciones de la Segunda Circunscripci\u00f3n Judicial integrado por los Dres. Hern\u00e1n Herrera, Mar\u00eda Monserrath Bocca y Marcelo Bustamante rechaz\u00f3 la recusaci\u00f3n interpuesta por la Defensa, en contra del Dr. Santiago Ortiz, Juez de Garant\u00eda N\u00ba 4, por no configurarse las causales previstas en el C\u00f3digo Procesal Penal de San Luis.<\/h3>\n<h3>En la causa est\u00e1n imputados el diputado provincial <strong>Joaqu\u00edn Beltr\u00e1n<\/strong>, el ex jefe de Eventos, <strong>Enzo Lucero<\/strong>, el ex coordinador del Teatro, <strong>Diego Torres<\/strong>, y el ex coordinador de la Casa de la M\u00fasica, <strong>Exequiel Scarel<\/strong>. Todos est\u00e1n acusados de delitos como robo calificado por poblado y en banda, peculado y defraudaci\u00f3n a la administraci\u00f3n p\u00fablica.<\/h3>\n<p>&nbsp;<\/p>\n<p>&nbsp;<\/p>\n<p>&nbsp;<\/p>\n<p>&nbsp;<\/p>\n<p>&nbsp;<\/p>\n<p>&nbsp;<\/p>\n","protected":false},"excerpt":{"rendered":"<p>Rechazada la recusaci\u00f3n que se interpuso contra el titular del Juzgado de Garant\u00eda N\u00ba 4&#8230;<\/p>\n","protected":false},"author":1,"featured_media":29773,"comment_status":"closed","ping_status":"closed","sticky":false,"template":"","format":"standard","meta":{"footnotes":""},"categories":[6],"tags":[],"class_list":["post-29772","post","type-post","status-publish","format-standard","has-post-thumbnail","hentry","category-ciudad-provincia"],"yoast_head":"<!-- This site is optimized with the Yoast SEO plugin v26.1.1 - https:\/\/yoast.com\/wordpress\/plugins\/seo\/ -->\n<title>MOLINO FENIX: LA AUDIENCIA DE FORMULACI\u00d3N DE CARGOS SE REALIZAR\u00c1 EL 6 DE MARZO - Apuntes de San Luis<\/title>\n<meta name=\"robots\" content=\"index, follow, max-snippet:-1, max-image-preview:large, max-video-preview:-1\" \/>\n<link rel=\"canonical\" href=\"https:\/\/apuntesdesanluis.com\/index.php\/2025\/02\/25\/molino-fenix-la-audiencia-de-formulacion-de-cargos-se-realizara-el-6-de-marzo\/\" \/>\n<meta property=\"og:locale\" content=\"es_ES\" \/>\n<meta property=\"og:type\" content=\"article\" \/>\n<meta property=\"og:title\" content=\"MOLINO FENIX: LA AUDIENCIA DE FORMULACI\u00d3N DE CARGOS SE REALIZAR\u00c1 EL 6 DE MARZO - Apuntes de San Luis\" \/>\n<meta property=\"og:description\" content=\"Rechazada la recusaci\u00f3n que se interpuso contra el titular del Juzgado de Garant\u00eda N\u00ba 4...\" \/>\n<meta property=\"og:url\" content=\"https:\/\/apuntesdesanluis.com\/index.php\/2025\/02\/25\/molino-fenix-la-audiencia-de-formulacion-de-cargos-se-realizara-el-6-de-marzo\/\" \/>\n<meta property=\"og:site_name\" content=\"Apuntes de San Luis\" \/>\n<meta property=\"article:published_time\" content=\"2025-02-25T13:58:41+00:00\" \/>\n<meta property=\"og:image\" content=\"https:\/\/apuntesdesanluis.com\/wp-content\/uploads\/2025\/02\/casa-de-la-musica.png\" \/>\n\t<meta property=\"og:image:width\" content=\"683\" \/>\n\t<meta property=\"og:image:height\" content=\"398\" \/>\n\t<meta property=\"og:image:type\" content=\"image\/png\" \/>\n<meta name=\"author\" content=\"apuntesdesanluis.com\" \/>\n<meta name=\"twitter:card\" content=\"summary_large_image\" \/>\n<meta name=\"twitter:label1\" content=\"Escrito por\" \/>\n\t<meta name=\"twitter:data1\" content=\"apuntesdesanluis.com\" \/>\n\t<meta name=\"twitter:label2\" content=\"Tiempo de lectura\" \/>\n\t<meta name=\"twitter:data2\" content=\"2 minutos\" \/>\n<script type=\"application\/ld+json\" class=\"yoast-schema-graph\">{\"@context\":\"https:\/\/schema.org\",\"@graph\":[{\"@type\":\"Article\",\"@id\":\"https:\/\/apuntesdesanluis.com\/index.php\/2025\/02\/25\/molino-fenix-la-audiencia-de-formulacion-de-cargos-se-realizara-el-6-de-marzo\/#article\",\"isPartOf\":{\"@id\":\"https:\/\/apuntesdesanluis.com\/index.php\/2025\/02\/25\/molino-fenix-la-audiencia-de-formulacion-de-cargos-se-realizara-el-6-de-marzo\/\"},\"author\":{\"name\":\"apuntesdesanluis.com\",\"@id\":\"https:\/\/apuntesdesanluis.com\/#\/schema\/person\/b55151d52296fcce64d1a72538a70b90\"},\"headline\":\"MOLINO FENIX: LA AUDIENCIA DE FORMULACI\u00d3N DE CARGOS SE REALIZAR\u00c1 EL 6 DE MARZO\",\"datePublished\":\"2025-02-25T13:58:41+00:00\",\"mainEntityOfPage\":{\"@id\":\"https:\/\/apuntesdesanluis.com\/index.php\/2025\/02\/25\/molino-fenix-la-audiencia-de-formulacion-de-cargos-se-realizara-el-6-de-marzo\/\"},\"wordCount\":340,\"publisher\":{\"@id\":\"https:\/\/apuntesdesanluis.com\/#\/schema\/person\/b55151d52296fcce64d1a72538a70b90\"},\"image\":{\"@id\":\"https:\/\/apuntesdesanluis.com\/index.php\/2025\/02\/25\/molino-fenix-la-audiencia-de-formulacion-de-cargos-se-realizara-el-6-de-marzo\/#primaryimage\"},\"thumbnailUrl\":\"https:\/\/apuntesdesanluis.com\/wp-content\/uploads\/2025\/02\/casa-de-la-musica.png\",\"articleSection\":[\"Ciudad\/Provincia\"],\"inLanguage\":\"es-AR\"},{\"@type\":\"WebPage\",\"@id\":\"https:\/\/apuntesdesanluis.com\/index.php\/2025\/02\/25\/molino-fenix-la-audiencia-de-formulacion-de-cargos-se-realizara-el-6-de-marzo\/\",\"url\":\"https:\/\/apuntesdesanluis.com\/index.php\/2025\/02\/25\/molino-fenix-la-audiencia-de-formulacion-de-cargos-se-realizara-el-6-de-marzo\/\",\"name\":\"MOLINO FENIX: LA AUDIENCIA DE FORMULACI\u00d3N DE CARGOS SE REALIZAR\u00c1 EL 6 DE MARZO - Apuntes de San Luis\",\"isPartOf\":{\"@id\":\"https:\/\/apuntesdesanluis.com\/#website\"},\"primaryImageOfPage\":{\"@id\":\"https:\/\/apuntesdesanluis.com\/index.php\/2025\/02\/25\/molino-fenix-la-audiencia-de-formulacion-de-cargos-se-realizara-el-6-de-marzo\/#primaryimage\"},\"image\":{\"@id\":\"https:\/\/apuntesdesanluis.com\/index.php\/2025\/02\/25\/molino-fenix-la-audiencia-de-formulacion-de-cargos-se-realizara-el-6-de-marzo\/#primaryimage\"},\"thumbnailUrl\":\"https:\/\/apuntesdesanluis.com\/wp-content\/uploads\/2025\/02\/casa-de-la-musica.png\",\"datePublished\":\"2025-02-25T13:58:41+00:00\",\"breadcrumb\":{\"@id\":\"https:\/\/apuntesdesanluis.com\/index.php\/2025\/02\/25\/molino-fenix-la-audiencia-de-formulacion-de-cargos-se-realizara-el-6-de-marzo\/#breadcrumb\"},\"inLanguage\":\"es-AR\",\"potentialAction\":[{\"@type\":\"ReadAction\",\"target\":[\"https:\/\/apuntesdesanluis.com\/index.php\/2025\/02\/25\/molino-fenix-la-audiencia-de-formulacion-de-cargos-se-realizara-el-6-de-marzo\/\"]}]},{\"@type\":\"ImageObject\",\"inLanguage\":\"es-AR\",\"@id\":\"https:\/\/apuntesdesanluis.com\/index.php\/2025\/02\/25\/molino-fenix-la-audiencia-de-formulacion-de-cargos-se-realizara-el-6-de-marzo\/#primaryimage\",\"url\":\"https:\/\/apuntesdesanluis.com\/wp-content\/uploads\/2025\/02\/casa-de-la-musica.png\",\"contentUrl\":\"https:\/\/apuntesdesanluis.com\/wp-content\/uploads\/2025\/02\/casa-de-la-musica.png\",\"width\":683,\"height\":398},{\"@type\":\"BreadcrumbList\",\"@id\":\"https:\/\/apuntesdesanluis.com\/index.php\/2025\/02\/25\/molino-fenix-la-audiencia-de-formulacion-de-cargos-se-realizara-el-6-de-marzo\/#breadcrumb\",\"itemListElement\":[{\"@type\":\"ListItem\",\"position\":1,\"name\":\"Inicio\",\"item\":\"https:\/\/apuntesdesanluis.com\/\"},{\"@type\":\"ListItem\",\"position\":2,\"name\":\"MOLINO FENIX: LA AUDIENCIA DE FORMULACI\u00d3N DE CARGOS SE REALIZAR\u00c1 EL 6 DE MARZO\"}]},{\"@type\":\"WebSite\",\"@id\":\"https:\/\/apuntesdesanluis.com\/#website\",\"url\":\"https:\/\/apuntesdesanluis.com\/\",\"name\":\"Apuntes de San Luis\",\"description\":\"\",\"publisher\":{\"@id\":\"https:\/\/apuntesdesanluis.com\/#\/schema\/person\/b55151d52296fcce64d1a72538a70b90\"},\"potentialAction\":[{\"@type\":\"SearchAction\",\"target\":{\"@type\":\"EntryPoint\",\"urlTemplate\":\"https:\/\/apuntesdesanluis.com\/?s={search_term_string}\"},\"query-input\":{\"@type\":\"PropertyValueSpecification\",\"valueRequired\":true,\"valueName\":\"search_term_string\"}}],\"inLanguage\":\"es-AR\"},{\"@type\":[\"Person\",\"Organization\"],\"@id\":\"https:\/\/apuntesdesanluis.com\/#\/schema\/person\/b55151d52296fcce64d1a72538a70b90\",\"name\":\"apuntesdesanluis.com\",\"image\":{\"@type\":\"ImageObject\",\"inLanguage\":\"es-AR\",\"@id\":\"https:\/\/apuntesdesanluis.com\/#\/schema\/person\/image\/\",\"url\":\"https:\/\/apuntesdesanluis.com\/wp-content\/uploads\/2023\/07\/cropped-apuntesdesanluis.png\",\"contentUrl\":\"https:\/\/apuntesdesanluis.com\/wp-content\/uploads\/2023\/07\/cropped-apuntesdesanluis.png\",\"width\":450,\"height\":112,\"caption\":\"apuntesdesanluis.com\"},\"logo\":{\"@id\":\"https:\/\/apuntesdesanluis.com\/#\/schema\/person\/image\/\"},\"sameAs\":[\"https:\/\/apuntesdesanluis.com\"],\"url\":\"https:\/\/apuntesdesanluis.com\/index.php\/author\/apuntesdesanluis-com\/\"}]}<\/script>\n<!-- \/ Yoast SEO plugin. -->","yoast_head_json":{"title":"MOLINO FENIX: LA AUDIENCIA DE FORMULACI\u00d3N DE CARGOS SE REALIZAR\u00c1 EL 6 DE MARZO - Apuntes de San Luis","robots":{"index":"index","follow":"follow","max-snippet":"max-snippet:-1","max-image-preview":"max-image-preview:large","max-video-preview":"max-video-preview:-1"},"canonical":"https:\/\/apuntesdesanluis.com\/index.php\/2025\/02\/25\/molino-fenix-la-audiencia-de-formulacion-de-cargos-se-realizara-el-6-de-marzo\/","og_locale":"es_ES","og_type":"article","og_title":"MOLINO FENIX: LA AUDIENCIA DE FORMULACI\u00d3N DE CARGOS SE REALIZAR\u00c1 EL 6 DE MARZO - Apuntes de San Luis","og_description":"Rechazada la recusaci\u00f3n que se interpuso contra el titular del Juzgado de Garant\u00eda N\u00ba 4...","og_url":"https:\/\/apuntesdesanluis.com\/index.php\/2025\/02\/25\/molino-fenix-la-audiencia-de-formulacion-de-cargos-se-realizara-el-6-de-marzo\/","og_site_name":"Apuntes de San Luis","article_published_time":"2025-02-25T13:58:41+00:00","og_image":[{"width":683,"height":398,"url":"https:\/\/apuntesdesanluis.com\/wp-content\/uploads\/2025\/02\/casa-de-la-musica.png","type":"image\/png"}],"author":"apuntesdesanluis.com","twitter_card":"summary_large_image","twitter_misc":{"Escrito por":"apuntesdesanluis.com","Tiempo de lectura":"2 minutos"},"schema":{"@context":"https:\/\/schema.org","@graph":[{"@type":"Article","@id":"https:\/\/apuntesdesanluis.com\/index.php\/2025\/02\/25\/molino-fenix-la-audiencia-de-formulacion-de-cargos-se-realizara-el-6-de-marzo\/#article","isPartOf":{"@id":"https:\/\/apuntesdesanluis.com\/index.php\/2025\/02\/25\/molino-fenix-la-audiencia-de-formulacion-de-cargos-se-realizara-el-6-de-marzo\/"},"author":{"name":"apuntesdesanluis.com","@id":"https:\/\/apuntesdesanluis.com\/#\/schema\/person\/b55151d52296fcce64d1a72538a70b90"},"headline":"MOLINO FENIX: LA AUDIENCIA DE FORMULACI\u00d3N DE CARGOS SE REALIZAR\u00c1 EL 6 DE MARZO","datePublished":"2025-02-25T13:58:41+00:00","mainEntityOfPage":{"@id":"https:\/\/apuntesdesanluis.com\/index.php\/2025\/02\/25\/molino-fenix-la-audiencia-de-formulacion-de-cargos-se-realizara-el-6-de-marzo\/"},"wordCount":340,"publisher":{"@id":"https:\/\/apuntesdesanluis.com\/#\/schema\/person\/b55151d52296fcce64d1a72538a70b90"},"image":{"@id":"https:\/\/apuntesdesanluis.com\/index.php\/2025\/02\/25\/molino-fenix-la-audiencia-de-formulacion-de-cargos-se-realizara-el-6-de-marzo\/#primaryimage"},"thumbnailUrl":"https:\/\/apuntesdesanluis.com\/wp-content\/uploads\/2025\/02\/casa-de-la-musica.png","articleSection":["Ciudad\/Provincia"],"inLanguage":"es-AR"},{"@type":"WebPage","@id":"https:\/\/apuntesdesanluis.com\/index.php\/2025\/02\/25\/molino-fenix-la-audiencia-de-formulacion-de-cargos-se-realizara-el-6-de-marzo\/","url":"https:\/\/apuntesdesanluis.com\/index.php\/2025\/02\/25\/molino-fenix-la-audiencia-de-formulacion-de-cargos-se-realizara-el-6-de-marzo\/","name":"MOLINO FENIX: LA AUDIENCIA DE FORMULACI\u00d3N DE CARGOS SE REALIZAR\u00c1 EL 6 DE MARZO - Apuntes de San Luis","isPartOf":{"@id":"https:\/\/apuntesdesanluis.com\/#website"},"primaryImageOfPage":{"@id":"https:\/\/apuntesdesanluis.com\/index.php\/2025\/02\/25\/molino-fenix-la-audiencia-de-formulacion-de-cargos-se-realizara-el-6-de-marzo\/#primaryimage"},"image":{"@id":"https:\/\/apuntesdesanluis.com\/index.php\/2025\/02\/25\/molino-fenix-la-audiencia-de-formulacion-de-cargos-se-realizara-el-6-de-marzo\/#primaryimage"},"thumbnailUrl":"https:\/\/apuntesdesanluis.com\/wp-content\/uploads\/2025\/02\/casa-de-la-musica.png","datePublished":"2025-02-25T13:58:41+00:00","breadcrumb":{"@id":"https:\/\/apuntesdesanluis.com\/index.php\/2025\/02\/25\/molino-fenix-la-audiencia-de-formulacion-de-cargos-se-realizara-el-6-de-marzo\/#breadcrumb"},"inLanguage":"es-AR","potentialAction":[{"@type":"ReadAction","target":["https:\/\/apuntesdesanluis.com\/index.php\/2025\/02\/25\/molino-fenix-la-audiencia-de-formulacion-de-cargos-se-realizara-el-6-de-marzo\/"]}]},{"@type":"ImageObject","inLanguage":"es-AR","@id":"https:\/\/apuntesdesanluis.com\/index.php\/2025\/02\/25\/molino-fenix-la-audiencia-de-formulacion-de-cargos-se-realizara-el-6-de-marzo\/#primaryimage","url":"https:\/\/apuntesdesanluis.com\/wp-content\/uploads\/2025\/02\/casa-de-la-musica.png","contentUrl":"https:\/\/apuntesdesanluis.com\/wp-content\/uploads\/2025\/02\/casa-de-la-musica.png","width":683,"height":398},{"@type":"BreadcrumbList","@id":"https:\/\/apuntesdesanluis.com\/index.php\/2025\/02\/25\/molino-fenix-la-audiencia-de-formulacion-de-cargos-se-realizara-el-6-de-marzo\/#breadcrumb","itemListElement":[{"@type":"ListItem","position":1,"name":"Inicio","item":"https:\/\/apuntesdesanluis.com\/"},{"@type":"ListItem","position":2,"name":"MOLINO FENIX: LA AUDIENCIA DE FORMULACI\u00d3N DE CARGOS SE REALIZAR\u00c1 EL 6 DE MARZO"}]},{"@type":"WebSite","@id":"https:\/\/apuntesdesanluis.com\/#website","url":"https:\/\/apuntesdesanluis.com\/","name":"Apuntes de San Luis","description":"","publisher":{"@id":"https:\/\/apuntesdesanluis.com\/#\/schema\/person\/b55151d52296fcce64d1a72538a70b90"},"potentialAction":[{"@type":"SearchAction","target":{"@type":"EntryPoint","urlTemplate":"https:\/\/apuntesdesanluis.com\/?s={search_term_string}"},"query-input":{"@type":"PropertyValueSpecification","valueRequired":true,"valueName":"search_term_string"}}],"inLanguage":"es-AR"},{"@type":["Person","Organization"],"@id":"https:\/\/apuntesdesanluis.com\/#\/schema\/person\/b55151d52296fcce64d1a72538a70b90","name":"apuntesdesanluis.com","image":{"@type":"ImageObject","inLanguage":"es-AR","@id":"https:\/\/apuntesdesanluis.com\/#\/schema\/person\/image\/","url":"https:\/\/apuntesdesanluis.com\/wp-content\/uploads\/2023\/07\/cropped-apuntesdesanluis.png","contentUrl":"https:\/\/apuntesdesanluis.com\/wp-content\/uploads\/2023\/07\/cropped-apuntesdesanluis.png","width":450,"height":112,"caption":"apuntesdesanluis.com"},"logo":{"@id":"https:\/\/apuntesdesanluis.com\/#\/schema\/person\/image\/"},"sameAs":["https:\/\/apuntesdesanluis.com"],"url":"https:\/\/apuntesdesanluis.com\/index.php\/author\/apuntesdesanluis-com\/"}]}},"featured_image_urls":{"full":["https:\/\/apuntesdesanluis.com\/wp-content\/uploads\/2025\/02\/casa-de-la-musica.png",683,398,false],"thumbnail":["https:\/\/apuntesdesanluis.com\/wp-content\/uploads\/2025\/02\/casa-de-la-musica-150x150.png",150,150,true],"medium":["https:\/\/apuntesdesanluis.com\/wp-content\/uploads\/2025\/02\/casa-de-la-musica-300x175.png",300,175,true],"medium_large":["https:\/\/apuntesdesanluis.com\/wp-content\/uploads\/2025\/02\/casa-de-la-musica.png",640,373,false],"large":["https:\/\/apuntesdesanluis.com\/wp-content\/uploads\/2025\/02\/casa-de-la-musica.png",640,373,false],"1536x1536":["https:\/\/apuntesdesanluis.com\/wp-content\/uploads\/2025\/02\/casa-de-la-musica.png",683,398,false],"2048x2048":["https:\/\/apuntesdesanluis.com\/wp-content\/uploads\/2025\/02\/casa-de-la-musica.png",683,398,false],"newsever-slider-full":["https:\/\/apuntesdesanluis.com\/wp-content\/uploads\/2025\/02\/casa-de-la-musica.png",683,398,false],"newsever-featured":["https:\/\/apuntesdesanluis.com\/wp-content\/uploads\/2025\/02\/casa-de-la-musica.png",683,398,false],"newsever-medium":["https:\/\/apuntesdesanluis.com\/wp-content\/uploads\/2025\/02\/casa-de-la-musica.png",683,398,false]},"author_info":{"display_name":"apuntesdesanluis.com","author_link":"https:\/\/apuntesdesanluis.com\/index.php\/author\/apuntesdesanluis-com\/"},"category_info":"<a href=\"https:\/\/apuntesdesanluis.com\/index.php\/category\/ciudad-provincia\/\" rel=\"category tag\">Ciudad\/Provincia<\/a>","tag_info":"Ciudad\/Provincia","comment_count":"0","_links":{"self":[{"href":"https:\/\/apuntesdesanluis.com\/index.php\/wp-json\/wp\/v2\/posts\/29772","targetHints":{"allow":["GET"]}}],"collection":[{"href":"https:\/\/apuntesdesanluis.com\/index.php\/wp-json\/wp\/v2\/posts"}],"about":[{"href":"https:\/\/apuntesdesanluis.com\/index.php\/wp-json\/wp\/v2\/types\/post"}],"author":[{"embeddable":true,"href":"https:\/\/apuntesdesanluis.com\/index.php\/wp-json\/wp\/v2\/users\/1"}],"replies":[{"embeddable":true,"href":"https:\/\/apuntesdesanluis.com\/index.php\/wp-json\/wp\/v2\/comments?post=29772"}],"version-history":[{"count":1,"href":"https:\/\/apuntesdesanluis.com\/index.php\/wp-json\/wp\/v2\/posts\/29772\/revisions"}],"predecessor-version":[{"id":29774,"href":"https:\/\/apuntesdesanluis.com\/index.php\/wp-json\/wp\/v2\/posts\/29772\/revisions\/29774"}],"wp:featuredmedia":[{"embeddable":true,"href":"https:\/\/apuntesdesanluis.com\/index.php\/wp-json\/wp\/v2\/media\/29773"}],"wp:attachment":[{"href":"https:\/\/apuntesdesanluis.com\/index.php\/wp-json\/wp\/v2\/media?parent=29772"}],"wp:term":[{"taxonomy":"category","embeddable":true,"href":"https:\/\/apuntesdesanluis.com\/index.php\/wp-json\/wp\/v2\/categories?post=29772"},{"taxonomy":"post_tag","embeddable":true,"href":"https:\/\/apuntesdesanluis.com\/index.php\/wp-json\/wp\/v2\/tags?post=29772"}],"curies":[{"name":"wp","href":"https:\/\/api.w.org\/{rel}","templated":true}]}}