{"id":29775,"date":"2025-02-25T12:23:50","date_gmt":"2025-02-25T15:23:50","guid":{"rendered":"https:\/\/apuntesdesanluis.com\/?p=29775"},"modified":"2025-02-25T12:24:55","modified_gmt":"2025-02-25T15:24:55","slug":"cautelar-de-la-justicia-frena-la-conversion-del-banco-nacion-en-s-a","status":"publish","type":"post","link":"https:\/\/apuntesdesanluis.com\/index.php\/2025\/02\/25\/cautelar-de-la-justicia-frena-la-conversion-del-banco-nacion-en-s-a\/","title":{"rendered":"CAUTELAR DE LA JUSTICIA FRENA LA CONVERSI\u00d3N DEL BANCO NACI\u00d3N EN S.A."},"content":{"rendered":"<h3>El juez <strong>Alejo Ramos Padilla<\/strong> dict\u00f3 este martes una medida cautelar para suspender el decreto de transformaci\u00f3n del <strong>Banco Naci\u00f3n en Sociedad An\u00f3nima<\/strong>.<\/h3>\n<h3>\u201cAl disponer la transformaci\u00f3n del BNA en una sociedad an\u00f3nima, el Decreto 116\/2025 contradice flagrantemente la voluntad del Congreso, y supone una extralimitaci\u00f3n de las facultades delegadas\u201d, se\u00f1al\u00f3 la resoluci\u00f3n del magistrado.<\/h3>\n<h3>En consecuencia, le orden\u00f3 al Estado Nacional que \u201cse abstenga de toda acci\u00f3n tendiente a su implementaci\u00f3n\u201d.<\/h3>\n<h3>Asimismo, requiri\u00f3 &#8220;a las autoridades p\u00fablicas demandadas que, dentro del plazo de cinco (5) d\u00edas, produzcan un informe que d\u00e9 cuenta del inter\u00e9s p\u00fablico comprometido por la solicitud de medida cautelar efectuada por la actora en fecha 20\/2\/2025&#8221;.<\/h3>\n<h3>La semana pasada el presidente <strong>Javier Milei<\/strong> firm\u00f3 un decreto por el que dispon\u00eda la conversi\u00f3n a Sociedad An\u00f3nima del Banco de la Naci\u00f3n Argentina, lo que se convierte en un paso previo a su proceso de privatizaci\u00f3n.<\/h3>\n<h3>Cabe recordar que el Congreso Nacional quit\u00f3 al Banco Naci\u00f3n de las empresas que el Gobierno nacional pod\u00eda privatizar.<\/h3>\n<p><img fetchpriority=\"high\" decoding=\"async\" class=\"wp-image-29776 aligncenter\" src=\"https:\/\/apuntesdesanluis.com\/wp-content\/uploads\/2025\/02\/alejo-ramos-padilla-300x215.png\" alt=\"\" width=\"615\" height=\"441\" srcset=\"https:\/\/apuntesdesanluis.com\/wp-content\/uploads\/2025\/02\/alejo-ramos-padilla-300x215.png 300w, https:\/\/apuntesdesanluis.com\/wp-content\/uploads\/2025\/02\/alejo-ramos-padilla.png 700w\" sizes=\"(max-width: 615px) 100vw, 615px\" \/><\/p>\n<h4 style=\"text-align: center;\"><em>Juez <strong>Alejo Ramos Padilla.<\/strong><\/em><\/h4>\n<h3>En fecha 25\/04\/2024, cuando se volvi\u00f3 a tratar en el Congreso de la Naci\u00f3n el proyecto de la Ley Bases y se firm\u00f3 el dictamen que se imprimi\u00f3 en el OD 7 -24 se estableci\u00f3 en el Anexo I del proyecto (p\u00e1g. 181) las empresas a privatizar y en \u00e9l no se encontraba el Banco de la Naci\u00f3n Argentina. Este resultado se alcanz\u00f3 mediante un acuerdo entre el bloque oficialista y diversos bloques de la oposici\u00f3n durante las sesiones en plenario de las Comisiones de Presupuestos y Hacienda, Legislaci\u00f3n General, y Asuntos Constitucionales, en las cuales se decidi\u00f3 eliminar al Banco de la Naci\u00f3n Argentina de la lista de empresas p\u00fablicas susceptibles de privatizaci\u00f3n\u201d, record\u00f3 Ramos Padilla en su resoluci\u00f3n.<\/h3>\n<h3>Sin embargo, el Poder Ejecutivo mantiene su prop\u00f3sito y con la transformaci\u00f3n en sociedad an\u00f3nima busca un atajo para alcanzar su objetivo.<\/h3>\n<h3>El titular de La Bancaria, Sergio Palazzo, destac\u00f3 el fallo: \u201cCelebramos el fallo del Juez Alejo Ramos Padilla del Juzgado Federal de La Plata quien acaba de suspender el decreto Nro 116\/25 que transformaba el Banco Naci\u00f3n en Sociedad An\u00f3nima\u201d, public\u00f3 en su cuenta de \u201cX\u201d.<\/h3>\n<p><img decoding=\"async\" class=\"wp-image-29777 aligncenter\" src=\"https:\/\/apuntesdesanluis.com\/wp-content\/uploads\/2025\/02\/palazzo-300x102.png\" alt=\"\" width=\"621\" height=\"211\" srcset=\"https:\/\/apuntesdesanluis.com\/wp-content\/uploads\/2025\/02\/palazzo-300x102.png 300w, https:\/\/apuntesdesanluis.com\/wp-content\/uploads\/2025\/02\/palazzo-768x262.png 768w, https:\/\/apuntesdesanluis.com\/wp-content\/uploads\/2025\/02\/palazzo.png 904w\" sizes=\"(max-width: 621px) 100vw, 621px\" \/><\/p>\n<p>&nbsp;<\/p>\n<p>&nbsp;<\/p>\n<p>&nbsp;<\/p>\n<p>&nbsp;<\/p>\n<p>&nbsp;<\/p>\n<p>&nbsp;<\/p>\n<h3><\/h3>\n<p>&nbsp;<\/p>\n<p>&nbsp;<\/p>\n","protected":false},"excerpt":{"rendered":"<p>El juez Alejo Ramos Padilla dict\u00f3 este martes una medida cautelar para suspender el decreto&#8230;<\/p>\n","protected":false},"author":1,"featured_media":9826,"comment_status":"closed","ping_status":"closed","sticky":false,"template":"","format":"standard","meta":{"footnotes":""},"categories":[5],"tags":[],"class_list":["post-29775","post","type-post","status-publish","format-standard","has-post-thumbnail","hentry","category-nacionales-internacionales"],"yoast_head":"<!-- This site is optimized with the Yoast SEO plugin v26.1.1 - https:\/\/yoast.com\/wordpress\/plugins\/seo\/ -->\n<title>CAUTELAR DE LA JUSTICIA FRENA LA CONVERSI\u00d3N DEL BANCO NACI\u00d3N EN S.A. - Apuntes de San Luis<\/title>\n<meta name=\"robots\" content=\"index, follow, max-snippet:-1, max-image-preview:large, max-video-preview:-1\" \/>\n<link rel=\"canonical\" href=\"https:\/\/apuntesdesanluis.com\/index.php\/2025\/02\/25\/cautelar-de-la-justicia-frena-la-conversion-del-banco-nacion-en-s-a\/\" \/>\n<meta property=\"og:locale\" content=\"es_ES\" \/>\n<meta property=\"og:type\" content=\"article\" \/>\n<meta property=\"og:title\" content=\"CAUTELAR DE LA JUSTICIA FRENA LA CONVERSI\u00d3N DEL BANCO NACI\u00d3N EN S.A. - Apuntes de San Luis\" \/>\n<meta property=\"og:description\" content=\"El juez Alejo Ramos Padilla dict\u00f3 este martes una medida cautelar para suspender el decreto...\" \/>\n<meta property=\"og:url\" content=\"https:\/\/apuntesdesanluis.com\/index.php\/2025\/02\/25\/cautelar-de-la-justicia-frena-la-conversion-del-banco-nacion-en-s-a\/\" \/>\n<meta property=\"og:site_name\" content=\"Apuntes de San Luis\" \/>\n<meta property=\"article:published_time\" content=\"2025-02-25T15:23:50+00:00\" \/>\n<meta property=\"article:modified_time\" content=\"2025-02-25T15:24:55+00:00\" \/>\n<meta property=\"og:image\" content=\"https:\/\/apuntesdesanluis.com\/wp-content\/uploads\/2024\/01\/banco-nacion.png\" \/>\n\t<meta property=\"og:image:width\" content=\"600\" \/>\n\t<meta property=\"og:image:height\" content=\"334\" \/>\n\t<meta property=\"og:image:type\" content=\"image\/png\" \/>\n<meta name=\"author\" content=\"apuntesdesanluis.com\" \/>\n<meta name=\"twitter:card\" content=\"summary_large_image\" \/>\n<meta name=\"twitter:label1\" content=\"Escrito por\" \/>\n\t<meta name=\"twitter:data1\" content=\"apuntesdesanluis.com\" \/>\n\t<meta name=\"twitter:label2\" content=\"Tiempo de lectura\" \/>\n\t<meta name=\"twitter:data2\" content=\"3 minutos\" \/>\n<script type=\"application\/ld+json\" class=\"yoast-schema-graph\">{\"@context\":\"https:\/\/schema.org\",\"@graph\":[{\"@type\":\"Article\",\"@id\":\"https:\/\/apuntesdesanluis.com\/index.php\/2025\/02\/25\/cautelar-de-la-justicia-frena-la-conversion-del-banco-nacion-en-s-a\/#article\",\"isPartOf\":{\"@id\":\"https:\/\/apuntesdesanluis.com\/index.php\/2025\/02\/25\/cautelar-de-la-justicia-frena-la-conversion-del-banco-nacion-en-s-a\/\"},\"author\":{\"name\":\"apuntesdesanluis.com\",\"@id\":\"https:\/\/apuntesdesanluis.com\/#\/schema\/person\/b55151d52296fcce64d1a72538a70b90\"},\"headline\":\"CAUTELAR DE LA JUSTICIA FRENA LA CONVERSI\u00d3N DEL BANCO NACI\u00d3N EN S.A.\",\"datePublished\":\"2025-02-25T15:23:50+00:00\",\"dateModified\":\"2025-02-25T15:24:55+00:00\",\"mainEntityOfPage\":{\"@id\":\"https:\/\/apuntesdesanluis.com\/index.php\/2025\/02\/25\/cautelar-de-la-justicia-frena-la-conversion-del-banco-nacion-en-s-a\/\"},\"wordCount\":410,\"publisher\":{\"@id\":\"https:\/\/apuntesdesanluis.com\/#\/schema\/person\/b55151d52296fcce64d1a72538a70b90\"},\"image\":{\"@id\":\"https:\/\/apuntesdesanluis.com\/index.php\/2025\/02\/25\/cautelar-de-la-justicia-frena-la-conversion-del-banco-nacion-en-s-a\/#primaryimage\"},\"thumbnailUrl\":\"https:\/\/apuntesdesanluis.com\/wp-content\/uploads\/2024\/01\/banco-nacion.png\",\"articleSection\":[\"Nacionales\/Internacionales\"],\"inLanguage\":\"es-AR\"},{\"@type\":\"WebPage\",\"@id\":\"https:\/\/apuntesdesanluis.com\/index.php\/2025\/02\/25\/cautelar-de-la-justicia-frena-la-conversion-del-banco-nacion-en-s-a\/\",\"url\":\"https:\/\/apuntesdesanluis.com\/index.php\/2025\/02\/25\/cautelar-de-la-justicia-frena-la-conversion-del-banco-nacion-en-s-a\/\",\"name\":\"CAUTELAR DE LA JUSTICIA FRENA LA CONVERSI\u00d3N DEL BANCO NACI\u00d3N EN S.A. - Apuntes de San Luis\",\"isPartOf\":{\"@id\":\"https:\/\/apuntesdesanluis.com\/#website\"},\"primaryImageOfPage\":{\"@id\":\"https:\/\/apuntesdesanluis.com\/index.php\/2025\/02\/25\/cautelar-de-la-justicia-frena-la-conversion-del-banco-nacion-en-s-a\/#primaryimage\"},\"image\":{\"@id\":\"https:\/\/apuntesdesanluis.com\/index.php\/2025\/02\/25\/cautelar-de-la-justicia-frena-la-conversion-del-banco-nacion-en-s-a\/#primaryimage\"},\"thumbnailUrl\":\"https:\/\/apuntesdesanluis.com\/wp-content\/uploads\/2024\/01\/banco-nacion.png\",\"datePublished\":\"2025-02-25T15:23:50+00:00\",\"dateModified\":\"2025-02-25T15:24:55+00:00\",\"breadcrumb\":{\"@id\":\"https:\/\/apuntesdesanluis.com\/index.php\/2025\/02\/25\/cautelar-de-la-justicia-frena-la-conversion-del-banco-nacion-en-s-a\/#breadcrumb\"},\"inLanguage\":\"es-AR\",\"potentialAction\":[{\"@type\":\"ReadAction\",\"target\":[\"https:\/\/apuntesdesanluis.com\/index.php\/2025\/02\/25\/cautelar-de-la-justicia-frena-la-conversion-del-banco-nacion-en-s-a\/\"]}]},{\"@type\":\"ImageObject\",\"inLanguage\":\"es-AR\",\"@id\":\"https:\/\/apuntesdesanluis.com\/index.php\/2025\/02\/25\/cautelar-de-la-justicia-frena-la-conversion-del-banco-nacion-en-s-a\/#primaryimage\",\"url\":\"https:\/\/apuntesdesanluis.com\/wp-content\/uploads\/2024\/01\/banco-nacion.png\",\"contentUrl\":\"https:\/\/apuntesdesanluis.com\/wp-content\/uploads\/2024\/01\/banco-nacion.png\",\"width\":600,\"height\":334},{\"@type\":\"BreadcrumbList\",\"@id\":\"https:\/\/apuntesdesanluis.com\/index.php\/2025\/02\/25\/cautelar-de-la-justicia-frena-la-conversion-del-banco-nacion-en-s-a\/#breadcrumb\",\"itemListElement\":[{\"@type\":\"ListItem\",\"position\":1,\"name\":\"Inicio\",\"item\":\"https:\/\/apuntesdesanluis.com\/\"},{\"@type\":\"ListItem\",\"position\":2,\"name\":\"CAUTELAR DE LA JUSTICIA FRENA LA CONVERSI\u00d3N DEL BANCO NACI\u00d3N EN S.A.\"}]},{\"@type\":\"WebSite\",\"@id\":\"https:\/\/apuntesdesanluis.com\/#website\",\"url\":\"https:\/\/apuntesdesanluis.com\/\",\"name\":\"Apuntes de San Luis\",\"description\":\"\",\"publisher\":{\"@id\":\"https:\/\/apuntesdesanluis.com\/#\/schema\/person\/b55151d52296fcce64d1a72538a70b90\"},\"potentialAction\":[{\"@type\":\"SearchAction\",\"target\":{\"@type\":\"EntryPoint\",\"urlTemplate\":\"https:\/\/apuntesdesanluis.com\/?s={search_term_string}\"},\"query-input\":{\"@type\":\"PropertyValueSpecification\",\"valueRequired\":true,\"valueName\":\"search_term_string\"}}],\"inLanguage\":\"es-AR\"},{\"@type\":[\"Person\",\"Organization\"],\"@id\":\"https:\/\/apuntesdesanluis.com\/#\/schema\/person\/b55151d52296fcce64d1a72538a70b90\",\"name\":\"apuntesdesanluis.com\",\"image\":{\"@type\":\"ImageObject\",\"inLanguage\":\"es-AR\",\"@id\":\"https:\/\/apuntesdesanluis.com\/#\/schema\/person\/image\/\",\"url\":\"https:\/\/apuntesdesanluis.com\/wp-content\/uploads\/2023\/07\/cropped-apuntesdesanluis.png\",\"contentUrl\":\"https:\/\/apuntesdesanluis.com\/wp-content\/uploads\/2023\/07\/cropped-apuntesdesanluis.png\",\"width\":450,\"height\":112,\"caption\":\"apuntesdesanluis.com\"},\"logo\":{\"@id\":\"https:\/\/apuntesdesanluis.com\/#\/schema\/person\/image\/\"},\"sameAs\":[\"https:\/\/apuntesdesanluis.com\"],\"url\":\"https:\/\/apuntesdesanluis.com\/index.php\/author\/apuntesdesanluis-com\/\"}]}<\/script>\n<!-- \/ Yoast SEO plugin. -->","yoast_head_json":{"title":"CAUTELAR DE LA JUSTICIA FRENA LA CONVERSI\u00d3N DEL BANCO NACI\u00d3N EN S.A. - Apuntes de San Luis","robots":{"index":"index","follow":"follow","max-snippet":"max-snippet:-1","max-image-preview":"max-image-preview:large","max-video-preview":"max-video-preview:-1"},"canonical":"https:\/\/apuntesdesanluis.com\/index.php\/2025\/02\/25\/cautelar-de-la-justicia-frena-la-conversion-del-banco-nacion-en-s-a\/","og_locale":"es_ES","og_type":"article","og_title":"CAUTELAR DE LA JUSTICIA FRENA LA CONVERSI\u00d3N DEL BANCO NACI\u00d3N EN S.A. - Apuntes de San Luis","og_description":"El juez Alejo Ramos Padilla dict\u00f3 este martes una medida cautelar para suspender el decreto...","og_url":"https:\/\/apuntesdesanluis.com\/index.php\/2025\/02\/25\/cautelar-de-la-justicia-frena-la-conversion-del-banco-nacion-en-s-a\/","og_site_name":"Apuntes de San Luis","article_published_time":"2025-02-25T15:23:50+00:00","article_modified_time":"2025-02-25T15:24:55+00:00","og_image":[{"width":600,"height":334,"url":"https:\/\/apuntesdesanluis.com\/wp-content\/uploads\/2024\/01\/banco-nacion.png","type":"image\/png"}],"author":"apuntesdesanluis.com","twitter_card":"summary_large_image","twitter_misc":{"Escrito por":"apuntesdesanluis.com","Tiempo de lectura":"3 minutos"},"schema":{"@context":"https:\/\/schema.org","@graph":[{"@type":"Article","@id":"https:\/\/apuntesdesanluis.com\/index.php\/2025\/02\/25\/cautelar-de-la-justicia-frena-la-conversion-del-banco-nacion-en-s-a\/#article","isPartOf":{"@id":"https:\/\/apuntesdesanluis.com\/index.php\/2025\/02\/25\/cautelar-de-la-justicia-frena-la-conversion-del-banco-nacion-en-s-a\/"},"author":{"name":"apuntesdesanluis.com","@id":"https:\/\/apuntesdesanluis.com\/#\/schema\/person\/b55151d52296fcce64d1a72538a70b90"},"headline":"CAUTELAR DE LA JUSTICIA FRENA LA CONVERSI\u00d3N DEL BANCO NACI\u00d3N EN S.A.","datePublished":"2025-02-25T15:23:50+00:00","dateModified":"2025-02-25T15:24:55+00:00","mainEntityOfPage":{"@id":"https:\/\/apuntesdesanluis.com\/index.php\/2025\/02\/25\/cautelar-de-la-justicia-frena-la-conversion-del-banco-nacion-en-s-a\/"},"wordCount":410,"publisher":{"@id":"https:\/\/apuntesdesanluis.com\/#\/schema\/person\/b55151d52296fcce64d1a72538a70b90"},"image":{"@id":"https:\/\/apuntesdesanluis.com\/index.php\/2025\/02\/25\/cautelar-de-la-justicia-frena-la-conversion-del-banco-nacion-en-s-a\/#primaryimage"},"thumbnailUrl":"https:\/\/apuntesdesanluis.com\/wp-content\/uploads\/2024\/01\/banco-nacion.png","articleSection":["Nacionales\/Internacionales"],"inLanguage":"es-AR"},{"@type":"WebPage","@id":"https:\/\/apuntesdesanluis.com\/index.php\/2025\/02\/25\/cautelar-de-la-justicia-frena-la-conversion-del-banco-nacion-en-s-a\/","url":"https:\/\/apuntesdesanluis.com\/index.php\/2025\/02\/25\/cautelar-de-la-justicia-frena-la-conversion-del-banco-nacion-en-s-a\/","name":"CAUTELAR DE LA JUSTICIA FRENA LA CONVERSI\u00d3N DEL BANCO NACI\u00d3N EN S.A. - Apuntes de San Luis","isPartOf":{"@id":"https:\/\/apuntesdesanluis.com\/#website"},"primaryImageOfPage":{"@id":"https:\/\/apuntesdesanluis.com\/index.php\/2025\/02\/25\/cautelar-de-la-justicia-frena-la-conversion-del-banco-nacion-en-s-a\/#primaryimage"},"image":{"@id":"https:\/\/apuntesdesanluis.com\/index.php\/2025\/02\/25\/cautelar-de-la-justicia-frena-la-conversion-del-banco-nacion-en-s-a\/#primaryimage"},"thumbnailUrl":"https:\/\/apuntesdesanluis.com\/wp-content\/uploads\/2024\/01\/banco-nacion.png","datePublished":"2025-02-25T15:23:50+00:00","dateModified":"2025-02-25T15:24:55+00:00","breadcrumb":{"@id":"https:\/\/apuntesdesanluis.com\/index.php\/2025\/02\/25\/cautelar-de-la-justicia-frena-la-conversion-del-banco-nacion-en-s-a\/#breadcrumb"},"inLanguage":"es-AR","potentialAction":[{"@type":"ReadAction","target":["https:\/\/apuntesdesanluis.com\/index.php\/2025\/02\/25\/cautelar-de-la-justicia-frena-la-conversion-del-banco-nacion-en-s-a\/"]}]},{"@type":"ImageObject","inLanguage":"es-AR","@id":"https:\/\/apuntesdesanluis.com\/index.php\/2025\/02\/25\/cautelar-de-la-justicia-frena-la-conversion-del-banco-nacion-en-s-a\/#primaryimage","url":"https:\/\/apuntesdesanluis.com\/wp-content\/uploads\/2024\/01\/banco-nacion.png","contentUrl":"https:\/\/apuntesdesanluis.com\/wp-content\/uploads\/2024\/01\/banco-nacion.png","width":600,"height":334},{"@type":"BreadcrumbList","@id":"https:\/\/apuntesdesanluis.com\/index.php\/2025\/02\/25\/cautelar-de-la-justicia-frena-la-conversion-del-banco-nacion-en-s-a\/#breadcrumb","itemListElement":[{"@type":"ListItem","position":1,"name":"Inicio","item":"https:\/\/apuntesdesanluis.com\/"},{"@type":"ListItem","position":2,"name":"CAUTELAR DE LA JUSTICIA FRENA LA CONVERSI\u00d3N DEL BANCO NACI\u00d3N EN S.A."}]},{"@type":"WebSite","@id":"https:\/\/apuntesdesanluis.com\/#website","url":"https:\/\/apuntesdesanluis.com\/","name":"Apuntes de San Luis","description":"","publisher":{"@id":"https:\/\/apuntesdesanluis.com\/#\/schema\/person\/b55151d52296fcce64d1a72538a70b90"},"potentialAction":[{"@type":"SearchAction","target":{"@type":"EntryPoint","urlTemplate":"https:\/\/apuntesdesanluis.com\/?s={search_term_string}"},"query-input":{"@type":"PropertyValueSpecification","valueRequired":true,"valueName":"search_term_string"}}],"inLanguage":"es-AR"},{"@type":["Person","Organization"],"@id":"https:\/\/apuntesdesanluis.com\/#\/schema\/person\/b55151d52296fcce64d1a72538a70b90","name":"apuntesdesanluis.com","image":{"@type":"ImageObject","inLanguage":"es-AR","@id":"https:\/\/apuntesdesanluis.com\/#\/schema\/person\/image\/","url":"https:\/\/apuntesdesanluis.com\/wp-content\/uploads\/2023\/07\/cropped-apuntesdesanluis.png","contentUrl":"https:\/\/apuntesdesanluis.com\/wp-content\/uploads\/2023\/07\/cropped-apuntesdesanluis.png","width":450,"height":112,"caption":"apuntesdesanluis.com"},"logo":{"@id":"https:\/\/apuntesdesanluis.com\/#\/schema\/person\/image\/"},"sameAs":["https:\/\/apuntesdesanluis.com"],"url":"https:\/\/apuntesdesanluis.com\/index.php\/author\/apuntesdesanluis-com\/"}]}},"featured_image_urls":{"full":["https:\/\/apuntesdesanluis.com\/wp-content\/uploads\/2024\/01\/banco-nacion.png",600,334,false],"thumbnail":["https:\/\/apuntesdesanluis.com\/wp-content\/uploads\/2024\/01\/banco-nacion-150x150.png",150,150,true],"medium":["https:\/\/apuntesdesanluis.com\/wp-content\/uploads\/2024\/01\/banco-nacion-300x167.png",300,167,true],"medium_large":["https:\/\/apuntesdesanluis.com\/wp-content\/uploads\/2024\/01\/banco-nacion.png",600,334,false],"large":["https:\/\/apuntesdesanluis.com\/wp-content\/uploads\/2024\/01\/banco-nacion.png",600,334,false],"1536x1536":["https:\/\/apuntesdesanluis.com\/wp-content\/uploads\/2024\/01\/banco-nacion.png",600,334,false],"2048x2048":["https:\/\/apuntesdesanluis.com\/wp-content\/uploads\/2024\/01\/banco-nacion.png",600,334,false],"newsever-slider-full":["https:\/\/apuntesdesanluis.com\/wp-content\/uploads\/2024\/01\/banco-nacion.png",600,334,false],"newsever-featured":["https:\/\/apuntesdesanluis.com\/wp-content\/uploads\/2024\/01\/banco-nacion.png",600,334,false],"newsever-medium":["https:\/\/apuntesdesanluis.com\/wp-content\/uploads\/2024\/01\/banco-nacion.png",600,334,false]},"author_info":{"display_name":"apuntesdesanluis.com","author_link":"https:\/\/apuntesdesanluis.com\/index.php\/author\/apuntesdesanluis-com\/"},"category_info":"<a href=\"https:\/\/apuntesdesanluis.com\/index.php\/category\/nacionales-internacionales\/\" rel=\"category tag\">Nacionales\/Internacionales<\/a>","tag_info":"Nacionales\/Internacionales","comment_count":"0","_links":{"self":[{"href":"https:\/\/apuntesdesanluis.com\/index.php\/wp-json\/wp\/v2\/posts\/29775","targetHints":{"allow":["GET"]}}],"collection":[{"href":"https:\/\/apuntesdesanluis.com\/index.php\/wp-json\/wp\/v2\/posts"}],"about":[{"href":"https:\/\/apuntesdesanluis.com\/index.php\/wp-json\/wp\/v2\/types\/post"}],"author":[{"embeddable":true,"href":"https:\/\/apuntesdesanluis.com\/index.php\/wp-json\/wp\/v2\/users\/1"}],"replies":[{"embeddable":true,"href":"https:\/\/apuntesdesanluis.com\/index.php\/wp-json\/wp\/v2\/comments?post=29775"}],"version-history":[{"count":1,"href":"https:\/\/apuntesdesanluis.com\/index.php\/wp-json\/wp\/v2\/posts\/29775\/revisions"}],"predecessor-version":[{"id":29778,"href":"https:\/\/apuntesdesanluis.com\/index.php\/wp-json\/wp\/v2\/posts\/29775\/revisions\/29778"}],"wp:featuredmedia":[{"embeddable":true,"href":"https:\/\/apuntesdesanluis.com\/index.php\/wp-json\/wp\/v2\/media\/9826"}],"wp:attachment":[{"href":"https:\/\/apuntesdesanluis.com\/index.php\/wp-json\/wp\/v2\/media?parent=29775"}],"wp:term":[{"taxonomy":"category","embeddable":true,"href":"https:\/\/apuntesdesanluis.com\/index.php\/wp-json\/wp\/v2\/categories?post=29775"},{"taxonomy":"post_tag","embeddable":true,"href":"https:\/\/apuntesdesanluis.com\/index.php\/wp-json\/wp\/v2\/tags?post=29775"}],"curies":[{"name":"wp","href":"https:\/\/api.w.org\/{rel}","templated":true}]}}