{"id":29779,"date":"2025-02-25T19:19:32","date_gmt":"2025-02-25T22:19:32","guid":{"rendered":"https:\/\/apuntesdesanluis.com\/?p=29779"},"modified":"2025-02-25T19:19:32","modified_gmt":"2025-02-25T22:19:32","slug":"dos-institutos-de-educacion-superior-dictaran-el-profesorado-en-educacion-especial","status":"publish","type":"post","link":"https:\/\/apuntesdesanluis.com\/index.php\/2025\/02\/25\/dos-institutos-de-educacion-superior-dictaran-el-profesorado-en-educacion-especial\/","title":{"rendered":"DOS INSTITUTOS DE EDUCACI\u00d3N SUPERIOR DICTAR\u00c1N EL PROFESORADO EN EDUCACI\u00d3N ESPECIAL"},"content":{"rendered":"<h3>A partir del ciclo lectivo 2025, los estudiantes interesados tendr\u00e1n la oportunidad de cursar el <strong>Profesorado en Educaci\u00f3n Especial<\/strong>, con validez nacional, en dos instituciones de la provincia. Se trata del <strong>Instituto de Formaci\u00f3n Docente Continua (IFDC) de San Luis<\/strong> y el <strong>Instituto Superior \u2018Nuestra Se\u00f1ora del Carmen\u2019 de Villa Mercedes<\/strong>.<\/h3>\n<h3>En la ciudad de San Luis, los interesados podr\u00e1n inscribirse en el IFDC, que es de car\u00e1cter p\u00fablico, hasta el 27 de febrero, en forma presencial en avenida Lafinur 997. Tambi\u00e9n es posible realizar la inscripci\u00f3n online ingresando a la p\u00e1gina web de la referida instituci\u00f3n.<\/h3>\n<h3>Por su parte, los estudiantes de Villa Mercedes que deseen inscribirse podr\u00e1n hacerlo en el Instituto Superior \u2018Nuestra Se\u00f1ora del Carmen\u2019 (ISNSC) de manera presencial, en calle Almafuerte 371, o de forma online en su sitio web. Las personas interesadas en anotarse, pueden hacer consultas al correo<span style=\"color: #3366ff;\"> <a style=\"color: #3366ff;\" href=\"mailto:inscripciones.isnsc@gmail.com\">inscripciones.isnsc@gmail.com<\/a><\/span><\/h3>\n<h3>La propuesta, en ambos casos, incluye la implementaci\u00f3n del dise\u00f1o curricular, con una duraci\u00f3n de 4 a\u00f1os y una carga horaria total de 2.778 horas reloj, equivalente a 4.167 horas c\u00e1tedra.<\/h3>\n<h3>La carrera del Profesorado en Educaci\u00f3n Especial contar\u00e1 con la gesti\u00f3n formal para la obtenci\u00f3n de la validez nacional del t\u00edtulo, mediante una resoluci\u00f3n presentada ante el ministerio de Educaci\u00f3n de la Naci\u00f3n. Este paso asegura que los futuros egresados tengan un reconocimiento oficial en todo el territorio nacional.<\/h3>\n<h3>El dise\u00f1o curricular se basa en una formaci\u00f3n en \u00e1reas generales, espec\u00edficas y pr\u00e1ctica profesional. Adem\u00e1s, prioriza la promoci\u00f3n de la inclusi\u00f3n educativa y una preparaci\u00f3n docente que responda a los desaf\u00edos actuales, como la atenci\u00f3n a la diversidad y el fortalecimiento de la educaci\u00f3n inclusiva.<\/h3>\n<h3>La implementaci\u00f3n del profesorado ser\u00e1 aplicable a las cohortes desde 2025 hasta 2028 inclusive. Contempla estrategias de acompa\u00f1amiento espec\u00edficas para las trayectorias formativas de los estudiantes, especialmente durante el primer a\u00f1o, con el objetivo de garantizar su continuidad y \u00e9xito acad\u00e9mico.<\/h3>\n<h3>La formaci\u00f3n est\u00e1 orientada a preparar docentes con la capacidad de promover la inclusi\u00f3n y ense\u00f1ar en distintos niveles educativos. Tambi\u00e9n busca fomentar valores \u00e9ticos, compromiso social y respeto por la diversidad, pilares fundamentales para una educaci\u00f3n m\u00e1s equitativa y accesible.<\/h3>\n<h3><\/h3>\n<h3><\/h3>\n<p>&nbsp;<\/p>\n","protected":false},"excerpt":{"rendered":"<p>A partir del ciclo lectivo 2025, los estudiantes interesados tendr\u00e1n la oportunidad de cursar el&#8230;<\/p>\n","protected":false},"author":1,"featured_media":29780,"comment_status":"closed","ping_status":"closed","sticky":false,"template":"","format":"standard","meta":{"footnotes":""},"categories":[6],"tags":[],"class_list":["post-29779","post","type-post","status-publish","format-standard","has-post-thumbnail","hentry","category-ciudad-provincia"],"yoast_head":"<!-- This site is optimized with the Yoast SEO plugin v26.1.1 - https:\/\/yoast.com\/wordpress\/plugins\/seo\/ -->\n<title>DOS INSTITUTOS DE EDUCACI\u00d3N SUPERIOR DICTAR\u00c1N EL PROFESORADO EN EDUCACI\u00d3N ESPECIAL - Apuntes de San Luis<\/title>\n<meta name=\"robots\" content=\"index, follow, max-snippet:-1, max-image-preview:large, max-video-preview:-1\" \/>\n<link rel=\"canonical\" href=\"https:\/\/apuntesdesanluis.com\/index.php\/2025\/02\/25\/dos-institutos-de-educacion-superior-dictaran-el-profesorado-en-educacion-especial\/\" \/>\n<meta property=\"og:locale\" content=\"es_ES\" \/>\n<meta property=\"og:type\" content=\"article\" \/>\n<meta property=\"og:title\" content=\"DOS INSTITUTOS DE EDUCACI\u00d3N SUPERIOR DICTAR\u00c1N EL PROFESORADO EN EDUCACI\u00d3N ESPECIAL - Apuntes de San Luis\" \/>\n<meta property=\"og:description\" content=\"A partir del ciclo lectivo 2025, los estudiantes interesados tendr\u00e1n la oportunidad de cursar el...\" \/>\n<meta property=\"og:url\" content=\"https:\/\/apuntesdesanluis.com\/index.php\/2025\/02\/25\/dos-institutos-de-educacion-superior-dictaran-el-profesorado-en-educacion-especial\/\" \/>\n<meta property=\"og:site_name\" content=\"Apuntes de San Luis\" \/>\n<meta property=\"article:published_time\" content=\"2025-02-25T22:19:32+00:00\" \/>\n<meta property=\"og:image\" content=\"https:\/\/apuntesdesanluis.com\/wp-content\/uploads\/2025\/02\/IFDC-san-luis.png\" \/>\n\t<meta property=\"og:image:width\" content=\"457\" \/>\n\t<meta property=\"og:image:height\" content=\"284\" \/>\n\t<meta property=\"og:image:type\" content=\"image\/png\" \/>\n<meta name=\"author\" content=\"apuntesdesanluis.com\" \/>\n<meta name=\"twitter:card\" content=\"summary_large_image\" \/>\n<meta name=\"twitter:label1\" content=\"Escrito por\" \/>\n\t<meta name=\"twitter:data1\" content=\"apuntesdesanluis.com\" \/>\n\t<meta name=\"twitter:label2\" content=\"Tiempo de lectura\" \/>\n\t<meta name=\"twitter:data2\" content=\"2 minutos\" \/>\n<script type=\"application\/ld+json\" class=\"yoast-schema-graph\">{\"@context\":\"https:\/\/schema.org\",\"@graph\":[{\"@type\":\"Article\",\"@id\":\"https:\/\/apuntesdesanluis.com\/index.php\/2025\/02\/25\/dos-institutos-de-educacion-superior-dictaran-el-profesorado-en-educacion-especial\/#article\",\"isPartOf\":{\"@id\":\"https:\/\/apuntesdesanluis.com\/index.php\/2025\/02\/25\/dos-institutos-de-educacion-superior-dictaran-el-profesorado-en-educacion-especial\/\"},\"author\":{\"name\":\"apuntesdesanluis.com\",\"@id\":\"https:\/\/apuntesdesanluis.com\/#\/schema\/person\/b55151d52296fcce64d1a72538a70b90\"},\"headline\":\"DOS INSTITUTOS DE EDUCACI\u00d3N SUPERIOR DICTAR\u00c1N EL PROFESORADO EN EDUCACI\u00d3N ESPECIAL\",\"datePublished\":\"2025-02-25T22:19:32+00:00\",\"mainEntityOfPage\":{\"@id\":\"https:\/\/apuntesdesanluis.com\/index.php\/2025\/02\/25\/dos-institutos-de-educacion-superior-dictaran-el-profesorado-en-educacion-especial\/\"},\"wordCount\":409,\"publisher\":{\"@id\":\"https:\/\/apuntesdesanluis.com\/#\/schema\/person\/b55151d52296fcce64d1a72538a70b90\"},\"image\":{\"@id\":\"https:\/\/apuntesdesanluis.com\/index.php\/2025\/02\/25\/dos-institutos-de-educacion-superior-dictaran-el-profesorado-en-educacion-especial\/#primaryimage\"},\"thumbnailUrl\":\"https:\/\/apuntesdesanluis.com\/wp-content\/uploads\/2025\/02\/IFDC-san-luis.png\",\"articleSection\":[\"Ciudad\/Provincia\"],\"inLanguage\":\"es-AR\"},{\"@type\":\"WebPage\",\"@id\":\"https:\/\/apuntesdesanluis.com\/index.php\/2025\/02\/25\/dos-institutos-de-educacion-superior-dictaran-el-profesorado-en-educacion-especial\/\",\"url\":\"https:\/\/apuntesdesanluis.com\/index.php\/2025\/02\/25\/dos-institutos-de-educacion-superior-dictaran-el-profesorado-en-educacion-especial\/\",\"name\":\"DOS INSTITUTOS DE EDUCACI\u00d3N SUPERIOR DICTAR\u00c1N EL PROFESORADO EN EDUCACI\u00d3N ESPECIAL - Apuntes de San Luis\",\"isPartOf\":{\"@id\":\"https:\/\/apuntesdesanluis.com\/#website\"},\"primaryImageOfPage\":{\"@id\":\"https:\/\/apuntesdesanluis.com\/index.php\/2025\/02\/25\/dos-institutos-de-educacion-superior-dictaran-el-profesorado-en-educacion-especial\/#primaryimage\"},\"image\":{\"@id\":\"https:\/\/apuntesdesanluis.com\/index.php\/2025\/02\/25\/dos-institutos-de-educacion-superior-dictaran-el-profesorado-en-educacion-especial\/#primaryimage\"},\"thumbnailUrl\":\"https:\/\/apuntesdesanluis.com\/wp-content\/uploads\/2025\/02\/IFDC-san-luis.png\",\"datePublished\":\"2025-02-25T22:19:32+00:00\",\"breadcrumb\":{\"@id\":\"https:\/\/apuntesdesanluis.com\/index.php\/2025\/02\/25\/dos-institutos-de-educacion-superior-dictaran-el-profesorado-en-educacion-especial\/#breadcrumb\"},\"inLanguage\":\"es-AR\",\"potentialAction\":[{\"@type\":\"ReadAction\",\"target\":[\"https:\/\/apuntesdesanluis.com\/index.php\/2025\/02\/25\/dos-institutos-de-educacion-superior-dictaran-el-profesorado-en-educacion-especial\/\"]}]},{\"@type\":\"ImageObject\",\"inLanguage\":\"es-AR\",\"@id\":\"https:\/\/apuntesdesanluis.com\/index.php\/2025\/02\/25\/dos-institutos-de-educacion-superior-dictaran-el-profesorado-en-educacion-especial\/#primaryimage\",\"url\":\"https:\/\/apuntesdesanluis.com\/wp-content\/uploads\/2025\/02\/IFDC-san-luis.png\",\"contentUrl\":\"https:\/\/apuntesdesanluis.com\/wp-content\/uploads\/2025\/02\/IFDC-san-luis.png\",\"width\":457,\"height\":284},{\"@type\":\"BreadcrumbList\",\"@id\":\"https:\/\/apuntesdesanluis.com\/index.php\/2025\/02\/25\/dos-institutos-de-educacion-superior-dictaran-el-profesorado-en-educacion-especial\/#breadcrumb\",\"itemListElement\":[{\"@type\":\"ListItem\",\"position\":1,\"name\":\"Inicio\",\"item\":\"https:\/\/apuntesdesanluis.com\/\"},{\"@type\":\"ListItem\",\"position\":2,\"name\":\"DOS INSTITUTOS DE EDUCACI\u00d3N SUPERIOR DICTAR\u00c1N EL PROFESORADO EN EDUCACI\u00d3N ESPECIAL\"}]},{\"@type\":\"WebSite\",\"@id\":\"https:\/\/apuntesdesanluis.com\/#website\",\"url\":\"https:\/\/apuntesdesanluis.com\/\",\"name\":\"Apuntes de San Luis\",\"description\":\"\",\"publisher\":{\"@id\":\"https:\/\/apuntesdesanluis.com\/#\/schema\/person\/b55151d52296fcce64d1a72538a70b90\"},\"potentialAction\":[{\"@type\":\"SearchAction\",\"target\":{\"@type\":\"EntryPoint\",\"urlTemplate\":\"https:\/\/apuntesdesanluis.com\/?s={search_term_string}\"},\"query-input\":{\"@type\":\"PropertyValueSpecification\",\"valueRequired\":true,\"valueName\":\"search_term_string\"}}],\"inLanguage\":\"es-AR\"},{\"@type\":[\"Person\",\"Organization\"],\"@id\":\"https:\/\/apuntesdesanluis.com\/#\/schema\/person\/b55151d52296fcce64d1a72538a70b90\",\"name\":\"apuntesdesanluis.com\",\"image\":{\"@type\":\"ImageObject\",\"inLanguage\":\"es-AR\",\"@id\":\"https:\/\/apuntesdesanluis.com\/#\/schema\/person\/image\/\",\"url\":\"https:\/\/apuntesdesanluis.com\/wp-content\/uploads\/2023\/07\/cropped-apuntesdesanluis.png\",\"contentUrl\":\"https:\/\/apuntesdesanluis.com\/wp-content\/uploads\/2023\/07\/cropped-apuntesdesanluis.png\",\"width\":450,\"height\":112,\"caption\":\"apuntesdesanluis.com\"},\"logo\":{\"@id\":\"https:\/\/apuntesdesanluis.com\/#\/schema\/person\/image\/\"},\"sameAs\":[\"https:\/\/apuntesdesanluis.com\"],\"url\":\"https:\/\/apuntesdesanluis.com\/index.php\/author\/apuntesdesanluis-com\/\"}]}<\/script>\n<!-- \/ Yoast SEO plugin. -->","yoast_head_json":{"title":"DOS INSTITUTOS DE EDUCACI\u00d3N SUPERIOR DICTAR\u00c1N EL PROFESORADO EN EDUCACI\u00d3N ESPECIAL - Apuntes de San Luis","robots":{"index":"index","follow":"follow","max-snippet":"max-snippet:-1","max-image-preview":"max-image-preview:large","max-video-preview":"max-video-preview:-1"},"canonical":"https:\/\/apuntesdesanluis.com\/index.php\/2025\/02\/25\/dos-institutos-de-educacion-superior-dictaran-el-profesorado-en-educacion-especial\/","og_locale":"es_ES","og_type":"article","og_title":"DOS INSTITUTOS DE EDUCACI\u00d3N SUPERIOR DICTAR\u00c1N EL PROFESORADO EN EDUCACI\u00d3N ESPECIAL - Apuntes de San Luis","og_description":"A partir del ciclo lectivo 2025, los estudiantes interesados tendr\u00e1n la oportunidad de cursar el...","og_url":"https:\/\/apuntesdesanluis.com\/index.php\/2025\/02\/25\/dos-institutos-de-educacion-superior-dictaran-el-profesorado-en-educacion-especial\/","og_site_name":"Apuntes de San Luis","article_published_time":"2025-02-25T22:19:32+00:00","og_image":[{"width":457,"height":284,"url":"https:\/\/apuntesdesanluis.com\/wp-content\/uploads\/2025\/02\/IFDC-san-luis.png","type":"image\/png"}],"author":"apuntesdesanluis.com","twitter_card":"summary_large_image","twitter_misc":{"Escrito por":"apuntesdesanluis.com","Tiempo de lectura":"2 minutos"},"schema":{"@context":"https:\/\/schema.org","@graph":[{"@type":"Article","@id":"https:\/\/apuntesdesanluis.com\/index.php\/2025\/02\/25\/dos-institutos-de-educacion-superior-dictaran-el-profesorado-en-educacion-especial\/#article","isPartOf":{"@id":"https:\/\/apuntesdesanluis.com\/index.php\/2025\/02\/25\/dos-institutos-de-educacion-superior-dictaran-el-profesorado-en-educacion-especial\/"},"author":{"name":"apuntesdesanluis.com","@id":"https:\/\/apuntesdesanluis.com\/#\/schema\/person\/b55151d52296fcce64d1a72538a70b90"},"headline":"DOS INSTITUTOS DE EDUCACI\u00d3N SUPERIOR DICTAR\u00c1N EL PROFESORADO EN EDUCACI\u00d3N ESPECIAL","datePublished":"2025-02-25T22:19:32+00:00","mainEntityOfPage":{"@id":"https:\/\/apuntesdesanluis.com\/index.php\/2025\/02\/25\/dos-institutos-de-educacion-superior-dictaran-el-profesorado-en-educacion-especial\/"},"wordCount":409,"publisher":{"@id":"https:\/\/apuntesdesanluis.com\/#\/schema\/person\/b55151d52296fcce64d1a72538a70b90"},"image":{"@id":"https:\/\/apuntesdesanluis.com\/index.php\/2025\/02\/25\/dos-institutos-de-educacion-superior-dictaran-el-profesorado-en-educacion-especial\/#primaryimage"},"thumbnailUrl":"https:\/\/apuntesdesanluis.com\/wp-content\/uploads\/2025\/02\/IFDC-san-luis.png","articleSection":["Ciudad\/Provincia"],"inLanguage":"es-AR"},{"@type":"WebPage","@id":"https:\/\/apuntesdesanluis.com\/index.php\/2025\/02\/25\/dos-institutos-de-educacion-superior-dictaran-el-profesorado-en-educacion-especial\/","url":"https:\/\/apuntesdesanluis.com\/index.php\/2025\/02\/25\/dos-institutos-de-educacion-superior-dictaran-el-profesorado-en-educacion-especial\/","name":"DOS INSTITUTOS DE EDUCACI\u00d3N SUPERIOR DICTAR\u00c1N EL PROFESORADO EN EDUCACI\u00d3N ESPECIAL - Apuntes de San Luis","isPartOf":{"@id":"https:\/\/apuntesdesanluis.com\/#website"},"primaryImageOfPage":{"@id":"https:\/\/apuntesdesanluis.com\/index.php\/2025\/02\/25\/dos-institutos-de-educacion-superior-dictaran-el-profesorado-en-educacion-especial\/#primaryimage"},"image":{"@id":"https:\/\/apuntesdesanluis.com\/index.php\/2025\/02\/25\/dos-institutos-de-educacion-superior-dictaran-el-profesorado-en-educacion-especial\/#primaryimage"},"thumbnailUrl":"https:\/\/apuntesdesanluis.com\/wp-content\/uploads\/2025\/02\/IFDC-san-luis.png","datePublished":"2025-02-25T22:19:32+00:00","breadcrumb":{"@id":"https:\/\/apuntesdesanluis.com\/index.php\/2025\/02\/25\/dos-institutos-de-educacion-superior-dictaran-el-profesorado-en-educacion-especial\/#breadcrumb"},"inLanguage":"es-AR","potentialAction":[{"@type":"ReadAction","target":["https:\/\/apuntesdesanluis.com\/index.php\/2025\/02\/25\/dos-institutos-de-educacion-superior-dictaran-el-profesorado-en-educacion-especial\/"]}]},{"@type":"ImageObject","inLanguage":"es-AR","@id":"https:\/\/apuntesdesanluis.com\/index.php\/2025\/02\/25\/dos-institutos-de-educacion-superior-dictaran-el-profesorado-en-educacion-especial\/#primaryimage","url":"https:\/\/apuntesdesanluis.com\/wp-content\/uploads\/2025\/02\/IFDC-san-luis.png","contentUrl":"https:\/\/apuntesdesanluis.com\/wp-content\/uploads\/2025\/02\/IFDC-san-luis.png","width":457,"height":284},{"@type":"BreadcrumbList","@id":"https:\/\/apuntesdesanluis.com\/index.php\/2025\/02\/25\/dos-institutos-de-educacion-superior-dictaran-el-profesorado-en-educacion-especial\/#breadcrumb","itemListElement":[{"@type":"ListItem","position":1,"name":"Inicio","item":"https:\/\/apuntesdesanluis.com\/"},{"@type":"ListItem","position":2,"name":"DOS INSTITUTOS DE EDUCACI\u00d3N SUPERIOR DICTAR\u00c1N EL PROFESORADO EN EDUCACI\u00d3N ESPECIAL"}]},{"@type":"WebSite","@id":"https:\/\/apuntesdesanluis.com\/#website","url":"https:\/\/apuntesdesanluis.com\/","name":"Apuntes de San Luis","description":"","publisher":{"@id":"https:\/\/apuntesdesanluis.com\/#\/schema\/person\/b55151d52296fcce64d1a72538a70b90"},"potentialAction":[{"@type":"SearchAction","target":{"@type":"EntryPoint","urlTemplate":"https:\/\/apuntesdesanluis.com\/?s={search_term_string}"},"query-input":{"@type":"PropertyValueSpecification","valueRequired":true,"valueName":"search_term_string"}}],"inLanguage":"es-AR"},{"@type":["Person","Organization"],"@id":"https:\/\/apuntesdesanluis.com\/#\/schema\/person\/b55151d52296fcce64d1a72538a70b90","name":"apuntesdesanluis.com","image":{"@type":"ImageObject","inLanguage":"es-AR","@id":"https:\/\/apuntesdesanluis.com\/#\/schema\/person\/image\/","url":"https:\/\/apuntesdesanluis.com\/wp-content\/uploads\/2023\/07\/cropped-apuntesdesanluis.png","contentUrl":"https:\/\/apuntesdesanluis.com\/wp-content\/uploads\/2023\/07\/cropped-apuntesdesanluis.png","width":450,"height":112,"caption":"apuntesdesanluis.com"},"logo":{"@id":"https:\/\/apuntesdesanluis.com\/#\/schema\/person\/image\/"},"sameAs":["https:\/\/apuntesdesanluis.com"],"url":"https:\/\/apuntesdesanluis.com\/index.php\/author\/apuntesdesanluis-com\/"}]}},"featured_image_urls":{"full":["https:\/\/apuntesdesanluis.com\/wp-content\/uploads\/2025\/02\/IFDC-san-luis.png",457,284,false],"thumbnail":["https:\/\/apuntesdesanluis.com\/wp-content\/uploads\/2025\/02\/IFDC-san-luis-150x150.png",150,150,true],"medium":["https:\/\/apuntesdesanluis.com\/wp-content\/uploads\/2025\/02\/IFDC-san-luis-300x186.png",300,186,true],"medium_large":["https:\/\/apuntesdesanluis.com\/wp-content\/uploads\/2025\/02\/IFDC-san-luis.png",457,284,false],"large":["https:\/\/apuntesdesanluis.com\/wp-content\/uploads\/2025\/02\/IFDC-san-luis.png",457,284,false],"1536x1536":["https:\/\/apuntesdesanluis.com\/wp-content\/uploads\/2025\/02\/IFDC-san-luis.png",457,284,false],"2048x2048":["https:\/\/apuntesdesanluis.com\/wp-content\/uploads\/2025\/02\/IFDC-san-luis.png",457,284,false],"newsever-slider-full":["https:\/\/apuntesdesanluis.com\/wp-content\/uploads\/2025\/02\/IFDC-san-luis.png",457,284,false],"newsever-featured":["https:\/\/apuntesdesanluis.com\/wp-content\/uploads\/2025\/02\/IFDC-san-luis.png",457,284,false],"newsever-medium":["https:\/\/apuntesdesanluis.com\/wp-content\/uploads\/2025\/02\/IFDC-san-luis.png",457,284,false]},"author_info":{"display_name":"apuntesdesanluis.com","author_link":"https:\/\/apuntesdesanluis.com\/index.php\/author\/apuntesdesanluis-com\/"},"category_info":"<a href=\"https:\/\/apuntesdesanluis.com\/index.php\/category\/ciudad-provincia\/\" rel=\"category tag\">Ciudad\/Provincia<\/a>","tag_info":"Ciudad\/Provincia","comment_count":"0","_links":{"self":[{"href":"https:\/\/apuntesdesanluis.com\/index.php\/wp-json\/wp\/v2\/posts\/29779","targetHints":{"allow":["GET"]}}],"collection":[{"href":"https:\/\/apuntesdesanluis.com\/index.php\/wp-json\/wp\/v2\/posts"}],"about":[{"href":"https:\/\/apuntesdesanluis.com\/index.php\/wp-json\/wp\/v2\/types\/post"}],"author":[{"embeddable":true,"href":"https:\/\/apuntesdesanluis.com\/index.php\/wp-json\/wp\/v2\/users\/1"}],"replies":[{"embeddable":true,"href":"https:\/\/apuntesdesanluis.com\/index.php\/wp-json\/wp\/v2\/comments?post=29779"}],"version-history":[{"count":1,"href":"https:\/\/apuntesdesanluis.com\/index.php\/wp-json\/wp\/v2\/posts\/29779\/revisions"}],"predecessor-version":[{"id":29781,"href":"https:\/\/apuntesdesanluis.com\/index.php\/wp-json\/wp\/v2\/posts\/29779\/revisions\/29781"}],"wp:featuredmedia":[{"embeddable":true,"href":"https:\/\/apuntesdesanluis.com\/index.php\/wp-json\/wp\/v2\/media\/29780"}],"wp:attachment":[{"href":"https:\/\/apuntesdesanluis.com\/index.php\/wp-json\/wp\/v2\/media?parent=29779"}],"wp:term":[{"taxonomy":"category","embeddable":true,"href":"https:\/\/apuntesdesanluis.com\/index.php\/wp-json\/wp\/v2\/categories?post=29779"},{"taxonomy":"post_tag","embeddable":true,"href":"https:\/\/apuntesdesanluis.com\/index.php\/wp-json\/wp\/v2\/tags?post=29779"}],"curies":[{"name":"wp","href":"https:\/\/api.w.org\/{rel}","templated":true}]}}