{"id":29787,"date":"2025-02-25T19:50:20","date_gmt":"2025-02-25T22:50:20","guid":{"rendered":"https:\/\/apuntesdesanluis.com\/?p=29787"},"modified":"2025-02-25T19:50:44","modified_gmt":"2025-02-25T22:50:44","slug":"grave-imputacion-a-un-policia-por-violencia-de-genero","status":"publish","type":"post","link":"https:\/\/apuntesdesanluis.com\/index.php\/2025\/02\/25\/grave-imputacion-a-un-policia-por-violencia-de-genero\/","title":{"rendered":"GRAVE IMPUTACI\u00d3N A UN POLIC\u00cdA POR VIOLENCIA DE G\u00c9NERO"},"content":{"rendered":"<h3>El Ministerio P\u00fablico Fiscal formul\u00f3 cargos a un hombre que se desempe\u00f1a en la Divisi\u00f3n Respuesta Inmediata Motorizada (DRIM), por el delito de privaci\u00f3n ileg\u00edtima de la libertad, agravada por cometerse con violencia y en contexto de g\u00e9nero. La audiencia se desarroll\u00f3 en el Juzgado de Garant\u00eda N\u00ba 2 de la Segunda Circunscripci\u00f3n Judicial.<\/h3>\n<h3>Participaron de la audiencia, el Dr. Mat\u00edas Farinazzo Tempestini \u2013Juez de Garant\u00eda N\u00ba2-, la Secretaria, Dra, Soledad Fernandez Lopez,\u00a0 en representaci\u00f3n del Ministerio P\u00fablico Fiscal, la Dra. Nayla Mu\u00f1oz y el Dr. Maximiliano Bazla Cassina, como Defensora del imputado intervino la Dra. Graciela Bernabeu.<\/h3>\n<h3>La Fiscal formul\u00f3 cargos por un hecho ocurrido el pasado 8 de febrero de 2025 en Villa Mercedes y que se enmarca en una situaci\u00f3n de violencia de g\u00e9nero.\u00a0 En dicha oportunidad, el ciudadano se encontraba trabajando en el DRIM, luego de terminar su trabajo en la madrugada, regres\u00f3 a su domicilio donde se encontraba su pareja (actualmente son ex pareja, pero tuvieron una relaci\u00f3n de un a\u00f1o de duraci\u00f3n aproximadamente).<\/h3>\n<h3>En dicho momento se generan discusiones entre ambos y la v\u00edctima decidi\u00f3 irse de la casa, cuando logr\u00f3 llegar a la puerta para retirarse, el imputado la empuj\u00f3 contra una pared, coloc\u00f3 el antebrazo en el cuello de la v\u00edctima y le propin\u00f3 un golpe de pu\u00f1o en el rostro, lo que provoc\u00f3 la ca\u00edda de la mujer al suelo.<\/h3>\n<h3>Luego de que ella recobrara la conciencia, se dio cuenta de que el imputado hab\u00eda cerrado la puerta con llave y le dijo que no se iba a retirar de all\u00ed y tambi\u00e9n la insult\u00f3. La v\u00edctima pudo comunicarse con una amiga explic\u00e1ndole la situaci\u00f3n y junto a la familia llamaron a personal policial que se present\u00f3 en el domicilio.<\/h3>\n<h3>A su vez, la Fiscal\u00eda solicit\u00f3 como medida cautelar que se mantenga la prohibici\u00f3n de acercamiento vigente hasta una distancia de 200 metros, cese de hostilidad y agresi\u00f3n. La prohibici\u00f3n de acercamiento incluye medios inform\u00e1ticos, electr\u00f3nicos, tel\u00e9fono, redes sociales, etc. Por otro lado, y en atenci\u00f3n de que el imputado se desempe\u00f1a como personal policial y tiene acceso a armas de fuego y conforme a que existen protocolos para estas situaciones, solicit\u00f3, inter dure la investigaci\u00f3n penal preparatoria, se restrinja la utilizaci\u00f3n del arma, se entregue la misma y se deshabilite a portar un arma durante dicho per\u00edodo.<\/h3>\n<h3>Por su parte, la Defensa, no estuvo de acuerdo con la teor\u00eda del caso de fiscal\u00eda, y dijo que el golpe no fue producto de un pu\u00f1o. Respecto de las medidas, expres\u00f3 que su defendido ya se encuentra realizando tareas administrativas, atento a la denuncia realizada en redes sociales por parte de la v\u00edctima. Agreg\u00f3 que producto de eso, recibe hostigamientos y amenazas.<\/h3>\n<h3>Luego de la exposici\u00f3n de las partes, el Dr. Farinazzo Tempestini tuvo por formulado los cargos e hizo lugar a las medidas solicitadas por fiscal\u00eda y consentidas por la Defensa.<\/h3>\n<h3><\/h3>\n<h3><\/h3>\n<p>&nbsp;<\/p>\n","protected":false},"excerpt":{"rendered":"<p>El Ministerio P\u00fablico Fiscal formul\u00f3 cargos a un hombre que se desempe\u00f1a en la Divisi\u00f3n&#8230;<\/p>\n","protected":false},"author":1,"featured_media":764,"comment_status":"closed","ping_status":"closed","sticky":false,"template":"","format":"standard","meta":{"footnotes":""},"categories":[6],"tags":[],"class_list":["post-29787","post","type-post","status-publish","format-standard","has-post-thumbnail","hentry","category-ciudad-provincia"],"yoast_head":"<!-- This site is optimized with the Yoast SEO plugin v26.1.1 - https:\/\/yoast.com\/wordpress\/plugins\/seo\/ -->\n<title>GRAVE IMPUTACI\u00d3N A UN POLIC\u00cdA POR VIOLENCIA DE G\u00c9NERO - Apuntes de San Luis<\/title>\n<meta name=\"robots\" content=\"index, follow, max-snippet:-1, max-image-preview:large, max-video-preview:-1\" \/>\n<link rel=\"canonical\" href=\"https:\/\/apuntesdesanluis.com\/index.php\/2025\/02\/25\/grave-imputacion-a-un-policia-por-violencia-de-genero\/\" \/>\n<meta property=\"og:locale\" content=\"es_ES\" \/>\n<meta property=\"og:type\" content=\"article\" \/>\n<meta property=\"og:title\" content=\"GRAVE IMPUTACI\u00d3N A UN POLIC\u00cdA POR VIOLENCIA DE G\u00c9NERO - Apuntes de San Luis\" \/>\n<meta property=\"og:description\" content=\"El Ministerio P\u00fablico Fiscal formul\u00f3 cargos a un hombre que se desempe\u00f1a en la Divisi\u00f3n...\" \/>\n<meta property=\"og:url\" content=\"https:\/\/apuntesdesanluis.com\/index.php\/2025\/02\/25\/grave-imputacion-a-un-policia-por-violencia-de-genero\/\" \/>\n<meta property=\"og:site_name\" content=\"Apuntes de San Luis\" \/>\n<meta property=\"article:published_time\" content=\"2025-02-25T22:50:20+00:00\" \/>\n<meta property=\"article:modified_time\" content=\"2025-02-25T22:50:44+00:00\" \/>\n<meta property=\"og:image\" content=\"https:\/\/apuntesdesanluis.com\/wp-content\/uploads\/2023\/07\/tribunales-de-villa-mercedes.png\" \/>\n\t<meta property=\"og:image:width\" content=\"739\" \/>\n\t<meta property=\"og:image:height\" content=\"443\" \/>\n\t<meta property=\"og:image:type\" content=\"image\/png\" \/>\n<meta name=\"author\" content=\"apuntesdesanluis.com\" \/>\n<meta name=\"twitter:card\" content=\"summary_large_image\" \/>\n<meta name=\"twitter:label1\" content=\"Escrito por\" \/>\n\t<meta name=\"twitter:data1\" content=\"apuntesdesanluis.com\" \/>\n\t<meta name=\"twitter:label2\" content=\"Tiempo de lectura\" \/>\n\t<meta name=\"twitter:data2\" content=\"3 minutos\" \/>\n<script type=\"application\/ld+json\" class=\"yoast-schema-graph\">{\"@context\":\"https:\/\/schema.org\",\"@graph\":[{\"@type\":\"Article\",\"@id\":\"https:\/\/apuntesdesanluis.com\/index.php\/2025\/02\/25\/grave-imputacion-a-un-policia-por-violencia-de-genero\/#article\",\"isPartOf\":{\"@id\":\"https:\/\/apuntesdesanluis.com\/index.php\/2025\/02\/25\/grave-imputacion-a-un-policia-por-violencia-de-genero\/\"},\"author\":{\"name\":\"apuntesdesanluis.com\",\"@id\":\"https:\/\/apuntesdesanluis.com\/#\/schema\/person\/b55151d52296fcce64d1a72538a70b90\"},\"headline\":\"GRAVE IMPUTACI\u00d3N A UN POLIC\u00cdA POR VIOLENCIA DE G\u00c9NERO\",\"datePublished\":\"2025-02-25T22:50:20+00:00\",\"dateModified\":\"2025-02-25T22:50:44+00:00\",\"mainEntityOfPage\":{\"@id\":\"https:\/\/apuntesdesanluis.com\/index.php\/2025\/02\/25\/grave-imputacion-a-un-policia-por-violencia-de-genero\/\"},\"wordCount\":535,\"publisher\":{\"@id\":\"https:\/\/apuntesdesanluis.com\/#\/schema\/person\/b55151d52296fcce64d1a72538a70b90\"},\"image\":{\"@id\":\"https:\/\/apuntesdesanluis.com\/index.php\/2025\/02\/25\/grave-imputacion-a-un-policia-por-violencia-de-genero\/#primaryimage\"},\"thumbnailUrl\":\"https:\/\/apuntesdesanluis.com\/wp-content\/uploads\/2023\/07\/tribunales-de-villa-mercedes.png\",\"articleSection\":[\"Ciudad\/Provincia\"],\"inLanguage\":\"es-AR\"},{\"@type\":\"WebPage\",\"@id\":\"https:\/\/apuntesdesanluis.com\/index.php\/2025\/02\/25\/grave-imputacion-a-un-policia-por-violencia-de-genero\/\",\"url\":\"https:\/\/apuntesdesanluis.com\/index.php\/2025\/02\/25\/grave-imputacion-a-un-policia-por-violencia-de-genero\/\",\"name\":\"GRAVE IMPUTACI\u00d3N A UN POLIC\u00cdA POR VIOLENCIA DE G\u00c9NERO - Apuntes de San Luis\",\"isPartOf\":{\"@id\":\"https:\/\/apuntesdesanluis.com\/#website\"},\"primaryImageOfPage\":{\"@id\":\"https:\/\/apuntesdesanluis.com\/index.php\/2025\/02\/25\/grave-imputacion-a-un-policia-por-violencia-de-genero\/#primaryimage\"},\"image\":{\"@id\":\"https:\/\/apuntesdesanluis.com\/index.php\/2025\/02\/25\/grave-imputacion-a-un-policia-por-violencia-de-genero\/#primaryimage\"},\"thumbnailUrl\":\"https:\/\/apuntesdesanluis.com\/wp-content\/uploads\/2023\/07\/tribunales-de-villa-mercedes.png\",\"datePublished\":\"2025-02-25T22:50:20+00:00\",\"dateModified\":\"2025-02-25T22:50:44+00:00\",\"breadcrumb\":{\"@id\":\"https:\/\/apuntesdesanluis.com\/index.php\/2025\/02\/25\/grave-imputacion-a-un-policia-por-violencia-de-genero\/#breadcrumb\"},\"inLanguage\":\"es-AR\",\"potentialAction\":[{\"@type\":\"ReadAction\",\"target\":[\"https:\/\/apuntesdesanluis.com\/index.php\/2025\/02\/25\/grave-imputacion-a-un-policia-por-violencia-de-genero\/\"]}]},{\"@type\":\"ImageObject\",\"inLanguage\":\"es-AR\",\"@id\":\"https:\/\/apuntesdesanluis.com\/index.php\/2025\/02\/25\/grave-imputacion-a-un-policia-por-violencia-de-genero\/#primaryimage\",\"url\":\"https:\/\/apuntesdesanluis.com\/wp-content\/uploads\/2023\/07\/tribunales-de-villa-mercedes.png\",\"contentUrl\":\"https:\/\/apuntesdesanluis.com\/wp-content\/uploads\/2023\/07\/tribunales-de-villa-mercedes.png\",\"width\":739,\"height\":443},{\"@type\":\"BreadcrumbList\",\"@id\":\"https:\/\/apuntesdesanluis.com\/index.php\/2025\/02\/25\/grave-imputacion-a-un-policia-por-violencia-de-genero\/#breadcrumb\",\"itemListElement\":[{\"@type\":\"ListItem\",\"position\":1,\"name\":\"Inicio\",\"item\":\"https:\/\/apuntesdesanluis.com\/\"},{\"@type\":\"ListItem\",\"position\":2,\"name\":\"GRAVE IMPUTACI\u00d3N A UN POLIC\u00cdA POR VIOLENCIA DE G\u00c9NERO\"}]},{\"@type\":\"WebSite\",\"@id\":\"https:\/\/apuntesdesanluis.com\/#website\",\"url\":\"https:\/\/apuntesdesanluis.com\/\",\"name\":\"Apuntes de San Luis\",\"description\":\"\",\"publisher\":{\"@id\":\"https:\/\/apuntesdesanluis.com\/#\/schema\/person\/b55151d52296fcce64d1a72538a70b90\"},\"potentialAction\":[{\"@type\":\"SearchAction\",\"target\":{\"@type\":\"EntryPoint\",\"urlTemplate\":\"https:\/\/apuntesdesanluis.com\/?s={search_term_string}\"},\"query-input\":{\"@type\":\"PropertyValueSpecification\",\"valueRequired\":true,\"valueName\":\"search_term_string\"}}],\"inLanguage\":\"es-AR\"},{\"@type\":[\"Person\",\"Organization\"],\"@id\":\"https:\/\/apuntesdesanluis.com\/#\/schema\/person\/b55151d52296fcce64d1a72538a70b90\",\"name\":\"apuntesdesanluis.com\",\"image\":{\"@type\":\"ImageObject\",\"inLanguage\":\"es-AR\",\"@id\":\"https:\/\/apuntesdesanluis.com\/#\/schema\/person\/image\/\",\"url\":\"https:\/\/apuntesdesanluis.com\/wp-content\/uploads\/2023\/07\/cropped-apuntesdesanluis.png\",\"contentUrl\":\"https:\/\/apuntesdesanluis.com\/wp-content\/uploads\/2023\/07\/cropped-apuntesdesanluis.png\",\"width\":450,\"height\":112,\"caption\":\"apuntesdesanluis.com\"},\"logo\":{\"@id\":\"https:\/\/apuntesdesanluis.com\/#\/schema\/person\/image\/\"},\"sameAs\":[\"https:\/\/apuntesdesanluis.com\"],\"url\":\"https:\/\/apuntesdesanluis.com\/index.php\/author\/apuntesdesanluis-com\/\"}]}<\/script>\n<!-- \/ Yoast SEO plugin. -->","yoast_head_json":{"title":"GRAVE IMPUTACI\u00d3N A UN POLIC\u00cdA POR VIOLENCIA DE G\u00c9NERO - Apuntes de San Luis","robots":{"index":"index","follow":"follow","max-snippet":"max-snippet:-1","max-image-preview":"max-image-preview:large","max-video-preview":"max-video-preview:-1"},"canonical":"https:\/\/apuntesdesanluis.com\/index.php\/2025\/02\/25\/grave-imputacion-a-un-policia-por-violencia-de-genero\/","og_locale":"es_ES","og_type":"article","og_title":"GRAVE IMPUTACI\u00d3N A UN POLIC\u00cdA POR VIOLENCIA DE G\u00c9NERO - Apuntes de San Luis","og_description":"El Ministerio P\u00fablico Fiscal formul\u00f3 cargos a un hombre que se desempe\u00f1a en la Divisi\u00f3n...","og_url":"https:\/\/apuntesdesanluis.com\/index.php\/2025\/02\/25\/grave-imputacion-a-un-policia-por-violencia-de-genero\/","og_site_name":"Apuntes de San Luis","article_published_time":"2025-02-25T22:50:20+00:00","article_modified_time":"2025-02-25T22:50:44+00:00","og_image":[{"width":739,"height":443,"url":"https:\/\/apuntesdesanluis.com\/wp-content\/uploads\/2023\/07\/tribunales-de-villa-mercedes.png","type":"image\/png"}],"author":"apuntesdesanluis.com","twitter_card":"summary_large_image","twitter_misc":{"Escrito por":"apuntesdesanluis.com","Tiempo de lectura":"3 minutos"},"schema":{"@context":"https:\/\/schema.org","@graph":[{"@type":"Article","@id":"https:\/\/apuntesdesanluis.com\/index.php\/2025\/02\/25\/grave-imputacion-a-un-policia-por-violencia-de-genero\/#article","isPartOf":{"@id":"https:\/\/apuntesdesanluis.com\/index.php\/2025\/02\/25\/grave-imputacion-a-un-policia-por-violencia-de-genero\/"},"author":{"name":"apuntesdesanluis.com","@id":"https:\/\/apuntesdesanluis.com\/#\/schema\/person\/b55151d52296fcce64d1a72538a70b90"},"headline":"GRAVE IMPUTACI\u00d3N A UN POLIC\u00cdA POR VIOLENCIA DE G\u00c9NERO","datePublished":"2025-02-25T22:50:20+00:00","dateModified":"2025-02-25T22:50:44+00:00","mainEntityOfPage":{"@id":"https:\/\/apuntesdesanluis.com\/index.php\/2025\/02\/25\/grave-imputacion-a-un-policia-por-violencia-de-genero\/"},"wordCount":535,"publisher":{"@id":"https:\/\/apuntesdesanluis.com\/#\/schema\/person\/b55151d52296fcce64d1a72538a70b90"},"image":{"@id":"https:\/\/apuntesdesanluis.com\/index.php\/2025\/02\/25\/grave-imputacion-a-un-policia-por-violencia-de-genero\/#primaryimage"},"thumbnailUrl":"https:\/\/apuntesdesanluis.com\/wp-content\/uploads\/2023\/07\/tribunales-de-villa-mercedes.png","articleSection":["Ciudad\/Provincia"],"inLanguage":"es-AR"},{"@type":"WebPage","@id":"https:\/\/apuntesdesanluis.com\/index.php\/2025\/02\/25\/grave-imputacion-a-un-policia-por-violencia-de-genero\/","url":"https:\/\/apuntesdesanluis.com\/index.php\/2025\/02\/25\/grave-imputacion-a-un-policia-por-violencia-de-genero\/","name":"GRAVE IMPUTACI\u00d3N A UN POLIC\u00cdA POR VIOLENCIA DE G\u00c9NERO - Apuntes de San Luis","isPartOf":{"@id":"https:\/\/apuntesdesanluis.com\/#website"},"primaryImageOfPage":{"@id":"https:\/\/apuntesdesanluis.com\/index.php\/2025\/02\/25\/grave-imputacion-a-un-policia-por-violencia-de-genero\/#primaryimage"},"image":{"@id":"https:\/\/apuntesdesanluis.com\/index.php\/2025\/02\/25\/grave-imputacion-a-un-policia-por-violencia-de-genero\/#primaryimage"},"thumbnailUrl":"https:\/\/apuntesdesanluis.com\/wp-content\/uploads\/2023\/07\/tribunales-de-villa-mercedes.png","datePublished":"2025-02-25T22:50:20+00:00","dateModified":"2025-02-25T22:50:44+00:00","breadcrumb":{"@id":"https:\/\/apuntesdesanluis.com\/index.php\/2025\/02\/25\/grave-imputacion-a-un-policia-por-violencia-de-genero\/#breadcrumb"},"inLanguage":"es-AR","potentialAction":[{"@type":"ReadAction","target":["https:\/\/apuntesdesanluis.com\/index.php\/2025\/02\/25\/grave-imputacion-a-un-policia-por-violencia-de-genero\/"]}]},{"@type":"ImageObject","inLanguage":"es-AR","@id":"https:\/\/apuntesdesanluis.com\/index.php\/2025\/02\/25\/grave-imputacion-a-un-policia-por-violencia-de-genero\/#primaryimage","url":"https:\/\/apuntesdesanluis.com\/wp-content\/uploads\/2023\/07\/tribunales-de-villa-mercedes.png","contentUrl":"https:\/\/apuntesdesanluis.com\/wp-content\/uploads\/2023\/07\/tribunales-de-villa-mercedes.png","width":739,"height":443},{"@type":"BreadcrumbList","@id":"https:\/\/apuntesdesanluis.com\/index.php\/2025\/02\/25\/grave-imputacion-a-un-policia-por-violencia-de-genero\/#breadcrumb","itemListElement":[{"@type":"ListItem","position":1,"name":"Inicio","item":"https:\/\/apuntesdesanluis.com\/"},{"@type":"ListItem","position":2,"name":"GRAVE IMPUTACI\u00d3N A UN POLIC\u00cdA POR VIOLENCIA DE G\u00c9NERO"}]},{"@type":"WebSite","@id":"https:\/\/apuntesdesanluis.com\/#website","url":"https:\/\/apuntesdesanluis.com\/","name":"Apuntes de San Luis","description":"","publisher":{"@id":"https:\/\/apuntesdesanluis.com\/#\/schema\/person\/b55151d52296fcce64d1a72538a70b90"},"potentialAction":[{"@type":"SearchAction","target":{"@type":"EntryPoint","urlTemplate":"https:\/\/apuntesdesanluis.com\/?s={search_term_string}"},"query-input":{"@type":"PropertyValueSpecification","valueRequired":true,"valueName":"search_term_string"}}],"inLanguage":"es-AR"},{"@type":["Person","Organization"],"@id":"https:\/\/apuntesdesanluis.com\/#\/schema\/person\/b55151d52296fcce64d1a72538a70b90","name":"apuntesdesanluis.com","image":{"@type":"ImageObject","inLanguage":"es-AR","@id":"https:\/\/apuntesdesanluis.com\/#\/schema\/person\/image\/","url":"https:\/\/apuntesdesanluis.com\/wp-content\/uploads\/2023\/07\/cropped-apuntesdesanluis.png","contentUrl":"https:\/\/apuntesdesanluis.com\/wp-content\/uploads\/2023\/07\/cropped-apuntesdesanluis.png","width":450,"height":112,"caption":"apuntesdesanluis.com"},"logo":{"@id":"https:\/\/apuntesdesanluis.com\/#\/schema\/person\/image\/"},"sameAs":["https:\/\/apuntesdesanluis.com"],"url":"https:\/\/apuntesdesanluis.com\/index.php\/author\/apuntesdesanluis-com\/"}]}},"featured_image_urls":{"full":["https:\/\/apuntesdesanluis.com\/wp-content\/uploads\/2023\/07\/tribunales-de-villa-mercedes.png",739,443,false],"thumbnail":["https:\/\/apuntesdesanluis.com\/wp-content\/uploads\/2023\/07\/tribunales-de-villa-mercedes-150x150.png",150,150,true],"medium":["https:\/\/apuntesdesanluis.com\/wp-content\/uploads\/2023\/07\/tribunales-de-villa-mercedes-300x180.png",300,180,true],"medium_large":["https:\/\/apuntesdesanluis.com\/wp-content\/uploads\/2023\/07\/tribunales-de-villa-mercedes.png",640,384,false],"large":["https:\/\/apuntesdesanluis.com\/wp-content\/uploads\/2023\/07\/tribunales-de-villa-mercedes.png",640,384,false],"1536x1536":["https:\/\/apuntesdesanluis.com\/wp-content\/uploads\/2023\/07\/tribunales-de-villa-mercedes.png",739,443,false],"2048x2048":["https:\/\/apuntesdesanluis.com\/wp-content\/uploads\/2023\/07\/tribunales-de-villa-mercedes.png",739,443,false],"newsever-slider-full":["https:\/\/apuntesdesanluis.com\/wp-content\/uploads\/2023\/07\/tribunales-de-villa-mercedes.png",739,443,false],"newsever-featured":["https:\/\/apuntesdesanluis.com\/wp-content\/uploads\/2023\/07\/tribunales-de-villa-mercedes.png",739,443,false],"newsever-medium":["https:\/\/apuntesdesanluis.com\/wp-content\/uploads\/2023\/07\/tribunales-de-villa-mercedes-720x443.png",720,443,true]},"author_info":{"display_name":"apuntesdesanluis.com","author_link":"https:\/\/apuntesdesanluis.com\/index.php\/author\/apuntesdesanluis-com\/"},"category_info":"<a href=\"https:\/\/apuntesdesanluis.com\/index.php\/category\/ciudad-provincia\/\" rel=\"category tag\">Ciudad\/Provincia<\/a>","tag_info":"Ciudad\/Provincia","comment_count":"0","_links":{"self":[{"href":"https:\/\/apuntesdesanluis.com\/index.php\/wp-json\/wp\/v2\/posts\/29787","targetHints":{"allow":["GET"]}}],"collection":[{"href":"https:\/\/apuntesdesanluis.com\/index.php\/wp-json\/wp\/v2\/posts"}],"about":[{"href":"https:\/\/apuntesdesanluis.com\/index.php\/wp-json\/wp\/v2\/types\/post"}],"author":[{"embeddable":true,"href":"https:\/\/apuntesdesanluis.com\/index.php\/wp-json\/wp\/v2\/users\/1"}],"replies":[{"embeddable":true,"href":"https:\/\/apuntesdesanluis.com\/index.php\/wp-json\/wp\/v2\/comments?post=29787"}],"version-history":[{"count":2,"href":"https:\/\/apuntesdesanluis.com\/index.php\/wp-json\/wp\/v2\/posts\/29787\/revisions"}],"predecessor-version":[{"id":29789,"href":"https:\/\/apuntesdesanluis.com\/index.php\/wp-json\/wp\/v2\/posts\/29787\/revisions\/29789"}],"wp:featuredmedia":[{"embeddable":true,"href":"https:\/\/apuntesdesanluis.com\/index.php\/wp-json\/wp\/v2\/media\/764"}],"wp:attachment":[{"href":"https:\/\/apuntesdesanluis.com\/index.php\/wp-json\/wp\/v2\/media?parent=29787"}],"wp:term":[{"taxonomy":"category","embeddable":true,"href":"https:\/\/apuntesdesanluis.com\/index.php\/wp-json\/wp\/v2\/categories?post=29787"},{"taxonomy":"post_tag","embeddable":true,"href":"https:\/\/apuntesdesanluis.com\/index.php\/wp-json\/wp\/v2\/tags?post=29787"}],"curies":[{"name":"wp","href":"https:\/\/api.w.org\/{rel}","templated":true}]}}