{"id":2981,"date":"2023-09-08T21:32:56","date_gmt":"2023-09-09T00:32:56","guid":{"rendered":"https:\/\/apuntesdesanluis.com\/?p=2981"},"modified":"2023-09-08T21:35:10","modified_gmt":"2023-09-09T00:35:10","slug":"con-una-masiva-concurrencia-cerro-la-segunda-edicion-de-bla","status":"publish","type":"post","link":"https:\/\/apuntesdesanluis.com\/index.php\/2023\/09\/08\/con-una-masiva-concurrencia-cerro-la-segunda-edicion-de-bla\/","title":{"rendered":"MASIVA CONCURRENCIA EN LA SEGUNDA EDICI\u00d3N DEL CONGRESO DE COMUNICACION BLA"},"content":{"rendered":"<h3>Potrero de los Funes recibi\u00f3 a m\u00e1s de 600 asistentes que durante toda la jornada disfrutaron de las m\u00e1s diversas propuestas de formaci\u00f3n profesional de la mano de disertantes de todo el pa\u00eds. El evento, organizado por la Secretar\u00eda de Estado de Comunicaci\u00f3n, se consagr\u00f3 como un referente regional de las nuevas tendencias digitales.<\/h3>\n<h3>Desde las 8:30 de la ma\u00f1ana de este viernes, la Caja de los Trebejos abri\u00f3 sus puertas para dar inicio a la segunda edici\u00f3n del<strong> Congreso de Comunicaci\u00f3n BLA<\/strong>, que inici\u00f3 con una disertaci\u00f3n sobre Comunicaci\u00f3n Digital a cargo del director de Webar Interactive, Gustavo Buchbinder. \u201cEn este mundo ca\u00f3tico nos encontramos con que todo se relaciona con todo, los tiempos narrativos son cort\u00edsimos. Lo que han cambiado fundamentalmente son los formatos\u201d, finaliz\u00f3 el licenciado en Comunicaci\u00f3n Social, luego de exponer sobre las nuevas tendencias y su choque con los viejos h\u00e1bitos de consumo de medios.<\/h3>\n<h3>El evento continu\u00f3 con la presencia de Magal\u00ed Ga\u00eddo en el escenario presentando su trabajo en periodismo digital. La actual editora de la versi\u00f3n digital de La Voz del Interior de C\u00f3rdoba, asegur\u00f3 que las nuevas tendencias digitales desaf\u00edan al periodismo al mismo tiempo que exigen nuevas habilidades. \u201cEste ecosistema 2.0 oblig\u00f3 a crear nuevos perfiles profesionales como el periodismo digital. En el mundo digital no alcanza con escribir bien\u201d, asegur\u00f3 la periodista.<\/h3>\n<p><img fetchpriority=\"high\" decoding=\"async\" class=\"wp-image-2988 aligncenter\" src=\"https:\/\/apuntesdesanluis.com\/wp-content\/uploads\/2023\/09\/COBERTURA-300x200.png\" alt=\"\" width=\"728\" height=\"485\" srcset=\"https:\/\/apuntesdesanluis.com\/wp-content\/uploads\/2023\/09\/COBERTURA-300x200.png 300w, https:\/\/apuntesdesanluis.com\/wp-content\/uploads\/2023\/09\/COBERTURA-768x511.png 768w, https:\/\/apuntesdesanluis.com\/wp-content\/uploads\/2023\/09\/COBERTURA.png 796w\" sizes=\"(max-width: 728px) 100vw, 728px\" \/><\/p>\n<h3>Por su parte, V\u00edctor Massola subi\u00f3 al escenario para disertar sobre su trabajo en marketing digital y medios. El consultor destac\u00f3 la importancia del contacto \u201cuno a uno\u201d cuando dise\u00f1amos contenido digital, as\u00ed como encontrar oportunidades y herramientas, y buscar la ventaja competitiva al momento de dise\u00f1ar planes estrat\u00e9gico comunicativos.<\/h3>\n<h3>\u00a0La \u00faltima exposici\u00f3n de la ma\u00f1ana estuvo a cargo de la doctora en Comunicaci\u00f3n, Sandra Massoni, quien deleit\u00f3 al p\u00fablico con su teor\u00eda de la Comunicaci\u00f3n Estrat\u00e9gica Enactiva la cual dise\u00f1\u00f3 junto a colegas basando sus estudios en pr\u00e1cticas comunicativas Latinoamericanas.<\/h3>\n<h3>Al mediod\u00eda, los asistentes pudieron disfrutar de un break para almorzar y generar un espacio de encuentro con colegas y amigos. Cabe destacar que el evento atrajo a comunicadores, periodistas y afines de toda la provincia.<\/h3>\n<h3>Una vez de regreso, Mariana Costa, doctora y mag\u00edster en Comunicaci\u00f3n recuper\u00f3 exitosamente el clima acad\u00e9mico del Congreso con su impecable disertaci\u00f3n sobre comunicaci\u00f3n visual. La autora del canal de YouTube Mariana Costa Sand\u00eda, expuso sobre el uso de las nuevas tecnolog\u00edas como la Inteligencia Artificial aplicadas al dise\u00f1o comunicacional para redes sociales.<\/h3>\n<h3><img decoding=\"async\" class=\"wp-image-2983 aligncenter\" src=\"https:\/\/apuntesdesanluis.com\/wp-content\/uploads\/2023\/09\/ia-300x197.png\" alt=\"\" width=\"736\" height=\"483\" srcset=\"https:\/\/apuntesdesanluis.com\/wp-content\/uploads\/2023\/09\/ia-300x197.png 300w, https:\/\/apuntesdesanluis.com\/wp-content\/uploads\/2023\/09\/ia.png 828w\" sizes=\"(max-width: 736px) 100vw, 736px\" \/><\/h3>\n<h3>A continuaci\u00f3n, Alan Sandes, consultor y capacitador en marketing agreg\u00f3 su cuota de humor y practicidad al explicar el uso potencial que nos dan las nuevas formas de comunicaci\u00f3n en redes sociales. El sentido de la conexi\u00f3n y lo humano en redes sociales se convirti\u00f3 en el eje de su disertaci\u00f3n que cont\u00f3 con una amplia participaci\u00f3n del p\u00fablico. \u201cLas marcas tienden a humanizarse porque necesitan conectar con las personas\u201d, asegur\u00f3 el profesional quien anim\u00f3 a los presentes a participar y generar contenido en redes sociales.<\/h3>\n<h3>Natal\u00ed Schetjman, periodista y licenciada en Letras, continu\u00f3 con su charla sobre el nuevo rol period\u00edstico llamada \u201cEn busca de un periodismo distintivo en la jungla digital\u201d. La tambi\u00e9n productora de contenidos digitales invit\u00f3 a la audiencia a repensar el rol de periodista como un divulgador, influencer o activista social dentro de lo que llam\u00f3 la nueva \u201cjungla digital\u201d, que incluye a todo aquello que viaja por las redes sociales.<\/h3>\n<h3>Por \u00faltimo, el gran cierre de la jornada estuvo a cargo del popular influencer Migue Granados quien cautiv\u00f3 al p\u00fablico con su disertaci\u00f3n plagada de an\u00e9cdotas humor\u00edsticas sobre su paso por los diferentes formatos digitales.<\/h3>\n<p><img decoding=\"async\" class=\"wp-image-2984 aligncenter\" src=\"https:\/\/apuntesdesanluis.com\/wp-content\/uploads\/2023\/09\/migue-300x213.png\" alt=\"\" width=\"738\" height=\"524\" srcset=\"https:\/\/apuntesdesanluis.com\/wp-content\/uploads\/2023\/09\/migue-300x213.png 300w, https:\/\/apuntesdesanluis.com\/wp-content\/uploads\/2023\/09\/migue-768x546.png 768w, https:\/\/apuntesdesanluis.com\/wp-content\/uploads\/2023\/09\/migue.png 932w\" sizes=\"(max-width: 738px) 100vw, 738px\" \/><\/p>\n<h3>Cerca de las 18:00, la propuesta formativa cerr\u00f3 sus puertas concluyendo adem\u00e1s un camino de capacitaciones constantes que desde la Secretar\u00eda de Estado de Comunicaci\u00f3n se pens\u00f3 para todos los profesionales y estudiantes del rubro de la provincia.<\/h3>\n<p>&nbsp;<\/p>\n<p>&nbsp;<\/p>\n<p>&nbsp;<\/p>\n","protected":false},"excerpt":{"rendered":"<p>Potrero de los Funes recibi\u00f3 a m\u00e1s de 600 asistentes que durante toda la jornada&#8230;<\/p>\n","protected":false},"author":1,"featured_media":2982,"comment_status":"closed","ping_status":"closed","sticky":false,"template":"","format":"standard","meta":{"footnotes":""},"categories":[6],"tags":[],"class_list":["post-2981","post","type-post","status-publish","format-standard","has-post-thumbnail","hentry","category-ciudad-provincia"],"yoast_head":"<!-- This site is optimized with the Yoast SEO plugin v26.1.1 - https:\/\/yoast.com\/wordpress\/plugins\/seo\/ -->\n<title>MASIVA CONCURRENCIA EN LA SEGUNDA EDICI\u00d3N DEL CONGRESO DE COMUNICACION BLA - Apuntes de San Luis<\/title>\n<meta name=\"robots\" content=\"index, follow, max-snippet:-1, max-image-preview:large, max-video-preview:-1\" \/>\n<link rel=\"canonical\" href=\"https:\/\/apuntesdesanluis.com\/index.php\/2023\/09\/08\/con-una-masiva-concurrencia-cerro-la-segunda-edicion-de-bla\/\" \/>\n<meta property=\"og:locale\" content=\"es_ES\" \/>\n<meta property=\"og:type\" content=\"article\" \/>\n<meta property=\"og:title\" content=\"MASIVA CONCURRENCIA EN LA SEGUNDA EDICI\u00d3N DEL CONGRESO DE COMUNICACION BLA - Apuntes de San Luis\" \/>\n<meta property=\"og:description\" content=\"Potrero de los Funes recibi\u00f3 a m\u00e1s de 600 asistentes que durante toda la jornada...\" \/>\n<meta property=\"og:url\" content=\"https:\/\/apuntesdesanluis.com\/index.php\/2023\/09\/08\/con-una-masiva-concurrencia-cerro-la-segunda-edicion-de-bla\/\" \/>\n<meta property=\"og:site_name\" content=\"Apuntes de San Luis\" \/>\n<meta property=\"article:published_time\" content=\"2023-09-09T00:32:56+00:00\" \/>\n<meta property=\"article:modified_time\" content=\"2023-09-09T00:35:10+00:00\" \/>\n<meta property=\"og:image\" content=\"https:\/\/apuntesdesanluis.com\/wp-content\/uploads\/2023\/09\/congreso.png\" \/>\n\t<meta property=\"og:image:width\" content=\"1070\" \/>\n\t<meta property=\"og:image:height\" content=\"580\" \/>\n\t<meta property=\"og:image:type\" content=\"image\/png\" \/>\n<meta name=\"author\" content=\"apuntesdesanluis.com\" \/>\n<meta name=\"twitter:card\" content=\"summary_large_image\" \/>\n<meta name=\"twitter:label1\" content=\"Escrito por\" \/>\n\t<meta name=\"twitter:data1\" content=\"apuntesdesanluis.com\" \/>\n\t<meta name=\"twitter:label2\" content=\"Tiempo de lectura\" \/>\n\t<meta name=\"twitter:data2\" content=\"4 minutos\" \/>\n<script type=\"application\/ld+json\" class=\"yoast-schema-graph\">{\"@context\":\"https:\/\/schema.org\",\"@graph\":[{\"@type\":\"Article\",\"@id\":\"https:\/\/apuntesdesanluis.com\/index.php\/2023\/09\/08\/con-una-masiva-concurrencia-cerro-la-segunda-edicion-de-bla\/#article\",\"isPartOf\":{\"@id\":\"https:\/\/apuntesdesanluis.com\/index.php\/2023\/09\/08\/con-una-masiva-concurrencia-cerro-la-segunda-edicion-de-bla\/\"},\"author\":{\"name\":\"apuntesdesanluis.com\",\"@id\":\"https:\/\/apuntesdesanluis.com\/#\/schema\/person\/b55151d52296fcce64d1a72538a70b90\"},\"headline\":\"MASIVA CONCURRENCIA EN LA SEGUNDA EDICI\u00d3N DEL CONGRESO DE COMUNICACION BLA\",\"datePublished\":\"2023-09-09T00:32:56+00:00\",\"dateModified\":\"2023-09-09T00:35:10+00:00\",\"mainEntityOfPage\":{\"@id\":\"https:\/\/apuntesdesanluis.com\/index.php\/2023\/09\/08\/con-una-masiva-concurrencia-cerro-la-segunda-edicion-de-bla\/\"},\"wordCount\":698,\"publisher\":{\"@id\":\"https:\/\/apuntesdesanluis.com\/#\/schema\/person\/b55151d52296fcce64d1a72538a70b90\"},\"image\":{\"@id\":\"https:\/\/apuntesdesanluis.com\/index.php\/2023\/09\/08\/con-una-masiva-concurrencia-cerro-la-segunda-edicion-de-bla\/#primaryimage\"},\"thumbnailUrl\":\"https:\/\/apuntesdesanluis.com\/wp-content\/uploads\/2023\/09\/congreso.png\",\"articleSection\":[\"Ciudad\/Provincia\"],\"inLanguage\":\"es-AR\"},{\"@type\":\"WebPage\",\"@id\":\"https:\/\/apuntesdesanluis.com\/index.php\/2023\/09\/08\/con-una-masiva-concurrencia-cerro-la-segunda-edicion-de-bla\/\",\"url\":\"https:\/\/apuntesdesanluis.com\/index.php\/2023\/09\/08\/con-una-masiva-concurrencia-cerro-la-segunda-edicion-de-bla\/\",\"name\":\"MASIVA CONCURRENCIA EN LA SEGUNDA EDICI\u00d3N DEL CONGRESO DE COMUNICACION BLA - Apuntes de San Luis\",\"isPartOf\":{\"@id\":\"https:\/\/apuntesdesanluis.com\/#website\"},\"primaryImageOfPage\":{\"@id\":\"https:\/\/apuntesdesanluis.com\/index.php\/2023\/09\/08\/con-una-masiva-concurrencia-cerro-la-segunda-edicion-de-bla\/#primaryimage\"},\"image\":{\"@id\":\"https:\/\/apuntesdesanluis.com\/index.php\/2023\/09\/08\/con-una-masiva-concurrencia-cerro-la-segunda-edicion-de-bla\/#primaryimage\"},\"thumbnailUrl\":\"https:\/\/apuntesdesanluis.com\/wp-content\/uploads\/2023\/09\/congreso.png\",\"datePublished\":\"2023-09-09T00:32:56+00:00\",\"dateModified\":\"2023-09-09T00:35:10+00:00\",\"breadcrumb\":{\"@id\":\"https:\/\/apuntesdesanluis.com\/index.php\/2023\/09\/08\/con-una-masiva-concurrencia-cerro-la-segunda-edicion-de-bla\/#breadcrumb\"},\"inLanguage\":\"es-AR\",\"potentialAction\":[{\"@type\":\"ReadAction\",\"target\":[\"https:\/\/apuntesdesanluis.com\/index.php\/2023\/09\/08\/con-una-masiva-concurrencia-cerro-la-segunda-edicion-de-bla\/\"]}]},{\"@type\":\"ImageObject\",\"inLanguage\":\"es-AR\",\"@id\":\"https:\/\/apuntesdesanluis.com\/index.php\/2023\/09\/08\/con-una-masiva-concurrencia-cerro-la-segunda-edicion-de-bla\/#primaryimage\",\"url\":\"https:\/\/apuntesdesanluis.com\/wp-content\/uploads\/2023\/09\/congreso.png\",\"contentUrl\":\"https:\/\/apuntesdesanluis.com\/wp-content\/uploads\/2023\/09\/congreso.png\",\"width\":1070,\"height\":580},{\"@type\":\"BreadcrumbList\",\"@id\":\"https:\/\/apuntesdesanluis.com\/index.php\/2023\/09\/08\/con-una-masiva-concurrencia-cerro-la-segunda-edicion-de-bla\/#breadcrumb\",\"itemListElement\":[{\"@type\":\"ListItem\",\"position\":1,\"name\":\"Inicio\",\"item\":\"https:\/\/apuntesdesanluis.com\/\"},{\"@type\":\"ListItem\",\"position\":2,\"name\":\"MASIVA CONCURRENCIA EN LA SEGUNDA EDICI\u00d3N DEL CONGRESO DE COMUNICACION BLA\"}]},{\"@type\":\"WebSite\",\"@id\":\"https:\/\/apuntesdesanluis.com\/#website\",\"url\":\"https:\/\/apuntesdesanluis.com\/\",\"name\":\"Apuntes de San Luis\",\"description\":\"\",\"publisher\":{\"@id\":\"https:\/\/apuntesdesanluis.com\/#\/schema\/person\/b55151d52296fcce64d1a72538a70b90\"},\"potentialAction\":[{\"@type\":\"SearchAction\",\"target\":{\"@type\":\"EntryPoint\",\"urlTemplate\":\"https:\/\/apuntesdesanluis.com\/?s={search_term_string}\"},\"query-input\":{\"@type\":\"PropertyValueSpecification\",\"valueRequired\":true,\"valueName\":\"search_term_string\"}}],\"inLanguage\":\"es-AR\"},{\"@type\":[\"Person\",\"Organization\"],\"@id\":\"https:\/\/apuntesdesanluis.com\/#\/schema\/person\/b55151d52296fcce64d1a72538a70b90\",\"name\":\"apuntesdesanluis.com\",\"image\":{\"@type\":\"ImageObject\",\"inLanguage\":\"es-AR\",\"@id\":\"https:\/\/apuntesdesanluis.com\/#\/schema\/person\/image\/\",\"url\":\"https:\/\/apuntesdesanluis.com\/wp-content\/uploads\/2023\/07\/cropped-apuntesdesanluis.png\",\"contentUrl\":\"https:\/\/apuntesdesanluis.com\/wp-content\/uploads\/2023\/07\/cropped-apuntesdesanluis.png\",\"width\":450,\"height\":112,\"caption\":\"apuntesdesanluis.com\"},\"logo\":{\"@id\":\"https:\/\/apuntesdesanluis.com\/#\/schema\/person\/image\/\"},\"sameAs\":[\"https:\/\/apuntesdesanluis.com\"],\"url\":\"https:\/\/apuntesdesanluis.com\/index.php\/author\/apuntesdesanluis-com\/\"}]}<\/script>\n<!-- \/ Yoast SEO plugin. -->","yoast_head_json":{"title":"MASIVA CONCURRENCIA EN LA SEGUNDA EDICI\u00d3N DEL CONGRESO DE COMUNICACION BLA - Apuntes de San Luis","robots":{"index":"index","follow":"follow","max-snippet":"max-snippet:-1","max-image-preview":"max-image-preview:large","max-video-preview":"max-video-preview:-1"},"canonical":"https:\/\/apuntesdesanluis.com\/index.php\/2023\/09\/08\/con-una-masiva-concurrencia-cerro-la-segunda-edicion-de-bla\/","og_locale":"es_ES","og_type":"article","og_title":"MASIVA CONCURRENCIA EN LA SEGUNDA EDICI\u00d3N DEL CONGRESO DE COMUNICACION BLA - Apuntes de San Luis","og_description":"Potrero de los Funes recibi\u00f3 a m\u00e1s de 600 asistentes que durante toda la jornada...","og_url":"https:\/\/apuntesdesanluis.com\/index.php\/2023\/09\/08\/con-una-masiva-concurrencia-cerro-la-segunda-edicion-de-bla\/","og_site_name":"Apuntes de San Luis","article_published_time":"2023-09-09T00:32:56+00:00","article_modified_time":"2023-09-09T00:35:10+00:00","og_image":[{"width":1070,"height":580,"url":"https:\/\/apuntesdesanluis.com\/wp-content\/uploads\/2023\/09\/congreso.png","type":"image\/png"}],"author":"apuntesdesanluis.com","twitter_card":"summary_large_image","twitter_misc":{"Escrito por":"apuntesdesanluis.com","Tiempo de lectura":"4 minutos"},"schema":{"@context":"https:\/\/schema.org","@graph":[{"@type":"Article","@id":"https:\/\/apuntesdesanluis.com\/index.php\/2023\/09\/08\/con-una-masiva-concurrencia-cerro-la-segunda-edicion-de-bla\/#article","isPartOf":{"@id":"https:\/\/apuntesdesanluis.com\/index.php\/2023\/09\/08\/con-una-masiva-concurrencia-cerro-la-segunda-edicion-de-bla\/"},"author":{"name":"apuntesdesanluis.com","@id":"https:\/\/apuntesdesanluis.com\/#\/schema\/person\/b55151d52296fcce64d1a72538a70b90"},"headline":"MASIVA CONCURRENCIA EN LA SEGUNDA EDICI\u00d3N DEL CONGRESO DE COMUNICACION BLA","datePublished":"2023-09-09T00:32:56+00:00","dateModified":"2023-09-09T00:35:10+00:00","mainEntityOfPage":{"@id":"https:\/\/apuntesdesanluis.com\/index.php\/2023\/09\/08\/con-una-masiva-concurrencia-cerro-la-segunda-edicion-de-bla\/"},"wordCount":698,"publisher":{"@id":"https:\/\/apuntesdesanluis.com\/#\/schema\/person\/b55151d52296fcce64d1a72538a70b90"},"image":{"@id":"https:\/\/apuntesdesanluis.com\/index.php\/2023\/09\/08\/con-una-masiva-concurrencia-cerro-la-segunda-edicion-de-bla\/#primaryimage"},"thumbnailUrl":"https:\/\/apuntesdesanluis.com\/wp-content\/uploads\/2023\/09\/congreso.png","articleSection":["Ciudad\/Provincia"],"inLanguage":"es-AR"},{"@type":"WebPage","@id":"https:\/\/apuntesdesanluis.com\/index.php\/2023\/09\/08\/con-una-masiva-concurrencia-cerro-la-segunda-edicion-de-bla\/","url":"https:\/\/apuntesdesanluis.com\/index.php\/2023\/09\/08\/con-una-masiva-concurrencia-cerro-la-segunda-edicion-de-bla\/","name":"MASIVA CONCURRENCIA EN LA SEGUNDA EDICI\u00d3N DEL CONGRESO DE COMUNICACION BLA - Apuntes de San Luis","isPartOf":{"@id":"https:\/\/apuntesdesanluis.com\/#website"},"primaryImageOfPage":{"@id":"https:\/\/apuntesdesanluis.com\/index.php\/2023\/09\/08\/con-una-masiva-concurrencia-cerro-la-segunda-edicion-de-bla\/#primaryimage"},"image":{"@id":"https:\/\/apuntesdesanluis.com\/index.php\/2023\/09\/08\/con-una-masiva-concurrencia-cerro-la-segunda-edicion-de-bla\/#primaryimage"},"thumbnailUrl":"https:\/\/apuntesdesanluis.com\/wp-content\/uploads\/2023\/09\/congreso.png","datePublished":"2023-09-09T00:32:56+00:00","dateModified":"2023-09-09T00:35:10+00:00","breadcrumb":{"@id":"https:\/\/apuntesdesanluis.com\/index.php\/2023\/09\/08\/con-una-masiva-concurrencia-cerro-la-segunda-edicion-de-bla\/#breadcrumb"},"inLanguage":"es-AR","potentialAction":[{"@type":"ReadAction","target":["https:\/\/apuntesdesanluis.com\/index.php\/2023\/09\/08\/con-una-masiva-concurrencia-cerro-la-segunda-edicion-de-bla\/"]}]},{"@type":"ImageObject","inLanguage":"es-AR","@id":"https:\/\/apuntesdesanluis.com\/index.php\/2023\/09\/08\/con-una-masiva-concurrencia-cerro-la-segunda-edicion-de-bla\/#primaryimage","url":"https:\/\/apuntesdesanluis.com\/wp-content\/uploads\/2023\/09\/congreso.png","contentUrl":"https:\/\/apuntesdesanluis.com\/wp-content\/uploads\/2023\/09\/congreso.png","width":1070,"height":580},{"@type":"BreadcrumbList","@id":"https:\/\/apuntesdesanluis.com\/index.php\/2023\/09\/08\/con-una-masiva-concurrencia-cerro-la-segunda-edicion-de-bla\/#breadcrumb","itemListElement":[{"@type":"ListItem","position":1,"name":"Inicio","item":"https:\/\/apuntesdesanluis.com\/"},{"@type":"ListItem","position":2,"name":"MASIVA CONCURRENCIA EN LA SEGUNDA EDICI\u00d3N DEL CONGRESO DE COMUNICACION BLA"}]},{"@type":"WebSite","@id":"https:\/\/apuntesdesanluis.com\/#website","url":"https:\/\/apuntesdesanluis.com\/","name":"Apuntes de San Luis","description":"","publisher":{"@id":"https:\/\/apuntesdesanluis.com\/#\/schema\/person\/b55151d52296fcce64d1a72538a70b90"},"potentialAction":[{"@type":"SearchAction","target":{"@type":"EntryPoint","urlTemplate":"https:\/\/apuntesdesanluis.com\/?s={search_term_string}"},"query-input":{"@type":"PropertyValueSpecification","valueRequired":true,"valueName":"search_term_string"}}],"inLanguage":"es-AR"},{"@type":["Person","Organization"],"@id":"https:\/\/apuntesdesanluis.com\/#\/schema\/person\/b55151d52296fcce64d1a72538a70b90","name":"apuntesdesanluis.com","image":{"@type":"ImageObject","inLanguage":"es-AR","@id":"https:\/\/apuntesdesanluis.com\/#\/schema\/person\/image\/","url":"https:\/\/apuntesdesanluis.com\/wp-content\/uploads\/2023\/07\/cropped-apuntesdesanluis.png","contentUrl":"https:\/\/apuntesdesanluis.com\/wp-content\/uploads\/2023\/07\/cropped-apuntesdesanluis.png","width":450,"height":112,"caption":"apuntesdesanluis.com"},"logo":{"@id":"https:\/\/apuntesdesanluis.com\/#\/schema\/person\/image\/"},"sameAs":["https:\/\/apuntesdesanluis.com"],"url":"https:\/\/apuntesdesanluis.com\/index.php\/author\/apuntesdesanluis-com\/"}]}},"featured_image_urls":{"full":["https:\/\/apuntesdesanluis.com\/wp-content\/uploads\/2023\/09\/congreso.png",1070,580,false],"thumbnail":["https:\/\/apuntesdesanluis.com\/wp-content\/uploads\/2023\/09\/congreso-150x150.png",150,150,true],"medium":["https:\/\/apuntesdesanluis.com\/wp-content\/uploads\/2023\/09\/congreso-300x163.png",300,163,true],"medium_large":["https:\/\/apuntesdesanluis.com\/wp-content\/uploads\/2023\/09\/congreso-768x416.png",640,347,true],"large":["https:\/\/apuntesdesanluis.com\/wp-content\/uploads\/2023\/09\/congreso-1024x555.png",640,347,true],"1536x1536":["https:\/\/apuntesdesanluis.com\/wp-content\/uploads\/2023\/09\/congreso.png",1070,580,false],"2048x2048":["https:\/\/apuntesdesanluis.com\/wp-content\/uploads\/2023\/09\/congreso.png",1070,580,false],"newsever-slider-full":["https:\/\/apuntesdesanluis.com\/wp-content\/uploads\/2023\/09\/congreso.png",1070,580,false],"newsever-featured":["https:\/\/apuntesdesanluis.com\/wp-content\/uploads\/2023\/09\/congreso-1024x555.png",1024,555,true],"newsever-medium":["https:\/\/apuntesdesanluis.com\/wp-content\/uploads\/2023\/09\/congreso-720x475.png",720,475,true]},"author_info":{"display_name":"apuntesdesanluis.com","author_link":"https:\/\/apuntesdesanluis.com\/index.php\/author\/apuntesdesanluis-com\/"},"category_info":"<a href=\"https:\/\/apuntesdesanluis.com\/index.php\/category\/ciudad-provincia\/\" rel=\"category tag\">Ciudad\/Provincia<\/a>","tag_info":"Ciudad\/Provincia","comment_count":"0","_links":{"self":[{"href":"https:\/\/apuntesdesanluis.com\/index.php\/wp-json\/wp\/v2\/posts\/2981","targetHints":{"allow":["GET"]}}],"collection":[{"href":"https:\/\/apuntesdesanluis.com\/index.php\/wp-json\/wp\/v2\/posts"}],"about":[{"href":"https:\/\/apuntesdesanluis.com\/index.php\/wp-json\/wp\/v2\/types\/post"}],"author":[{"embeddable":true,"href":"https:\/\/apuntesdesanluis.com\/index.php\/wp-json\/wp\/v2\/users\/1"}],"replies":[{"embeddable":true,"href":"https:\/\/apuntesdesanluis.com\/index.php\/wp-json\/wp\/v2\/comments?post=2981"}],"version-history":[{"count":4,"href":"https:\/\/apuntesdesanluis.com\/index.php\/wp-json\/wp\/v2\/posts\/2981\/revisions"}],"predecessor-version":[{"id":2989,"href":"https:\/\/apuntesdesanluis.com\/index.php\/wp-json\/wp\/v2\/posts\/2981\/revisions\/2989"}],"wp:featuredmedia":[{"embeddable":true,"href":"https:\/\/apuntesdesanluis.com\/index.php\/wp-json\/wp\/v2\/media\/2982"}],"wp:attachment":[{"href":"https:\/\/apuntesdesanluis.com\/index.php\/wp-json\/wp\/v2\/media?parent=2981"}],"wp:term":[{"taxonomy":"category","embeddable":true,"href":"https:\/\/apuntesdesanluis.com\/index.php\/wp-json\/wp\/v2\/categories?post=2981"},{"taxonomy":"post_tag","embeddable":true,"href":"https:\/\/apuntesdesanluis.com\/index.php\/wp-json\/wp\/v2\/tags?post=2981"}],"curies":[{"name":"wp","href":"https:\/\/api.w.org\/{rel}","templated":true}]}}