{"id":29838,"date":"2025-02-26T19:11:43","date_gmt":"2025-02-26T22:11:43","guid":{"rendered":"https:\/\/apuntesdesanluis.com\/?p=29838"},"modified":"2025-02-26T19:11:43","modified_gmt":"2025-02-26T22:11:43","slug":"san-luis-presento-el-pasaporte-nacional-sanmartiniano-en-capital-federal","status":"publish","type":"post","link":"https:\/\/apuntesdesanluis.com\/index.php\/2025\/02\/26\/san-luis-presento-el-pasaporte-nacional-sanmartiniano-en-capital-federal\/","title":{"rendered":"SAN LUIS PRESENT\u00d3 EL PASAPORTE NACIONAL SANMARTINIANO EN CAPITAL FEDERAL"},"content":{"rendered":"<h3>El secretario de Turismo, Ambiente y Deportes de la Naci\u00f3n, <strong>Daniel Scioli<\/strong>, recibi\u00f3 a las autoridades del <strong>Ente Regional Cuyo Turismo<\/strong>, quienes impulsan este documento coleccionable en 12 provincias para fomentar las visitas a los sitios hist\u00f3ricos. El lanzamiento oficial ser\u00e1 en <strong>Corrientes<\/strong>, en el contexto de la primera reuni\u00f3n del a\u00f1o del Consejo Federal de Turismo.<\/h3>\n<h3>Durante el encuentro regional, Daniel Scioli destac\u00f3 la importancia de llevar a cabo el lanzamiento del <strong>Pasaporte Sanmartiniano<\/strong> \u201cpara poner en valor esta nueva propuesta ante todo el sector tur\u00edstico del pa\u00eds y ofrecerles a los viajeros diferentes productos tur\u00edsticos y culturales\u201d.<\/h3>\n<h3>El pasaporte forma parte del programa <strong>\u2018Caminos de la Libertad\u2019<\/strong>. Cuenta con 83 sitios sanmartinianos ubicados en 12 provincias y tiene el aval del Instituto Nacional Sanmartiniano. La meta es promover el turismo cultural a partir del desarrollo de una ruta hist\u00f3rica relacionada con la figura pol\u00edtica y militar del General Jos\u00e9 de San Mart\u00edn y la gesta libertadora.<\/h3>\n<p><img fetchpriority=\"high\" decoding=\"async\" class=\"wp-image-29840 aligncenter\" src=\"https:\/\/apuntesdesanluis.com\/wp-content\/uploads\/2025\/02\/pasaporte-300x207.png\" alt=\"\" width=\"575\" height=\"397\" srcset=\"https:\/\/apuntesdesanluis.com\/wp-content\/uploads\/2025\/02\/pasaporte-300x207.png 300w, https:\/\/apuntesdesanluis.com\/wp-content\/uploads\/2025\/02\/pasaporte.png 716w\" sizes=\"(max-width: 575px) 100vw, 575px\" \/><\/p>\n<h3>Este martes, participaron de la reuni\u00f3n la presidenta del Ente Mendoza Turismo, Gabriela Testa; el ministro de Turismo, Cultura y Deporte de San Juan, Guido Romero; el director de <strong>Promoci\u00f3n Tur\u00edstica de San Luis, Ignacio Morris<\/strong>; la viceministra de Turismo de Tucum\u00e1n, In\u00e9s Fr\u00edas; y los directores nacionales del Consejo Federal de Turismo; y el de Desarrollo y Promoci\u00f3n, Germ\u00e1n Bakker y Pablo Cagnoni, respectivamente.<\/h3>\n<h3>En representaci\u00f3n de San Luis asistieron la subdirectora de Planificaci\u00f3n Tur\u00edstica, Silvia Lencina; la jefa de la Ruta Sanmartiniana, Yudit Aguilar, y la asistente t\u00e9cnica ministerial, Cinthia Vel\u00e1zquez.<\/h3>\n<h3>\u201cScioli nos felicit\u00f3 por esta propuesta y durante la presentaci\u00f3n coordinamos con los equipos de Cuyo para potenciar el turismo estudiantil mediante este documento. Nuestro desaf\u00edo no es solo preservar el legado hist\u00f3rico, sino tambi\u00e9n que se convierta en una herramienta educativa para incentivar a las nuevas generaciones. Adem\u00e1s, en San Luis contamos con 16 puntos hist\u00f3ricos, por lo cual pr\u00f3ximamente convocaremos a los intendentes para coordinar las diversas estrategias de promoci\u00f3n y difusi\u00f3n\u201d, detall\u00f3 la jefa de la Ruta Sanmartiniana, <strong>Yudit Aguilar<\/strong>.<\/h3>\n<p><img decoding=\"async\" class=\"wp-image-29841 aligncenter\" src=\"https:\/\/apuntesdesanluis.com\/wp-content\/uploads\/2025\/02\/daniel-scioli-en-reunion-300x197.png\" alt=\"\" width=\"582\" height=\"382\" srcset=\"https:\/\/apuntesdesanluis.com\/wp-content\/uploads\/2025\/02\/daniel-scioli-en-reunion-300x197.png 300w, https:\/\/apuntesdesanluis.com\/wp-content\/uploads\/2025\/02\/daniel-scioli-en-reunion.png 657w\" sizes=\"(max-width: 582px) 100vw, 582px\" \/><\/p>\n<h3>Desde el a\u00f1o pasado, San Luis impuls\u00f3 el proyecto con Mendoza y San Juan. El objetivo es que cada visitante pueda documentar su experiencia mediante el sellado de este pasaporte que, una vez completado, permitir\u00e1 participar por diversos premios.<\/h3>\n<p>&nbsp;<\/p>\n<p>&nbsp;<\/p>\n<p>&nbsp;<\/p>\n<h3><\/h3>\n<h3><\/h3>\n<p>&nbsp;<\/p>\n","protected":false},"excerpt":{"rendered":"<p>El secretario de Turismo, Ambiente y Deportes de la Naci\u00f3n, Daniel Scioli, recibi\u00f3 a las&#8230;<\/p>\n","protected":false},"author":1,"featured_media":29839,"comment_status":"closed","ping_status":"closed","sticky":false,"template":"","format":"standard","meta":{"footnotes":""},"categories":[6],"tags":[],"class_list":["post-29838","post","type-post","status-publish","format-standard","has-post-thumbnail","hentry","category-ciudad-provincia"],"yoast_head":"<!-- This site is optimized with the Yoast SEO plugin v26.1.1 - https:\/\/yoast.com\/wordpress\/plugins\/seo\/ -->\n<title>SAN LUIS PRESENT\u00d3 EL PASAPORTE NACIONAL SANMARTINIANO EN CAPITAL FEDERAL - Apuntes de San Luis<\/title>\n<meta name=\"robots\" content=\"index, follow, max-snippet:-1, max-image-preview:large, max-video-preview:-1\" \/>\n<link rel=\"canonical\" href=\"https:\/\/apuntesdesanluis.com\/index.php\/2025\/02\/26\/san-luis-presento-el-pasaporte-nacional-sanmartiniano-en-capital-federal\/\" \/>\n<meta property=\"og:locale\" content=\"es_ES\" \/>\n<meta property=\"og:type\" content=\"article\" \/>\n<meta property=\"og:title\" content=\"SAN LUIS PRESENT\u00d3 EL PASAPORTE NACIONAL SANMARTINIANO EN CAPITAL FEDERAL - Apuntes de San Luis\" \/>\n<meta property=\"og:description\" content=\"El secretario de Turismo, Ambiente y Deportes de la Naci\u00f3n, Daniel Scioli, recibi\u00f3 a las...\" \/>\n<meta property=\"og:url\" content=\"https:\/\/apuntesdesanluis.com\/index.php\/2025\/02\/26\/san-luis-presento-el-pasaporte-nacional-sanmartiniano-en-capital-federal\/\" \/>\n<meta property=\"og:site_name\" content=\"Apuntes de San Luis\" \/>\n<meta property=\"article:published_time\" content=\"2025-02-26T22:11:43+00:00\" \/>\n<meta property=\"og:image\" content=\"https:\/\/apuntesdesanluis.com\/wp-content\/uploads\/2025\/02\/daniel-Scioli.png\" \/>\n\t<meta property=\"og:image:width\" content=\"656\" \/>\n\t<meta property=\"og:image:height\" content=\"386\" \/>\n\t<meta property=\"og:image:type\" content=\"image\/png\" \/>\n<meta name=\"author\" content=\"apuntesdesanluis.com\" \/>\n<meta name=\"twitter:card\" content=\"summary_large_image\" \/>\n<meta name=\"twitter:label1\" content=\"Escrito por\" \/>\n\t<meta name=\"twitter:data1\" content=\"apuntesdesanluis.com\" \/>\n\t<meta name=\"twitter:label2\" content=\"Tiempo de lectura\" \/>\n\t<meta name=\"twitter:data2\" content=\"3 minutos\" \/>\n<script type=\"application\/ld+json\" class=\"yoast-schema-graph\">{\"@context\":\"https:\/\/schema.org\",\"@graph\":[{\"@type\":\"Article\",\"@id\":\"https:\/\/apuntesdesanluis.com\/index.php\/2025\/02\/26\/san-luis-presento-el-pasaporte-nacional-sanmartiniano-en-capital-federal\/#article\",\"isPartOf\":{\"@id\":\"https:\/\/apuntesdesanluis.com\/index.php\/2025\/02\/26\/san-luis-presento-el-pasaporte-nacional-sanmartiniano-en-capital-federal\/\"},\"author\":{\"name\":\"apuntesdesanluis.com\",\"@id\":\"https:\/\/apuntesdesanluis.com\/#\/schema\/person\/b55151d52296fcce64d1a72538a70b90\"},\"headline\":\"SAN LUIS PRESENT\u00d3 EL PASAPORTE NACIONAL SANMARTINIANO EN CAPITAL FEDERAL\",\"datePublished\":\"2025-02-26T22:11:43+00:00\",\"mainEntityOfPage\":{\"@id\":\"https:\/\/apuntesdesanluis.com\/index.php\/2025\/02\/26\/san-luis-presento-el-pasaporte-nacional-sanmartiniano-en-capital-federal\/\"},\"wordCount\":416,\"publisher\":{\"@id\":\"https:\/\/apuntesdesanluis.com\/#\/schema\/person\/b55151d52296fcce64d1a72538a70b90\"},\"image\":{\"@id\":\"https:\/\/apuntesdesanluis.com\/index.php\/2025\/02\/26\/san-luis-presento-el-pasaporte-nacional-sanmartiniano-en-capital-federal\/#primaryimage\"},\"thumbnailUrl\":\"https:\/\/apuntesdesanluis.com\/wp-content\/uploads\/2025\/02\/daniel-Scioli.png\",\"articleSection\":[\"Ciudad\/Provincia\"],\"inLanguage\":\"es-AR\"},{\"@type\":\"WebPage\",\"@id\":\"https:\/\/apuntesdesanluis.com\/index.php\/2025\/02\/26\/san-luis-presento-el-pasaporte-nacional-sanmartiniano-en-capital-federal\/\",\"url\":\"https:\/\/apuntesdesanluis.com\/index.php\/2025\/02\/26\/san-luis-presento-el-pasaporte-nacional-sanmartiniano-en-capital-federal\/\",\"name\":\"SAN LUIS PRESENT\u00d3 EL PASAPORTE NACIONAL SANMARTINIANO EN CAPITAL FEDERAL - Apuntes de San Luis\",\"isPartOf\":{\"@id\":\"https:\/\/apuntesdesanluis.com\/#website\"},\"primaryImageOfPage\":{\"@id\":\"https:\/\/apuntesdesanluis.com\/index.php\/2025\/02\/26\/san-luis-presento-el-pasaporte-nacional-sanmartiniano-en-capital-federal\/#primaryimage\"},\"image\":{\"@id\":\"https:\/\/apuntesdesanluis.com\/index.php\/2025\/02\/26\/san-luis-presento-el-pasaporte-nacional-sanmartiniano-en-capital-federal\/#primaryimage\"},\"thumbnailUrl\":\"https:\/\/apuntesdesanluis.com\/wp-content\/uploads\/2025\/02\/daniel-Scioli.png\",\"datePublished\":\"2025-02-26T22:11:43+00:00\",\"breadcrumb\":{\"@id\":\"https:\/\/apuntesdesanluis.com\/index.php\/2025\/02\/26\/san-luis-presento-el-pasaporte-nacional-sanmartiniano-en-capital-federal\/#breadcrumb\"},\"inLanguage\":\"es-AR\",\"potentialAction\":[{\"@type\":\"ReadAction\",\"target\":[\"https:\/\/apuntesdesanluis.com\/index.php\/2025\/02\/26\/san-luis-presento-el-pasaporte-nacional-sanmartiniano-en-capital-federal\/\"]}]},{\"@type\":\"ImageObject\",\"inLanguage\":\"es-AR\",\"@id\":\"https:\/\/apuntesdesanluis.com\/index.php\/2025\/02\/26\/san-luis-presento-el-pasaporte-nacional-sanmartiniano-en-capital-federal\/#primaryimage\",\"url\":\"https:\/\/apuntesdesanluis.com\/wp-content\/uploads\/2025\/02\/daniel-Scioli.png\",\"contentUrl\":\"https:\/\/apuntesdesanluis.com\/wp-content\/uploads\/2025\/02\/daniel-Scioli.png\",\"width\":656,\"height\":386},{\"@type\":\"BreadcrumbList\",\"@id\":\"https:\/\/apuntesdesanluis.com\/index.php\/2025\/02\/26\/san-luis-presento-el-pasaporte-nacional-sanmartiniano-en-capital-federal\/#breadcrumb\",\"itemListElement\":[{\"@type\":\"ListItem\",\"position\":1,\"name\":\"Inicio\",\"item\":\"https:\/\/apuntesdesanluis.com\/\"},{\"@type\":\"ListItem\",\"position\":2,\"name\":\"SAN LUIS PRESENT\u00d3 EL PASAPORTE NACIONAL SANMARTINIANO EN CAPITAL FEDERAL\"}]},{\"@type\":\"WebSite\",\"@id\":\"https:\/\/apuntesdesanluis.com\/#website\",\"url\":\"https:\/\/apuntesdesanluis.com\/\",\"name\":\"Apuntes de San Luis\",\"description\":\"\",\"publisher\":{\"@id\":\"https:\/\/apuntesdesanluis.com\/#\/schema\/person\/b55151d52296fcce64d1a72538a70b90\"},\"potentialAction\":[{\"@type\":\"SearchAction\",\"target\":{\"@type\":\"EntryPoint\",\"urlTemplate\":\"https:\/\/apuntesdesanluis.com\/?s={search_term_string}\"},\"query-input\":{\"@type\":\"PropertyValueSpecification\",\"valueRequired\":true,\"valueName\":\"search_term_string\"}}],\"inLanguage\":\"es-AR\"},{\"@type\":[\"Person\",\"Organization\"],\"@id\":\"https:\/\/apuntesdesanluis.com\/#\/schema\/person\/b55151d52296fcce64d1a72538a70b90\",\"name\":\"apuntesdesanluis.com\",\"image\":{\"@type\":\"ImageObject\",\"inLanguage\":\"es-AR\",\"@id\":\"https:\/\/apuntesdesanluis.com\/#\/schema\/person\/image\/\",\"url\":\"https:\/\/apuntesdesanluis.com\/wp-content\/uploads\/2023\/07\/cropped-apuntesdesanluis.png\",\"contentUrl\":\"https:\/\/apuntesdesanluis.com\/wp-content\/uploads\/2023\/07\/cropped-apuntesdesanluis.png\",\"width\":450,\"height\":112,\"caption\":\"apuntesdesanluis.com\"},\"logo\":{\"@id\":\"https:\/\/apuntesdesanluis.com\/#\/schema\/person\/image\/\"},\"sameAs\":[\"https:\/\/apuntesdesanluis.com\"],\"url\":\"https:\/\/apuntesdesanluis.com\/index.php\/author\/apuntesdesanluis-com\/\"}]}<\/script>\n<!-- \/ Yoast SEO plugin. -->","yoast_head_json":{"title":"SAN LUIS PRESENT\u00d3 EL PASAPORTE NACIONAL SANMARTINIANO EN CAPITAL FEDERAL - Apuntes de San Luis","robots":{"index":"index","follow":"follow","max-snippet":"max-snippet:-1","max-image-preview":"max-image-preview:large","max-video-preview":"max-video-preview:-1"},"canonical":"https:\/\/apuntesdesanluis.com\/index.php\/2025\/02\/26\/san-luis-presento-el-pasaporte-nacional-sanmartiniano-en-capital-federal\/","og_locale":"es_ES","og_type":"article","og_title":"SAN LUIS PRESENT\u00d3 EL PASAPORTE NACIONAL SANMARTINIANO EN CAPITAL FEDERAL - Apuntes de San Luis","og_description":"El secretario de Turismo, Ambiente y Deportes de la Naci\u00f3n, Daniel Scioli, recibi\u00f3 a las...","og_url":"https:\/\/apuntesdesanluis.com\/index.php\/2025\/02\/26\/san-luis-presento-el-pasaporte-nacional-sanmartiniano-en-capital-federal\/","og_site_name":"Apuntes de San Luis","article_published_time":"2025-02-26T22:11:43+00:00","og_image":[{"width":656,"height":386,"url":"https:\/\/apuntesdesanluis.com\/wp-content\/uploads\/2025\/02\/daniel-Scioli.png","type":"image\/png"}],"author":"apuntesdesanluis.com","twitter_card":"summary_large_image","twitter_misc":{"Escrito por":"apuntesdesanluis.com","Tiempo de lectura":"3 minutos"},"schema":{"@context":"https:\/\/schema.org","@graph":[{"@type":"Article","@id":"https:\/\/apuntesdesanluis.com\/index.php\/2025\/02\/26\/san-luis-presento-el-pasaporte-nacional-sanmartiniano-en-capital-federal\/#article","isPartOf":{"@id":"https:\/\/apuntesdesanluis.com\/index.php\/2025\/02\/26\/san-luis-presento-el-pasaporte-nacional-sanmartiniano-en-capital-federal\/"},"author":{"name":"apuntesdesanluis.com","@id":"https:\/\/apuntesdesanluis.com\/#\/schema\/person\/b55151d52296fcce64d1a72538a70b90"},"headline":"SAN LUIS PRESENT\u00d3 EL PASAPORTE NACIONAL SANMARTINIANO EN CAPITAL FEDERAL","datePublished":"2025-02-26T22:11:43+00:00","mainEntityOfPage":{"@id":"https:\/\/apuntesdesanluis.com\/index.php\/2025\/02\/26\/san-luis-presento-el-pasaporte-nacional-sanmartiniano-en-capital-federal\/"},"wordCount":416,"publisher":{"@id":"https:\/\/apuntesdesanluis.com\/#\/schema\/person\/b55151d52296fcce64d1a72538a70b90"},"image":{"@id":"https:\/\/apuntesdesanluis.com\/index.php\/2025\/02\/26\/san-luis-presento-el-pasaporte-nacional-sanmartiniano-en-capital-federal\/#primaryimage"},"thumbnailUrl":"https:\/\/apuntesdesanluis.com\/wp-content\/uploads\/2025\/02\/daniel-Scioli.png","articleSection":["Ciudad\/Provincia"],"inLanguage":"es-AR"},{"@type":"WebPage","@id":"https:\/\/apuntesdesanluis.com\/index.php\/2025\/02\/26\/san-luis-presento-el-pasaporte-nacional-sanmartiniano-en-capital-federal\/","url":"https:\/\/apuntesdesanluis.com\/index.php\/2025\/02\/26\/san-luis-presento-el-pasaporte-nacional-sanmartiniano-en-capital-federal\/","name":"SAN LUIS PRESENT\u00d3 EL PASAPORTE NACIONAL SANMARTINIANO EN CAPITAL FEDERAL - Apuntes de San Luis","isPartOf":{"@id":"https:\/\/apuntesdesanluis.com\/#website"},"primaryImageOfPage":{"@id":"https:\/\/apuntesdesanluis.com\/index.php\/2025\/02\/26\/san-luis-presento-el-pasaporte-nacional-sanmartiniano-en-capital-federal\/#primaryimage"},"image":{"@id":"https:\/\/apuntesdesanluis.com\/index.php\/2025\/02\/26\/san-luis-presento-el-pasaporte-nacional-sanmartiniano-en-capital-federal\/#primaryimage"},"thumbnailUrl":"https:\/\/apuntesdesanluis.com\/wp-content\/uploads\/2025\/02\/daniel-Scioli.png","datePublished":"2025-02-26T22:11:43+00:00","breadcrumb":{"@id":"https:\/\/apuntesdesanluis.com\/index.php\/2025\/02\/26\/san-luis-presento-el-pasaporte-nacional-sanmartiniano-en-capital-federal\/#breadcrumb"},"inLanguage":"es-AR","potentialAction":[{"@type":"ReadAction","target":["https:\/\/apuntesdesanluis.com\/index.php\/2025\/02\/26\/san-luis-presento-el-pasaporte-nacional-sanmartiniano-en-capital-federal\/"]}]},{"@type":"ImageObject","inLanguage":"es-AR","@id":"https:\/\/apuntesdesanluis.com\/index.php\/2025\/02\/26\/san-luis-presento-el-pasaporte-nacional-sanmartiniano-en-capital-federal\/#primaryimage","url":"https:\/\/apuntesdesanluis.com\/wp-content\/uploads\/2025\/02\/daniel-Scioli.png","contentUrl":"https:\/\/apuntesdesanluis.com\/wp-content\/uploads\/2025\/02\/daniel-Scioli.png","width":656,"height":386},{"@type":"BreadcrumbList","@id":"https:\/\/apuntesdesanluis.com\/index.php\/2025\/02\/26\/san-luis-presento-el-pasaporte-nacional-sanmartiniano-en-capital-federal\/#breadcrumb","itemListElement":[{"@type":"ListItem","position":1,"name":"Inicio","item":"https:\/\/apuntesdesanluis.com\/"},{"@type":"ListItem","position":2,"name":"SAN LUIS PRESENT\u00d3 EL PASAPORTE NACIONAL SANMARTINIANO EN CAPITAL FEDERAL"}]},{"@type":"WebSite","@id":"https:\/\/apuntesdesanluis.com\/#website","url":"https:\/\/apuntesdesanluis.com\/","name":"Apuntes de San Luis","description":"","publisher":{"@id":"https:\/\/apuntesdesanluis.com\/#\/schema\/person\/b55151d52296fcce64d1a72538a70b90"},"potentialAction":[{"@type":"SearchAction","target":{"@type":"EntryPoint","urlTemplate":"https:\/\/apuntesdesanluis.com\/?s={search_term_string}"},"query-input":{"@type":"PropertyValueSpecification","valueRequired":true,"valueName":"search_term_string"}}],"inLanguage":"es-AR"},{"@type":["Person","Organization"],"@id":"https:\/\/apuntesdesanluis.com\/#\/schema\/person\/b55151d52296fcce64d1a72538a70b90","name":"apuntesdesanluis.com","image":{"@type":"ImageObject","inLanguage":"es-AR","@id":"https:\/\/apuntesdesanluis.com\/#\/schema\/person\/image\/","url":"https:\/\/apuntesdesanluis.com\/wp-content\/uploads\/2023\/07\/cropped-apuntesdesanluis.png","contentUrl":"https:\/\/apuntesdesanluis.com\/wp-content\/uploads\/2023\/07\/cropped-apuntesdesanluis.png","width":450,"height":112,"caption":"apuntesdesanluis.com"},"logo":{"@id":"https:\/\/apuntesdesanluis.com\/#\/schema\/person\/image\/"},"sameAs":["https:\/\/apuntesdesanluis.com"],"url":"https:\/\/apuntesdesanluis.com\/index.php\/author\/apuntesdesanluis-com\/"}]}},"featured_image_urls":{"full":["https:\/\/apuntesdesanluis.com\/wp-content\/uploads\/2025\/02\/daniel-Scioli.png",656,386,false],"thumbnail":["https:\/\/apuntesdesanluis.com\/wp-content\/uploads\/2025\/02\/daniel-Scioli-150x150.png",150,150,true],"medium":["https:\/\/apuntesdesanluis.com\/wp-content\/uploads\/2025\/02\/daniel-Scioli-300x177.png",300,177,true],"medium_large":["https:\/\/apuntesdesanluis.com\/wp-content\/uploads\/2025\/02\/daniel-Scioli.png",640,377,false],"large":["https:\/\/apuntesdesanluis.com\/wp-content\/uploads\/2025\/02\/daniel-Scioli.png",640,377,false],"1536x1536":["https:\/\/apuntesdesanluis.com\/wp-content\/uploads\/2025\/02\/daniel-Scioli.png",656,386,false],"2048x2048":["https:\/\/apuntesdesanluis.com\/wp-content\/uploads\/2025\/02\/daniel-Scioli.png",656,386,false],"newsever-slider-full":["https:\/\/apuntesdesanluis.com\/wp-content\/uploads\/2025\/02\/daniel-Scioli.png",656,386,false],"newsever-featured":["https:\/\/apuntesdesanluis.com\/wp-content\/uploads\/2025\/02\/daniel-Scioli.png",656,386,false],"newsever-medium":["https:\/\/apuntesdesanluis.com\/wp-content\/uploads\/2025\/02\/daniel-Scioli.png",656,386,false]},"author_info":{"display_name":"apuntesdesanluis.com","author_link":"https:\/\/apuntesdesanluis.com\/index.php\/author\/apuntesdesanluis-com\/"},"category_info":"<a href=\"https:\/\/apuntesdesanluis.com\/index.php\/category\/ciudad-provincia\/\" rel=\"category tag\">Ciudad\/Provincia<\/a>","tag_info":"Ciudad\/Provincia","comment_count":"0","_links":{"self":[{"href":"https:\/\/apuntesdesanluis.com\/index.php\/wp-json\/wp\/v2\/posts\/29838","targetHints":{"allow":["GET"]}}],"collection":[{"href":"https:\/\/apuntesdesanluis.com\/index.php\/wp-json\/wp\/v2\/posts"}],"about":[{"href":"https:\/\/apuntesdesanluis.com\/index.php\/wp-json\/wp\/v2\/types\/post"}],"author":[{"embeddable":true,"href":"https:\/\/apuntesdesanluis.com\/index.php\/wp-json\/wp\/v2\/users\/1"}],"replies":[{"embeddable":true,"href":"https:\/\/apuntesdesanluis.com\/index.php\/wp-json\/wp\/v2\/comments?post=29838"}],"version-history":[{"count":1,"href":"https:\/\/apuntesdesanluis.com\/index.php\/wp-json\/wp\/v2\/posts\/29838\/revisions"}],"predecessor-version":[{"id":29842,"href":"https:\/\/apuntesdesanluis.com\/index.php\/wp-json\/wp\/v2\/posts\/29838\/revisions\/29842"}],"wp:featuredmedia":[{"embeddable":true,"href":"https:\/\/apuntesdesanluis.com\/index.php\/wp-json\/wp\/v2\/media\/29839"}],"wp:attachment":[{"href":"https:\/\/apuntesdesanluis.com\/index.php\/wp-json\/wp\/v2\/media?parent=29838"}],"wp:term":[{"taxonomy":"category","embeddable":true,"href":"https:\/\/apuntesdesanluis.com\/index.php\/wp-json\/wp\/v2\/categories?post=29838"},{"taxonomy":"post_tag","embeddable":true,"href":"https:\/\/apuntesdesanluis.com\/index.php\/wp-json\/wp\/v2\/tags?post=29838"}],"curies":[{"name":"wp","href":"https:\/\/api.w.org\/{rel}","templated":true}]}}