{"id":29843,"date":"2025-02-26T19:27:49","date_gmt":"2025-02-26T22:27:49","guid":{"rendered":"https:\/\/apuntesdesanluis.com\/?p=29843"},"modified":"2025-02-26T19:27:49","modified_gmt":"2025-02-26T22:27:49","slug":"homicidio-en-accidente-de-transito-condena-en-suspenso-e-inhabilitacion","status":"publish","type":"post","link":"https:\/\/apuntesdesanluis.com\/index.php\/2025\/02\/26\/homicidio-en-accidente-de-transito-condena-en-suspenso-e-inhabilitacion\/","title":{"rendered":"HOMICIDIO EN ACCIDENTE DE TR\u00c1NSITO: CONDENA EN SUSPENSO E INHABILITACI\u00d3N"},"content":{"rendered":"<h3>Un hombre de 27 a\u00f1os fue condenado este mi\u00e9rcoles a tres a\u00f1os de prisi\u00f3n en suspenso y a cinco a\u00f1os de inhabilitaci\u00f3n para conducir veh\u00edculos, por ser culpable de homicidio culposo en accidente de tr\u00e1nsito. El juicio se culmin\u00f3 bajo el procedimiento abreviado luego de que la jueza Mar\u00eda Claudia Uccello, de la sala penal de la Tercera Circunscripci\u00f3n Judicial, homologara el acuerdo alcanzado entre la fiscal\u00eda y la defensa del imputado.<\/h3>\n<h3>El hecho tra\u00eddo a debate ocurri\u00f3 el 17 de marzo de 2024 a las 19 horas en la Ruta Provincial N\u00b0 1. El acusado manejaba un Ford Focus cuando embisti\u00f3 a una pareja que viajaba en una motocicleta. Por el impacto, un hombre y una mujer perdieron la vida.<\/h3>\n<h3>\u201cSe trata de una condena, usted no la va a cumplir en la c\u00e1rcel, pero fue condenado y debe cumplir reglas de conducta que se le imponen que si no las cumple se le va revocar la suspensi\u00f3n de la condena\u201d, le explic\u00f3 la magistrada al acusado.<\/h3>\n<h3>Algunas de las pautas de conductas son: comunicar cualquier cambio de residencia (el hombre condenado es oriundo de Coronel Moldes), abstenerse de conducir por un t\u00e9rmino de cinco a\u00f1os, efectuar un tratamiento psicol\u00f3gico y realizar un curso sobre educaci\u00f3n vial. Tambi\u00e9n se ofici\u00f3 a la Municipalidad de Moldes y a la Polic\u00eda de San Luis lo resuelto por la justicia.<\/h3>\n<h3>El juicio abreviado es una de las formas alternativas de culminar un proceso penal mediante el cual el acusado de un delito reconoce la existencia del hecho, su participaci\u00f3n como autor, c\u00f3mplice o instigador y acepta la calificaci\u00f3n legal que le otorga a ese hecho el fiscal.<\/h3>\n<h3><\/h3>\n<h3><\/h3>\n<p>&nbsp;<\/p>\n","protected":false},"excerpt":{"rendered":"<p>Un hombre de 27 a\u00f1os fue condenado este mi\u00e9rcoles a tres a\u00f1os de prisi\u00f3n en&#8230;<\/p>\n","protected":false},"author":1,"featured_media":29844,"comment_status":"closed","ping_status":"closed","sticky":false,"template":"","format":"standard","meta":{"footnotes":""},"categories":[6],"tags":[],"class_list":["post-29843","post","type-post","status-publish","format-standard","has-post-thumbnail","hentry","category-ciudad-provincia"],"yoast_head":"<!-- This site is optimized with the Yoast SEO plugin v26.1.1 - https:\/\/yoast.com\/wordpress\/plugins\/seo\/ -->\n<title>HOMICIDIO EN ACCIDENTE DE TR\u00c1NSITO: CONDENA EN SUSPENSO E INHABILITACI\u00d3N - Apuntes de San Luis<\/title>\n<meta name=\"robots\" content=\"index, follow, max-snippet:-1, max-image-preview:large, max-video-preview:-1\" \/>\n<link rel=\"canonical\" href=\"https:\/\/apuntesdesanluis.com\/index.php\/2025\/02\/26\/homicidio-en-accidente-de-transito-condena-en-suspenso-e-inhabilitacion\/\" \/>\n<meta property=\"og:locale\" content=\"es_ES\" \/>\n<meta property=\"og:type\" content=\"article\" \/>\n<meta property=\"og:title\" content=\"HOMICIDIO EN ACCIDENTE DE TR\u00c1NSITO: CONDENA EN SUSPENSO E INHABILITACI\u00d3N - Apuntes de San Luis\" \/>\n<meta property=\"og:description\" content=\"Un hombre de 27 a\u00f1os fue condenado este mi\u00e9rcoles a tres a\u00f1os de prisi\u00f3n en...\" \/>\n<meta property=\"og:url\" content=\"https:\/\/apuntesdesanluis.com\/index.php\/2025\/02\/26\/homicidio-en-accidente-de-transito-condena-en-suspenso-e-inhabilitacion\/\" \/>\n<meta property=\"og:site_name\" content=\"Apuntes de San Luis\" \/>\n<meta property=\"article:published_time\" content=\"2025-02-26T22:27:49+00:00\" \/>\n<meta property=\"og:image\" content=\"https:\/\/apuntesdesanluis.com\/wp-content\/uploads\/2025\/02\/audiencia-5.png\" \/>\n\t<meta property=\"og:image:width\" content=\"500\" \/>\n\t<meta property=\"og:image:height\" content=\"290\" \/>\n\t<meta property=\"og:image:type\" content=\"image\/png\" \/>\n<meta name=\"author\" content=\"apuntesdesanluis.com\" \/>\n<meta name=\"twitter:card\" content=\"summary_large_image\" \/>\n<meta name=\"twitter:label1\" content=\"Escrito por\" \/>\n\t<meta name=\"twitter:data1\" content=\"apuntesdesanluis.com\" \/>\n\t<meta name=\"twitter:label2\" content=\"Tiempo de lectura\" \/>\n\t<meta name=\"twitter:data2\" content=\"2 minutos\" \/>\n<script type=\"application\/ld+json\" class=\"yoast-schema-graph\">{\"@context\":\"https:\/\/schema.org\",\"@graph\":[{\"@type\":\"Article\",\"@id\":\"https:\/\/apuntesdesanluis.com\/index.php\/2025\/02\/26\/homicidio-en-accidente-de-transito-condena-en-suspenso-e-inhabilitacion\/#article\",\"isPartOf\":{\"@id\":\"https:\/\/apuntesdesanluis.com\/index.php\/2025\/02\/26\/homicidio-en-accidente-de-transito-condena-en-suspenso-e-inhabilitacion\/\"},\"author\":{\"name\":\"apuntesdesanluis.com\",\"@id\":\"https:\/\/apuntesdesanluis.com\/#\/schema\/person\/b55151d52296fcce64d1a72538a70b90\"},\"headline\":\"HOMICIDIO EN ACCIDENTE DE TR\u00c1NSITO: CONDENA EN SUSPENSO E INHABILITACI\u00d3N\",\"datePublished\":\"2025-02-26T22:27:49+00:00\",\"mainEntityOfPage\":{\"@id\":\"https:\/\/apuntesdesanluis.com\/index.php\/2025\/02\/26\/homicidio-en-accidente-de-transito-condena-en-suspenso-e-inhabilitacion\/\"},\"wordCount\":306,\"publisher\":{\"@id\":\"https:\/\/apuntesdesanluis.com\/#\/schema\/person\/b55151d52296fcce64d1a72538a70b90\"},\"image\":{\"@id\":\"https:\/\/apuntesdesanluis.com\/index.php\/2025\/02\/26\/homicidio-en-accidente-de-transito-condena-en-suspenso-e-inhabilitacion\/#primaryimage\"},\"thumbnailUrl\":\"https:\/\/apuntesdesanluis.com\/wp-content\/uploads\/2025\/02\/audiencia-5.png\",\"articleSection\":[\"Ciudad\/Provincia\"],\"inLanguage\":\"es-AR\"},{\"@type\":\"WebPage\",\"@id\":\"https:\/\/apuntesdesanluis.com\/index.php\/2025\/02\/26\/homicidio-en-accidente-de-transito-condena-en-suspenso-e-inhabilitacion\/\",\"url\":\"https:\/\/apuntesdesanluis.com\/index.php\/2025\/02\/26\/homicidio-en-accidente-de-transito-condena-en-suspenso-e-inhabilitacion\/\",\"name\":\"HOMICIDIO EN ACCIDENTE DE TR\u00c1NSITO: CONDENA EN SUSPENSO E INHABILITACI\u00d3N - Apuntes de San Luis\",\"isPartOf\":{\"@id\":\"https:\/\/apuntesdesanluis.com\/#website\"},\"primaryImageOfPage\":{\"@id\":\"https:\/\/apuntesdesanluis.com\/index.php\/2025\/02\/26\/homicidio-en-accidente-de-transito-condena-en-suspenso-e-inhabilitacion\/#primaryimage\"},\"image\":{\"@id\":\"https:\/\/apuntesdesanluis.com\/index.php\/2025\/02\/26\/homicidio-en-accidente-de-transito-condena-en-suspenso-e-inhabilitacion\/#primaryimage\"},\"thumbnailUrl\":\"https:\/\/apuntesdesanluis.com\/wp-content\/uploads\/2025\/02\/audiencia-5.png\",\"datePublished\":\"2025-02-26T22:27:49+00:00\",\"breadcrumb\":{\"@id\":\"https:\/\/apuntesdesanluis.com\/index.php\/2025\/02\/26\/homicidio-en-accidente-de-transito-condena-en-suspenso-e-inhabilitacion\/#breadcrumb\"},\"inLanguage\":\"es-AR\",\"potentialAction\":[{\"@type\":\"ReadAction\",\"target\":[\"https:\/\/apuntesdesanluis.com\/index.php\/2025\/02\/26\/homicidio-en-accidente-de-transito-condena-en-suspenso-e-inhabilitacion\/\"]}]},{\"@type\":\"ImageObject\",\"inLanguage\":\"es-AR\",\"@id\":\"https:\/\/apuntesdesanluis.com\/index.php\/2025\/02\/26\/homicidio-en-accidente-de-transito-condena-en-suspenso-e-inhabilitacion\/#primaryimage\",\"url\":\"https:\/\/apuntesdesanluis.com\/wp-content\/uploads\/2025\/02\/audiencia-5.png\",\"contentUrl\":\"https:\/\/apuntesdesanluis.com\/wp-content\/uploads\/2025\/02\/audiencia-5.png\",\"width\":500,\"height\":290},{\"@type\":\"BreadcrumbList\",\"@id\":\"https:\/\/apuntesdesanluis.com\/index.php\/2025\/02\/26\/homicidio-en-accidente-de-transito-condena-en-suspenso-e-inhabilitacion\/#breadcrumb\",\"itemListElement\":[{\"@type\":\"ListItem\",\"position\":1,\"name\":\"Inicio\",\"item\":\"https:\/\/apuntesdesanluis.com\/\"},{\"@type\":\"ListItem\",\"position\":2,\"name\":\"HOMICIDIO EN ACCIDENTE DE TR\u00c1NSITO: CONDENA EN SUSPENSO E INHABILITACI\u00d3N\"}]},{\"@type\":\"WebSite\",\"@id\":\"https:\/\/apuntesdesanluis.com\/#website\",\"url\":\"https:\/\/apuntesdesanluis.com\/\",\"name\":\"Apuntes de San Luis\",\"description\":\"\",\"publisher\":{\"@id\":\"https:\/\/apuntesdesanluis.com\/#\/schema\/person\/b55151d52296fcce64d1a72538a70b90\"},\"potentialAction\":[{\"@type\":\"SearchAction\",\"target\":{\"@type\":\"EntryPoint\",\"urlTemplate\":\"https:\/\/apuntesdesanluis.com\/?s={search_term_string}\"},\"query-input\":{\"@type\":\"PropertyValueSpecification\",\"valueRequired\":true,\"valueName\":\"search_term_string\"}}],\"inLanguage\":\"es-AR\"},{\"@type\":[\"Person\",\"Organization\"],\"@id\":\"https:\/\/apuntesdesanluis.com\/#\/schema\/person\/b55151d52296fcce64d1a72538a70b90\",\"name\":\"apuntesdesanluis.com\",\"image\":{\"@type\":\"ImageObject\",\"inLanguage\":\"es-AR\",\"@id\":\"https:\/\/apuntesdesanluis.com\/#\/schema\/person\/image\/\",\"url\":\"https:\/\/apuntesdesanluis.com\/wp-content\/uploads\/2023\/07\/cropped-apuntesdesanluis.png\",\"contentUrl\":\"https:\/\/apuntesdesanluis.com\/wp-content\/uploads\/2023\/07\/cropped-apuntesdesanluis.png\",\"width\":450,\"height\":112,\"caption\":\"apuntesdesanluis.com\"},\"logo\":{\"@id\":\"https:\/\/apuntesdesanluis.com\/#\/schema\/person\/image\/\"},\"sameAs\":[\"https:\/\/apuntesdesanluis.com\"],\"url\":\"https:\/\/apuntesdesanluis.com\/index.php\/author\/apuntesdesanluis-com\/\"}]}<\/script>\n<!-- \/ Yoast SEO plugin. -->","yoast_head_json":{"title":"HOMICIDIO EN ACCIDENTE DE TR\u00c1NSITO: CONDENA EN SUSPENSO E INHABILITACI\u00d3N - Apuntes de San Luis","robots":{"index":"index","follow":"follow","max-snippet":"max-snippet:-1","max-image-preview":"max-image-preview:large","max-video-preview":"max-video-preview:-1"},"canonical":"https:\/\/apuntesdesanluis.com\/index.php\/2025\/02\/26\/homicidio-en-accidente-de-transito-condena-en-suspenso-e-inhabilitacion\/","og_locale":"es_ES","og_type":"article","og_title":"HOMICIDIO EN ACCIDENTE DE TR\u00c1NSITO: CONDENA EN SUSPENSO E INHABILITACI\u00d3N - Apuntes de San Luis","og_description":"Un hombre de 27 a\u00f1os fue condenado este mi\u00e9rcoles a tres a\u00f1os de prisi\u00f3n en...","og_url":"https:\/\/apuntesdesanluis.com\/index.php\/2025\/02\/26\/homicidio-en-accidente-de-transito-condena-en-suspenso-e-inhabilitacion\/","og_site_name":"Apuntes de San Luis","article_published_time":"2025-02-26T22:27:49+00:00","og_image":[{"width":500,"height":290,"url":"https:\/\/apuntesdesanluis.com\/wp-content\/uploads\/2025\/02\/audiencia-5.png","type":"image\/png"}],"author":"apuntesdesanluis.com","twitter_card":"summary_large_image","twitter_misc":{"Escrito por":"apuntesdesanluis.com","Tiempo de lectura":"2 minutos"},"schema":{"@context":"https:\/\/schema.org","@graph":[{"@type":"Article","@id":"https:\/\/apuntesdesanluis.com\/index.php\/2025\/02\/26\/homicidio-en-accidente-de-transito-condena-en-suspenso-e-inhabilitacion\/#article","isPartOf":{"@id":"https:\/\/apuntesdesanluis.com\/index.php\/2025\/02\/26\/homicidio-en-accidente-de-transito-condena-en-suspenso-e-inhabilitacion\/"},"author":{"name":"apuntesdesanluis.com","@id":"https:\/\/apuntesdesanluis.com\/#\/schema\/person\/b55151d52296fcce64d1a72538a70b90"},"headline":"HOMICIDIO EN ACCIDENTE DE TR\u00c1NSITO: CONDENA EN SUSPENSO E INHABILITACI\u00d3N","datePublished":"2025-02-26T22:27:49+00:00","mainEntityOfPage":{"@id":"https:\/\/apuntesdesanluis.com\/index.php\/2025\/02\/26\/homicidio-en-accidente-de-transito-condena-en-suspenso-e-inhabilitacion\/"},"wordCount":306,"publisher":{"@id":"https:\/\/apuntesdesanluis.com\/#\/schema\/person\/b55151d52296fcce64d1a72538a70b90"},"image":{"@id":"https:\/\/apuntesdesanluis.com\/index.php\/2025\/02\/26\/homicidio-en-accidente-de-transito-condena-en-suspenso-e-inhabilitacion\/#primaryimage"},"thumbnailUrl":"https:\/\/apuntesdesanluis.com\/wp-content\/uploads\/2025\/02\/audiencia-5.png","articleSection":["Ciudad\/Provincia"],"inLanguage":"es-AR"},{"@type":"WebPage","@id":"https:\/\/apuntesdesanluis.com\/index.php\/2025\/02\/26\/homicidio-en-accidente-de-transito-condena-en-suspenso-e-inhabilitacion\/","url":"https:\/\/apuntesdesanluis.com\/index.php\/2025\/02\/26\/homicidio-en-accidente-de-transito-condena-en-suspenso-e-inhabilitacion\/","name":"HOMICIDIO EN ACCIDENTE DE TR\u00c1NSITO: CONDENA EN SUSPENSO E INHABILITACI\u00d3N - Apuntes de San Luis","isPartOf":{"@id":"https:\/\/apuntesdesanluis.com\/#website"},"primaryImageOfPage":{"@id":"https:\/\/apuntesdesanluis.com\/index.php\/2025\/02\/26\/homicidio-en-accidente-de-transito-condena-en-suspenso-e-inhabilitacion\/#primaryimage"},"image":{"@id":"https:\/\/apuntesdesanluis.com\/index.php\/2025\/02\/26\/homicidio-en-accidente-de-transito-condena-en-suspenso-e-inhabilitacion\/#primaryimage"},"thumbnailUrl":"https:\/\/apuntesdesanluis.com\/wp-content\/uploads\/2025\/02\/audiencia-5.png","datePublished":"2025-02-26T22:27:49+00:00","breadcrumb":{"@id":"https:\/\/apuntesdesanluis.com\/index.php\/2025\/02\/26\/homicidio-en-accidente-de-transito-condena-en-suspenso-e-inhabilitacion\/#breadcrumb"},"inLanguage":"es-AR","potentialAction":[{"@type":"ReadAction","target":["https:\/\/apuntesdesanluis.com\/index.php\/2025\/02\/26\/homicidio-en-accidente-de-transito-condena-en-suspenso-e-inhabilitacion\/"]}]},{"@type":"ImageObject","inLanguage":"es-AR","@id":"https:\/\/apuntesdesanluis.com\/index.php\/2025\/02\/26\/homicidio-en-accidente-de-transito-condena-en-suspenso-e-inhabilitacion\/#primaryimage","url":"https:\/\/apuntesdesanluis.com\/wp-content\/uploads\/2025\/02\/audiencia-5.png","contentUrl":"https:\/\/apuntesdesanluis.com\/wp-content\/uploads\/2025\/02\/audiencia-5.png","width":500,"height":290},{"@type":"BreadcrumbList","@id":"https:\/\/apuntesdesanluis.com\/index.php\/2025\/02\/26\/homicidio-en-accidente-de-transito-condena-en-suspenso-e-inhabilitacion\/#breadcrumb","itemListElement":[{"@type":"ListItem","position":1,"name":"Inicio","item":"https:\/\/apuntesdesanluis.com\/"},{"@type":"ListItem","position":2,"name":"HOMICIDIO EN ACCIDENTE DE TR\u00c1NSITO: CONDENA EN SUSPENSO E INHABILITACI\u00d3N"}]},{"@type":"WebSite","@id":"https:\/\/apuntesdesanluis.com\/#website","url":"https:\/\/apuntesdesanluis.com\/","name":"Apuntes de San Luis","description":"","publisher":{"@id":"https:\/\/apuntesdesanluis.com\/#\/schema\/person\/b55151d52296fcce64d1a72538a70b90"},"potentialAction":[{"@type":"SearchAction","target":{"@type":"EntryPoint","urlTemplate":"https:\/\/apuntesdesanluis.com\/?s={search_term_string}"},"query-input":{"@type":"PropertyValueSpecification","valueRequired":true,"valueName":"search_term_string"}}],"inLanguage":"es-AR"},{"@type":["Person","Organization"],"@id":"https:\/\/apuntesdesanluis.com\/#\/schema\/person\/b55151d52296fcce64d1a72538a70b90","name":"apuntesdesanluis.com","image":{"@type":"ImageObject","inLanguage":"es-AR","@id":"https:\/\/apuntesdesanluis.com\/#\/schema\/person\/image\/","url":"https:\/\/apuntesdesanluis.com\/wp-content\/uploads\/2023\/07\/cropped-apuntesdesanluis.png","contentUrl":"https:\/\/apuntesdesanluis.com\/wp-content\/uploads\/2023\/07\/cropped-apuntesdesanluis.png","width":450,"height":112,"caption":"apuntesdesanluis.com"},"logo":{"@id":"https:\/\/apuntesdesanluis.com\/#\/schema\/person\/image\/"},"sameAs":["https:\/\/apuntesdesanluis.com"],"url":"https:\/\/apuntesdesanluis.com\/index.php\/author\/apuntesdesanluis-com\/"}]}},"featured_image_urls":{"full":["https:\/\/apuntesdesanluis.com\/wp-content\/uploads\/2025\/02\/audiencia-5.png",500,290,false],"thumbnail":["https:\/\/apuntesdesanluis.com\/wp-content\/uploads\/2025\/02\/audiencia-5-150x150.png",150,150,true],"medium":["https:\/\/apuntesdesanluis.com\/wp-content\/uploads\/2025\/02\/audiencia-5-300x174.png",300,174,true],"medium_large":["https:\/\/apuntesdesanluis.com\/wp-content\/uploads\/2025\/02\/audiencia-5.png",500,290,false],"large":["https:\/\/apuntesdesanluis.com\/wp-content\/uploads\/2025\/02\/audiencia-5.png",500,290,false],"1536x1536":["https:\/\/apuntesdesanluis.com\/wp-content\/uploads\/2025\/02\/audiencia-5.png",500,290,false],"2048x2048":["https:\/\/apuntesdesanluis.com\/wp-content\/uploads\/2025\/02\/audiencia-5.png",500,290,false],"newsever-slider-full":["https:\/\/apuntesdesanluis.com\/wp-content\/uploads\/2025\/02\/audiencia-5.png",500,290,false],"newsever-featured":["https:\/\/apuntesdesanluis.com\/wp-content\/uploads\/2025\/02\/audiencia-5.png",500,290,false],"newsever-medium":["https:\/\/apuntesdesanluis.com\/wp-content\/uploads\/2025\/02\/audiencia-5.png",500,290,false]},"author_info":{"display_name":"apuntesdesanluis.com","author_link":"https:\/\/apuntesdesanluis.com\/index.php\/author\/apuntesdesanluis-com\/"},"category_info":"<a href=\"https:\/\/apuntesdesanluis.com\/index.php\/category\/ciudad-provincia\/\" rel=\"category tag\">Ciudad\/Provincia<\/a>","tag_info":"Ciudad\/Provincia","comment_count":"0","_links":{"self":[{"href":"https:\/\/apuntesdesanluis.com\/index.php\/wp-json\/wp\/v2\/posts\/29843","targetHints":{"allow":["GET"]}}],"collection":[{"href":"https:\/\/apuntesdesanluis.com\/index.php\/wp-json\/wp\/v2\/posts"}],"about":[{"href":"https:\/\/apuntesdesanluis.com\/index.php\/wp-json\/wp\/v2\/types\/post"}],"author":[{"embeddable":true,"href":"https:\/\/apuntesdesanluis.com\/index.php\/wp-json\/wp\/v2\/users\/1"}],"replies":[{"embeddable":true,"href":"https:\/\/apuntesdesanluis.com\/index.php\/wp-json\/wp\/v2\/comments?post=29843"}],"version-history":[{"count":1,"href":"https:\/\/apuntesdesanluis.com\/index.php\/wp-json\/wp\/v2\/posts\/29843\/revisions"}],"predecessor-version":[{"id":29845,"href":"https:\/\/apuntesdesanluis.com\/index.php\/wp-json\/wp\/v2\/posts\/29843\/revisions\/29845"}],"wp:featuredmedia":[{"embeddable":true,"href":"https:\/\/apuntesdesanluis.com\/index.php\/wp-json\/wp\/v2\/media\/29844"}],"wp:attachment":[{"href":"https:\/\/apuntesdesanluis.com\/index.php\/wp-json\/wp\/v2\/media?parent=29843"}],"wp:term":[{"taxonomy":"category","embeddable":true,"href":"https:\/\/apuntesdesanluis.com\/index.php\/wp-json\/wp\/v2\/categories?post=29843"},{"taxonomy":"post_tag","embeddable":true,"href":"https:\/\/apuntesdesanluis.com\/index.php\/wp-json\/wp\/v2\/tags?post=29843"}],"curies":[{"name":"wp","href":"https:\/\/api.w.org\/{rel}","templated":true}]}}