{"id":29849,"date":"2025-02-26T19:45:49","date_gmt":"2025-02-26T22:45:49","guid":{"rendered":"https:\/\/apuntesdesanluis.com\/?p=29849"},"modified":"2025-02-26T19:45:49","modified_gmt":"2025-02-26T22:45:49","slug":"lo-condenan-a-10-anos-y-medio-de-prision-por-intentar-matar-a-su-expareja-y-agredir-a-sus-hijas","status":"publish","type":"post","link":"https:\/\/apuntesdesanluis.com\/index.php\/2025\/02\/26\/lo-condenan-a-10-anos-y-medio-de-prision-por-intentar-matar-a-su-expareja-y-agredir-a-sus-hijas\/","title":{"rendered":"LO CONDENAN A 10 A\u00d1OS Y MEDIO DE PRISI\u00d3N POR INTENTAR MATAR A SU EXPAREJA Y AGREDIR A SUS HIJAS"},"content":{"rendered":"<h3><strong>Juan Videla<\/strong> fue declarado culpable por el intento de homicidio de su expareja y las agresiones cometidas contra sus dos hijas y condenado a diez a\u00f1os y seis meses de prisi\u00f3n.<\/h3>\n<h3>El veredicto, votado por unanimidad por un tribunal del Colegio de Jueces de la Primera Circunscripci\u00f3n, fue emitido este mi\u00e9rcoles al mediod\u00eda.<\/h3>\n<h3>Al hombre de 57 a\u00f1os se le endilgaron los delitos de homicidio doblemente calificado por el v\u00ednculo y por el contexto de violencia de g\u00e9nero en grado de tentativa en perjuicio de Albina Torrontegui, en concurso ideal con lesiones leves agravadas por el vinculo y cuyas v\u00edctimas fueron sus dos hijas.<\/h3>\n<h3>El hecho tra\u00eddo a debate ocurri\u00f3 en un establecimiento rural de la localidad de <strong>San Jer\u00f3nimo<\/strong>, a 18 kil\u00f3metros de la capital puntana, el 29 de septiembre de 2023. Ese d\u00eda Videla irrumpi\u00f3 en la vivienda de su expareja y la atac\u00f3 con un cuchillo, caus\u00e1ndole graves heridas. En el intento de defenderla, sus hijas tambi\u00e9n resultaron lesionadas.<\/h3>\n<h3><img fetchpriority=\"high\" decoding=\"async\" class=\"wp-image-29850 aligncenter\" src=\"https:\/\/apuntesdesanluis.com\/wp-content\/uploads\/2025\/02\/condenado-bestia-300x252.png\" alt=\"\" width=\"626\" height=\"526\" srcset=\"https:\/\/apuntesdesanluis.com\/wp-content\/uploads\/2025\/02\/condenado-bestia-300x252.png 300w, https:\/\/apuntesdesanluis.com\/wp-content\/uploads\/2025\/02\/condenado-bestia.png 464w\" sizes=\"(max-width: 626px) 100vw, 626px\" \/><\/h3>\n<h3>La denuncia tambi\u00e9n narra que el acusado intent\u00f3 incendiar a su expareja roci\u00e1ndola con nafta, pero fue impedido por el novio de una de sus hijas, quien termin\u00f3 salpicado con combustible. Luego, embisti\u00f3 con su auto la tranquera del lugar, golpe\u00f3 a su otra hija y choc\u00f3 el veh\u00edculo en el que intentaban trasladar a Torrontegui al hospital.<\/h3>\n<h3>El tribunal, integrado por Ariel Parrillis en la presidencia, y Mar\u00eda Eugenia Zabala Chacur y Jos\u00e9 Luis Flores en las vocal\u00edas, mencion\u00f3 como circunstancias atenuantes la falta de antecedentes condenatorios y como agravantes las circunstancias de tiempo, modo y lugar la presencia de sus hijas en el momento del hecho y de su nieta de 4 a\u00f1os.<\/h3>\n<h3>Como Fiscal de Juicio actu\u00f3 Fernando Rodr\u00edguez quien en los alegatos hab\u00eda solicitado la pena de 11 a\u00f1os y 6 meses de prisi\u00f3n.<\/h3>\n<p>&nbsp;<\/p>\n<p>&nbsp;<\/p>\n<p>&nbsp;<\/p>\n<h3><\/h3>\n<h3><\/h3>\n<h3><\/h3>\n","protected":false},"excerpt":{"rendered":"<p>Juan Videla fue declarado culpable por el intento de homicidio de su expareja y las&#8230;<\/p>\n","protected":false},"author":1,"featured_media":29851,"comment_status":"closed","ping_status":"closed","sticky":false,"template":"","format":"standard","meta":{"footnotes":""},"categories":[6],"tags":[],"class_list":["post-29849","post","type-post","status-publish","format-standard","has-post-thumbnail","hentry","category-ciudad-provincia"],"yoast_head":"<!-- This site is optimized with the Yoast SEO plugin v26.1.1 - https:\/\/yoast.com\/wordpress\/plugins\/seo\/ -->\n<title>LO CONDENAN A 10 A\u00d1OS Y MEDIO DE PRISI\u00d3N POR INTENTAR MATAR A SU EXPAREJA Y AGREDIR A SUS HIJAS - Apuntes de San Luis<\/title>\n<meta name=\"robots\" content=\"index, follow, max-snippet:-1, max-image-preview:large, max-video-preview:-1\" \/>\n<link rel=\"canonical\" href=\"https:\/\/apuntesdesanluis.com\/index.php\/2025\/02\/26\/lo-condenan-a-10-anos-y-medio-de-prision-por-intentar-matar-a-su-expareja-y-agredir-a-sus-hijas\/\" \/>\n<meta property=\"og:locale\" content=\"es_ES\" \/>\n<meta property=\"og:type\" content=\"article\" \/>\n<meta property=\"og:title\" content=\"LO CONDENAN A 10 A\u00d1OS Y MEDIO DE PRISI\u00d3N POR INTENTAR MATAR A SU EXPAREJA Y AGREDIR A SUS HIJAS - Apuntes de San Luis\" \/>\n<meta property=\"og:description\" content=\"Juan Videla fue declarado culpable por el intento de homicidio de su expareja y las...\" \/>\n<meta property=\"og:url\" content=\"https:\/\/apuntesdesanluis.com\/index.php\/2025\/02\/26\/lo-condenan-a-10-anos-y-medio-de-prision-por-intentar-matar-a-su-expareja-y-agredir-a-sus-hijas\/\" \/>\n<meta property=\"og:site_name\" content=\"Apuntes de San Luis\" \/>\n<meta property=\"article:published_time\" content=\"2025-02-26T22:45:49+00:00\" \/>\n<meta property=\"og:image\" content=\"https:\/\/apuntesdesanluis.com\/wp-content\/uploads\/2025\/02\/condenado-tapa.png\" \/>\n\t<meta property=\"og:image:width\" content=\"693\" \/>\n\t<meta property=\"og:image:height\" content=\"409\" \/>\n\t<meta property=\"og:image:type\" content=\"image\/png\" \/>\n<meta name=\"author\" content=\"apuntesdesanluis.com\" \/>\n<meta name=\"twitter:card\" content=\"summary_large_image\" \/>\n<meta name=\"twitter:label1\" content=\"Escrito por\" \/>\n\t<meta name=\"twitter:data1\" content=\"apuntesdesanluis.com\" \/>\n\t<meta name=\"twitter:label2\" content=\"Tiempo de lectura\" \/>\n\t<meta name=\"twitter:data2\" content=\"2 minutos\" \/>\n<script type=\"application\/ld+json\" class=\"yoast-schema-graph\">{\"@context\":\"https:\/\/schema.org\",\"@graph\":[{\"@type\":\"Article\",\"@id\":\"https:\/\/apuntesdesanluis.com\/index.php\/2025\/02\/26\/lo-condenan-a-10-anos-y-medio-de-prision-por-intentar-matar-a-su-expareja-y-agredir-a-sus-hijas\/#article\",\"isPartOf\":{\"@id\":\"https:\/\/apuntesdesanluis.com\/index.php\/2025\/02\/26\/lo-condenan-a-10-anos-y-medio-de-prision-por-intentar-matar-a-su-expareja-y-agredir-a-sus-hijas\/\"},\"author\":{\"name\":\"apuntesdesanluis.com\",\"@id\":\"https:\/\/apuntesdesanluis.com\/#\/schema\/person\/b55151d52296fcce64d1a72538a70b90\"},\"headline\":\"LO CONDENAN A 10 A\u00d1OS Y MEDIO DE PRISI\u00d3N POR INTENTAR MATAR A SU EXPAREJA Y AGREDIR A SUS HIJAS\",\"datePublished\":\"2025-02-26T22:45:49+00:00\",\"mainEntityOfPage\":{\"@id\":\"https:\/\/apuntesdesanluis.com\/index.php\/2025\/02\/26\/lo-condenan-a-10-anos-y-medio-de-prision-por-intentar-matar-a-su-expareja-y-agredir-a-sus-hijas\/\"},\"wordCount\":342,\"publisher\":{\"@id\":\"https:\/\/apuntesdesanluis.com\/#\/schema\/person\/b55151d52296fcce64d1a72538a70b90\"},\"image\":{\"@id\":\"https:\/\/apuntesdesanluis.com\/index.php\/2025\/02\/26\/lo-condenan-a-10-anos-y-medio-de-prision-por-intentar-matar-a-su-expareja-y-agredir-a-sus-hijas\/#primaryimage\"},\"thumbnailUrl\":\"https:\/\/apuntesdesanluis.com\/wp-content\/uploads\/2025\/02\/condenado-tapa.png\",\"articleSection\":[\"Ciudad\/Provincia\"],\"inLanguage\":\"es-AR\"},{\"@type\":\"WebPage\",\"@id\":\"https:\/\/apuntesdesanluis.com\/index.php\/2025\/02\/26\/lo-condenan-a-10-anos-y-medio-de-prision-por-intentar-matar-a-su-expareja-y-agredir-a-sus-hijas\/\",\"url\":\"https:\/\/apuntesdesanluis.com\/index.php\/2025\/02\/26\/lo-condenan-a-10-anos-y-medio-de-prision-por-intentar-matar-a-su-expareja-y-agredir-a-sus-hijas\/\",\"name\":\"LO CONDENAN A 10 A\u00d1OS Y MEDIO DE PRISI\u00d3N POR INTENTAR MATAR A SU EXPAREJA Y AGREDIR A SUS HIJAS - Apuntes de San Luis\",\"isPartOf\":{\"@id\":\"https:\/\/apuntesdesanluis.com\/#website\"},\"primaryImageOfPage\":{\"@id\":\"https:\/\/apuntesdesanluis.com\/index.php\/2025\/02\/26\/lo-condenan-a-10-anos-y-medio-de-prision-por-intentar-matar-a-su-expareja-y-agredir-a-sus-hijas\/#primaryimage\"},\"image\":{\"@id\":\"https:\/\/apuntesdesanluis.com\/index.php\/2025\/02\/26\/lo-condenan-a-10-anos-y-medio-de-prision-por-intentar-matar-a-su-expareja-y-agredir-a-sus-hijas\/#primaryimage\"},\"thumbnailUrl\":\"https:\/\/apuntesdesanluis.com\/wp-content\/uploads\/2025\/02\/condenado-tapa.png\",\"datePublished\":\"2025-02-26T22:45:49+00:00\",\"breadcrumb\":{\"@id\":\"https:\/\/apuntesdesanluis.com\/index.php\/2025\/02\/26\/lo-condenan-a-10-anos-y-medio-de-prision-por-intentar-matar-a-su-expareja-y-agredir-a-sus-hijas\/#breadcrumb\"},\"inLanguage\":\"es-AR\",\"potentialAction\":[{\"@type\":\"ReadAction\",\"target\":[\"https:\/\/apuntesdesanluis.com\/index.php\/2025\/02\/26\/lo-condenan-a-10-anos-y-medio-de-prision-por-intentar-matar-a-su-expareja-y-agredir-a-sus-hijas\/\"]}]},{\"@type\":\"ImageObject\",\"inLanguage\":\"es-AR\",\"@id\":\"https:\/\/apuntesdesanluis.com\/index.php\/2025\/02\/26\/lo-condenan-a-10-anos-y-medio-de-prision-por-intentar-matar-a-su-expareja-y-agredir-a-sus-hijas\/#primaryimage\",\"url\":\"https:\/\/apuntesdesanluis.com\/wp-content\/uploads\/2025\/02\/condenado-tapa.png\",\"contentUrl\":\"https:\/\/apuntesdesanluis.com\/wp-content\/uploads\/2025\/02\/condenado-tapa.png\",\"width\":693,\"height\":409},{\"@type\":\"BreadcrumbList\",\"@id\":\"https:\/\/apuntesdesanluis.com\/index.php\/2025\/02\/26\/lo-condenan-a-10-anos-y-medio-de-prision-por-intentar-matar-a-su-expareja-y-agredir-a-sus-hijas\/#breadcrumb\",\"itemListElement\":[{\"@type\":\"ListItem\",\"position\":1,\"name\":\"Inicio\",\"item\":\"https:\/\/apuntesdesanluis.com\/\"},{\"@type\":\"ListItem\",\"position\":2,\"name\":\"LO CONDENAN A 10 A\u00d1OS Y MEDIO DE PRISI\u00d3N POR INTENTAR MATAR A SU EXPAREJA Y AGREDIR A SUS HIJAS\"}]},{\"@type\":\"WebSite\",\"@id\":\"https:\/\/apuntesdesanluis.com\/#website\",\"url\":\"https:\/\/apuntesdesanluis.com\/\",\"name\":\"Apuntes de San Luis\",\"description\":\"\",\"publisher\":{\"@id\":\"https:\/\/apuntesdesanluis.com\/#\/schema\/person\/b55151d52296fcce64d1a72538a70b90\"},\"potentialAction\":[{\"@type\":\"SearchAction\",\"target\":{\"@type\":\"EntryPoint\",\"urlTemplate\":\"https:\/\/apuntesdesanluis.com\/?s={search_term_string}\"},\"query-input\":{\"@type\":\"PropertyValueSpecification\",\"valueRequired\":true,\"valueName\":\"search_term_string\"}}],\"inLanguage\":\"es-AR\"},{\"@type\":[\"Person\",\"Organization\"],\"@id\":\"https:\/\/apuntesdesanluis.com\/#\/schema\/person\/b55151d52296fcce64d1a72538a70b90\",\"name\":\"apuntesdesanluis.com\",\"image\":{\"@type\":\"ImageObject\",\"inLanguage\":\"es-AR\",\"@id\":\"https:\/\/apuntesdesanluis.com\/#\/schema\/person\/image\/\",\"url\":\"https:\/\/apuntesdesanluis.com\/wp-content\/uploads\/2023\/07\/cropped-apuntesdesanluis.png\",\"contentUrl\":\"https:\/\/apuntesdesanluis.com\/wp-content\/uploads\/2023\/07\/cropped-apuntesdesanluis.png\",\"width\":450,\"height\":112,\"caption\":\"apuntesdesanluis.com\"},\"logo\":{\"@id\":\"https:\/\/apuntesdesanluis.com\/#\/schema\/person\/image\/\"},\"sameAs\":[\"https:\/\/apuntesdesanluis.com\"],\"url\":\"https:\/\/apuntesdesanluis.com\/index.php\/author\/apuntesdesanluis-com\/\"}]}<\/script>\n<!-- \/ Yoast SEO plugin. -->","yoast_head_json":{"title":"LO CONDENAN A 10 A\u00d1OS Y MEDIO DE PRISI\u00d3N POR INTENTAR MATAR A SU EXPAREJA Y AGREDIR A SUS HIJAS - Apuntes de San Luis","robots":{"index":"index","follow":"follow","max-snippet":"max-snippet:-1","max-image-preview":"max-image-preview:large","max-video-preview":"max-video-preview:-1"},"canonical":"https:\/\/apuntesdesanluis.com\/index.php\/2025\/02\/26\/lo-condenan-a-10-anos-y-medio-de-prision-por-intentar-matar-a-su-expareja-y-agredir-a-sus-hijas\/","og_locale":"es_ES","og_type":"article","og_title":"LO CONDENAN A 10 A\u00d1OS Y MEDIO DE PRISI\u00d3N POR INTENTAR MATAR A SU EXPAREJA Y AGREDIR A SUS HIJAS - Apuntes de San Luis","og_description":"Juan Videla fue declarado culpable por el intento de homicidio de su expareja y las...","og_url":"https:\/\/apuntesdesanluis.com\/index.php\/2025\/02\/26\/lo-condenan-a-10-anos-y-medio-de-prision-por-intentar-matar-a-su-expareja-y-agredir-a-sus-hijas\/","og_site_name":"Apuntes de San Luis","article_published_time":"2025-02-26T22:45:49+00:00","og_image":[{"width":693,"height":409,"url":"https:\/\/apuntesdesanluis.com\/wp-content\/uploads\/2025\/02\/condenado-tapa.png","type":"image\/png"}],"author":"apuntesdesanluis.com","twitter_card":"summary_large_image","twitter_misc":{"Escrito por":"apuntesdesanluis.com","Tiempo de lectura":"2 minutos"},"schema":{"@context":"https:\/\/schema.org","@graph":[{"@type":"Article","@id":"https:\/\/apuntesdesanluis.com\/index.php\/2025\/02\/26\/lo-condenan-a-10-anos-y-medio-de-prision-por-intentar-matar-a-su-expareja-y-agredir-a-sus-hijas\/#article","isPartOf":{"@id":"https:\/\/apuntesdesanluis.com\/index.php\/2025\/02\/26\/lo-condenan-a-10-anos-y-medio-de-prision-por-intentar-matar-a-su-expareja-y-agredir-a-sus-hijas\/"},"author":{"name":"apuntesdesanluis.com","@id":"https:\/\/apuntesdesanluis.com\/#\/schema\/person\/b55151d52296fcce64d1a72538a70b90"},"headline":"LO CONDENAN A 10 A\u00d1OS Y MEDIO DE PRISI\u00d3N POR INTENTAR MATAR A SU EXPAREJA Y AGREDIR A SUS HIJAS","datePublished":"2025-02-26T22:45:49+00:00","mainEntityOfPage":{"@id":"https:\/\/apuntesdesanluis.com\/index.php\/2025\/02\/26\/lo-condenan-a-10-anos-y-medio-de-prision-por-intentar-matar-a-su-expareja-y-agredir-a-sus-hijas\/"},"wordCount":342,"publisher":{"@id":"https:\/\/apuntesdesanluis.com\/#\/schema\/person\/b55151d52296fcce64d1a72538a70b90"},"image":{"@id":"https:\/\/apuntesdesanluis.com\/index.php\/2025\/02\/26\/lo-condenan-a-10-anos-y-medio-de-prision-por-intentar-matar-a-su-expareja-y-agredir-a-sus-hijas\/#primaryimage"},"thumbnailUrl":"https:\/\/apuntesdesanluis.com\/wp-content\/uploads\/2025\/02\/condenado-tapa.png","articleSection":["Ciudad\/Provincia"],"inLanguage":"es-AR"},{"@type":"WebPage","@id":"https:\/\/apuntesdesanluis.com\/index.php\/2025\/02\/26\/lo-condenan-a-10-anos-y-medio-de-prision-por-intentar-matar-a-su-expareja-y-agredir-a-sus-hijas\/","url":"https:\/\/apuntesdesanluis.com\/index.php\/2025\/02\/26\/lo-condenan-a-10-anos-y-medio-de-prision-por-intentar-matar-a-su-expareja-y-agredir-a-sus-hijas\/","name":"LO CONDENAN A 10 A\u00d1OS Y MEDIO DE PRISI\u00d3N POR INTENTAR MATAR A SU EXPAREJA Y AGREDIR A SUS HIJAS - Apuntes de San Luis","isPartOf":{"@id":"https:\/\/apuntesdesanluis.com\/#website"},"primaryImageOfPage":{"@id":"https:\/\/apuntesdesanluis.com\/index.php\/2025\/02\/26\/lo-condenan-a-10-anos-y-medio-de-prision-por-intentar-matar-a-su-expareja-y-agredir-a-sus-hijas\/#primaryimage"},"image":{"@id":"https:\/\/apuntesdesanluis.com\/index.php\/2025\/02\/26\/lo-condenan-a-10-anos-y-medio-de-prision-por-intentar-matar-a-su-expareja-y-agredir-a-sus-hijas\/#primaryimage"},"thumbnailUrl":"https:\/\/apuntesdesanluis.com\/wp-content\/uploads\/2025\/02\/condenado-tapa.png","datePublished":"2025-02-26T22:45:49+00:00","breadcrumb":{"@id":"https:\/\/apuntesdesanluis.com\/index.php\/2025\/02\/26\/lo-condenan-a-10-anos-y-medio-de-prision-por-intentar-matar-a-su-expareja-y-agredir-a-sus-hijas\/#breadcrumb"},"inLanguage":"es-AR","potentialAction":[{"@type":"ReadAction","target":["https:\/\/apuntesdesanluis.com\/index.php\/2025\/02\/26\/lo-condenan-a-10-anos-y-medio-de-prision-por-intentar-matar-a-su-expareja-y-agredir-a-sus-hijas\/"]}]},{"@type":"ImageObject","inLanguage":"es-AR","@id":"https:\/\/apuntesdesanluis.com\/index.php\/2025\/02\/26\/lo-condenan-a-10-anos-y-medio-de-prision-por-intentar-matar-a-su-expareja-y-agredir-a-sus-hijas\/#primaryimage","url":"https:\/\/apuntesdesanluis.com\/wp-content\/uploads\/2025\/02\/condenado-tapa.png","contentUrl":"https:\/\/apuntesdesanluis.com\/wp-content\/uploads\/2025\/02\/condenado-tapa.png","width":693,"height":409},{"@type":"BreadcrumbList","@id":"https:\/\/apuntesdesanluis.com\/index.php\/2025\/02\/26\/lo-condenan-a-10-anos-y-medio-de-prision-por-intentar-matar-a-su-expareja-y-agredir-a-sus-hijas\/#breadcrumb","itemListElement":[{"@type":"ListItem","position":1,"name":"Inicio","item":"https:\/\/apuntesdesanluis.com\/"},{"@type":"ListItem","position":2,"name":"LO CONDENAN A 10 A\u00d1OS Y MEDIO DE PRISI\u00d3N POR INTENTAR MATAR A SU EXPAREJA Y AGREDIR A SUS HIJAS"}]},{"@type":"WebSite","@id":"https:\/\/apuntesdesanluis.com\/#website","url":"https:\/\/apuntesdesanluis.com\/","name":"Apuntes de San Luis","description":"","publisher":{"@id":"https:\/\/apuntesdesanluis.com\/#\/schema\/person\/b55151d52296fcce64d1a72538a70b90"},"potentialAction":[{"@type":"SearchAction","target":{"@type":"EntryPoint","urlTemplate":"https:\/\/apuntesdesanluis.com\/?s={search_term_string}"},"query-input":{"@type":"PropertyValueSpecification","valueRequired":true,"valueName":"search_term_string"}}],"inLanguage":"es-AR"},{"@type":["Person","Organization"],"@id":"https:\/\/apuntesdesanluis.com\/#\/schema\/person\/b55151d52296fcce64d1a72538a70b90","name":"apuntesdesanluis.com","image":{"@type":"ImageObject","inLanguage":"es-AR","@id":"https:\/\/apuntesdesanluis.com\/#\/schema\/person\/image\/","url":"https:\/\/apuntesdesanluis.com\/wp-content\/uploads\/2023\/07\/cropped-apuntesdesanluis.png","contentUrl":"https:\/\/apuntesdesanluis.com\/wp-content\/uploads\/2023\/07\/cropped-apuntesdesanluis.png","width":450,"height":112,"caption":"apuntesdesanluis.com"},"logo":{"@id":"https:\/\/apuntesdesanluis.com\/#\/schema\/person\/image\/"},"sameAs":["https:\/\/apuntesdesanluis.com"],"url":"https:\/\/apuntesdesanluis.com\/index.php\/author\/apuntesdesanluis-com\/"}]}},"featured_image_urls":{"full":["https:\/\/apuntesdesanluis.com\/wp-content\/uploads\/2025\/02\/condenado-tapa.png",693,409,false],"thumbnail":["https:\/\/apuntesdesanluis.com\/wp-content\/uploads\/2025\/02\/condenado-tapa-150x150.png",150,150,true],"medium":["https:\/\/apuntesdesanluis.com\/wp-content\/uploads\/2025\/02\/condenado-tapa-300x177.png",300,177,true],"medium_large":["https:\/\/apuntesdesanluis.com\/wp-content\/uploads\/2025\/02\/condenado-tapa.png",640,378,false],"large":["https:\/\/apuntesdesanluis.com\/wp-content\/uploads\/2025\/02\/condenado-tapa.png",640,378,false],"1536x1536":["https:\/\/apuntesdesanluis.com\/wp-content\/uploads\/2025\/02\/condenado-tapa.png",693,409,false],"2048x2048":["https:\/\/apuntesdesanluis.com\/wp-content\/uploads\/2025\/02\/condenado-tapa.png",693,409,false],"newsever-slider-full":["https:\/\/apuntesdesanluis.com\/wp-content\/uploads\/2025\/02\/condenado-tapa.png",693,409,false],"newsever-featured":["https:\/\/apuntesdesanluis.com\/wp-content\/uploads\/2025\/02\/condenado-tapa.png",693,409,false],"newsever-medium":["https:\/\/apuntesdesanluis.com\/wp-content\/uploads\/2025\/02\/condenado-tapa.png",693,409,false]},"author_info":{"display_name":"apuntesdesanluis.com","author_link":"https:\/\/apuntesdesanluis.com\/index.php\/author\/apuntesdesanluis-com\/"},"category_info":"<a href=\"https:\/\/apuntesdesanluis.com\/index.php\/category\/ciudad-provincia\/\" rel=\"category tag\">Ciudad\/Provincia<\/a>","tag_info":"Ciudad\/Provincia","comment_count":"0","_links":{"self":[{"href":"https:\/\/apuntesdesanluis.com\/index.php\/wp-json\/wp\/v2\/posts\/29849","targetHints":{"allow":["GET"]}}],"collection":[{"href":"https:\/\/apuntesdesanluis.com\/index.php\/wp-json\/wp\/v2\/posts"}],"about":[{"href":"https:\/\/apuntesdesanluis.com\/index.php\/wp-json\/wp\/v2\/types\/post"}],"author":[{"embeddable":true,"href":"https:\/\/apuntesdesanluis.com\/index.php\/wp-json\/wp\/v2\/users\/1"}],"replies":[{"embeddable":true,"href":"https:\/\/apuntesdesanluis.com\/index.php\/wp-json\/wp\/v2\/comments?post=29849"}],"version-history":[{"count":1,"href":"https:\/\/apuntesdesanluis.com\/index.php\/wp-json\/wp\/v2\/posts\/29849\/revisions"}],"predecessor-version":[{"id":29852,"href":"https:\/\/apuntesdesanluis.com\/index.php\/wp-json\/wp\/v2\/posts\/29849\/revisions\/29852"}],"wp:featuredmedia":[{"embeddable":true,"href":"https:\/\/apuntesdesanluis.com\/index.php\/wp-json\/wp\/v2\/media\/29851"}],"wp:attachment":[{"href":"https:\/\/apuntesdesanluis.com\/index.php\/wp-json\/wp\/v2\/media?parent=29849"}],"wp:term":[{"taxonomy":"category","embeddable":true,"href":"https:\/\/apuntesdesanluis.com\/index.php\/wp-json\/wp\/v2\/categories?post=29849"},{"taxonomy":"post_tag","embeddable":true,"href":"https:\/\/apuntesdesanluis.com\/index.php\/wp-json\/wp\/v2\/tags?post=29849"}],"curies":[{"name":"wp","href":"https:\/\/api.w.org\/{rel}","templated":true}]}}