{"id":29858,"date":"2025-02-26T21:34:31","date_gmt":"2025-02-27T00:34:31","guid":{"rendered":"https:\/\/apuntesdesanluis.com\/?p=29858"},"modified":"2025-02-26T21:39:08","modified_gmt":"2025-02-27T00:39:08","slug":"cordoba-un-colectivo-choco-contra-un-patrullero-y-casi-atropella-a-cuatro-policias","status":"publish","type":"post","link":"https:\/\/apuntesdesanluis.com\/index.php\/2025\/02\/26\/cordoba-un-colectivo-choco-contra-un-patrullero-y-casi-atropella-a-cuatro-policias\/","title":{"rendered":"C\u00d3RDOBA: UN COLECTIVERO DORMIDO CHOC\u00d3 CONTRA UN PATRULLERO Y CASI MATA A CUATRO POLIC\u00cdAS"},"content":{"rendered":"<h3>Un accidente que pudo haber terminado en tragedia ocurri\u00f3 en la madrugada de este mi\u00e9rcoles en la ciudad de <strong>C\u00f3rdoba<\/strong>, cuando un colectivo de pasajeros impact\u00f3 contra un patrullero de la Polic\u00eda Caminera.<\/h3>\n<h3>Seg\u00fan informaron las autoridades, el incidente tuvo lugar cerca de las 00:20, a la altura del kil\u00f3metro 3 de la Ruta Nacional A019 -popularmente conocida como la Avenida Circunvalaci\u00f3n-, en la zona del barrio Patricios Oeste.<\/h3>\n<h3>All\u00ed, cuatro efectivos policiales que se encontraban en un control preventivo lograron esquivar el veh\u00edculo de la l\u00ednea 53 por escasos cent\u00edmetros, salv\u00e1ndose de ser atropellados. Tanto los agentes como el conductor del colectivo resultaron ilesos.<\/h3>\n<h3>La secuencia qued\u00f3 registrada por una c\u00e1mara de seguridad en la zona. En las im\u00e1genes, se puede observar c\u00f3mo el colectivo se desv\u00eda hacia el control policial y pasa a escasos cent\u00edmetros de los agentes antes de impactar contra el patrullero.<\/h3>\n<p><iframe title=\"Un colectivo urbano de C\u00f3rdoba embisti\u00f3 un m\u00f3vil policial | Cadena 3 Argentina\" width=\"640\" height=\"360\" src=\"https:\/\/www.youtube.com\/embed\/723acl3XNT4?feature=oembed\" frameborder=\"0\" allow=\"accelerometer; autoplay; clipboard-write; encrypted-media; gyroscope; picture-in-picture; web-share\" referrerpolicy=\"strict-origin-when-cross-origin\" allowfullscreen><\/iframe><\/p>\n<h3>Afortunadamente, la unidad de la empresa TAMSE no llevaba pasajeros en ese momento, ya que hab\u00eda finalizado su recorrido. El impacto solo dej\u00f3 da\u00f1os materiales, mayormente en el m\u00f3vil policial, que termin\u00f3 con la parte delantera completamente destruida.<\/h3>\n<h3>Al ser interrogado por los agentes, el chofer del colectivo, de 27 a\u00f1os, explic\u00f3 que se hab\u00eda quedado dormido mientras conduc\u00eda. Tras el accidente, se le realiz\u00f3 un test de alcoholemia que arroj\u00f3 resultado negativo.<\/h3>\n<p>&nbsp;<\/p>\n<p>&nbsp;<\/p>\n<p>&nbsp;<\/p>\n<p>&nbsp;<\/p>\n<p>&nbsp;<\/p>\n<p>&nbsp;<\/p>\n<p>&nbsp;<\/p>\n<p>&nbsp;<\/p>\n<p>&nbsp;<\/p>\n<h3><\/h3>\n<h3><\/h3>\n","protected":false},"excerpt":{"rendered":"<p>Un accidente que pudo haber terminado en tragedia ocurri\u00f3 en la madrugada de este mi\u00e9rcoles&#8230;<\/p>\n","protected":false},"author":1,"featured_media":29859,"comment_status":"closed","ping_status":"closed","sticky":false,"template":"","format":"standard","meta":{"footnotes":""},"categories":[5],"tags":[],"class_list":["post-29858","post","type-post","status-publish","format-standard","has-post-thumbnail","hentry","category-nacionales-internacionales"],"yoast_head":"<!-- This site is optimized with the Yoast SEO plugin v26.1.1 - https:\/\/yoast.com\/wordpress\/plugins\/seo\/ -->\n<title>C\u00d3RDOBA: UN COLECTIVERO DORMIDO CHOC\u00d3 CONTRA UN PATRULLERO Y CASI MATA A CUATRO POLIC\u00cdAS - Apuntes de San Luis<\/title>\n<meta name=\"robots\" content=\"index, follow, max-snippet:-1, max-image-preview:large, max-video-preview:-1\" \/>\n<link rel=\"canonical\" href=\"https:\/\/apuntesdesanluis.com\/index.php\/2025\/02\/26\/cordoba-un-colectivo-choco-contra-un-patrullero-y-casi-atropella-a-cuatro-policias\/\" \/>\n<meta property=\"og:locale\" content=\"es_ES\" \/>\n<meta property=\"og:type\" content=\"article\" \/>\n<meta property=\"og:title\" content=\"C\u00d3RDOBA: UN COLECTIVERO DORMIDO CHOC\u00d3 CONTRA UN PATRULLERO Y CASI MATA A CUATRO POLIC\u00cdAS - Apuntes de San Luis\" \/>\n<meta property=\"og:description\" content=\"Un accidente que pudo haber terminado en tragedia ocurri\u00f3 en la madrugada de este mi\u00e9rcoles...\" \/>\n<meta property=\"og:url\" content=\"https:\/\/apuntesdesanluis.com\/index.php\/2025\/02\/26\/cordoba-un-colectivo-choco-contra-un-patrullero-y-casi-atropella-a-cuatro-policias\/\" \/>\n<meta property=\"og:site_name\" content=\"Apuntes de San Luis\" \/>\n<meta property=\"article:published_time\" content=\"2025-02-27T00:34:31+00:00\" \/>\n<meta property=\"article:modified_time\" content=\"2025-02-27T00:39:08+00:00\" \/>\n<meta property=\"og:image\" content=\"https:\/\/apuntesdesanluis.com\/wp-content\/uploads\/2025\/02\/Sin-titulo-1.png\" \/>\n\t<meta property=\"og:image:width\" content=\"743\" \/>\n\t<meta property=\"og:image:height\" content=\"426\" \/>\n\t<meta property=\"og:image:type\" content=\"image\/png\" \/>\n<meta name=\"author\" content=\"apuntesdesanluis.com\" \/>\n<meta name=\"twitter:card\" content=\"summary_large_image\" \/>\n<meta name=\"twitter:label1\" content=\"Escrito por\" \/>\n\t<meta name=\"twitter:data1\" content=\"apuntesdesanluis.com\" \/>\n\t<meta name=\"twitter:label2\" content=\"Tiempo de lectura\" \/>\n\t<meta name=\"twitter:data2\" content=\"2 minutos\" \/>\n<script type=\"application\/ld+json\" class=\"yoast-schema-graph\">{\"@context\":\"https:\/\/schema.org\",\"@graph\":[{\"@type\":\"Article\",\"@id\":\"https:\/\/apuntesdesanluis.com\/index.php\/2025\/02\/26\/cordoba-un-colectivo-choco-contra-un-patrullero-y-casi-atropella-a-cuatro-policias\/#article\",\"isPartOf\":{\"@id\":\"https:\/\/apuntesdesanluis.com\/index.php\/2025\/02\/26\/cordoba-un-colectivo-choco-contra-un-patrullero-y-casi-atropella-a-cuatro-policias\/\"},\"author\":{\"name\":\"apuntesdesanluis.com\",\"@id\":\"https:\/\/apuntesdesanluis.com\/#\/schema\/person\/b55151d52296fcce64d1a72538a70b90\"},\"headline\":\"C\u00d3RDOBA: UN COLECTIVERO DORMIDO CHOC\u00d3 CONTRA UN PATRULLERO Y CASI MATA A CUATRO POLIC\u00cdAS\",\"datePublished\":\"2025-02-27T00:34:31+00:00\",\"dateModified\":\"2025-02-27T00:39:08+00:00\",\"mainEntityOfPage\":{\"@id\":\"https:\/\/apuntesdesanluis.com\/index.php\/2025\/02\/26\/cordoba-un-colectivo-choco-contra-un-patrullero-y-casi-atropella-a-cuatro-policias\/\"},\"wordCount\":270,\"publisher\":{\"@id\":\"https:\/\/apuntesdesanluis.com\/#\/schema\/person\/b55151d52296fcce64d1a72538a70b90\"},\"image\":{\"@id\":\"https:\/\/apuntesdesanluis.com\/index.php\/2025\/02\/26\/cordoba-un-colectivo-choco-contra-un-patrullero-y-casi-atropella-a-cuatro-policias\/#primaryimage\"},\"thumbnailUrl\":\"https:\/\/apuntesdesanluis.com\/wp-content\/uploads\/2025\/02\/Sin-titulo-1.png\",\"articleSection\":[\"Nacionales\/Internacionales\"],\"inLanguage\":\"es-AR\"},{\"@type\":\"WebPage\",\"@id\":\"https:\/\/apuntesdesanluis.com\/index.php\/2025\/02\/26\/cordoba-un-colectivo-choco-contra-un-patrullero-y-casi-atropella-a-cuatro-policias\/\",\"url\":\"https:\/\/apuntesdesanluis.com\/index.php\/2025\/02\/26\/cordoba-un-colectivo-choco-contra-un-patrullero-y-casi-atropella-a-cuatro-policias\/\",\"name\":\"C\u00d3RDOBA: UN COLECTIVERO DORMIDO CHOC\u00d3 CONTRA UN PATRULLERO Y CASI MATA A CUATRO POLIC\u00cdAS - Apuntes de San Luis\",\"isPartOf\":{\"@id\":\"https:\/\/apuntesdesanluis.com\/#website\"},\"primaryImageOfPage\":{\"@id\":\"https:\/\/apuntesdesanluis.com\/index.php\/2025\/02\/26\/cordoba-un-colectivo-choco-contra-un-patrullero-y-casi-atropella-a-cuatro-policias\/#primaryimage\"},\"image\":{\"@id\":\"https:\/\/apuntesdesanluis.com\/index.php\/2025\/02\/26\/cordoba-un-colectivo-choco-contra-un-patrullero-y-casi-atropella-a-cuatro-policias\/#primaryimage\"},\"thumbnailUrl\":\"https:\/\/apuntesdesanluis.com\/wp-content\/uploads\/2025\/02\/Sin-titulo-1.png\",\"datePublished\":\"2025-02-27T00:34:31+00:00\",\"dateModified\":\"2025-02-27T00:39:08+00:00\",\"breadcrumb\":{\"@id\":\"https:\/\/apuntesdesanluis.com\/index.php\/2025\/02\/26\/cordoba-un-colectivo-choco-contra-un-patrullero-y-casi-atropella-a-cuatro-policias\/#breadcrumb\"},\"inLanguage\":\"es-AR\",\"potentialAction\":[{\"@type\":\"ReadAction\",\"target\":[\"https:\/\/apuntesdesanluis.com\/index.php\/2025\/02\/26\/cordoba-un-colectivo-choco-contra-un-patrullero-y-casi-atropella-a-cuatro-policias\/\"]}]},{\"@type\":\"ImageObject\",\"inLanguage\":\"es-AR\",\"@id\":\"https:\/\/apuntesdesanluis.com\/index.php\/2025\/02\/26\/cordoba-un-colectivo-choco-contra-un-patrullero-y-casi-atropella-a-cuatro-policias\/#primaryimage\",\"url\":\"https:\/\/apuntesdesanluis.com\/wp-content\/uploads\/2025\/02\/Sin-titulo-1.png\",\"contentUrl\":\"https:\/\/apuntesdesanluis.com\/wp-content\/uploads\/2025\/02\/Sin-titulo-1.png\",\"width\":743,\"height\":426},{\"@type\":\"BreadcrumbList\",\"@id\":\"https:\/\/apuntesdesanluis.com\/index.php\/2025\/02\/26\/cordoba-un-colectivo-choco-contra-un-patrullero-y-casi-atropella-a-cuatro-policias\/#breadcrumb\",\"itemListElement\":[{\"@type\":\"ListItem\",\"position\":1,\"name\":\"Inicio\",\"item\":\"https:\/\/apuntesdesanluis.com\/\"},{\"@type\":\"ListItem\",\"position\":2,\"name\":\"C\u00d3RDOBA: UN COLECTIVERO DORMIDO CHOC\u00d3 CONTRA UN PATRULLERO Y CASI MATA A CUATRO POLIC\u00cdAS\"}]},{\"@type\":\"WebSite\",\"@id\":\"https:\/\/apuntesdesanluis.com\/#website\",\"url\":\"https:\/\/apuntesdesanluis.com\/\",\"name\":\"Apuntes de San Luis\",\"description\":\"\",\"publisher\":{\"@id\":\"https:\/\/apuntesdesanluis.com\/#\/schema\/person\/b55151d52296fcce64d1a72538a70b90\"},\"potentialAction\":[{\"@type\":\"SearchAction\",\"target\":{\"@type\":\"EntryPoint\",\"urlTemplate\":\"https:\/\/apuntesdesanluis.com\/?s={search_term_string}\"},\"query-input\":{\"@type\":\"PropertyValueSpecification\",\"valueRequired\":true,\"valueName\":\"search_term_string\"}}],\"inLanguage\":\"es-AR\"},{\"@type\":[\"Person\",\"Organization\"],\"@id\":\"https:\/\/apuntesdesanluis.com\/#\/schema\/person\/b55151d52296fcce64d1a72538a70b90\",\"name\":\"apuntesdesanluis.com\",\"image\":{\"@type\":\"ImageObject\",\"inLanguage\":\"es-AR\",\"@id\":\"https:\/\/apuntesdesanluis.com\/#\/schema\/person\/image\/\",\"url\":\"https:\/\/apuntesdesanluis.com\/wp-content\/uploads\/2023\/07\/cropped-apuntesdesanluis.png\",\"contentUrl\":\"https:\/\/apuntesdesanluis.com\/wp-content\/uploads\/2023\/07\/cropped-apuntesdesanluis.png\",\"width\":450,\"height\":112,\"caption\":\"apuntesdesanluis.com\"},\"logo\":{\"@id\":\"https:\/\/apuntesdesanluis.com\/#\/schema\/person\/image\/\"},\"sameAs\":[\"https:\/\/apuntesdesanluis.com\"],\"url\":\"https:\/\/apuntesdesanluis.com\/index.php\/author\/apuntesdesanluis-com\/\"}]}<\/script>\n<!-- \/ Yoast SEO plugin. -->","yoast_head_json":{"title":"C\u00d3RDOBA: UN COLECTIVERO DORMIDO CHOC\u00d3 CONTRA UN PATRULLERO Y CASI MATA A CUATRO POLIC\u00cdAS - Apuntes de San Luis","robots":{"index":"index","follow":"follow","max-snippet":"max-snippet:-1","max-image-preview":"max-image-preview:large","max-video-preview":"max-video-preview:-1"},"canonical":"https:\/\/apuntesdesanluis.com\/index.php\/2025\/02\/26\/cordoba-un-colectivo-choco-contra-un-patrullero-y-casi-atropella-a-cuatro-policias\/","og_locale":"es_ES","og_type":"article","og_title":"C\u00d3RDOBA: UN COLECTIVERO DORMIDO CHOC\u00d3 CONTRA UN PATRULLERO Y CASI MATA A CUATRO POLIC\u00cdAS - Apuntes de San Luis","og_description":"Un accidente que pudo haber terminado en tragedia ocurri\u00f3 en la madrugada de este mi\u00e9rcoles...","og_url":"https:\/\/apuntesdesanluis.com\/index.php\/2025\/02\/26\/cordoba-un-colectivo-choco-contra-un-patrullero-y-casi-atropella-a-cuatro-policias\/","og_site_name":"Apuntes de San Luis","article_published_time":"2025-02-27T00:34:31+00:00","article_modified_time":"2025-02-27T00:39:08+00:00","og_image":[{"width":743,"height":426,"url":"https:\/\/apuntesdesanluis.com\/wp-content\/uploads\/2025\/02\/Sin-titulo-1.png","type":"image\/png"}],"author":"apuntesdesanluis.com","twitter_card":"summary_large_image","twitter_misc":{"Escrito por":"apuntesdesanluis.com","Tiempo de lectura":"2 minutos"},"schema":{"@context":"https:\/\/schema.org","@graph":[{"@type":"Article","@id":"https:\/\/apuntesdesanluis.com\/index.php\/2025\/02\/26\/cordoba-un-colectivo-choco-contra-un-patrullero-y-casi-atropella-a-cuatro-policias\/#article","isPartOf":{"@id":"https:\/\/apuntesdesanluis.com\/index.php\/2025\/02\/26\/cordoba-un-colectivo-choco-contra-un-patrullero-y-casi-atropella-a-cuatro-policias\/"},"author":{"name":"apuntesdesanluis.com","@id":"https:\/\/apuntesdesanluis.com\/#\/schema\/person\/b55151d52296fcce64d1a72538a70b90"},"headline":"C\u00d3RDOBA: UN COLECTIVERO DORMIDO CHOC\u00d3 CONTRA UN PATRULLERO Y CASI MATA A CUATRO POLIC\u00cdAS","datePublished":"2025-02-27T00:34:31+00:00","dateModified":"2025-02-27T00:39:08+00:00","mainEntityOfPage":{"@id":"https:\/\/apuntesdesanluis.com\/index.php\/2025\/02\/26\/cordoba-un-colectivo-choco-contra-un-patrullero-y-casi-atropella-a-cuatro-policias\/"},"wordCount":270,"publisher":{"@id":"https:\/\/apuntesdesanluis.com\/#\/schema\/person\/b55151d52296fcce64d1a72538a70b90"},"image":{"@id":"https:\/\/apuntesdesanluis.com\/index.php\/2025\/02\/26\/cordoba-un-colectivo-choco-contra-un-patrullero-y-casi-atropella-a-cuatro-policias\/#primaryimage"},"thumbnailUrl":"https:\/\/apuntesdesanluis.com\/wp-content\/uploads\/2025\/02\/Sin-titulo-1.png","articleSection":["Nacionales\/Internacionales"],"inLanguage":"es-AR"},{"@type":"WebPage","@id":"https:\/\/apuntesdesanluis.com\/index.php\/2025\/02\/26\/cordoba-un-colectivo-choco-contra-un-patrullero-y-casi-atropella-a-cuatro-policias\/","url":"https:\/\/apuntesdesanluis.com\/index.php\/2025\/02\/26\/cordoba-un-colectivo-choco-contra-un-patrullero-y-casi-atropella-a-cuatro-policias\/","name":"C\u00d3RDOBA: UN COLECTIVERO DORMIDO CHOC\u00d3 CONTRA UN PATRULLERO Y CASI MATA A CUATRO POLIC\u00cdAS - Apuntes de San Luis","isPartOf":{"@id":"https:\/\/apuntesdesanluis.com\/#website"},"primaryImageOfPage":{"@id":"https:\/\/apuntesdesanluis.com\/index.php\/2025\/02\/26\/cordoba-un-colectivo-choco-contra-un-patrullero-y-casi-atropella-a-cuatro-policias\/#primaryimage"},"image":{"@id":"https:\/\/apuntesdesanluis.com\/index.php\/2025\/02\/26\/cordoba-un-colectivo-choco-contra-un-patrullero-y-casi-atropella-a-cuatro-policias\/#primaryimage"},"thumbnailUrl":"https:\/\/apuntesdesanluis.com\/wp-content\/uploads\/2025\/02\/Sin-titulo-1.png","datePublished":"2025-02-27T00:34:31+00:00","dateModified":"2025-02-27T00:39:08+00:00","breadcrumb":{"@id":"https:\/\/apuntesdesanluis.com\/index.php\/2025\/02\/26\/cordoba-un-colectivo-choco-contra-un-patrullero-y-casi-atropella-a-cuatro-policias\/#breadcrumb"},"inLanguage":"es-AR","potentialAction":[{"@type":"ReadAction","target":["https:\/\/apuntesdesanluis.com\/index.php\/2025\/02\/26\/cordoba-un-colectivo-choco-contra-un-patrullero-y-casi-atropella-a-cuatro-policias\/"]}]},{"@type":"ImageObject","inLanguage":"es-AR","@id":"https:\/\/apuntesdesanluis.com\/index.php\/2025\/02\/26\/cordoba-un-colectivo-choco-contra-un-patrullero-y-casi-atropella-a-cuatro-policias\/#primaryimage","url":"https:\/\/apuntesdesanluis.com\/wp-content\/uploads\/2025\/02\/Sin-titulo-1.png","contentUrl":"https:\/\/apuntesdesanluis.com\/wp-content\/uploads\/2025\/02\/Sin-titulo-1.png","width":743,"height":426},{"@type":"BreadcrumbList","@id":"https:\/\/apuntesdesanluis.com\/index.php\/2025\/02\/26\/cordoba-un-colectivo-choco-contra-un-patrullero-y-casi-atropella-a-cuatro-policias\/#breadcrumb","itemListElement":[{"@type":"ListItem","position":1,"name":"Inicio","item":"https:\/\/apuntesdesanluis.com\/"},{"@type":"ListItem","position":2,"name":"C\u00d3RDOBA: UN COLECTIVERO DORMIDO CHOC\u00d3 CONTRA UN PATRULLERO Y CASI MATA A CUATRO POLIC\u00cdAS"}]},{"@type":"WebSite","@id":"https:\/\/apuntesdesanluis.com\/#website","url":"https:\/\/apuntesdesanluis.com\/","name":"Apuntes de San Luis","description":"","publisher":{"@id":"https:\/\/apuntesdesanluis.com\/#\/schema\/person\/b55151d52296fcce64d1a72538a70b90"},"potentialAction":[{"@type":"SearchAction","target":{"@type":"EntryPoint","urlTemplate":"https:\/\/apuntesdesanluis.com\/?s={search_term_string}"},"query-input":{"@type":"PropertyValueSpecification","valueRequired":true,"valueName":"search_term_string"}}],"inLanguage":"es-AR"},{"@type":["Person","Organization"],"@id":"https:\/\/apuntesdesanluis.com\/#\/schema\/person\/b55151d52296fcce64d1a72538a70b90","name":"apuntesdesanluis.com","image":{"@type":"ImageObject","inLanguage":"es-AR","@id":"https:\/\/apuntesdesanluis.com\/#\/schema\/person\/image\/","url":"https:\/\/apuntesdesanluis.com\/wp-content\/uploads\/2023\/07\/cropped-apuntesdesanluis.png","contentUrl":"https:\/\/apuntesdesanluis.com\/wp-content\/uploads\/2023\/07\/cropped-apuntesdesanluis.png","width":450,"height":112,"caption":"apuntesdesanluis.com"},"logo":{"@id":"https:\/\/apuntesdesanluis.com\/#\/schema\/person\/image\/"},"sameAs":["https:\/\/apuntesdesanluis.com"],"url":"https:\/\/apuntesdesanluis.com\/index.php\/author\/apuntesdesanluis-com\/"}]}},"featured_image_urls":{"full":["https:\/\/apuntesdesanluis.com\/wp-content\/uploads\/2025\/02\/Sin-titulo-1.png",743,426,false],"thumbnail":["https:\/\/apuntesdesanluis.com\/wp-content\/uploads\/2025\/02\/Sin-titulo-1-150x150.png",150,150,true],"medium":["https:\/\/apuntesdesanluis.com\/wp-content\/uploads\/2025\/02\/Sin-titulo-1-300x172.png",300,172,true],"medium_large":["https:\/\/apuntesdesanluis.com\/wp-content\/uploads\/2025\/02\/Sin-titulo-1.png",640,367,false],"large":["https:\/\/apuntesdesanluis.com\/wp-content\/uploads\/2025\/02\/Sin-titulo-1.png",640,367,false],"1536x1536":["https:\/\/apuntesdesanluis.com\/wp-content\/uploads\/2025\/02\/Sin-titulo-1.png",743,426,false],"2048x2048":["https:\/\/apuntesdesanluis.com\/wp-content\/uploads\/2025\/02\/Sin-titulo-1.png",743,426,false],"newsever-slider-full":["https:\/\/apuntesdesanluis.com\/wp-content\/uploads\/2025\/02\/Sin-titulo-1.png",743,426,false],"newsever-featured":["https:\/\/apuntesdesanluis.com\/wp-content\/uploads\/2025\/02\/Sin-titulo-1.png",743,426,false],"newsever-medium":["https:\/\/apuntesdesanluis.com\/wp-content\/uploads\/2025\/02\/Sin-titulo-1-720x426.png",720,426,true]},"author_info":{"display_name":"apuntesdesanluis.com","author_link":"https:\/\/apuntesdesanluis.com\/index.php\/author\/apuntesdesanluis-com\/"},"category_info":"<a href=\"https:\/\/apuntesdesanluis.com\/index.php\/category\/nacionales-internacionales\/\" rel=\"category tag\">Nacionales\/Internacionales<\/a>","tag_info":"Nacionales\/Internacionales","comment_count":"0","_links":{"self":[{"href":"https:\/\/apuntesdesanluis.com\/index.php\/wp-json\/wp\/v2\/posts\/29858","targetHints":{"allow":["GET"]}}],"collection":[{"href":"https:\/\/apuntesdesanluis.com\/index.php\/wp-json\/wp\/v2\/posts"}],"about":[{"href":"https:\/\/apuntesdesanluis.com\/index.php\/wp-json\/wp\/v2\/types\/post"}],"author":[{"embeddable":true,"href":"https:\/\/apuntesdesanluis.com\/index.php\/wp-json\/wp\/v2\/users\/1"}],"replies":[{"embeddable":true,"href":"https:\/\/apuntesdesanluis.com\/index.php\/wp-json\/wp\/v2\/comments?post=29858"}],"version-history":[{"count":2,"href":"https:\/\/apuntesdesanluis.com\/index.php\/wp-json\/wp\/v2\/posts\/29858\/revisions"}],"predecessor-version":[{"id":29861,"href":"https:\/\/apuntesdesanluis.com\/index.php\/wp-json\/wp\/v2\/posts\/29858\/revisions\/29861"}],"wp:featuredmedia":[{"embeddable":true,"href":"https:\/\/apuntesdesanluis.com\/index.php\/wp-json\/wp\/v2\/media\/29859"}],"wp:attachment":[{"href":"https:\/\/apuntesdesanluis.com\/index.php\/wp-json\/wp\/v2\/media?parent=29858"}],"wp:term":[{"taxonomy":"category","embeddable":true,"href":"https:\/\/apuntesdesanluis.com\/index.php\/wp-json\/wp\/v2\/categories?post=29858"},{"taxonomy":"post_tag","embeddable":true,"href":"https:\/\/apuntesdesanluis.com\/index.php\/wp-json\/wp\/v2\/tags?post=29858"}],"curies":[{"name":"wp","href":"https:\/\/api.w.org\/{rel}","templated":true}]}}