{"id":29887,"date":"2025-02-27T10:24:14","date_gmt":"2025-02-27T13:24:14","guid":{"rendered":"https:\/\/apuntesdesanluis.com\/?p=29887"},"modified":"2025-02-27T21:39:19","modified_gmt":"2025-02-28T00:39:19","slug":"cultura-universitaria-inclusiva-accesibilidad-y-derechos-en-villa-mercedes","status":"publish","type":"post","link":"https:\/\/apuntesdesanluis.com\/index.php\/2025\/02\/27\/cultura-universitaria-inclusiva-accesibilidad-y-derechos-en-villa-mercedes\/","title":{"rendered":"CULTURA UNIVERSITARIA INCLUSIVA, ACCESIBILIDAD Y DERECHOS EN VILLA MERCEDES"},"content":{"rendered":"<h3>Con la finalidad de fortalecer el trabajo colaborativo en la inclusi\u00f3n y accesibilidad dentro del \u00e1mbito universitario, en la jornada del martes 25 en el Campus Villa Mercedes de la <strong>Universidad Nacional de San Luis<\/strong> (UNSL), se llev\u00f3 a cabo la primera reuni\u00f3n de trabajo de las subcomisiones del <strong>Programa Universidad y Discapacidad<\/strong>.<\/h3>\n<h3>La realizaci\u00f3n de este primer encuentro resalta la voluntad de descentralizar las actividades y fortalecer la presencia de este programa en todas las sedes de la universidad. En este sentido, se planifica una jornada de trabajo en la sede Villa de Merlo para continuar con este enfoque inclusivo y territorial.<\/h3>\n<h3><img fetchpriority=\"high\" decoding=\"async\" class=\"wp-image-29889 aligncenter\" src=\"https:\/\/apuntesdesanluis.com\/wp-content\/uploads\/2025\/02\/encuentro-3-300x194.png\" alt=\"\" width=\"711\" height=\"460\" srcset=\"https:\/\/apuntesdesanluis.com\/wp-content\/uploads\/2025\/02\/encuentro-3-300x194.png 300w, https:\/\/apuntesdesanluis.com\/wp-content\/uploads\/2025\/02\/encuentro-3.png 700w\" sizes=\"(max-width: 711px) 100vw, 711px\" \/><\/h3>\n<h3>La apertura del evento estuvo a cargo del Vicerrector de la UNSL, <strong>Mgtr. H\u00e9ctor Flores<\/strong>, quien destac\u00f3 la importancia de generar espacios de participaci\u00f3n activa para garantizar una educaci\u00f3n inclusiva y equitativa. Flores subray\u00f3 que la universidad debe ser un espacio donde todas las personas puedan desarrollarse acad\u00e9micamente sin barreras, fortaleciendo pol\u00edticas institucionales para la igualdad de oportunidades. Adem\u00e1s, resalt\u00f3 el rol de cada unidad acad\u00e9mica en la implementaci\u00f3n de estrategias que favorezcan la accesibilidad y el compromiso de la UNSL en continuar fortaleciendo estos procesos.<\/h3>\n<h3>Tambi\u00e9n tomaron la palabra la Decana de la Facultad de Ciencias Econ\u00f3micas, Jur\u00eddicas y Sociales (FCEJS), <strong>Mgtr. Roxanna Camiletti<\/strong>; el decano de la Facultad de Ingenier\u00eda y Ciencias Agropecuarias (FICA), <strong>Mgtr. Sergio Ribotta<\/strong>; y la <strong>Esp. Mariela Z\u00fa\u00f1iga<\/strong>, responsable del Programa Universidad y Discapacidad, quienes reafirmaron el compromiso de la universidad con la accesibilidad y la equidad en la educaci\u00f3n superior.<\/h3>\n<h3><img decoding=\"async\" class=\"wp-image-29890 aligncenter\" src=\"https:\/\/apuntesdesanluis.com\/wp-content\/uploads\/2025\/02\/encuentro-2-300x189.png\" alt=\"\" width=\"711\" height=\"448\" srcset=\"https:\/\/apuntesdesanluis.com\/wp-content\/uploads\/2025\/02\/encuentro-2-300x189.png 300w, https:\/\/apuntesdesanluis.com\/wp-content\/uploads\/2025\/02\/encuentro-2.png 759w\" sizes=\"(max-width: 711px) 100vw, 711px\" \/><\/h3>\n<h3>Acompa\u00f1aron esta apertura la <strong>Esp. Patricia Mor\u00e1n<\/strong>, Secretaria Acad\u00e9mica de la FCEJS; la <strong>Lic. Pamela Bianco<\/strong>, Secretaria de Extensi\u00f3n de la FCEJS; la <strong>Abg. Ailin Umpierrez<\/strong>, Subsecretaria de Comunicaci\u00f3n, Ceremonial y Protocolo de FCEJS \u2013 FICA, y el <strong>Ing. Guillermo Mart\u00ednez<\/strong>, Secretario de Infraestructura de FCEJS \u2013 FICA.<\/h3>\n<h3>El encuentro fue coordinado por la responsable del Programa Universidad y Discapacidad, Esp. Mariela Z\u00fa\u00f1iga, quien adem\u00e1s representa a la UNSL en la Red Interuniversitaria de Discapacidad. En su intervenci\u00f3n, Z\u00fa\u00f1iga destac\u00f3 la importancia del trabajo articulado entre las diferentes unidades acad\u00e9micas y la necesidad de seguir generando espacios de debate y acci\u00f3n que contribuyan a una universidad m\u00e1s accesible e inclusiva.<\/h3>\n<h3>El evento cont\u00f3 con la presencia de referentes de las ocho unidades acad\u00e9micas, de los claustros Nodocente, estudiantes, y egresados, de la Secretar\u00eda de Extensi\u00f3n Universitaria (SEU) y de la Secretar\u00eda de Asuntos Estudiantiles y Bienestar Universitario (SAEBU), quienes participaron activamente en los debates y propuestas. Esta reuni\u00f3n fortalece el trabajo sostenido de la UNSL en la promoci\u00f3n de la accesibilidad y la equidad en la educaci\u00f3n superior, y el respeto a los derechos de las personas con discapacidad, reafirmando su rol como instituci\u00f3n p\u00fablica al servicio de toda la comunidad.<\/h3>\n<p><img decoding=\"async\" class=\"wp-image-29891 aligncenter\" src=\"https:\/\/apuntesdesanluis.com\/wp-content\/uploads\/2025\/02\/encuentro-4-300x152.png\" alt=\"\" width=\"681\" height=\"345\" srcset=\"https:\/\/apuntesdesanluis.com\/wp-content\/uploads\/2025\/02\/encuentro-4-300x152.png 300w, https:\/\/apuntesdesanluis.com\/wp-content\/uploads\/2025\/02\/encuentro-4.png 700w\" sizes=\"(max-width: 681px) 100vw, 681px\" \/><\/p>\n<h3>La reuni\u00f3n tuvo como objetivos establecer criterios para fortalecer la vinculaci\u00f3n entre el ETAA y los referentes de las Unidades Acad\u00e9micas, adem\u00e1s de explicar la din\u00e1mica y las expectativas para el trabajo en subcomisiones. Cada subcomisi\u00f3n analiz\u00f3 su rol dentro del Programa, identific\u00f3 los objetivos clave para el a\u00f1o, defini\u00f3 un cronograma de trabajo con tareas y plazos, y registr\u00f3 los acuerdos alcanzados. En esta instancia, trabajaron de manera presencial las subcomisiones de Formaci\u00f3n y Capacitaci\u00f3n, Pr\u00e1cticas Profesionales y Vida Universitaria.<\/h3>\n<h3>Durante la jornada, las subcomisiones de Formaci\u00f3n y Capacitaci\u00f3n, Pr\u00e1cticas Profesionales y Vida Universitaria avanzaron en la planificaci\u00f3n de estrategias y acciones concretas para fortalecer la formaci\u00f3n en accesibilidad, mejorar la inclusi\u00f3n en las pr\u00e1cticas preprofesionales y generar condiciones equitativas en la vida universitaria. Se trabaj\u00f3 en la identificaci\u00f3n de necesidades, el establecimiento de l\u00edneas de acci\u00f3n y la articulaci\u00f3n con las unidades acad\u00e9micas para promover entornos universitarios m\u00e1s accesibles e inclusivos.<\/h3>\n<p>&nbsp;<\/p>\n<p>&nbsp;<\/p>\n<p>&nbsp;<\/p>\n<h3><\/h3>\n<p>&nbsp;<\/p>\n<p>&nbsp;<\/p>\n","protected":false},"excerpt":{"rendered":"<p>Con la finalidad de fortalecer el trabajo colaborativo en la inclusi\u00f3n y accesibilidad dentro del&#8230;<\/p>\n","protected":false},"author":1,"featured_media":29888,"comment_status":"closed","ping_status":"closed","sticky":false,"template":"","format":"standard","meta":{"footnotes":""},"categories":[6],"tags":[],"class_list":["post-29887","post","type-post","status-publish","format-standard","has-post-thumbnail","hentry","category-ciudad-provincia"],"yoast_head":"<!-- This site is optimized with the Yoast SEO plugin v26.1.1 - https:\/\/yoast.com\/wordpress\/plugins\/seo\/ -->\n<title>CULTURA UNIVERSITARIA INCLUSIVA, ACCESIBILIDAD Y DERECHOS EN VILLA MERCEDES - Apuntes de San Luis<\/title>\n<meta name=\"robots\" content=\"index, follow, max-snippet:-1, max-image-preview:large, max-video-preview:-1\" \/>\n<link rel=\"canonical\" href=\"https:\/\/apuntesdesanluis.com\/index.php\/2025\/02\/27\/cultura-universitaria-inclusiva-accesibilidad-y-derechos-en-villa-mercedes\/\" \/>\n<meta property=\"og:locale\" content=\"es_ES\" \/>\n<meta property=\"og:type\" content=\"article\" \/>\n<meta property=\"og:title\" content=\"CULTURA UNIVERSITARIA INCLUSIVA, ACCESIBILIDAD Y DERECHOS EN VILLA MERCEDES - Apuntes de San Luis\" \/>\n<meta property=\"og:description\" content=\"Con la finalidad de fortalecer el trabajo colaborativo en la inclusi\u00f3n y accesibilidad dentro del...\" \/>\n<meta property=\"og:url\" content=\"https:\/\/apuntesdesanluis.com\/index.php\/2025\/02\/27\/cultura-universitaria-inclusiva-accesibilidad-y-derechos-en-villa-mercedes\/\" \/>\n<meta property=\"og:site_name\" content=\"Apuntes de San Luis\" \/>\n<meta property=\"article:published_time\" content=\"2025-02-27T13:24:14+00:00\" \/>\n<meta property=\"article:modified_time\" content=\"2025-02-28T00:39:19+00:00\" \/>\n<meta property=\"og:image\" content=\"https:\/\/apuntesdesanluis.com\/wp-content\/uploads\/2025\/02\/encuentro-1.png\" \/>\n\t<meta property=\"og:image:width\" content=\"800\" \/>\n\t<meta property=\"og:image:height\" content=\"496\" \/>\n\t<meta property=\"og:image:type\" content=\"image\/png\" \/>\n<meta name=\"author\" content=\"apuntesdesanluis.com\" \/>\n<meta name=\"twitter:card\" content=\"summary_large_image\" \/>\n<meta name=\"twitter:label1\" content=\"Escrito por\" \/>\n\t<meta name=\"twitter:data1\" content=\"apuntesdesanluis.com\" \/>\n\t<meta name=\"twitter:label2\" content=\"Tiempo de lectura\" \/>\n\t<meta name=\"twitter:data2\" content=\"4 minutos\" \/>\n<script type=\"application\/ld+json\" class=\"yoast-schema-graph\">{\"@context\":\"https:\/\/schema.org\",\"@graph\":[{\"@type\":\"Article\",\"@id\":\"https:\/\/apuntesdesanluis.com\/index.php\/2025\/02\/27\/cultura-universitaria-inclusiva-accesibilidad-y-derechos-en-villa-mercedes\/#article\",\"isPartOf\":{\"@id\":\"https:\/\/apuntesdesanluis.com\/index.php\/2025\/02\/27\/cultura-universitaria-inclusiva-accesibilidad-y-derechos-en-villa-mercedes\/\"},\"author\":{\"name\":\"apuntesdesanluis.com\",\"@id\":\"https:\/\/apuntesdesanluis.com\/#\/schema\/person\/b55151d52296fcce64d1a72538a70b90\"},\"headline\":\"CULTURA UNIVERSITARIA INCLUSIVA, ACCESIBILIDAD Y DERECHOS EN VILLA MERCEDES\",\"datePublished\":\"2025-02-27T13:24:14+00:00\",\"dateModified\":\"2025-02-28T00:39:19+00:00\",\"mainEntityOfPage\":{\"@id\":\"https:\/\/apuntesdesanluis.com\/index.php\/2025\/02\/27\/cultura-universitaria-inclusiva-accesibilidad-y-derechos-en-villa-mercedes\/\"},\"wordCount\":677,\"publisher\":{\"@id\":\"https:\/\/apuntesdesanluis.com\/#\/schema\/person\/b55151d52296fcce64d1a72538a70b90\"},\"image\":{\"@id\":\"https:\/\/apuntesdesanluis.com\/index.php\/2025\/02\/27\/cultura-universitaria-inclusiva-accesibilidad-y-derechos-en-villa-mercedes\/#primaryimage\"},\"thumbnailUrl\":\"https:\/\/apuntesdesanluis.com\/wp-content\/uploads\/2025\/02\/encuentro-1.png\",\"articleSection\":[\"Ciudad\/Provincia\"],\"inLanguage\":\"es-AR\"},{\"@type\":\"WebPage\",\"@id\":\"https:\/\/apuntesdesanluis.com\/index.php\/2025\/02\/27\/cultura-universitaria-inclusiva-accesibilidad-y-derechos-en-villa-mercedes\/\",\"url\":\"https:\/\/apuntesdesanluis.com\/index.php\/2025\/02\/27\/cultura-universitaria-inclusiva-accesibilidad-y-derechos-en-villa-mercedes\/\",\"name\":\"CULTURA UNIVERSITARIA INCLUSIVA, ACCESIBILIDAD Y DERECHOS EN VILLA MERCEDES - Apuntes de San Luis\",\"isPartOf\":{\"@id\":\"https:\/\/apuntesdesanluis.com\/#website\"},\"primaryImageOfPage\":{\"@id\":\"https:\/\/apuntesdesanluis.com\/index.php\/2025\/02\/27\/cultura-universitaria-inclusiva-accesibilidad-y-derechos-en-villa-mercedes\/#primaryimage\"},\"image\":{\"@id\":\"https:\/\/apuntesdesanluis.com\/index.php\/2025\/02\/27\/cultura-universitaria-inclusiva-accesibilidad-y-derechos-en-villa-mercedes\/#primaryimage\"},\"thumbnailUrl\":\"https:\/\/apuntesdesanluis.com\/wp-content\/uploads\/2025\/02\/encuentro-1.png\",\"datePublished\":\"2025-02-27T13:24:14+00:00\",\"dateModified\":\"2025-02-28T00:39:19+00:00\",\"breadcrumb\":{\"@id\":\"https:\/\/apuntesdesanluis.com\/index.php\/2025\/02\/27\/cultura-universitaria-inclusiva-accesibilidad-y-derechos-en-villa-mercedes\/#breadcrumb\"},\"inLanguage\":\"es-AR\",\"potentialAction\":[{\"@type\":\"ReadAction\",\"target\":[\"https:\/\/apuntesdesanluis.com\/index.php\/2025\/02\/27\/cultura-universitaria-inclusiva-accesibilidad-y-derechos-en-villa-mercedes\/\"]}]},{\"@type\":\"ImageObject\",\"inLanguage\":\"es-AR\",\"@id\":\"https:\/\/apuntesdesanluis.com\/index.php\/2025\/02\/27\/cultura-universitaria-inclusiva-accesibilidad-y-derechos-en-villa-mercedes\/#primaryimage\",\"url\":\"https:\/\/apuntesdesanluis.com\/wp-content\/uploads\/2025\/02\/encuentro-1.png\",\"contentUrl\":\"https:\/\/apuntesdesanluis.com\/wp-content\/uploads\/2025\/02\/encuentro-1.png\",\"width\":800,\"height\":496},{\"@type\":\"BreadcrumbList\",\"@id\":\"https:\/\/apuntesdesanluis.com\/index.php\/2025\/02\/27\/cultura-universitaria-inclusiva-accesibilidad-y-derechos-en-villa-mercedes\/#breadcrumb\",\"itemListElement\":[{\"@type\":\"ListItem\",\"position\":1,\"name\":\"Inicio\",\"item\":\"https:\/\/apuntesdesanluis.com\/\"},{\"@type\":\"ListItem\",\"position\":2,\"name\":\"CULTURA UNIVERSITARIA INCLUSIVA, ACCESIBILIDAD Y DERECHOS EN VILLA MERCEDES\"}]},{\"@type\":\"WebSite\",\"@id\":\"https:\/\/apuntesdesanluis.com\/#website\",\"url\":\"https:\/\/apuntesdesanluis.com\/\",\"name\":\"Apuntes de San Luis\",\"description\":\"\",\"publisher\":{\"@id\":\"https:\/\/apuntesdesanluis.com\/#\/schema\/person\/b55151d52296fcce64d1a72538a70b90\"},\"potentialAction\":[{\"@type\":\"SearchAction\",\"target\":{\"@type\":\"EntryPoint\",\"urlTemplate\":\"https:\/\/apuntesdesanluis.com\/?s={search_term_string}\"},\"query-input\":{\"@type\":\"PropertyValueSpecification\",\"valueRequired\":true,\"valueName\":\"search_term_string\"}}],\"inLanguage\":\"es-AR\"},{\"@type\":[\"Person\",\"Organization\"],\"@id\":\"https:\/\/apuntesdesanluis.com\/#\/schema\/person\/b55151d52296fcce64d1a72538a70b90\",\"name\":\"apuntesdesanluis.com\",\"image\":{\"@type\":\"ImageObject\",\"inLanguage\":\"es-AR\",\"@id\":\"https:\/\/apuntesdesanluis.com\/#\/schema\/person\/image\/\",\"url\":\"https:\/\/apuntesdesanluis.com\/wp-content\/uploads\/2023\/07\/cropped-apuntesdesanluis.png\",\"contentUrl\":\"https:\/\/apuntesdesanluis.com\/wp-content\/uploads\/2023\/07\/cropped-apuntesdesanluis.png\",\"width\":450,\"height\":112,\"caption\":\"apuntesdesanluis.com\"},\"logo\":{\"@id\":\"https:\/\/apuntesdesanluis.com\/#\/schema\/person\/image\/\"},\"sameAs\":[\"https:\/\/apuntesdesanluis.com\"],\"url\":\"https:\/\/apuntesdesanluis.com\/index.php\/author\/apuntesdesanluis-com\/\"}]}<\/script>\n<!-- \/ Yoast SEO plugin. -->","yoast_head_json":{"title":"CULTURA UNIVERSITARIA INCLUSIVA, ACCESIBILIDAD Y DERECHOS EN VILLA MERCEDES - Apuntes de San Luis","robots":{"index":"index","follow":"follow","max-snippet":"max-snippet:-1","max-image-preview":"max-image-preview:large","max-video-preview":"max-video-preview:-1"},"canonical":"https:\/\/apuntesdesanluis.com\/index.php\/2025\/02\/27\/cultura-universitaria-inclusiva-accesibilidad-y-derechos-en-villa-mercedes\/","og_locale":"es_ES","og_type":"article","og_title":"CULTURA UNIVERSITARIA INCLUSIVA, ACCESIBILIDAD Y DERECHOS EN VILLA MERCEDES - Apuntes de San Luis","og_description":"Con la finalidad de fortalecer el trabajo colaborativo en la inclusi\u00f3n y accesibilidad dentro del...","og_url":"https:\/\/apuntesdesanluis.com\/index.php\/2025\/02\/27\/cultura-universitaria-inclusiva-accesibilidad-y-derechos-en-villa-mercedes\/","og_site_name":"Apuntes de San Luis","article_published_time":"2025-02-27T13:24:14+00:00","article_modified_time":"2025-02-28T00:39:19+00:00","og_image":[{"width":800,"height":496,"url":"https:\/\/apuntesdesanluis.com\/wp-content\/uploads\/2025\/02\/encuentro-1.png","type":"image\/png"}],"author":"apuntesdesanluis.com","twitter_card":"summary_large_image","twitter_misc":{"Escrito por":"apuntesdesanluis.com","Tiempo de lectura":"4 minutos"},"schema":{"@context":"https:\/\/schema.org","@graph":[{"@type":"Article","@id":"https:\/\/apuntesdesanluis.com\/index.php\/2025\/02\/27\/cultura-universitaria-inclusiva-accesibilidad-y-derechos-en-villa-mercedes\/#article","isPartOf":{"@id":"https:\/\/apuntesdesanluis.com\/index.php\/2025\/02\/27\/cultura-universitaria-inclusiva-accesibilidad-y-derechos-en-villa-mercedes\/"},"author":{"name":"apuntesdesanluis.com","@id":"https:\/\/apuntesdesanluis.com\/#\/schema\/person\/b55151d52296fcce64d1a72538a70b90"},"headline":"CULTURA UNIVERSITARIA INCLUSIVA, ACCESIBILIDAD Y DERECHOS EN VILLA MERCEDES","datePublished":"2025-02-27T13:24:14+00:00","dateModified":"2025-02-28T00:39:19+00:00","mainEntityOfPage":{"@id":"https:\/\/apuntesdesanluis.com\/index.php\/2025\/02\/27\/cultura-universitaria-inclusiva-accesibilidad-y-derechos-en-villa-mercedes\/"},"wordCount":677,"publisher":{"@id":"https:\/\/apuntesdesanluis.com\/#\/schema\/person\/b55151d52296fcce64d1a72538a70b90"},"image":{"@id":"https:\/\/apuntesdesanluis.com\/index.php\/2025\/02\/27\/cultura-universitaria-inclusiva-accesibilidad-y-derechos-en-villa-mercedes\/#primaryimage"},"thumbnailUrl":"https:\/\/apuntesdesanluis.com\/wp-content\/uploads\/2025\/02\/encuentro-1.png","articleSection":["Ciudad\/Provincia"],"inLanguage":"es-AR"},{"@type":"WebPage","@id":"https:\/\/apuntesdesanluis.com\/index.php\/2025\/02\/27\/cultura-universitaria-inclusiva-accesibilidad-y-derechos-en-villa-mercedes\/","url":"https:\/\/apuntesdesanluis.com\/index.php\/2025\/02\/27\/cultura-universitaria-inclusiva-accesibilidad-y-derechos-en-villa-mercedes\/","name":"CULTURA UNIVERSITARIA INCLUSIVA, ACCESIBILIDAD Y DERECHOS EN VILLA MERCEDES - Apuntes de San Luis","isPartOf":{"@id":"https:\/\/apuntesdesanluis.com\/#website"},"primaryImageOfPage":{"@id":"https:\/\/apuntesdesanluis.com\/index.php\/2025\/02\/27\/cultura-universitaria-inclusiva-accesibilidad-y-derechos-en-villa-mercedes\/#primaryimage"},"image":{"@id":"https:\/\/apuntesdesanluis.com\/index.php\/2025\/02\/27\/cultura-universitaria-inclusiva-accesibilidad-y-derechos-en-villa-mercedes\/#primaryimage"},"thumbnailUrl":"https:\/\/apuntesdesanluis.com\/wp-content\/uploads\/2025\/02\/encuentro-1.png","datePublished":"2025-02-27T13:24:14+00:00","dateModified":"2025-02-28T00:39:19+00:00","breadcrumb":{"@id":"https:\/\/apuntesdesanluis.com\/index.php\/2025\/02\/27\/cultura-universitaria-inclusiva-accesibilidad-y-derechos-en-villa-mercedes\/#breadcrumb"},"inLanguage":"es-AR","potentialAction":[{"@type":"ReadAction","target":["https:\/\/apuntesdesanluis.com\/index.php\/2025\/02\/27\/cultura-universitaria-inclusiva-accesibilidad-y-derechos-en-villa-mercedes\/"]}]},{"@type":"ImageObject","inLanguage":"es-AR","@id":"https:\/\/apuntesdesanluis.com\/index.php\/2025\/02\/27\/cultura-universitaria-inclusiva-accesibilidad-y-derechos-en-villa-mercedes\/#primaryimage","url":"https:\/\/apuntesdesanluis.com\/wp-content\/uploads\/2025\/02\/encuentro-1.png","contentUrl":"https:\/\/apuntesdesanluis.com\/wp-content\/uploads\/2025\/02\/encuentro-1.png","width":800,"height":496},{"@type":"BreadcrumbList","@id":"https:\/\/apuntesdesanluis.com\/index.php\/2025\/02\/27\/cultura-universitaria-inclusiva-accesibilidad-y-derechos-en-villa-mercedes\/#breadcrumb","itemListElement":[{"@type":"ListItem","position":1,"name":"Inicio","item":"https:\/\/apuntesdesanluis.com\/"},{"@type":"ListItem","position":2,"name":"CULTURA UNIVERSITARIA INCLUSIVA, ACCESIBILIDAD Y DERECHOS EN VILLA MERCEDES"}]},{"@type":"WebSite","@id":"https:\/\/apuntesdesanluis.com\/#website","url":"https:\/\/apuntesdesanluis.com\/","name":"Apuntes de San Luis","description":"","publisher":{"@id":"https:\/\/apuntesdesanluis.com\/#\/schema\/person\/b55151d52296fcce64d1a72538a70b90"},"potentialAction":[{"@type":"SearchAction","target":{"@type":"EntryPoint","urlTemplate":"https:\/\/apuntesdesanluis.com\/?s={search_term_string}"},"query-input":{"@type":"PropertyValueSpecification","valueRequired":true,"valueName":"search_term_string"}}],"inLanguage":"es-AR"},{"@type":["Person","Organization"],"@id":"https:\/\/apuntesdesanluis.com\/#\/schema\/person\/b55151d52296fcce64d1a72538a70b90","name":"apuntesdesanluis.com","image":{"@type":"ImageObject","inLanguage":"es-AR","@id":"https:\/\/apuntesdesanluis.com\/#\/schema\/person\/image\/","url":"https:\/\/apuntesdesanluis.com\/wp-content\/uploads\/2023\/07\/cropped-apuntesdesanluis.png","contentUrl":"https:\/\/apuntesdesanluis.com\/wp-content\/uploads\/2023\/07\/cropped-apuntesdesanluis.png","width":450,"height":112,"caption":"apuntesdesanluis.com"},"logo":{"@id":"https:\/\/apuntesdesanluis.com\/#\/schema\/person\/image\/"},"sameAs":["https:\/\/apuntesdesanluis.com"],"url":"https:\/\/apuntesdesanluis.com\/index.php\/author\/apuntesdesanluis-com\/"}]}},"featured_image_urls":{"full":["https:\/\/apuntesdesanluis.com\/wp-content\/uploads\/2025\/02\/encuentro-1.png",800,496,false],"thumbnail":["https:\/\/apuntesdesanluis.com\/wp-content\/uploads\/2025\/02\/encuentro-1-150x150.png",150,150,true],"medium":["https:\/\/apuntesdesanluis.com\/wp-content\/uploads\/2025\/02\/encuentro-1-300x186.png",300,186,true],"medium_large":["https:\/\/apuntesdesanluis.com\/wp-content\/uploads\/2025\/02\/encuentro-1-768x476.png",640,397,true],"large":["https:\/\/apuntesdesanluis.com\/wp-content\/uploads\/2025\/02\/encuentro-1.png",640,397,false],"1536x1536":["https:\/\/apuntesdesanluis.com\/wp-content\/uploads\/2025\/02\/encuentro-1.png",800,496,false],"2048x2048":["https:\/\/apuntesdesanluis.com\/wp-content\/uploads\/2025\/02\/encuentro-1.png",800,496,false],"newsever-slider-full":["https:\/\/apuntesdesanluis.com\/wp-content\/uploads\/2025\/02\/encuentro-1.png",800,496,false],"newsever-featured":["https:\/\/apuntesdesanluis.com\/wp-content\/uploads\/2025\/02\/encuentro-1.png",800,496,false],"newsever-medium":["https:\/\/apuntesdesanluis.com\/wp-content\/uploads\/2025\/02\/encuentro-1-720x475.png",720,475,true]},"author_info":{"display_name":"apuntesdesanluis.com","author_link":"https:\/\/apuntesdesanluis.com\/index.php\/author\/apuntesdesanluis-com\/"},"category_info":"<a href=\"https:\/\/apuntesdesanluis.com\/index.php\/category\/ciudad-provincia\/\" rel=\"category tag\">Ciudad\/Provincia<\/a>","tag_info":"Ciudad\/Provincia","comment_count":"0","_links":{"self":[{"href":"https:\/\/apuntesdesanluis.com\/index.php\/wp-json\/wp\/v2\/posts\/29887","targetHints":{"allow":["GET"]}}],"collection":[{"href":"https:\/\/apuntesdesanluis.com\/index.php\/wp-json\/wp\/v2\/posts"}],"about":[{"href":"https:\/\/apuntesdesanluis.com\/index.php\/wp-json\/wp\/v2\/types\/post"}],"author":[{"embeddable":true,"href":"https:\/\/apuntesdesanluis.com\/index.php\/wp-json\/wp\/v2\/users\/1"}],"replies":[{"embeddable":true,"href":"https:\/\/apuntesdesanluis.com\/index.php\/wp-json\/wp\/v2\/comments?post=29887"}],"version-history":[{"count":1,"href":"https:\/\/apuntesdesanluis.com\/index.php\/wp-json\/wp\/v2\/posts\/29887\/revisions"}],"predecessor-version":[{"id":29892,"href":"https:\/\/apuntesdesanluis.com\/index.php\/wp-json\/wp\/v2\/posts\/29887\/revisions\/29892"}],"wp:featuredmedia":[{"embeddable":true,"href":"https:\/\/apuntesdesanluis.com\/index.php\/wp-json\/wp\/v2\/media\/29888"}],"wp:attachment":[{"href":"https:\/\/apuntesdesanluis.com\/index.php\/wp-json\/wp\/v2\/media?parent=29887"}],"wp:term":[{"taxonomy":"category","embeddable":true,"href":"https:\/\/apuntesdesanluis.com\/index.php\/wp-json\/wp\/v2\/categories?post=29887"},{"taxonomy":"post_tag","embeddable":true,"href":"https:\/\/apuntesdesanluis.com\/index.php\/wp-json\/wp\/v2\/tags?post=29887"}],"curies":[{"name":"wp","href":"https:\/\/api.w.org\/{rel}","templated":true}]}}