{"id":2990,"date":"2023-09-08T21:43:00","date_gmt":"2023-09-09T00:43:00","guid":{"rendered":"https:\/\/apuntesdesanluis.com\/?p=2990"},"modified":"2023-09-08T21:45:26","modified_gmt":"2023-09-09T00:45:26","slug":"nuevo-aumento-en-las-tarifas-del-transporte-interurbano-de-san-luis","status":"publish","type":"post","link":"https:\/\/apuntesdesanluis.com\/index.php\/2023\/09\/08\/nuevo-aumento-en-las-tarifas-del-transporte-interurbano-de-san-luis\/","title":{"rendered":"NUEVO AUMENTO EN LAS TARIFAS DEL TRANSPORTE INTERURBANO DE SAN LUIS"},"content":{"rendered":"<h3 class=\"yiv7409174924ydp6329976emsonormal\" style=\"text-align: justify; background: white;\"><span style=\"font-family: 'Arial','sans-serif'; color: #1d2228;\">La actualizaci\u00f3n tarifaria para el transporte interurbano de San Luis ser\u00e1 del 15% aproximado y entrar\u00e1 en vigencia el pr\u00f3ximo viernes 15 de septiembre en todos los corredores y empresas.<\/span><\/h3>\n<h3 class=\"yiv7409174924ydp6329976emsonormal\" style=\"text-align: justify; background: white;\"><span style=\"font-family: 'Arial','sans-serif'; color: #1d2228;\">Esta actualizaci\u00f3n, se basa en un proceso de evaluaci\u00f3n realizado por el Programa Transporte Automotor. Dicho proceso se sustenta en datos proporcionados por el INDEC, que reflejan la variaci\u00f3n de costos asociados al servicio, incluyendo factores como el combustible y los repuestos, entre otros.<\/span><\/h3>\n<h3 class=\"yiv7409174924ydp6329976emsonormal\" style=\"text-align: justify; background: white;\"><span style=\"font-family: 'Arial','sans-serif'; color: #1d2228;\">Esta nueva tarifa es resultado de conversaciones y acuerdos previamente alcanzados entre las diferentes empresas de l\u00edneas interurbanas y la Secretar\u00eda de Transporte con el objetivo de mantener la disponibilidad del transporte interurbano en la provincia con el menor incremento posible, bajo el contexto de \u00edndices inflacionarios vigentes en el pa\u00eds. <\/span><\/h3>\n<h3 class=\"yiv7409174924ydp6329976emsonormal\" style=\"text-align: justify; background: white;\"><span style=\"font-family: 'Arial','sans-serif'; color: #1d2228;\">Es fundamental resaltar este compromiso y esfuerzo realizado por el Gobierno provincial en la mitigaci\u00f3n de los costos, buscando garantizar que no impacte negativamente en la econom\u00eda de los ciudadanos de San Luis.<\/span><\/h3>\n<h3 class=\"yiv7409174924ydp6329976emsonormal\" style=\"text-align: justify; background: white;\"><span style=\"font-family: 'Arial','sans-serif'; color: #1d2228;\">Cabe mencionar, que los valores quedar\u00e1n actualizados a partir del 15 de septiembre y se podr\u00e1n observar en el siguiente link: <span style=\"color: #3366ff;\"><a style=\"color: #3366ff;\" href=\"http:\/\/transporte.sanluis.gov.ar\/corredores\/\">http:\/\/transporte.sanluis.gov.ar\/corredores\/<\/a>. <\/span><\/span><\/h3>\n","protected":false},"excerpt":{"rendered":"<p>La actualizaci\u00f3n tarifaria para el transporte interurbano de San Luis ser\u00e1 del 15% aproximado y&#8230;<\/p>\n","protected":false},"author":1,"featured_media":2991,"comment_status":"closed","ping_status":"closed","sticky":false,"template":"","format":"standard","meta":{"footnotes":""},"categories":[6],"tags":[],"class_list":["post-2990","post","type-post","status-publish","format-standard","has-post-thumbnail","hentry","category-ciudad-provincia"],"yoast_head":"<!-- This site is optimized with the Yoast SEO plugin v26.1.1 - https:\/\/yoast.com\/wordpress\/plugins\/seo\/ -->\n<title>NUEVO AUMENTO EN LAS TARIFAS DEL TRANSPORTE INTERURBANO DE SAN LUIS - Apuntes de San Luis<\/title>\n<meta name=\"robots\" content=\"index, follow, max-snippet:-1, max-image-preview:large, max-video-preview:-1\" \/>\n<link rel=\"canonical\" href=\"https:\/\/apuntesdesanluis.com\/index.php\/2023\/09\/08\/nuevo-aumento-en-las-tarifas-del-transporte-interurbano-de-san-luis\/\" \/>\n<meta property=\"og:locale\" content=\"es_ES\" \/>\n<meta property=\"og:type\" content=\"article\" \/>\n<meta property=\"og:title\" content=\"NUEVO AUMENTO EN LAS TARIFAS DEL TRANSPORTE INTERURBANO DE SAN LUIS - Apuntes de San Luis\" \/>\n<meta property=\"og:description\" content=\"La actualizaci\u00f3n tarifaria para el transporte interurbano de San Luis ser\u00e1 del 15% aproximado y...\" \/>\n<meta property=\"og:url\" content=\"https:\/\/apuntesdesanluis.com\/index.php\/2023\/09\/08\/nuevo-aumento-en-las-tarifas-del-transporte-interurbano-de-san-luis\/\" \/>\n<meta property=\"og:site_name\" content=\"Apuntes de San Luis\" \/>\n<meta property=\"article:published_time\" content=\"2023-09-09T00:43:00+00:00\" \/>\n<meta property=\"article:modified_time\" content=\"2023-09-09T00:45:26+00:00\" \/>\n<meta property=\"og:image\" content=\"https:\/\/apuntesdesanluis.com\/wp-content\/uploads\/2023\/09\/COLECTIVOS.png\" \/>\n\t<meta property=\"og:image:width\" content=\"940\" \/>\n\t<meta property=\"og:image:height\" content=\"594\" \/>\n\t<meta property=\"og:image:type\" content=\"image\/png\" \/>\n<meta name=\"author\" content=\"apuntesdesanluis.com\" \/>\n<meta name=\"twitter:card\" content=\"summary_large_image\" \/>\n<meta name=\"twitter:label1\" content=\"Escrito por\" \/>\n\t<meta name=\"twitter:data1\" content=\"apuntesdesanluis.com\" \/>\n\t<meta name=\"twitter:label2\" content=\"Tiempo de lectura\" \/>\n\t<meta name=\"twitter:data2\" content=\"1 minuto\" \/>\n<script type=\"application\/ld+json\" class=\"yoast-schema-graph\">{\"@context\":\"https:\/\/schema.org\",\"@graph\":[{\"@type\":\"Article\",\"@id\":\"https:\/\/apuntesdesanluis.com\/index.php\/2023\/09\/08\/nuevo-aumento-en-las-tarifas-del-transporte-interurbano-de-san-luis\/#article\",\"isPartOf\":{\"@id\":\"https:\/\/apuntesdesanluis.com\/index.php\/2023\/09\/08\/nuevo-aumento-en-las-tarifas-del-transporte-interurbano-de-san-luis\/\"},\"author\":{\"name\":\"apuntesdesanluis.com\",\"@id\":\"https:\/\/apuntesdesanluis.com\/#\/schema\/person\/b55151d52296fcce64d1a72538a70b90\"},\"headline\":\"NUEVO AUMENTO EN LAS TARIFAS DEL TRANSPORTE INTERURBANO DE SAN LUIS\",\"datePublished\":\"2023-09-09T00:43:00+00:00\",\"dateModified\":\"2023-09-09T00:45:26+00:00\",\"mainEntityOfPage\":{\"@id\":\"https:\/\/apuntesdesanluis.com\/index.php\/2023\/09\/08\/nuevo-aumento-en-las-tarifas-del-transporte-interurbano-de-san-luis\/\"},\"wordCount\":205,\"publisher\":{\"@id\":\"https:\/\/apuntesdesanluis.com\/#\/schema\/person\/b55151d52296fcce64d1a72538a70b90\"},\"image\":{\"@id\":\"https:\/\/apuntesdesanluis.com\/index.php\/2023\/09\/08\/nuevo-aumento-en-las-tarifas-del-transporte-interurbano-de-san-luis\/#primaryimage\"},\"thumbnailUrl\":\"https:\/\/apuntesdesanluis.com\/wp-content\/uploads\/2023\/09\/COLECTIVOS.png\",\"articleSection\":[\"Ciudad\/Provincia\"],\"inLanguage\":\"es-AR\"},{\"@type\":\"WebPage\",\"@id\":\"https:\/\/apuntesdesanluis.com\/index.php\/2023\/09\/08\/nuevo-aumento-en-las-tarifas-del-transporte-interurbano-de-san-luis\/\",\"url\":\"https:\/\/apuntesdesanluis.com\/index.php\/2023\/09\/08\/nuevo-aumento-en-las-tarifas-del-transporte-interurbano-de-san-luis\/\",\"name\":\"NUEVO AUMENTO EN LAS TARIFAS DEL TRANSPORTE INTERURBANO DE SAN LUIS - Apuntes de San Luis\",\"isPartOf\":{\"@id\":\"https:\/\/apuntesdesanluis.com\/#website\"},\"primaryImageOfPage\":{\"@id\":\"https:\/\/apuntesdesanluis.com\/index.php\/2023\/09\/08\/nuevo-aumento-en-las-tarifas-del-transporte-interurbano-de-san-luis\/#primaryimage\"},\"image\":{\"@id\":\"https:\/\/apuntesdesanluis.com\/index.php\/2023\/09\/08\/nuevo-aumento-en-las-tarifas-del-transporte-interurbano-de-san-luis\/#primaryimage\"},\"thumbnailUrl\":\"https:\/\/apuntesdesanluis.com\/wp-content\/uploads\/2023\/09\/COLECTIVOS.png\",\"datePublished\":\"2023-09-09T00:43:00+00:00\",\"dateModified\":\"2023-09-09T00:45:26+00:00\",\"breadcrumb\":{\"@id\":\"https:\/\/apuntesdesanluis.com\/index.php\/2023\/09\/08\/nuevo-aumento-en-las-tarifas-del-transporte-interurbano-de-san-luis\/#breadcrumb\"},\"inLanguage\":\"es-AR\",\"potentialAction\":[{\"@type\":\"ReadAction\",\"target\":[\"https:\/\/apuntesdesanluis.com\/index.php\/2023\/09\/08\/nuevo-aumento-en-las-tarifas-del-transporte-interurbano-de-san-luis\/\"]}]},{\"@type\":\"ImageObject\",\"inLanguage\":\"es-AR\",\"@id\":\"https:\/\/apuntesdesanluis.com\/index.php\/2023\/09\/08\/nuevo-aumento-en-las-tarifas-del-transporte-interurbano-de-san-luis\/#primaryimage\",\"url\":\"https:\/\/apuntesdesanluis.com\/wp-content\/uploads\/2023\/09\/COLECTIVOS.png\",\"contentUrl\":\"https:\/\/apuntesdesanluis.com\/wp-content\/uploads\/2023\/09\/COLECTIVOS.png\",\"width\":940,\"height\":594},{\"@type\":\"BreadcrumbList\",\"@id\":\"https:\/\/apuntesdesanluis.com\/index.php\/2023\/09\/08\/nuevo-aumento-en-las-tarifas-del-transporte-interurbano-de-san-luis\/#breadcrumb\",\"itemListElement\":[{\"@type\":\"ListItem\",\"position\":1,\"name\":\"Inicio\",\"item\":\"https:\/\/apuntesdesanluis.com\/\"},{\"@type\":\"ListItem\",\"position\":2,\"name\":\"NUEVO AUMENTO EN LAS TARIFAS DEL TRANSPORTE INTERURBANO DE SAN LUIS\"}]},{\"@type\":\"WebSite\",\"@id\":\"https:\/\/apuntesdesanluis.com\/#website\",\"url\":\"https:\/\/apuntesdesanluis.com\/\",\"name\":\"Apuntes de San Luis\",\"description\":\"\",\"publisher\":{\"@id\":\"https:\/\/apuntesdesanluis.com\/#\/schema\/person\/b55151d52296fcce64d1a72538a70b90\"},\"potentialAction\":[{\"@type\":\"SearchAction\",\"target\":{\"@type\":\"EntryPoint\",\"urlTemplate\":\"https:\/\/apuntesdesanluis.com\/?s={search_term_string}\"},\"query-input\":{\"@type\":\"PropertyValueSpecification\",\"valueRequired\":true,\"valueName\":\"search_term_string\"}}],\"inLanguage\":\"es-AR\"},{\"@type\":[\"Person\",\"Organization\"],\"@id\":\"https:\/\/apuntesdesanluis.com\/#\/schema\/person\/b55151d52296fcce64d1a72538a70b90\",\"name\":\"apuntesdesanluis.com\",\"image\":{\"@type\":\"ImageObject\",\"inLanguage\":\"es-AR\",\"@id\":\"https:\/\/apuntesdesanluis.com\/#\/schema\/person\/image\/\",\"url\":\"https:\/\/apuntesdesanluis.com\/wp-content\/uploads\/2023\/07\/cropped-apuntesdesanluis.png\",\"contentUrl\":\"https:\/\/apuntesdesanluis.com\/wp-content\/uploads\/2023\/07\/cropped-apuntesdesanluis.png\",\"width\":450,\"height\":112,\"caption\":\"apuntesdesanluis.com\"},\"logo\":{\"@id\":\"https:\/\/apuntesdesanluis.com\/#\/schema\/person\/image\/\"},\"sameAs\":[\"https:\/\/apuntesdesanluis.com\"],\"url\":\"https:\/\/apuntesdesanluis.com\/index.php\/author\/apuntesdesanluis-com\/\"}]}<\/script>\n<!-- \/ Yoast SEO plugin. -->","yoast_head_json":{"title":"NUEVO AUMENTO EN LAS TARIFAS DEL TRANSPORTE INTERURBANO DE SAN LUIS - Apuntes de San Luis","robots":{"index":"index","follow":"follow","max-snippet":"max-snippet:-1","max-image-preview":"max-image-preview:large","max-video-preview":"max-video-preview:-1"},"canonical":"https:\/\/apuntesdesanluis.com\/index.php\/2023\/09\/08\/nuevo-aumento-en-las-tarifas-del-transporte-interurbano-de-san-luis\/","og_locale":"es_ES","og_type":"article","og_title":"NUEVO AUMENTO EN LAS TARIFAS DEL TRANSPORTE INTERURBANO DE SAN LUIS - Apuntes de San Luis","og_description":"La actualizaci\u00f3n tarifaria para el transporte interurbano de San Luis ser\u00e1 del 15% aproximado y...","og_url":"https:\/\/apuntesdesanluis.com\/index.php\/2023\/09\/08\/nuevo-aumento-en-las-tarifas-del-transporte-interurbano-de-san-luis\/","og_site_name":"Apuntes de San Luis","article_published_time":"2023-09-09T00:43:00+00:00","article_modified_time":"2023-09-09T00:45:26+00:00","og_image":[{"width":940,"height":594,"url":"https:\/\/apuntesdesanluis.com\/wp-content\/uploads\/2023\/09\/COLECTIVOS.png","type":"image\/png"}],"author":"apuntesdesanluis.com","twitter_card":"summary_large_image","twitter_misc":{"Escrito por":"apuntesdesanluis.com","Tiempo de lectura":"1 minuto"},"schema":{"@context":"https:\/\/schema.org","@graph":[{"@type":"Article","@id":"https:\/\/apuntesdesanluis.com\/index.php\/2023\/09\/08\/nuevo-aumento-en-las-tarifas-del-transporte-interurbano-de-san-luis\/#article","isPartOf":{"@id":"https:\/\/apuntesdesanluis.com\/index.php\/2023\/09\/08\/nuevo-aumento-en-las-tarifas-del-transporte-interurbano-de-san-luis\/"},"author":{"name":"apuntesdesanluis.com","@id":"https:\/\/apuntesdesanluis.com\/#\/schema\/person\/b55151d52296fcce64d1a72538a70b90"},"headline":"NUEVO AUMENTO EN LAS TARIFAS DEL TRANSPORTE INTERURBANO DE SAN LUIS","datePublished":"2023-09-09T00:43:00+00:00","dateModified":"2023-09-09T00:45:26+00:00","mainEntityOfPage":{"@id":"https:\/\/apuntesdesanluis.com\/index.php\/2023\/09\/08\/nuevo-aumento-en-las-tarifas-del-transporte-interurbano-de-san-luis\/"},"wordCount":205,"publisher":{"@id":"https:\/\/apuntesdesanluis.com\/#\/schema\/person\/b55151d52296fcce64d1a72538a70b90"},"image":{"@id":"https:\/\/apuntesdesanluis.com\/index.php\/2023\/09\/08\/nuevo-aumento-en-las-tarifas-del-transporte-interurbano-de-san-luis\/#primaryimage"},"thumbnailUrl":"https:\/\/apuntesdesanluis.com\/wp-content\/uploads\/2023\/09\/COLECTIVOS.png","articleSection":["Ciudad\/Provincia"],"inLanguage":"es-AR"},{"@type":"WebPage","@id":"https:\/\/apuntesdesanluis.com\/index.php\/2023\/09\/08\/nuevo-aumento-en-las-tarifas-del-transporte-interurbano-de-san-luis\/","url":"https:\/\/apuntesdesanluis.com\/index.php\/2023\/09\/08\/nuevo-aumento-en-las-tarifas-del-transporte-interurbano-de-san-luis\/","name":"NUEVO AUMENTO EN LAS TARIFAS DEL TRANSPORTE INTERURBANO DE SAN LUIS - Apuntes de San Luis","isPartOf":{"@id":"https:\/\/apuntesdesanluis.com\/#website"},"primaryImageOfPage":{"@id":"https:\/\/apuntesdesanluis.com\/index.php\/2023\/09\/08\/nuevo-aumento-en-las-tarifas-del-transporte-interurbano-de-san-luis\/#primaryimage"},"image":{"@id":"https:\/\/apuntesdesanluis.com\/index.php\/2023\/09\/08\/nuevo-aumento-en-las-tarifas-del-transporte-interurbano-de-san-luis\/#primaryimage"},"thumbnailUrl":"https:\/\/apuntesdesanluis.com\/wp-content\/uploads\/2023\/09\/COLECTIVOS.png","datePublished":"2023-09-09T00:43:00+00:00","dateModified":"2023-09-09T00:45:26+00:00","breadcrumb":{"@id":"https:\/\/apuntesdesanluis.com\/index.php\/2023\/09\/08\/nuevo-aumento-en-las-tarifas-del-transporte-interurbano-de-san-luis\/#breadcrumb"},"inLanguage":"es-AR","potentialAction":[{"@type":"ReadAction","target":["https:\/\/apuntesdesanluis.com\/index.php\/2023\/09\/08\/nuevo-aumento-en-las-tarifas-del-transporte-interurbano-de-san-luis\/"]}]},{"@type":"ImageObject","inLanguage":"es-AR","@id":"https:\/\/apuntesdesanluis.com\/index.php\/2023\/09\/08\/nuevo-aumento-en-las-tarifas-del-transporte-interurbano-de-san-luis\/#primaryimage","url":"https:\/\/apuntesdesanluis.com\/wp-content\/uploads\/2023\/09\/COLECTIVOS.png","contentUrl":"https:\/\/apuntesdesanluis.com\/wp-content\/uploads\/2023\/09\/COLECTIVOS.png","width":940,"height":594},{"@type":"BreadcrumbList","@id":"https:\/\/apuntesdesanluis.com\/index.php\/2023\/09\/08\/nuevo-aumento-en-las-tarifas-del-transporte-interurbano-de-san-luis\/#breadcrumb","itemListElement":[{"@type":"ListItem","position":1,"name":"Inicio","item":"https:\/\/apuntesdesanluis.com\/"},{"@type":"ListItem","position":2,"name":"NUEVO AUMENTO EN LAS TARIFAS DEL TRANSPORTE INTERURBANO DE SAN LUIS"}]},{"@type":"WebSite","@id":"https:\/\/apuntesdesanluis.com\/#website","url":"https:\/\/apuntesdesanluis.com\/","name":"Apuntes de San Luis","description":"","publisher":{"@id":"https:\/\/apuntesdesanluis.com\/#\/schema\/person\/b55151d52296fcce64d1a72538a70b90"},"potentialAction":[{"@type":"SearchAction","target":{"@type":"EntryPoint","urlTemplate":"https:\/\/apuntesdesanluis.com\/?s={search_term_string}"},"query-input":{"@type":"PropertyValueSpecification","valueRequired":true,"valueName":"search_term_string"}}],"inLanguage":"es-AR"},{"@type":["Person","Organization"],"@id":"https:\/\/apuntesdesanluis.com\/#\/schema\/person\/b55151d52296fcce64d1a72538a70b90","name":"apuntesdesanluis.com","image":{"@type":"ImageObject","inLanguage":"es-AR","@id":"https:\/\/apuntesdesanluis.com\/#\/schema\/person\/image\/","url":"https:\/\/apuntesdesanluis.com\/wp-content\/uploads\/2023\/07\/cropped-apuntesdesanluis.png","contentUrl":"https:\/\/apuntesdesanluis.com\/wp-content\/uploads\/2023\/07\/cropped-apuntesdesanluis.png","width":450,"height":112,"caption":"apuntesdesanluis.com"},"logo":{"@id":"https:\/\/apuntesdesanluis.com\/#\/schema\/person\/image\/"},"sameAs":["https:\/\/apuntesdesanluis.com"],"url":"https:\/\/apuntesdesanluis.com\/index.php\/author\/apuntesdesanluis-com\/"}]}},"featured_image_urls":{"full":["https:\/\/apuntesdesanluis.com\/wp-content\/uploads\/2023\/09\/COLECTIVOS.png",940,594,false],"thumbnail":["https:\/\/apuntesdesanluis.com\/wp-content\/uploads\/2023\/09\/COLECTIVOS-150x150.png",150,150,true],"medium":["https:\/\/apuntesdesanluis.com\/wp-content\/uploads\/2023\/09\/COLECTIVOS-300x190.png",300,190,true],"medium_large":["https:\/\/apuntesdesanluis.com\/wp-content\/uploads\/2023\/09\/COLECTIVOS-768x485.png",640,404,true],"large":["https:\/\/apuntesdesanluis.com\/wp-content\/uploads\/2023\/09\/COLECTIVOS.png",640,404,false],"1536x1536":["https:\/\/apuntesdesanluis.com\/wp-content\/uploads\/2023\/09\/COLECTIVOS.png",940,594,false],"2048x2048":["https:\/\/apuntesdesanluis.com\/wp-content\/uploads\/2023\/09\/COLECTIVOS.png",940,594,false],"newsever-slider-full":["https:\/\/apuntesdesanluis.com\/wp-content\/uploads\/2023\/09\/COLECTIVOS.png",940,594,false],"newsever-featured":["https:\/\/apuntesdesanluis.com\/wp-content\/uploads\/2023\/09\/COLECTIVOS.png",940,594,false],"newsever-medium":["https:\/\/apuntesdesanluis.com\/wp-content\/uploads\/2023\/09\/COLECTIVOS-720x475.png",720,475,true]},"author_info":{"display_name":"apuntesdesanluis.com","author_link":"https:\/\/apuntesdesanluis.com\/index.php\/author\/apuntesdesanluis-com\/"},"category_info":"<a href=\"https:\/\/apuntesdesanluis.com\/index.php\/category\/ciudad-provincia\/\" rel=\"category tag\">Ciudad\/Provincia<\/a>","tag_info":"Ciudad\/Provincia","comment_count":"0","_links":{"self":[{"href":"https:\/\/apuntesdesanluis.com\/index.php\/wp-json\/wp\/v2\/posts\/2990","targetHints":{"allow":["GET"]}}],"collection":[{"href":"https:\/\/apuntesdesanluis.com\/index.php\/wp-json\/wp\/v2\/posts"}],"about":[{"href":"https:\/\/apuntesdesanluis.com\/index.php\/wp-json\/wp\/v2\/types\/post"}],"author":[{"embeddable":true,"href":"https:\/\/apuntesdesanluis.com\/index.php\/wp-json\/wp\/v2\/users\/1"}],"replies":[{"embeddable":true,"href":"https:\/\/apuntesdesanluis.com\/index.php\/wp-json\/wp\/v2\/comments?post=2990"}],"version-history":[{"count":2,"href":"https:\/\/apuntesdesanluis.com\/index.php\/wp-json\/wp\/v2\/posts\/2990\/revisions"}],"predecessor-version":[{"id":2993,"href":"https:\/\/apuntesdesanluis.com\/index.php\/wp-json\/wp\/v2\/posts\/2990\/revisions\/2993"}],"wp:featuredmedia":[{"embeddable":true,"href":"https:\/\/apuntesdesanluis.com\/index.php\/wp-json\/wp\/v2\/media\/2991"}],"wp:attachment":[{"href":"https:\/\/apuntesdesanluis.com\/index.php\/wp-json\/wp\/v2\/media?parent=2990"}],"wp:term":[{"taxonomy":"category","embeddable":true,"href":"https:\/\/apuntesdesanluis.com\/index.php\/wp-json\/wp\/v2\/categories?post=2990"},{"taxonomy":"post_tag","embeddable":true,"href":"https:\/\/apuntesdesanluis.com\/index.php\/wp-json\/wp\/v2\/tags?post=2990"}],"curies":[{"name":"wp","href":"https:\/\/api.w.org\/{rel}","templated":true}]}}