{"id":29929,"date":"2025-03-01T17:20:56","date_gmt":"2025-03-01T20:20:56","guid":{"rendered":"https:\/\/apuntesdesanluis.com\/?p=29929"},"modified":"2025-03-04T18:39:46","modified_gmt":"2025-03-04T21:39:46","slug":"estudiantes-de-fraga-fueron-los-primeros-en-recibir-sus-bicicletas","status":"publish","type":"post","link":"https:\/\/apuntesdesanluis.com\/index.php\/2025\/03\/01\/estudiantes-de-fraga-fueron-los-primeros-en-recibir-sus-bicicletas\/","title":{"rendered":"ESTUDIANTES DE FRAGA FUERON LOS PRIMEROS EN RECIBIR SUS BICICLETAS"},"content":{"rendered":"<h3>El gobernador <strong>Claudio Poggi<\/strong> hizo la primera entrega de bicicletas a 27 estudiantes de 5\u00b0 a\u00f1o del Secundario de la <strong>Escuela N\u00b022 \u2018Historiador Urbano Joaqu\u00edn N\u00fa\u00f1ez\u2019<\/strong>.<\/h3>\n<h3>\u201cLlenaremos de TuBi la provincia\u201d, dijo el Jefe de Estado, quien adem\u00e1s reconoci\u00f3 el esfuerzo acad\u00e9mico de Guadalupe Mariani, una egresada 2024 que continuar\u00e1 su formaci\u00f3n superior con la Beca al M\u00e9rito.<\/h3>\n<h3>\u201cEs un transporte econ\u00f3mico porque no necesita nafta, un transporte ecol\u00f3gico porque no contamina y un transporte que promueve la actividad f\u00edsica, la salud y a su vez genera todo un movimiento econ\u00f3mico y una industria de la bicicleta. Con esta propuesta tambi\u00e9n le estamos dando trabajo a muchos bicicleteros de la provincia\u201d, expres\u00f3 Poggi.<\/h3>\n<h3><img fetchpriority=\"high\" decoding=\"async\" class=\"wp-image-29930 aligncenter\" src=\"https:\/\/apuntesdesanluis.com\/wp-content\/uploads\/2025\/03\/fraga-tubi-300x215.png\" alt=\"\" width=\"673\" height=\"482\" srcset=\"https:\/\/apuntesdesanluis.com\/wp-content\/uploads\/2025\/03\/fraga-tubi-300x215.png 300w, https:\/\/apuntesdesanluis.com\/wp-content\/uploads\/2025\/03\/fraga-tubi.png 522w\" sizes=\"(max-width: 673px) 100vw, 673px\" \/><\/h3>\n<h3>Antes de que los alumnos recibieran sus bicicletas con sus respectivos elementos de seguridad, el Gobernador, acompa\u00f1ado del secretario de Transporte, V\u00edctor Cianchino, prometi\u00f3 que \u201cinundar\u00e1 la provincia de TuBi\u201d.<\/h3>\n<h3>En ese sentido, el Mandatario cuestion\u00f3 las cr\u00edticas sobre la vuelta del Plan y asegur\u00f3 que es una pol\u00edtica que implementar\u00e1 todos los a\u00f1os. \u201cVamos a llenar de bicicletas la provincia de San Luis. Este no es un hecho aislado sino que forma parte de un programa de h\u00e1bitos saludables de la vida. Nuestros chicos tienen que estar en la escuela, haciendo deporte o promoviendo cultura\u201d, se\u00f1al\u00f3.<\/h3>\n<h3>Al finalizar el emotivo acto, los chicos que recibieron sus bicicletas, esperaron al Gobernador afuera. Todos con el rodado y con cascos azules puestos para comenzar un recorrido que signific\u00f3 un gran paso para los estudiantes.<\/h3>\n<h3>En primera fila, Poggi se subi\u00f3 a una bicicleta junto a ministros y secretarios y detr\u00e1s lo siguieron los 27 estudiantes, quienes entre el ruido de los timbres y al grito de \u2018Vamos Poggi\u2019, armaron una caravana y probaron las bicicletas que desde hoy recorrer\u00e1n cada una de las calles de Fraga.<\/h3>\n<p>&nbsp;<\/p>\n<p>&nbsp;<\/p>\n<p>&nbsp;<\/p>\n","protected":false},"excerpt":{"rendered":"<p>El gobernador Claudio Poggi hizo la primera entrega de bicicletas a 27 estudiantes de 5\u00b0&#8230;<\/p>\n","protected":false},"author":1,"featured_media":29931,"comment_status":"closed","ping_status":"closed","sticky":false,"template":"","format":"standard","meta":{"footnotes":""},"categories":[6],"tags":[],"class_list":["post-29929","post","type-post","status-publish","format-standard","has-post-thumbnail","hentry","category-ciudad-provincia"],"yoast_head":"<!-- This site is optimized with the Yoast SEO plugin v26.1.1 - https:\/\/yoast.com\/wordpress\/plugins\/seo\/ -->\n<title>ESTUDIANTES DE FRAGA FUERON LOS PRIMEROS EN RECIBIR SUS BICICLETAS - Apuntes de San Luis<\/title>\n<meta name=\"robots\" content=\"index, follow, max-snippet:-1, max-image-preview:large, max-video-preview:-1\" \/>\n<link rel=\"canonical\" href=\"https:\/\/apuntesdesanluis.com\/index.php\/2025\/03\/01\/estudiantes-de-fraga-fueron-los-primeros-en-recibir-sus-bicicletas\/\" \/>\n<meta property=\"og:locale\" content=\"es_ES\" \/>\n<meta property=\"og:type\" content=\"article\" \/>\n<meta property=\"og:title\" content=\"ESTUDIANTES DE FRAGA FUERON LOS PRIMEROS EN RECIBIR SUS BICICLETAS - Apuntes de San Luis\" \/>\n<meta property=\"og:description\" content=\"El gobernador Claudio Poggi hizo la primera entrega de bicicletas a 27 estudiantes de 5\u00b0...\" \/>\n<meta property=\"og:url\" content=\"https:\/\/apuntesdesanluis.com\/index.php\/2025\/03\/01\/estudiantes-de-fraga-fueron-los-primeros-en-recibir-sus-bicicletas\/\" \/>\n<meta property=\"og:site_name\" content=\"Apuntes de San Luis\" \/>\n<meta property=\"article:published_time\" content=\"2025-03-01T20:20:56+00:00\" \/>\n<meta property=\"article:modified_time\" content=\"2025-03-04T21:39:46+00:00\" \/>\n<meta property=\"og:image\" content=\"https:\/\/apuntesdesanluis.com\/wp-content\/uploads\/2025\/03\/WhatsApp-Image-2025-02-28-at-18.10.44-3-500x412-1.jpg\" \/>\n\t<meta property=\"og:image:width\" content=\"500\" \/>\n\t<meta property=\"og:image:height\" content=\"412\" \/>\n\t<meta property=\"og:image:type\" content=\"image\/jpeg\" \/>\n<meta name=\"author\" content=\"apuntesdesanluis.com\" \/>\n<meta name=\"twitter:card\" content=\"summary_large_image\" \/>\n<meta name=\"twitter:label1\" content=\"Escrito por\" \/>\n\t<meta name=\"twitter:data1\" content=\"apuntesdesanluis.com\" \/>\n\t<meta name=\"twitter:label2\" content=\"Tiempo de lectura\" \/>\n\t<meta name=\"twitter:data2\" content=\"2 minutos\" \/>\n<script type=\"application\/ld+json\" class=\"yoast-schema-graph\">{\"@context\":\"https:\/\/schema.org\",\"@graph\":[{\"@type\":\"Article\",\"@id\":\"https:\/\/apuntesdesanluis.com\/index.php\/2025\/03\/01\/estudiantes-de-fraga-fueron-los-primeros-en-recibir-sus-bicicletas\/#article\",\"isPartOf\":{\"@id\":\"https:\/\/apuntesdesanluis.com\/index.php\/2025\/03\/01\/estudiantes-de-fraga-fueron-los-primeros-en-recibir-sus-bicicletas\/\"},\"author\":{\"name\":\"apuntesdesanluis.com\",\"@id\":\"https:\/\/apuntesdesanluis.com\/#\/schema\/person\/b55151d52296fcce64d1a72538a70b90\"},\"headline\":\"ESTUDIANTES DE FRAGA FUERON LOS PRIMEROS EN RECIBIR SUS BICICLETAS\",\"datePublished\":\"2025-03-01T20:20:56+00:00\",\"dateModified\":\"2025-03-04T21:39:46+00:00\",\"mainEntityOfPage\":{\"@id\":\"https:\/\/apuntesdesanluis.com\/index.php\/2025\/03\/01\/estudiantes-de-fraga-fueron-los-primeros-en-recibir-sus-bicicletas\/\"},\"wordCount\":328,\"publisher\":{\"@id\":\"https:\/\/apuntesdesanluis.com\/#\/schema\/person\/b55151d52296fcce64d1a72538a70b90\"},\"image\":{\"@id\":\"https:\/\/apuntesdesanluis.com\/index.php\/2025\/03\/01\/estudiantes-de-fraga-fueron-los-primeros-en-recibir-sus-bicicletas\/#primaryimage\"},\"thumbnailUrl\":\"https:\/\/apuntesdesanluis.com\/wp-content\/uploads\/2025\/03\/WhatsApp-Image-2025-02-28-at-18.10.44-3-500x412-1.jpg\",\"articleSection\":[\"Ciudad\/Provincia\"],\"inLanguage\":\"es-AR\"},{\"@type\":\"WebPage\",\"@id\":\"https:\/\/apuntesdesanluis.com\/index.php\/2025\/03\/01\/estudiantes-de-fraga-fueron-los-primeros-en-recibir-sus-bicicletas\/\",\"url\":\"https:\/\/apuntesdesanluis.com\/index.php\/2025\/03\/01\/estudiantes-de-fraga-fueron-los-primeros-en-recibir-sus-bicicletas\/\",\"name\":\"ESTUDIANTES DE FRAGA FUERON LOS PRIMEROS EN RECIBIR SUS BICICLETAS - Apuntes de San Luis\",\"isPartOf\":{\"@id\":\"https:\/\/apuntesdesanluis.com\/#website\"},\"primaryImageOfPage\":{\"@id\":\"https:\/\/apuntesdesanluis.com\/index.php\/2025\/03\/01\/estudiantes-de-fraga-fueron-los-primeros-en-recibir-sus-bicicletas\/#primaryimage\"},\"image\":{\"@id\":\"https:\/\/apuntesdesanluis.com\/index.php\/2025\/03\/01\/estudiantes-de-fraga-fueron-los-primeros-en-recibir-sus-bicicletas\/#primaryimage\"},\"thumbnailUrl\":\"https:\/\/apuntesdesanluis.com\/wp-content\/uploads\/2025\/03\/WhatsApp-Image-2025-02-28-at-18.10.44-3-500x412-1.jpg\",\"datePublished\":\"2025-03-01T20:20:56+00:00\",\"dateModified\":\"2025-03-04T21:39:46+00:00\",\"breadcrumb\":{\"@id\":\"https:\/\/apuntesdesanluis.com\/index.php\/2025\/03\/01\/estudiantes-de-fraga-fueron-los-primeros-en-recibir-sus-bicicletas\/#breadcrumb\"},\"inLanguage\":\"es-AR\",\"potentialAction\":[{\"@type\":\"ReadAction\",\"target\":[\"https:\/\/apuntesdesanluis.com\/index.php\/2025\/03\/01\/estudiantes-de-fraga-fueron-los-primeros-en-recibir-sus-bicicletas\/\"]}]},{\"@type\":\"ImageObject\",\"inLanguage\":\"es-AR\",\"@id\":\"https:\/\/apuntesdesanluis.com\/index.php\/2025\/03\/01\/estudiantes-de-fraga-fueron-los-primeros-en-recibir-sus-bicicletas\/#primaryimage\",\"url\":\"https:\/\/apuntesdesanluis.com\/wp-content\/uploads\/2025\/03\/WhatsApp-Image-2025-02-28-at-18.10.44-3-500x412-1.jpg\",\"contentUrl\":\"https:\/\/apuntesdesanluis.com\/wp-content\/uploads\/2025\/03\/WhatsApp-Image-2025-02-28-at-18.10.44-3-500x412-1.jpg\",\"width\":500,\"height\":412},{\"@type\":\"BreadcrumbList\",\"@id\":\"https:\/\/apuntesdesanluis.com\/index.php\/2025\/03\/01\/estudiantes-de-fraga-fueron-los-primeros-en-recibir-sus-bicicletas\/#breadcrumb\",\"itemListElement\":[{\"@type\":\"ListItem\",\"position\":1,\"name\":\"Inicio\",\"item\":\"https:\/\/apuntesdesanluis.com\/\"},{\"@type\":\"ListItem\",\"position\":2,\"name\":\"ESTUDIANTES DE FRAGA FUERON LOS PRIMEROS EN RECIBIR SUS BICICLETAS\"}]},{\"@type\":\"WebSite\",\"@id\":\"https:\/\/apuntesdesanluis.com\/#website\",\"url\":\"https:\/\/apuntesdesanluis.com\/\",\"name\":\"Apuntes de San Luis\",\"description\":\"\",\"publisher\":{\"@id\":\"https:\/\/apuntesdesanluis.com\/#\/schema\/person\/b55151d52296fcce64d1a72538a70b90\"},\"potentialAction\":[{\"@type\":\"SearchAction\",\"target\":{\"@type\":\"EntryPoint\",\"urlTemplate\":\"https:\/\/apuntesdesanluis.com\/?s={search_term_string}\"},\"query-input\":{\"@type\":\"PropertyValueSpecification\",\"valueRequired\":true,\"valueName\":\"search_term_string\"}}],\"inLanguage\":\"es-AR\"},{\"@type\":[\"Person\",\"Organization\"],\"@id\":\"https:\/\/apuntesdesanluis.com\/#\/schema\/person\/b55151d52296fcce64d1a72538a70b90\",\"name\":\"apuntesdesanluis.com\",\"image\":{\"@type\":\"ImageObject\",\"inLanguage\":\"es-AR\",\"@id\":\"https:\/\/apuntesdesanluis.com\/#\/schema\/person\/image\/\",\"url\":\"https:\/\/apuntesdesanluis.com\/wp-content\/uploads\/2023\/07\/cropped-apuntesdesanluis.png\",\"contentUrl\":\"https:\/\/apuntesdesanluis.com\/wp-content\/uploads\/2023\/07\/cropped-apuntesdesanluis.png\",\"width\":450,\"height\":112,\"caption\":\"apuntesdesanluis.com\"},\"logo\":{\"@id\":\"https:\/\/apuntesdesanluis.com\/#\/schema\/person\/image\/\"},\"sameAs\":[\"https:\/\/apuntesdesanluis.com\"],\"url\":\"https:\/\/apuntesdesanluis.com\/index.php\/author\/apuntesdesanluis-com\/\"}]}<\/script>\n<!-- \/ Yoast SEO plugin. -->","yoast_head_json":{"title":"ESTUDIANTES DE FRAGA FUERON LOS PRIMEROS EN RECIBIR SUS BICICLETAS - Apuntes de San Luis","robots":{"index":"index","follow":"follow","max-snippet":"max-snippet:-1","max-image-preview":"max-image-preview:large","max-video-preview":"max-video-preview:-1"},"canonical":"https:\/\/apuntesdesanluis.com\/index.php\/2025\/03\/01\/estudiantes-de-fraga-fueron-los-primeros-en-recibir-sus-bicicletas\/","og_locale":"es_ES","og_type":"article","og_title":"ESTUDIANTES DE FRAGA FUERON LOS PRIMEROS EN RECIBIR SUS BICICLETAS - Apuntes de San Luis","og_description":"El gobernador Claudio Poggi hizo la primera entrega de bicicletas a 27 estudiantes de 5\u00b0...","og_url":"https:\/\/apuntesdesanluis.com\/index.php\/2025\/03\/01\/estudiantes-de-fraga-fueron-los-primeros-en-recibir-sus-bicicletas\/","og_site_name":"Apuntes de San Luis","article_published_time":"2025-03-01T20:20:56+00:00","article_modified_time":"2025-03-04T21:39:46+00:00","og_image":[{"width":500,"height":412,"url":"https:\/\/apuntesdesanluis.com\/wp-content\/uploads\/2025\/03\/WhatsApp-Image-2025-02-28-at-18.10.44-3-500x412-1.jpg","type":"image\/jpeg"}],"author":"apuntesdesanluis.com","twitter_card":"summary_large_image","twitter_misc":{"Escrito por":"apuntesdesanluis.com","Tiempo de lectura":"2 minutos"},"schema":{"@context":"https:\/\/schema.org","@graph":[{"@type":"Article","@id":"https:\/\/apuntesdesanluis.com\/index.php\/2025\/03\/01\/estudiantes-de-fraga-fueron-los-primeros-en-recibir-sus-bicicletas\/#article","isPartOf":{"@id":"https:\/\/apuntesdesanluis.com\/index.php\/2025\/03\/01\/estudiantes-de-fraga-fueron-los-primeros-en-recibir-sus-bicicletas\/"},"author":{"name":"apuntesdesanluis.com","@id":"https:\/\/apuntesdesanluis.com\/#\/schema\/person\/b55151d52296fcce64d1a72538a70b90"},"headline":"ESTUDIANTES DE FRAGA FUERON LOS PRIMEROS EN RECIBIR SUS BICICLETAS","datePublished":"2025-03-01T20:20:56+00:00","dateModified":"2025-03-04T21:39:46+00:00","mainEntityOfPage":{"@id":"https:\/\/apuntesdesanluis.com\/index.php\/2025\/03\/01\/estudiantes-de-fraga-fueron-los-primeros-en-recibir-sus-bicicletas\/"},"wordCount":328,"publisher":{"@id":"https:\/\/apuntesdesanluis.com\/#\/schema\/person\/b55151d52296fcce64d1a72538a70b90"},"image":{"@id":"https:\/\/apuntesdesanluis.com\/index.php\/2025\/03\/01\/estudiantes-de-fraga-fueron-los-primeros-en-recibir-sus-bicicletas\/#primaryimage"},"thumbnailUrl":"https:\/\/apuntesdesanluis.com\/wp-content\/uploads\/2025\/03\/WhatsApp-Image-2025-02-28-at-18.10.44-3-500x412-1.jpg","articleSection":["Ciudad\/Provincia"],"inLanguage":"es-AR"},{"@type":"WebPage","@id":"https:\/\/apuntesdesanluis.com\/index.php\/2025\/03\/01\/estudiantes-de-fraga-fueron-los-primeros-en-recibir-sus-bicicletas\/","url":"https:\/\/apuntesdesanluis.com\/index.php\/2025\/03\/01\/estudiantes-de-fraga-fueron-los-primeros-en-recibir-sus-bicicletas\/","name":"ESTUDIANTES DE FRAGA FUERON LOS PRIMEROS EN RECIBIR SUS BICICLETAS - Apuntes de San Luis","isPartOf":{"@id":"https:\/\/apuntesdesanluis.com\/#website"},"primaryImageOfPage":{"@id":"https:\/\/apuntesdesanluis.com\/index.php\/2025\/03\/01\/estudiantes-de-fraga-fueron-los-primeros-en-recibir-sus-bicicletas\/#primaryimage"},"image":{"@id":"https:\/\/apuntesdesanluis.com\/index.php\/2025\/03\/01\/estudiantes-de-fraga-fueron-los-primeros-en-recibir-sus-bicicletas\/#primaryimage"},"thumbnailUrl":"https:\/\/apuntesdesanluis.com\/wp-content\/uploads\/2025\/03\/WhatsApp-Image-2025-02-28-at-18.10.44-3-500x412-1.jpg","datePublished":"2025-03-01T20:20:56+00:00","dateModified":"2025-03-04T21:39:46+00:00","breadcrumb":{"@id":"https:\/\/apuntesdesanluis.com\/index.php\/2025\/03\/01\/estudiantes-de-fraga-fueron-los-primeros-en-recibir-sus-bicicletas\/#breadcrumb"},"inLanguage":"es-AR","potentialAction":[{"@type":"ReadAction","target":["https:\/\/apuntesdesanluis.com\/index.php\/2025\/03\/01\/estudiantes-de-fraga-fueron-los-primeros-en-recibir-sus-bicicletas\/"]}]},{"@type":"ImageObject","inLanguage":"es-AR","@id":"https:\/\/apuntesdesanluis.com\/index.php\/2025\/03\/01\/estudiantes-de-fraga-fueron-los-primeros-en-recibir-sus-bicicletas\/#primaryimage","url":"https:\/\/apuntesdesanluis.com\/wp-content\/uploads\/2025\/03\/WhatsApp-Image-2025-02-28-at-18.10.44-3-500x412-1.jpg","contentUrl":"https:\/\/apuntesdesanluis.com\/wp-content\/uploads\/2025\/03\/WhatsApp-Image-2025-02-28-at-18.10.44-3-500x412-1.jpg","width":500,"height":412},{"@type":"BreadcrumbList","@id":"https:\/\/apuntesdesanluis.com\/index.php\/2025\/03\/01\/estudiantes-de-fraga-fueron-los-primeros-en-recibir-sus-bicicletas\/#breadcrumb","itemListElement":[{"@type":"ListItem","position":1,"name":"Inicio","item":"https:\/\/apuntesdesanluis.com\/"},{"@type":"ListItem","position":2,"name":"ESTUDIANTES DE FRAGA FUERON LOS PRIMEROS EN RECIBIR SUS BICICLETAS"}]},{"@type":"WebSite","@id":"https:\/\/apuntesdesanluis.com\/#website","url":"https:\/\/apuntesdesanluis.com\/","name":"Apuntes de San Luis","description":"","publisher":{"@id":"https:\/\/apuntesdesanluis.com\/#\/schema\/person\/b55151d52296fcce64d1a72538a70b90"},"potentialAction":[{"@type":"SearchAction","target":{"@type":"EntryPoint","urlTemplate":"https:\/\/apuntesdesanluis.com\/?s={search_term_string}"},"query-input":{"@type":"PropertyValueSpecification","valueRequired":true,"valueName":"search_term_string"}}],"inLanguage":"es-AR"},{"@type":["Person","Organization"],"@id":"https:\/\/apuntesdesanluis.com\/#\/schema\/person\/b55151d52296fcce64d1a72538a70b90","name":"apuntesdesanluis.com","image":{"@type":"ImageObject","inLanguage":"es-AR","@id":"https:\/\/apuntesdesanluis.com\/#\/schema\/person\/image\/","url":"https:\/\/apuntesdesanluis.com\/wp-content\/uploads\/2023\/07\/cropped-apuntesdesanluis.png","contentUrl":"https:\/\/apuntesdesanluis.com\/wp-content\/uploads\/2023\/07\/cropped-apuntesdesanluis.png","width":450,"height":112,"caption":"apuntesdesanluis.com"},"logo":{"@id":"https:\/\/apuntesdesanluis.com\/#\/schema\/person\/image\/"},"sameAs":["https:\/\/apuntesdesanluis.com"],"url":"https:\/\/apuntesdesanluis.com\/index.php\/author\/apuntesdesanluis-com\/"}]}},"featured_image_urls":{"full":["https:\/\/apuntesdesanluis.com\/wp-content\/uploads\/2025\/03\/WhatsApp-Image-2025-02-28-at-18.10.44-3-500x412-1.jpg",500,412,false],"thumbnail":["https:\/\/apuntesdesanluis.com\/wp-content\/uploads\/2025\/03\/WhatsApp-Image-2025-02-28-at-18.10.44-3-500x412-1-150x150.jpg",150,150,true],"medium":["https:\/\/apuntesdesanluis.com\/wp-content\/uploads\/2025\/03\/WhatsApp-Image-2025-02-28-at-18.10.44-3-500x412-1-300x247.jpg",300,247,true],"medium_large":["https:\/\/apuntesdesanluis.com\/wp-content\/uploads\/2025\/03\/WhatsApp-Image-2025-02-28-at-18.10.44-3-500x412-1.jpg",500,412,false],"large":["https:\/\/apuntesdesanluis.com\/wp-content\/uploads\/2025\/03\/WhatsApp-Image-2025-02-28-at-18.10.44-3-500x412-1.jpg",500,412,false],"1536x1536":["https:\/\/apuntesdesanluis.com\/wp-content\/uploads\/2025\/03\/WhatsApp-Image-2025-02-28-at-18.10.44-3-500x412-1.jpg",500,412,false],"2048x2048":["https:\/\/apuntesdesanluis.com\/wp-content\/uploads\/2025\/03\/WhatsApp-Image-2025-02-28-at-18.10.44-3-500x412-1.jpg",500,412,false],"newsever-slider-full":["https:\/\/apuntesdesanluis.com\/wp-content\/uploads\/2025\/03\/WhatsApp-Image-2025-02-28-at-18.10.44-3-500x412-1.jpg",500,412,false],"newsever-featured":["https:\/\/apuntesdesanluis.com\/wp-content\/uploads\/2025\/03\/WhatsApp-Image-2025-02-28-at-18.10.44-3-500x412-1.jpg",500,412,false],"newsever-medium":["https:\/\/apuntesdesanluis.com\/wp-content\/uploads\/2025\/03\/WhatsApp-Image-2025-02-28-at-18.10.44-3-500x412-1.jpg",500,412,false]},"author_info":{"display_name":"apuntesdesanluis.com","author_link":"https:\/\/apuntesdesanluis.com\/index.php\/author\/apuntesdesanluis-com\/"},"category_info":"<a href=\"https:\/\/apuntesdesanluis.com\/index.php\/category\/ciudad-provincia\/\" rel=\"category tag\">Ciudad\/Provincia<\/a>","tag_info":"Ciudad\/Provincia","comment_count":"0","_links":{"self":[{"href":"https:\/\/apuntesdesanluis.com\/index.php\/wp-json\/wp\/v2\/posts\/29929","targetHints":{"allow":["GET"]}}],"collection":[{"href":"https:\/\/apuntesdesanluis.com\/index.php\/wp-json\/wp\/v2\/posts"}],"about":[{"href":"https:\/\/apuntesdesanluis.com\/index.php\/wp-json\/wp\/v2\/types\/post"}],"author":[{"embeddable":true,"href":"https:\/\/apuntesdesanluis.com\/index.php\/wp-json\/wp\/v2\/users\/1"}],"replies":[{"embeddable":true,"href":"https:\/\/apuntesdesanluis.com\/index.php\/wp-json\/wp\/v2\/comments?post=29929"}],"version-history":[{"count":1,"href":"https:\/\/apuntesdesanluis.com\/index.php\/wp-json\/wp\/v2\/posts\/29929\/revisions"}],"predecessor-version":[{"id":29932,"href":"https:\/\/apuntesdesanluis.com\/index.php\/wp-json\/wp\/v2\/posts\/29929\/revisions\/29932"}],"wp:featuredmedia":[{"embeddable":true,"href":"https:\/\/apuntesdesanluis.com\/index.php\/wp-json\/wp\/v2\/media\/29931"}],"wp:attachment":[{"href":"https:\/\/apuntesdesanluis.com\/index.php\/wp-json\/wp\/v2\/media?parent=29929"}],"wp:term":[{"taxonomy":"category","embeddable":true,"href":"https:\/\/apuntesdesanluis.com\/index.php\/wp-json\/wp\/v2\/categories?post=29929"},{"taxonomy":"post_tag","embeddable":true,"href":"https:\/\/apuntesdesanluis.com\/index.php\/wp-json\/wp\/v2\/tags?post=29929"}],"curies":[{"name":"wp","href":"https:\/\/api.w.org\/{rel}","templated":true}]}}