{"id":29933,"date":"2025-03-04T17:28:03","date_gmt":"2025-03-04T20:28:03","guid":{"rendered":"https:\/\/apuntesdesanluis.com\/?p=29933"},"modified":"2025-03-04T17:28:03","modified_gmt":"2025-03-04T20:28:03","slug":"el-gobierno-adquirio-26-ambulancias-de-media-y-alta-complejidad","status":"publish","type":"post","link":"https:\/\/apuntesdesanluis.com\/index.php\/2025\/03\/04\/el-gobierno-adquirio-26-ambulancias-de-media-y-alta-complejidad\/","title":{"rendered":"EL GOBIERNO ADQUIRI\u00d3 26 AMBULANCIAS DE MEDIA Y ALTA COMPLEJIDAD"},"content":{"rendered":"<h3>El gobernador <strong>Claudio Poggi, <\/strong>en presencia de la ministra de Salud <strong>Teresa Nigra,<\/strong> firm\u00f3 el decreto de licitaci\u00f3n para la adquisici\u00f3n de <strong>26 ambulancias<\/strong> 0 km de mediana y alta complejidad. Estas unidades ser\u00e1n distribuidas en los nueve departamentos de la provincia, incluyendo hospitales de referencia, el Sistema de Emergencias M\u00e9dicas Provincial (SEMPRO) y distintas localidades.<\/h3>\n<h3>La inversi\u00f3n de 4.360 millones de pesos responde a la necesidad de fortalecer el sistema de salud p\u00fablica y garantizar una respuesta r\u00e1pida y eficaz ante situaciones de emergencia. Las nuevas ambulancias mejorar\u00e1n significativamente la calidad de atenci\u00f3n a los pacientes, permitiendo traslados m\u00e1s r\u00e1pidos y eficientes en toda la provincia.<\/h3>\n<h3>Distribuci\u00f3n de las ambulancias por departamento y localidad:<\/h3>\n<h3><strong>Departamento Ayacucho:<\/strong><\/h3>\n<h3>Hospital de San Francisco: 1 ambulancia de Mediana Complejidad<\/h3>\n<h3>Hospital de Quines: 1 ambulancia de Mediana Complejidad<\/h3>\n<h3>Departamento Pueyrred\u00f3n:<\/h3>\n<h3>Hospital Pedi\u00e1trico San Luis: 1 ambulancia de Alta Complejidad<\/h3>\n<h3>Hospital de Salud Mental San Luis: 1 ambulancia de Mediana Complejidad<\/h3>\n<h3>Maternidad San Luis: 1 ambulancia de Alta Complejidad<\/h3>\n<h3>SEMPRO San Luis: 2 ambulancias de Alta Complejidad<\/h3>\n<h3>Alto Pencoso: 1 ambulancia de Mediana Complejidad<\/h3>\n<h3><strong>Departamento Jun\u00edn:<\/strong><\/h3>\n<h3>Hospital de Santa Rosa del Conlara: 1 ambulancia de Mediana Complejidad<\/h3>\n<h3>Hospital de Villa de Merlo: 1 ambulancia de Mediana Complejidad<\/h3>\n<h3>Lafinur: 1 ambulancia de Mediana Complejidad<\/h3>\n<h3>SEMPRO Merlo: 2 ambulancias de Media y Alta Complejidad<\/h3>\n<h3><strong>Departamento San Mart\u00edn:<\/strong><\/h3>\n<h3>Las Chacras: 1 ambulancia de Mediana Complejidad<\/h3>\n<h3>Paso Grande: 1 ambulancia de Mediana Complejidad<\/h3>\n<h3><strong>Departamento Chacabuco:<\/strong><\/h3>\n<h3>Hospital de Tilisarao: 1 ambulancia de Mediana Complejidad<\/h3>\n<h3><strong>Departamento Pedernera:<\/strong><\/h3>\n<h3>Justo Daract: 1 ambulancia de Mediana Complejidad<\/h3>\n<h3>Juan Jorba: 1 ambulancia de Mediana Complejidad<\/h3>\n<h3>Maternidad Villa Mercedes: 1 ambulancia de Alta Complejidad<\/h3>\n<h3>SEMPRO Villa Mercedes: 2 ambulancias de Alta Complejidad<\/h3>\n<h3><strong>Departamento Belgrano:<\/strong><\/h3>\n<h3>La Calera: 1 ambulancia de Mediana Complejidad<\/h3>\n<h3><strong>Departamento Pringles:<\/strong><\/h3>\n<h3>La Carolina: 1 ambulancia de Mediana Complejidad<\/h3>\n<h3>Juan Llerena: 1 ambulancia de Mediana Complejidad<\/h3>\n<h3><strong>Departamento Dupuy:<\/strong><\/h3>\n<h3>Hospital de Uni\u00f3n: 1 ambulancia de Mediana Complejidad<\/h3>\n<h3>Navia: 1 ambulancia de Mediana Complejidad<\/h3>\n<h3>Con esta incorporaci\u00f3n de nuevos veh\u00edculos, el Gobierno de San Luis reafirma su compromiso con garantizar la eficiencia de la salud p\u00fablica, asegurando una mejor cobertura y tiempos de respuesta m\u00e1s eficientes en toda la provincia.<\/h3>\n<p>&nbsp;<\/p>\n<p>&nbsp;<\/p>\n<p>&nbsp;<\/p>\n<h3><\/h3>\n<p>&nbsp;<\/p>\n<p>&nbsp;<\/p>\n","protected":false},"excerpt":{"rendered":"<p>El gobernador Claudio Poggi, en presencia de la ministra de Salud Teresa Nigra, firm\u00f3 el&#8230;<\/p>\n","protected":false},"author":1,"featured_media":29934,"comment_status":"closed","ping_status":"closed","sticky":false,"template":"","format":"standard","meta":{"footnotes":""},"categories":[6],"tags":[],"class_list":["post-29933","post","type-post","status-publish","format-standard","has-post-thumbnail","hentry","category-ciudad-provincia"],"yoast_head":"<!-- This site is optimized with the Yoast SEO plugin v26.1.1 - https:\/\/yoast.com\/wordpress\/plugins\/seo\/ -->\n<title>EL GOBIERNO ADQUIRI\u00d3 26 AMBULANCIAS DE MEDIA Y ALTA COMPLEJIDAD - Apuntes de San Luis<\/title>\n<meta name=\"robots\" content=\"index, follow, max-snippet:-1, max-image-preview:large, max-video-preview:-1\" \/>\n<link rel=\"canonical\" href=\"https:\/\/apuntesdesanluis.com\/index.php\/2025\/03\/04\/el-gobierno-adquirio-26-ambulancias-de-media-y-alta-complejidad\/\" \/>\n<meta property=\"og:locale\" content=\"es_ES\" \/>\n<meta property=\"og:type\" content=\"article\" \/>\n<meta property=\"og:title\" content=\"EL GOBIERNO ADQUIRI\u00d3 26 AMBULANCIAS DE MEDIA Y ALTA COMPLEJIDAD - Apuntes de San Luis\" \/>\n<meta property=\"og:description\" content=\"El gobernador Claudio Poggi, en presencia de la ministra de Salud Teresa Nigra, firm\u00f3 el...\" \/>\n<meta property=\"og:url\" content=\"https:\/\/apuntesdesanluis.com\/index.php\/2025\/03\/04\/el-gobierno-adquirio-26-ambulancias-de-media-y-alta-complejidad\/\" \/>\n<meta property=\"og:site_name\" content=\"Apuntes de San Luis\" \/>\n<meta property=\"article:published_time\" content=\"2025-03-04T20:28:03+00:00\" \/>\n<meta property=\"og:image\" content=\"https:\/\/apuntesdesanluis.com\/wp-content\/uploads\/2025\/03\/pOGGI-Y-TERESA-NIGRA.jpg\" \/>\n\t<meta property=\"og:image:width\" content=\"768\" \/>\n\t<meta property=\"og:image:height\" content=\"511\" \/>\n\t<meta property=\"og:image:type\" content=\"image\/jpeg\" \/>\n<meta name=\"author\" content=\"apuntesdesanluis.com\" \/>\n<meta name=\"twitter:card\" content=\"summary_large_image\" \/>\n<meta name=\"twitter:label1\" content=\"Escrito por\" \/>\n\t<meta name=\"twitter:data1\" content=\"apuntesdesanluis.com\" \/>\n\t<meta name=\"twitter:label2\" content=\"Tiempo de lectura\" \/>\n\t<meta name=\"twitter:data2\" content=\"2 minutos\" \/>\n<script type=\"application\/ld+json\" class=\"yoast-schema-graph\">{\"@context\":\"https:\/\/schema.org\",\"@graph\":[{\"@type\":\"Article\",\"@id\":\"https:\/\/apuntesdesanluis.com\/index.php\/2025\/03\/04\/el-gobierno-adquirio-26-ambulancias-de-media-y-alta-complejidad\/#article\",\"isPartOf\":{\"@id\":\"https:\/\/apuntesdesanluis.com\/index.php\/2025\/03\/04\/el-gobierno-adquirio-26-ambulancias-de-media-y-alta-complejidad\/\"},\"author\":{\"name\":\"apuntesdesanluis.com\",\"@id\":\"https:\/\/apuntesdesanluis.com\/#\/schema\/person\/b55151d52296fcce64d1a72538a70b90\"},\"headline\":\"EL GOBIERNO ADQUIRI\u00d3 26 AMBULANCIAS DE MEDIA Y ALTA COMPLEJIDAD\",\"datePublished\":\"2025-03-04T20:28:03+00:00\",\"mainEntityOfPage\":{\"@id\":\"https:\/\/apuntesdesanluis.com\/index.php\/2025\/03\/04\/el-gobierno-adquirio-26-ambulancias-de-media-y-alta-complejidad\/\"},\"wordCount\":362,\"publisher\":{\"@id\":\"https:\/\/apuntesdesanluis.com\/#\/schema\/person\/b55151d52296fcce64d1a72538a70b90\"},\"image\":{\"@id\":\"https:\/\/apuntesdesanluis.com\/index.php\/2025\/03\/04\/el-gobierno-adquirio-26-ambulancias-de-media-y-alta-complejidad\/#primaryimage\"},\"thumbnailUrl\":\"https:\/\/apuntesdesanluis.com\/wp-content\/uploads\/2025\/03\/pOGGI-Y-TERESA-NIGRA.jpg\",\"articleSection\":[\"Ciudad\/Provincia\"],\"inLanguage\":\"es-AR\"},{\"@type\":\"WebPage\",\"@id\":\"https:\/\/apuntesdesanluis.com\/index.php\/2025\/03\/04\/el-gobierno-adquirio-26-ambulancias-de-media-y-alta-complejidad\/\",\"url\":\"https:\/\/apuntesdesanluis.com\/index.php\/2025\/03\/04\/el-gobierno-adquirio-26-ambulancias-de-media-y-alta-complejidad\/\",\"name\":\"EL GOBIERNO ADQUIRI\u00d3 26 AMBULANCIAS DE MEDIA Y ALTA COMPLEJIDAD - Apuntes de San Luis\",\"isPartOf\":{\"@id\":\"https:\/\/apuntesdesanluis.com\/#website\"},\"primaryImageOfPage\":{\"@id\":\"https:\/\/apuntesdesanluis.com\/index.php\/2025\/03\/04\/el-gobierno-adquirio-26-ambulancias-de-media-y-alta-complejidad\/#primaryimage\"},\"image\":{\"@id\":\"https:\/\/apuntesdesanluis.com\/index.php\/2025\/03\/04\/el-gobierno-adquirio-26-ambulancias-de-media-y-alta-complejidad\/#primaryimage\"},\"thumbnailUrl\":\"https:\/\/apuntesdesanluis.com\/wp-content\/uploads\/2025\/03\/pOGGI-Y-TERESA-NIGRA.jpg\",\"datePublished\":\"2025-03-04T20:28:03+00:00\",\"breadcrumb\":{\"@id\":\"https:\/\/apuntesdesanluis.com\/index.php\/2025\/03\/04\/el-gobierno-adquirio-26-ambulancias-de-media-y-alta-complejidad\/#breadcrumb\"},\"inLanguage\":\"es-AR\",\"potentialAction\":[{\"@type\":\"ReadAction\",\"target\":[\"https:\/\/apuntesdesanluis.com\/index.php\/2025\/03\/04\/el-gobierno-adquirio-26-ambulancias-de-media-y-alta-complejidad\/\"]}]},{\"@type\":\"ImageObject\",\"inLanguage\":\"es-AR\",\"@id\":\"https:\/\/apuntesdesanluis.com\/index.php\/2025\/03\/04\/el-gobierno-adquirio-26-ambulancias-de-media-y-alta-complejidad\/#primaryimage\",\"url\":\"https:\/\/apuntesdesanluis.com\/wp-content\/uploads\/2025\/03\/pOGGI-Y-TERESA-NIGRA.jpg\",\"contentUrl\":\"https:\/\/apuntesdesanluis.com\/wp-content\/uploads\/2025\/03\/pOGGI-Y-TERESA-NIGRA.jpg\",\"width\":768,\"height\":511},{\"@type\":\"BreadcrumbList\",\"@id\":\"https:\/\/apuntesdesanluis.com\/index.php\/2025\/03\/04\/el-gobierno-adquirio-26-ambulancias-de-media-y-alta-complejidad\/#breadcrumb\",\"itemListElement\":[{\"@type\":\"ListItem\",\"position\":1,\"name\":\"Inicio\",\"item\":\"https:\/\/apuntesdesanluis.com\/\"},{\"@type\":\"ListItem\",\"position\":2,\"name\":\"EL GOBIERNO ADQUIRI\u00d3 26 AMBULANCIAS DE MEDIA Y ALTA COMPLEJIDAD\"}]},{\"@type\":\"WebSite\",\"@id\":\"https:\/\/apuntesdesanluis.com\/#website\",\"url\":\"https:\/\/apuntesdesanluis.com\/\",\"name\":\"Apuntes de San Luis\",\"description\":\"\",\"publisher\":{\"@id\":\"https:\/\/apuntesdesanluis.com\/#\/schema\/person\/b55151d52296fcce64d1a72538a70b90\"},\"potentialAction\":[{\"@type\":\"SearchAction\",\"target\":{\"@type\":\"EntryPoint\",\"urlTemplate\":\"https:\/\/apuntesdesanluis.com\/?s={search_term_string}\"},\"query-input\":{\"@type\":\"PropertyValueSpecification\",\"valueRequired\":true,\"valueName\":\"search_term_string\"}}],\"inLanguage\":\"es-AR\"},{\"@type\":[\"Person\",\"Organization\"],\"@id\":\"https:\/\/apuntesdesanluis.com\/#\/schema\/person\/b55151d52296fcce64d1a72538a70b90\",\"name\":\"apuntesdesanluis.com\",\"image\":{\"@type\":\"ImageObject\",\"inLanguage\":\"es-AR\",\"@id\":\"https:\/\/apuntesdesanluis.com\/#\/schema\/person\/image\/\",\"url\":\"https:\/\/apuntesdesanluis.com\/wp-content\/uploads\/2023\/07\/cropped-apuntesdesanluis.png\",\"contentUrl\":\"https:\/\/apuntesdesanluis.com\/wp-content\/uploads\/2023\/07\/cropped-apuntesdesanluis.png\",\"width\":450,\"height\":112,\"caption\":\"apuntesdesanluis.com\"},\"logo\":{\"@id\":\"https:\/\/apuntesdesanluis.com\/#\/schema\/person\/image\/\"},\"sameAs\":[\"https:\/\/apuntesdesanluis.com\"],\"url\":\"https:\/\/apuntesdesanluis.com\/index.php\/author\/apuntesdesanluis-com\/\"}]}<\/script>\n<!-- \/ Yoast SEO plugin. -->","yoast_head_json":{"title":"EL GOBIERNO ADQUIRI\u00d3 26 AMBULANCIAS DE MEDIA Y ALTA COMPLEJIDAD - Apuntes de San Luis","robots":{"index":"index","follow":"follow","max-snippet":"max-snippet:-1","max-image-preview":"max-image-preview:large","max-video-preview":"max-video-preview:-1"},"canonical":"https:\/\/apuntesdesanluis.com\/index.php\/2025\/03\/04\/el-gobierno-adquirio-26-ambulancias-de-media-y-alta-complejidad\/","og_locale":"es_ES","og_type":"article","og_title":"EL GOBIERNO ADQUIRI\u00d3 26 AMBULANCIAS DE MEDIA Y ALTA COMPLEJIDAD - Apuntes de San Luis","og_description":"El gobernador Claudio Poggi, en presencia de la ministra de Salud Teresa Nigra, firm\u00f3 el...","og_url":"https:\/\/apuntesdesanluis.com\/index.php\/2025\/03\/04\/el-gobierno-adquirio-26-ambulancias-de-media-y-alta-complejidad\/","og_site_name":"Apuntes de San Luis","article_published_time":"2025-03-04T20:28:03+00:00","og_image":[{"width":768,"height":511,"url":"https:\/\/apuntesdesanluis.com\/wp-content\/uploads\/2025\/03\/pOGGI-Y-TERESA-NIGRA.jpg","type":"image\/jpeg"}],"author":"apuntesdesanluis.com","twitter_card":"summary_large_image","twitter_misc":{"Escrito por":"apuntesdesanluis.com","Tiempo de lectura":"2 minutos"},"schema":{"@context":"https:\/\/schema.org","@graph":[{"@type":"Article","@id":"https:\/\/apuntesdesanluis.com\/index.php\/2025\/03\/04\/el-gobierno-adquirio-26-ambulancias-de-media-y-alta-complejidad\/#article","isPartOf":{"@id":"https:\/\/apuntesdesanluis.com\/index.php\/2025\/03\/04\/el-gobierno-adquirio-26-ambulancias-de-media-y-alta-complejidad\/"},"author":{"name":"apuntesdesanluis.com","@id":"https:\/\/apuntesdesanluis.com\/#\/schema\/person\/b55151d52296fcce64d1a72538a70b90"},"headline":"EL GOBIERNO ADQUIRI\u00d3 26 AMBULANCIAS DE MEDIA Y ALTA COMPLEJIDAD","datePublished":"2025-03-04T20:28:03+00:00","mainEntityOfPage":{"@id":"https:\/\/apuntesdesanluis.com\/index.php\/2025\/03\/04\/el-gobierno-adquirio-26-ambulancias-de-media-y-alta-complejidad\/"},"wordCount":362,"publisher":{"@id":"https:\/\/apuntesdesanluis.com\/#\/schema\/person\/b55151d52296fcce64d1a72538a70b90"},"image":{"@id":"https:\/\/apuntesdesanluis.com\/index.php\/2025\/03\/04\/el-gobierno-adquirio-26-ambulancias-de-media-y-alta-complejidad\/#primaryimage"},"thumbnailUrl":"https:\/\/apuntesdesanluis.com\/wp-content\/uploads\/2025\/03\/pOGGI-Y-TERESA-NIGRA.jpg","articleSection":["Ciudad\/Provincia"],"inLanguage":"es-AR"},{"@type":"WebPage","@id":"https:\/\/apuntesdesanluis.com\/index.php\/2025\/03\/04\/el-gobierno-adquirio-26-ambulancias-de-media-y-alta-complejidad\/","url":"https:\/\/apuntesdesanluis.com\/index.php\/2025\/03\/04\/el-gobierno-adquirio-26-ambulancias-de-media-y-alta-complejidad\/","name":"EL GOBIERNO ADQUIRI\u00d3 26 AMBULANCIAS DE MEDIA Y ALTA COMPLEJIDAD - Apuntes de San Luis","isPartOf":{"@id":"https:\/\/apuntesdesanluis.com\/#website"},"primaryImageOfPage":{"@id":"https:\/\/apuntesdesanluis.com\/index.php\/2025\/03\/04\/el-gobierno-adquirio-26-ambulancias-de-media-y-alta-complejidad\/#primaryimage"},"image":{"@id":"https:\/\/apuntesdesanluis.com\/index.php\/2025\/03\/04\/el-gobierno-adquirio-26-ambulancias-de-media-y-alta-complejidad\/#primaryimage"},"thumbnailUrl":"https:\/\/apuntesdesanluis.com\/wp-content\/uploads\/2025\/03\/pOGGI-Y-TERESA-NIGRA.jpg","datePublished":"2025-03-04T20:28:03+00:00","breadcrumb":{"@id":"https:\/\/apuntesdesanluis.com\/index.php\/2025\/03\/04\/el-gobierno-adquirio-26-ambulancias-de-media-y-alta-complejidad\/#breadcrumb"},"inLanguage":"es-AR","potentialAction":[{"@type":"ReadAction","target":["https:\/\/apuntesdesanluis.com\/index.php\/2025\/03\/04\/el-gobierno-adquirio-26-ambulancias-de-media-y-alta-complejidad\/"]}]},{"@type":"ImageObject","inLanguage":"es-AR","@id":"https:\/\/apuntesdesanluis.com\/index.php\/2025\/03\/04\/el-gobierno-adquirio-26-ambulancias-de-media-y-alta-complejidad\/#primaryimage","url":"https:\/\/apuntesdesanluis.com\/wp-content\/uploads\/2025\/03\/pOGGI-Y-TERESA-NIGRA.jpg","contentUrl":"https:\/\/apuntesdesanluis.com\/wp-content\/uploads\/2025\/03\/pOGGI-Y-TERESA-NIGRA.jpg","width":768,"height":511},{"@type":"BreadcrumbList","@id":"https:\/\/apuntesdesanluis.com\/index.php\/2025\/03\/04\/el-gobierno-adquirio-26-ambulancias-de-media-y-alta-complejidad\/#breadcrumb","itemListElement":[{"@type":"ListItem","position":1,"name":"Inicio","item":"https:\/\/apuntesdesanluis.com\/"},{"@type":"ListItem","position":2,"name":"EL GOBIERNO ADQUIRI\u00d3 26 AMBULANCIAS DE MEDIA Y ALTA COMPLEJIDAD"}]},{"@type":"WebSite","@id":"https:\/\/apuntesdesanluis.com\/#website","url":"https:\/\/apuntesdesanluis.com\/","name":"Apuntes de San Luis","description":"","publisher":{"@id":"https:\/\/apuntesdesanluis.com\/#\/schema\/person\/b55151d52296fcce64d1a72538a70b90"},"potentialAction":[{"@type":"SearchAction","target":{"@type":"EntryPoint","urlTemplate":"https:\/\/apuntesdesanluis.com\/?s={search_term_string}"},"query-input":{"@type":"PropertyValueSpecification","valueRequired":true,"valueName":"search_term_string"}}],"inLanguage":"es-AR"},{"@type":["Person","Organization"],"@id":"https:\/\/apuntesdesanluis.com\/#\/schema\/person\/b55151d52296fcce64d1a72538a70b90","name":"apuntesdesanluis.com","image":{"@type":"ImageObject","inLanguage":"es-AR","@id":"https:\/\/apuntesdesanluis.com\/#\/schema\/person\/image\/","url":"https:\/\/apuntesdesanluis.com\/wp-content\/uploads\/2023\/07\/cropped-apuntesdesanluis.png","contentUrl":"https:\/\/apuntesdesanluis.com\/wp-content\/uploads\/2023\/07\/cropped-apuntesdesanluis.png","width":450,"height":112,"caption":"apuntesdesanluis.com"},"logo":{"@id":"https:\/\/apuntesdesanluis.com\/#\/schema\/person\/image\/"},"sameAs":["https:\/\/apuntesdesanluis.com"],"url":"https:\/\/apuntesdesanluis.com\/index.php\/author\/apuntesdesanluis-com\/"}]}},"featured_image_urls":{"full":["https:\/\/apuntesdesanluis.com\/wp-content\/uploads\/2025\/03\/pOGGI-Y-TERESA-NIGRA.jpg",768,511,false],"thumbnail":["https:\/\/apuntesdesanluis.com\/wp-content\/uploads\/2025\/03\/pOGGI-Y-TERESA-NIGRA-150x150.jpg",150,150,true],"medium":["https:\/\/apuntesdesanluis.com\/wp-content\/uploads\/2025\/03\/pOGGI-Y-TERESA-NIGRA-300x200.jpg",300,200,true],"medium_large":["https:\/\/apuntesdesanluis.com\/wp-content\/uploads\/2025\/03\/pOGGI-Y-TERESA-NIGRA.jpg",640,426,false],"large":["https:\/\/apuntesdesanluis.com\/wp-content\/uploads\/2025\/03\/pOGGI-Y-TERESA-NIGRA.jpg",640,426,false],"1536x1536":["https:\/\/apuntesdesanluis.com\/wp-content\/uploads\/2025\/03\/pOGGI-Y-TERESA-NIGRA.jpg",768,511,false],"2048x2048":["https:\/\/apuntesdesanluis.com\/wp-content\/uploads\/2025\/03\/pOGGI-Y-TERESA-NIGRA.jpg",768,511,false],"newsever-slider-full":["https:\/\/apuntesdesanluis.com\/wp-content\/uploads\/2025\/03\/pOGGI-Y-TERESA-NIGRA.jpg",768,511,false],"newsever-featured":["https:\/\/apuntesdesanluis.com\/wp-content\/uploads\/2025\/03\/pOGGI-Y-TERESA-NIGRA.jpg",768,511,false],"newsever-medium":["https:\/\/apuntesdesanluis.com\/wp-content\/uploads\/2025\/03\/pOGGI-Y-TERESA-NIGRA-720x475.jpg",720,475,true]},"author_info":{"display_name":"apuntesdesanluis.com","author_link":"https:\/\/apuntesdesanluis.com\/index.php\/author\/apuntesdesanluis-com\/"},"category_info":"<a href=\"https:\/\/apuntesdesanluis.com\/index.php\/category\/ciudad-provincia\/\" rel=\"category tag\">Ciudad\/Provincia<\/a>","tag_info":"Ciudad\/Provincia","comment_count":"0","_links":{"self":[{"href":"https:\/\/apuntesdesanluis.com\/index.php\/wp-json\/wp\/v2\/posts\/29933","targetHints":{"allow":["GET"]}}],"collection":[{"href":"https:\/\/apuntesdesanluis.com\/index.php\/wp-json\/wp\/v2\/posts"}],"about":[{"href":"https:\/\/apuntesdesanluis.com\/index.php\/wp-json\/wp\/v2\/types\/post"}],"author":[{"embeddable":true,"href":"https:\/\/apuntesdesanluis.com\/index.php\/wp-json\/wp\/v2\/users\/1"}],"replies":[{"embeddable":true,"href":"https:\/\/apuntesdesanluis.com\/index.php\/wp-json\/wp\/v2\/comments?post=29933"}],"version-history":[{"count":1,"href":"https:\/\/apuntesdesanluis.com\/index.php\/wp-json\/wp\/v2\/posts\/29933\/revisions"}],"predecessor-version":[{"id":29935,"href":"https:\/\/apuntesdesanluis.com\/index.php\/wp-json\/wp\/v2\/posts\/29933\/revisions\/29935"}],"wp:featuredmedia":[{"embeddable":true,"href":"https:\/\/apuntesdesanluis.com\/index.php\/wp-json\/wp\/v2\/media\/29934"}],"wp:attachment":[{"href":"https:\/\/apuntesdesanluis.com\/index.php\/wp-json\/wp\/v2\/media?parent=29933"}],"wp:term":[{"taxonomy":"category","embeddable":true,"href":"https:\/\/apuntesdesanluis.com\/index.php\/wp-json\/wp\/v2\/categories?post=29933"},{"taxonomy":"post_tag","embeddable":true,"href":"https:\/\/apuntesdesanluis.com\/index.php\/wp-json\/wp\/v2\/tags?post=29933"}],"curies":[{"name":"wp","href":"https:\/\/api.w.org\/{rel}","templated":true}]}}