{"id":2994,"date":"2023-09-08T21:46:32","date_gmt":"2023-09-09T00:46:32","guid":{"rendered":"https:\/\/apuntesdesanluis.com\/?p=2994"},"modified":"2023-09-08T21:46:32","modified_gmt":"2023-09-09T00:46:32","slug":"el-dolar-blue-extendio-la-racha-bajista-en-el-cierre-de-la-semana","status":"publish","type":"post","link":"https:\/\/apuntesdesanluis.com\/index.php\/2023\/09\/08\/el-dolar-blue-extendio-la-racha-bajista-en-el-cierre-de-la-semana\/","title":{"rendered":"EL D\u00d3LAR BLUE EXTENDI\u00d3 LA RACHA BAJISTA EN EL CIERRE DE LA SEMANA"},"content":{"rendered":"<h3 class=\"yiv7409174924ydp6329976emsonormal\" style=\"text-align: justify; background: white;\"><span style=\"font-family: 'Arial','sans-serif'; color: #1d2228;\">El d\u00f3lar blue cerr\u00f3 la semana en baja a $708 en la punta vendedora y el Banco Central aprovech\u00f3 el descenso para adquirir divisas a un ritmo superior al de los d\u00edas previos.<\/span><\/h3>\n<h3 class=\"yiv7409174924ydp6329976emsonormal\" style=\"text-align: justify; background: white;\"><span style=\"font-family: 'Arial','sans-serif'; color: #1d2228;\">En tanto, los tipos de cambio financieros operaron dispares en la plaza.<\/span><\/h3>\n<h3 class=\"yiv7409174924ydp6329976emsonormal\" style=\"text-align: justify; background: white;\"><span style=\"font-family: 'Arial','sans-serif'; color: #1d2228;\">La divisa paralela acumula una ca\u00edda de $87 desde su r\u00e9cord hist\u00f3rico intradiario del 16 de agosto, cuando marc\u00f3 $795, y qued\u00f3 cerca de alcanzar la mayor ca\u00edda semanal en once meses, ya que en la primera semana de octubre del a\u00f1o anterior cay\u00f3 3,8% y hoy registr\u00f3 una p\u00e9rdida de 3,4%.<\/span><\/h3>\n<h3 class=\"yiv7409174924ydp6329976emsonormal\" style=\"text-align: justify; background: white;\"><span style=\"font-family: 'Arial','sans-serif'; color: #1d2228;\">En una rueda de alta volatilidad la moneda norteamericana inici\u00f3 las operaciones con una baja de $10, que profundiz\u00f3 tras caer $5 m\u00e1s, y recuper\u00f3 tres pesos en el final de la jornada.<\/span><\/h3>\n<h3 class=\"yiv7409174924ydp6329976emsonormal\" style=\"text-align: justify; background: white;\"><span style=\"font-family: 'Arial','sans-serif'; color: #1d2228;\">El d\u00f3lar blue se acerc\u00f3 a los niveles que alcanz\u00f3 despu\u00e9s de la devaluaci\u00f3n, cuando rompi\u00f3 el techo de los $700.<\/span><\/h3>\n<h3 class=\"yiv7409174924ydp6329976emsonormal\" style=\"text-align: justify; background: white;\"><span style=\"font-family: 'Arial','sans-serif'; color: #1d2228;\">La moneda marginal cerr\u00f3 en $ 708 para la venta y $ 703 en la compra y la brecha con el tipo de cambio oficial se ubica en el 101,4%.<\/span><\/h3>\n<h3 class=\"yiv7409174924ydp6329976emsonormal\" style=\"text-align: justify; background: white;\"><span style=\"font-family: 'Arial','sans-serif'; color: #1d2228;\">El BCRA termin\u00f3 la \u00faltima rueda de la semana con compras por US$ 104 millones en el mercado y en la semana sum\u00f3 compras por US$ 195 millones.<\/span><\/h3>\n<h3 class=\"yiv7409174924ydp6329976emsonormal\" style=\"text-align: justify; background: white;\"><span style=\"font-family: 'Arial','sans-serif'; color: #1d2228;\">La autoridad monetaria aprovecha la baja del mercado y subi\u00f3 el ritmo de compra que en las \u00faltimas ruedas apenas superaron los diez millones diarios.<\/span><\/h3>\n<h3 class=\"yiv7409174924ydp6329976emsonormal\" style=\"text-align: justify; background: white;\"><span style=\"font-family: 'Arial','sans-serif'; color: #1d2228;\">Entre los d\u00f3lares vinculados al turismo exterior el d\u00f3lar Qatar cotiz\u00f3 a $660,6, mientras que el d\u00f3lar turista o tarjeta y el ahorro (o solidario, con impuestos) cotizaron en $642,2.<\/span><\/h3>\n<h3 class=\"yiv7409174924ydp6329976emsonormal\" style=\"text-align: justify; background: white;\"><span style=\"font-family: 'Arial','sans-serif'; color: #1d2228;\">En la bolsa porte\u00f1a los tipos de cambio financieros registraron un comportamiento dispar y el d\u00f3lar MEP o bolsa sube $13,7 o un 2,04%, opera en los $ 688,5 y la brecha con el oficial alcanza el 96,7%.<\/span><\/h3>\n<h3 class=\"yiv7409174924ydp6329976emsonormal\" style=\"text-align: justify; background: white;\"><span style=\"font-family: 'Arial','sans-serif'; color: #1d2228;\">El d\u00f3lar Contado con Liquidaci\u00f3n baja 79 centavos hasta los $737,9 y el spread con el oficial se ubica en un 110,83%.<\/span><\/h3>\n<h3 class=\"yiv7409174924ydp6329976emsonormal\" style=\"text-align: justify; background: white;\"><span style=\"font-family: 'Arial','sans-serif'; color: #1d2228;\">El d\u00f3lar mayorista cotiz\u00f3 a $350 por cuarta semana consecutiva y el billete oficial en el Banco Naci\u00f3n se mantuvo en los $365 y el promedio en los bancos privados fue de $367.<\/span><\/h3>\n","protected":false},"excerpt":{"rendered":"<p>El d\u00f3lar blue cerr\u00f3 la semana en baja a $708 en la punta vendedora y&#8230;<\/p>\n","protected":false},"author":1,"featured_media":2287,"comment_status":"closed","ping_status":"closed","sticky":false,"template":"","format":"standard","meta":{"footnotes":""},"categories":[5],"tags":[],"class_list":["post-2994","post","type-post","status-publish","format-standard","has-post-thumbnail","hentry","category-nacionales-internacionales"],"yoast_head":"<!-- This site is optimized with the Yoast SEO plugin v26.1.1 - https:\/\/yoast.com\/wordpress\/plugins\/seo\/ -->\n<title>EL D\u00d3LAR BLUE EXTENDI\u00d3 LA RACHA BAJISTA EN EL CIERRE DE LA SEMANA - Apuntes de San Luis<\/title>\n<meta name=\"robots\" content=\"index, follow, max-snippet:-1, max-image-preview:large, max-video-preview:-1\" \/>\n<link rel=\"canonical\" href=\"https:\/\/apuntesdesanluis.com\/index.php\/2023\/09\/08\/el-dolar-blue-extendio-la-racha-bajista-en-el-cierre-de-la-semana\/\" \/>\n<meta property=\"og:locale\" content=\"es_ES\" \/>\n<meta property=\"og:type\" content=\"article\" \/>\n<meta property=\"og:title\" content=\"EL D\u00d3LAR BLUE EXTENDI\u00d3 LA RACHA BAJISTA EN EL CIERRE DE LA SEMANA - Apuntes de San Luis\" \/>\n<meta property=\"og:description\" content=\"El d\u00f3lar blue cerr\u00f3 la semana en baja a $708 en la punta vendedora y...\" \/>\n<meta property=\"og:url\" content=\"https:\/\/apuntesdesanluis.com\/index.php\/2023\/09\/08\/el-dolar-blue-extendio-la-racha-bajista-en-el-cierre-de-la-semana\/\" \/>\n<meta property=\"og:site_name\" content=\"Apuntes de San Luis\" \/>\n<meta property=\"article:published_time\" content=\"2023-09-09T00:46:32+00:00\" \/>\n<meta property=\"og:image\" content=\"https:\/\/apuntesdesanluis.com\/wp-content\/uploads\/2023\/08\/DOLAR-5.png\" \/>\n\t<meta property=\"og:image:width\" content=\"793\" \/>\n\t<meta property=\"og:image:height\" content=\"530\" \/>\n\t<meta property=\"og:image:type\" content=\"image\/png\" \/>\n<meta name=\"author\" content=\"apuntesdesanluis.com\" \/>\n<meta name=\"twitter:card\" content=\"summary_large_image\" \/>\n<meta name=\"twitter:label1\" content=\"Escrito por\" \/>\n\t<meta name=\"twitter:data1\" content=\"apuntesdesanluis.com\" \/>\n\t<meta name=\"twitter:label2\" content=\"Tiempo de lectura\" \/>\n\t<meta name=\"twitter:data2\" content=\"2 minutos\" \/>\n<script type=\"application\/ld+json\" class=\"yoast-schema-graph\">{\"@context\":\"https:\/\/schema.org\",\"@graph\":[{\"@type\":\"Article\",\"@id\":\"https:\/\/apuntesdesanluis.com\/index.php\/2023\/09\/08\/el-dolar-blue-extendio-la-racha-bajista-en-el-cierre-de-la-semana\/#article\",\"isPartOf\":{\"@id\":\"https:\/\/apuntesdesanluis.com\/index.php\/2023\/09\/08\/el-dolar-blue-extendio-la-racha-bajista-en-el-cierre-de-la-semana\/\"},\"author\":{\"name\":\"apuntesdesanluis.com\",\"@id\":\"https:\/\/apuntesdesanluis.com\/#\/schema\/person\/b55151d52296fcce64d1a72538a70b90\"},\"headline\":\"EL D\u00d3LAR BLUE EXTENDI\u00d3 LA RACHA BAJISTA EN EL CIERRE DE LA SEMANA\",\"datePublished\":\"2023-09-09T00:46:32+00:00\",\"mainEntityOfPage\":{\"@id\":\"https:\/\/apuntesdesanluis.com\/index.php\/2023\/09\/08\/el-dolar-blue-extendio-la-racha-bajista-en-el-cierre-de-la-semana\/\"},\"wordCount\":363,\"publisher\":{\"@id\":\"https:\/\/apuntesdesanluis.com\/#\/schema\/person\/b55151d52296fcce64d1a72538a70b90\"},\"image\":{\"@id\":\"https:\/\/apuntesdesanluis.com\/index.php\/2023\/09\/08\/el-dolar-blue-extendio-la-racha-bajista-en-el-cierre-de-la-semana\/#primaryimage\"},\"thumbnailUrl\":\"https:\/\/apuntesdesanluis.com\/wp-content\/uploads\/2023\/08\/DOLAR-5.png\",\"articleSection\":[\"Nacionales\/Internacionales\"],\"inLanguage\":\"es-AR\"},{\"@type\":\"WebPage\",\"@id\":\"https:\/\/apuntesdesanluis.com\/index.php\/2023\/09\/08\/el-dolar-blue-extendio-la-racha-bajista-en-el-cierre-de-la-semana\/\",\"url\":\"https:\/\/apuntesdesanluis.com\/index.php\/2023\/09\/08\/el-dolar-blue-extendio-la-racha-bajista-en-el-cierre-de-la-semana\/\",\"name\":\"EL D\u00d3LAR BLUE EXTENDI\u00d3 LA RACHA BAJISTA EN EL CIERRE DE LA SEMANA - Apuntes de San Luis\",\"isPartOf\":{\"@id\":\"https:\/\/apuntesdesanluis.com\/#website\"},\"primaryImageOfPage\":{\"@id\":\"https:\/\/apuntesdesanluis.com\/index.php\/2023\/09\/08\/el-dolar-blue-extendio-la-racha-bajista-en-el-cierre-de-la-semana\/#primaryimage\"},\"image\":{\"@id\":\"https:\/\/apuntesdesanluis.com\/index.php\/2023\/09\/08\/el-dolar-blue-extendio-la-racha-bajista-en-el-cierre-de-la-semana\/#primaryimage\"},\"thumbnailUrl\":\"https:\/\/apuntesdesanluis.com\/wp-content\/uploads\/2023\/08\/DOLAR-5.png\",\"datePublished\":\"2023-09-09T00:46:32+00:00\",\"breadcrumb\":{\"@id\":\"https:\/\/apuntesdesanluis.com\/index.php\/2023\/09\/08\/el-dolar-blue-extendio-la-racha-bajista-en-el-cierre-de-la-semana\/#breadcrumb\"},\"inLanguage\":\"es-AR\",\"potentialAction\":[{\"@type\":\"ReadAction\",\"target\":[\"https:\/\/apuntesdesanluis.com\/index.php\/2023\/09\/08\/el-dolar-blue-extendio-la-racha-bajista-en-el-cierre-de-la-semana\/\"]}]},{\"@type\":\"ImageObject\",\"inLanguage\":\"es-AR\",\"@id\":\"https:\/\/apuntesdesanluis.com\/index.php\/2023\/09\/08\/el-dolar-blue-extendio-la-racha-bajista-en-el-cierre-de-la-semana\/#primaryimage\",\"url\":\"https:\/\/apuntesdesanluis.com\/wp-content\/uploads\/2023\/08\/DOLAR-5.png\",\"contentUrl\":\"https:\/\/apuntesdesanluis.com\/wp-content\/uploads\/2023\/08\/DOLAR-5.png\",\"width\":793,\"height\":530},{\"@type\":\"BreadcrumbList\",\"@id\":\"https:\/\/apuntesdesanluis.com\/index.php\/2023\/09\/08\/el-dolar-blue-extendio-la-racha-bajista-en-el-cierre-de-la-semana\/#breadcrumb\",\"itemListElement\":[{\"@type\":\"ListItem\",\"position\":1,\"name\":\"Inicio\",\"item\":\"https:\/\/apuntesdesanluis.com\/\"},{\"@type\":\"ListItem\",\"position\":2,\"name\":\"EL D\u00d3LAR BLUE EXTENDI\u00d3 LA RACHA BAJISTA EN EL CIERRE DE LA SEMANA\"}]},{\"@type\":\"WebSite\",\"@id\":\"https:\/\/apuntesdesanluis.com\/#website\",\"url\":\"https:\/\/apuntesdesanluis.com\/\",\"name\":\"Apuntes de San Luis\",\"description\":\"\",\"publisher\":{\"@id\":\"https:\/\/apuntesdesanluis.com\/#\/schema\/person\/b55151d52296fcce64d1a72538a70b90\"},\"potentialAction\":[{\"@type\":\"SearchAction\",\"target\":{\"@type\":\"EntryPoint\",\"urlTemplate\":\"https:\/\/apuntesdesanluis.com\/?s={search_term_string}\"},\"query-input\":{\"@type\":\"PropertyValueSpecification\",\"valueRequired\":true,\"valueName\":\"search_term_string\"}}],\"inLanguage\":\"es-AR\"},{\"@type\":[\"Person\",\"Organization\"],\"@id\":\"https:\/\/apuntesdesanluis.com\/#\/schema\/person\/b55151d52296fcce64d1a72538a70b90\",\"name\":\"apuntesdesanluis.com\",\"image\":{\"@type\":\"ImageObject\",\"inLanguage\":\"es-AR\",\"@id\":\"https:\/\/apuntesdesanluis.com\/#\/schema\/person\/image\/\",\"url\":\"https:\/\/apuntesdesanluis.com\/wp-content\/uploads\/2023\/07\/cropped-apuntesdesanluis.png\",\"contentUrl\":\"https:\/\/apuntesdesanluis.com\/wp-content\/uploads\/2023\/07\/cropped-apuntesdesanluis.png\",\"width\":450,\"height\":112,\"caption\":\"apuntesdesanluis.com\"},\"logo\":{\"@id\":\"https:\/\/apuntesdesanluis.com\/#\/schema\/person\/image\/\"},\"sameAs\":[\"https:\/\/apuntesdesanluis.com\"],\"url\":\"https:\/\/apuntesdesanluis.com\/index.php\/author\/apuntesdesanluis-com\/\"}]}<\/script>\n<!-- \/ Yoast SEO plugin. -->","yoast_head_json":{"title":"EL D\u00d3LAR BLUE EXTENDI\u00d3 LA RACHA BAJISTA EN EL CIERRE DE LA SEMANA - Apuntes de San Luis","robots":{"index":"index","follow":"follow","max-snippet":"max-snippet:-1","max-image-preview":"max-image-preview:large","max-video-preview":"max-video-preview:-1"},"canonical":"https:\/\/apuntesdesanluis.com\/index.php\/2023\/09\/08\/el-dolar-blue-extendio-la-racha-bajista-en-el-cierre-de-la-semana\/","og_locale":"es_ES","og_type":"article","og_title":"EL D\u00d3LAR BLUE EXTENDI\u00d3 LA RACHA BAJISTA EN EL CIERRE DE LA SEMANA - Apuntes de San Luis","og_description":"El d\u00f3lar blue cerr\u00f3 la semana en baja a $708 en la punta vendedora y...","og_url":"https:\/\/apuntesdesanluis.com\/index.php\/2023\/09\/08\/el-dolar-blue-extendio-la-racha-bajista-en-el-cierre-de-la-semana\/","og_site_name":"Apuntes de San Luis","article_published_time":"2023-09-09T00:46:32+00:00","og_image":[{"width":793,"height":530,"url":"https:\/\/apuntesdesanluis.com\/wp-content\/uploads\/2023\/08\/DOLAR-5.png","type":"image\/png"}],"author":"apuntesdesanluis.com","twitter_card":"summary_large_image","twitter_misc":{"Escrito por":"apuntesdesanluis.com","Tiempo de lectura":"2 minutos"},"schema":{"@context":"https:\/\/schema.org","@graph":[{"@type":"Article","@id":"https:\/\/apuntesdesanluis.com\/index.php\/2023\/09\/08\/el-dolar-blue-extendio-la-racha-bajista-en-el-cierre-de-la-semana\/#article","isPartOf":{"@id":"https:\/\/apuntesdesanluis.com\/index.php\/2023\/09\/08\/el-dolar-blue-extendio-la-racha-bajista-en-el-cierre-de-la-semana\/"},"author":{"name":"apuntesdesanluis.com","@id":"https:\/\/apuntesdesanluis.com\/#\/schema\/person\/b55151d52296fcce64d1a72538a70b90"},"headline":"EL D\u00d3LAR BLUE EXTENDI\u00d3 LA RACHA BAJISTA EN EL CIERRE DE LA SEMANA","datePublished":"2023-09-09T00:46:32+00:00","mainEntityOfPage":{"@id":"https:\/\/apuntesdesanluis.com\/index.php\/2023\/09\/08\/el-dolar-blue-extendio-la-racha-bajista-en-el-cierre-de-la-semana\/"},"wordCount":363,"publisher":{"@id":"https:\/\/apuntesdesanluis.com\/#\/schema\/person\/b55151d52296fcce64d1a72538a70b90"},"image":{"@id":"https:\/\/apuntesdesanluis.com\/index.php\/2023\/09\/08\/el-dolar-blue-extendio-la-racha-bajista-en-el-cierre-de-la-semana\/#primaryimage"},"thumbnailUrl":"https:\/\/apuntesdesanluis.com\/wp-content\/uploads\/2023\/08\/DOLAR-5.png","articleSection":["Nacionales\/Internacionales"],"inLanguage":"es-AR"},{"@type":"WebPage","@id":"https:\/\/apuntesdesanluis.com\/index.php\/2023\/09\/08\/el-dolar-blue-extendio-la-racha-bajista-en-el-cierre-de-la-semana\/","url":"https:\/\/apuntesdesanluis.com\/index.php\/2023\/09\/08\/el-dolar-blue-extendio-la-racha-bajista-en-el-cierre-de-la-semana\/","name":"EL D\u00d3LAR BLUE EXTENDI\u00d3 LA RACHA BAJISTA EN EL CIERRE DE LA SEMANA - Apuntes de San Luis","isPartOf":{"@id":"https:\/\/apuntesdesanluis.com\/#website"},"primaryImageOfPage":{"@id":"https:\/\/apuntesdesanluis.com\/index.php\/2023\/09\/08\/el-dolar-blue-extendio-la-racha-bajista-en-el-cierre-de-la-semana\/#primaryimage"},"image":{"@id":"https:\/\/apuntesdesanluis.com\/index.php\/2023\/09\/08\/el-dolar-blue-extendio-la-racha-bajista-en-el-cierre-de-la-semana\/#primaryimage"},"thumbnailUrl":"https:\/\/apuntesdesanluis.com\/wp-content\/uploads\/2023\/08\/DOLAR-5.png","datePublished":"2023-09-09T00:46:32+00:00","breadcrumb":{"@id":"https:\/\/apuntesdesanluis.com\/index.php\/2023\/09\/08\/el-dolar-blue-extendio-la-racha-bajista-en-el-cierre-de-la-semana\/#breadcrumb"},"inLanguage":"es-AR","potentialAction":[{"@type":"ReadAction","target":["https:\/\/apuntesdesanluis.com\/index.php\/2023\/09\/08\/el-dolar-blue-extendio-la-racha-bajista-en-el-cierre-de-la-semana\/"]}]},{"@type":"ImageObject","inLanguage":"es-AR","@id":"https:\/\/apuntesdesanluis.com\/index.php\/2023\/09\/08\/el-dolar-blue-extendio-la-racha-bajista-en-el-cierre-de-la-semana\/#primaryimage","url":"https:\/\/apuntesdesanluis.com\/wp-content\/uploads\/2023\/08\/DOLAR-5.png","contentUrl":"https:\/\/apuntesdesanluis.com\/wp-content\/uploads\/2023\/08\/DOLAR-5.png","width":793,"height":530},{"@type":"BreadcrumbList","@id":"https:\/\/apuntesdesanluis.com\/index.php\/2023\/09\/08\/el-dolar-blue-extendio-la-racha-bajista-en-el-cierre-de-la-semana\/#breadcrumb","itemListElement":[{"@type":"ListItem","position":1,"name":"Inicio","item":"https:\/\/apuntesdesanluis.com\/"},{"@type":"ListItem","position":2,"name":"EL D\u00d3LAR BLUE EXTENDI\u00d3 LA RACHA BAJISTA EN EL CIERRE DE LA SEMANA"}]},{"@type":"WebSite","@id":"https:\/\/apuntesdesanluis.com\/#website","url":"https:\/\/apuntesdesanluis.com\/","name":"Apuntes de San Luis","description":"","publisher":{"@id":"https:\/\/apuntesdesanluis.com\/#\/schema\/person\/b55151d52296fcce64d1a72538a70b90"},"potentialAction":[{"@type":"SearchAction","target":{"@type":"EntryPoint","urlTemplate":"https:\/\/apuntesdesanluis.com\/?s={search_term_string}"},"query-input":{"@type":"PropertyValueSpecification","valueRequired":true,"valueName":"search_term_string"}}],"inLanguage":"es-AR"},{"@type":["Person","Organization"],"@id":"https:\/\/apuntesdesanluis.com\/#\/schema\/person\/b55151d52296fcce64d1a72538a70b90","name":"apuntesdesanluis.com","image":{"@type":"ImageObject","inLanguage":"es-AR","@id":"https:\/\/apuntesdesanluis.com\/#\/schema\/person\/image\/","url":"https:\/\/apuntesdesanluis.com\/wp-content\/uploads\/2023\/07\/cropped-apuntesdesanluis.png","contentUrl":"https:\/\/apuntesdesanluis.com\/wp-content\/uploads\/2023\/07\/cropped-apuntesdesanluis.png","width":450,"height":112,"caption":"apuntesdesanluis.com"},"logo":{"@id":"https:\/\/apuntesdesanluis.com\/#\/schema\/person\/image\/"},"sameAs":["https:\/\/apuntesdesanluis.com"],"url":"https:\/\/apuntesdesanluis.com\/index.php\/author\/apuntesdesanluis-com\/"}]}},"featured_image_urls":{"full":["https:\/\/apuntesdesanluis.com\/wp-content\/uploads\/2023\/08\/DOLAR-5.png",793,530,false],"thumbnail":["https:\/\/apuntesdesanluis.com\/wp-content\/uploads\/2023\/08\/DOLAR-5-150x150.png",150,150,true],"medium":["https:\/\/apuntesdesanluis.com\/wp-content\/uploads\/2023\/08\/DOLAR-5-300x201.png",300,201,true],"medium_large":["https:\/\/apuntesdesanluis.com\/wp-content\/uploads\/2023\/08\/DOLAR-5-768x513.png",640,428,true],"large":["https:\/\/apuntesdesanluis.com\/wp-content\/uploads\/2023\/08\/DOLAR-5.png",640,428,false],"1536x1536":["https:\/\/apuntesdesanluis.com\/wp-content\/uploads\/2023\/08\/DOLAR-5.png",793,530,false],"2048x2048":["https:\/\/apuntesdesanluis.com\/wp-content\/uploads\/2023\/08\/DOLAR-5.png",793,530,false],"newsever-slider-full":["https:\/\/apuntesdesanluis.com\/wp-content\/uploads\/2023\/08\/DOLAR-5.png",793,530,false],"newsever-featured":["https:\/\/apuntesdesanluis.com\/wp-content\/uploads\/2023\/08\/DOLAR-5.png",793,530,false],"newsever-medium":["https:\/\/apuntesdesanluis.com\/wp-content\/uploads\/2023\/08\/DOLAR-5-720x475.png",720,475,true]},"author_info":{"display_name":"apuntesdesanluis.com","author_link":"https:\/\/apuntesdesanluis.com\/index.php\/author\/apuntesdesanluis-com\/"},"category_info":"<a href=\"https:\/\/apuntesdesanluis.com\/index.php\/category\/nacionales-internacionales\/\" rel=\"category tag\">Nacionales\/Internacionales<\/a>","tag_info":"Nacionales\/Internacionales","comment_count":"0","_links":{"self":[{"href":"https:\/\/apuntesdesanluis.com\/index.php\/wp-json\/wp\/v2\/posts\/2994","targetHints":{"allow":["GET"]}}],"collection":[{"href":"https:\/\/apuntesdesanluis.com\/index.php\/wp-json\/wp\/v2\/posts"}],"about":[{"href":"https:\/\/apuntesdesanluis.com\/index.php\/wp-json\/wp\/v2\/types\/post"}],"author":[{"embeddable":true,"href":"https:\/\/apuntesdesanluis.com\/index.php\/wp-json\/wp\/v2\/users\/1"}],"replies":[{"embeddable":true,"href":"https:\/\/apuntesdesanluis.com\/index.php\/wp-json\/wp\/v2\/comments?post=2994"}],"version-history":[{"count":1,"href":"https:\/\/apuntesdesanluis.com\/index.php\/wp-json\/wp\/v2\/posts\/2994\/revisions"}],"predecessor-version":[{"id":2995,"href":"https:\/\/apuntesdesanluis.com\/index.php\/wp-json\/wp\/v2\/posts\/2994\/revisions\/2995"}],"wp:featuredmedia":[{"embeddable":true,"href":"https:\/\/apuntesdesanluis.com\/index.php\/wp-json\/wp\/v2\/media\/2287"}],"wp:attachment":[{"href":"https:\/\/apuntesdesanluis.com\/index.php\/wp-json\/wp\/v2\/media?parent=2994"}],"wp:term":[{"taxonomy":"category","embeddable":true,"href":"https:\/\/apuntesdesanluis.com\/index.php\/wp-json\/wp\/v2\/categories?post=2994"},{"taxonomy":"post_tag","embeddable":true,"href":"https:\/\/apuntesdesanluis.com\/index.php\/wp-json\/wp\/v2\/tags?post=2994"}],"curies":[{"name":"wp","href":"https:\/\/api.w.org\/{rel}","templated":true}]}}