{"id":29946,"date":"2025-03-04T18:17:09","date_gmt":"2025-03-04T21:17:09","guid":{"rendered":"https:\/\/apuntesdesanluis.com\/?p=29946"},"modified":"2025-03-04T18:28:11","modified_gmt":"2025-03-04T21:28:11","slug":"merlo-alcanzo-866-de-ocupacion-durante-el-finde-de-carnaval","status":"publish","type":"post","link":"https:\/\/apuntesdesanluis.com\/index.php\/2025\/03\/04\/merlo-alcanzo-866-de-ocupacion-durante-el-finde-de-carnaval\/","title":{"rendered":"MERLO ALCANZ\u00d3 86,6 % DE OCUPACI\u00d3N DURANTE EL FINDE DE CARNAVAL"},"content":{"rendered":"<h3>El observatorio de conductas tur\u00edsticas de la Secretar\u00eda de Turismo de la Municipalidad de la<strong> Villa de Merlo<\/strong>, realiz\u00f3 la medici\u00f3n de <strong>86,6%<\/strong> de ocupaci\u00f3n durante el fin de semana largo, donde se registr\u00f3 3.2 noches por pasajero con un gasto promedio de 76.300$ por d\u00eda por persona en todo concepto, con un ingreso aproximado a la Villa de m\u00e1s de 3 mil cien millones de pesos.<strong>\u00a0<\/strong><\/h3>\n<h3>La medici\u00f3n se llev\u00f3 a cabo en 93 establecimientos en total, entre hoteles y caba\u00f1as, indicando una tendencia muy positiva para este fin de semana de carnavales, con un ingreso aproximado de m\u00e1s de 3 mil cien millones de pesos para la villa tur\u00edstica.<\/h3>\n<h3>Luego de cerrar un promedio de ocupaci\u00f3n durante enero y febrero del 62.03%, desde la Secretar\u00eda de Turismo analizan reforzar la tendencia local y nacional, la cual marca que los fines de semana largos y la baja temporada, ser\u00e1n importantes en cuanto a la afluencia de p\u00fablico. Para tales efectos, desde el Ente Mixto de Promoci\u00f3n Tur\u00edstica en conjunto con el Ministerio de Turismo y Cultura se est\u00e1n articulando diferentes acciones de promoci\u00f3n para el desarrollo econ\u00f3mico de la ciudad.<\/h3>\n<h3>Los programas de turismo de reuniones, el programa \u201cEn La Baja La Oferta Sube\u201d y colectividades, ser\u00e1n herramientas donde cada empresa privada podr\u00e1 realizar su estrategia comercial.<\/h3>\n<h3><img fetchpriority=\"high\" decoding=\"async\" class=\"wp-image-29948 aligncenter\" src=\"https:\/\/apuntesdesanluis.com\/wp-content\/uploads\/2025\/03\/MERLO-OCUPACION-300x182.png\" alt=\"\" width=\"631\" height=\"383\" srcset=\"https:\/\/apuntesdesanluis.com\/wp-content\/uploads\/2025\/03\/MERLO-OCUPACION-300x182.png 300w, https:\/\/apuntesdesanluis.com\/wp-content\/uploads\/2025\/03\/MERLO-OCUPACION.png 455w\" sizes=\"(max-width: 631px) 100vw, 631px\" \/><\/h3>\n<h3>El Ente Mixto con el Ministerio de Turismo y Cultura, durante el mes de marzo realizar\u00e1 las siguientes acciones de promoci\u00f3n:<\/h3>\n<ul>\n<li>\n<h3>Participaci\u00f3n en la Fiesta de la Vendimia.<\/h3>\n<\/li>\n<li>\n<h3>Participaci\u00f3n en ExpoAgro en San Nicol\u00e1s.<\/h3>\n<\/li>\n<li>\n<h3>Caravana promocional en: Salta, Jujuy, Tucum\u00e1n y Termas de Rio Hondo.<\/h3>\n<\/li>\n<li>\n<h3>Pauta publicitaria en subtes de CABA.<\/h3>\n<\/li>\n<li>\n<h3>Pauta con radios de: Santa Fe, Rosario, La Pampa, Mendoza, CABA, Portal Argentina, Argentina Ruta Madre, Radio Continental, C\u00f3rdoba, R\u00edo IV, Mercedes y San Luis.<\/h3>\n<\/li>\n<li>\n<h3>Amplia cobertura en redes sociales.<\/h3>\n<\/li>\n<\/ul>\n<h3>Toda la informaci\u00f3n la pod\u00e9s seguir y compartir desde <span style=\"color: #3366ff;\"><a style=\"color: #3366ff;\" href=\"http:\/\/www.villademerlo.tur.ar\">www.villademerlo.tur.ar<\/a> \u00a0\u00a0<\/span><\/h3>\n<h3>Las situaciones dif\u00edciles se superan con trabajo y un compromiso conjunto entre el sector privado y el Estado, sumando esfuerzos en la oferta de productos y promoci\u00f3n para impulsar los niveles de ocupaci\u00f3n. De este modo, se fortalece el posicionamiento de la Villa de Merlo y se fomenta una econom\u00eda sustentable para la ciudad.<\/h3>\n<p>&nbsp;<\/p>\n<p>&nbsp;<\/p>\n<p>&nbsp;<\/p>\n<p>&nbsp;<\/p>\n<p>&nbsp;<\/p>\n<p>&nbsp;<\/p>\n<h3><\/h3>\n<p>&nbsp;<\/p>\n<p><strong>\u00a0<\/strong><\/p>\n","protected":false},"excerpt":{"rendered":"<p>El observatorio de conductas tur\u00edsticas de la Secretar\u00eda de Turismo de la Municipalidad de la&#8230;<\/p>\n","protected":false},"author":1,"featured_media":29947,"comment_status":"closed","ping_status":"closed","sticky":false,"template":"","format":"standard","meta":{"footnotes":""},"categories":[6],"tags":[],"class_list":["post-29946","post","type-post","status-publish","format-standard","has-post-thumbnail","hentry","category-ciudad-provincia"],"yoast_head":"<!-- This site is optimized with the Yoast SEO plugin v26.1.1 - https:\/\/yoast.com\/wordpress\/plugins\/seo\/ -->\n<title>MERLO ALCANZ\u00d3 86,6 % DE OCUPACI\u00d3N DURANTE EL FINDE DE CARNAVAL - Apuntes de San Luis<\/title>\n<meta name=\"robots\" content=\"index, follow, max-snippet:-1, max-image-preview:large, max-video-preview:-1\" \/>\n<link rel=\"canonical\" href=\"https:\/\/apuntesdesanluis.com\/index.php\/2025\/03\/04\/merlo-alcanzo-866-de-ocupacion-durante-el-finde-de-carnaval\/\" \/>\n<meta property=\"og:locale\" content=\"es_ES\" \/>\n<meta property=\"og:type\" content=\"article\" \/>\n<meta property=\"og:title\" content=\"MERLO ALCANZ\u00d3 86,6 % DE OCUPACI\u00d3N DURANTE EL FINDE DE CARNAVAL - Apuntes de San Luis\" \/>\n<meta property=\"og:description\" content=\"El observatorio de conductas tur\u00edsticas de la Secretar\u00eda de Turismo de la Municipalidad de la...\" \/>\n<meta property=\"og:url\" content=\"https:\/\/apuntesdesanluis.com\/index.php\/2025\/03\/04\/merlo-alcanzo-866-de-ocupacion-durante-el-finde-de-carnaval\/\" \/>\n<meta property=\"og:site_name\" content=\"Apuntes de San Luis\" \/>\n<meta property=\"article:published_time\" content=\"2025-03-04T21:17:09+00:00\" \/>\n<meta property=\"article:modified_time\" content=\"2025-03-04T21:28:11+00:00\" \/>\n<meta property=\"og:image\" content=\"https:\/\/apuntesdesanluis.com\/wp-content\/uploads\/2025\/03\/BAILE-EN-MERLO.png\" \/>\n\t<meta property=\"og:image:width\" content=\"481\" \/>\n\t<meta property=\"og:image:height\" content=\"307\" \/>\n\t<meta property=\"og:image:type\" content=\"image\/png\" \/>\n<meta name=\"author\" content=\"apuntesdesanluis.com\" \/>\n<meta name=\"twitter:card\" content=\"summary_large_image\" \/>\n<meta name=\"twitter:label1\" content=\"Escrito por\" \/>\n\t<meta name=\"twitter:data1\" content=\"apuntesdesanluis.com\" \/>\n\t<meta name=\"twitter:label2\" content=\"Tiempo de lectura\" \/>\n\t<meta name=\"twitter:data2\" content=\"3 minutos\" \/>\n<script type=\"application\/ld+json\" class=\"yoast-schema-graph\">{\"@context\":\"https:\/\/schema.org\",\"@graph\":[{\"@type\":\"Article\",\"@id\":\"https:\/\/apuntesdesanluis.com\/index.php\/2025\/03\/04\/merlo-alcanzo-866-de-ocupacion-durante-el-finde-de-carnaval\/#article\",\"isPartOf\":{\"@id\":\"https:\/\/apuntesdesanluis.com\/index.php\/2025\/03\/04\/merlo-alcanzo-866-de-ocupacion-durante-el-finde-de-carnaval\/\"},\"author\":{\"name\":\"apuntesdesanluis.com\",\"@id\":\"https:\/\/apuntesdesanluis.com\/#\/schema\/person\/b55151d52296fcce64d1a72538a70b90\"},\"headline\":\"MERLO ALCANZ\u00d3 86,6 % DE OCUPACI\u00d3N DURANTE EL FINDE DE CARNAVAL\",\"datePublished\":\"2025-03-04T21:17:09+00:00\",\"dateModified\":\"2025-03-04T21:28:11+00:00\",\"mainEntityOfPage\":{\"@id\":\"https:\/\/apuntesdesanluis.com\/index.php\/2025\/03\/04\/merlo-alcanzo-866-de-ocupacion-durante-el-finde-de-carnaval\/\"},\"wordCount\":409,\"publisher\":{\"@id\":\"https:\/\/apuntesdesanluis.com\/#\/schema\/person\/b55151d52296fcce64d1a72538a70b90\"},\"image\":{\"@id\":\"https:\/\/apuntesdesanluis.com\/index.php\/2025\/03\/04\/merlo-alcanzo-866-de-ocupacion-durante-el-finde-de-carnaval\/#primaryimage\"},\"thumbnailUrl\":\"https:\/\/apuntesdesanluis.com\/wp-content\/uploads\/2025\/03\/BAILE-EN-MERLO.png\",\"articleSection\":[\"Ciudad\/Provincia\"],\"inLanguage\":\"es-AR\"},{\"@type\":\"WebPage\",\"@id\":\"https:\/\/apuntesdesanluis.com\/index.php\/2025\/03\/04\/merlo-alcanzo-866-de-ocupacion-durante-el-finde-de-carnaval\/\",\"url\":\"https:\/\/apuntesdesanluis.com\/index.php\/2025\/03\/04\/merlo-alcanzo-866-de-ocupacion-durante-el-finde-de-carnaval\/\",\"name\":\"MERLO ALCANZ\u00d3 86,6 % DE OCUPACI\u00d3N DURANTE EL FINDE DE CARNAVAL - Apuntes de San Luis\",\"isPartOf\":{\"@id\":\"https:\/\/apuntesdesanluis.com\/#website\"},\"primaryImageOfPage\":{\"@id\":\"https:\/\/apuntesdesanluis.com\/index.php\/2025\/03\/04\/merlo-alcanzo-866-de-ocupacion-durante-el-finde-de-carnaval\/#primaryimage\"},\"image\":{\"@id\":\"https:\/\/apuntesdesanluis.com\/index.php\/2025\/03\/04\/merlo-alcanzo-866-de-ocupacion-durante-el-finde-de-carnaval\/#primaryimage\"},\"thumbnailUrl\":\"https:\/\/apuntesdesanluis.com\/wp-content\/uploads\/2025\/03\/BAILE-EN-MERLO.png\",\"datePublished\":\"2025-03-04T21:17:09+00:00\",\"dateModified\":\"2025-03-04T21:28:11+00:00\",\"breadcrumb\":{\"@id\":\"https:\/\/apuntesdesanluis.com\/index.php\/2025\/03\/04\/merlo-alcanzo-866-de-ocupacion-durante-el-finde-de-carnaval\/#breadcrumb\"},\"inLanguage\":\"es-AR\",\"potentialAction\":[{\"@type\":\"ReadAction\",\"target\":[\"https:\/\/apuntesdesanluis.com\/index.php\/2025\/03\/04\/merlo-alcanzo-866-de-ocupacion-durante-el-finde-de-carnaval\/\"]}]},{\"@type\":\"ImageObject\",\"inLanguage\":\"es-AR\",\"@id\":\"https:\/\/apuntesdesanluis.com\/index.php\/2025\/03\/04\/merlo-alcanzo-866-de-ocupacion-durante-el-finde-de-carnaval\/#primaryimage\",\"url\":\"https:\/\/apuntesdesanluis.com\/wp-content\/uploads\/2025\/03\/BAILE-EN-MERLO.png\",\"contentUrl\":\"https:\/\/apuntesdesanluis.com\/wp-content\/uploads\/2025\/03\/BAILE-EN-MERLO.png\",\"width\":481,\"height\":307},{\"@type\":\"BreadcrumbList\",\"@id\":\"https:\/\/apuntesdesanluis.com\/index.php\/2025\/03\/04\/merlo-alcanzo-866-de-ocupacion-durante-el-finde-de-carnaval\/#breadcrumb\",\"itemListElement\":[{\"@type\":\"ListItem\",\"position\":1,\"name\":\"Inicio\",\"item\":\"https:\/\/apuntesdesanluis.com\/\"},{\"@type\":\"ListItem\",\"position\":2,\"name\":\"MERLO ALCANZ\u00d3 86,6 % DE OCUPACI\u00d3N DURANTE EL FINDE DE CARNAVAL\"}]},{\"@type\":\"WebSite\",\"@id\":\"https:\/\/apuntesdesanluis.com\/#website\",\"url\":\"https:\/\/apuntesdesanluis.com\/\",\"name\":\"Apuntes de San Luis\",\"description\":\"\",\"publisher\":{\"@id\":\"https:\/\/apuntesdesanluis.com\/#\/schema\/person\/b55151d52296fcce64d1a72538a70b90\"},\"potentialAction\":[{\"@type\":\"SearchAction\",\"target\":{\"@type\":\"EntryPoint\",\"urlTemplate\":\"https:\/\/apuntesdesanluis.com\/?s={search_term_string}\"},\"query-input\":{\"@type\":\"PropertyValueSpecification\",\"valueRequired\":true,\"valueName\":\"search_term_string\"}}],\"inLanguage\":\"es-AR\"},{\"@type\":[\"Person\",\"Organization\"],\"@id\":\"https:\/\/apuntesdesanluis.com\/#\/schema\/person\/b55151d52296fcce64d1a72538a70b90\",\"name\":\"apuntesdesanluis.com\",\"image\":{\"@type\":\"ImageObject\",\"inLanguage\":\"es-AR\",\"@id\":\"https:\/\/apuntesdesanluis.com\/#\/schema\/person\/image\/\",\"url\":\"https:\/\/apuntesdesanluis.com\/wp-content\/uploads\/2023\/07\/cropped-apuntesdesanluis.png\",\"contentUrl\":\"https:\/\/apuntesdesanluis.com\/wp-content\/uploads\/2023\/07\/cropped-apuntesdesanluis.png\",\"width\":450,\"height\":112,\"caption\":\"apuntesdesanluis.com\"},\"logo\":{\"@id\":\"https:\/\/apuntesdesanluis.com\/#\/schema\/person\/image\/\"},\"sameAs\":[\"https:\/\/apuntesdesanluis.com\"],\"url\":\"https:\/\/apuntesdesanluis.com\/index.php\/author\/apuntesdesanluis-com\/\"}]}<\/script>\n<!-- \/ Yoast SEO plugin. -->","yoast_head_json":{"title":"MERLO ALCANZ\u00d3 86,6 % DE OCUPACI\u00d3N DURANTE EL FINDE DE CARNAVAL - Apuntes de San Luis","robots":{"index":"index","follow":"follow","max-snippet":"max-snippet:-1","max-image-preview":"max-image-preview:large","max-video-preview":"max-video-preview:-1"},"canonical":"https:\/\/apuntesdesanluis.com\/index.php\/2025\/03\/04\/merlo-alcanzo-866-de-ocupacion-durante-el-finde-de-carnaval\/","og_locale":"es_ES","og_type":"article","og_title":"MERLO ALCANZ\u00d3 86,6 % DE OCUPACI\u00d3N DURANTE EL FINDE DE CARNAVAL - Apuntes de San Luis","og_description":"El observatorio de conductas tur\u00edsticas de la Secretar\u00eda de Turismo de la Municipalidad de la...","og_url":"https:\/\/apuntesdesanluis.com\/index.php\/2025\/03\/04\/merlo-alcanzo-866-de-ocupacion-durante-el-finde-de-carnaval\/","og_site_name":"Apuntes de San Luis","article_published_time":"2025-03-04T21:17:09+00:00","article_modified_time":"2025-03-04T21:28:11+00:00","og_image":[{"width":481,"height":307,"url":"https:\/\/apuntesdesanluis.com\/wp-content\/uploads\/2025\/03\/BAILE-EN-MERLO.png","type":"image\/png"}],"author":"apuntesdesanluis.com","twitter_card":"summary_large_image","twitter_misc":{"Escrito por":"apuntesdesanluis.com","Tiempo de lectura":"3 minutos"},"schema":{"@context":"https:\/\/schema.org","@graph":[{"@type":"Article","@id":"https:\/\/apuntesdesanluis.com\/index.php\/2025\/03\/04\/merlo-alcanzo-866-de-ocupacion-durante-el-finde-de-carnaval\/#article","isPartOf":{"@id":"https:\/\/apuntesdesanluis.com\/index.php\/2025\/03\/04\/merlo-alcanzo-866-de-ocupacion-durante-el-finde-de-carnaval\/"},"author":{"name":"apuntesdesanluis.com","@id":"https:\/\/apuntesdesanluis.com\/#\/schema\/person\/b55151d52296fcce64d1a72538a70b90"},"headline":"MERLO ALCANZ\u00d3 86,6 % DE OCUPACI\u00d3N DURANTE EL FINDE DE CARNAVAL","datePublished":"2025-03-04T21:17:09+00:00","dateModified":"2025-03-04T21:28:11+00:00","mainEntityOfPage":{"@id":"https:\/\/apuntesdesanluis.com\/index.php\/2025\/03\/04\/merlo-alcanzo-866-de-ocupacion-durante-el-finde-de-carnaval\/"},"wordCount":409,"publisher":{"@id":"https:\/\/apuntesdesanluis.com\/#\/schema\/person\/b55151d52296fcce64d1a72538a70b90"},"image":{"@id":"https:\/\/apuntesdesanluis.com\/index.php\/2025\/03\/04\/merlo-alcanzo-866-de-ocupacion-durante-el-finde-de-carnaval\/#primaryimage"},"thumbnailUrl":"https:\/\/apuntesdesanluis.com\/wp-content\/uploads\/2025\/03\/BAILE-EN-MERLO.png","articleSection":["Ciudad\/Provincia"],"inLanguage":"es-AR"},{"@type":"WebPage","@id":"https:\/\/apuntesdesanluis.com\/index.php\/2025\/03\/04\/merlo-alcanzo-866-de-ocupacion-durante-el-finde-de-carnaval\/","url":"https:\/\/apuntesdesanluis.com\/index.php\/2025\/03\/04\/merlo-alcanzo-866-de-ocupacion-durante-el-finde-de-carnaval\/","name":"MERLO ALCANZ\u00d3 86,6 % DE OCUPACI\u00d3N DURANTE EL FINDE DE CARNAVAL - Apuntes de San Luis","isPartOf":{"@id":"https:\/\/apuntesdesanluis.com\/#website"},"primaryImageOfPage":{"@id":"https:\/\/apuntesdesanluis.com\/index.php\/2025\/03\/04\/merlo-alcanzo-866-de-ocupacion-durante-el-finde-de-carnaval\/#primaryimage"},"image":{"@id":"https:\/\/apuntesdesanluis.com\/index.php\/2025\/03\/04\/merlo-alcanzo-866-de-ocupacion-durante-el-finde-de-carnaval\/#primaryimage"},"thumbnailUrl":"https:\/\/apuntesdesanluis.com\/wp-content\/uploads\/2025\/03\/BAILE-EN-MERLO.png","datePublished":"2025-03-04T21:17:09+00:00","dateModified":"2025-03-04T21:28:11+00:00","breadcrumb":{"@id":"https:\/\/apuntesdesanluis.com\/index.php\/2025\/03\/04\/merlo-alcanzo-866-de-ocupacion-durante-el-finde-de-carnaval\/#breadcrumb"},"inLanguage":"es-AR","potentialAction":[{"@type":"ReadAction","target":["https:\/\/apuntesdesanluis.com\/index.php\/2025\/03\/04\/merlo-alcanzo-866-de-ocupacion-durante-el-finde-de-carnaval\/"]}]},{"@type":"ImageObject","inLanguage":"es-AR","@id":"https:\/\/apuntesdesanluis.com\/index.php\/2025\/03\/04\/merlo-alcanzo-866-de-ocupacion-durante-el-finde-de-carnaval\/#primaryimage","url":"https:\/\/apuntesdesanluis.com\/wp-content\/uploads\/2025\/03\/BAILE-EN-MERLO.png","contentUrl":"https:\/\/apuntesdesanluis.com\/wp-content\/uploads\/2025\/03\/BAILE-EN-MERLO.png","width":481,"height":307},{"@type":"BreadcrumbList","@id":"https:\/\/apuntesdesanluis.com\/index.php\/2025\/03\/04\/merlo-alcanzo-866-de-ocupacion-durante-el-finde-de-carnaval\/#breadcrumb","itemListElement":[{"@type":"ListItem","position":1,"name":"Inicio","item":"https:\/\/apuntesdesanluis.com\/"},{"@type":"ListItem","position":2,"name":"MERLO ALCANZ\u00d3 86,6 % DE OCUPACI\u00d3N DURANTE EL FINDE DE CARNAVAL"}]},{"@type":"WebSite","@id":"https:\/\/apuntesdesanluis.com\/#website","url":"https:\/\/apuntesdesanluis.com\/","name":"Apuntes de San Luis","description":"","publisher":{"@id":"https:\/\/apuntesdesanluis.com\/#\/schema\/person\/b55151d52296fcce64d1a72538a70b90"},"potentialAction":[{"@type":"SearchAction","target":{"@type":"EntryPoint","urlTemplate":"https:\/\/apuntesdesanluis.com\/?s={search_term_string}"},"query-input":{"@type":"PropertyValueSpecification","valueRequired":true,"valueName":"search_term_string"}}],"inLanguage":"es-AR"},{"@type":["Person","Organization"],"@id":"https:\/\/apuntesdesanluis.com\/#\/schema\/person\/b55151d52296fcce64d1a72538a70b90","name":"apuntesdesanluis.com","image":{"@type":"ImageObject","inLanguage":"es-AR","@id":"https:\/\/apuntesdesanluis.com\/#\/schema\/person\/image\/","url":"https:\/\/apuntesdesanluis.com\/wp-content\/uploads\/2023\/07\/cropped-apuntesdesanluis.png","contentUrl":"https:\/\/apuntesdesanluis.com\/wp-content\/uploads\/2023\/07\/cropped-apuntesdesanluis.png","width":450,"height":112,"caption":"apuntesdesanluis.com"},"logo":{"@id":"https:\/\/apuntesdesanluis.com\/#\/schema\/person\/image\/"},"sameAs":["https:\/\/apuntesdesanluis.com"],"url":"https:\/\/apuntesdesanluis.com\/index.php\/author\/apuntesdesanluis-com\/"}]}},"featured_image_urls":{"full":["https:\/\/apuntesdesanluis.com\/wp-content\/uploads\/2025\/03\/BAILE-EN-MERLO.png",481,307,false],"thumbnail":["https:\/\/apuntesdesanluis.com\/wp-content\/uploads\/2025\/03\/BAILE-EN-MERLO-150x150.png",150,150,true],"medium":["https:\/\/apuntesdesanluis.com\/wp-content\/uploads\/2025\/03\/BAILE-EN-MERLO-300x191.png",300,191,true],"medium_large":["https:\/\/apuntesdesanluis.com\/wp-content\/uploads\/2025\/03\/BAILE-EN-MERLO.png",481,307,false],"large":["https:\/\/apuntesdesanluis.com\/wp-content\/uploads\/2025\/03\/BAILE-EN-MERLO.png",481,307,false],"1536x1536":["https:\/\/apuntesdesanluis.com\/wp-content\/uploads\/2025\/03\/BAILE-EN-MERLO.png",481,307,false],"2048x2048":["https:\/\/apuntesdesanluis.com\/wp-content\/uploads\/2025\/03\/BAILE-EN-MERLO.png",481,307,false],"newsever-slider-full":["https:\/\/apuntesdesanluis.com\/wp-content\/uploads\/2025\/03\/BAILE-EN-MERLO.png",481,307,false],"newsever-featured":["https:\/\/apuntesdesanluis.com\/wp-content\/uploads\/2025\/03\/BAILE-EN-MERLO.png",481,307,false],"newsever-medium":["https:\/\/apuntesdesanluis.com\/wp-content\/uploads\/2025\/03\/BAILE-EN-MERLO.png",481,307,false]},"author_info":{"display_name":"apuntesdesanluis.com","author_link":"https:\/\/apuntesdesanluis.com\/index.php\/author\/apuntesdesanluis-com\/"},"category_info":"<a href=\"https:\/\/apuntesdesanluis.com\/index.php\/category\/ciudad-provincia\/\" rel=\"category tag\">Ciudad\/Provincia<\/a>","tag_info":"Ciudad\/Provincia","comment_count":"0","_links":{"self":[{"href":"https:\/\/apuntesdesanluis.com\/index.php\/wp-json\/wp\/v2\/posts\/29946","targetHints":{"allow":["GET"]}}],"collection":[{"href":"https:\/\/apuntesdesanluis.com\/index.php\/wp-json\/wp\/v2\/posts"}],"about":[{"href":"https:\/\/apuntesdesanluis.com\/index.php\/wp-json\/wp\/v2\/types\/post"}],"author":[{"embeddable":true,"href":"https:\/\/apuntesdesanluis.com\/index.php\/wp-json\/wp\/v2\/users\/1"}],"replies":[{"embeddable":true,"href":"https:\/\/apuntesdesanluis.com\/index.php\/wp-json\/wp\/v2\/comments?post=29946"}],"version-history":[{"count":3,"href":"https:\/\/apuntesdesanluis.com\/index.php\/wp-json\/wp\/v2\/posts\/29946\/revisions"}],"predecessor-version":[{"id":29951,"href":"https:\/\/apuntesdesanluis.com\/index.php\/wp-json\/wp\/v2\/posts\/29946\/revisions\/29951"}],"wp:featuredmedia":[{"embeddable":true,"href":"https:\/\/apuntesdesanluis.com\/index.php\/wp-json\/wp\/v2\/media\/29947"}],"wp:attachment":[{"href":"https:\/\/apuntesdesanluis.com\/index.php\/wp-json\/wp\/v2\/media?parent=29946"}],"wp:term":[{"taxonomy":"category","embeddable":true,"href":"https:\/\/apuntesdesanluis.com\/index.php\/wp-json\/wp\/v2\/categories?post=29946"},{"taxonomy":"post_tag","embeddable":true,"href":"https:\/\/apuntesdesanluis.com\/index.php\/wp-json\/wp\/v2\/tags?post=29946"}],"curies":[{"name":"wp","href":"https:\/\/api.w.org\/{rel}","templated":true}]}}