{"id":29974,"date":"2025-03-01T20:08:57","date_gmt":"2025-03-01T23:08:57","guid":{"rendered":"https:\/\/apuntesdesanluis.com\/?p=29974"},"modified":"2025-03-04T20:14:10","modified_gmt":"2025-03-04T23:14:10","slug":"asamblea-legislativa-milei-pidio-respaldo-al-congreso-para-ratificar-el-acuerdo-con-el-fmi","status":"publish","type":"post","link":"https:\/\/apuntesdesanluis.com\/index.php\/2025\/03\/01\/asamblea-legislativa-milei-pidio-respaldo-al-congreso-para-ratificar-el-acuerdo-con-el-fmi\/","title":{"rendered":"ASAMBLEA LEGISLATIVA: MILEI PIDI\u00d3 RESPALDO AL CONGRESO PARA RATIFICAR EL ACUERDO CON EL FMI"},"content":{"rendered":"<h3>El presidente <strong>Javier Milei<\/strong> pidi\u00f3 al Congreso Nacional que apruebe el acuerdo que firmar\u00e1 el Gobierno Nacional con el <strong>Fondo Monetario Internacional<\/strong> (FMI), para reestructurar la deuda con ese organismo.<\/h3>\n<h3>En un discurso de una hora y media, ante un recinto semivac\u00edo por la ausencia de la oposici\u00f3n, Milei pidi\u00f3 adem\u00e1s sancionar la ley de baja de la imputabilidad, agravar las penas del C\u00f3digo Penal, y anunci\u00f3 que promover\u00e1 reformas, aunque no precis\u00f3 si lo\u00a0 har\u00e1 este a\u00f1o o cuando asuman los diputados electos en octubre.<\/h3>\n<h3>En el \u00faltimo tramo de su discurso, el jefe de Estado solicit\u00f3 que el Congreso avale el acuerdo que el Gobierno cerrar\u00e1 con el FMI, como hizo el Parlamento en la gesti\u00f3n kirchnerista.<\/h3>\n<h3>Milei dijo que quiere &#8220;anunciarles que en los pr\u00f3ximos d\u00edas le pedir\u00e9 al Congreso que apoye al Gobierno en este nuevo acuerdo con el Fondo Monetario Internacional. El presente acuerdo con el FMI lo que busca es restaurar el activo del Banco Central, y con eso su patrimonio, para que de este modo la inflaci\u00f3n sea solo un mal recuerdo del pasado. As\u00ed, el dinero que ingrese del FMI, el Tesoro lo utilizar\u00e1 para cancelar parte de su deuda con el Banco Central&#8221;.<\/h3>\n<h3>&#8220;Este nuevo acuerdo nos brindar\u00e1 las herramientas para sanar el camino hacia un esquema cambiario m\u00e1s libre y eficiente para todos nuestros ciudadanos y para poder atraer mayores inversiones que se traduzcan en menor inflaci\u00f3n, mayor crecimiento y nivel de empleo, con las consecuencias\u2026 mejores salarios que implican menor cantidad de pobres e indigentes&#8221;.<\/h3>\n<h3>En ese contexto agreg\u00f3 que &#8220;quiero ser claro con una cosa: nosotros vamos a resolver el problema que todos los gobiernos anteriores causaron con el d\u00e9ficit fiscal y su financiamiento&#8221;<\/h3>\n<h3>&#8220;En consecuencia, esperamos que este Congreso adopte la misma postura que tuvieron con todos los dem\u00e1s, que es acompa\u00f1ar desde sus bancas, apoyando al Gobierno en este nuevo acuerdo&#8221;.<\/h3>\n<h3>Milei tambi\u00e9n pidi\u00f3 aprobar la ley de baja de la edad de imputabilidad, &#8220;para que quienes son lo suficientemente conscientes para cometer cr\u00edmenes de adulto, paguen las consecuencias de sus actos&#8221;.<\/h3>\n<h3>El Gobierno envi\u00f3 un proyecto de ley en julio pasado pero que a\u00fan no se aprob\u00f3 por la falta de consenso que propone reducir de 16 a 13 a\u00f1os la edad de imputabilidad, y busca establecer adem\u00e1s un R\u00e9gimen Penal Juvenil para que se pueda condenar a los j\u00f3venes por graves delitos hasta por 20 a\u00f1os.<\/h3>\n<h3>Tambi\u00e9n dijo que &#8220;necesitamos tambi\u00e9n agravar todas las penas del C\u00f3digo Penal, algo que tiene que ocurrir en car\u00e1cter urgente&#8221;.<\/h3>\n<h3>En ese sentido, Milei agreg\u00f3: &#8220;S\u00ed, todas las penas del C\u00f3digo Penal. Emprendiendo as\u00ed la reforma del C\u00f3digo Penal m\u00e1s importante de los \u00faltimos cien a\u00f1os, algo que tiene que ocurrir en car\u00e1cter de urgente&#8221;<\/h3>\n<h3>Destac\u00f3 que &#8220;el problema no se limita al crimen ordinario. El narcotr\u00e1fico y el terrorismo representan un peligro claro y presente para los argentinos&#8221;.<\/h3>\n<h3>Adem\u00e1s adelant\u00f3 que est\u00e1n &#8220;trabajando en una ley de seguridad nacional que le provea herramientas al estado argentino, a nuestro servicio de inteligencia, y a nuestras fuerzas, para perseguir a quienes quieran atentar contra la vida de los argentinos&#8221;.<\/h3>\n<h3><\/h3>\n<h3><\/h3>\n<h3><\/h3>\n","protected":false},"excerpt":{"rendered":"<p>El presidente Javier Milei pidi\u00f3 al Congreso Nacional que apruebe el acuerdo que firmar\u00e1 el&#8230;<\/p>\n","protected":false},"author":1,"featured_media":29975,"comment_status":"closed","ping_status":"closed","sticky":false,"template":"","format":"standard","meta":{"footnotes":""},"categories":[5],"tags":[],"class_list":["post-29974","post","type-post","status-publish","format-standard","has-post-thumbnail","hentry","category-nacionales-internacionales"],"yoast_head":"<!-- This site is optimized with the Yoast SEO plugin v26.1.1 - https:\/\/yoast.com\/wordpress\/plugins\/seo\/ -->\n<title>ASAMBLEA LEGISLATIVA: MILEI PIDI\u00d3 RESPALDO AL CONGRESO PARA RATIFICAR EL ACUERDO CON EL FMI - Apuntes de San Luis<\/title>\n<meta name=\"robots\" content=\"index, follow, max-snippet:-1, max-image-preview:large, max-video-preview:-1\" \/>\n<link rel=\"canonical\" href=\"https:\/\/apuntesdesanluis.com\/index.php\/2025\/03\/01\/asamblea-legislativa-milei-pidio-respaldo-al-congreso-para-ratificar-el-acuerdo-con-el-fmi\/\" \/>\n<meta property=\"og:locale\" content=\"es_ES\" \/>\n<meta property=\"og:type\" content=\"article\" \/>\n<meta property=\"og:title\" content=\"ASAMBLEA LEGISLATIVA: MILEI PIDI\u00d3 RESPALDO AL CONGRESO PARA RATIFICAR EL ACUERDO CON EL FMI - Apuntes de San Luis\" \/>\n<meta property=\"og:description\" content=\"El presidente Javier Milei pidi\u00f3 al Congreso Nacional que apruebe el acuerdo que firmar\u00e1 el...\" \/>\n<meta property=\"og:url\" content=\"https:\/\/apuntesdesanluis.com\/index.php\/2025\/03\/01\/asamblea-legislativa-milei-pidio-respaldo-al-congreso-para-ratificar-el-acuerdo-con-el-fmi\/\" \/>\n<meta property=\"og:site_name\" content=\"Apuntes de San Luis\" \/>\n<meta property=\"article:published_time\" content=\"2025-03-01T23:08:57+00:00\" \/>\n<meta property=\"article:modified_time\" content=\"2025-03-04T23:14:10+00:00\" \/>\n<meta property=\"og:image\" content=\"https:\/\/apuntesdesanluis.com\/wp-content\/uploads\/2025\/03\/milei.png\" \/>\n\t<meta property=\"og:image:width\" content=\"713\" \/>\n\t<meta property=\"og:image:height\" content=\"463\" \/>\n\t<meta property=\"og:image:type\" content=\"image\/png\" \/>\n<meta name=\"author\" content=\"apuntesdesanluis.com\" \/>\n<meta name=\"twitter:card\" content=\"summary_large_image\" \/>\n<meta name=\"twitter:label1\" content=\"Escrito por\" \/>\n\t<meta name=\"twitter:data1\" content=\"apuntesdesanluis.com\" \/>\n\t<meta name=\"twitter:label2\" content=\"Tiempo de lectura\" \/>\n\t<meta name=\"twitter:data2\" content=\"3 minutos\" \/>\n<script type=\"application\/ld+json\" class=\"yoast-schema-graph\">{\"@context\":\"https:\/\/schema.org\",\"@graph\":[{\"@type\":\"Article\",\"@id\":\"https:\/\/apuntesdesanluis.com\/index.php\/2025\/03\/01\/asamblea-legislativa-milei-pidio-respaldo-al-congreso-para-ratificar-el-acuerdo-con-el-fmi\/#article\",\"isPartOf\":{\"@id\":\"https:\/\/apuntesdesanluis.com\/index.php\/2025\/03\/01\/asamblea-legislativa-milei-pidio-respaldo-al-congreso-para-ratificar-el-acuerdo-con-el-fmi\/\"},\"author\":{\"name\":\"apuntesdesanluis.com\",\"@id\":\"https:\/\/apuntesdesanluis.com\/#\/schema\/person\/b55151d52296fcce64d1a72538a70b90\"},\"headline\":\"ASAMBLEA LEGISLATIVA: MILEI PIDI\u00d3 RESPALDO AL CONGRESO PARA RATIFICAR EL ACUERDO CON EL FMI\",\"datePublished\":\"2025-03-01T23:08:57+00:00\",\"dateModified\":\"2025-03-04T23:14:10+00:00\",\"mainEntityOfPage\":{\"@id\":\"https:\/\/apuntesdesanluis.com\/index.php\/2025\/03\/01\/asamblea-legislativa-milei-pidio-respaldo-al-congreso-para-ratificar-el-acuerdo-con-el-fmi\/\"},\"wordCount\":565,\"publisher\":{\"@id\":\"https:\/\/apuntesdesanluis.com\/#\/schema\/person\/b55151d52296fcce64d1a72538a70b90\"},\"image\":{\"@id\":\"https:\/\/apuntesdesanluis.com\/index.php\/2025\/03\/01\/asamblea-legislativa-milei-pidio-respaldo-al-congreso-para-ratificar-el-acuerdo-con-el-fmi\/#primaryimage\"},\"thumbnailUrl\":\"https:\/\/apuntesdesanluis.com\/wp-content\/uploads\/2025\/03\/milei.png\",\"articleSection\":[\"Nacionales\/Internacionales\"],\"inLanguage\":\"es-AR\"},{\"@type\":\"WebPage\",\"@id\":\"https:\/\/apuntesdesanluis.com\/index.php\/2025\/03\/01\/asamblea-legislativa-milei-pidio-respaldo-al-congreso-para-ratificar-el-acuerdo-con-el-fmi\/\",\"url\":\"https:\/\/apuntesdesanluis.com\/index.php\/2025\/03\/01\/asamblea-legislativa-milei-pidio-respaldo-al-congreso-para-ratificar-el-acuerdo-con-el-fmi\/\",\"name\":\"ASAMBLEA LEGISLATIVA: MILEI PIDI\u00d3 RESPALDO AL CONGRESO PARA RATIFICAR EL ACUERDO CON EL FMI - Apuntes de San Luis\",\"isPartOf\":{\"@id\":\"https:\/\/apuntesdesanluis.com\/#website\"},\"primaryImageOfPage\":{\"@id\":\"https:\/\/apuntesdesanluis.com\/index.php\/2025\/03\/01\/asamblea-legislativa-milei-pidio-respaldo-al-congreso-para-ratificar-el-acuerdo-con-el-fmi\/#primaryimage\"},\"image\":{\"@id\":\"https:\/\/apuntesdesanluis.com\/index.php\/2025\/03\/01\/asamblea-legislativa-milei-pidio-respaldo-al-congreso-para-ratificar-el-acuerdo-con-el-fmi\/#primaryimage\"},\"thumbnailUrl\":\"https:\/\/apuntesdesanluis.com\/wp-content\/uploads\/2025\/03\/milei.png\",\"datePublished\":\"2025-03-01T23:08:57+00:00\",\"dateModified\":\"2025-03-04T23:14:10+00:00\",\"breadcrumb\":{\"@id\":\"https:\/\/apuntesdesanluis.com\/index.php\/2025\/03\/01\/asamblea-legislativa-milei-pidio-respaldo-al-congreso-para-ratificar-el-acuerdo-con-el-fmi\/#breadcrumb\"},\"inLanguage\":\"es-AR\",\"potentialAction\":[{\"@type\":\"ReadAction\",\"target\":[\"https:\/\/apuntesdesanluis.com\/index.php\/2025\/03\/01\/asamblea-legislativa-milei-pidio-respaldo-al-congreso-para-ratificar-el-acuerdo-con-el-fmi\/\"]}]},{\"@type\":\"ImageObject\",\"inLanguage\":\"es-AR\",\"@id\":\"https:\/\/apuntesdesanluis.com\/index.php\/2025\/03\/01\/asamblea-legislativa-milei-pidio-respaldo-al-congreso-para-ratificar-el-acuerdo-con-el-fmi\/#primaryimage\",\"url\":\"https:\/\/apuntesdesanluis.com\/wp-content\/uploads\/2025\/03\/milei.png\",\"contentUrl\":\"https:\/\/apuntesdesanluis.com\/wp-content\/uploads\/2025\/03\/milei.png\",\"width\":713,\"height\":463},{\"@type\":\"BreadcrumbList\",\"@id\":\"https:\/\/apuntesdesanluis.com\/index.php\/2025\/03\/01\/asamblea-legislativa-milei-pidio-respaldo-al-congreso-para-ratificar-el-acuerdo-con-el-fmi\/#breadcrumb\",\"itemListElement\":[{\"@type\":\"ListItem\",\"position\":1,\"name\":\"Inicio\",\"item\":\"https:\/\/apuntesdesanluis.com\/\"},{\"@type\":\"ListItem\",\"position\":2,\"name\":\"ASAMBLEA LEGISLATIVA: MILEI PIDI\u00d3 RESPALDO AL CONGRESO PARA RATIFICAR EL ACUERDO CON EL FMI\"}]},{\"@type\":\"WebSite\",\"@id\":\"https:\/\/apuntesdesanluis.com\/#website\",\"url\":\"https:\/\/apuntesdesanluis.com\/\",\"name\":\"Apuntes de San Luis\",\"description\":\"\",\"publisher\":{\"@id\":\"https:\/\/apuntesdesanluis.com\/#\/schema\/person\/b55151d52296fcce64d1a72538a70b90\"},\"potentialAction\":[{\"@type\":\"SearchAction\",\"target\":{\"@type\":\"EntryPoint\",\"urlTemplate\":\"https:\/\/apuntesdesanluis.com\/?s={search_term_string}\"},\"query-input\":{\"@type\":\"PropertyValueSpecification\",\"valueRequired\":true,\"valueName\":\"search_term_string\"}}],\"inLanguage\":\"es-AR\"},{\"@type\":[\"Person\",\"Organization\"],\"@id\":\"https:\/\/apuntesdesanluis.com\/#\/schema\/person\/b55151d52296fcce64d1a72538a70b90\",\"name\":\"apuntesdesanluis.com\",\"image\":{\"@type\":\"ImageObject\",\"inLanguage\":\"es-AR\",\"@id\":\"https:\/\/apuntesdesanluis.com\/#\/schema\/person\/image\/\",\"url\":\"https:\/\/apuntesdesanluis.com\/wp-content\/uploads\/2023\/07\/cropped-apuntesdesanluis.png\",\"contentUrl\":\"https:\/\/apuntesdesanluis.com\/wp-content\/uploads\/2023\/07\/cropped-apuntesdesanluis.png\",\"width\":450,\"height\":112,\"caption\":\"apuntesdesanluis.com\"},\"logo\":{\"@id\":\"https:\/\/apuntesdesanluis.com\/#\/schema\/person\/image\/\"},\"sameAs\":[\"https:\/\/apuntesdesanluis.com\"],\"url\":\"https:\/\/apuntesdesanluis.com\/index.php\/author\/apuntesdesanluis-com\/\"}]}<\/script>\n<!-- \/ Yoast SEO plugin. -->","yoast_head_json":{"title":"ASAMBLEA LEGISLATIVA: MILEI PIDI\u00d3 RESPALDO AL CONGRESO PARA RATIFICAR EL ACUERDO CON EL FMI - Apuntes de San Luis","robots":{"index":"index","follow":"follow","max-snippet":"max-snippet:-1","max-image-preview":"max-image-preview:large","max-video-preview":"max-video-preview:-1"},"canonical":"https:\/\/apuntesdesanluis.com\/index.php\/2025\/03\/01\/asamblea-legislativa-milei-pidio-respaldo-al-congreso-para-ratificar-el-acuerdo-con-el-fmi\/","og_locale":"es_ES","og_type":"article","og_title":"ASAMBLEA LEGISLATIVA: MILEI PIDI\u00d3 RESPALDO AL CONGRESO PARA RATIFICAR EL ACUERDO CON EL FMI - Apuntes de San Luis","og_description":"El presidente Javier Milei pidi\u00f3 al Congreso Nacional que apruebe el acuerdo que firmar\u00e1 el...","og_url":"https:\/\/apuntesdesanluis.com\/index.php\/2025\/03\/01\/asamblea-legislativa-milei-pidio-respaldo-al-congreso-para-ratificar-el-acuerdo-con-el-fmi\/","og_site_name":"Apuntes de San Luis","article_published_time":"2025-03-01T23:08:57+00:00","article_modified_time":"2025-03-04T23:14:10+00:00","og_image":[{"width":713,"height":463,"url":"https:\/\/apuntesdesanluis.com\/wp-content\/uploads\/2025\/03\/milei.png","type":"image\/png"}],"author":"apuntesdesanluis.com","twitter_card":"summary_large_image","twitter_misc":{"Escrito por":"apuntesdesanluis.com","Tiempo de lectura":"3 minutos"},"schema":{"@context":"https:\/\/schema.org","@graph":[{"@type":"Article","@id":"https:\/\/apuntesdesanluis.com\/index.php\/2025\/03\/01\/asamblea-legislativa-milei-pidio-respaldo-al-congreso-para-ratificar-el-acuerdo-con-el-fmi\/#article","isPartOf":{"@id":"https:\/\/apuntesdesanluis.com\/index.php\/2025\/03\/01\/asamblea-legislativa-milei-pidio-respaldo-al-congreso-para-ratificar-el-acuerdo-con-el-fmi\/"},"author":{"name":"apuntesdesanluis.com","@id":"https:\/\/apuntesdesanluis.com\/#\/schema\/person\/b55151d52296fcce64d1a72538a70b90"},"headline":"ASAMBLEA LEGISLATIVA: MILEI PIDI\u00d3 RESPALDO AL CONGRESO PARA RATIFICAR EL ACUERDO CON EL FMI","datePublished":"2025-03-01T23:08:57+00:00","dateModified":"2025-03-04T23:14:10+00:00","mainEntityOfPage":{"@id":"https:\/\/apuntesdesanluis.com\/index.php\/2025\/03\/01\/asamblea-legislativa-milei-pidio-respaldo-al-congreso-para-ratificar-el-acuerdo-con-el-fmi\/"},"wordCount":565,"publisher":{"@id":"https:\/\/apuntesdesanluis.com\/#\/schema\/person\/b55151d52296fcce64d1a72538a70b90"},"image":{"@id":"https:\/\/apuntesdesanluis.com\/index.php\/2025\/03\/01\/asamblea-legislativa-milei-pidio-respaldo-al-congreso-para-ratificar-el-acuerdo-con-el-fmi\/#primaryimage"},"thumbnailUrl":"https:\/\/apuntesdesanluis.com\/wp-content\/uploads\/2025\/03\/milei.png","articleSection":["Nacionales\/Internacionales"],"inLanguage":"es-AR"},{"@type":"WebPage","@id":"https:\/\/apuntesdesanluis.com\/index.php\/2025\/03\/01\/asamblea-legislativa-milei-pidio-respaldo-al-congreso-para-ratificar-el-acuerdo-con-el-fmi\/","url":"https:\/\/apuntesdesanluis.com\/index.php\/2025\/03\/01\/asamblea-legislativa-milei-pidio-respaldo-al-congreso-para-ratificar-el-acuerdo-con-el-fmi\/","name":"ASAMBLEA LEGISLATIVA: MILEI PIDI\u00d3 RESPALDO AL CONGRESO PARA RATIFICAR EL ACUERDO CON EL FMI - Apuntes de San Luis","isPartOf":{"@id":"https:\/\/apuntesdesanluis.com\/#website"},"primaryImageOfPage":{"@id":"https:\/\/apuntesdesanluis.com\/index.php\/2025\/03\/01\/asamblea-legislativa-milei-pidio-respaldo-al-congreso-para-ratificar-el-acuerdo-con-el-fmi\/#primaryimage"},"image":{"@id":"https:\/\/apuntesdesanluis.com\/index.php\/2025\/03\/01\/asamblea-legislativa-milei-pidio-respaldo-al-congreso-para-ratificar-el-acuerdo-con-el-fmi\/#primaryimage"},"thumbnailUrl":"https:\/\/apuntesdesanluis.com\/wp-content\/uploads\/2025\/03\/milei.png","datePublished":"2025-03-01T23:08:57+00:00","dateModified":"2025-03-04T23:14:10+00:00","breadcrumb":{"@id":"https:\/\/apuntesdesanluis.com\/index.php\/2025\/03\/01\/asamblea-legislativa-milei-pidio-respaldo-al-congreso-para-ratificar-el-acuerdo-con-el-fmi\/#breadcrumb"},"inLanguage":"es-AR","potentialAction":[{"@type":"ReadAction","target":["https:\/\/apuntesdesanluis.com\/index.php\/2025\/03\/01\/asamblea-legislativa-milei-pidio-respaldo-al-congreso-para-ratificar-el-acuerdo-con-el-fmi\/"]}]},{"@type":"ImageObject","inLanguage":"es-AR","@id":"https:\/\/apuntesdesanluis.com\/index.php\/2025\/03\/01\/asamblea-legislativa-milei-pidio-respaldo-al-congreso-para-ratificar-el-acuerdo-con-el-fmi\/#primaryimage","url":"https:\/\/apuntesdesanluis.com\/wp-content\/uploads\/2025\/03\/milei.png","contentUrl":"https:\/\/apuntesdesanluis.com\/wp-content\/uploads\/2025\/03\/milei.png","width":713,"height":463},{"@type":"BreadcrumbList","@id":"https:\/\/apuntesdesanluis.com\/index.php\/2025\/03\/01\/asamblea-legislativa-milei-pidio-respaldo-al-congreso-para-ratificar-el-acuerdo-con-el-fmi\/#breadcrumb","itemListElement":[{"@type":"ListItem","position":1,"name":"Inicio","item":"https:\/\/apuntesdesanluis.com\/"},{"@type":"ListItem","position":2,"name":"ASAMBLEA LEGISLATIVA: MILEI PIDI\u00d3 RESPALDO AL CONGRESO PARA RATIFICAR EL ACUERDO CON EL FMI"}]},{"@type":"WebSite","@id":"https:\/\/apuntesdesanluis.com\/#website","url":"https:\/\/apuntesdesanluis.com\/","name":"Apuntes de San Luis","description":"","publisher":{"@id":"https:\/\/apuntesdesanluis.com\/#\/schema\/person\/b55151d52296fcce64d1a72538a70b90"},"potentialAction":[{"@type":"SearchAction","target":{"@type":"EntryPoint","urlTemplate":"https:\/\/apuntesdesanluis.com\/?s={search_term_string}"},"query-input":{"@type":"PropertyValueSpecification","valueRequired":true,"valueName":"search_term_string"}}],"inLanguage":"es-AR"},{"@type":["Person","Organization"],"@id":"https:\/\/apuntesdesanluis.com\/#\/schema\/person\/b55151d52296fcce64d1a72538a70b90","name":"apuntesdesanluis.com","image":{"@type":"ImageObject","inLanguage":"es-AR","@id":"https:\/\/apuntesdesanluis.com\/#\/schema\/person\/image\/","url":"https:\/\/apuntesdesanluis.com\/wp-content\/uploads\/2023\/07\/cropped-apuntesdesanluis.png","contentUrl":"https:\/\/apuntesdesanluis.com\/wp-content\/uploads\/2023\/07\/cropped-apuntesdesanluis.png","width":450,"height":112,"caption":"apuntesdesanluis.com"},"logo":{"@id":"https:\/\/apuntesdesanluis.com\/#\/schema\/person\/image\/"},"sameAs":["https:\/\/apuntesdesanluis.com"],"url":"https:\/\/apuntesdesanluis.com\/index.php\/author\/apuntesdesanluis-com\/"}]}},"featured_image_urls":{"full":["https:\/\/apuntesdesanluis.com\/wp-content\/uploads\/2025\/03\/milei.png",713,463,false],"thumbnail":["https:\/\/apuntesdesanluis.com\/wp-content\/uploads\/2025\/03\/milei-150x150.png",150,150,true],"medium":["https:\/\/apuntesdesanluis.com\/wp-content\/uploads\/2025\/03\/milei-300x195.png",300,195,true],"medium_large":["https:\/\/apuntesdesanluis.com\/wp-content\/uploads\/2025\/03\/milei.png",640,416,false],"large":["https:\/\/apuntesdesanluis.com\/wp-content\/uploads\/2025\/03\/milei.png",640,416,false],"1536x1536":["https:\/\/apuntesdesanluis.com\/wp-content\/uploads\/2025\/03\/milei.png",713,463,false],"2048x2048":["https:\/\/apuntesdesanluis.com\/wp-content\/uploads\/2025\/03\/milei.png",713,463,false],"newsever-slider-full":["https:\/\/apuntesdesanluis.com\/wp-content\/uploads\/2025\/03\/milei.png",713,463,false],"newsever-featured":["https:\/\/apuntesdesanluis.com\/wp-content\/uploads\/2025\/03\/milei.png",713,463,false],"newsever-medium":["https:\/\/apuntesdesanluis.com\/wp-content\/uploads\/2025\/03\/milei.png",713,463,false]},"author_info":{"display_name":"apuntesdesanluis.com","author_link":"https:\/\/apuntesdesanluis.com\/index.php\/author\/apuntesdesanluis-com\/"},"category_info":"<a href=\"https:\/\/apuntesdesanluis.com\/index.php\/category\/nacionales-internacionales\/\" rel=\"category tag\">Nacionales\/Internacionales<\/a>","tag_info":"Nacionales\/Internacionales","comment_count":"0","_links":{"self":[{"href":"https:\/\/apuntesdesanluis.com\/index.php\/wp-json\/wp\/v2\/posts\/29974","targetHints":{"allow":["GET"]}}],"collection":[{"href":"https:\/\/apuntesdesanluis.com\/index.php\/wp-json\/wp\/v2\/posts"}],"about":[{"href":"https:\/\/apuntesdesanluis.com\/index.php\/wp-json\/wp\/v2\/types\/post"}],"author":[{"embeddable":true,"href":"https:\/\/apuntesdesanluis.com\/index.php\/wp-json\/wp\/v2\/users\/1"}],"replies":[{"embeddable":true,"href":"https:\/\/apuntesdesanluis.com\/index.php\/wp-json\/wp\/v2\/comments?post=29974"}],"version-history":[{"count":1,"href":"https:\/\/apuntesdesanluis.com\/index.php\/wp-json\/wp\/v2\/posts\/29974\/revisions"}],"predecessor-version":[{"id":29976,"href":"https:\/\/apuntesdesanluis.com\/index.php\/wp-json\/wp\/v2\/posts\/29974\/revisions\/29976"}],"wp:featuredmedia":[{"embeddable":true,"href":"https:\/\/apuntesdesanluis.com\/index.php\/wp-json\/wp\/v2\/media\/29975"}],"wp:attachment":[{"href":"https:\/\/apuntesdesanluis.com\/index.php\/wp-json\/wp\/v2\/media?parent=29974"}],"wp:term":[{"taxonomy":"category","embeddable":true,"href":"https:\/\/apuntesdesanluis.com\/index.php\/wp-json\/wp\/v2\/categories?post=29974"},{"taxonomy":"post_tag","embeddable":true,"href":"https:\/\/apuntesdesanluis.com\/index.php\/wp-json\/wp\/v2\/tags?post=29974"}],"curies":[{"name":"wp","href":"https:\/\/api.w.org\/{rel}","templated":true}]}}