{"id":29977,"date":"2025-03-04T20:19:13","date_gmt":"2025-03-04T23:19:13","guid":{"rendered":"https:\/\/apuntesdesanluis.com\/?p=29977"},"modified":"2025-03-04T20:19:13","modified_gmt":"2025-03-04T23:19:13","slug":"el-gobierno-quiere-que-los-extranjeros-no-residentes-paguen-por-la-salud-y-la-educacion","status":"publish","type":"post","link":"https:\/\/apuntesdesanluis.com\/index.php\/2025\/03\/04\/el-gobierno-quiere-que-los-extranjeros-no-residentes-paguen-por-la-salud-y-la-educacion\/","title":{"rendered":"EL GOBIERNO QUIERE QUE LOS EXTRANJEROS NO RESIDENTES PAGUEN POR LA SALUD Y LA EDUCACI\u00d3N"},"content":{"rendered":"<h3>El gobierno nacional trabaja en una nueva <strong>ley migratoria<\/strong> y espera que el Congreso la apruebe antes de que termine este 2025. El presidente<strong> Javier Milei <\/strong>la mencion\u00f3 con \u00e9nfasis en el paquete de reformas que tiene pensadas para este per\u00edodo de su gesti\u00f3n cuando inaugur\u00f3 el s\u00e1bado el 143\u00b0 per\u00edodo de sesiones ordinarias.<\/h3>\n<h3>Entre sus principales puntos figuran el cobro de aranceles para los extranjeros no residentes en servicios como la salud y la educaci\u00f3n, mayor celeridad en la deportaci\u00f3n de los for\u00e1neos que est\u00e9n involucrados en hechos delictivos, m\u00e1s requisitos para obtener la radicaci\u00f3n en territorio argentino y mejores controles fronterizos.<\/h3>\n<h3>\u201cFue un pedido que le hicieron al ministro C\u00faneo Libarona y se est\u00e1 avanzando a buen ritmo para cumplirlo\u201d, le dijeron a Infobae fuentes oficiales. El Ministerio de Justicia se encargar\u00e1 de la redacci\u00f3n del nuevo articulado. La que rige, la Ley de Migraciones 25.871, fue modificada en 2010, mediante el decreto 616 de ese a\u00f1o durante el mandato de Cristina Kirchner.<\/h3>\n<h3>En el cap\u00edtulo referido a la Justicia de su discurso del s\u00e1bado por la noche en el Parlamento y en medio del cruce verbal que tuvo con el diputado del bloque Democracia por Siempre, Facundo Manes, Milei sostuvo que \u201csi queremos ser un pa\u00eds serio, tambi\u00e9n debemos llevar a cabo una reforma migratoria\u201d.<\/h3>\n<h3>\u00a0\u201cNuestra Naci\u00f3n ha sido generosa con los inmigrantes, pero otra cosa distinta es ser tomado de tontos por nuestros vecinos o ser un centro de beneficiario pagado por el bolsillo de los argentinos. Queremos que aquellos extranjeros que est\u00e9n de forma transitoria o temporaria en nuestro pa\u00eds tengan que pagar los servicios que utilizan\u201d, agreg\u00f3.<\/h3>\n<h3>Este \u00faltimo punto, entre las modificaciones que se introducir\u00edan, va en sinton\u00eda con las que ya se pusieron en marcha en varias provincias durante 2024. Salta, Mendoza, Santa Cruz y Jujuy impusieron el cobro de la atenci\u00f3n a la salud, sobre todo para internaci\u00f3n y tratamientos especializados, lo que deriv\u00f3 en una disminuci\u00f3n de los llamados \u201ctours sanitarios\u201d. Con esa medida en el distrito norte\u00f1o, seg\u00fan difundieron sus autoridades, \u201cel Estado provincial se ahorra alrededor de $60 millones solo en un hospital, lo cual representa casi el 50% del presupuesto total que recibe por ejemplo el hospital de Santa Victoria Este\u201d.<\/h3>\n<h3>\u201cEsta regulaci\u00f3n comenz\u00f3 con un decreto de necesidad y urgencia, lo que ha resultado en un ahorro importante para la provincia y una reducci\u00f3n dr\u00e1stica en la atenci\u00f3n m\u00e9dica a extranjeros, especialmente de pa\u00edses vecinos como Bolivia, Chile y Paraguay\u201d, explicaron los responsables de la pol\u00edtica sanitaria salte\u00f1a.<\/h3>\n<h3>Otras provincias que anunciaron que adoptar\u00edan una posici\u00f3n similar fueron Neuqu\u00e9n, Corrientes, Entre R\u00edos y C\u00f3rdoba.<\/h3>\n<h3>\u201cTambi\u00e9n debemos permitir a las universidades cobrarles a quienes no son residentes permanentes; as\u00ed como es necesario endurecer severamente las condiciones de deportaci\u00f3n para los extranjeros que delinquen. Es lo que hace cualquier pa\u00eds que se hace valer. Y si esto necesita alg\u00fan tipo de justificaci\u00f3n, es porque a lo largo del \u00faltimo siglo se ha vuelto costumbre la falta de respeto al pagador de impuestos\u201d, expres\u00f3, adem\u00e1s, el Presidente en su discurso.<\/h3>\n<h3>Sobre este t\u00f3pico del arancelamiento universitario habr\u00e1 que esperar si en las discusiones en el \u00e1mbito legislativo se logran avances, ya que el apoyo al esquema actual de la educaci\u00f3n p\u00fablica fue uno de los temas en los que la oposici\u00f3n consigui\u00f3 encontr\u00f3 mayor repercusi\u00f3n en la sociedad. \u201cTodo lo que no salga en el Congreso nos favorece, porque si las reformas no se aprueban el fracaso ser\u00e1 atribuible a la casta pol\u00edtica\u201d, coment\u00f3 un funcionario cercano al Presidente en Casa Rosada la semana pasada. Si no avanza el proyecto de ley, nadie descarta que se apele a un decreto. Aunque saben que \u201cno es la mejor forma\u201d est\u00e1n decididos a cambiar la ley.<\/h3>\n<h3>El control hacia los inmigrantes ilegales tambi\u00e9n fue una de las primeras acciones del gobierno de Donald Trump cuando asumi\u00f3 nuevamente como presidente de los Estados Unidos. Alguna de las disposiciones que adopt\u00f3 el l\u00edder republicano podr\u00edan tomarse como modelo a seguir, seg\u00fan dej\u00f3 trascender una fuente oficial.<\/h3>\n<h3>Uno de los art\u00edculos que seguramente ser\u00e1 modificado ser\u00e1 el 6 de la actual ley 25.871 que reza que \u201cel Estado en todas sus jurisdicciones, asegurar\u00e1 el acceso igualitario a los inmigrantes y sus familias en las mismas condiciones de protecci\u00f3n, amparo y derechos de los que gozan los nacionales, en particular lo referido a servicios sociales, bienes p\u00fablicos, salud, educaci\u00f3n, justicia, trabajo, empleo y seguridad social\u201d.<\/h3>\n<h3><\/h3>\n<h3><\/h3>\n<h3><\/h3>\n","protected":false},"excerpt":{"rendered":"<p>El gobierno nacional trabaja en una nueva ley migratoria y espera que el Congreso la&#8230;<\/p>\n","protected":false},"author":1,"featured_media":29978,"comment_status":"closed","ping_status":"closed","sticky":false,"template":"","format":"standard","meta":{"footnotes":""},"categories":[5],"tags":[],"class_list":["post-29977","post","type-post","status-publish","format-standard","has-post-thumbnail","hentry","category-nacionales-internacionales"],"yoast_head":"<!-- This site is optimized with the Yoast SEO plugin v26.1.1 - https:\/\/yoast.com\/wordpress\/plugins\/seo\/ -->\n<title>EL GOBIERNO QUIERE QUE LOS EXTRANJEROS NO RESIDENTES PAGUEN POR LA SALUD Y LA EDUCACI\u00d3N - Apuntes de San Luis<\/title>\n<meta name=\"robots\" content=\"index, follow, max-snippet:-1, max-image-preview:large, max-video-preview:-1\" \/>\n<link rel=\"canonical\" href=\"https:\/\/apuntesdesanluis.com\/index.php\/2025\/03\/04\/el-gobierno-quiere-que-los-extranjeros-no-residentes-paguen-por-la-salud-y-la-educacion\/\" \/>\n<meta property=\"og:locale\" content=\"es_ES\" \/>\n<meta property=\"og:type\" content=\"article\" \/>\n<meta property=\"og:title\" content=\"EL GOBIERNO QUIERE QUE LOS EXTRANJEROS NO RESIDENTES PAGUEN POR LA SALUD Y LA EDUCACI\u00d3N - Apuntes de San Luis\" \/>\n<meta property=\"og:description\" content=\"El gobierno nacional trabaja en una nueva ley migratoria y espera que el Congreso la...\" \/>\n<meta property=\"og:url\" content=\"https:\/\/apuntesdesanluis.com\/index.php\/2025\/03\/04\/el-gobierno-quiere-que-los-extranjeros-no-residentes-paguen-por-la-salud-y-la-educacion\/\" \/>\n<meta property=\"og:site_name\" content=\"Apuntes de San Luis\" \/>\n<meta property=\"article:published_time\" content=\"2025-03-04T23:19:13+00:00\" \/>\n<meta property=\"og:image\" content=\"https:\/\/apuntesdesanluis.com\/wp-content\/uploads\/2025\/03\/MILEI-LEY-MIGRATORIA.png\" \/>\n\t<meta property=\"og:image:width\" content=\"619\" \/>\n\t<meta property=\"og:image:height\" content=\"391\" \/>\n\t<meta property=\"og:image:type\" content=\"image\/png\" \/>\n<meta name=\"author\" content=\"apuntesdesanluis.com\" \/>\n<meta name=\"twitter:card\" content=\"summary_large_image\" \/>\n<meta name=\"twitter:label1\" content=\"Escrito por\" \/>\n\t<meta name=\"twitter:data1\" content=\"apuntesdesanluis.com\" \/>\n\t<meta name=\"twitter:label2\" content=\"Tiempo de lectura\" \/>\n\t<meta name=\"twitter:data2\" content=\"4 minutos\" \/>\n<script type=\"application\/ld+json\" class=\"yoast-schema-graph\">{\"@context\":\"https:\/\/schema.org\",\"@graph\":[{\"@type\":\"Article\",\"@id\":\"https:\/\/apuntesdesanluis.com\/index.php\/2025\/03\/04\/el-gobierno-quiere-que-los-extranjeros-no-residentes-paguen-por-la-salud-y-la-educacion\/#article\",\"isPartOf\":{\"@id\":\"https:\/\/apuntesdesanluis.com\/index.php\/2025\/03\/04\/el-gobierno-quiere-que-los-extranjeros-no-residentes-paguen-por-la-salud-y-la-educacion\/\"},\"author\":{\"name\":\"apuntesdesanluis.com\",\"@id\":\"https:\/\/apuntesdesanluis.com\/#\/schema\/person\/b55151d52296fcce64d1a72538a70b90\"},\"headline\":\"EL GOBIERNO QUIERE QUE LOS EXTRANJEROS NO RESIDENTES PAGUEN POR LA SALUD Y LA EDUCACI\u00d3N\",\"datePublished\":\"2025-03-04T23:19:13+00:00\",\"mainEntityOfPage\":{\"@id\":\"https:\/\/apuntesdesanluis.com\/index.php\/2025\/03\/04\/el-gobierno-quiere-que-los-extranjeros-no-residentes-paguen-por-la-salud-y-la-educacion\/\"},\"wordCount\":807,\"publisher\":{\"@id\":\"https:\/\/apuntesdesanluis.com\/#\/schema\/person\/b55151d52296fcce64d1a72538a70b90\"},\"image\":{\"@id\":\"https:\/\/apuntesdesanluis.com\/index.php\/2025\/03\/04\/el-gobierno-quiere-que-los-extranjeros-no-residentes-paguen-por-la-salud-y-la-educacion\/#primaryimage\"},\"thumbnailUrl\":\"https:\/\/apuntesdesanluis.com\/wp-content\/uploads\/2025\/03\/MILEI-LEY-MIGRATORIA.png\",\"articleSection\":[\"Nacionales\/Internacionales\"],\"inLanguage\":\"es-AR\"},{\"@type\":\"WebPage\",\"@id\":\"https:\/\/apuntesdesanluis.com\/index.php\/2025\/03\/04\/el-gobierno-quiere-que-los-extranjeros-no-residentes-paguen-por-la-salud-y-la-educacion\/\",\"url\":\"https:\/\/apuntesdesanluis.com\/index.php\/2025\/03\/04\/el-gobierno-quiere-que-los-extranjeros-no-residentes-paguen-por-la-salud-y-la-educacion\/\",\"name\":\"EL GOBIERNO QUIERE QUE LOS EXTRANJEROS NO RESIDENTES PAGUEN POR LA SALUD Y LA EDUCACI\u00d3N - Apuntes de San Luis\",\"isPartOf\":{\"@id\":\"https:\/\/apuntesdesanluis.com\/#website\"},\"primaryImageOfPage\":{\"@id\":\"https:\/\/apuntesdesanluis.com\/index.php\/2025\/03\/04\/el-gobierno-quiere-que-los-extranjeros-no-residentes-paguen-por-la-salud-y-la-educacion\/#primaryimage\"},\"image\":{\"@id\":\"https:\/\/apuntesdesanluis.com\/index.php\/2025\/03\/04\/el-gobierno-quiere-que-los-extranjeros-no-residentes-paguen-por-la-salud-y-la-educacion\/#primaryimage\"},\"thumbnailUrl\":\"https:\/\/apuntesdesanluis.com\/wp-content\/uploads\/2025\/03\/MILEI-LEY-MIGRATORIA.png\",\"datePublished\":\"2025-03-04T23:19:13+00:00\",\"breadcrumb\":{\"@id\":\"https:\/\/apuntesdesanluis.com\/index.php\/2025\/03\/04\/el-gobierno-quiere-que-los-extranjeros-no-residentes-paguen-por-la-salud-y-la-educacion\/#breadcrumb\"},\"inLanguage\":\"es-AR\",\"potentialAction\":[{\"@type\":\"ReadAction\",\"target\":[\"https:\/\/apuntesdesanluis.com\/index.php\/2025\/03\/04\/el-gobierno-quiere-que-los-extranjeros-no-residentes-paguen-por-la-salud-y-la-educacion\/\"]}]},{\"@type\":\"ImageObject\",\"inLanguage\":\"es-AR\",\"@id\":\"https:\/\/apuntesdesanluis.com\/index.php\/2025\/03\/04\/el-gobierno-quiere-que-los-extranjeros-no-residentes-paguen-por-la-salud-y-la-educacion\/#primaryimage\",\"url\":\"https:\/\/apuntesdesanluis.com\/wp-content\/uploads\/2025\/03\/MILEI-LEY-MIGRATORIA.png\",\"contentUrl\":\"https:\/\/apuntesdesanluis.com\/wp-content\/uploads\/2025\/03\/MILEI-LEY-MIGRATORIA.png\",\"width\":619,\"height\":391},{\"@type\":\"BreadcrumbList\",\"@id\":\"https:\/\/apuntesdesanluis.com\/index.php\/2025\/03\/04\/el-gobierno-quiere-que-los-extranjeros-no-residentes-paguen-por-la-salud-y-la-educacion\/#breadcrumb\",\"itemListElement\":[{\"@type\":\"ListItem\",\"position\":1,\"name\":\"Inicio\",\"item\":\"https:\/\/apuntesdesanluis.com\/\"},{\"@type\":\"ListItem\",\"position\":2,\"name\":\"EL GOBIERNO QUIERE QUE LOS EXTRANJEROS NO RESIDENTES PAGUEN POR LA SALUD Y LA EDUCACI\u00d3N\"}]},{\"@type\":\"WebSite\",\"@id\":\"https:\/\/apuntesdesanluis.com\/#website\",\"url\":\"https:\/\/apuntesdesanluis.com\/\",\"name\":\"Apuntes de San Luis\",\"description\":\"\",\"publisher\":{\"@id\":\"https:\/\/apuntesdesanluis.com\/#\/schema\/person\/b55151d52296fcce64d1a72538a70b90\"},\"potentialAction\":[{\"@type\":\"SearchAction\",\"target\":{\"@type\":\"EntryPoint\",\"urlTemplate\":\"https:\/\/apuntesdesanluis.com\/?s={search_term_string}\"},\"query-input\":{\"@type\":\"PropertyValueSpecification\",\"valueRequired\":true,\"valueName\":\"search_term_string\"}}],\"inLanguage\":\"es-AR\"},{\"@type\":[\"Person\",\"Organization\"],\"@id\":\"https:\/\/apuntesdesanluis.com\/#\/schema\/person\/b55151d52296fcce64d1a72538a70b90\",\"name\":\"apuntesdesanluis.com\",\"image\":{\"@type\":\"ImageObject\",\"inLanguage\":\"es-AR\",\"@id\":\"https:\/\/apuntesdesanluis.com\/#\/schema\/person\/image\/\",\"url\":\"https:\/\/apuntesdesanluis.com\/wp-content\/uploads\/2023\/07\/cropped-apuntesdesanluis.png\",\"contentUrl\":\"https:\/\/apuntesdesanluis.com\/wp-content\/uploads\/2023\/07\/cropped-apuntesdesanluis.png\",\"width\":450,\"height\":112,\"caption\":\"apuntesdesanluis.com\"},\"logo\":{\"@id\":\"https:\/\/apuntesdesanluis.com\/#\/schema\/person\/image\/\"},\"sameAs\":[\"https:\/\/apuntesdesanluis.com\"],\"url\":\"https:\/\/apuntesdesanluis.com\/index.php\/author\/apuntesdesanluis-com\/\"}]}<\/script>\n<!-- \/ Yoast SEO plugin. -->","yoast_head_json":{"title":"EL GOBIERNO QUIERE QUE LOS EXTRANJEROS NO RESIDENTES PAGUEN POR LA SALUD Y LA EDUCACI\u00d3N - Apuntes de San Luis","robots":{"index":"index","follow":"follow","max-snippet":"max-snippet:-1","max-image-preview":"max-image-preview:large","max-video-preview":"max-video-preview:-1"},"canonical":"https:\/\/apuntesdesanluis.com\/index.php\/2025\/03\/04\/el-gobierno-quiere-que-los-extranjeros-no-residentes-paguen-por-la-salud-y-la-educacion\/","og_locale":"es_ES","og_type":"article","og_title":"EL GOBIERNO QUIERE QUE LOS EXTRANJEROS NO RESIDENTES PAGUEN POR LA SALUD Y LA EDUCACI\u00d3N - Apuntes de San Luis","og_description":"El gobierno nacional trabaja en una nueva ley migratoria y espera que el Congreso la...","og_url":"https:\/\/apuntesdesanluis.com\/index.php\/2025\/03\/04\/el-gobierno-quiere-que-los-extranjeros-no-residentes-paguen-por-la-salud-y-la-educacion\/","og_site_name":"Apuntes de San Luis","article_published_time":"2025-03-04T23:19:13+00:00","og_image":[{"width":619,"height":391,"url":"https:\/\/apuntesdesanluis.com\/wp-content\/uploads\/2025\/03\/MILEI-LEY-MIGRATORIA.png","type":"image\/png"}],"author":"apuntesdesanluis.com","twitter_card":"summary_large_image","twitter_misc":{"Escrito por":"apuntesdesanluis.com","Tiempo de lectura":"4 minutos"},"schema":{"@context":"https:\/\/schema.org","@graph":[{"@type":"Article","@id":"https:\/\/apuntesdesanluis.com\/index.php\/2025\/03\/04\/el-gobierno-quiere-que-los-extranjeros-no-residentes-paguen-por-la-salud-y-la-educacion\/#article","isPartOf":{"@id":"https:\/\/apuntesdesanluis.com\/index.php\/2025\/03\/04\/el-gobierno-quiere-que-los-extranjeros-no-residentes-paguen-por-la-salud-y-la-educacion\/"},"author":{"name":"apuntesdesanluis.com","@id":"https:\/\/apuntesdesanluis.com\/#\/schema\/person\/b55151d52296fcce64d1a72538a70b90"},"headline":"EL GOBIERNO QUIERE QUE LOS EXTRANJEROS NO RESIDENTES PAGUEN POR LA SALUD Y LA EDUCACI\u00d3N","datePublished":"2025-03-04T23:19:13+00:00","mainEntityOfPage":{"@id":"https:\/\/apuntesdesanluis.com\/index.php\/2025\/03\/04\/el-gobierno-quiere-que-los-extranjeros-no-residentes-paguen-por-la-salud-y-la-educacion\/"},"wordCount":807,"publisher":{"@id":"https:\/\/apuntesdesanluis.com\/#\/schema\/person\/b55151d52296fcce64d1a72538a70b90"},"image":{"@id":"https:\/\/apuntesdesanluis.com\/index.php\/2025\/03\/04\/el-gobierno-quiere-que-los-extranjeros-no-residentes-paguen-por-la-salud-y-la-educacion\/#primaryimage"},"thumbnailUrl":"https:\/\/apuntesdesanluis.com\/wp-content\/uploads\/2025\/03\/MILEI-LEY-MIGRATORIA.png","articleSection":["Nacionales\/Internacionales"],"inLanguage":"es-AR"},{"@type":"WebPage","@id":"https:\/\/apuntesdesanluis.com\/index.php\/2025\/03\/04\/el-gobierno-quiere-que-los-extranjeros-no-residentes-paguen-por-la-salud-y-la-educacion\/","url":"https:\/\/apuntesdesanluis.com\/index.php\/2025\/03\/04\/el-gobierno-quiere-que-los-extranjeros-no-residentes-paguen-por-la-salud-y-la-educacion\/","name":"EL GOBIERNO QUIERE QUE LOS EXTRANJEROS NO RESIDENTES PAGUEN POR LA SALUD Y LA EDUCACI\u00d3N - Apuntes de San Luis","isPartOf":{"@id":"https:\/\/apuntesdesanluis.com\/#website"},"primaryImageOfPage":{"@id":"https:\/\/apuntesdesanluis.com\/index.php\/2025\/03\/04\/el-gobierno-quiere-que-los-extranjeros-no-residentes-paguen-por-la-salud-y-la-educacion\/#primaryimage"},"image":{"@id":"https:\/\/apuntesdesanluis.com\/index.php\/2025\/03\/04\/el-gobierno-quiere-que-los-extranjeros-no-residentes-paguen-por-la-salud-y-la-educacion\/#primaryimage"},"thumbnailUrl":"https:\/\/apuntesdesanluis.com\/wp-content\/uploads\/2025\/03\/MILEI-LEY-MIGRATORIA.png","datePublished":"2025-03-04T23:19:13+00:00","breadcrumb":{"@id":"https:\/\/apuntesdesanluis.com\/index.php\/2025\/03\/04\/el-gobierno-quiere-que-los-extranjeros-no-residentes-paguen-por-la-salud-y-la-educacion\/#breadcrumb"},"inLanguage":"es-AR","potentialAction":[{"@type":"ReadAction","target":["https:\/\/apuntesdesanluis.com\/index.php\/2025\/03\/04\/el-gobierno-quiere-que-los-extranjeros-no-residentes-paguen-por-la-salud-y-la-educacion\/"]}]},{"@type":"ImageObject","inLanguage":"es-AR","@id":"https:\/\/apuntesdesanluis.com\/index.php\/2025\/03\/04\/el-gobierno-quiere-que-los-extranjeros-no-residentes-paguen-por-la-salud-y-la-educacion\/#primaryimage","url":"https:\/\/apuntesdesanluis.com\/wp-content\/uploads\/2025\/03\/MILEI-LEY-MIGRATORIA.png","contentUrl":"https:\/\/apuntesdesanluis.com\/wp-content\/uploads\/2025\/03\/MILEI-LEY-MIGRATORIA.png","width":619,"height":391},{"@type":"BreadcrumbList","@id":"https:\/\/apuntesdesanluis.com\/index.php\/2025\/03\/04\/el-gobierno-quiere-que-los-extranjeros-no-residentes-paguen-por-la-salud-y-la-educacion\/#breadcrumb","itemListElement":[{"@type":"ListItem","position":1,"name":"Inicio","item":"https:\/\/apuntesdesanluis.com\/"},{"@type":"ListItem","position":2,"name":"EL GOBIERNO QUIERE QUE LOS EXTRANJEROS NO RESIDENTES PAGUEN POR LA SALUD Y LA EDUCACI\u00d3N"}]},{"@type":"WebSite","@id":"https:\/\/apuntesdesanluis.com\/#website","url":"https:\/\/apuntesdesanluis.com\/","name":"Apuntes de San Luis","description":"","publisher":{"@id":"https:\/\/apuntesdesanluis.com\/#\/schema\/person\/b55151d52296fcce64d1a72538a70b90"},"potentialAction":[{"@type":"SearchAction","target":{"@type":"EntryPoint","urlTemplate":"https:\/\/apuntesdesanluis.com\/?s={search_term_string}"},"query-input":{"@type":"PropertyValueSpecification","valueRequired":true,"valueName":"search_term_string"}}],"inLanguage":"es-AR"},{"@type":["Person","Organization"],"@id":"https:\/\/apuntesdesanluis.com\/#\/schema\/person\/b55151d52296fcce64d1a72538a70b90","name":"apuntesdesanluis.com","image":{"@type":"ImageObject","inLanguage":"es-AR","@id":"https:\/\/apuntesdesanluis.com\/#\/schema\/person\/image\/","url":"https:\/\/apuntesdesanluis.com\/wp-content\/uploads\/2023\/07\/cropped-apuntesdesanluis.png","contentUrl":"https:\/\/apuntesdesanluis.com\/wp-content\/uploads\/2023\/07\/cropped-apuntesdesanluis.png","width":450,"height":112,"caption":"apuntesdesanluis.com"},"logo":{"@id":"https:\/\/apuntesdesanluis.com\/#\/schema\/person\/image\/"},"sameAs":["https:\/\/apuntesdesanluis.com"],"url":"https:\/\/apuntesdesanluis.com\/index.php\/author\/apuntesdesanluis-com\/"}]}},"featured_image_urls":{"full":["https:\/\/apuntesdesanluis.com\/wp-content\/uploads\/2025\/03\/MILEI-LEY-MIGRATORIA.png",619,391,false],"thumbnail":["https:\/\/apuntesdesanluis.com\/wp-content\/uploads\/2025\/03\/MILEI-LEY-MIGRATORIA-150x150.png",150,150,true],"medium":["https:\/\/apuntesdesanluis.com\/wp-content\/uploads\/2025\/03\/MILEI-LEY-MIGRATORIA-300x189.png",300,189,true],"medium_large":["https:\/\/apuntesdesanluis.com\/wp-content\/uploads\/2025\/03\/MILEI-LEY-MIGRATORIA.png",619,391,false],"large":["https:\/\/apuntesdesanluis.com\/wp-content\/uploads\/2025\/03\/MILEI-LEY-MIGRATORIA.png",619,391,false],"1536x1536":["https:\/\/apuntesdesanluis.com\/wp-content\/uploads\/2025\/03\/MILEI-LEY-MIGRATORIA.png",619,391,false],"2048x2048":["https:\/\/apuntesdesanluis.com\/wp-content\/uploads\/2025\/03\/MILEI-LEY-MIGRATORIA.png",619,391,false],"newsever-slider-full":["https:\/\/apuntesdesanluis.com\/wp-content\/uploads\/2025\/03\/MILEI-LEY-MIGRATORIA.png",619,391,false],"newsever-featured":["https:\/\/apuntesdesanluis.com\/wp-content\/uploads\/2025\/03\/MILEI-LEY-MIGRATORIA.png",619,391,false],"newsever-medium":["https:\/\/apuntesdesanluis.com\/wp-content\/uploads\/2025\/03\/MILEI-LEY-MIGRATORIA.png",619,391,false]},"author_info":{"display_name":"apuntesdesanluis.com","author_link":"https:\/\/apuntesdesanluis.com\/index.php\/author\/apuntesdesanluis-com\/"},"category_info":"<a href=\"https:\/\/apuntesdesanluis.com\/index.php\/category\/nacionales-internacionales\/\" rel=\"category tag\">Nacionales\/Internacionales<\/a>","tag_info":"Nacionales\/Internacionales","comment_count":"0","_links":{"self":[{"href":"https:\/\/apuntesdesanluis.com\/index.php\/wp-json\/wp\/v2\/posts\/29977","targetHints":{"allow":["GET"]}}],"collection":[{"href":"https:\/\/apuntesdesanluis.com\/index.php\/wp-json\/wp\/v2\/posts"}],"about":[{"href":"https:\/\/apuntesdesanluis.com\/index.php\/wp-json\/wp\/v2\/types\/post"}],"author":[{"embeddable":true,"href":"https:\/\/apuntesdesanluis.com\/index.php\/wp-json\/wp\/v2\/users\/1"}],"replies":[{"embeddable":true,"href":"https:\/\/apuntesdesanluis.com\/index.php\/wp-json\/wp\/v2\/comments?post=29977"}],"version-history":[{"count":1,"href":"https:\/\/apuntesdesanluis.com\/index.php\/wp-json\/wp\/v2\/posts\/29977\/revisions"}],"predecessor-version":[{"id":29979,"href":"https:\/\/apuntesdesanluis.com\/index.php\/wp-json\/wp\/v2\/posts\/29977\/revisions\/29979"}],"wp:featuredmedia":[{"embeddable":true,"href":"https:\/\/apuntesdesanluis.com\/index.php\/wp-json\/wp\/v2\/media\/29978"}],"wp:attachment":[{"href":"https:\/\/apuntesdesanluis.com\/index.php\/wp-json\/wp\/v2\/media?parent=29977"}],"wp:term":[{"taxonomy":"category","embeddable":true,"href":"https:\/\/apuntesdesanluis.com\/index.php\/wp-json\/wp\/v2\/categories?post=29977"},{"taxonomy":"post_tag","embeddable":true,"href":"https:\/\/apuntesdesanluis.com\/index.php\/wp-json\/wp\/v2\/tags?post=29977"}],"curies":[{"name":"wp","href":"https:\/\/api.w.org\/{rel}","templated":true}]}}