{"id":29984,"date":"2025-03-04T20:47:24","date_gmt":"2025-03-04T23:47:24","guid":{"rendered":"https:\/\/apuntesdesanluis.com\/?p=29984"},"modified":"2025-03-04T20:47:24","modified_gmt":"2025-03-04T23:47:24","slug":"el-fiscal-taiano-prepara-nuevas-medidas-en-la-investigacion-del-caso-libra","status":"publish","type":"post","link":"https:\/\/apuntesdesanluis.com\/index.php\/2025\/03\/04\/el-fiscal-taiano-prepara-nuevas-medidas-en-la-investigacion-del-caso-libra\/","title":{"rendered":"EL FISCAL TAIANO PREPARA NUEVAS MEDIDAS EN LA INVESTIGACI\u00d3N DEL CASO $LIBRA"},"content":{"rendered":"<h3>El fiscal <strong>Eduardo Taiano<\/strong>, que tiene a su cargo la investigaci\u00f3n del Criptogate por la difusi\u00f3n de la criptomoneda <strong>$LIBRA<\/strong>, preparar\u00e1 nuevas medidas para esclarecer presuntos delitos de fraude, cohecho y tr\u00e1fico de influencias, en el que se encuentran involucrados el presidente Javier Milei, su hermana Karina y el propio vocero Manuel Adorni, adem\u00e1s de otros personajes vinculados a la maniobra.<\/h3>\n<h3>Entre las medidas se encuentra la recopilaci\u00f3n de pruebas digitales clave, la localizaci\u00f3n de activos, el rastreo de transacciones sospechosas y tambi\u00e9n pedidos de cooperaci\u00f3n internacional para acceder a informaci\u00f3n de exchanges y entidades financieras extranjeras que pudieron haber participado en la operatoria.\u00a0Sin embargo, Taiano se centra en la preservaci\u00f3n de la prueba digital.<\/h3>\n<h3>El fiscal solicit\u00f3 registros detallados de todas las transacciones que tengan v\u00ednculo con $LIBRA, con el objetivo de identificar a los beneficiarios de las ganancias obtenidas.<\/h3>\n<h3>Tambi\u00e9n orden\u00f3 la recuperaci\u00f3n de publicaciones eliminadas de las redes sociales, entre las que se incluye el tweet del presidente Javier Milei promoviendo la criptomoneda, del pasado 14 de febrero.<\/h3>\n<h3>El congelamiento de direcciones digitales, para Taiaino, tiene como objetivo evitar la dispersi\u00f3n de los fondos e impedir que los activos obtenidos mediante la operaci\u00f3n fraudulenta sean movilizados o transferidos a otras plataformas, lo cual har\u00eda mucho m\u00e1s dif\u00edcil su rastreo.<\/h3>\n<h3>A su vez, el fiscal trabaja en la redacci\u00f3n de exhortos internacionales para acceder a la informaci\u00f3n sobre las transacciones realizadas a trav\u00e9s de plataformas de intercambio de criptomonedas con sede en el extranjero.<\/h3>\n<h3>Ya se iniciaron gestiones, junto a organismos internacionales y entidades reguladoras, para obtener registros de los movimientos financieros.<\/h3>\n<h3>Taiano tambi\u00e9n solicit\u00f3 registros de las personas que visitaron la Casa Rosada y la Quinta de Olivos, informes sobre las comunicaciones telef\u00f3nicas y la elaboraci\u00f3n de una lista de testigos que puedan aportar informaci\u00f3n relevante sobre el funcionamiento de $LIBRA.<\/h3>\n<h3>Por \u00faltimo, el fiscal puso el ojo en el an\u00e1lisis del marco legal aplicable a las criptomonedas en el pa\u00eds.<\/h3>\n<h3>Tiene como objetivo verificar si existieron irregularidades en la regulaci\u00f3n y supervisi\u00f3n de $LIBRA como tambi\u00e9n en las acciones del Banco Central de la Rep\u00fablica Argentina (BCRA) y la Comisi\u00f3n Nacional de Valores, en cuanto a su comercializaci\u00f3n.<\/h3>\n<p>&nbsp;<\/p>\n<p>&nbsp;<\/p>\n<p>&nbsp;<\/p>\n<h3><\/h3>\n<p>&nbsp;<\/p>\n<p>&nbsp;<\/p>\n","protected":false},"excerpt":{"rendered":"<p>El fiscal Eduardo Taiano, que tiene a su cargo la investigaci\u00f3n del Criptogate por la&#8230;<\/p>\n","protected":false},"author":1,"featured_media":29257,"comment_status":"closed","ping_status":"closed","sticky":false,"template":"","format":"standard","meta":{"footnotes":""},"categories":[5],"tags":[],"class_list":["post-29984","post","type-post","status-publish","format-standard","has-post-thumbnail","hentry","category-nacionales-internacionales"],"yoast_head":"<!-- This site is optimized with the Yoast SEO plugin v26.1.1 - https:\/\/yoast.com\/wordpress\/plugins\/seo\/ -->\n<title>EL FISCAL TAIANO PREPARA NUEVAS MEDIDAS EN LA INVESTIGACI\u00d3N DEL CASO $LIBRA - Apuntes de San Luis<\/title>\n<meta name=\"robots\" content=\"index, follow, max-snippet:-1, max-image-preview:large, max-video-preview:-1\" \/>\n<link rel=\"canonical\" href=\"https:\/\/apuntesdesanluis.com\/index.php\/2025\/03\/04\/el-fiscal-taiano-prepara-nuevas-medidas-en-la-investigacion-del-caso-libra\/\" \/>\n<meta property=\"og:locale\" content=\"es_ES\" \/>\n<meta property=\"og:type\" content=\"article\" \/>\n<meta property=\"og:title\" content=\"EL FISCAL TAIANO PREPARA NUEVAS MEDIDAS EN LA INVESTIGACI\u00d3N DEL CASO $LIBRA - Apuntes de San Luis\" \/>\n<meta property=\"og:description\" content=\"El fiscal Eduardo Taiano, que tiene a su cargo la investigaci\u00f3n del Criptogate por la...\" \/>\n<meta property=\"og:url\" content=\"https:\/\/apuntesdesanluis.com\/index.php\/2025\/03\/04\/el-fiscal-taiano-prepara-nuevas-medidas-en-la-investigacion-del-caso-libra\/\" \/>\n<meta property=\"og:site_name\" content=\"Apuntes de San Luis\" \/>\n<meta property=\"article:published_time\" content=\"2025-03-04T23:47:24+00:00\" \/>\n<meta property=\"og:image\" content=\"https:\/\/apuntesdesanluis.com\/wp-content\/uploads\/2025\/02\/milei-y-davis.png\" \/>\n\t<meta property=\"og:image:width\" content=\"745\" \/>\n\t<meta property=\"og:image:height\" content=\"618\" \/>\n\t<meta property=\"og:image:type\" content=\"image\/png\" \/>\n<meta name=\"author\" content=\"apuntesdesanluis.com\" \/>\n<meta name=\"twitter:card\" content=\"summary_large_image\" \/>\n<meta name=\"twitter:label1\" content=\"Escrito por\" \/>\n\t<meta name=\"twitter:data1\" content=\"apuntesdesanluis.com\" \/>\n\t<meta name=\"twitter:label2\" content=\"Tiempo de lectura\" \/>\n\t<meta name=\"twitter:data2\" content=\"2 minutos\" \/>\n<script type=\"application\/ld+json\" class=\"yoast-schema-graph\">{\"@context\":\"https:\/\/schema.org\",\"@graph\":[{\"@type\":\"Article\",\"@id\":\"https:\/\/apuntesdesanluis.com\/index.php\/2025\/03\/04\/el-fiscal-taiano-prepara-nuevas-medidas-en-la-investigacion-del-caso-libra\/#article\",\"isPartOf\":{\"@id\":\"https:\/\/apuntesdesanluis.com\/index.php\/2025\/03\/04\/el-fiscal-taiano-prepara-nuevas-medidas-en-la-investigacion-del-caso-libra\/\"},\"author\":{\"name\":\"apuntesdesanluis.com\",\"@id\":\"https:\/\/apuntesdesanluis.com\/#\/schema\/person\/b55151d52296fcce64d1a72538a70b90\"},\"headline\":\"EL FISCAL TAIANO PREPARA NUEVAS MEDIDAS EN LA INVESTIGACI\u00d3N DEL CASO $LIBRA\",\"datePublished\":\"2025-03-04T23:47:24+00:00\",\"mainEntityOfPage\":{\"@id\":\"https:\/\/apuntesdesanluis.com\/index.php\/2025\/03\/04\/el-fiscal-taiano-prepara-nuevas-medidas-en-la-investigacion-del-caso-libra\/\"},\"wordCount\":413,\"publisher\":{\"@id\":\"https:\/\/apuntesdesanluis.com\/#\/schema\/person\/b55151d52296fcce64d1a72538a70b90\"},\"image\":{\"@id\":\"https:\/\/apuntesdesanluis.com\/index.php\/2025\/03\/04\/el-fiscal-taiano-prepara-nuevas-medidas-en-la-investigacion-del-caso-libra\/#primaryimage\"},\"thumbnailUrl\":\"https:\/\/apuntesdesanluis.com\/wp-content\/uploads\/2025\/02\/milei-y-davis.png\",\"articleSection\":[\"Nacionales\/Internacionales\"],\"inLanguage\":\"es-AR\"},{\"@type\":\"WebPage\",\"@id\":\"https:\/\/apuntesdesanluis.com\/index.php\/2025\/03\/04\/el-fiscal-taiano-prepara-nuevas-medidas-en-la-investigacion-del-caso-libra\/\",\"url\":\"https:\/\/apuntesdesanluis.com\/index.php\/2025\/03\/04\/el-fiscal-taiano-prepara-nuevas-medidas-en-la-investigacion-del-caso-libra\/\",\"name\":\"EL FISCAL TAIANO PREPARA NUEVAS MEDIDAS EN LA INVESTIGACI\u00d3N DEL CASO $LIBRA - Apuntes de San Luis\",\"isPartOf\":{\"@id\":\"https:\/\/apuntesdesanluis.com\/#website\"},\"primaryImageOfPage\":{\"@id\":\"https:\/\/apuntesdesanluis.com\/index.php\/2025\/03\/04\/el-fiscal-taiano-prepara-nuevas-medidas-en-la-investigacion-del-caso-libra\/#primaryimage\"},\"image\":{\"@id\":\"https:\/\/apuntesdesanluis.com\/index.php\/2025\/03\/04\/el-fiscal-taiano-prepara-nuevas-medidas-en-la-investigacion-del-caso-libra\/#primaryimage\"},\"thumbnailUrl\":\"https:\/\/apuntesdesanluis.com\/wp-content\/uploads\/2025\/02\/milei-y-davis.png\",\"datePublished\":\"2025-03-04T23:47:24+00:00\",\"breadcrumb\":{\"@id\":\"https:\/\/apuntesdesanluis.com\/index.php\/2025\/03\/04\/el-fiscal-taiano-prepara-nuevas-medidas-en-la-investigacion-del-caso-libra\/#breadcrumb\"},\"inLanguage\":\"es-AR\",\"potentialAction\":[{\"@type\":\"ReadAction\",\"target\":[\"https:\/\/apuntesdesanluis.com\/index.php\/2025\/03\/04\/el-fiscal-taiano-prepara-nuevas-medidas-en-la-investigacion-del-caso-libra\/\"]}]},{\"@type\":\"ImageObject\",\"inLanguage\":\"es-AR\",\"@id\":\"https:\/\/apuntesdesanluis.com\/index.php\/2025\/03\/04\/el-fiscal-taiano-prepara-nuevas-medidas-en-la-investigacion-del-caso-libra\/#primaryimage\",\"url\":\"https:\/\/apuntesdesanluis.com\/wp-content\/uploads\/2025\/02\/milei-y-davis.png\",\"contentUrl\":\"https:\/\/apuntesdesanluis.com\/wp-content\/uploads\/2025\/02\/milei-y-davis.png\",\"width\":745,\"height\":618},{\"@type\":\"BreadcrumbList\",\"@id\":\"https:\/\/apuntesdesanluis.com\/index.php\/2025\/03\/04\/el-fiscal-taiano-prepara-nuevas-medidas-en-la-investigacion-del-caso-libra\/#breadcrumb\",\"itemListElement\":[{\"@type\":\"ListItem\",\"position\":1,\"name\":\"Inicio\",\"item\":\"https:\/\/apuntesdesanluis.com\/\"},{\"@type\":\"ListItem\",\"position\":2,\"name\":\"EL FISCAL TAIANO PREPARA NUEVAS MEDIDAS EN LA INVESTIGACI\u00d3N DEL CASO $LIBRA\"}]},{\"@type\":\"WebSite\",\"@id\":\"https:\/\/apuntesdesanluis.com\/#website\",\"url\":\"https:\/\/apuntesdesanluis.com\/\",\"name\":\"Apuntes de San Luis\",\"description\":\"\",\"publisher\":{\"@id\":\"https:\/\/apuntesdesanluis.com\/#\/schema\/person\/b55151d52296fcce64d1a72538a70b90\"},\"potentialAction\":[{\"@type\":\"SearchAction\",\"target\":{\"@type\":\"EntryPoint\",\"urlTemplate\":\"https:\/\/apuntesdesanluis.com\/?s={search_term_string}\"},\"query-input\":{\"@type\":\"PropertyValueSpecification\",\"valueRequired\":true,\"valueName\":\"search_term_string\"}}],\"inLanguage\":\"es-AR\"},{\"@type\":[\"Person\",\"Organization\"],\"@id\":\"https:\/\/apuntesdesanluis.com\/#\/schema\/person\/b55151d52296fcce64d1a72538a70b90\",\"name\":\"apuntesdesanluis.com\",\"image\":{\"@type\":\"ImageObject\",\"inLanguage\":\"es-AR\",\"@id\":\"https:\/\/apuntesdesanluis.com\/#\/schema\/person\/image\/\",\"url\":\"https:\/\/apuntesdesanluis.com\/wp-content\/uploads\/2023\/07\/cropped-apuntesdesanluis.png\",\"contentUrl\":\"https:\/\/apuntesdesanluis.com\/wp-content\/uploads\/2023\/07\/cropped-apuntesdesanluis.png\",\"width\":450,\"height\":112,\"caption\":\"apuntesdesanluis.com\"},\"logo\":{\"@id\":\"https:\/\/apuntesdesanluis.com\/#\/schema\/person\/image\/\"},\"sameAs\":[\"https:\/\/apuntesdesanluis.com\"],\"url\":\"https:\/\/apuntesdesanluis.com\/index.php\/author\/apuntesdesanluis-com\/\"}]}<\/script>\n<!-- \/ Yoast SEO plugin. -->","yoast_head_json":{"title":"EL FISCAL TAIANO PREPARA NUEVAS MEDIDAS EN LA INVESTIGACI\u00d3N DEL CASO $LIBRA - Apuntes de San Luis","robots":{"index":"index","follow":"follow","max-snippet":"max-snippet:-1","max-image-preview":"max-image-preview:large","max-video-preview":"max-video-preview:-1"},"canonical":"https:\/\/apuntesdesanluis.com\/index.php\/2025\/03\/04\/el-fiscal-taiano-prepara-nuevas-medidas-en-la-investigacion-del-caso-libra\/","og_locale":"es_ES","og_type":"article","og_title":"EL FISCAL TAIANO PREPARA NUEVAS MEDIDAS EN LA INVESTIGACI\u00d3N DEL CASO $LIBRA - Apuntes de San Luis","og_description":"El fiscal Eduardo Taiano, que tiene a su cargo la investigaci\u00f3n del Criptogate por la...","og_url":"https:\/\/apuntesdesanluis.com\/index.php\/2025\/03\/04\/el-fiscal-taiano-prepara-nuevas-medidas-en-la-investigacion-del-caso-libra\/","og_site_name":"Apuntes de San Luis","article_published_time":"2025-03-04T23:47:24+00:00","og_image":[{"width":745,"height":618,"url":"https:\/\/apuntesdesanluis.com\/wp-content\/uploads\/2025\/02\/milei-y-davis.png","type":"image\/png"}],"author":"apuntesdesanluis.com","twitter_card":"summary_large_image","twitter_misc":{"Escrito por":"apuntesdesanluis.com","Tiempo de lectura":"2 minutos"},"schema":{"@context":"https:\/\/schema.org","@graph":[{"@type":"Article","@id":"https:\/\/apuntesdesanluis.com\/index.php\/2025\/03\/04\/el-fiscal-taiano-prepara-nuevas-medidas-en-la-investigacion-del-caso-libra\/#article","isPartOf":{"@id":"https:\/\/apuntesdesanluis.com\/index.php\/2025\/03\/04\/el-fiscal-taiano-prepara-nuevas-medidas-en-la-investigacion-del-caso-libra\/"},"author":{"name":"apuntesdesanluis.com","@id":"https:\/\/apuntesdesanluis.com\/#\/schema\/person\/b55151d52296fcce64d1a72538a70b90"},"headline":"EL FISCAL TAIANO PREPARA NUEVAS MEDIDAS EN LA INVESTIGACI\u00d3N DEL CASO $LIBRA","datePublished":"2025-03-04T23:47:24+00:00","mainEntityOfPage":{"@id":"https:\/\/apuntesdesanluis.com\/index.php\/2025\/03\/04\/el-fiscal-taiano-prepara-nuevas-medidas-en-la-investigacion-del-caso-libra\/"},"wordCount":413,"publisher":{"@id":"https:\/\/apuntesdesanluis.com\/#\/schema\/person\/b55151d52296fcce64d1a72538a70b90"},"image":{"@id":"https:\/\/apuntesdesanluis.com\/index.php\/2025\/03\/04\/el-fiscal-taiano-prepara-nuevas-medidas-en-la-investigacion-del-caso-libra\/#primaryimage"},"thumbnailUrl":"https:\/\/apuntesdesanluis.com\/wp-content\/uploads\/2025\/02\/milei-y-davis.png","articleSection":["Nacionales\/Internacionales"],"inLanguage":"es-AR"},{"@type":"WebPage","@id":"https:\/\/apuntesdesanluis.com\/index.php\/2025\/03\/04\/el-fiscal-taiano-prepara-nuevas-medidas-en-la-investigacion-del-caso-libra\/","url":"https:\/\/apuntesdesanluis.com\/index.php\/2025\/03\/04\/el-fiscal-taiano-prepara-nuevas-medidas-en-la-investigacion-del-caso-libra\/","name":"EL FISCAL TAIANO PREPARA NUEVAS MEDIDAS EN LA INVESTIGACI\u00d3N DEL CASO $LIBRA - Apuntes de San Luis","isPartOf":{"@id":"https:\/\/apuntesdesanluis.com\/#website"},"primaryImageOfPage":{"@id":"https:\/\/apuntesdesanluis.com\/index.php\/2025\/03\/04\/el-fiscal-taiano-prepara-nuevas-medidas-en-la-investigacion-del-caso-libra\/#primaryimage"},"image":{"@id":"https:\/\/apuntesdesanluis.com\/index.php\/2025\/03\/04\/el-fiscal-taiano-prepara-nuevas-medidas-en-la-investigacion-del-caso-libra\/#primaryimage"},"thumbnailUrl":"https:\/\/apuntesdesanluis.com\/wp-content\/uploads\/2025\/02\/milei-y-davis.png","datePublished":"2025-03-04T23:47:24+00:00","breadcrumb":{"@id":"https:\/\/apuntesdesanluis.com\/index.php\/2025\/03\/04\/el-fiscal-taiano-prepara-nuevas-medidas-en-la-investigacion-del-caso-libra\/#breadcrumb"},"inLanguage":"es-AR","potentialAction":[{"@type":"ReadAction","target":["https:\/\/apuntesdesanluis.com\/index.php\/2025\/03\/04\/el-fiscal-taiano-prepara-nuevas-medidas-en-la-investigacion-del-caso-libra\/"]}]},{"@type":"ImageObject","inLanguage":"es-AR","@id":"https:\/\/apuntesdesanluis.com\/index.php\/2025\/03\/04\/el-fiscal-taiano-prepara-nuevas-medidas-en-la-investigacion-del-caso-libra\/#primaryimage","url":"https:\/\/apuntesdesanluis.com\/wp-content\/uploads\/2025\/02\/milei-y-davis.png","contentUrl":"https:\/\/apuntesdesanluis.com\/wp-content\/uploads\/2025\/02\/milei-y-davis.png","width":745,"height":618},{"@type":"BreadcrumbList","@id":"https:\/\/apuntesdesanluis.com\/index.php\/2025\/03\/04\/el-fiscal-taiano-prepara-nuevas-medidas-en-la-investigacion-del-caso-libra\/#breadcrumb","itemListElement":[{"@type":"ListItem","position":1,"name":"Inicio","item":"https:\/\/apuntesdesanluis.com\/"},{"@type":"ListItem","position":2,"name":"EL FISCAL TAIANO PREPARA NUEVAS MEDIDAS EN LA INVESTIGACI\u00d3N DEL CASO $LIBRA"}]},{"@type":"WebSite","@id":"https:\/\/apuntesdesanluis.com\/#website","url":"https:\/\/apuntesdesanluis.com\/","name":"Apuntes de San Luis","description":"","publisher":{"@id":"https:\/\/apuntesdesanluis.com\/#\/schema\/person\/b55151d52296fcce64d1a72538a70b90"},"potentialAction":[{"@type":"SearchAction","target":{"@type":"EntryPoint","urlTemplate":"https:\/\/apuntesdesanluis.com\/?s={search_term_string}"},"query-input":{"@type":"PropertyValueSpecification","valueRequired":true,"valueName":"search_term_string"}}],"inLanguage":"es-AR"},{"@type":["Person","Organization"],"@id":"https:\/\/apuntesdesanluis.com\/#\/schema\/person\/b55151d52296fcce64d1a72538a70b90","name":"apuntesdesanluis.com","image":{"@type":"ImageObject","inLanguage":"es-AR","@id":"https:\/\/apuntesdesanluis.com\/#\/schema\/person\/image\/","url":"https:\/\/apuntesdesanluis.com\/wp-content\/uploads\/2023\/07\/cropped-apuntesdesanluis.png","contentUrl":"https:\/\/apuntesdesanluis.com\/wp-content\/uploads\/2023\/07\/cropped-apuntesdesanluis.png","width":450,"height":112,"caption":"apuntesdesanluis.com"},"logo":{"@id":"https:\/\/apuntesdesanluis.com\/#\/schema\/person\/image\/"},"sameAs":["https:\/\/apuntesdesanluis.com"],"url":"https:\/\/apuntesdesanluis.com\/index.php\/author\/apuntesdesanluis-com\/"}]}},"featured_image_urls":{"full":["https:\/\/apuntesdesanluis.com\/wp-content\/uploads\/2025\/02\/milei-y-davis.png",745,618,false],"thumbnail":["https:\/\/apuntesdesanluis.com\/wp-content\/uploads\/2025\/02\/milei-y-davis-150x150.png",150,150,true],"medium":["https:\/\/apuntesdesanluis.com\/wp-content\/uploads\/2025\/02\/milei-y-davis-300x249.png",300,249,true],"medium_large":["https:\/\/apuntesdesanluis.com\/wp-content\/uploads\/2025\/02\/milei-y-davis.png",640,531,false],"large":["https:\/\/apuntesdesanluis.com\/wp-content\/uploads\/2025\/02\/milei-y-davis.png",640,531,false],"1536x1536":["https:\/\/apuntesdesanluis.com\/wp-content\/uploads\/2025\/02\/milei-y-davis.png",745,618,false],"2048x2048":["https:\/\/apuntesdesanluis.com\/wp-content\/uploads\/2025\/02\/milei-y-davis.png",745,618,false],"newsever-slider-full":["https:\/\/apuntesdesanluis.com\/wp-content\/uploads\/2025\/02\/milei-y-davis.png",745,618,false],"newsever-featured":["https:\/\/apuntesdesanluis.com\/wp-content\/uploads\/2025\/02\/milei-y-davis.png",745,618,false],"newsever-medium":["https:\/\/apuntesdesanluis.com\/wp-content\/uploads\/2025\/02\/milei-y-davis-720x475.png",720,475,true]},"author_info":{"display_name":"apuntesdesanluis.com","author_link":"https:\/\/apuntesdesanluis.com\/index.php\/author\/apuntesdesanluis-com\/"},"category_info":"<a href=\"https:\/\/apuntesdesanluis.com\/index.php\/category\/nacionales-internacionales\/\" rel=\"category tag\">Nacionales\/Internacionales<\/a>","tag_info":"Nacionales\/Internacionales","comment_count":"0","_links":{"self":[{"href":"https:\/\/apuntesdesanluis.com\/index.php\/wp-json\/wp\/v2\/posts\/29984","targetHints":{"allow":["GET"]}}],"collection":[{"href":"https:\/\/apuntesdesanluis.com\/index.php\/wp-json\/wp\/v2\/posts"}],"about":[{"href":"https:\/\/apuntesdesanluis.com\/index.php\/wp-json\/wp\/v2\/types\/post"}],"author":[{"embeddable":true,"href":"https:\/\/apuntesdesanluis.com\/index.php\/wp-json\/wp\/v2\/users\/1"}],"replies":[{"embeddable":true,"href":"https:\/\/apuntesdesanluis.com\/index.php\/wp-json\/wp\/v2\/comments?post=29984"}],"version-history":[{"count":1,"href":"https:\/\/apuntesdesanluis.com\/index.php\/wp-json\/wp\/v2\/posts\/29984\/revisions"}],"predecessor-version":[{"id":29985,"href":"https:\/\/apuntesdesanluis.com\/index.php\/wp-json\/wp\/v2\/posts\/29984\/revisions\/29985"}],"wp:featuredmedia":[{"embeddable":true,"href":"https:\/\/apuntesdesanluis.com\/index.php\/wp-json\/wp\/v2\/media\/29257"}],"wp:attachment":[{"href":"https:\/\/apuntesdesanluis.com\/index.php\/wp-json\/wp\/v2\/media?parent=29984"}],"wp:term":[{"taxonomy":"category","embeddable":true,"href":"https:\/\/apuntesdesanluis.com\/index.php\/wp-json\/wp\/v2\/categories?post=29984"},{"taxonomy":"post_tag","embeddable":true,"href":"https:\/\/apuntesdesanluis.com\/index.php\/wp-json\/wp\/v2\/tags?post=29984"}],"curies":[{"name":"wp","href":"https:\/\/api.w.org\/{rel}","templated":true}]}}