{"id":29988,"date":"2025-03-04T21:19:56","date_gmt":"2025-03-05T00:19:56","guid":{"rendered":"https:\/\/apuntesdesanluis.com\/?p=29988"},"modified":"2025-03-04T21:19:56","modified_gmt":"2025-03-05T00:19:56","slug":"retonto-suelto-puso-a-su-hijo-de-7-anos-a-manejar-de-noche-lo-filmo-y-subio-a-redes","status":"publish","type":"post","link":"https:\/\/apuntesdesanluis.com\/index.php\/2025\/03\/04\/retonto-suelto-puso-a-su-hijo-de-7-anos-a-manejar-de-noche-lo-filmo-y-subio-a-redes\/","title":{"rendered":"RETONTO SUELTO: PUSO A SU HIJO DE 7 A\u00d1OS A MANEJAR DE NOCHE, LO FILM\u00d3 Y SUBI\u00d3 A REDES"},"content":{"rendered":"<h3>Un menor de 7 a\u00f1os manej\u00f3 el veh\u00edculo de su padre mientras este lo grababa para compartirlo en redes sociales, por las calles de <strong>Jos\u00e9 C. Paz<\/strong>. Lejos de tomarse como un chiste, la viralizaci\u00f3n de las im\u00e1genes produjo un fuerte repudio y el responsable podr\u00eda recibir una multa y sufrir el retiro de su licencia de conducir.<\/h3>\n<h3>&#8220;\u00bfC\u00f3mo puede ser que un padre permita que su hijo de 7 a\u00f1os conduzca un auto? \u00a1Estamos todos locos!&#8221;, fue uno de los comentarios que se pod\u00edan leer en las im\u00e1genes que se viralizaron este martes en redes sociales y generaron fuertes reacciones.<\/h3>\n<h3>En el video difundido por el propio padre del menor se puede ver al nene de 7 a\u00f1os al volante, sin cintur\u00f3n de seguridad, en medio de la oscuridad, manejando con m\u00fasica alta. &#8220;Pegale una pisadita a ver qu\u00e9 onda&#8221;, incita el adulto a su hijo mientras registra la secuencia.<\/h3>\n<h3>&#8220;Tranki, el heredero de la mu\u00f1eca de papi, porque de plata no ten\u00e9s ni un peso&#8221;, se lee en un mensaje escrito que acompa\u00f1a el video donde se ve al menor conduciendo, como si se tratara de un contenido humor\u00edstico.<\/h3>\n<p><iframe title=\"\ud83d\udd34 Un ni\u00f1o manej\u00f3 por las calles de la localidad bonaerense de Jos\u00e9 C. Paz\" width=\"640\" height=\"480\" src=\"https:\/\/www.youtube.com\/embed\/q5QcG_o8poo?feature=oembed\" frameborder=\"0\" allow=\"accelerometer; autoplay; clipboard-write; encrypted-media; gyroscope; picture-in-picture; web-share\" referrerpolicy=\"strict-origin-when-cross-origin\" allowfullscreen><\/iframe><\/p>\n<h3>El adulto responsable del menor ya fue identificado por las autoridades y, seg\u00fan trascendi\u00f3, cuenta con antecedentes correspondientes a pocas semanas atr\u00e1s, dado que habr\u00eda cometido un episodio similar en Villa Gesell.<\/h3>\n<h3>En primera instancia, el hombre que film\u00f3 al menor podr\u00eda sufrir el retiro de su licencia de conducir, al mismo tiempo que recibir\u00eda una multa.<\/h3>\n<p>&nbsp;<\/p>\n<p>&nbsp;<\/p>\n<p>&nbsp;<\/p>\n<h3><\/h3>\n<h3><\/h3>\n<p>&nbsp;<\/p>\n","protected":false},"excerpt":{"rendered":"<p>Un menor de 7 a\u00f1os manej\u00f3 el veh\u00edculo de su padre mientras este lo grababa&#8230;<\/p>\n","protected":false},"author":1,"featured_media":29989,"comment_status":"closed","ping_status":"closed","sticky":false,"template":"","format":"standard","meta":{"footnotes":""},"categories":[7,5],"tags":[],"class_list":["post-29988","post","type-post","status-publish","format-standard","has-post-thumbnail","hentry","category-bizarro-insolito","category-nacionales-internacionales"],"yoast_head":"<!-- This site is optimized with the Yoast SEO plugin v26.1.1 - https:\/\/yoast.com\/wordpress\/plugins\/seo\/ -->\n<title>RETONTO SUELTO: PUSO A SU HIJO DE 7 A\u00d1OS A MANEJAR DE NOCHE, LO FILM\u00d3 Y SUBI\u00d3 A REDES - Apuntes de San Luis<\/title>\n<meta name=\"robots\" content=\"index, follow, max-snippet:-1, max-image-preview:large, max-video-preview:-1\" \/>\n<link rel=\"canonical\" href=\"https:\/\/apuntesdesanluis.com\/index.php\/2025\/03\/04\/retonto-suelto-puso-a-su-hijo-de-7-anos-a-manejar-de-noche-lo-filmo-y-subio-a-redes\/\" \/>\n<meta property=\"og:locale\" content=\"es_ES\" \/>\n<meta property=\"og:type\" content=\"article\" \/>\n<meta property=\"og:title\" content=\"RETONTO SUELTO: PUSO A SU HIJO DE 7 A\u00d1OS A MANEJAR DE NOCHE, LO FILM\u00d3 Y SUBI\u00d3 A REDES - Apuntes de San Luis\" \/>\n<meta property=\"og:description\" content=\"Un menor de 7 a\u00f1os manej\u00f3 el veh\u00edculo de su padre mientras este lo grababa...\" \/>\n<meta property=\"og:url\" content=\"https:\/\/apuntesdesanluis.com\/index.php\/2025\/03\/04\/retonto-suelto-puso-a-su-hijo-de-7-anos-a-manejar-de-noche-lo-filmo-y-subio-a-redes\/\" \/>\n<meta property=\"og:site_name\" content=\"Apuntes de San Luis\" \/>\n<meta property=\"article:published_time\" content=\"2025-03-05T00:19:56+00:00\" \/>\n<meta property=\"og:image\" content=\"https:\/\/apuntesdesanluis.com\/wp-content\/uploads\/2025\/03\/NENE-DE-7-ANOS.png\" \/>\n\t<meta property=\"og:image:width\" content=\"706\" \/>\n\t<meta property=\"og:image:height\" content=\"436\" \/>\n\t<meta property=\"og:image:type\" content=\"image\/png\" \/>\n<meta name=\"author\" content=\"apuntesdesanluis.com\" \/>\n<meta name=\"twitter:card\" content=\"summary_large_image\" \/>\n<meta name=\"twitter:label1\" content=\"Escrito por\" \/>\n\t<meta name=\"twitter:data1\" content=\"apuntesdesanluis.com\" \/>\n\t<meta name=\"twitter:label2\" content=\"Tiempo de lectura\" \/>\n\t<meta name=\"twitter:data2\" content=\"2 minutos\" \/>\n<script type=\"application\/ld+json\" class=\"yoast-schema-graph\">{\"@context\":\"https:\/\/schema.org\",\"@graph\":[{\"@type\":\"Article\",\"@id\":\"https:\/\/apuntesdesanluis.com\/index.php\/2025\/03\/04\/retonto-suelto-puso-a-su-hijo-de-7-anos-a-manejar-de-noche-lo-filmo-y-subio-a-redes\/#article\",\"isPartOf\":{\"@id\":\"https:\/\/apuntesdesanluis.com\/index.php\/2025\/03\/04\/retonto-suelto-puso-a-su-hijo-de-7-anos-a-manejar-de-noche-lo-filmo-y-subio-a-redes\/\"},\"author\":{\"name\":\"apuntesdesanluis.com\",\"@id\":\"https:\/\/apuntesdesanluis.com\/#\/schema\/person\/b55151d52296fcce64d1a72538a70b90\"},\"headline\":\"RETONTO SUELTO: PUSO A SU HIJO DE 7 A\u00d1OS A MANEJAR DE NOCHE, LO FILM\u00d3 Y SUBI\u00d3 A REDES\",\"datePublished\":\"2025-03-05T00:19:56+00:00\",\"mainEntityOfPage\":{\"@id\":\"https:\/\/apuntesdesanluis.com\/index.php\/2025\/03\/04\/retonto-suelto-puso-a-su-hijo-de-7-anos-a-manejar-de-noche-lo-filmo-y-subio-a-redes\/\"},\"wordCount\":300,\"publisher\":{\"@id\":\"https:\/\/apuntesdesanluis.com\/#\/schema\/person\/b55151d52296fcce64d1a72538a70b90\"},\"image\":{\"@id\":\"https:\/\/apuntesdesanluis.com\/index.php\/2025\/03\/04\/retonto-suelto-puso-a-su-hijo-de-7-anos-a-manejar-de-noche-lo-filmo-y-subio-a-redes\/#primaryimage\"},\"thumbnailUrl\":\"https:\/\/apuntesdesanluis.com\/wp-content\/uploads\/2025\/03\/NENE-DE-7-ANOS.png\",\"articleSection\":[\"Bizarro\/Ins\u00f3lito\",\"Nacionales\/Internacionales\"],\"inLanguage\":\"es-AR\"},{\"@type\":\"WebPage\",\"@id\":\"https:\/\/apuntesdesanluis.com\/index.php\/2025\/03\/04\/retonto-suelto-puso-a-su-hijo-de-7-anos-a-manejar-de-noche-lo-filmo-y-subio-a-redes\/\",\"url\":\"https:\/\/apuntesdesanluis.com\/index.php\/2025\/03\/04\/retonto-suelto-puso-a-su-hijo-de-7-anos-a-manejar-de-noche-lo-filmo-y-subio-a-redes\/\",\"name\":\"RETONTO SUELTO: PUSO A SU HIJO DE 7 A\u00d1OS A MANEJAR DE NOCHE, LO FILM\u00d3 Y SUBI\u00d3 A REDES - Apuntes de San Luis\",\"isPartOf\":{\"@id\":\"https:\/\/apuntesdesanluis.com\/#website\"},\"primaryImageOfPage\":{\"@id\":\"https:\/\/apuntesdesanluis.com\/index.php\/2025\/03\/04\/retonto-suelto-puso-a-su-hijo-de-7-anos-a-manejar-de-noche-lo-filmo-y-subio-a-redes\/#primaryimage\"},\"image\":{\"@id\":\"https:\/\/apuntesdesanluis.com\/index.php\/2025\/03\/04\/retonto-suelto-puso-a-su-hijo-de-7-anos-a-manejar-de-noche-lo-filmo-y-subio-a-redes\/#primaryimage\"},\"thumbnailUrl\":\"https:\/\/apuntesdesanluis.com\/wp-content\/uploads\/2025\/03\/NENE-DE-7-ANOS.png\",\"datePublished\":\"2025-03-05T00:19:56+00:00\",\"breadcrumb\":{\"@id\":\"https:\/\/apuntesdesanluis.com\/index.php\/2025\/03\/04\/retonto-suelto-puso-a-su-hijo-de-7-anos-a-manejar-de-noche-lo-filmo-y-subio-a-redes\/#breadcrumb\"},\"inLanguage\":\"es-AR\",\"potentialAction\":[{\"@type\":\"ReadAction\",\"target\":[\"https:\/\/apuntesdesanluis.com\/index.php\/2025\/03\/04\/retonto-suelto-puso-a-su-hijo-de-7-anos-a-manejar-de-noche-lo-filmo-y-subio-a-redes\/\"]}]},{\"@type\":\"ImageObject\",\"inLanguage\":\"es-AR\",\"@id\":\"https:\/\/apuntesdesanluis.com\/index.php\/2025\/03\/04\/retonto-suelto-puso-a-su-hijo-de-7-anos-a-manejar-de-noche-lo-filmo-y-subio-a-redes\/#primaryimage\",\"url\":\"https:\/\/apuntesdesanluis.com\/wp-content\/uploads\/2025\/03\/NENE-DE-7-ANOS.png\",\"contentUrl\":\"https:\/\/apuntesdesanluis.com\/wp-content\/uploads\/2025\/03\/NENE-DE-7-ANOS.png\",\"width\":706,\"height\":436},{\"@type\":\"BreadcrumbList\",\"@id\":\"https:\/\/apuntesdesanluis.com\/index.php\/2025\/03\/04\/retonto-suelto-puso-a-su-hijo-de-7-anos-a-manejar-de-noche-lo-filmo-y-subio-a-redes\/#breadcrumb\",\"itemListElement\":[{\"@type\":\"ListItem\",\"position\":1,\"name\":\"Inicio\",\"item\":\"https:\/\/apuntesdesanluis.com\/\"},{\"@type\":\"ListItem\",\"position\":2,\"name\":\"RETONTO SUELTO: PUSO A SU HIJO DE 7 A\u00d1OS A MANEJAR DE NOCHE, LO FILM\u00d3 Y SUBI\u00d3 A REDES\"}]},{\"@type\":\"WebSite\",\"@id\":\"https:\/\/apuntesdesanluis.com\/#website\",\"url\":\"https:\/\/apuntesdesanluis.com\/\",\"name\":\"Apuntes de San Luis\",\"description\":\"\",\"publisher\":{\"@id\":\"https:\/\/apuntesdesanluis.com\/#\/schema\/person\/b55151d52296fcce64d1a72538a70b90\"},\"potentialAction\":[{\"@type\":\"SearchAction\",\"target\":{\"@type\":\"EntryPoint\",\"urlTemplate\":\"https:\/\/apuntesdesanluis.com\/?s={search_term_string}\"},\"query-input\":{\"@type\":\"PropertyValueSpecification\",\"valueRequired\":true,\"valueName\":\"search_term_string\"}}],\"inLanguage\":\"es-AR\"},{\"@type\":[\"Person\",\"Organization\"],\"@id\":\"https:\/\/apuntesdesanluis.com\/#\/schema\/person\/b55151d52296fcce64d1a72538a70b90\",\"name\":\"apuntesdesanluis.com\",\"image\":{\"@type\":\"ImageObject\",\"inLanguage\":\"es-AR\",\"@id\":\"https:\/\/apuntesdesanluis.com\/#\/schema\/person\/image\/\",\"url\":\"https:\/\/apuntesdesanluis.com\/wp-content\/uploads\/2023\/07\/cropped-apuntesdesanluis.png\",\"contentUrl\":\"https:\/\/apuntesdesanluis.com\/wp-content\/uploads\/2023\/07\/cropped-apuntesdesanluis.png\",\"width\":450,\"height\":112,\"caption\":\"apuntesdesanluis.com\"},\"logo\":{\"@id\":\"https:\/\/apuntesdesanluis.com\/#\/schema\/person\/image\/\"},\"sameAs\":[\"https:\/\/apuntesdesanluis.com\"],\"url\":\"https:\/\/apuntesdesanluis.com\/index.php\/author\/apuntesdesanluis-com\/\"}]}<\/script>\n<!-- \/ Yoast SEO plugin. -->","yoast_head_json":{"title":"RETONTO SUELTO: PUSO A SU HIJO DE 7 A\u00d1OS A MANEJAR DE NOCHE, LO FILM\u00d3 Y SUBI\u00d3 A REDES - Apuntes de San Luis","robots":{"index":"index","follow":"follow","max-snippet":"max-snippet:-1","max-image-preview":"max-image-preview:large","max-video-preview":"max-video-preview:-1"},"canonical":"https:\/\/apuntesdesanluis.com\/index.php\/2025\/03\/04\/retonto-suelto-puso-a-su-hijo-de-7-anos-a-manejar-de-noche-lo-filmo-y-subio-a-redes\/","og_locale":"es_ES","og_type":"article","og_title":"RETONTO SUELTO: PUSO A SU HIJO DE 7 A\u00d1OS A MANEJAR DE NOCHE, LO FILM\u00d3 Y SUBI\u00d3 A REDES - Apuntes de San Luis","og_description":"Un menor de 7 a\u00f1os manej\u00f3 el veh\u00edculo de su padre mientras este lo grababa...","og_url":"https:\/\/apuntesdesanluis.com\/index.php\/2025\/03\/04\/retonto-suelto-puso-a-su-hijo-de-7-anos-a-manejar-de-noche-lo-filmo-y-subio-a-redes\/","og_site_name":"Apuntes de San Luis","article_published_time":"2025-03-05T00:19:56+00:00","og_image":[{"width":706,"height":436,"url":"https:\/\/apuntesdesanluis.com\/wp-content\/uploads\/2025\/03\/NENE-DE-7-ANOS.png","type":"image\/png"}],"author":"apuntesdesanluis.com","twitter_card":"summary_large_image","twitter_misc":{"Escrito por":"apuntesdesanluis.com","Tiempo de lectura":"2 minutos"},"schema":{"@context":"https:\/\/schema.org","@graph":[{"@type":"Article","@id":"https:\/\/apuntesdesanluis.com\/index.php\/2025\/03\/04\/retonto-suelto-puso-a-su-hijo-de-7-anos-a-manejar-de-noche-lo-filmo-y-subio-a-redes\/#article","isPartOf":{"@id":"https:\/\/apuntesdesanluis.com\/index.php\/2025\/03\/04\/retonto-suelto-puso-a-su-hijo-de-7-anos-a-manejar-de-noche-lo-filmo-y-subio-a-redes\/"},"author":{"name":"apuntesdesanluis.com","@id":"https:\/\/apuntesdesanluis.com\/#\/schema\/person\/b55151d52296fcce64d1a72538a70b90"},"headline":"RETONTO SUELTO: PUSO A SU HIJO DE 7 A\u00d1OS A MANEJAR DE NOCHE, LO FILM\u00d3 Y SUBI\u00d3 A REDES","datePublished":"2025-03-05T00:19:56+00:00","mainEntityOfPage":{"@id":"https:\/\/apuntesdesanluis.com\/index.php\/2025\/03\/04\/retonto-suelto-puso-a-su-hijo-de-7-anos-a-manejar-de-noche-lo-filmo-y-subio-a-redes\/"},"wordCount":300,"publisher":{"@id":"https:\/\/apuntesdesanluis.com\/#\/schema\/person\/b55151d52296fcce64d1a72538a70b90"},"image":{"@id":"https:\/\/apuntesdesanluis.com\/index.php\/2025\/03\/04\/retonto-suelto-puso-a-su-hijo-de-7-anos-a-manejar-de-noche-lo-filmo-y-subio-a-redes\/#primaryimage"},"thumbnailUrl":"https:\/\/apuntesdesanluis.com\/wp-content\/uploads\/2025\/03\/NENE-DE-7-ANOS.png","articleSection":["Bizarro\/Ins\u00f3lito","Nacionales\/Internacionales"],"inLanguage":"es-AR"},{"@type":"WebPage","@id":"https:\/\/apuntesdesanluis.com\/index.php\/2025\/03\/04\/retonto-suelto-puso-a-su-hijo-de-7-anos-a-manejar-de-noche-lo-filmo-y-subio-a-redes\/","url":"https:\/\/apuntesdesanluis.com\/index.php\/2025\/03\/04\/retonto-suelto-puso-a-su-hijo-de-7-anos-a-manejar-de-noche-lo-filmo-y-subio-a-redes\/","name":"RETONTO SUELTO: PUSO A SU HIJO DE 7 A\u00d1OS A MANEJAR DE NOCHE, LO FILM\u00d3 Y SUBI\u00d3 A REDES - Apuntes de San Luis","isPartOf":{"@id":"https:\/\/apuntesdesanluis.com\/#website"},"primaryImageOfPage":{"@id":"https:\/\/apuntesdesanluis.com\/index.php\/2025\/03\/04\/retonto-suelto-puso-a-su-hijo-de-7-anos-a-manejar-de-noche-lo-filmo-y-subio-a-redes\/#primaryimage"},"image":{"@id":"https:\/\/apuntesdesanluis.com\/index.php\/2025\/03\/04\/retonto-suelto-puso-a-su-hijo-de-7-anos-a-manejar-de-noche-lo-filmo-y-subio-a-redes\/#primaryimage"},"thumbnailUrl":"https:\/\/apuntesdesanluis.com\/wp-content\/uploads\/2025\/03\/NENE-DE-7-ANOS.png","datePublished":"2025-03-05T00:19:56+00:00","breadcrumb":{"@id":"https:\/\/apuntesdesanluis.com\/index.php\/2025\/03\/04\/retonto-suelto-puso-a-su-hijo-de-7-anos-a-manejar-de-noche-lo-filmo-y-subio-a-redes\/#breadcrumb"},"inLanguage":"es-AR","potentialAction":[{"@type":"ReadAction","target":["https:\/\/apuntesdesanluis.com\/index.php\/2025\/03\/04\/retonto-suelto-puso-a-su-hijo-de-7-anos-a-manejar-de-noche-lo-filmo-y-subio-a-redes\/"]}]},{"@type":"ImageObject","inLanguage":"es-AR","@id":"https:\/\/apuntesdesanluis.com\/index.php\/2025\/03\/04\/retonto-suelto-puso-a-su-hijo-de-7-anos-a-manejar-de-noche-lo-filmo-y-subio-a-redes\/#primaryimage","url":"https:\/\/apuntesdesanluis.com\/wp-content\/uploads\/2025\/03\/NENE-DE-7-ANOS.png","contentUrl":"https:\/\/apuntesdesanluis.com\/wp-content\/uploads\/2025\/03\/NENE-DE-7-ANOS.png","width":706,"height":436},{"@type":"BreadcrumbList","@id":"https:\/\/apuntesdesanluis.com\/index.php\/2025\/03\/04\/retonto-suelto-puso-a-su-hijo-de-7-anos-a-manejar-de-noche-lo-filmo-y-subio-a-redes\/#breadcrumb","itemListElement":[{"@type":"ListItem","position":1,"name":"Inicio","item":"https:\/\/apuntesdesanluis.com\/"},{"@type":"ListItem","position":2,"name":"RETONTO SUELTO: PUSO A SU HIJO DE 7 A\u00d1OS A MANEJAR DE NOCHE, LO FILM\u00d3 Y SUBI\u00d3 A REDES"}]},{"@type":"WebSite","@id":"https:\/\/apuntesdesanluis.com\/#website","url":"https:\/\/apuntesdesanluis.com\/","name":"Apuntes de San Luis","description":"","publisher":{"@id":"https:\/\/apuntesdesanluis.com\/#\/schema\/person\/b55151d52296fcce64d1a72538a70b90"},"potentialAction":[{"@type":"SearchAction","target":{"@type":"EntryPoint","urlTemplate":"https:\/\/apuntesdesanluis.com\/?s={search_term_string}"},"query-input":{"@type":"PropertyValueSpecification","valueRequired":true,"valueName":"search_term_string"}}],"inLanguage":"es-AR"},{"@type":["Person","Organization"],"@id":"https:\/\/apuntesdesanluis.com\/#\/schema\/person\/b55151d52296fcce64d1a72538a70b90","name":"apuntesdesanluis.com","image":{"@type":"ImageObject","inLanguage":"es-AR","@id":"https:\/\/apuntesdesanluis.com\/#\/schema\/person\/image\/","url":"https:\/\/apuntesdesanluis.com\/wp-content\/uploads\/2023\/07\/cropped-apuntesdesanluis.png","contentUrl":"https:\/\/apuntesdesanluis.com\/wp-content\/uploads\/2023\/07\/cropped-apuntesdesanluis.png","width":450,"height":112,"caption":"apuntesdesanluis.com"},"logo":{"@id":"https:\/\/apuntesdesanluis.com\/#\/schema\/person\/image\/"},"sameAs":["https:\/\/apuntesdesanluis.com"],"url":"https:\/\/apuntesdesanluis.com\/index.php\/author\/apuntesdesanluis-com\/"}]}},"featured_image_urls":{"full":["https:\/\/apuntesdesanluis.com\/wp-content\/uploads\/2025\/03\/NENE-DE-7-ANOS.png",706,436,false],"thumbnail":["https:\/\/apuntesdesanluis.com\/wp-content\/uploads\/2025\/03\/NENE-DE-7-ANOS-150x150.png",150,150,true],"medium":["https:\/\/apuntesdesanluis.com\/wp-content\/uploads\/2025\/03\/NENE-DE-7-ANOS-300x185.png",300,185,true],"medium_large":["https:\/\/apuntesdesanluis.com\/wp-content\/uploads\/2025\/03\/NENE-DE-7-ANOS.png",640,395,false],"large":["https:\/\/apuntesdesanluis.com\/wp-content\/uploads\/2025\/03\/NENE-DE-7-ANOS.png",640,395,false],"1536x1536":["https:\/\/apuntesdesanluis.com\/wp-content\/uploads\/2025\/03\/NENE-DE-7-ANOS.png",706,436,false],"2048x2048":["https:\/\/apuntesdesanluis.com\/wp-content\/uploads\/2025\/03\/NENE-DE-7-ANOS.png",706,436,false],"newsever-slider-full":["https:\/\/apuntesdesanluis.com\/wp-content\/uploads\/2025\/03\/NENE-DE-7-ANOS.png",706,436,false],"newsever-featured":["https:\/\/apuntesdesanluis.com\/wp-content\/uploads\/2025\/03\/NENE-DE-7-ANOS.png",706,436,false],"newsever-medium":["https:\/\/apuntesdesanluis.com\/wp-content\/uploads\/2025\/03\/NENE-DE-7-ANOS.png",706,436,false]},"author_info":{"display_name":"apuntesdesanluis.com","author_link":"https:\/\/apuntesdesanluis.com\/index.php\/author\/apuntesdesanluis-com\/"},"category_info":"<a href=\"https:\/\/apuntesdesanluis.com\/index.php\/category\/bizarro-insolito\/\" rel=\"category tag\">Bizarro\/Ins\u00f3lito<\/a> <a href=\"https:\/\/apuntesdesanluis.com\/index.php\/category\/nacionales-internacionales\/\" rel=\"category tag\">Nacionales\/Internacionales<\/a>","tag_info":"Nacionales\/Internacionales","comment_count":"0","_links":{"self":[{"href":"https:\/\/apuntesdesanluis.com\/index.php\/wp-json\/wp\/v2\/posts\/29988","targetHints":{"allow":["GET"]}}],"collection":[{"href":"https:\/\/apuntesdesanluis.com\/index.php\/wp-json\/wp\/v2\/posts"}],"about":[{"href":"https:\/\/apuntesdesanluis.com\/index.php\/wp-json\/wp\/v2\/types\/post"}],"author":[{"embeddable":true,"href":"https:\/\/apuntesdesanluis.com\/index.php\/wp-json\/wp\/v2\/users\/1"}],"replies":[{"embeddable":true,"href":"https:\/\/apuntesdesanluis.com\/index.php\/wp-json\/wp\/v2\/comments?post=29988"}],"version-history":[{"count":1,"href":"https:\/\/apuntesdesanluis.com\/index.php\/wp-json\/wp\/v2\/posts\/29988\/revisions"}],"predecessor-version":[{"id":29990,"href":"https:\/\/apuntesdesanluis.com\/index.php\/wp-json\/wp\/v2\/posts\/29988\/revisions\/29990"}],"wp:featuredmedia":[{"embeddable":true,"href":"https:\/\/apuntesdesanluis.com\/index.php\/wp-json\/wp\/v2\/media\/29989"}],"wp:attachment":[{"href":"https:\/\/apuntesdesanluis.com\/index.php\/wp-json\/wp\/v2\/media?parent=29988"}],"wp:term":[{"taxonomy":"category","embeddable":true,"href":"https:\/\/apuntesdesanluis.com\/index.php\/wp-json\/wp\/v2\/categories?post=29988"},{"taxonomy":"post_tag","embeddable":true,"href":"https:\/\/apuntesdesanluis.com\/index.php\/wp-json\/wp\/v2\/tags?post=29988"}],"curies":[{"name":"wp","href":"https:\/\/api.w.org\/{rel}","templated":true}]}}