{"id":29991,"date":"2025-03-04T21:54:32","date_gmt":"2025-03-05T00:54:32","guid":{"rendered":"https:\/\/apuntesdesanluis.com\/?p=29991"},"modified":"2025-03-04T21:54:48","modified_gmt":"2025-03-05T00:54:48","slug":"reporte-general-de-la-situacion-en-la-provincia-tras-el-temporal","status":"publish","type":"post","link":"https:\/\/apuntesdesanluis.com\/index.php\/2025\/03\/04\/reporte-general-de-la-situacion-en-la-provincia-tras-el-temporal\/","title":{"rendered":"REPORTE GENERAL DE LA SITUACI\u00d3N EN LA PROVINCIA TRAS EL TEMPORAL"},"content":{"rendered":"<h3>Intensas precipitaciones provocaron la crecida de r\u00edos y arroyos en diversas localidades de San Luis, generando evacuaciones preventivas y afectaciones en infraestructura. Las localidades <strong>de Las Lagunas, Tilisarao, Paso Grande y Potrerillos<\/strong> fueron las m\u00e1s impactadas. Autoridades provinciales desplegaron operativos de emergencia y monitorean la situaci\u00f3n en los principales embalses de la regi\u00f3n.<\/h3>\n<h3>El Departamento San Mart\u00edn fue uno de los m\u00e1s afectados. Pasadas las 1:00 de este martes, la base de monitoreo 103 y coordinadores de la direcci\u00f3n de Prevenci\u00f3n y Gesti\u00f3n de Emergencias comenzaron a recibir los primeros reportes por crecidas de r\u00edos, arroyos y acumulaci\u00f3n de agua en las localidades de Tilisarao, Las Lagunas, Paso Grande, Potrerillos, Villa de Praga, entre otros.<\/h3>\n<h3>El principal sector afectado ha sido la localidad de Las Lagunas, quien seg\u00fan los registros de la Red de Estaciones Meteorol\u00f3gicas habr\u00eda acumulado un total de 245 mililitros. La fuerza del agua arrastr\u00f3 contenciones y sedimentos en algunos caminos de la zona urbana.<\/h3>\n<h3>En horas de la madrugada, Bomberos Voluntarios de Renca, San Pablo, Tilisarao y la Direcci\u00f3n asistieron a familias en zonas rurales por inundaciones y evacuaciones preventivas.<\/h3>\n<h3>Pasadas las 6:00 en la localidad de Tilisarao se registr\u00f3 la ca\u00edda de aproximadamente 120 mililitros de precipitaciones lo que afect\u00f3 el ingreso a la ciudad como as\u00ed tambi\u00e9n la obstrucci\u00f3n de la circulaci\u00f3n vehicular sobre la autopista 55.<\/h3>\n<h3><img fetchpriority=\"high\" decoding=\"async\" class=\"wp-image-29994 aligncenter\" src=\"https:\/\/apuntesdesanluis.com\/wp-content\/uploads\/2025\/03\/arbol-caido-300x181.png\" alt=\"\" width=\"744\" height=\"449\" srcset=\"https:\/\/apuntesdesanluis.com\/wp-content\/uploads\/2025\/03\/arbol-caido-300x181.png 300w, https:\/\/apuntesdesanluis.com\/wp-content\/uploads\/2025\/03\/arbol-caido-768x464.png 768w, https:\/\/apuntesdesanluis.com\/wp-content\/uploads\/2025\/03\/arbol-caido.png 800w\" sizes=\"(max-width: 744px) 100vw, 744px\" \/><\/h3>\n<h3>Trabajan adem\u00e1s en todas las jurisdicciones afectadas personal de Bomberos Voluntarios, Direcci\u00f3n General de Bomberos de Polic\u00eda, Protecciones Civiles, Preventores, Polic\u00eda Rural y Polic\u00eda Caminera. Tambi\u00e9n est\u00e1 en funciones el Centro de Operaciones en Emergencias del Gobierno de San Luis.<\/h3>\n<h3>El Estado provincial adem\u00e1s despleg\u00f3 a las zonas afectadas personal del ministerio de Salud, Vialidad Provincial, Ente Control de Rutas, San Luis Agua, entre otros.<\/h3>\n<h3>Se ejecutan tareas conjuntas con los intendentes del departamento San Mart\u00edn para relevar da\u00f1os y crear as\u00ed, un orden de prioridad para los damnificados, quienes en algunos casos han tenido el ingreso de agua de hasta 50 cent\u00edmetros sobre el nivel del suelo. Por otro lado, cabe informar que el CAPS de Las Lagunas queda fuera de servicio producto de la creciente como as\u00ed tambi\u00e9n el puente de esa localidad.<\/h3>\n<h3>En este momento no hay rutas ni caminos cortados, solo hay operativos de prevenci\u00f3n.<\/h3>\n<h3><img decoding=\"async\" class=\"wp-image-29993 aligncenter\" src=\"https:\/\/apuntesdesanluis.com\/wp-content\/uploads\/2025\/03\/las-lagunas-300x175.png\" alt=\"\" width=\"739\" height=\"431\" srcset=\"https:\/\/apuntesdesanluis.com\/wp-content\/uploads\/2025\/03\/las-lagunas-300x175.png 300w, https:\/\/apuntesdesanluis.com\/wp-content\/uploads\/2025\/03\/las-lagunas.png 653w\" sizes=\"(max-width: 739px) 100vw, 739px\" \/><\/h3>\n<h3><strong>Estado de cota de embalses y operaciones de v\u00e1lvulas:<\/strong><\/h3>\n<h3><strong>San Felipe:<\/strong> cota aproximada, -3,50 metros bajo el vertedero. Aumento de 1.50 metros de nivel en las \u00faltimas 24 horas. V\u00e1lvula de descarga reducida a 200 litros\/segundo. Se esperan mayores vol\u00famenes que ingresen al embalse y siga su llenado.<\/h3>\n<h3><strong>La Huertita:<\/strong> cota -4.4 metros bajo el vertedero. Aumento de cota de 4 metros aproximadamente. V\u00e1lvula de riego cerrada. Se espera que siga en aumento el nivel del <strong>embalse.<\/strong><\/h3>\n<h3><strong>La Florida:<\/strong> -0,5 metros bajo el vertedero. Esperando llegar a cota 0.0 y que se asiente la crecida en dique para abrir su descargador de fondo. Posiblemente ma\u00f1ana llegue a ese nivel.<\/h3>\n<h3><strong>A.E. Ag\u00fcero:<\/strong> en estado de vertido del embalse. Descargador de fondo abierto al 70%. Se estima que en 24 horas el dique no vierta m\u00e1s y se regule la cota como el descargador de fondo. Todo bajo par\u00e1metros normales.<\/h3>\n<h3>Saladillo: -6.8 metros bajo cota de vertedero. Aumento de 25 cent\u00edmetros las \u00faltimas 24 horas. Se esperan mayores aumentos una vez que La Florida vierta levemente o se inicie con el proceso de descargador de fondo. Llenado lento y paulatino<\/h3>\n<h3><strong>Las Palmeras:<\/strong> gran aumento de caudales en r\u00edos que ingresan al embalse en crecida. Cota actualizada -2.2 metros bajo el vertedero. Esperando que el nivel del embalse llegue a -1.5 metros para iniciar la apertura del descargador de fondo. Caso contrario se mantiene en llenado de embalse. Aumento de 1.10 metros de nivel del embalse en las \u00faltimas 24 horas.<\/h3>\n<h3><strong>Luj\u00e1n:<\/strong> aumento de cota de 3.20 metros en las \u00faltimas 24 horas. Debido a la regulaci\u00f3n previa, el embalse est\u00e1 vertiendo solo una l\u00e1mina de 20 cent\u00edmetros sobre el vertedero. V\u00e1lvula de riego operando al 80%.<\/h3>\n<h3><strong>Nogol\u00ed:<\/strong> cota actualizada de 1.25 metros bajo vertedero. Aumento de 30 cent\u00edmetros en las \u00faltimas 24 horas.<\/h3>\n<h3>Cabe aclarar que el agua que ingresa a los embalses es de crecidas, por lo que la calidad disminuir\u00e1 notablemente. En los d\u00edas sucesivos, con el aquietamiento de los ingresos de agua, se disminuir\u00e1 la turbidez con sucesivas aperturas de descargadores de fondo.<\/h3>\n<h3>Se esperan precipitaciones para la tarde noche del d\u00eda de hoy pero con una importante disminuci\u00f3n de la carga de agua.<\/h3>\n<h3>En estos momentos, el Centro de Operaciones monitorea con autoridades de Gobierno desde la localidad de Lafinur y Los Cajones la llegada de la creciente.<\/h3>\n<p>&nbsp;<\/p>\n<p>&nbsp;<\/p>\n<p>&nbsp;<\/p>\n<p>&nbsp;<\/p>\n<h3><\/h3>\n<h3><\/h3>\n<h3><\/h3>\n","protected":false},"excerpt":{"rendered":"<p>Intensas precipitaciones provocaron la crecida de r\u00edos y arroyos en diversas localidades de San Luis,&#8230;<\/p>\n","protected":false},"author":1,"featured_media":29992,"comment_status":"closed","ping_status":"closed","sticky":false,"template":"","format":"standard","meta":{"footnotes":""},"categories":[6],"tags":[],"class_list":["post-29991","post","type-post","status-publish","format-standard","has-post-thumbnail","hentry","category-ciudad-provincia"],"yoast_head":"<!-- This site is optimized with the Yoast SEO plugin v26.1.1 - https:\/\/yoast.com\/wordpress\/plugins\/seo\/ -->\n<title>REPORTE GENERAL DE LA SITUACI\u00d3N EN LA PROVINCIA TRAS EL TEMPORAL - Apuntes de San Luis<\/title>\n<meta name=\"robots\" content=\"index, follow, max-snippet:-1, max-image-preview:large, max-video-preview:-1\" \/>\n<link rel=\"canonical\" href=\"https:\/\/apuntesdesanluis.com\/index.php\/2025\/03\/04\/reporte-general-de-la-situacion-en-la-provincia-tras-el-temporal\/\" \/>\n<meta property=\"og:locale\" content=\"es_ES\" \/>\n<meta property=\"og:type\" content=\"article\" \/>\n<meta property=\"og:title\" content=\"REPORTE GENERAL DE LA SITUACI\u00d3N EN LA PROVINCIA TRAS EL TEMPORAL - Apuntes de San Luis\" \/>\n<meta property=\"og:description\" content=\"Intensas precipitaciones provocaron la crecida de r\u00edos y arroyos en diversas localidades de San Luis,...\" \/>\n<meta property=\"og:url\" content=\"https:\/\/apuntesdesanluis.com\/index.php\/2025\/03\/04\/reporte-general-de-la-situacion-en-la-provincia-tras-el-temporal\/\" \/>\n<meta property=\"og:site_name\" content=\"Apuntes de San Luis\" \/>\n<meta property=\"article:published_time\" content=\"2025-03-05T00:54:32+00:00\" \/>\n<meta property=\"article:modified_time\" content=\"2025-03-05T00:54:48+00:00\" \/>\n<meta property=\"og:image\" content=\"https:\/\/apuntesdesanluis.com\/wp-content\/uploads\/2025\/03\/crecida.png\" \/>\n\t<meta property=\"og:image:width\" content=\"649\" \/>\n\t<meta property=\"og:image:height\" content=\"429\" \/>\n\t<meta property=\"og:image:type\" content=\"image\/png\" \/>\n<meta name=\"author\" content=\"apuntesdesanluis.com\" \/>\n<meta name=\"twitter:card\" content=\"summary_large_image\" \/>\n<meta name=\"twitter:label1\" content=\"Escrito por\" \/>\n\t<meta name=\"twitter:data1\" content=\"apuntesdesanluis.com\" \/>\n\t<meta name=\"twitter:label2\" content=\"Tiempo de lectura\" \/>\n\t<meta name=\"twitter:data2\" content=\"5 minutos\" \/>\n<script type=\"application\/ld+json\" class=\"yoast-schema-graph\">{\"@context\":\"https:\/\/schema.org\",\"@graph\":[{\"@type\":\"Article\",\"@id\":\"https:\/\/apuntesdesanluis.com\/index.php\/2025\/03\/04\/reporte-general-de-la-situacion-en-la-provincia-tras-el-temporal\/#article\",\"isPartOf\":{\"@id\":\"https:\/\/apuntesdesanluis.com\/index.php\/2025\/03\/04\/reporte-general-de-la-situacion-en-la-provincia-tras-el-temporal\/\"},\"author\":{\"name\":\"apuntesdesanluis.com\",\"@id\":\"https:\/\/apuntesdesanluis.com\/#\/schema\/person\/b55151d52296fcce64d1a72538a70b90\"},\"headline\":\"REPORTE GENERAL DE LA SITUACI\u00d3N EN LA PROVINCIA TRAS EL TEMPORAL\",\"datePublished\":\"2025-03-05T00:54:32+00:00\",\"dateModified\":\"2025-03-05T00:54:48+00:00\",\"mainEntityOfPage\":{\"@id\":\"https:\/\/apuntesdesanluis.com\/index.php\/2025\/03\/04\/reporte-general-de-la-situacion-en-la-provincia-tras-el-temporal\/\"},\"wordCount\":805,\"publisher\":{\"@id\":\"https:\/\/apuntesdesanluis.com\/#\/schema\/person\/b55151d52296fcce64d1a72538a70b90\"},\"image\":{\"@id\":\"https:\/\/apuntesdesanluis.com\/index.php\/2025\/03\/04\/reporte-general-de-la-situacion-en-la-provincia-tras-el-temporal\/#primaryimage\"},\"thumbnailUrl\":\"https:\/\/apuntesdesanluis.com\/wp-content\/uploads\/2025\/03\/crecida.png\",\"articleSection\":[\"Ciudad\/Provincia\"],\"inLanguage\":\"es-AR\"},{\"@type\":\"WebPage\",\"@id\":\"https:\/\/apuntesdesanluis.com\/index.php\/2025\/03\/04\/reporte-general-de-la-situacion-en-la-provincia-tras-el-temporal\/\",\"url\":\"https:\/\/apuntesdesanluis.com\/index.php\/2025\/03\/04\/reporte-general-de-la-situacion-en-la-provincia-tras-el-temporal\/\",\"name\":\"REPORTE GENERAL DE LA SITUACI\u00d3N EN LA PROVINCIA TRAS EL TEMPORAL - Apuntes de San Luis\",\"isPartOf\":{\"@id\":\"https:\/\/apuntesdesanluis.com\/#website\"},\"primaryImageOfPage\":{\"@id\":\"https:\/\/apuntesdesanluis.com\/index.php\/2025\/03\/04\/reporte-general-de-la-situacion-en-la-provincia-tras-el-temporal\/#primaryimage\"},\"image\":{\"@id\":\"https:\/\/apuntesdesanluis.com\/index.php\/2025\/03\/04\/reporte-general-de-la-situacion-en-la-provincia-tras-el-temporal\/#primaryimage\"},\"thumbnailUrl\":\"https:\/\/apuntesdesanluis.com\/wp-content\/uploads\/2025\/03\/crecida.png\",\"datePublished\":\"2025-03-05T00:54:32+00:00\",\"dateModified\":\"2025-03-05T00:54:48+00:00\",\"breadcrumb\":{\"@id\":\"https:\/\/apuntesdesanluis.com\/index.php\/2025\/03\/04\/reporte-general-de-la-situacion-en-la-provincia-tras-el-temporal\/#breadcrumb\"},\"inLanguage\":\"es-AR\",\"potentialAction\":[{\"@type\":\"ReadAction\",\"target\":[\"https:\/\/apuntesdesanluis.com\/index.php\/2025\/03\/04\/reporte-general-de-la-situacion-en-la-provincia-tras-el-temporal\/\"]}]},{\"@type\":\"ImageObject\",\"inLanguage\":\"es-AR\",\"@id\":\"https:\/\/apuntesdesanluis.com\/index.php\/2025\/03\/04\/reporte-general-de-la-situacion-en-la-provincia-tras-el-temporal\/#primaryimage\",\"url\":\"https:\/\/apuntesdesanluis.com\/wp-content\/uploads\/2025\/03\/crecida.png\",\"contentUrl\":\"https:\/\/apuntesdesanluis.com\/wp-content\/uploads\/2025\/03\/crecida.png\",\"width\":649,\"height\":429},{\"@type\":\"BreadcrumbList\",\"@id\":\"https:\/\/apuntesdesanluis.com\/index.php\/2025\/03\/04\/reporte-general-de-la-situacion-en-la-provincia-tras-el-temporal\/#breadcrumb\",\"itemListElement\":[{\"@type\":\"ListItem\",\"position\":1,\"name\":\"Inicio\",\"item\":\"https:\/\/apuntesdesanluis.com\/\"},{\"@type\":\"ListItem\",\"position\":2,\"name\":\"REPORTE GENERAL DE LA SITUACI\u00d3N EN LA PROVINCIA TRAS EL TEMPORAL\"}]},{\"@type\":\"WebSite\",\"@id\":\"https:\/\/apuntesdesanluis.com\/#website\",\"url\":\"https:\/\/apuntesdesanluis.com\/\",\"name\":\"Apuntes de San Luis\",\"description\":\"\",\"publisher\":{\"@id\":\"https:\/\/apuntesdesanluis.com\/#\/schema\/person\/b55151d52296fcce64d1a72538a70b90\"},\"potentialAction\":[{\"@type\":\"SearchAction\",\"target\":{\"@type\":\"EntryPoint\",\"urlTemplate\":\"https:\/\/apuntesdesanluis.com\/?s={search_term_string}\"},\"query-input\":{\"@type\":\"PropertyValueSpecification\",\"valueRequired\":true,\"valueName\":\"search_term_string\"}}],\"inLanguage\":\"es-AR\"},{\"@type\":[\"Person\",\"Organization\"],\"@id\":\"https:\/\/apuntesdesanluis.com\/#\/schema\/person\/b55151d52296fcce64d1a72538a70b90\",\"name\":\"apuntesdesanluis.com\",\"image\":{\"@type\":\"ImageObject\",\"inLanguage\":\"es-AR\",\"@id\":\"https:\/\/apuntesdesanluis.com\/#\/schema\/person\/image\/\",\"url\":\"https:\/\/apuntesdesanluis.com\/wp-content\/uploads\/2023\/07\/cropped-apuntesdesanluis.png\",\"contentUrl\":\"https:\/\/apuntesdesanluis.com\/wp-content\/uploads\/2023\/07\/cropped-apuntesdesanluis.png\",\"width\":450,\"height\":112,\"caption\":\"apuntesdesanluis.com\"},\"logo\":{\"@id\":\"https:\/\/apuntesdesanluis.com\/#\/schema\/person\/image\/\"},\"sameAs\":[\"https:\/\/apuntesdesanluis.com\"],\"url\":\"https:\/\/apuntesdesanluis.com\/index.php\/author\/apuntesdesanluis-com\/\"}]}<\/script>\n<!-- \/ Yoast SEO plugin. -->","yoast_head_json":{"title":"REPORTE GENERAL DE LA SITUACI\u00d3N EN LA PROVINCIA TRAS EL TEMPORAL - Apuntes de San Luis","robots":{"index":"index","follow":"follow","max-snippet":"max-snippet:-1","max-image-preview":"max-image-preview:large","max-video-preview":"max-video-preview:-1"},"canonical":"https:\/\/apuntesdesanluis.com\/index.php\/2025\/03\/04\/reporte-general-de-la-situacion-en-la-provincia-tras-el-temporal\/","og_locale":"es_ES","og_type":"article","og_title":"REPORTE GENERAL DE LA SITUACI\u00d3N EN LA PROVINCIA TRAS EL TEMPORAL - Apuntes de San Luis","og_description":"Intensas precipitaciones provocaron la crecida de r\u00edos y arroyos en diversas localidades de San Luis,...","og_url":"https:\/\/apuntesdesanluis.com\/index.php\/2025\/03\/04\/reporte-general-de-la-situacion-en-la-provincia-tras-el-temporal\/","og_site_name":"Apuntes de San Luis","article_published_time":"2025-03-05T00:54:32+00:00","article_modified_time":"2025-03-05T00:54:48+00:00","og_image":[{"width":649,"height":429,"url":"https:\/\/apuntesdesanluis.com\/wp-content\/uploads\/2025\/03\/crecida.png","type":"image\/png"}],"author":"apuntesdesanluis.com","twitter_card":"summary_large_image","twitter_misc":{"Escrito por":"apuntesdesanluis.com","Tiempo de lectura":"5 minutos"},"schema":{"@context":"https:\/\/schema.org","@graph":[{"@type":"Article","@id":"https:\/\/apuntesdesanluis.com\/index.php\/2025\/03\/04\/reporte-general-de-la-situacion-en-la-provincia-tras-el-temporal\/#article","isPartOf":{"@id":"https:\/\/apuntesdesanluis.com\/index.php\/2025\/03\/04\/reporte-general-de-la-situacion-en-la-provincia-tras-el-temporal\/"},"author":{"name":"apuntesdesanluis.com","@id":"https:\/\/apuntesdesanluis.com\/#\/schema\/person\/b55151d52296fcce64d1a72538a70b90"},"headline":"REPORTE GENERAL DE LA SITUACI\u00d3N EN LA PROVINCIA TRAS EL TEMPORAL","datePublished":"2025-03-05T00:54:32+00:00","dateModified":"2025-03-05T00:54:48+00:00","mainEntityOfPage":{"@id":"https:\/\/apuntesdesanluis.com\/index.php\/2025\/03\/04\/reporte-general-de-la-situacion-en-la-provincia-tras-el-temporal\/"},"wordCount":805,"publisher":{"@id":"https:\/\/apuntesdesanluis.com\/#\/schema\/person\/b55151d52296fcce64d1a72538a70b90"},"image":{"@id":"https:\/\/apuntesdesanluis.com\/index.php\/2025\/03\/04\/reporte-general-de-la-situacion-en-la-provincia-tras-el-temporal\/#primaryimage"},"thumbnailUrl":"https:\/\/apuntesdesanluis.com\/wp-content\/uploads\/2025\/03\/crecida.png","articleSection":["Ciudad\/Provincia"],"inLanguage":"es-AR"},{"@type":"WebPage","@id":"https:\/\/apuntesdesanluis.com\/index.php\/2025\/03\/04\/reporte-general-de-la-situacion-en-la-provincia-tras-el-temporal\/","url":"https:\/\/apuntesdesanluis.com\/index.php\/2025\/03\/04\/reporte-general-de-la-situacion-en-la-provincia-tras-el-temporal\/","name":"REPORTE GENERAL DE LA SITUACI\u00d3N EN LA PROVINCIA TRAS EL TEMPORAL - Apuntes de San Luis","isPartOf":{"@id":"https:\/\/apuntesdesanluis.com\/#website"},"primaryImageOfPage":{"@id":"https:\/\/apuntesdesanluis.com\/index.php\/2025\/03\/04\/reporte-general-de-la-situacion-en-la-provincia-tras-el-temporal\/#primaryimage"},"image":{"@id":"https:\/\/apuntesdesanluis.com\/index.php\/2025\/03\/04\/reporte-general-de-la-situacion-en-la-provincia-tras-el-temporal\/#primaryimage"},"thumbnailUrl":"https:\/\/apuntesdesanluis.com\/wp-content\/uploads\/2025\/03\/crecida.png","datePublished":"2025-03-05T00:54:32+00:00","dateModified":"2025-03-05T00:54:48+00:00","breadcrumb":{"@id":"https:\/\/apuntesdesanluis.com\/index.php\/2025\/03\/04\/reporte-general-de-la-situacion-en-la-provincia-tras-el-temporal\/#breadcrumb"},"inLanguage":"es-AR","potentialAction":[{"@type":"ReadAction","target":["https:\/\/apuntesdesanluis.com\/index.php\/2025\/03\/04\/reporte-general-de-la-situacion-en-la-provincia-tras-el-temporal\/"]}]},{"@type":"ImageObject","inLanguage":"es-AR","@id":"https:\/\/apuntesdesanluis.com\/index.php\/2025\/03\/04\/reporte-general-de-la-situacion-en-la-provincia-tras-el-temporal\/#primaryimage","url":"https:\/\/apuntesdesanluis.com\/wp-content\/uploads\/2025\/03\/crecida.png","contentUrl":"https:\/\/apuntesdesanluis.com\/wp-content\/uploads\/2025\/03\/crecida.png","width":649,"height":429},{"@type":"BreadcrumbList","@id":"https:\/\/apuntesdesanluis.com\/index.php\/2025\/03\/04\/reporte-general-de-la-situacion-en-la-provincia-tras-el-temporal\/#breadcrumb","itemListElement":[{"@type":"ListItem","position":1,"name":"Inicio","item":"https:\/\/apuntesdesanluis.com\/"},{"@type":"ListItem","position":2,"name":"REPORTE GENERAL DE LA SITUACI\u00d3N EN LA PROVINCIA TRAS EL TEMPORAL"}]},{"@type":"WebSite","@id":"https:\/\/apuntesdesanluis.com\/#website","url":"https:\/\/apuntesdesanluis.com\/","name":"Apuntes de San Luis","description":"","publisher":{"@id":"https:\/\/apuntesdesanluis.com\/#\/schema\/person\/b55151d52296fcce64d1a72538a70b90"},"potentialAction":[{"@type":"SearchAction","target":{"@type":"EntryPoint","urlTemplate":"https:\/\/apuntesdesanluis.com\/?s={search_term_string}"},"query-input":{"@type":"PropertyValueSpecification","valueRequired":true,"valueName":"search_term_string"}}],"inLanguage":"es-AR"},{"@type":["Person","Organization"],"@id":"https:\/\/apuntesdesanluis.com\/#\/schema\/person\/b55151d52296fcce64d1a72538a70b90","name":"apuntesdesanluis.com","image":{"@type":"ImageObject","inLanguage":"es-AR","@id":"https:\/\/apuntesdesanluis.com\/#\/schema\/person\/image\/","url":"https:\/\/apuntesdesanluis.com\/wp-content\/uploads\/2023\/07\/cropped-apuntesdesanluis.png","contentUrl":"https:\/\/apuntesdesanluis.com\/wp-content\/uploads\/2023\/07\/cropped-apuntesdesanluis.png","width":450,"height":112,"caption":"apuntesdesanluis.com"},"logo":{"@id":"https:\/\/apuntesdesanluis.com\/#\/schema\/person\/image\/"},"sameAs":["https:\/\/apuntesdesanluis.com"],"url":"https:\/\/apuntesdesanluis.com\/index.php\/author\/apuntesdesanluis-com\/"}]}},"featured_image_urls":{"full":["https:\/\/apuntesdesanluis.com\/wp-content\/uploads\/2025\/03\/crecida.png",649,429,false],"thumbnail":["https:\/\/apuntesdesanluis.com\/wp-content\/uploads\/2025\/03\/crecida-150x150.png",150,150,true],"medium":["https:\/\/apuntesdesanluis.com\/wp-content\/uploads\/2025\/03\/crecida-300x198.png",300,198,true],"medium_large":["https:\/\/apuntesdesanluis.com\/wp-content\/uploads\/2025\/03\/crecida.png",640,423,false],"large":["https:\/\/apuntesdesanluis.com\/wp-content\/uploads\/2025\/03\/crecida.png",640,423,false],"1536x1536":["https:\/\/apuntesdesanluis.com\/wp-content\/uploads\/2025\/03\/crecida.png",649,429,false],"2048x2048":["https:\/\/apuntesdesanluis.com\/wp-content\/uploads\/2025\/03\/crecida.png",649,429,false],"newsever-slider-full":["https:\/\/apuntesdesanluis.com\/wp-content\/uploads\/2025\/03\/crecida.png",649,429,false],"newsever-featured":["https:\/\/apuntesdesanluis.com\/wp-content\/uploads\/2025\/03\/crecida.png",649,429,false],"newsever-medium":["https:\/\/apuntesdesanluis.com\/wp-content\/uploads\/2025\/03\/crecida.png",649,429,false]},"author_info":{"display_name":"apuntesdesanluis.com","author_link":"https:\/\/apuntesdesanluis.com\/index.php\/author\/apuntesdesanluis-com\/"},"category_info":"<a href=\"https:\/\/apuntesdesanluis.com\/index.php\/category\/ciudad-provincia\/\" rel=\"category tag\">Ciudad\/Provincia<\/a>","tag_info":"Ciudad\/Provincia","comment_count":"0","_links":{"self":[{"href":"https:\/\/apuntesdesanluis.com\/index.php\/wp-json\/wp\/v2\/posts\/29991","targetHints":{"allow":["GET"]}}],"collection":[{"href":"https:\/\/apuntesdesanluis.com\/index.php\/wp-json\/wp\/v2\/posts"}],"about":[{"href":"https:\/\/apuntesdesanluis.com\/index.php\/wp-json\/wp\/v2\/types\/post"}],"author":[{"embeddable":true,"href":"https:\/\/apuntesdesanluis.com\/index.php\/wp-json\/wp\/v2\/users\/1"}],"replies":[{"embeddable":true,"href":"https:\/\/apuntesdesanluis.com\/index.php\/wp-json\/wp\/v2\/comments?post=29991"}],"version-history":[{"count":1,"href":"https:\/\/apuntesdesanluis.com\/index.php\/wp-json\/wp\/v2\/posts\/29991\/revisions"}],"predecessor-version":[{"id":29995,"href":"https:\/\/apuntesdesanluis.com\/index.php\/wp-json\/wp\/v2\/posts\/29991\/revisions\/29995"}],"wp:featuredmedia":[{"embeddable":true,"href":"https:\/\/apuntesdesanluis.com\/index.php\/wp-json\/wp\/v2\/media\/29992"}],"wp:attachment":[{"href":"https:\/\/apuntesdesanluis.com\/index.php\/wp-json\/wp\/v2\/media?parent=29991"}],"wp:term":[{"taxonomy":"category","embeddable":true,"href":"https:\/\/apuntesdesanluis.com\/index.php\/wp-json\/wp\/v2\/categories?post=29991"},{"taxonomy":"post_tag","embeddable":true,"href":"https:\/\/apuntesdesanluis.com\/index.php\/wp-json\/wp\/v2\/tags?post=29991"}],"curies":[{"name":"wp","href":"https:\/\/api.w.org\/{rel}","templated":true}]}}