{"id":29996,"date":"2025-03-04T22:20:12","date_gmt":"2025-03-05T01:20:12","guid":{"rendered":"https:\/\/apuntesdesanluis.com\/?p=29996"},"modified":"2025-03-04T22:22:06","modified_gmt":"2025-03-05T01:22:06","slug":"expectativa-por-el-discurso-del-intendente-de-la-punta-luciano-ayala","status":"publish","type":"post","link":"https:\/\/apuntesdesanluis.com\/index.php\/2025\/03\/04\/expectativa-por-el-discurso-del-intendente-de-la-punta-luciano-ayala\/","title":{"rendered":"EXPECTATIVA POR EL DISCURSO DEL INTENDENTE DE LA PUNTA, LUCIANO AYALA"},"content":{"rendered":"<h3>El jefe comunal inaugurar\u00e1 el 205\u00b0 per\u00edodo legislativo en el Concejo Deliberante de <strong>La Punta<\/strong>, oportunidad en que efectuar\u00e1 un balance del primer a\u00f1o de gesti\u00f3n.<\/h3>\n<h3>Asimismo, el intendente <strong>Luciano Ayala<\/strong> dar\u00e1 a conocer los principales lineamientos para el per\u00edodo de gesti\u00f3n 2025, con anuncios de obras y mejora de servicios para los vecinos.<\/h3>\n<h3>La ceremonia tendr\u00e1 lugar este mi\u00e9rcoles a las 09:00 h en el recinto legislativo ubicado en Avda. Tobar Garc\u00eda, Bater\u00eda Comercial B. Local 1.<\/h3>\n<p><img fetchpriority=\"high\" decoding=\"async\" class=\"wp-image-30001 aligncenter\" src=\"https:\/\/apuntesdesanluis.com\/wp-content\/uploads\/2025\/03\/Imagen-de-WhatsApp-2025-02-28-a-las-15.02.29_d079702e-300x129.jpg\" alt=\"\" width=\"737\" height=\"317\" srcset=\"https:\/\/apuntesdesanluis.com\/wp-content\/uploads\/2025\/03\/Imagen-de-WhatsApp-2025-02-28-a-las-15.02.29_d079702e-300x129.jpg 300w, https:\/\/apuntesdesanluis.com\/wp-content\/uploads\/2025\/03\/Imagen-de-WhatsApp-2025-02-28-a-las-15.02.29_d079702e-768x331.jpg 768w, https:\/\/apuntesdesanluis.com\/wp-content\/uploads\/2025\/03\/Imagen-de-WhatsApp-2025-02-28-a-las-15.02.29_d079702e.jpg 800w\" sizes=\"(max-width: 737px) 100vw, 737px\" \/><\/p>\n<h3>La relevancia de su discurso est\u00e1 dada por el hecho de que este a\u00f1o habr\u00e1 elecciones generales en esta ciudad, una de las cinco m\u00e1s importantes de la provincia, y las mismas tendr\u00e1n un condimento especial, por tratarse de un a\u00f1o electoral.<\/h3>\n<h3>El jefe comunal instrument\u00f3 mediante el Decreto 014-IMDLP-2025 que las elecciones municipales sean simult\u00e1neas con la provincia el 11 de mayo de 2025, donde los ciudadanos deber\u00e1n elegir legisladores provinciales y concejales mediante el sistema de Boleta \u00danica Papel, como lo determina el cronograma electoral provincial.<\/h3>\n<h3>En La Punta se elegir\u00e1n 10 candidatos a Diputados Provinciales por el Departamento Pueyrred\u00f3n y 5 candidatos a Concejales.<\/h3>\n<h3>\u201dEs importante establecer reglas claras para la pr\u00f3xima elecci\u00f3n, y unificarlas con la elecci\u00f3n provincial mediante la boleta \u00fanica hace que sea mucho m\u00e1s simple y transparente, evitando las hist\u00f3ricas picard\u00edas electorales. Adem\u00e1s, colaboramos a que los vecinos no deban concurrir varias veces a las urnas al unificar candidaturas municipales y provinciales en la misma fecha\u201d; afirm\u00f3 el intendente Luciano Ayala a <strong>Apuntes de San Luis<\/strong>.<\/h3>\n<h3>\u00a0Actualmente el Concejo Deliberante de la ciudad de La Punta est\u00e1 integrado por cuatro (4) concejales:<strong> Mario Gil<\/strong> (presidente), <strong>Roxana Oros<\/strong> (ambos de Avanzar San Luis), <strong>Roc\u00edo Rold\u00e1n<\/strong> (PJ) y <strong>Fernando Orozco<\/strong> (Movipro, aliado al PJ).<\/h3>\n<h3>Esta paridad ha provocado permanentes tensiones, dado que para sesionar hace falta al menos la presencia de un concejal de la oposici\u00f3n, situaci\u00f3n que ha sido aprovechada en distintas ocasiones para entorpecer la labor legislativa y frenar la aprobaci\u00f3n de distintos proyectos impulsados por la gesti\u00f3n municipal. De hecho, los representantes del PJ dejaron sin qu\u00f3rum las sesiones del 23 y del 27 de diciembre pasados.<\/h3>\n<h3>Este a\u00f1o concluyen mandato uno por cada sector: <strong>Gil <\/strong>y <strong>Rold\u00e1n<\/strong>. De todos modos, esta situaci\u00f3n de paridad quedar\u00e1 superada, toda vez que el Ejecutivo convoc\u00f3 a elegir cinco (5) concejales el 11 de mayo, con la cual la composici\u00f3n del legislativo aumentar\u00e1 a siete (7) a partir del 10 de diciembre de 2025.<\/h3>\n<h3>\u201cPara 2027 se elegir\u00e1n otros tres (3), con lo cual el cuerpo quedar\u00e1 conformado por diez (10) concejales, que es lo que corresponde de acuerdo al censo poblacional y la representaci\u00f3n que establece la Constituci\u00f3n Provincial. De manera que, por ordenanza, se dispuso la ampliaci\u00f3n del n\u00famero de integrantes del Concejo Deliberante, pero en dos etapas: tres (3) en 2025 y otros tres (3) en 2027\u201d, explic\u00f3 Ayala.<\/h3>\n<h3><strong>ACTIVIDADES POR EL 8M <\/strong><\/h3>\n<h3>Por otro lado, la Secretar\u00eda de Desarrollo Social de la Municipalidad, a trav\u00e9s del Departamento de la Mujer, invita a la comunidad a conmemorar el <strong>D\u00eda Internacional de la Mujer Trabajadora<\/strong> este pr\u00f3ximo viernes 7 de marzo en la Plaza de los Ni\u00f1os, a partir de las 19:00hs. En este evento, se llevar\u00e1 a cabo una feria de emprendedoras que cuenta con inscripciones abiertas, donde las mujeres podr\u00e1n mostrar sus productos y servicios.<\/h3>\n<p><img decoding=\"async\" class=\"wp-image-29997 aligncenter\" src=\"https:\/\/apuntesdesanluis.com\/wp-content\/uploads\/2025\/03\/480961025_1201423555318839_5677998027703483270_n-300x300.jpg\" alt=\"\" width=\"764\" height=\"764\" srcset=\"https:\/\/apuntesdesanluis.com\/wp-content\/uploads\/2025\/03\/480961025_1201423555318839_5677998027703483270_n-300x300.jpg 300w, https:\/\/apuntesdesanluis.com\/wp-content\/uploads\/2025\/03\/480961025_1201423555318839_5677998027703483270_n-150x150.jpg 150w, https:\/\/apuntesdesanluis.com\/wp-content\/uploads\/2025\/03\/480961025_1201423555318839_5677998027703483270_n.jpg 526w\" sizes=\"(max-width: 764px) 100vw, 764px\" \/><\/p>\n<h3>Adem\u00e1s, se realizar\u00e1 una charla titulada <strong>\u201cDesarrollando una Mentalidad Emprendedora\u201d,<\/strong> a cargo de Viviana Gurruchaga, Senior Coach Ontol\u00f3gico Profesional, y Marcela Terazani, Coach Ontol\u00f3gico Profesional Acreditado. Tambi\u00e9n habr\u00e1 n\u00fameros art\u00edsticos y muchas m\u00e1s actividades para disfrutar.<\/h3>\n<h3>El municipio espera que sea una oportunidad para que las mujeres de la regi\u00f3n se unan y conmemoren su d\u00eda.<\/h3>\n<p>&nbsp;<\/p>\n<p>&nbsp;<\/p>\n<p>&nbsp;<\/p>\n<h3><\/h3>\n<h3><\/h3>\n<p>&nbsp;<\/p>\n","protected":false},"excerpt":{"rendered":"<p>El jefe comunal inaugurar\u00e1 el 205\u00b0 per\u00edodo legislativo en el Concejo Deliberante de La Punta,&#8230;<\/p>\n","protected":false},"author":1,"featured_media":29998,"comment_status":"closed","ping_status":"closed","sticky":false,"template":"","format":"standard","meta":{"footnotes":""},"categories":[6],"tags":[],"class_list":["post-29996","post","type-post","status-publish","format-standard","has-post-thumbnail","hentry","category-ciudad-provincia"],"yoast_head":"<!-- This site is optimized with the Yoast SEO plugin v26.1.1 - https:\/\/yoast.com\/wordpress\/plugins\/seo\/ -->\n<title>EXPECTATIVA POR EL DISCURSO DEL INTENDENTE DE LA PUNTA, LUCIANO AYALA - Apuntes de San Luis<\/title>\n<meta name=\"robots\" content=\"index, follow, max-snippet:-1, max-image-preview:large, max-video-preview:-1\" \/>\n<link rel=\"canonical\" href=\"https:\/\/apuntesdesanluis.com\/index.php\/2025\/03\/04\/expectativa-por-el-discurso-del-intendente-de-la-punta-luciano-ayala\/\" \/>\n<meta property=\"og:locale\" content=\"es_ES\" \/>\n<meta property=\"og:type\" content=\"article\" \/>\n<meta property=\"og:title\" content=\"EXPECTATIVA POR EL DISCURSO DEL INTENDENTE DE LA PUNTA, LUCIANO AYALA - Apuntes de San Luis\" \/>\n<meta property=\"og:description\" content=\"El jefe comunal inaugurar\u00e1 el 205\u00b0 per\u00edodo legislativo en el Concejo Deliberante de La Punta,...\" \/>\n<meta property=\"og:url\" content=\"https:\/\/apuntesdesanluis.com\/index.php\/2025\/03\/04\/expectativa-por-el-discurso-del-intendente-de-la-punta-luciano-ayala\/\" \/>\n<meta property=\"og:site_name\" content=\"Apuntes de San Luis\" \/>\n<meta property=\"article:published_time\" content=\"2025-03-05T01:20:12+00:00\" \/>\n<meta property=\"article:modified_time\" content=\"2025-03-05T01:22:06+00:00\" \/>\n<meta property=\"og:image\" content=\"https:\/\/apuntesdesanluis.com\/wp-content\/uploads\/2025\/03\/luciano-ayala.png\" \/>\n\t<meta property=\"og:image:width\" content=\"601\" \/>\n\t<meta property=\"og:image:height\" content=\"363\" \/>\n\t<meta property=\"og:image:type\" content=\"image\/png\" \/>\n<meta name=\"author\" content=\"apuntesdesanluis.com\" \/>\n<meta name=\"twitter:card\" content=\"summary_large_image\" \/>\n<meta name=\"twitter:label1\" content=\"Escrito por\" \/>\n\t<meta name=\"twitter:data1\" content=\"apuntesdesanluis.com\" \/>\n\t<meta name=\"twitter:label2\" content=\"Tiempo de lectura\" \/>\n\t<meta name=\"twitter:data2\" content=\"4 minutos\" \/>\n<script type=\"application\/ld+json\" class=\"yoast-schema-graph\">{\"@context\":\"https:\/\/schema.org\",\"@graph\":[{\"@type\":\"Article\",\"@id\":\"https:\/\/apuntesdesanluis.com\/index.php\/2025\/03\/04\/expectativa-por-el-discurso-del-intendente-de-la-punta-luciano-ayala\/#article\",\"isPartOf\":{\"@id\":\"https:\/\/apuntesdesanluis.com\/index.php\/2025\/03\/04\/expectativa-por-el-discurso-del-intendente-de-la-punta-luciano-ayala\/\"},\"author\":{\"name\":\"apuntesdesanluis.com\",\"@id\":\"https:\/\/apuntesdesanluis.com\/#\/schema\/person\/b55151d52296fcce64d1a72538a70b90\"},\"headline\":\"EXPECTATIVA POR EL DISCURSO DEL INTENDENTE DE LA PUNTA, LUCIANO AYALA\",\"datePublished\":\"2025-03-05T01:20:12+00:00\",\"dateModified\":\"2025-03-05T01:22:06+00:00\",\"mainEntityOfPage\":{\"@id\":\"https:\/\/apuntesdesanluis.com\/index.php\/2025\/03\/04\/expectativa-por-el-discurso-del-intendente-de-la-punta-luciano-ayala\/\"},\"wordCount\":653,\"publisher\":{\"@id\":\"https:\/\/apuntesdesanluis.com\/#\/schema\/person\/b55151d52296fcce64d1a72538a70b90\"},\"image\":{\"@id\":\"https:\/\/apuntesdesanluis.com\/index.php\/2025\/03\/04\/expectativa-por-el-discurso-del-intendente-de-la-punta-luciano-ayala\/#primaryimage\"},\"thumbnailUrl\":\"https:\/\/apuntesdesanluis.com\/wp-content\/uploads\/2025\/03\/luciano-ayala.png\",\"articleSection\":[\"Ciudad\/Provincia\"],\"inLanguage\":\"es-AR\"},{\"@type\":\"WebPage\",\"@id\":\"https:\/\/apuntesdesanluis.com\/index.php\/2025\/03\/04\/expectativa-por-el-discurso-del-intendente-de-la-punta-luciano-ayala\/\",\"url\":\"https:\/\/apuntesdesanluis.com\/index.php\/2025\/03\/04\/expectativa-por-el-discurso-del-intendente-de-la-punta-luciano-ayala\/\",\"name\":\"EXPECTATIVA POR EL DISCURSO DEL INTENDENTE DE LA PUNTA, LUCIANO AYALA - Apuntes de San Luis\",\"isPartOf\":{\"@id\":\"https:\/\/apuntesdesanluis.com\/#website\"},\"primaryImageOfPage\":{\"@id\":\"https:\/\/apuntesdesanluis.com\/index.php\/2025\/03\/04\/expectativa-por-el-discurso-del-intendente-de-la-punta-luciano-ayala\/#primaryimage\"},\"image\":{\"@id\":\"https:\/\/apuntesdesanluis.com\/index.php\/2025\/03\/04\/expectativa-por-el-discurso-del-intendente-de-la-punta-luciano-ayala\/#primaryimage\"},\"thumbnailUrl\":\"https:\/\/apuntesdesanluis.com\/wp-content\/uploads\/2025\/03\/luciano-ayala.png\",\"datePublished\":\"2025-03-05T01:20:12+00:00\",\"dateModified\":\"2025-03-05T01:22:06+00:00\",\"breadcrumb\":{\"@id\":\"https:\/\/apuntesdesanluis.com\/index.php\/2025\/03\/04\/expectativa-por-el-discurso-del-intendente-de-la-punta-luciano-ayala\/#breadcrumb\"},\"inLanguage\":\"es-AR\",\"potentialAction\":[{\"@type\":\"ReadAction\",\"target\":[\"https:\/\/apuntesdesanluis.com\/index.php\/2025\/03\/04\/expectativa-por-el-discurso-del-intendente-de-la-punta-luciano-ayala\/\"]}]},{\"@type\":\"ImageObject\",\"inLanguage\":\"es-AR\",\"@id\":\"https:\/\/apuntesdesanluis.com\/index.php\/2025\/03\/04\/expectativa-por-el-discurso-del-intendente-de-la-punta-luciano-ayala\/#primaryimage\",\"url\":\"https:\/\/apuntesdesanluis.com\/wp-content\/uploads\/2025\/03\/luciano-ayala.png\",\"contentUrl\":\"https:\/\/apuntesdesanluis.com\/wp-content\/uploads\/2025\/03\/luciano-ayala.png\",\"width\":601,\"height\":363},{\"@type\":\"BreadcrumbList\",\"@id\":\"https:\/\/apuntesdesanluis.com\/index.php\/2025\/03\/04\/expectativa-por-el-discurso-del-intendente-de-la-punta-luciano-ayala\/#breadcrumb\",\"itemListElement\":[{\"@type\":\"ListItem\",\"position\":1,\"name\":\"Inicio\",\"item\":\"https:\/\/apuntesdesanluis.com\/\"},{\"@type\":\"ListItem\",\"position\":2,\"name\":\"EXPECTATIVA POR EL DISCURSO DEL INTENDENTE DE LA PUNTA, LUCIANO AYALA\"}]},{\"@type\":\"WebSite\",\"@id\":\"https:\/\/apuntesdesanluis.com\/#website\",\"url\":\"https:\/\/apuntesdesanluis.com\/\",\"name\":\"Apuntes de San Luis\",\"description\":\"\",\"publisher\":{\"@id\":\"https:\/\/apuntesdesanluis.com\/#\/schema\/person\/b55151d52296fcce64d1a72538a70b90\"},\"potentialAction\":[{\"@type\":\"SearchAction\",\"target\":{\"@type\":\"EntryPoint\",\"urlTemplate\":\"https:\/\/apuntesdesanluis.com\/?s={search_term_string}\"},\"query-input\":{\"@type\":\"PropertyValueSpecification\",\"valueRequired\":true,\"valueName\":\"search_term_string\"}}],\"inLanguage\":\"es-AR\"},{\"@type\":[\"Person\",\"Organization\"],\"@id\":\"https:\/\/apuntesdesanluis.com\/#\/schema\/person\/b55151d52296fcce64d1a72538a70b90\",\"name\":\"apuntesdesanluis.com\",\"image\":{\"@type\":\"ImageObject\",\"inLanguage\":\"es-AR\",\"@id\":\"https:\/\/apuntesdesanluis.com\/#\/schema\/person\/image\/\",\"url\":\"https:\/\/apuntesdesanluis.com\/wp-content\/uploads\/2023\/07\/cropped-apuntesdesanluis.png\",\"contentUrl\":\"https:\/\/apuntesdesanluis.com\/wp-content\/uploads\/2023\/07\/cropped-apuntesdesanluis.png\",\"width\":450,\"height\":112,\"caption\":\"apuntesdesanluis.com\"},\"logo\":{\"@id\":\"https:\/\/apuntesdesanluis.com\/#\/schema\/person\/image\/\"},\"sameAs\":[\"https:\/\/apuntesdesanluis.com\"],\"url\":\"https:\/\/apuntesdesanluis.com\/index.php\/author\/apuntesdesanluis-com\/\"}]}<\/script>\n<!-- \/ Yoast SEO plugin. -->","yoast_head_json":{"title":"EXPECTATIVA POR EL DISCURSO DEL INTENDENTE DE LA PUNTA, LUCIANO AYALA - Apuntes de San Luis","robots":{"index":"index","follow":"follow","max-snippet":"max-snippet:-1","max-image-preview":"max-image-preview:large","max-video-preview":"max-video-preview:-1"},"canonical":"https:\/\/apuntesdesanluis.com\/index.php\/2025\/03\/04\/expectativa-por-el-discurso-del-intendente-de-la-punta-luciano-ayala\/","og_locale":"es_ES","og_type":"article","og_title":"EXPECTATIVA POR EL DISCURSO DEL INTENDENTE DE LA PUNTA, LUCIANO AYALA - Apuntes de San Luis","og_description":"El jefe comunal inaugurar\u00e1 el 205\u00b0 per\u00edodo legislativo en el Concejo Deliberante de La Punta,...","og_url":"https:\/\/apuntesdesanluis.com\/index.php\/2025\/03\/04\/expectativa-por-el-discurso-del-intendente-de-la-punta-luciano-ayala\/","og_site_name":"Apuntes de San Luis","article_published_time":"2025-03-05T01:20:12+00:00","article_modified_time":"2025-03-05T01:22:06+00:00","og_image":[{"width":601,"height":363,"url":"https:\/\/apuntesdesanluis.com\/wp-content\/uploads\/2025\/03\/luciano-ayala.png","type":"image\/png"}],"author":"apuntesdesanluis.com","twitter_card":"summary_large_image","twitter_misc":{"Escrito por":"apuntesdesanluis.com","Tiempo de lectura":"4 minutos"},"schema":{"@context":"https:\/\/schema.org","@graph":[{"@type":"Article","@id":"https:\/\/apuntesdesanluis.com\/index.php\/2025\/03\/04\/expectativa-por-el-discurso-del-intendente-de-la-punta-luciano-ayala\/#article","isPartOf":{"@id":"https:\/\/apuntesdesanluis.com\/index.php\/2025\/03\/04\/expectativa-por-el-discurso-del-intendente-de-la-punta-luciano-ayala\/"},"author":{"name":"apuntesdesanluis.com","@id":"https:\/\/apuntesdesanluis.com\/#\/schema\/person\/b55151d52296fcce64d1a72538a70b90"},"headline":"EXPECTATIVA POR EL DISCURSO DEL INTENDENTE DE LA PUNTA, LUCIANO AYALA","datePublished":"2025-03-05T01:20:12+00:00","dateModified":"2025-03-05T01:22:06+00:00","mainEntityOfPage":{"@id":"https:\/\/apuntesdesanluis.com\/index.php\/2025\/03\/04\/expectativa-por-el-discurso-del-intendente-de-la-punta-luciano-ayala\/"},"wordCount":653,"publisher":{"@id":"https:\/\/apuntesdesanluis.com\/#\/schema\/person\/b55151d52296fcce64d1a72538a70b90"},"image":{"@id":"https:\/\/apuntesdesanluis.com\/index.php\/2025\/03\/04\/expectativa-por-el-discurso-del-intendente-de-la-punta-luciano-ayala\/#primaryimage"},"thumbnailUrl":"https:\/\/apuntesdesanluis.com\/wp-content\/uploads\/2025\/03\/luciano-ayala.png","articleSection":["Ciudad\/Provincia"],"inLanguage":"es-AR"},{"@type":"WebPage","@id":"https:\/\/apuntesdesanluis.com\/index.php\/2025\/03\/04\/expectativa-por-el-discurso-del-intendente-de-la-punta-luciano-ayala\/","url":"https:\/\/apuntesdesanluis.com\/index.php\/2025\/03\/04\/expectativa-por-el-discurso-del-intendente-de-la-punta-luciano-ayala\/","name":"EXPECTATIVA POR EL DISCURSO DEL INTENDENTE DE LA PUNTA, LUCIANO AYALA - Apuntes de San Luis","isPartOf":{"@id":"https:\/\/apuntesdesanluis.com\/#website"},"primaryImageOfPage":{"@id":"https:\/\/apuntesdesanluis.com\/index.php\/2025\/03\/04\/expectativa-por-el-discurso-del-intendente-de-la-punta-luciano-ayala\/#primaryimage"},"image":{"@id":"https:\/\/apuntesdesanluis.com\/index.php\/2025\/03\/04\/expectativa-por-el-discurso-del-intendente-de-la-punta-luciano-ayala\/#primaryimage"},"thumbnailUrl":"https:\/\/apuntesdesanluis.com\/wp-content\/uploads\/2025\/03\/luciano-ayala.png","datePublished":"2025-03-05T01:20:12+00:00","dateModified":"2025-03-05T01:22:06+00:00","breadcrumb":{"@id":"https:\/\/apuntesdesanluis.com\/index.php\/2025\/03\/04\/expectativa-por-el-discurso-del-intendente-de-la-punta-luciano-ayala\/#breadcrumb"},"inLanguage":"es-AR","potentialAction":[{"@type":"ReadAction","target":["https:\/\/apuntesdesanluis.com\/index.php\/2025\/03\/04\/expectativa-por-el-discurso-del-intendente-de-la-punta-luciano-ayala\/"]}]},{"@type":"ImageObject","inLanguage":"es-AR","@id":"https:\/\/apuntesdesanluis.com\/index.php\/2025\/03\/04\/expectativa-por-el-discurso-del-intendente-de-la-punta-luciano-ayala\/#primaryimage","url":"https:\/\/apuntesdesanluis.com\/wp-content\/uploads\/2025\/03\/luciano-ayala.png","contentUrl":"https:\/\/apuntesdesanluis.com\/wp-content\/uploads\/2025\/03\/luciano-ayala.png","width":601,"height":363},{"@type":"BreadcrumbList","@id":"https:\/\/apuntesdesanluis.com\/index.php\/2025\/03\/04\/expectativa-por-el-discurso-del-intendente-de-la-punta-luciano-ayala\/#breadcrumb","itemListElement":[{"@type":"ListItem","position":1,"name":"Inicio","item":"https:\/\/apuntesdesanluis.com\/"},{"@type":"ListItem","position":2,"name":"EXPECTATIVA POR EL DISCURSO DEL INTENDENTE DE LA PUNTA, LUCIANO AYALA"}]},{"@type":"WebSite","@id":"https:\/\/apuntesdesanluis.com\/#website","url":"https:\/\/apuntesdesanluis.com\/","name":"Apuntes de San Luis","description":"","publisher":{"@id":"https:\/\/apuntesdesanluis.com\/#\/schema\/person\/b55151d52296fcce64d1a72538a70b90"},"potentialAction":[{"@type":"SearchAction","target":{"@type":"EntryPoint","urlTemplate":"https:\/\/apuntesdesanluis.com\/?s={search_term_string}"},"query-input":{"@type":"PropertyValueSpecification","valueRequired":true,"valueName":"search_term_string"}}],"inLanguage":"es-AR"},{"@type":["Person","Organization"],"@id":"https:\/\/apuntesdesanluis.com\/#\/schema\/person\/b55151d52296fcce64d1a72538a70b90","name":"apuntesdesanluis.com","image":{"@type":"ImageObject","inLanguage":"es-AR","@id":"https:\/\/apuntesdesanluis.com\/#\/schema\/person\/image\/","url":"https:\/\/apuntesdesanluis.com\/wp-content\/uploads\/2023\/07\/cropped-apuntesdesanluis.png","contentUrl":"https:\/\/apuntesdesanluis.com\/wp-content\/uploads\/2023\/07\/cropped-apuntesdesanluis.png","width":450,"height":112,"caption":"apuntesdesanluis.com"},"logo":{"@id":"https:\/\/apuntesdesanluis.com\/#\/schema\/person\/image\/"},"sameAs":["https:\/\/apuntesdesanluis.com"],"url":"https:\/\/apuntesdesanluis.com\/index.php\/author\/apuntesdesanluis-com\/"}]}},"featured_image_urls":{"full":["https:\/\/apuntesdesanluis.com\/wp-content\/uploads\/2025\/03\/luciano-ayala.png",601,363,false],"thumbnail":["https:\/\/apuntesdesanluis.com\/wp-content\/uploads\/2025\/03\/luciano-ayala-150x150.png",150,150,true],"medium":["https:\/\/apuntesdesanluis.com\/wp-content\/uploads\/2025\/03\/luciano-ayala-300x181.png",300,181,true],"medium_large":["https:\/\/apuntesdesanluis.com\/wp-content\/uploads\/2025\/03\/luciano-ayala.png",601,363,false],"large":["https:\/\/apuntesdesanluis.com\/wp-content\/uploads\/2025\/03\/luciano-ayala.png",601,363,false],"1536x1536":["https:\/\/apuntesdesanluis.com\/wp-content\/uploads\/2025\/03\/luciano-ayala.png",601,363,false],"2048x2048":["https:\/\/apuntesdesanluis.com\/wp-content\/uploads\/2025\/03\/luciano-ayala.png",601,363,false],"newsever-slider-full":["https:\/\/apuntesdesanluis.com\/wp-content\/uploads\/2025\/03\/luciano-ayala.png",601,363,false],"newsever-featured":["https:\/\/apuntesdesanluis.com\/wp-content\/uploads\/2025\/03\/luciano-ayala.png",601,363,false],"newsever-medium":["https:\/\/apuntesdesanluis.com\/wp-content\/uploads\/2025\/03\/luciano-ayala.png",601,363,false]},"author_info":{"display_name":"apuntesdesanluis.com","author_link":"https:\/\/apuntesdesanluis.com\/index.php\/author\/apuntesdesanluis-com\/"},"category_info":"<a href=\"https:\/\/apuntesdesanluis.com\/index.php\/category\/ciudad-provincia\/\" rel=\"category tag\">Ciudad\/Provincia<\/a>","tag_info":"Ciudad\/Provincia","comment_count":"0","_links":{"self":[{"href":"https:\/\/apuntesdesanluis.com\/index.php\/wp-json\/wp\/v2\/posts\/29996","targetHints":{"allow":["GET"]}}],"collection":[{"href":"https:\/\/apuntesdesanluis.com\/index.php\/wp-json\/wp\/v2\/posts"}],"about":[{"href":"https:\/\/apuntesdesanluis.com\/index.php\/wp-json\/wp\/v2\/types\/post"}],"author":[{"embeddable":true,"href":"https:\/\/apuntesdesanluis.com\/index.php\/wp-json\/wp\/v2\/users\/1"}],"replies":[{"embeddable":true,"href":"https:\/\/apuntesdesanluis.com\/index.php\/wp-json\/wp\/v2\/comments?post=29996"}],"version-history":[{"count":3,"href":"https:\/\/apuntesdesanluis.com\/index.php\/wp-json\/wp\/v2\/posts\/29996\/revisions"}],"predecessor-version":[{"id":30002,"href":"https:\/\/apuntesdesanluis.com\/index.php\/wp-json\/wp\/v2\/posts\/29996\/revisions\/30002"}],"wp:featuredmedia":[{"embeddable":true,"href":"https:\/\/apuntesdesanluis.com\/index.php\/wp-json\/wp\/v2\/media\/29998"}],"wp:attachment":[{"href":"https:\/\/apuntesdesanluis.com\/index.php\/wp-json\/wp\/v2\/media?parent=29996"}],"wp:term":[{"taxonomy":"category","embeddable":true,"href":"https:\/\/apuntesdesanluis.com\/index.php\/wp-json\/wp\/v2\/categories?post=29996"},{"taxonomy":"post_tag","embeddable":true,"href":"https:\/\/apuntesdesanluis.com\/index.php\/wp-json\/wp\/v2\/tags?post=29996"}],"curies":[{"name":"wp","href":"https:\/\/api.w.org\/{rel}","templated":true}]}}