{"id":3001,"date":"2023-09-10T17:42:56","date_gmt":"2023-09-10T20:42:56","guid":{"rendered":"https:\/\/apuntesdesanluis.com\/?p=3001"},"modified":"2023-09-10T17:43:43","modified_gmt":"2023-09-10T20:43:43","slug":"merlo-encuentros-para-la-creacion-de-la-primera-cooperativa-inclusiva","status":"publish","type":"post","link":"https:\/\/apuntesdesanluis.com\/index.php\/2023\/09\/10\/merlo-encuentros-para-la-creacion-de-la-primera-cooperativa-inclusiva\/","title":{"rendered":"MERLO: ENCUENTROS PARA LA CREACI\u00d3N DE LA PRIMERA COOPERATIVA INCLUSIVA"},"content":{"rendered":"<h3>Durante el mes de septiembre se realizar\u00e1n dos importantes encuentros entre unidad de inclusi\u00f3n laboral de ANDIS, el Sector Cooperativo y la Direcci\u00f3n de Pol\u00edticas de Discapacidad del Municipio de la Villa de Merlo, para la concreci\u00f3n de la primera cooperativa inclusiva.<\/h3>\n<h3>El <strong>primer encuentro se realizar\u00e1 el d\u00eda 14 de septiembre <\/strong>en el CIC de Barranca Colorada en el horario <strong>de 17.30 a 20.00 horas<\/strong>. Este tiene como objetivo principal establecer un primer encuentro con las personas involucradas en la tem\u00e1tica de inclusi\u00f3n laboral de las personas con discapacidad. Invitamos a todas las personas con discapacidad, familiares, profesionales de educaci\u00f3n especial, terapeutas y todas aquellas personas que est\u00e9n interesadas en la tem\u00e1tica.<\/h3>\n<h3>Se trabajar\u00e1 en el marco de la transversalizaci\u00f3n de la perspectiva de discapacidad que propone la ANDIS, acompa\u00f1ados por la Unidad de Inclusi\u00f3n Laboral ( sector cooperativismo).<\/h3>\n<h3>El <strong>segundo encuentro se llevar\u00e1 a cabo el d\u00eda 15 de septiembre <\/strong>en el CIC de Barranca Colorada en el horario <strong>de 9.30 a 11.00 horas<\/strong>. Aqu\u00ed se articular\u00e1 con los organismos p\u00fablicos y privados locales, cooperativismo y Universidades que permitan acompa\u00f1ar adecuadamente el desarrollo de un proyecto asociativo accesible y encaminado a la sustentabilidad.<\/h3>\n<p><img fetchpriority=\"high\" decoding=\"async\" class=\"wp-image-3003 aligncenter\" src=\"https:\/\/apuntesdesanluis.com\/wp-content\/uploads\/2023\/09\/cooperatsiva-inclusiva-240x300.jpg\" alt=\"\" width=\"549\" height=\"686\" srcset=\"https:\/\/apuntesdesanluis.com\/wp-content\/uploads\/2023\/09\/cooperatsiva-inclusiva-240x300.jpg 240w, https:\/\/apuntesdesanluis.com\/wp-content\/uploads\/2023\/09\/cooperatsiva-inclusiva.jpg 600w\" sizes=\"(max-width: 549px) 100vw, 549px\" \/><\/p>\n<h3>Podr\u00e1n participar a las Universidades, las cooperativas (de servicios de producci\u00f3n), empresas privadas, de servicios tur\u00edsticos o de producci\u00f3n con las cuales se pueda establecer un proyecto de producci\u00f3n y\/o servicio inclusivo y din\u00e1mico con el prop\u00f3sito de fomentar la colaboraci\u00f3n y la interacci\u00f3n entre las\/los actrices y actores involucrados\/as, identificar sinergias y alianzas.<\/h3>\n","protected":false},"excerpt":{"rendered":"<p>Durante el mes de septiembre se realizar\u00e1n dos importantes encuentros entre unidad de inclusi\u00f3n laboral&#8230;<\/p>\n","protected":false},"author":1,"featured_media":3002,"comment_status":"closed","ping_status":"closed","sticky":false,"template":"","format":"standard","meta":{"footnotes":""},"categories":[6],"tags":[],"class_list":["post-3001","post","type-post","status-publish","format-standard","has-post-thumbnail","hentry","category-ciudad-provincia"],"yoast_head":"<!-- This site is optimized with the Yoast SEO plugin v26.1.1 - https:\/\/yoast.com\/wordpress\/plugins\/seo\/ -->\n<title>MERLO: ENCUENTROS PARA LA CREACI\u00d3N DE LA PRIMERA COOPERATIVA INCLUSIVA - Apuntes de San Luis<\/title>\n<meta name=\"robots\" content=\"index, follow, max-snippet:-1, max-image-preview:large, max-video-preview:-1\" \/>\n<link rel=\"canonical\" href=\"https:\/\/apuntesdesanluis.com\/index.php\/2023\/09\/10\/merlo-encuentros-para-la-creacion-de-la-primera-cooperativa-inclusiva\/\" \/>\n<meta property=\"og:locale\" content=\"es_ES\" \/>\n<meta property=\"og:type\" content=\"article\" \/>\n<meta property=\"og:title\" content=\"MERLO: ENCUENTROS PARA LA CREACI\u00d3N DE LA PRIMERA COOPERATIVA INCLUSIVA - Apuntes de San Luis\" \/>\n<meta property=\"og:description\" content=\"Durante el mes de septiembre se realizar\u00e1n dos importantes encuentros entre unidad de inclusi\u00f3n laboral...\" \/>\n<meta property=\"og:url\" content=\"https:\/\/apuntesdesanluis.com\/index.php\/2023\/09\/10\/merlo-encuentros-para-la-creacion-de-la-primera-cooperativa-inclusiva\/\" \/>\n<meta property=\"og:site_name\" content=\"Apuntes de San Luis\" \/>\n<meta property=\"article:published_time\" content=\"2023-09-10T20:42:56+00:00\" \/>\n<meta property=\"article:modified_time\" content=\"2023-09-10T20:43:43+00:00\" \/>\n<meta property=\"og:image\" content=\"https:\/\/apuntesdesanluis.com\/wp-content\/uploads\/2023\/09\/MUNICIPALIDAD-DE-MERLO.png\" \/>\n\t<meta property=\"og:image:width\" content=\"629\" \/>\n\t<meta property=\"og:image:height\" content=\"377\" \/>\n\t<meta property=\"og:image:type\" content=\"image\/png\" \/>\n<meta name=\"author\" content=\"apuntesdesanluis.com\" \/>\n<meta name=\"twitter:card\" content=\"summary_large_image\" \/>\n<meta name=\"twitter:label1\" content=\"Escrito por\" \/>\n\t<meta name=\"twitter:data1\" content=\"apuntesdesanluis.com\" \/>\n\t<meta name=\"twitter:label2\" content=\"Tiempo de lectura\" \/>\n\t<meta name=\"twitter:data2\" content=\"2 minutos\" \/>\n<script type=\"application\/ld+json\" class=\"yoast-schema-graph\">{\"@context\":\"https:\/\/schema.org\",\"@graph\":[{\"@type\":\"Article\",\"@id\":\"https:\/\/apuntesdesanluis.com\/index.php\/2023\/09\/10\/merlo-encuentros-para-la-creacion-de-la-primera-cooperativa-inclusiva\/#article\",\"isPartOf\":{\"@id\":\"https:\/\/apuntesdesanluis.com\/index.php\/2023\/09\/10\/merlo-encuentros-para-la-creacion-de-la-primera-cooperativa-inclusiva\/\"},\"author\":{\"name\":\"apuntesdesanluis.com\",\"@id\":\"https:\/\/apuntesdesanluis.com\/#\/schema\/person\/b55151d52296fcce64d1a72538a70b90\"},\"headline\":\"MERLO: ENCUENTROS PARA LA CREACI\u00d3N DE LA PRIMERA COOPERATIVA INCLUSIVA\",\"datePublished\":\"2023-09-10T20:42:56+00:00\",\"dateModified\":\"2023-09-10T20:43:43+00:00\",\"mainEntityOfPage\":{\"@id\":\"https:\/\/apuntesdesanluis.com\/index.php\/2023\/09\/10\/merlo-encuentros-para-la-creacion-de-la-primera-cooperativa-inclusiva\/\"},\"wordCount\":282,\"publisher\":{\"@id\":\"https:\/\/apuntesdesanluis.com\/#\/schema\/person\/b55151d52296fcce64d1a72538a70b90\"},\"image\":{\"@id\":\"https:\/\/apuntesdesanluis.com\/index.php\/2023\/09\/10\/merlo-encuentros-para-la-creacion-de-la-primera-cooperativa-inclusiva\/#primaryimage\"},\"thumbnailUrl\":\"https:\/\/apuntesdesanluis.com\/wp-content\/uploads\/2023\/09\/MUNICIPALIDAD-DE-MERLO.png\",\"articleSection\":[\"Ciudad\/Provincia\"],\"inLanguage\":\"es-AR\"},{\"@type\":\"WebPage\",\"@id\":\"https:\/\/apuntesdesanluis.com\/index.php\/2023\/09\/10\/merlo-encuentros-para-la-creacion-de-la-primera-cooperativa-inclusiva\/\",\"url\":\"https:\/\/apuntesdesanluis.com\/index.php\/2023\/09\/10\/merlo-encuentros-para-la-creacion-de-la-primera-cooperativa-inclusiva\/\",\"name\":\"MERLO: ENCUENTROS PARA LA CREACI\u00d3N DE LA PRIMERA COOPERATIVA INCLUSIVA - Apuntes de San Luis\",\"isPartOf\":{\"@id\":\"https:\/\/apuntesdesanluis.com\/#website\"},\"primaryImageOfPage\":{\"@id\":\"https:\/\/apuntesdesanluis.com\/index.php\/2023\/09\/10\/merlo-encuentros-para-la-creacion-de-la-primera-cooperativa-inclusiva\/#primaryimage\"},\"image\":{\"@id\":\"https:\/\/apuntesdesanluis.com\/index.php\/2023\/09\/10\/merlo-encuentros-para-la-creacion-de-la-primera-cooperativa-inclusiva\/#primaryimage\"},\"thumbnailUrl\":\"https:\/\/apuntesdesanluis.com\/wp-content\/uploads\/2023\/09\/MUNICIPALIDAD-DE-MERLO.png\",\"datePublished\":\"2023-09-10T20:42:56+00:00\",\"dateModified\":\"2023-09-10T20:43:43+00:00\",\"breadcrumb\":{\"@id\":\"https:\/\/apuntesdesanluis.com\/index.php\/2023\/09\/10\/merlo-encuentros-para-la-creacion-de-la-primera-cooperativa-inclusiva\/#breadcrumb\"},\"inLanguage\":\"es-AR\",\"potentialAction\":[{\"@type\":\"ReadAction\",\"target\":[\"https:\/\/apuntesdesanluis.com\/index.php\/2023\/09\/10\/merlo-encuentros-para-la-creacion-de-la-primera-cooperativa-inclusiva\/\"]}]},{\"@type\":\"ImageObject\",\"inLanguage\":\"es-AR\",\"@id\":\"https:\/\/apuntesdesanluis.com\/index.php\/2023\/09\/10\/merlo-encuentros-para-la-creacion-de-la-primera-cooperativa-inclusiva\/#primaryimage\",\"url\":\"https:\/\/apuntesdesanluis.com\/wp-content\/uploads\/2023\/09\/MUNICIPALIDAD-DE-MERLO.png\",\"contentUrl\":\"https:\/\/apuntesdesanluis.com\/wp-content\/uploads\/2023\/09\/MUNICIPALIDAD-DE-MERLO.png\",\"width\":629,\"height\":377},{\"@type\":\"BreadcrumbList\",\"@id\":\"https:\/\/apuntesdesanluis.com\/index.php\/2023\/09\/10\/merlo-encuentros-para-la-creacion-de-la-primera-cooperativa-inclusiva\/#breadcrumb\",\"itemListElement\":[{\"@type\":\"ListItem\",\"position\":1,\"name\":\"Inicio\",\"item\":\"https:\/\/apuntesdesanluis.com\/\"},{\"@type\":\"ListItem\",\"position\":2,\"name\":\"MERLO: ENCUENTROS PARA LA CREACI\u00d3N DE LA PRIMERA COOPERATIVA INCLUSIVA\"}]},{\"@type\":\"WebSite\",\"@id\":\"https:\/\/apuntesdesanluis.com\/#website\",\"url\":\"https:\/\/apuntesdesanluis.com\/\",\"name\":\"Apuntes de San Luis\",\"description\":\"\",\"publisher\":{\"@id\":\"https:\/\/apuntesdesanluis.com\/#\/schema\/person\/b55151d52296fcce64d1a72538a70b90\"},\"potentialAction\":[{\"@type\":\"SearchAction\",\"target\":{\"@type\":\"EntryPoint\",\"urlTemplate\":\"https:\/\/apuntesdesanluis.com\/?s={search_term_string}\"},\"query-input\":{\"@type\":\"PropertyValueSpecification\",\"valueRequired\":true,\"valueName\":\"search_term_string\"}}],\"inLanguage\":\"es-AR\"},{\"@type\":[\"Person\",\"Organization\"],\"@id\":\"https:\/\/apuntesdesanluis.com\/#\/schema\/person\/b55151d52296fcce64d1a72538a70b90\",\"name\":\"apuntesdesanluis.com\",\"image\":{\"@type\":\"ImageObject\",\"inLanguage\":\"es-AR\",\"@id\":\"https:\/\/apuntesdesanluis.com\/#\/schema\/person\/image\/\",\"url\":\"https:\/\/apuntesdesanluis.com\/wp-content\/uploads\/2023\/07\/cropped-apuntesdesanluis.png\",\"contentUrl\":\"https:\/\/apuntesdesanluis.com\/wp-content\/uploads\/2023\/07\/cropped-apuntesdesanluis.png\",\"width\":450,\"height\":112,\"caption\":\"apuntesdesanluis.com\"},\"logo\":{\"@id\":\"https:\/\/apuntesdesanluis.com\/#\/schema\/person\/image\/\"},\"sameAs\":[\"https:\/\/apuntesdesanluis.com\"],\"url\":\"https:\/\/apuntesdesanluis.com\/index.php\/author\/apuntesdesanluis-com\/\"}]}<\/script>\n<!-- \/ Yoast SEO plugin. -->","yoast_head_json":{"title":"MERLO: ENCUENTROS PARA LA CREACI\u00d3N DE LA PRIMERA COOPERATIVA INCLUSIVA - Apuntes de San Luis","robots":{"index":"index","follow":"follow","max-snippet":"max-snippet:-1","max-image-preview":"max-image-preview:large","max-video-preview":"max-video-preview:-1"},"canonical":"https:\/\/apuntesdesanluis.com\/index.php\/2023\/09\/10\/merlo-encuentros-para-la-creacion-de-la-primera-cooperativa-inclusiva\/","og_locale":"es_ES","og_type":"article","og_title":"MERLO: ENCUENTROS PARA LA CREACI\u00d3N DE LA PRIMERA COOPERATIVA INCLUSIVA - Apuntes de San Luis","og_description":"Durante el mes de septiembre se realizar\u00e1n dos importantes encuentros entre unidad de inclusi\u00f3n laboral...","og_url":"https:\/\/apuntesdesanluis.com\/index.php\/2023\/09\/10\/merlo-encuentros-para-la-creacion-de-la-primera-cooperativa-inclusiva\/","og_site_name":"Apuntes de San Luis","article_published_time":"2023-09-10T20:42:56+00:00","article_modified_time":"2023-09-10T20:43:43+00:00","og_image":[{"width":629,"height":377,"url":"https:\/\/apuntesdesanluis.com\/wp-content\/uploads\/2023\/09\/MUNICIPALIDAD-DE-MERLO.png","type":"image\/png"}],"author":"apuntesdesanluis.com","twitter_card":"summary_large_image","twitter_misc":{"Escrito por":"apuntesdesanluis.com","Tiempo de lectura":"2 minutos"},"schema":{"@context":"https:\/\/schema.org","@graph":[{"@type":"Article","@id":"https:\/\/apuntesdesanluis.com\/index.php\/2023\/09\/10\/merlo-encuentros-para-la-creacion-de-la-primera-cooperativa-inclusiva\/#article","isPartOf":{"@id":"https:\/\/apuntesdesanluis.com\/index.php\/2023\/09\/10\/merlo-encuentros-para-la-creacion-de-la-primera-cooperativa-inclusiva\/"},"author":{"name":"apuntesdesanluis.com","@id":"https:\/\/apuntesdesanluis.com\/#\/schema\/person\/b55151d52296fcce64d1a72538a70b90"},"headline":"MERLO: ENCUENTROS PARA LA CREACI\u00d3N DE LA PRIMERA COOPERATIVA INCLUSIVA","datePublished":"2023-09-10T20:42:56+00:00","dateModified":"2023-09-10T20:43:43+00:00","mainEntityOfPage":{"@id":"https:\/\/apuntesdesanluis.com\/index.php\/2023\/09\/10\/merlo-encuentros-para-la-creacion-de-la-primera-cooperativa-inclusiva\/"},"wordCount":282,"publisher":{"@id":"https:\/\/apuntesdesanluis.com\/#\/schema\/person\/b55151d52296fcce64d1a72538a70b90"},"image":{"@id":"https:\/\/apuntesdesanluis.com\/index.php\/2023\/09\/10\/merlo-encuentros-para-la-creacion-de-la-primera-cooperativa-inclusiva\/#primaryimage"},"thumbnailUrl":"https:\/\/apuntesdesanluis.com\/wp-content\/uploads\/2023\/09\/MUNICIPALIDAD-DE-MERLO.png","articleSection":["Ciudad\/Provincia"],"inLanguage":"es-AR"},{"@type":"WebPage","@id":"https:\/\/apuntesdesanluis.com\/index.php\/2023\/09\/10\/merlo-encuentros-para-la-creacion-de-la-primera-cooperativa-inclusiva\/","url":"https:\/\/apuntesdesanluis.com\/index.php\/2023\/09\/10\/merlo-encuentros-para-la-creacion-de-la-primera-cooperativa-inclusiva\/","name":"MERLO: ENCUENTROS PARA LA CREACI\u00d3N DE LA PRIMERA COOPERATIVA INCLUSIVA - Apuntes de San Luis","isPartOf":{"@id":"https:\/\/apuntesdesanluis.com\/#website"},"primaryImageOfPage":{"@id":"https:\/\/apuntesdesanluis.com\/index.php\/2023\/09\/10\/merlo-encuentros-para-la-creacion-de-la-primera-cooperativa-inclusiva\/#primaryimage"},"image":{"@id":"https:\/\/apuntesdesanluis.com\/index.php\/2023\/09\/10\/merlo-encuentros-para-la-creacion-de-la-primera-cooperativa-inclusiva\/#primaryimage"},"thumbnailUrl":"https:\/\/apuntesdesanluis.com\/wp-content\/uploads\/2023\/09\/MUNICIPALIDAD-DE-MERLO.png","datePublished":"2023-09-10T20:42:56+00:00","dateModified":"2023-09-10T20:43:43+00:00","breadcrumb":{"@id":"https:\/\/apuntesdesanluis.com\/index.php\/2023\/09\/10\/merlo-encuentros-para-la-creacion-de-la-primera-cooperativa-inclusiva\/#breadcrumb"},"inLanguage":"es-AR","potentialAction":[{"@type":"ReadAction","target":["https:\/\/apuntesdesanluis.com\/index.php\/2023\/09\/10\/merlo-encuentros-para-la-creacion-de-la-primera-cooperativa-inclusiva\/"]}]},{"@type":"ImageObject","inLanguage":"es-AR","@id":"https:\/\/apuntesdesanluis.com\/index.php\/2023\/09\/10\/merlo-encuentros-para-la-creacion-de-la-primera-cooperativa-inclusiva\/#primaryimage","url":"https:\/\/apuntesdesanluis.com\/wp-content\/uploads\/2023\/09\/MUNICIPALIDAD-DE-MERLO.png","contentUrl":"https:\/\/apuntesdesanluis.com\/wp-content\/uploads\/2023\/09\/MUNICIPALIDAD-DE-MERLO.png","width":629,"height":377},{"@type":"BreadcrumbList","@id":"https:\/\/apuntesdesanluis.com\/index.php\/2023\/09\/10\/merlo-encuentros-para-la-creacion-de-la-primera-cooperativa-inclusiva\/#breadcrumb","itemListElement":[{"@type":"ListItem","position":1,"name":"Inicio","item":"https:\/\/apuntesdesanluis.com\/"},{"@type":"ListItem","position":2,"name":"MERLO: ENCUENTROS PARA LA CREACI\u00d3N DE LA PRIMERA COOPERATIVA INCLUSIVA"}]},{"@type":"WebSite","@id":"https:\/\/apuntesdesanluis.com\/#website","url":"https:\/\/apuntesdesanluis.com\/","name":"Apuntes de San Luis","description":"","publisher":{"@id":"https:\/\/apuntesdesanluis.com\/#\/schema\/person\/b55151d52296fcce64d1a72538a70b90"},"potentialAction":[{"@type":"SearchAction","target":{"@type":"EntryPoint","urlTemplate":"https:\/\/apuntesdesanluis.com\/?s={search_term_string}"},"query-input":{"@type":"PropertyValueSpecification","valueRequired":true,"valueName":"search_term_string"}}],"inLanguage":"es-AR"},{"@type":["Person","Organization"],"@id":"https:\/\/apuntesdesanluis.com\/#\/schema\/person\/b55151d52296fcce64d1a72538a70b90","name":"apuntesdesanluis.com","image":{"@type":"ImageObject","inLanguage":"es-AR","@id":"https:\/\/apuntesdesanluis.com\/#\/schema\/person\/image\/","url":"https:\/\/apuntesdesanluis.com\/wp-content\/uploads\/2023\/07\/cropped-apuntesdesanluis.png","contentUrl":"https:\/\/apuntesdesanluis.com\/wp-content\/uploads\/2023\/07\/cropped-apuntesdesanluis.png","width":450,"height":112,"caption":"apuntesdesanluis.com"},"logo":{"@id":"https:\/\/apuntesdesanluis.com\/#\/schema\/person\/image\/"},"sameAs":["https:\/\/apuntesdesanluis.com"],"url":"https:\/\/apuntesdesanluis.com\/index.php\/author\/apuntesdesanluis-com\/"}]}},"featured_image_urls":{"full":["https:\/\/apuntesdesanluis.com\/wp-content\/uploads\/2023\/09\/MUNICIPALIDAD-DE-MERLO.png",629,377,false],"thumbnail":["https:\/\/apuntesdesanluis.com\/wp-content\/uploads\/2023\/09\/MUNICIPALIDAD-DE-MERLO-150x150.png",150,150,true],"medium":["https:\/\/apuntesdesanluis.com\/wp-content\/uploads\/2023\/09\/MUNICIPALIDAD-DE-MERLO-300x180.png",300,180,true],"medium_large":["https:\/\/apuntesdesanluis.com\/wp-content\/uploads\/2023\/09\/MUNICIPALIDAD-DE-MERLO.png",629,377,false],"large":["https:\/\/apuntesdesanluis.com\/wp-content\/uploads\/2023\/09\/MUNICIPALIDAD-DE-MERLO.png",629,377,false],"1536x1536":["https:\/\/apuntesdesanluis.com\/wp-content\/uploads\/2023\/09\/MUNICIPALIDAD-DE-MERLO.png",629,377,false],"2048x2048":["https:\/\/apuntesdesanluis.com\/wp-content\/uploads\/2023\/09\/MUNICIPALIDAD-DE-MERLO.png",629,377,false],"newsever-slider-full":["https:\/\/apuntesdesanluis.com\/wp-content\/uploads\/2023\/09\/MUNICIPALIDAD-DE-MERLO.png",629,377,false],"newsever-featured":["https:\/\/apuntesdesanluis.com\/wp-content\/uploads\/2023\/09\/MUNICIPALIDAD-DE-MERLO.png",629,377,false],"newsever-medium":["https:\/\/apuntesdesanluis.com\/wp-content\/uploads\/2023\/09\/MUNICIPALIDAD-DE-MERLO.png",629,377,false]},"author_info":{"display_name":"apuntesdesanluis.com","author_link":"https:\/\/apuntesdesanluis.com\/index.php\/author\/apuntesdesanluis-com\/"},"category_info":"<a href=\"https:\/\/apuntesdesanluis.com\/index.php\/category\/ciudad-provincia\/\" rel=\"category tag\">Ciudad\/Provincia<\/a>","tag_info":"Ciudad\/Provincia","comment_count":"0","_links":{"self":[{"href":"https:\/\/apuntesdesanluis.com\/index.php\/wp-json\/wp\/v2\/posts\/3001","targetHints":{"allow":["GET"]}}],"collection":[{"href":"https:\/\/apuntesdesanluis.com\/index.php\/wp-json\/wp\/v2\/posts"}],"about":[{"href":"https:\/\/apuntesdesanluis.com\/index.php\/wp-json\/wp\/v2\/types\/post"}],"author":[{"embeddable":true,"href":"https:\/\/apuntesdesanluis.com\/index.php\/wp-json\/wp\/v2\/users\/1"}],"replies":[{"embeddable":true,"href":"https:\/\/apuntesdesanluis.com\/index.php\/wp-json\/wp\/v2\/comments?post=3001"}],"version-history":[{"count":2,"href":"https:\/\/apuntesdesanluis.com\/index.php\/wp-json\/wp\/v2\/posts\/3001\/revisions"}],"predecessor-version":[{"id":3005,"href":"https:\/\/apuntesdesanluis.com\/index.php\/wp-json\/wp\/v2\/posts\/3001\/revisions\/3005"}],"wp:featuredmedia":[{"embeddable":true,"href":"https:\/\/apuntesdesanluis.com\/index.php\/wp-json\/wp\/v2\/media\/3002"}],"wp:attachment":[{"href":"https:\/\/apuntesdesanluis.com\/index.php\/wp-json\/wp\/v2\/media?parent=3001"}],"wp:term":[{"taxonomy":"category","embeddable":true,"href":"https:\/\/apuntesdesanluis.com\/index.php\/wp-json\/wp\/v2\/categories?post=3001"},{"taxonomy":"post_tag","embeddable":true,"href":"https:\/\/apuntesdesanluis.com\/index.php\/wp-json\/wp\/v2\/tags?post=3001"}],"curies":[{"name":"wp","href":"https:\/\/api.w.org\/{rel}","templated":true}]}}