{"id":30017,"date":"2025-03-05T21:15:21","date_gmt":"2025-03-06T00:15:21","guid":{"rendered":"https:\/\/apuntesdesanluis.com\/?p=30017"},"modified":"2025-03-05T21:15:21","modified_gmt":"2025-03-06T00:15:21","slug":"revocan-la-prision-domiciliaria-a-acusado-de-multiples-delitos","status":"publish","type":"post","link":"https:\/\/apuntesdesanluis.com\/index.php\/2025\/03\/05\/revocan-la-prision-domiciliaria-a-acusado-de-multiples-delitos\/","title":{"rendered":"REVOCAN LA PRISI\u00d3N DOMICILIARIA A ACUSADO DE M\u00daLTIPLES DELITOS"},"content":{"rendered":"<h3><strong>Valent\u00edn Pellegrini<\/strong>, un adolescente acusado de distintos delitos contra la propiedad, deber\u00e1 ser trasladado al Servicio Penitenciario Provincial bajo prisi\u00f3n preventiva. As\u00ed lo orden\u00f3 este mi\u00e9rcoles el Tribunal de Impugnaciones de la ciudad de San Luis luego de revocar una resoluci\u00f3n de la jueza de Garant\u00eda <strong>Natalia Lazarte Otero<\/strong>, que dispon\u00eda que la privaci\u00f3n de la libertad la cumpliera en su domicilio del barrio Jos\u00e9 Hern\u00e1ndez.<\/h3>\n<h3>Pellegrini fue acusado por la Fiscal\u00eda de Instrucci\u00f3n N\u00b0 3 por cinco hechos ocurridos entre octubre de 2024 y febrero de 2025. Todos fueron por robo e incluyeron violencia y amenazas. En la audiencia de formulaci\u00f3n de cargos del 24 de febrero, el fiscal Esteban Roche solicit\u00f3 una prisi\u00f3n preventiva por 90 d\u00edas y dijo que exist\u00edan riesgos procesales de fuga, entorpecimiento de la investigaci\u00f3n y riesgo para las v\u00edctimas.<\/h3>\n<h3>No obstante, la magistrada dict\u00f3 una medida de restricci\u00f3n de acercamiento a favor de las personas damnificadas, vecinas del imputado, y resolvi\u00f3 que la prisi\u00f3n fuera domiciliaria hasta el 22 de abril, fecha en la que inicia un juicio en contra de Pellegrini por hurto, desobediencia y portaci\u00f3n de arma de guerra.<\/h3>\n<h3>Por esta resoluci\u00f3n, la Fiscal\u00eda present\u00f3 un recurso de revocatoria ante Impugnaciones. El tribunal, luego de escuchar al fiscal, a la Defensora de Ni\u00f1ez, Marcela Torres Capiello -dos de los damnificados son menores de edad-, y a la Defensora en lo Penal, Nadia Ag\u00fandez, resolvi\u00f3 hacer lugar al recurso de revocatoria presentado por Roche.<\/h3>\n<h3>El fiscal, en la audiencia de este mi\u00e9rcoles inform\u00f3, adem\u00e1s, dos hechos nuevos contra Pellegrini luego del dictado de la domiciliaria. Se trata de dos robos con uso de arma ocurridos durante el fin de semana largo. En el operativo policial se detuvo a Claudio Pellegrini, acusado de varios de los delitos que se le endilgan a su hermano y quien permanec\u00eda pr\u00f3fugo de la justicia hasta hoy a la ma\u00f1ana.<\/h3>\n<h3>\u201cEntendemos que la jueza a la hora de dictar una medida cautelar no valor\u00f3 correctamente ciertos elementos, como el riesgo para las v\u00edctimas. Son muchos hechos por el que est\u00e1 acusado con un incremento de la violencia importante y eso debi\u00f3 ser considerado. Los 90 d\u00edas de preventiva solicitados por la Fiscal\u00eda luce razonable por lo que se ordena revocar la resoluci\u00f3n del 24 de febrero de 2025 ordenando la prisi\u00f3n preventiva para Valent\u00edn Pellegrini\u201d, expres\u00f3 la presidente del tribunal, Yanina Del Viso. La jueza Laura Molino y el juez Jorge Sabaini Zapata, adhirieron.<\/h3>\n<h3>\u201cLuce contradictoria y falta de fundamentos la detenci\u00f3n domiciliaria otorgada por la jueza. Se observan riesgos latentes que debieron valorarse\u201d, agreg\u00f3 Molino.<\/h3>\n<h3><\/h3>\n<h3><\/h3>\n<h3><\/h3>\n","protected":false},"excerpt":{"rendered":"<p>Valent\u00edn Pellegrini, un adolescente acusado de distintos delitos contra la propiedad, deber\u00e1 ser trasladado al&#8230;<\/p>\n","protected":false},"author":1,"featured_media":30019,"comment_status":"closed","ping_status":"closed","sticky":false,"template":"","format":"standard","meta":{"footnotes":""},"categories":[6],"tags":[],"class_list":["post-30017","post","type-post","status-publish","format-standard","has-post-thumbnail","hentry","category-ciudad-provincia"],"yoast_head":"<!-- This site is optimized with the Yoast SEO plugin v26.1.1 - https:\/\/yoast.com\/wordpress\/plugins\/seo\/ -->\n<title>REVOCAN LA PRISI\u00d3N DOMICILIARIA A ACUSADO DE M\u00daLTIPLES DELITOS - Apuntes de San Luis<\/title>\n<meta name=\"robots\" content=\"index, follow, max-snippet:-1, max-image-preview:large, max-video-preview:-1\" \/>\n<link rel=\"canonical\" href=\"https:\/\/apuntesdesanluis.com\/index.php\/2025\/03\/05\/revocan-la-prision-domiciliaria-a-acusado-de-multiples-delitos\/\" \/>\n<meta property=\"og:locale\" content=\"es_ES\" \/>\n<meta property=\"og:type\" content=\"article\" \/>\n<meta property=\"og:title\" content=\"REVOCAN LA PRISI\u00d3N DOMICILIARIA A ACUSADO DE M\u00daLTIPLES DELITOS - Apuntes de San Luis\" \/>\n<meta property=\"og:description\" content=\"Valent\u00edn Pellegrini, un adolescente acusado de distintos delitos contra la propiedad, deber\u00e1 ser trasladado al...\" \/>\n<meta property=\"og:url\" content=\"https:\/\/apuntesdesanluis.com\/index.php\/2025\/03\/05\/revocan-la-prision-domiciliaria-a-acusado-de-multiples-delitos\/\" \/>\n<meta property=\"og:site_name\" content=\"Apuntes de San Luis\" \/>\n<meta property=\"article:published_time\" content=\"2025-03-06T00:15:21+00:00\" \/>\n<meta property=\"og:image\" content=\"https:\/\/apuntesdesanluis.com\/wp-content\/uploads\/2025\/03\/tribunal.png\" \/>\n\t<meta property=\"og:image:width\" content=\"717\" \/>\n\t<meta property=\"og:image:height\" content=\"464\" \/>\n\t<meta property=\"og:image:type\" content=\"image\/png\" \/>\n<meta name=\"author\" content=\"apuntesdesanluis.com\" \/>\n<meta name=\"twitter:card\" content=\"summary_large_image\" \/>\n<meta name=\"twitter:label1\" content=\"Escrito por\" \/>\n\t<meta name=\"twitter:data1\" content=\"apuntesdesanluis.com\" \/>\n\t<meta name=\"twitter:label2\" content=\"Tiempo de lectura\" \/>\n\t<meta name=\"twitter:data2\" content=\"3 minutos\" \/>\n<script type=\"application\/ld+json\" class=\"yoast-schema-graph\">{\"@context\":\"https:\/\/schema.org\",\"@graph\":[{\"@type\":\"Article\",\"@id\":\"https:\/\/apuntesdesanluis.com\/index.php\/2025\/03\/05\/revocan-la-prision-domiciliaria-a-acusado-de-multiples-delitos\/#article\",\"isPartOf\":{\"@id\":\"https:\/\/apuntesdesanluis.com\/index.php\/2025\/03\/05\/revocan-la-prision-domiciliaria-a-acusado-de-multiples-delitos\/\"},\"author\":{\"name\":\"apuntesdesanluis.com\",\"@id\":\"https:\/\/apuntesdesanluis.com\/#\/schema\/person\/b55151d52296fcce64d1a72538a70b90\"},\"headline\":\"REVOCAN LA PRISI\u00d3N DOMICILIARIA A ACUSADO DE M\u00daLTIPLES DELITOS\",\"datePublished\":\"2025-03-06T00:15:21+00:00\",\"mainEntityOfPage\":{\"@id\":\"https:\/\/apuntesdesanluis.com\/index.php\/2025\/03\/05\/revocan-la-prision-domiciliaria-a-acusado-de-multiples-delitos\/\"},\"wordCount\":466,\"publisher\":{\"@id\":\"https:\/\/apuntesdesanluis.com\/#\/schema\/person\/b55151d52296fcce64d1a72538a70b90\"},\"image\":{\"@id\":\"https:\/\/apuntesdesanluis.com\/index.php\/2025\/03\/05\/revocan-la-prision-domiciliaria-a-acusado-de-multiples-delitos\/#primaryimage\"},\"thumbnailUrl\":\"https:\/\/apuntesdesanluis.com\/wp-content\/uploads\/2025\/03\/tribunal.png\",\"articleSection\":[\"Ciudad\/Provincia\"],\"inLanguage\":\"es-AR\"},{\"@type\":\"WebPage\",\"@id\":\"https:\/\/apuntesdesanluis.com\/index.php\/2025\/03\/05\/revocan-la-prision-domiciliaria-a-acusado-de-multiples-delitos\/\",\"url\":\"https:\/\/apuntesdesanluis.com\/index.php\/2025\/03\/05\/revocan-la-prision-domiciliaria-a-acusado-de-multiples-delitos\/\",\"name\":\"REVOCAN LA PRISI\u00d3N DOMICILIARIA A ACUSADO DE M\u00daLTIPLES DELITOS - Apuntes de San Luis\",\"isPartOf\":{\"@id\":\"https:\/\/apuntesdesanluis.com\/#website\"},\"primaryImageOfPage\":{\"@id\":\"https:\/\/apuntesdesanluis.com\/index.php\/2025\/03\/05\/revocan-la-prision-domiciliaria-a-acusado-de-multiples-delitos\/#primaryimage\"},\"image\":{\"@id\":\"https:\/\/apuntesdesanluis.com\/index.php\/2025\/03\/05\/revocan-la-prision-domiciliaria-a-acusado-de-multiples-delitos\/#primaryimage\"},\"thumbnailUrl\":\"https:\/\/apuntesdesanluis.com\/wp-content\/uploads\/2025\/03\/tribunal.png\",\"datePublished\":\"2025-03-06T00:15:21+00:00\",\"breadcrumb\":{\"@id\":\"https:\/\/apuntesdesanluis.com\/index.php\/2025\/03\/05\/revocan-la-prision-domiciliaria-a-acusado-de-multiples-delitos\/#breadcrumb\"},\"inLanguage\":\"es-AR\",\"potentialAction\":[{\"@type\":\"ReadAction\",\"target\":[\"https:\/\/apuntesdesanluis.com\/index.php\/2025\/03\/05\/revocan-la-prision-domiciliaria-a-acusado-de-multiples-delitos\/\"]}]},{\"@type\":\"ImageObject\",\"inLanguage\":\"es-AR\",\"@id\":\"https:\/\/apuntesdesanluis.com\/index.php\/2025\/03\/05\/revocan-la-prision-domiciliaria-a-acusado-de-multiples-delitos\/#primaryimage\",\"url\":\"https:\/\/apuntesdesanluis.com\/wp-content\/uploads\/2025\/03\/tribunal.png\",\"contentUrl\":\"https:\/\/apuntesdesanluis.com\/wp-content\/uploads\/2025\/03\/tribunal.png\",\"width\":717,\"height\":464},{\"@type\":\"BreadcrumbList\",\"@id\":\"https:\/\/apuntesdesanluis.com\/index.php\/2025\/03\/05\/revocan-la-prision-domiciliaria-a-acusado-de-multiples-delitos\/#breadcrumb\",\"itemListElement\":[{\"@type\":\"ListItem\",\"position\":1,\"name\":\"Inicio\",\"item\":\"https:\/\/apuntesdesanluis.com\/\"},{\"@type\":\"ListItem\",\"position\":2,\"name\":\"REVOCAN LA PRISI\u00d3N DOMICILIARIA A ACUSADO DE M\u00daLTIPLES DELITOS\"}]},{\"@type\":\"WebSite\",\"@id\":\"https:\/\/apuntesdesanluis.com\/#website\",\"url\":\"https:\/\/apuntesdesanluis.com\/\",\"name\":\"Apuntes de San Luis\",\"description\":\"\",\"publisher\":{\"@id\":\"https:\/\/apuntesdesanluis.com\/#\/schema\/person\/b55151d52296fcce64d1a72538a70b90\"},\"potentialAction\":[{\"@type\":\"SearchAction\",\"target\":{\"@type\":\"EntryPoint\",\"urlTemplate\":\"https:\/\/apuntesdesanluis.com\/?s={search_term_string}\"},\"query-input\":{\"@type\":\"PropertyValueSpecification\",\"valueRequired\":true,\"valueName\":\"search_term_string\"}}],\"inLanguage\":\"es-AR\"},{\"@type\":[\"Person\",\"Organization\"],\"@id\":\"https:\/\/apuntesdesanluis.com\/#\/schema\/person\/b55151d52296fcce64d1a72538a70b90\",\"name\":\"apuntesdesanluis.com\",\"image\":{\"@type\":\"ImageObject\",\"inLanguage\":\"es-AR\",\"@id\":\"https:\/\/apuntesdesanluis.com\/#\/schema\/person\/image\/\",\"url\":\"https:\/\/apuntesdesanluis.com\/wp-content\/uploads\/2023\/07\/cropped-apuntesdesanluis.png\",\"contentUrl\":\"https:\/\/apuntesdesanluis.com\/wp-content\/uploads\/2023\/07\/cropped-apuntesdesanluis.png\",\"width\":450,\"height\":112,\"caption\":\"apuntesdesanluis.com\"},\"logo\":{\"@id\":\"https:\/\/apuntesdesanluis.com\/#\/schema\/person\/image\/\"},\"sameAs\":[\"https:\/\/apuntesdesanluis.com\"],\"url\":\"https:\/\/apuntesdesanluis.com\/index.php\/author\/apuntesdesanluis-com\/\"}]}<\/script>\n<!-- \/ Yoast SEO plugin. -->","yoast_head_json":{"title":"REVOCAN LA PRISI\u00d3N DOMICILIARIA A ACUSADO DE M\u00daLTIPLES DELITOS - Apuntes de San Luis","robots":{"index":"index","follow":"follow","max-snippet":"max-snippet:-1","max-image-preview":"max-image-preview:large","max-video-preview":"max-video-preview:-1"},"canonical":"https:\/\/apuntesdesanluis.com\/index.php\/2025\/03\/05\/revocan-la-prision-domiciliaria-a-acusado-de-multiples-delitos\/","og_locale":"es_ES","og_type":"article","og_title":"REVOCAN LA PRISI\u00d3N DOMICILIARIA A ACUSADO DE M\u00daLTIPLES DELITOS - Apuntes de San Luis","og_description":"Valent\u00edn Pellegrini, un adolescente acusado de distintos delitos contra la propiedad, deber\u00e1 ser trasladado al...","og_url":"https:\/\/apuntesdesanluis.com\/index.php\/2025\/03\/05\/revocan-la-prision-domiciliaria-a-acusado-de-multiples-delitos\/","og_site_name":"Apuntes de San Luis","article_published_time":"2025-03-06T00:15:21+00:00","og_image":[{"width":717,"height":464,"url":"https:\/\/apuntesdesanluis.com\/wp-content\/uploads\/2025\/03\/tribunal.png","type":"image\/png"}],"author":"apuntesdesanluis.com","twitter_card":"summary_large_image","twitter_misc":{"Escrito por":"apuntesdesanluis.com","Tiempo de lectura":"3 minutos"},"schema":{"@context":"https:\/\/schema.org","@graph":[{"@type":"Article","@id":"https:\/\/apuntesdesanluis.com\/index.php\/2025\/03\/05\/revocan-la-prision-domiciliaria-a-acusado-de-multiples-delitos\/#article","isPartOf":{"@id":"https:\/\/apuntesdesanluis.com\/index.php\/2025\/03\/05\/revocan-la-prision-domiciliaria-a-acusado-de-multiples-delitos\/"},"author":{"name":"apuntesdesanluis.com","@id":"https:\/\/apuntesdesanluis.com\/#\/schema\/person\/b55151d52296fcce64d1a72538a70b90"},"headline":"REVOCAN LA PRISI\u00d3N DOMICILIARIA A ACUSADO DE M\u00daLTIPLES DELITOS","datePublished":"2025-03-06T00:15:21+00:00","mainEntityOfPage":{"@id":"https:\/\/apuntesdesanluis.com\/index.php\/2025\/03\/05\/revocan-la-prision-domiciliaria-a-acusado-de-multiples-delitos\/"},"wordCount":466,"publisher":{"@id":"https:\/\/apuntesdesanluis.com\/#\/schema\/person\/b55151d52296fcce64d1a72538a70b90"},"image":{"@id":"https:\/\/apuntesdesanluis.com\/index.php\/2025\/03\/05\/revocan-la-prision-domiciliaria-a-acusado-de-multiples-delitos\/#primaryimage"},"thumbnailUrl":"https:\/\/apuntesdesanluis.com\/wp-content\/uploads\/2025\/03\/tribunal.png","articleSection":["Ciudad\/Provincia"],"inLanguage":"es-AR"},{"@type":"WebPage","@id":"https:\/\/apuntesdesanluis.com\/index.php\/2025\/03\/05\/revocan-la-prision-domiciliaria-a-acusado-de-multiples-delitos\/","url":"https:\/\/apuntesdesanluis.com\/index.php\/2025\/03\/05\/revocan-la-prision-domiciliaria-a-acusado-de-multiples-delitos\/","name":"REVOCAN LA PRISI\u00d3N DOMICILIARIA A ACUSADO DE M\u00daLTIPLES DELITOS - Apuntes de San Luis","isPartOf":{"@id":"https:\/\/apuntesdesanluis.com\/#website"},"primaryImageOfPage":{"@id":"https:\/\/apuntesdesanluis.com\/index.php\/2025\/03\/05\/revocan-la-prision-domiciliaria-a-acusado-de-multiples-delitos\/#primaryimage"},"image":{"@id":"https:\/\/apuntesdesanluis.com\/index.php\/2025\/03\/05\/revocan-la-prision-domiciliaria-a-acusado-de-multiples-delitos\/#primaryimage"},"thumbnailUrl":"https:\/\/apuntesdesanluis.com\/wp-content\/uploads\/2025\/03\/tribunal.png","datePublished":"2025-03-06T00:15:21+00:00","breadcrumb":{"@id":"https:\/\/apuntesdesanluis.com\/index.php\/2025\/03\/05\/revocan-la-prision-domiciliaria-a-acusado-de-multiples-delitos\/#breadcrumb"},"inLanguage":"es-AR","potentialAction":[{"@type":"ReadAction","target":["https:\/\/apuntesdesanluis.com\/index.php\/2025\/03\/05\/revocan-la-prision-domiciliaria-a-acusado-de-multiples-delitos\/"]}]},{"@type":"ImageObject","inLanguage":"es-AR","@id":"https:\/\/apuntesdesanluis.com\/index.php\/2025\/03\/05\/revocan-la-prision-domiciliaria-a-acusado-de-multiples-delitos\/#primaryimage","url":"https:\/\/apuntesdesanluis.com\/wp-content\/uploads\/2025\/03\/tribunal.png","contentUrl":"https:\/\/apuntesdesanluis.com\/wp-content\/uploads\/2025\/03\/tribunal.png","width":717,"height":464},{"@type":"BreadcrumbList","@id":"https:\/\/apuntesdesanluis.com\/index.php\/2025\/03\/05\/revocan-la-prision-domiciliaria-a-acusado-de-multiples-delitos\/#breadcrumb","itemListElement":[{"@type":"ListItem","position":1,"name":"Inicio","item":"https:\/\/apuntesdesanluis.com\/"},{"@type":"ListItem","position":2,"name":"REVOCAN LA PRISI\u00d3N DOMICILIARIA A ACUSADO DE M\u00daLTIPLES DELITOS"}]},{"@type":"WebSite","@id":"https:\/\/apuntesdesanluis.com\/#website","url":"https:\/\/apuntesdesanluis.com\/","name":"Apuntes de San Luis","description":"","publisher":{"@id":"https:\/\/apuntesdesanluis.com\/#\/schema\/person\/b55151d52296fcce64d1a72538a70b90"},"potentialAction":[{"@type":"SearchAction","target":{"@type":"EntryPoint","urlTemplate":"https:\/\/apuntesdesanluis.com\/?s={search_term_string}"},"query-input":{"@type":"PropertyValueSpecification","valueRequired":true,"valueName":"search_term_string"}}],"inLanguage":"es-AR"},{"@type":["Person","Organization"],"@id":"https:\/\/apuntesdesanluis.com\/#\/schema\/person\/b55151d52296fcce64d1a72538a70b90","name":"apuntesdesanluis.com","image":{"@type":"ImageObject","inLanguage":"es-AR","@id":"https:\/\/apuntesdesanluis.com\/#\/schema\/person\/image\/","url":"https:\/\/apuntesdesanluis.com\/wp-content\/uploads\/2023\/07\/cropped-apuntesdesanluis.png","contentUrl":"https:\/\/apuntesdesanluis.com\/wp-content\/uploads\/2023\/07\/cropped-apuntesdesanluis.png","width":450,"height":112,"caption":"apuntesdesanluis.com"},"logo":{"@id":"https:\/\/apuntesdesanluis.com\/#\/schema\/person\/image\/"},"sameAs":["https:\/\/apuntesdesanluis.com"],"url":"https:\/\/apuntesdesanluis.com\/index.php\/author\/apuntesdesanluis-com\/"}]}},"featured_image_urls":{"full":["https:\/\/apuntesdesanluis.com\/wp-content\/uploads\/2025\/03\/tribunal.png",717,464,false],"thumbnail":["https:\/\/apuntesdesanluis.com\/wp-content\/uploads\/2025\/03\/tribunal-150x150.png",150,150,true],"medium":["https:\/\/apuntesdesanluis.com\/wp-content\/uploads\/2025\/03\/tribunal-300x194.png",300,194,true],"medium_large":["https:\/\/apuntesdesanluis.com\/wp-content\/uploads\/2025\/03\/tribunal.png",640,414,false],"large":["https:\/\/apuntesdesanluis.com\/wp-content\/uploads\/2025\/03\/tribunal.png",640,414,false],"1536x1536":["https:\/\/apuntesdesanluis.com\/wp-content\/uploads\/2025\/03\/tribunal.png",717,464,false],"2048x2048":["https:\/\/apuntesdesanluis.com\/wp-content\/uploads\/2025\/03\/tribunal.png",717,464,false],"newsever-slider-full":["https:\/\/apuntesdesanluis.com\/wp-content\/uploads\/2025\/03\/tribunal.png",717,464,false],"newsever-featured":["https:\/\/apuntesdesanluis.com\/wp-content\/uploads\/2025\/03\/tribunal.png",717,464,false],"newsever-medium":["https:\/\/apuntesdesanluis.com\/wp-content\/uploads\/2025\/03\/tribunal.png",717,464,false]},"author_info":{"display_name":"apuntesdesanluis.com","author_link":"https:\/\/apuntesdesanluis.com\/index.php\/author\/apuntesdesanluis-com\/"},"category_info":"<a href=\"https:\/\/apuntesdesanluis.com\/index.php\/category\/ciudad-provincia\/\" rel=\"category tag\">Ciudad\/Provincia<\/a>","tag_info":"Ciudad\/Provincia","comment_count":"0","_links":{"self":[{"href":"https:\/\/apuntesdesanluis.com\/index.php\/wp-json\/wp\/v2\/posts\/30017","targetHints":{"allow":["GET"]}}],"collection":[{"href":"https:\/\/apuntesdesanluis.com\/index.php\/wp-json\/wp\/v2\/posts"}],"about":[{"href":"https:\/\/apuntesdesanluis.com\/index.php\/wp-json\/wp\/v2\/types\/post"}],"author":[{"embeddable":true,"href":"https:\/\/apuntesdesanluis.com\/index.php\/wp-json\/wp\/v2\/users\/1"}],"replies":[{"embeddable":true,"href":"https:\/\/apuntesdesanluis.com\/index.php\/wp-json\/wp\/v2\/comments?post=30017"}],"version-history":[{"count":1,"href":"https:\/\/apuntesdesanluis.com\/index.php\/wp-json\/wp\/v2\/posts\/30017\/revisions"}],"predecessor-version":[{"id":30020,"href":"https:\/\/apuntesdesanluis.com\/index.php\/wp-json\/wp\/v2\/posts\/30017\/revisions\/30020"}],"wp:featuredmedia":[{"embeddable":true,"href":"https:\/\/apuntesdesanluis.com\/index.php\/wp-json\/wp\/v2\/media\/30019"}],"wp:attachment":[{"href":"https:\/\/apuntesdesanluis.com\/index.php\/wp-json\/wp\/v2\/media?parent=30017"}],"wp:term":[{"taxonomy":"category","embeddable":true,"href":"https:\/\/apuntesdesanluis.com\/index.php\/wp-json\/wp\/v2\/categories?post=30017"},{"taxonomy":"post_tag","embeddable":true,"href":"https:\/\/apuntesdesanluis.com\/index.php\/wp-json\/wp\/v2\/tags?post=30017"}],"curies":[{"name":"wp","href":"https:\/\/api.w.org\/{rel}","templated":true}]}}