{"id":30033,"date":"2025-03-05T22:09:01","date_gmt":"2025-03-06T01:09:01","guid":{"rendered":"https:\/\/apuntesdesanluis.com\/?p=30033"},"modified":"2025-03-05T22:12:50","modified_gmt":"2025-03-06T01:12:50","slug":"mejora-de-servicios-desarrollo-social-y-obras-publicas-principales-ejes-del-intendente-ayala","status":"publish","type":"post","link":"https:\/\/apuntesdesanluis.com\/index.php\/2025\/03\/05\/mejora-de-servicios-desarrollo-social-y-obras-publicas-principales-ejes-del-intendente-ayala\/","title":{"rendered":"MEJORA DE SERVICIOS, DESARROLLO SOCIAL Y OBRAS P\u00daBLICAS, PRINCIPALES EJES DEL INTENDENTE AYALA"},"content":{"rendered":"<h3>El intendente municipal, <strong>Luciano Ayala<\/strong>, pronunci\u00f3 su discurso en la Apertura de Sesiones del Per\u00edodo Legislativo 2025 del Honorable Concejo Deliberante de la Ciudad de <strong>La Punta<\/strong> (HCDLP). En el mismo, el jefe comunal acentu\u00f3 todo el trabajo y la gesti\u00f3n que llevaron a cabo las secretar\u00edas municipales durante el a\u00f1o y anunci\u00f3 los ejes para este 2025, cuya bater\u00eda de pol\u00edticas p\u00fablicas estar\u00e1 enfocada en la mejora de la prestaci\u00f3n de los servicios p\u00fablicos, desarrollo social y obra p\u00fablica.<\/h3>\n<h3>Estuvieron presentes en el acto el senador provincial, <strong>Mart\u00edn Olivero<\/strong>, la diputada provincial, <strong>Luciana Perano<\/strong>, funcionarios municipales, autoridades provinciales, educativas, deportivas, bomberos de La Punta y Veteranos de Guerra.<\/h3>\n<p><img fetchpriority=\"high\" decoding=\"async\" class=\"wp-image-30034 aligncenter\" src=\"https:\/\/apuntesdesanluis.com\/wp-content\/uploads\/2025\/03\/PUBLICO-EN-LA-PUNTA-CON-OLIVERO-300x177.png\" alt=\"\" width=\"742\" height=\"438\" srcset=\"https:\/\/apuntesdesanluis.com\/wp-content\/uploads\/2025\/03\/PUBLICO-EN-LA-PUNTA-CON-OLIVERO-300x177.png 300w, https:\/\/apuntesdesanluis.com\/wp-content\/uploads\/2025\/03\/PUBLICO-EN-LA-PUNTA-CON-OLIVERO.png 700w\" sizes=\"(max-width: 742px) 100vw, 742px\" \/><\/p>\n<h3>De los anuncios emitidos por el mandatario local, se destacan los siguientes:<\/h3>\n<h3>\u2013 Optimizaci\u00f3n de la atenci\u00f3n al ciudadano y la realizaci\u00f3n de tr\u00e1mites.<\/h3>\n<h3>\u2013 La compra de herramientas nuevas y modernas, incrementando la capacidad y eficiencia de los servicios.<\/h3>\n<h3>\u2013 Ampliaci\u00f3n de las c\u00e1maras de los acueductos principales existentes sobre la calle 5 norte y sobre la calle 13, ampliando secciones de 75mm de di\u00e1metro a 90mm de di\u00e1metro. Este incremento va a permitir aumentar la capacidad de la red de agua en pr\u00e1cticamente un 50%.<\/h3>\n<h3>\u2013 Repavimentaci\u00f3n con asfalto en caliente en distintos sectores y bocacalles de la Avenida Tobar Garc\u00eda, comprendidos entre Licitaci\u00f3n 1 y Licitaci\u00f3n 22, y la Avenida Serrana, comprendidos entre la calle 5 sur y la calle 13. Se completar\u00e1 9.200 metros cuadrados de asfalto flexible, que permitir\u00e1 dar una soluci\u00f3n definitiva en diferentes zonas de la ciudad.<\/h3>\n<h3>\u2013 Se continuar\u00e1 con el proceso de reconversi\u00f3n del 100% de las luminarias de La Punta a tecnolog\u00eda LED.<\/h3>\n<h3>\u2013 Enmarcados en el Plan TuBi 2025, se intervendr\u00e1n 600 metros lineales que ser\u00e1n ejecutados en hormig\u00f3n elaborado y llaneado.<\/h3>\n<h3>\u2013 Centro Comercial Norte: se llevar\u00e1 a cabo la pavimentaci\u00f3n de 260 metros lineales en el sector noroeste de la Plaza Fundacional.<\/h3>\n<h3>\u2013 Instalaci\u00f3n de sem\u00e1foros modernos y la sustituci\u00f3n de los antiguos, que reducir\u00e1n dr\u00e1sticamente los tiempos innecesarios de espera y el riesgo de accidentes, especialmente en intersecciones conflictivas.<\/h3>\n<h3>Adem\u00e1s, en el transcurso de su mensaje, el intendente hizo \u00e9nfasis en los diversos trabajos que llev\u00f3 adelante la gesti\u00f3n municipal en el Per\u00edodo Legislativo 2024:<\/h3>\n<h3>\u2013 La modernizaci\u00f3n alcanz\u00f3 cada \u00e1rea del municipio, dando rapidez, eficiencia y transparencia a su funcionamiento.<\/h3>\n<h3>\u2013 Convenio con la empresa Intervan.<\/h3>\n<h3>\u2013 Aplicaci\u00f3n m\u00f3vil Lapunta24\/7.<\/h3>\n<h3>\u2013 Plan de Mejoramiento de Espacios Verdes.<\/h3>\n<h3>\u2013 Alumbrado inteligente sobre el Acceso Diego Maradona y M\u00f3dulo 15.<\/h3>\n<h3>\u2013 Plan Integral de Desmalezado \u2013 Temporada 2024\/2025.<\/h3>\n<h3>\u2013 Plan de Manejo Racional del Agua.<\/h3>\n<h3>\u2013 Plan de Reconversi\u00f3n a LED.<\/h3>\n<h3>\u2013 Acciones y actividades del Departamento de la Mujer.<\/h3>\n<h3>\u2013 Asistencia Social (ayudas econ\u00f3micas, asistencias y visitas domiciliarias).<\/h3>\n<h3>\u2013 Red de asistencia comunitaria a trav\u00e9s de los Punto de Encuentro Comunitario (PEC).<\/h3>\n<h3>\u2013 Acciones frente al cambio clim\u00e1tico (presentaci\u00f3n de 5 proyectos de ordenanzas al HCDLP, de los cuales, 2 ya fueron aprobados).<\/h3>\n<h3>\u2013 Medio Ambiente: alianzas estrat\u00e9gicas con instituciones, educaci\u00f3n y concientizaci\u00f3n en las escuelas y caminatas informativas.<\/h3>\n<h3>\u2013 Plan de Lucha Contra el Dengue.<\/h3>\n<h3>\u2013 Zoonosis (797 castraciones, 453 vacunas antirr\u00e1bicas, 16 jornadas de Operativo Quir\u00f3fano M\u00f3vil, gesti\u00f3n de 67 adopciones responsables y control sanitario de 117 caballos).<\/h3>\n<h3>\u2013 Plan de Fiscalizaci\u00f3n Ambiental (se realizaron inspecciones de rutina y por reclamos a diferentes problem\u00e1ticas detectadas en la v\u00eda p\u00fablica y espacios verdes).<\/h3>\n<h3>\u2013 Mantenimiento y reforestaci\u00f3n (capacitaci\u00f3n y Vivero Municipal).<\/h3>\n<h3>\u2013 Comercio y Pymes: se implement\u00f3 un amplio programa de formaci\u00f3n laboral, por el que se logr\u00f3 590 egresados, superando las 2.300 solicitudes de inscripci\u00f3n en el a\u00f1o, se brindaron m\u00e1s de 35 cursos y talleres en convenio con diversas instituciones y se lanz\u00f3 la convocatoria de 250 becas gratuitas para emprendedores y vecinos de La Punta.<\/h3>\n<h3>\u2013 En convenio con Punto Digital, llevaron adelante m\u00e1s de 10 cursos semanales, con una duraci\u00f3n de 3 a 6 meses, convocando a m\u00e1s de 80 personas por semana.<\/h3>\n<h3>\u2013 Urbanismo y Obras: puesta en valor y peatonalizaci\u00f3n del cantero central sobre Avenida Serrana desde Plaza de los Ni\u00f1os hasta calle 5 norte.<\/h3>\n<h3>\u2013 Plan de Sinceramiento de Ampliaciones no Declaradas.<\/h3>\n<h3>\u2013 Actividades y eventos de la Secretar\u00eda de Deporte, Turismo y Cultura: Especiales Musicales, Encuentro Nacional de Payadores, Congreso Internacional de Ciencias Forenses, Festival de los Vientos, MalvinizArte, Copa Ciudad de La Punta, Colonia de Verano y temporada alta en el Parque Acu\u00e1tico.<\/h3>\n<h3>\u2013 Personal municipal: en julio de 2024, se gestionaron 24 contratos de Pr\u00e1ctica Laboral Rentada (PLR), en funci\u00f3n de un proceso de capacitaci\u00f3n y aprendizaje; durante octubre de 2024, se gestionaron 17 contratos de PLR; y en el mes de noviembre de 2024, se gestionaron 13 contratos de PLR. Se recategorizaron 48 empleados de Planta Permanente, seg\u00fan el Decreto 0576-IMLP-2024. El a\u00f1o 2024 se otorg\u00f3 un incremento del 104% en los salarios del personal municipal.<\/h3>\n<h3><\/h3>\n<h3><\/h3>\n<h3><\/h3>\n","protected":false},"excerpt":{"rendered":"<p>El intendente municipal, Luciano Ayala, pronunci\u00f3 su discurso en la Apertura de Sesiones del Per\u00edodo&#8230;<\/p>\n","protected":false},"author":1,"featured_media":30035,"comment_status":"closed","ping_status":"closed","sticky":false,"template":"","format":"standard","meta":{"footnotes":""},"categories":[6],"tags":[],"class_list":["post-30033","post","type-post","status-publish","format-standard","has-post-thumbnail","hentry","category-ciudad-provincia"],"yoast_head":"<!-- This site is optimized with the Yoast SEO plugin v26.1.1 - https:\/\/yoast.com\/wordpress\/plugins\/seo\/ -->\n<title>MEJORA DE SERVICIOS, DESARROLLO SOCIAL Y OBRAS P\u00daBLICAS, PRINCIPALES EJES DEL INTENDENTE AYALA - Apuntes de San Luis<\/title>\n<meta name=\"robots\" content=\"index, follow, max-snippet:-1, max-image-preview:large, max-video-preview:-1\" \/>\n<link rel=\"canonical\" href=\"https:\/\/apuntesdesanluis.com\/index.php\/2025\/03\/05\/mejora-de-servicios-desarrollo-social-y-obras-publicas-principales-ejes-del-intendente-ayala\/\" \/>\n<meta property=\"og:locale\" content=\"es_ES\" \/>\n<meta property=\"og:type\" content=\"article\" \/>\n<meta property=\"og:title\" content=\"MEJORA DE SERVICIOS, DESARROLLO SOCIAL Y OBRAS P\u00daBLICAS, PRINCIPALES EJES DEL INTENDENTE AYALA - Apuntes de San Luis\" \/>\n<meta property=\"og:description\" content=\"El intendente municipal, Luciano Ayala, pronunci\u00f3 su discurso en la Apertura de Sesiones del Per\u00edodo...\" \/>\n<meta property=\"og:url\" content=\"https:\/\/apuntesdesanluis.com\/index.php\/2025\/03\/05\/mejora-de-servicios-desarrollo-social-y-obras-publicas-principales-ejes-del-intendente-ayala\/\" \/>\n<meta property=\"og:site_name\" content=\"Apuntes de San Luis\" \/>\n<meta property=\"article:published_time\" content=\"2025-03-06T01:09:01+00:00\" \/>\n<meta property=\"article:modified_time\" content=\"2025-03-06T01:12:50+00:00\" \/>\n<meta property=\"og:image\" content=\"https:\/\/apuntesdesanluis.com\/wp-content\/uploads\/2025\/03\/LUCIANO-AYALA-1.png\" \/>\n\t<meta property=\"og:image:width\" content=\"716\" \/>\n\t<meta property=\"og:image:height\" content=\"459\" \/>\n\t<meta property=\"og:image:type\" content=\"image\/png\" \/>\n<meta name=\"author\" content=\"apuntesdesanluis.com\" \/>\n<meta name=\"twitter:card\" content=\"summary_large_image\" \/>\n<meta name=\"twitter:label1\" content=\"Escrito por\" \/>\n\t<meta name=\"twitter:data1\" content=\"apuntesdesanluis.com\" \/>\n\t<meta name=\"twitter:label2\" content=\"Tiempo de lectura\" \/>\n\t<meta name=\"twitter:data2\" content=\"4 minutos\" \/>\n<script type=\"application\/ld+json\" class=\"yoast-schema-graph\">{\"@context\":\"https:\/\/schema.org\",\"@graph\":[{\"@type\":\"Article\",\"@id\":\"https:\/\/apuntesdesanluis.com\/index.php\/2025\/03\/05\/mejora-de-servicios-desarrollo-social-y-obras-publicas-principales-ejes-del-intendente-ayala\/#article\",\"isPartOf\":{\"@id\":\"https:\/\/apuntesdesanluis.com\/index.php\/2025\/03\/05\/mejora-de-servicios-desarrollo-social-y-obras-publicas-principales-ejes-del-intendente-ayala\/\"},\"author\":{\"name\":\"apuntesdesanluis.com\",\"@id\":\"https:\/\/apuntesdesanluis.com\/#\/schema\/person\/b55151d52296fcce64d1a72538a70b90\"},\"headline\":\"MEJORA DE SERVICIOS, DESARROLLO SOCIAL Y OBRAS P\u00daBLICAS, PRINCIPALES EJES DEL INTENDENTE AYALA\",\"datePublished\":\"2025-03-06T01:09:01+00:00\",\"dateModified\":\"2025-03-06T01:12:50+00:00\",\"mainEntityOfPage\":{\"@id\":\"https:\/\/apuntesdesanluis.com\/index.php\/2025\/03\/05\/mejora-de-servicios-desarrollo-social-y-obras-publicas-principales-ejes-del-intendente-ayala\/\"},\"wordCount\":818,\"publisher\":{\"@id\":\"https:\/\/apuntesdesanluis.com\/#\/schema\/person\/b55151d52296fcce64d1a72538a70b90\"},\"image\":{\"@id\":\"https:\/\/apuntesdesanluis.com\/index.php\/2025\/03\/05\/mejora-de-servicios-desarrollo-social-y-obras-publicas-principales-ejes-del-intendente-ayala\/#primaryimage\"},\"thumbnailUrl\":\"https:\/\/apuntesdesanluis.com\/wp-content\/uploads\/2025\/03\/LUCIANO-AYALA-1.png\",\"articleSection\":[\"Ciudad\/Provincia\"],\"inLanguage\":\"es-AR\"},{\"@type\":\"WebPage\",\"@id\":\"https:\/\/apuntesdesanluis.com\/index.php\/2025\/03\/05\/mejora-de-servicios-desarrollo-social-y-obras-publicas-principales-ejes-del-intendente-ayala\/\",\"url\":\"https:\/\/apuntesdesanluis.com\/index.php\/2025\/03\/05\/mejora-de-servicios-desarrollo-social-y-obras-publicas-principales-ejes-del-intendente-ayala\/\",\"name\":\"MEJORA DE SERVICIOS, DESARROLLO SOCIAL Y OBRAS P\u00daBLICAS, PRINCIPALES EJES DEL INTENDENTE AYALA - Apuntes de San Luis\",\"isPartOf\":{\"@id\":\"https:\/\/apuntesdesanluis.com\/#website\"},\"primaryImageOfPage\":{\"@id\":\"https:\/\/apuntesdesanluis.com\/index.php\/2025\/03\/05\/mejora-de-servicios-desarrollo-social-y-obras-publicas-principales-ejes-del-intendente-ayala\/#primaryimage\"},\"image\":{\"@id\":\"https:\/\/apuntesdesanluis.com\/index.php\/2025\/03\/05\/mejora-de-servicios-desarrollo-social-y-obras-publicas-principales-ejes-del-intendente-ayala\/#primaryimage\"},\"thumbnailUrl\":\"https:\/\/apuntesdesanluis.com\/wp-content\/uploads\/2025\/03\/LUCIANO-AYALA-1.png\",\"datePublished\":\"2025-03-06T01:09:01+00:00\",\"dateModified\":\"2025-03-06T01:12:50+00:00\",\"breadcrumb\":{\"@id\":\"https:\/\/apuntesdesanluis.com\/index.php\/2025\/03\/05\/mejora-de-servicios-desarrollo-social-y-obras-publicas-principales-ejes-del-intendente-ayala\/#breadcrumb\"},\"inLanguage\":\"es-AR\",\"potentialAction\":[{\"@type\":\"ReadAction\",\"target\":[\"https:\/\/apuntesdesanluis.com\/index.php\/2025\/03\/05\/mejora-de-servicios-desarrollo-social-y-obras-publicas-principales-ejes-del-intendente-ayala\/\"]}]},{\"@type\":\"ImageObject\",\"inLanguage\":\"es-AR\",\"@id\":\"https:\/\/apuntesdesanluis.com\/index.php\/2025\/03\/05\/mejora-de-servicios-desarrollo-social-y-obras-publicas-principales-ejes-del-intendente-ayala\/#primaryimage\",\"url\":\"https:\/\/apuntesdesanluis.com\/wp-content\/uploads\/2025\/03\/LUCIANO-AYALA-1.png\",\"contentUrl\":\"https:\/\/apuntesdesanluis.com\/wp-content\/uploads\/2025\/03\/LUCIANO-AYALA-1.png\",\"width\":716,\"height\":459},{\"@type\":\"BreadcrumbList\",\"@id\":\"https:\/\/apuntesdesanluis.com\/index.php\/2025\/03\/05\/mejora-de-servicios-desarrollo-social-y-obras-publicas-principales-ejes-del-intendente-ayala\/#breadcrumb\",\"itemListElement\":[{\"@type\":\"ListItem\",\"position\":1,\"name\":\"Inicio\",\"item\":\"https:\/\/apuntesdesanluis.com\/\"},{\"@type\":\"ListItem\",\"position\":2,\"name\":\"MEJORA DE SERVICIOS, DESARROLLO SOCIAL Y OBRAS P\u00daBLICAS, PRINCIPALES EJES DEL INTENDENTE AYALA\"}]},{\"@type\":\"WebSite\",\"@id\":\"https:\/\/apuntesdesanluis.com\/#website\",\"url\":\"https:\/\/apuntesdesanluis.com\/\",\"name\":\"Apuntes de San Luis\",\"description\":\"\",\"publisher\":{\"@id\":\"https:\/\/apuntesdesanluis.com\/#\/schema\/person\/b55151d52296fcce64d1a72538a70b90\"},\"potentialAction\":[{\"@type\":\"SearchAction\",\"target\":{\"@type\":\"EntryPoint\",\"urlTemplate\":\"https:\/\/apuntesdesanluis.com\/?s={search_term_string}\"},\"query-input\":{\"@type\":\"PropertyValueSpecification\",\"valueRequired\":true,\"valueName\":\"search_term_string\"}}],\"inLanguage\":\"es-AR\"},{\"@type\":[\"Person\",\"Organization\"],\"@id\":\"https:\/\/apuntesdesanluis.com\/#\/schema\/person\/b55151d52296fcce64d1a72538a70b90\",\"name\":\"apuntesdesanluis.com\",\"image\":{\"@type\":\"ImageObject\",\"inLanguage\":\"es-AR\",\"@id\":\"https:\/\/apuntesdesanluis.com\/#\/schema\/person\/image\/\",\"url\":\"https:\/\/apuntesdesanluis.com\/wp-content\/uploads\/2023\/07\/cropped-apuntesdesanluis.png\",\"contentUrl\":\"https:\/\/apuntesdesanluis.com\/wp-content\/uploads\/2023\/07\/cropped-apuntesdesanluis.png\",\"width\":450,\"height\":112,\"caption\":\"apuntesdesanluis.com\"},\"logo\":{\"@id\":\"https:\/\/apuntesdesanluis.com\/#\/schema\/person\/image\/\"},\"sameAs\":[\"https:\/\/apuntesdesanluis.com\"],\"url\":\"https:\/\/apuntesdesanluis.com\/index.php\/author\/apuntesdesanluis-com\/\"}]}<\/script>\n<!-- \/ Yoast SEO plugin. -->","yoast_head_json":{"title":"MEJORA DE SERVICIOS, DESARROLLO SOCIAL Y OBRAS P\u00daBLICAS, PRINCIPALES EJES DEL INTENDENTE AYALA - Apuntes de San Luis","robots":{"index":"index","follow":"follow","max-snippet":"max-snippet:-1","max-image-preview":"max-image-preview:large","max-video-preview":"max-video-preview:-1"},"canonical":"https:\/\/apuntesdesanluis.com\/index.php\/2025\/03\/05\/mejora-de-servicios-desarrollo-social-y-obras-publicas-principales-ejes-del-intendente-ayala\/","og_locale":"es_ES","og_type":"article","og_title":"MEJORA DE SERVICIOS, DESARROLLO SOCIAL Y OBRAS P\u00daBLICAS, PRINCIPALES EJES DEL INTENDENTE AYALA - Apuntes de San Luis","og_description":"El intendente municipal, Luciano Ayala, pronunci\u00f3 su discurso en la Apertura de Sesiones del Per\u00edodo...","og_url":"https:\/\/apuntesdesanluis.com\/index.php\/2025\/03\/05\/mejora-de-servicios-desarrollo-social-y-obras-publicas-principales-ejes-del-intendente-ayala\/","og_site_name":"Apuntes de San Luis","article_published_time":"2025-03-06T01:09:01+00:00","article_modified_time":"2025-03-06T01:12:50+00:00","og_image":[{"width":716,"height":459,"url":"https:\/\/apuntesdesanluis.com\/wp-content\/uploads\/2025\/03\/LUCIANO-AYALA-1.png","type":"image\/png"}],"author":"apuntesdesanluis.com","twitter_card":"summary_large_image","twitter_misc":{"Escrito por":"apuntesdesanluis.com","Tiempo de lectura":"4 minutos"},"schema":{"@context":"https:\/\/schema.org","@graph":[{"@type":"Article","@id":"https:\/\/apuntesdesanluis.com\/index.php\/2025\/03\/05\/mejora-de-servicios-desarrollo-social-y-obras-publicas-principales-ejes-del-intendente-ayala\/#article","isPartOf":{"@id":"https:\/\/apuntesdesanluis.com\/index.php\/2025\/03\/05\/mejora-de-servicios-desarrollo-social-y-obras-publicas-principales-ejes-del-intendente-ayala\/"},"author":{"name":"apuntesdesanluis.com","@id":"https:\/\/apuntesdesanluis.com\/#\/schema\/person\/b55151d52296fcce64d1a72538a70b90"},"headline":"MEJORA DE SERVICIOS, DESARROLLO SOCIAL Y OBRAS P\u00daBLICAS, PRINCIPALES EJES DEL INTENDENTE AYALA","datePublished":"2025-03-06T01:09:01+00:00","dateModified":"2025-03-06T01:12:50+00:00","mainEntityOfPage":{"@id":"https:\/\/apuntesdesanluis.com\/index.php\/2025\/03\/05\/mejora-de-servicios-desarrollo-social-y-obras-publicas-principales-ejes-del-intendente-ayala\/"},"wordCount":818,"publisher":{"@id":"https:\/\/apuntesdesanluis.com\/#\/schema\/person\/b55151d52296fcce64d1a72538a70b90"},"image":{"@id":"https:\/\/apuntesdesanluis.com\/index.php\/2025\/03\/05\/mejora-de-servicios-desarrollo-social-y-obras-publicas-principales-ejes-del-intendente-ayala\/#primaryimage"},"thumbnailUrl":"https:\/\/apuntesdesanluis.com\/wp-content\/uploads\/2025\/03\/LUCIANO-AYALA-1.png","articleSection":["Ciudad\/Provincia"],"inLanguage":"es-AR"},{"@type":"WebPage","@id":"https:\/\/apuntesdesanluis.com\/index.php\/2025\/03\/05\/mejora-de-servicios-desarrollo-social-y-obras-publicas-principales-ejes-del-intendente-ayala\/","url":"https:\/\/apuntesdesanluis.com\/index.php\/2025\/03\/05\/mejora-de-servicios-desarrollo-social-y-obras-publicas-principales-ejes-del-intendente-ayala\/","name":"MEJORA DE SERVICIOS, DESARROLLO SOCIAL Y OBRAS P\u00daBLICAS, PRINCIPALES EJES DEL INTENDENTE AYALA - Apuntes de San Luis","isPartOf":{"@id":"https:\/\/apuntesdesanluis.com\/#website"},"primaryImageOfPage":{"@id":"https:\/\/apuntesdesanluis.com\/index.php\/2025\/03\/05\/mejora-de-servicios-desarrollo-social-y-obras-publicas-principales-ejes-del-intendente-ayala\/#primaryimage"},"image":{"@id":"https:\/\/apuntesdesanluis.com\/index.php\/2025\/03\/05\/mejora-de-servicios-desarrollo-social-y-obras-publicas-principales-ejes-del-intendente-ayala\/#primaryimage"},"thumbnailUrl":"https:\/\/apuntesdesanluis.com\/wp-content\/uploads\/2025\/03\/LUCIANO-AYALA-1.png","datePublished":"2025-03-06T01:09:01+00:00","dateModified":"2025-03-06T01:12:50+00:00","breadcrumb":{"@id":"https:\/\/apuntesdesanluis.com\/index.php\/2025\/03\/05\/mejora-de-servicios-desarrollo-social-y-obras-publicas-principales-ejes-del-intendente-ayala\/#breadcrumb"},"inLanguage":"es-AR","potentialAction":[{"@type":"ReadAction","target":["https:\/\/apuntesdesanluis.com\/index.php\/2025\/03\/05\/mejora-de-servicios-desarrollo-social-y-obras-publicas-principales-ejes-del-intendente-ayala\/"]}]},{"@type":"ImageObject","inLanguage":"es-AR","@id":"https:\/\/apuntesdesanluis.com\/index.php\/2025\/03\/05\/mejora-de-servicios-desarrollo-social-y-obras-publicas-principales-ejes-del-intendente-ayala\/#primaryimage","url":"https:\/\/apuntesdesanluis.com\/wp-content\/uploads\/2025\/03\/LUCIANO-AYALA-1.png","contentUrl":"https:\/\/apuntesdesanluis.com\/wp-content\/uploads\/2025\/03\/LUCIANO-AYALA-1.png","width":716,"height":459},{"@type":"BreadcrumbList","@id":"https:\/\/apuntesdesanluis.com\/index.php\/2025\/03\/05\/mejora-de-servicios-desarrollo-social-y-obras-publicas-principales-ejes-del-intendente-ayala\/#breadcrumb","itemListElement":[{"@type":"ListItem","position":1,"name":"Inicio","item":"https:\/\/apuntesdesanluis.com\/"},{"@type":"ListItem","position":2,"name":"MEJORA DE SERVICIOS, DESARROLLO SOCIAL Y OBRAS P\u00daBLICAS, PRINCIPALES EJES DEL INTENDENTE AYALA"}]},{"@type":"WebSite","@id":"https:\/\/apuntesdesanluis.com\/#website","url":"https:\/\/apuntesdesanluis.com\/","name":"Apuntes de San Luis","description":"","publisher":{"@id":"https:\/\/apuntesdesanluis.com\/#\/schema\/person\/b55151d52296fcce64d1a72538a70b90"},"potentialAction":[{"@type":"SearchAction","target":{"@type":"EntryPoint","urlTemplate":"https:\/\/apuntesdesanluis.com\/?s={search_term_string}"},"query-input":{"@type":"PropertyValueSpecification","valueRequired":true,"valueName":"search_term_string"}}],"inLanguage":"es-AR"},{"@type":["Person","Organization"],"@id":"https:\/\/apuntesdesanluis.com\/#\/schema\/person\/b55151d52296fcce64d1a72538a70b90","name":"apuntesdesanluis.com","image":{"@type":"ImageObject","inLanguage":"es-AR","@id":"https:\/\/apuntesdesanluis.com\/#\/schema\/person\/image\/","url":"https:\/\/apuntesdesanluis.com\/wp-content\/uploads\/2023\/07\/cropped-apuntesdesanluis.png","contentUrl":"https:\/\/apuntesdesanluis.com\/wp-content\/uploads\/2023\/07\/cropped-apuntesdesanluis.png","width":450,"height":112,"caption":"apuntesdesanluis.com"},"logo":{"@id":"https:\/\/apuntesdesanluis.com\/#\/schema\/person\/image\/"},"sameAs":["https:\/\/apuntesdesanluis.com"],"url":"https:\/\/apuntesdesanluis.com\/index.php\/author\/apuntesdesanluis-com\/"}]}},"featured_image_urls":{"full":["https:\/\/apuntesdesanluis.com\/wp-content\/uploads\/2025\/03\/LUCIANO-AYALA-1.png",716,459,false],"thumbnail":["https:\/\/apuntesdesanluis.com\/wp-content\/uploads\/2025\/03\/LUCIANO-AYALA-1-150x150.png",150,150,true],"medium":["https:\/\/apuntesdesanluis.com\/wp-content\/uploads\/2025\/03\/LUCIANO-AYALA-1-300x192.png",300,192,true],"medium_large":["https:\/\/apuntesdesanluis.com\/wp-content\/uploads\/2025\/03\/LUCIANO-AYALA-1.png",640,410,false],"large":["https:\/\/apuntesdesanluis.com\/wp-content\/uploads\/2025\/03\/LUCIANO-AYALA-1.png",640,410,false],"1536x1536":["https:\/\/apuntesdesanluis.com\/wp-content\/uploads\/2025\/03\/LUCIANO-AYALA-1.png",716,459,false],"2048x2048":["https:\/\/apuntesdesanluis.com\/wp-content\/uploads\/2025\/03\/LUCIANO-AYALA-1.png",716,459,false],"newsever-slider-full":["https:\/\/apuntesdesanluis.com\/wp-content\/uploads\/2025\/03\/LUCIANO-AYALA-1.png",716,459,false],"newsever-featured":["https:\/\/apuntesdesanluis.com\/wp-content\/uploads\/2025\/03\/LUCIANO-AYALA-1.png",716,459,false],"newsever-medium":["https:\/\/apuntesdesanluis.com\/wp-content\/uploads\/2025\/03\/LUCIANO-AYALA-1.png",716,459,false]},"author_info":{"display_name":"apuntesdesanluis.com","author_link":"https:\/\/apuntesdesanluis.com\/index.php\/author\/apuntesdesanluis-com\/"},"category_info":"<a href=\"https:\/\/apuntesdesanluis.com\/index.php\/category\/ciudad-provincia\/\" rel=\"category tag\">Ciudad\/Provincia<\/a>","tag_info":"Ciudad\/Provincia","comment_count":"0","_links":{"self":[{"href":"https:\/\/apuntesdesanluis.com\/index.php\/wp-json\/wp\/v2\/posts\/30033","targetHints":{"allow":["GET"]}}],"collection":[{"href":"https:\/\/apuntesdesanluis.com\/index.php\/wp-json\/wp\/v2\/posts"}],"about":[{"href":"https:\/\/apuntesdesanluis.com\/index.php\/wp-json\/wp\/v2\/types\/post"}],"author":[{"embeddable":true,"href":"https:\/\/apuntesdesanluis.com\/index.php\/wp-json\/wp\/v2\/users\/1"}],"replies":[{"embeddable":true,"href":"https:\/\/apuntesdesanluis.com\/index.php\/wp-json\/wp\/v2\/comments?post=30033"}],"version-history":[{"count":2,"href":"https:\/\/apuntesdesanluis.com\/index.php\/wp-json\/wp\/v2\/posts\/30033\/revisions"}],"predecessor-version":[{"id":30037,"href":"https:\/\/apuntesdesanluis.com\/index.php\/wp-json\/wp\/v2\/posts\/30033\/revisions\/30037"}],"wp:featuredmedia":[{"embeddable":true,"href":"https:\/\/apuntesdesanluis.com\/index.php\/wp-json\/wp\/v2\/media\/30035"}],"wp:attachment":[{"href":"https:\/\/apuntesdesanluis.com\/index.php\/wp-json\/wp\/v2\/media?parent=30033"}],"wp:term":[{"taxonomy":"category","embeddable":true,"href":"https:\/\/apuntesdesanluis.com\/index.php\/wp-json\/wp\/v2\/categories?post=30033"},{"taxonomy":"post_tag","embeddable":true,"href":"https:\/\/apuntesdesanluis.com\/index.php\/wp-json\/wp\/v2\/tags?post=30033"}],"curies":[{"name":"wp","href":"https:\/\/api.w.org\/{rel}","templated":true}]}}