{"id":30065,"date":"2025-03-05T23:57:34","date_gmt":"2025-03-06T02:57:34","guid":{"rendered":"https:\/\/apuntesdesanluis.com\/?p=30065"},"modified":"2025-03-05T23:57:47","modified_gmt":"2025-03-06T02:57:47","slug":"tiene-15-anos-manejaba-una-camioneta-a-alta-velocidad-choco-y-mato-es-inimputable","status":"publish","type":"post","link":"https:\/\/apuntesdesanluis.com\/index.php\/2025\/03\/05\/tiene-15-anos-manejaba-una-camioneta-a-alta-velocidad-choco-y-mato-es-inimputable\/","title":{"rendered":"TIENE 15 A\u00d1OS, MANEJABA UNA CAMIONETA A ALTA VELOCIDAD, CHOC\u00d3 Y MAT\u00d3: ES INIMPUTABLE"},"content":{"rendered":"<h3>Un adolescente de 15 a\u00f1os, que conduc\u00eda una Ford EcoSport, choc\u00f3 de frente contra un Dodge 1500 en la intersecci\u00f3n de Ruta 7 y calle Per\u00fa, en el partido de <strong>General Rodr\u00edguez<\/strong>. Como consecuencia del impacto, el conductor del auto, identificado como <strong>N\u00e9stor Daniel Mu\u00f1oz<\/strong>, de 53 a\u00f1os, falleci\u00f3 en el acto.<\/h3>\n<h3>Fuentes del caso confirmaron que el menor, que es inimputable y que no est\u00e1 habilitado para manejar, qued\u00f3 con una medida de seguridad restrictiva de la libertad y a disposici\u00f3n de un centro de detenci\u00f3n que pertenece al organismo de Ni\u00f1ez de la provincia de Buenos Aires.<\/h3>\n<h3>\u201cQuedar\u00e1 all\u00ed por lo menos los primeros tres meses y, luego, seis meses m\u00e1s, dependiendo de la contenci\u00f3n de los padres\u201d, explicaron las fuentes consultadas por este medio. Estar\u00e1 como m\u00e1ximo un a\u00f1o bajo la de medida de seguridad restrictiva de su libertad, aclararon.<\/h3>\n<h3>Por lo pronto, este mi\u00e9rcoles fue indagado por la fiscal del caso Alejandra Piqu\u00e9, titular de la UFI de Responsabilidad Juvenil N\u00b06 del departamento judicial de Moreno-General Rodr\u00edguez, en la causa por el delito de homicidio culposo. No declar\u00f3. Aunque por edad, el menor es inimputable y no podr\u00e1 ser condenado penalmente.<\/h3>\n<p>&nbsp;<\/p>\n<p>&nbsp;<\/p>\n<p>&nbsp;<\/p>\n<h3><\/h3>\n<h3><\/h3>\n<h3><\/h3>\n","protected":false},"excerpt":{"rendered":"<p>Un adolescente de 15 a\u00f1os, que conduc\u00eda una Ford EcoSport, choc\u00f3 de frente contra un&#8230;<\/p>\n","protected":false},"author":1,"featured_media":30066,"comment_status":"closed","ping_status":"closed","sticky":false,"template":"","format":"standard","meta":{"footnotes":""},"categories":[5],"tags":[],"class_list":["post-30065","post","type-post","status-publish","format-standard","has-post-thumbnail","hentry","category-nacionales-internacionales"],"yoast_head":"<!-- This site is optimized with the Yoast SEO plugin v26.1.1 - https:\/\/yoast.com\/wordpress\/plugins\/seo\/ -->\n<title>TIENE 15 A\u00d1OS, MANEJABA UNA CAMIONETA A ALTA VELOCIDAD, CHOC\u00d3 Y MAT\u00d3: ES INIMPUTABLE - Apuntes de San Luis<\/title>\n<meta name=\"robots\" content=\"index, follow, max-snippet:-1, max-image-preview:large, max-video-preview:-1\" \/>\n<link rel=\"canonical\" href=\"https:\/\/apuntesdesanluis.com\/index.php\/2025\/03\/05\/tiene-15-anos-manejaba-una-camioneta-a-alta-velocidad-choco-y-mato-es-inimputable\/\" \/>\n<meta property=\"og:locale\" content=\"es_ES\" \/>\n<meta property=\"og:type\" content=\"article\" \/>\n<meta property=\"og:title\" content=\"TIENE 15 A\u00d1OS, MANEJABA UNA CAMIONETA A ALTA VELOCIDAD, CHOC\u00d3 Y MAT\u00d3: ES INIMPUTABLE - Apuntes de San Luis\" \/>\n<meta property=\"og:description\" content=\"Un adolescente de 15 a\u00f1os, que conduc\u00eda una Ford EcoSport, choc\u00f3 de frente contra un...\" \/>\n<meta property=\"og:url\" content=\"https:\/\/apuntesdesanluis.com\/index.php\/2025\/03\/05\/tiene-15-anos-manejaba-una-camioneta-a-alta-velocidad-choco-y-mato-es-inimputable\/\" \/>\n<meta property=\"og:site_name\" content=\"Apuntes de San Luis\" \/>\n<meta property=\"article:published_time\" content=\"2025-03-06T02:57:34+00:00\" \/>\n<meta property=\"article:modified_time\" content=\"2025-03-06T02:57:47+00:00\" \/>\n<meta property=\"og:image\" content=\"https:\/\/apuntesdesanluis.com\/wp-content\/uploads\/2025\/03\/choQue.png\" \/>\n\t<meta property=\"og:image:width\" content=\"800\" \/>\n\t<meta property=\"og:image:height\" content=\"452\" \/>\n\t<meta property=\"og:image:type\" content=\"image\/png\" \/>\n<meta name=\"author\" content=\"apuntesdesanluis.com\" \/>\n<meta name=\"twitter:card\" content=\"summary_large_image\" \/>\n<meta name=\"twitter:label1\" content=\"Escrito por\" \/>\n\t<meta name=\"twitter:data1\" content=\"apuntesdesanluis.com\" \/>\n\t<meta name=\"twitter:label2\" content=\"Tiempo de lectura\" \/>\n\t<meta name=\"twitter:data2\" content=\"2 minutos\" \/>\n<script type=\"application\/ld+json\" class=\"yoast-schema-graph\">{\"@context\":\"https:\/\/schema.org\",\"@graph\":[{\"@type\":\"Article\",\"@id\":\"https:\/\/apuntesdesanluis.com\/index.php\/2025\/03\/05\/tiene-15-anos-manejaba-una-camioneta-a-alta-velocidad-choco-y-mato-es-inimputable\/#article\",\"isPartOf\":{\"@id\":\"https:\/\/apuntesdesanluis.com\/index.php\/2025\/03\/05\/tiene-15-anos-manejaba-una-camioneta-a-alta-velocidad-choco-y-mato-es-inimputable\/\"},\"author\":{\"name\":\"apuntesdesanluis.com\",\"@id\":\"https:\/\/apuntesdesanluis.com\/#\/schema\/person\/b55151d52296fcce64d1a72538a70b90\"},\"headline\":\"TIENE 15 A\u00d1OS, MANEJABA UNA CAMIONETA A ALTA VELOCIDAD, CHOC\u00d3 Y MAT\u00d3: ES INIMPUTABLE\",\"datePublished\":\"2025-03-06T02:57:34+00:00\",\"dateModified\":\"2025-03-06T02:57:47+00:00\",\"mainEntityOfPage\":{\"@id\":\"https:\/\/apuntesdesanluis.com\/index.php\/2025\/03\/05\/tiene-15-anos-manejaba-una-camioneta-a-alta-velocidad-choco-y-mato-es-inimputable\/\"},\"wordCount\":224,\"publisher\":{\"@id\":\"https:\/\/apuntesdesanluis.com\/#\/schema\/person\/b55151d52296fcce64d1a72538a70b90\"},\"image\":{\"@id\":\"https:\/\/apuntesdesanluis.com\/index.php\/2025\/03\/05\/tiene-15-anos-manejaba-una-camioneta-a-alta-velocidad-choco-y-mato-es-inimputable\/#primaryimage\"},\"thumbnailUrl\":\"https:\/\/apuntesdesanluis.com\/wp-content\/uploads\/2025\/03\/choQue.png\",\"articleSection\":[\"Nacionales\/Internacionales\"],\"inLanguage\":\"es-AR\"},{\"@type\":\"WebPage\",\"@id\":\"https:\/\/apuntesdesanluis.com\/index.php\/2025\/03\/05\/tiene-15-anos-manejaba-una-camioneta-a-alta-velocidad-choco-y-mato-es-inimputable\/\",\"url\":\"https:\/\/apuntesdesanluis.com\/index.php\/2025\/03\/05\/tiene-15-anos-manejaba-una-camioneta-a-alta-velocidad-choco-y-mato-es-inimputable\/\",\"name\":\"TIENE 15 A\u00d1OS, MANEJABA UNA CAMIONETA A ALTA VELOCIDAD, CHOC\u00d3 Y MAT\u00d3: ES INIMPUTABLE - Apuntes de San Luis\",\"isPartOf\":{\"@id\":\"https:\/\/apuntesdesanluis.com\/#website\"},\"primaryImageOfPage\":{\"@id\":\"https:\/\/apuntesdesanluis.com\/index.php\/2025\/03\/05\/tiene-15-anos-manejaba-una-camioneta-a-alta-velocidad-choco-y-mato-es-inimputable\/#primaryimage\"},\"image\":{\"@id\":\"https:\/\/apuntesdesanluis.com\/index.php\/2025\/03\/05\/tiene-15-anos-manejaba-una-camioneta-a-alta-velocidad-choco-y-mato-es-inimputable\/#primaryimage\"},\"thumbnailUrl\":\"https:\/\/apuntesdesanluis.com\/wp-content\/uploads\/2025\/03\/choQue.png\",\"datePublished\":\"2025-03-06T02:57:34+00:00\",\"dateModified\":\"2025-03-06T02:57:47+00:00\",\"breadcrumb\":{\"@id\":\"https:\/\/apuntesdesanluis.com\/index.php\/2025\/03\/05\/tiene-15-anos-manejaba-una-camioneta-a-alta-velocidad-choco-y-mato-es-inimputable\/#breadcrumb\"},\"inLanguage\":\"es-AR\",\"potentialAction\":[{\"@type\":\"ReadAction\",\"target\":[\"https:\/\/apuntesdesanluis.com\/index.php\/2025\/03\/05\/tiene-15-anos-manejaba-una-camioneta-a-alta-velocidad-choco-y-mato-es-inimputable\/\"]}]},{\"@type\":\"ImageObject\",\"inLanguage\":\"es-AR\",\"@id\":\"https:\/\/apuntesdesanluis.com\/index.php\/2025\/03\/05\/tiene-15-anos-manejaba-una-camioneta-a-alta-velocidad-choco-y-mato-es-inimputable\/#primaryimage\",\"url\":\"https:\/\/apuntesdesanluis.com\/wp-content\/uploads\/2025\/03\/choQue.png\",\"contentUrl\":\"https:\/\/apuntesdesanluis.com\/wp-content\/uploads\/2025\/03\/choQue.png\",\"width\":800,\"height\":452},{\"@type\":\"BreadcrumbList\",\"@id\":\"https:\/\/apuntesdesanluis.com\/index.php\/2025\/03\/05\/tiene-15-anos-manejaba-una-camioneta-a-alta-velocidad-choco-y-mato-es-inimputable\/#breadcrumb\",\"itemListElement\":[{\"@type\":\"ListItem\",\"position\":1,\"name\":\"Inicio\",\"item\":\"https:\/\/apuntesdesanluis.com\/\"},{\"@type\":\"ListItem\",\"position\":2,\"name\":\"TIENE 15 A\u00d1OS, MANEJABA UNA CAMIONETA A ALTA VELOCIDAD, CHOC\u00d3 Y MAT\u00d3: ES INIMPUTABLE\"}]},{\"@type\":\"WebSite\",\"@id\":\"https:\/\/apuntesdesanluis.com\/#website\",\"url\":\"https:\/\/apuntesdesanluis.com\/\",\"name\":\"Apuntes de San Luis\",\"description\":\"\",\"publisher\":{\"@id\":\"https:\/\/apuntesdesanluis.com\/#\/schema\/person\/b55151d52296fcce64d1a72538a70b90\"},\"potentialAction\":[{\"@type\":\"SearchAction\",\"target\":{\"@type\":\"EntryPoint\",\"urlTemplate\":\"https:\/\/apuntesdesanluis.com\/?s={search_term_string}\"},\"query-input\":{\"@type\":\"PropertyValueSpecification\",\"valueRequired\":true,\"valueName\":\"search_term_string\"}}],\"inLanguage\":\"es-AR\"},{\"@type\":[\"Person\",\"Organization\"],\"@id\":\"https:\/\/apuntesdesanluis.com\/#\/schema\/person\/b55151d52296fcce64d1a72538a70b90\",\"name\":\"apuntesdesanluis.com\",\"image\":{\"@type\":\"ImageObject\",\"inLanguage\":\"es-AR\",\"@id\":\"https:\/\/apuntesdesanluis.com\/#\/schema\/person\/image\/\",\"url\":\"https:\/\/apuntesdesanluis.com\/wp-content\/uploads\/2023\/07\/cropped-apuntesdesanluis.png\",\"contentUrl\":\"https:\/\/apuntesdesanluis.com\/wp-content\/uploads\/2023\/07\/cropped-apuntesdesanluis.png\",\"width\":450,\"height\":112,\"caption\":\"apuntesdesanluis.com\"},\"logo\":{\"@id\":\"https:\/\/apuntesdesanluis.com\/#\/schema\/person\/image\/\"},\"sameAs\":[\"https:\/\/apuntesdesanluis.com\"],\"url\":\"https:\/\/apuntesdesanluis.com\/index.php\/author\/apuntesdesanluis-com\/\"}]}<\/script>\n<!-- \/ Yoast SEO plugin. -->","yoast_head_json":{"title":"TIENE 15 A\u00d1OS, MANEJABA UNA CAMIONETA A ALTA VELOCIDAD, CHOC\u00d3 Y MAT\u00d3: ES INIMPUTABLE - Apuntes de San Luis","robots":{"index":"index","follow":"follow","max-snippet":"max-snippet:-1","max-image-preview":"max-image-preview:large","max-video-preview":"max-video-preview:-1"},"canonical":"https:\/\/apuntesdesanluis.com\/index.php\/2025\/03\/05\/tiene-15-anos-manejaba-una-camioneta-a-alta-velocidad-choco-y-mato-es-inimputable\/","og_locale":"es_ES","og_type":"article","og_title":"TIENE 15 A\u00d1OS, MANEJABA UNA CAMIONETA A ALTA VELOCIDAD, CHOC\u00d3 Y MAT\u00d3: ES INIMPUTABLE - Apuntes de San Luis","og_description":"Un adolescente de 15 a\u00f1os, que conduc\u00eda una Ford EcoSport, choc\u00f3 de frente contra un...","og_url":"https:\/\/apuntesdesanluis.com\/index.php\/2025\/03\/05\/tiene-15-anos-manejaba-una-camioneta-a-alta-velocidad-choco-y-mato-es-inimputable\/","og_site_name":"Apuntes de San Luis","article_published_time":"2025-03-06T02:57:34+00:00","article_modified_time":"2025-03-06T02:57:47+00:00","og_image":[{"width":800,"height":452,"url":"https:\/\/apuntesdesanluis.com\/wp-content\/uploads\/2025\/03\/choQue.png","type":"image\/png"}],"author":"apuntesdesanluis.com","twitter_card":"summary_large_image","twitter_misc":{"Escrito por":"apuntesdesanluis.com","Tiempo de lectura":"2 minutos"},"schema":{"@context":"https:\/\/schema.org","@graph":[{"@type":"Article","@id":"https:\/\/apuntesdesanluis.com\/index.php\/2025\/03\/05\/tiene-15-anos-manejaba-una-camioneta-a-alta-velocidad-choco-y-mato-es-inimputable\/#article","isPartOf":{"@id":"https:\/\/apuntesdesanluis.com\/index.php\/2025\/03\/05\/tiene-15-anos-manejaba-una-camioneta-a-alta-velocidad-choco-y-mato-es-inimputable\/"},"author":{"name":"apuntesdesanluis.com","@id":"https:\/\/apuntesdesanluis.com\/#\/schema\/person\/b55151d52296fcce64d1a72538a70b90"},"headline":"TIENE 15 A\u00d1OS, MANEJABA UNA CAMIONETA A ALTA VELOCIDAD, CHOC\u00d3 Y MAT\u00d3: ES INIMPUTABLE","datePublished":"2025-03-06T02:57:34+00:00","dateModified":"2025-03-06T02:57:47+00:00","mainEntityOfPage":{"@id":"https:\/\/apuntesdesanluis.com\/index.php\/2025\/03\/05\/tiene-15-anos-manejaba-una-camioneta-a-alta-velocidad-choco-y-mato-es-inimputable\/"},"wordCount":224,"publisher":{"@id":"https:\/\/apuntesdesanluis.com\/#\/schema\/person\/b55151d52296fcce64d1a72538a70b90"},"image":{"@id":"https:\/\/apuntesdesanluis.com\/index.php\/2025\/03\/05\/tiene-15-anos-manejaba-una-camioneta-a-alta-velocidad-choco-y-mato-es-inimputable\/#primaryimage"},"thumbnailUrl":"https:\/\/apuntesdesanluis.com\/wp-content\/uploads\/2025\/03\/choQue.png","articleSection":["Nacionales\/Internacionales"],"inLanguage":"es-AR"},{"@type":"WebPage","@id":"https:\/\/apuntesdesanluis.com\/index.php\/2025\/03\/05\/tiene-15-anos-manejaba-una-camioneta-a-alta-velocidad-choco-y-mato-es-inimputable\/","url":"https:\/\/apuntesdesanluis.com\/index.php\/2025\/03\/05\/tiene-15-anos-manejaba-una-camioneta-a-alta-velocidad-choco-y-mato-es-inimputable\/","name":"TIENE 15 A\u00d1OS, MANEJABA UNA CAMIONETA A ALTA VELOCIDAD, CHOC\u00d3 Y MAT\u00d3: ES INIMPUTABLE - Apuntes de San Luis","isPartOf":{"@id":"https:\/\/apuntesdesanluis.com\/#website"},"primaryImageOfPage":{"@id":"https:\/\/apuntesdesanluis.com\/index.php\/2025\/03\/05\/tiene-15-anos-manejaba-una-camioneta-a-alta-velocidad-choco-y-mato-es-inimputable\/#primaryimage"},"image":{"@id":"https:\/\/apuntesdesanluis.com\/index.php\/2025\/03\/05\/tiene-15-anos-manejaba-una-camioneta-a-alta-velocidad-choco-y-mato-es-inimputable\/#primaryimage"},"thumbnailUrl":"https:\/\/apuntesdesanluis.com\/wp-content\/uploads\/2025\/03\/choQue.png","datePublished":"2025-03-06T02:57:34+00:00","dateModified":"2025-03-06T02:57:47+00:00","breadcrumb":{"@id":"https:\/\/apuntesdesanluis.com\/index.php\/2025\/03\/05\/tiene-15-anos-manejaba-una-camioneta-a-alta-velocidad-choco-y-mato-es-inimputable\/#breadcrumb"},"inLanguage":"es-AR","potentialAction":[{"@type":"ReadAction","target":["https:\/\/apuntesdesanluis.com\/index.php\/2025\/03\/05\/tiene-15-anos-manejaba-una-camioneta-a-alta-velocidad-choco-y-mato-es-inimputable\/"]}]},{"@type":"ImageObject","inLanguage":"es-AR","@id":"https:\/\/apuntesdesanluis.com\/index.php\/2025\/03\/05\/tiene-15-anos-manejaba-una-camioneta-a-alta-velocidad-choco-y-mato-es-inimputable\/#primaryimage","url":"https:\/\/apuntesdesanluis.com\/wp-content\/uploads\/2025\/03\/choQue.png","contentUrl":"https:\/\/apuntesdesanluis.com\/wp-content\/uploads\/2025\/03\/choQue.png","width":800,"height":452},{"@type":"BreadcrumbList","@id":"https:\/\/apuntesdesanluis.com\/index.php\/2025\/03\/05\/tiene-15-anos-manejaba-una-camioneta-a-alta-velocidad-choco-y-mato-es-inimputable\/#breadcrumb","itemListElement":[{"@type":"ListItem","position":1,"name":"Inicio","item":"https:\/\/apuntesdesanluis.com\/"},{"@type":"ListItem","position":2,"name":"TIENE 15 A\u00d1OS, MANEJABA UNA CAMIONETA A ALTA VELOCIDAD, CHOC\u00d3 Y MAT\u00d3: ES INIMPUTABLE"}]},{"@type":"WebSite","@id":"https:\/\/apuntesdesanluis.com\/#website","url":"https:\/\/apuntesdesanluis.com\/","name":"Apuntes de San Luis","description":"","publisher":{"@id":"https:\/\/apuntesdesanluis.com\/#\/schema\/person\/b55151d52296fcce64d1a72538a70b90"},"potentialAction":[{"@type":"SearchAction","target":{"@type":"EntryPoint","urlTemplate":"https:\/\/apuntesdesanluis.com\/?s={search_term_string}"},"query-input":{"@type":"PropertyValueSpecification","valueRequired":true,"valueName":"search_term_string"}}],"inLanguage":"es-AR"},{"@type":["Person","Organization"],"@id":"https:\/\/apuntesdesanluis.com\/#\/schema\/person\/b55151d52296fcce64d1a72538a70b90","name":"apuntesdesanluis.com","image":{"@type":"ImageObject","inLanguage":"es-AR","@id":"https:\/\/apuntesdesanluis.com\/#\/schema\/person\/image\/","url":"https:\/\/apuntesdesanluis.com\/wp-content\/uploads\/2023\/07\/cropped-apuntesdesanluis.png","contentUrl":"https:\/\/apuntesdesanluis.com\/wp-content\/uploads\/2023\/07\/cropped-apuntesdesanluis.png","width":450,"height":112,"caption":"apuntesdesanluis.com"},"logo":{"@id":"https:\/\/apuntesdesanluis.com\/#\/schema\/person\/image\/"},"sameAs":["https:\/\/apuntesdesanluis.com"],"url":"https:\/\/apuntesdesanluis.com\/index.php\/author\/apuntesdesanluis-com\/"}]}},"featured_image_urls":{"full":["https:\/\/apuntesdesanluis.com\/wp-content\/uploads\/2025\/03\/choQue.png",800,452,false],"thumbnail":["https:\/\/apuntesdesanluis.com\/wp-content\/uploads\/2025\/03\/choQue-150x150.png",150,150,true],"medium":["https:\/\/apuntesdesanluis.com\/wp-content\/uploads\/2025\/03\/choQue-300x170.png",300,170,true],"medium_large":["https:\/\/apuntesdesanluis.com\/wp-content\/uploads\/2025\/03\/choQue-768x434.png",640,362,true],"large":["https:\/\/apuntesdesanluis.com\/wp-content\/uploads\/2025\/03\/choQue.png",640,362,false],"1536x1536":["https:\/\/apuntesdesanluis.com\/wp-content\/uploads\/2025\/03\/choQue.png",800,452,false],"2048x2048":["https:\/\/apuntesdesanluis.com\/wp-content\/uploads\/2025\/03\/choQue.png",800,452,false],"newsever-slider-full":["https:\/\/apuntesdesanluis.com\/wp-content\/uploads\/2025\/03\/choQue.png",800,452,false],"newsever-featured":["https:\/\/apuntesdesanluis.com\/wp-content\/uploads\/2025\/03\/choQue.png",800,452,false],"newsever-medium":["https:\/\/apuntesdesanluis.com\/wp-content\/uploads\/2025\/03\/choQue-720x452.png",720,452,true]},"author_info":{"display_name":"apuntesdesanluis.com","author_link":"https:\/\/apuntesdesanluis.com\/index.php\/author\/apuntesdesanluis-com\/"},"category_info":"<a href=\"https:\/\/apuntesdesanluis.com\/index.php\/category\/nacionales-internacionales\/\" rel=\"category tag\">Nacionales\/Internacionales<\/a>","tag_info":"Nacionales\/Internacionales","comment_count":"0","_links":{"self":[{"href":"https:\/\/apuntesdesanluis.com\/index.php\/wp-json\/wp\/v2\/posts\/30065","targetHints":{"allow":["GET"]}}],"collection":[{"href":"https:\/\/apuntesdesanluis.com\/index.php\/wp-json\/wp\/v2\/posts"}],"about":[{"href":"https:\/\/apuntesdesanluis.com\/index.php\/wp-json\/wp\/v2\/types\/post"}],"author":[{"embeddable":true,"href":"https:\/\/apuntesdesanluis.com\/index.php\/wp-json\/wp\/v2\/users\/1"}],"replies":[{"embeddable":true,"href":"https:\/\/apuntesdesanluis.com\/index.php\/wp-json\/wp\/v2\/comments?post=30065"}],"version-history":[{"count":2,"href":"https:\/\/apuntesdesanluis.com\/index.php\/wp-json\/wp\/v2\/posts\/30065\/revisions"}],"predecessor-version":[{"id":30068,"href":"https:\/\/apuntesdesanluis.com\/index.php\/wp-json\/wp\/v2\/posts\/30065\/revisions\/30068"}],"wp:featuredmedia":[{"embeddable":true,"href":"https:\/\/apuntesdesanluis.com\/index.php\/wp-json\/wp\/v2\/media\/30066"}],"wp:attachment":[{"href":"https:\/\/apuntesdesanluis.com\/index.php\/wp-json\/wp\/v2\/media?parent=30065"}],"wp:term":[{"taxonomy":"category","embeddable":true,"href":"https:\/\/apuntesdesanluis.com\/index.php\/wp-json\/wp\/v2\/categories?post=30065"},{"taxonomy":"post_tag","embeddable":true,"href":"https:\/\/apuntesdesanluis.com\/index.php\/wp-json\/wp\/v2\/tags?post=30065"}],"curies":[{"name":"wp","href":"https:\/\/api.w.org\/{rel}","templated":true}]}}