{"id":30082,"date":"2025-03-06T19:08:08","date_gmt":"2025-03-06T22:08:08","guid":{"rendered":"https:\/\/apuntesdesanluis.com\/?p=30082"},"modified":"2025-03-06T19:09:27","modified_gmt":"2025-03-06T22:09:27","slug":"docentes-que-aspiran-a-cargos-jerarquicos-rendiran-una-evaluacion-escrita-el-10-de-marzo","status":"publish","type":"post","link":"https:\/\/apuntesdesanluis.com\/index.php\/2025\/03\/06\/docentes-que-aspiran-a-cargos-jerarquicos-rendiran-una-evaluacion-escrita-el-10-de-marzo\/","title":{"rendered":"DOCENTES QUE ASPIRAN A CARGOS JER\u00c1RQUICOS RENDIR\u00c1N UNA EVALUACI\u00d3N ESCRITA EL 10 DE MARZO"},"content":{"rendered":"<h3>Se trata de una etapa eliminatoria, tras la cual publicar\u00e1n los resultados el 27 de marzo y conformar\u00e1n la lista definitiva el 4 de abril.<\/h3>\n<h3>Los ex\u00e1menes se distribuir\u00e1n seg\u00fan las regiones educativas: en la ciudad de <strong>San Luis<\/strong>, la sede ser\u00e1 el IFDC en Avenida Lafinur 997; en la ciudad de <strong>Villa Mercedes<\/strong>, ser\u00e1 en la UPrO por calle 9 de Julio 1095; y en la <strong>Villa de Merlo<\/strong> en la UPrO por ruta 5, en el ingreso a la localidad.<\/h3>\n<h3>El concurso de cargos jer\u00e1rquicos para directores tendr\u00e1 lugar el lunes 10 de marzo en diversos establecimientos. La acreditaci\u00f3n comenzar\u00e1 de 9:00 a 9:50 y el examen escrito tendr\u00e1 una extensi\u00f3n de dos horas (de 10:00 a 12:00). El domicilio donde podr\u00e1n rendir se divide por regiones, a saber:<\/h3>\n<h3><strong>Regi\u00f3n I y VI<\/strong><\/h3>\n<h3>-En la ciudad de San Luis: Instituto de Formaci\u00f3n Docente (IFDC), ubicado en la Avenida Lafinur al 997<\/h3>\n<h3>-En la ciudad de Villa Mercedes: Universidad de Oficios (UPrO), situada en la calle 9 de Julio al 1095<\/h3>\n<h3><strong>Regi\u00f3n IV y V<\/strong><\/h3>\n<h3>-En Villa de Merlo: Universidad de Oficios (UPrO), en el ingreso de la localidad por ruta 5.<\/h3>\n<h3>Esta instancia acad\u00e9mica forma parte de una fase eliminatoria. De acuerdo con la subdirectora de Concursos Jer\u00e1rquicos, <strong>Nancy Carrizo<\/strong>, una vez que est\u00e9n completadas las evaluaciones escritas, quedar\u00e1n en custodia y luego ser\u00e1n corregidas por jurados pertenecientes a otras regiones educativas.<\/h3>\n<h3>\u201cLos resultados se publicar\u00e1n el 27 de marzo. Al d\u00eda siguiente, el aspirante que haya desaprobado tendr\u00e1 la posibilidad de realizar alguna impugnaci\u00f3n de 8:00 a 20:00. La informaci\u00f3n para hacerlo est\u00e1 colgada en la p\u00e1gina del ministerio de Educaci\u00f3n. Tambi\u00e9n est\u00e1 disponible el mail de cargos jur\u00eddicos, que hemos utilizando siempre\u201d, afirm\u00f3 Carrizo, acompa\u00f1ada por la directora de Gesti\u00f3n Educativa, <strong>Cristina Ram\u00edrez<\/strong>.<\/h3>\n<h3>Adem\u00e1s, adelant\u00f3 que la lista definitiva del concurso ser\u00e1 publicada el 4 de abril: \u201cEse d\u00eda publicaremos cu\u00e1les son los aspirantes que contin\u00faan en la pr\u00f3xima etapa, que comprende una evaluaci\u00f3n oral\u201d. Seg\u00fan la funcionaria, son 455 los docentes que se postularon para concursar por cargos titulares.<\/h3>\n<h3>Los docentes deben concurrir al examen de manera puntual y con su DNI para realizar la acreditaci\u00f3n. Deber\u00e1n firmar una planilla, que luego volver\u00e1n a firmar cuando finalicen el examen.\u00a0<strong>El tiempo estipulado para llevar a cabo el examen es de dos horas: empezar\u00e1 a las 10:00 y terminar\u00e1 a las 12:00.<\/strong><\/h3>\n<p><iframe title=\"Los docentes que aspiran a cargos jer\u00e1rquicos rendir\u00e1n una evaluaci\u00f3n escrita el 10 de marzo\" width=\"640\" height=\"360\" src=\"https:\/\/www.youtube.com\/embed\/-ErQcqdtohM?feature=oembed\" frameborder=\"0\" allow=\"accelerometer; autoplay; clipboard-write; encrypted-media; gyroscope; picture-in-picture; web-share\" referrerpolicy=\"strict-origin-when-cross-origin\" allowfullscreen><\/iframe><\/p>\n<p>&nbsp;<\/p>\n<p>&nbsp;<\/p>\n<p>&nbsp;<\/p>\n<p>&nbsp;<\/p>\n<p>&nbsp;<\/p>\n<p>&nbsp;<\/p>\n<p>&nbsp;<\/p>\n","protected":false},"excerpt":{"rendered":"<p>Se trata de una etapa eliminatoria, tras la cual publicar\u00e1n los resultados el 27 de&#8230;<\/p>\n","protected":false},"author":1,"featured_media":30084,"comment_status":"closed","ping_status":"closed","sticky":false,"template":"","format":"standard","meta":{"footnotes":""},"categories":[6],"tags":[],"class_list":["post-30082","post","type-post","status-publish","format-standard","has-post-thumbnail","hentry","category-ciudad-provincia"],"yoast_head":"<!-- This site is optimized with the Yoast SEO plugin v26.1.1 - https:\/\/yoast.com\/wordpress\/plugins\/seo\/ -->\n<title>DOCENTES QUE ASPIRAN A CARGOS JER\u00c1RQUICOS RENDIR\u00c1N UNA EVALUACI\u00d3N ESCRITA EL 10 DE MARZO - Apuntes de San Luis<\/title>\n<meta name=\"robots\" content=\"index, follow, max-snippet:-1, max-image-preview:large, max-video-preview:-1\" \/>\n<link rel=\"canonical\" href=\"https:\/\/apuntesdesanluis.com\/index.php\/2025\/03\/06\/docentes-que-aspiran-a-cargos-jerarquicos-rendiran-una-evaluacion-escrita-el-10-de-marzo\/\" \/>\n<meta property=\"og:locale\" content=\"es_ES\" \/>\n<meta property=\"og:type\" content=\"article\" \/>\n<meta property=\"og:title\" content=\"DOCENTES QUE ASPIRAN A CARGOS JER\u00c1RQUICOS RENDIR\u00c1N UNA EVALUACI\u00d3N ESCRITA EL 10 DE MARZO - Apuntes de San Luis\" \/>\n<meta property=\"og:description\" content=\"Se trata de una etapa eliminatoria, tras la cual publicar\u00e1n los resultados el 27 de...\" \/>\n<meta property=\"og:url\" content=\"https:\/\/apuntesdesanluis.com\/index.php\/2025\/03\/06\/docentes-que-aspiran-a-cargos-jerarquicos-rendiran-una-evaluacion-escrita-el-10-de-marzo\/\" \/>\n<meta property=\"og:site_name\" content=\"Apuntes de San Luis\" \/>\n<meta property=\"article:published_time\" content=\"2025-03-06T22:08:08+00:00\" \/>\n<meta property=\"article:modified_time\" content=\"2025-03-06T22:09:27+00:00\" \/>\n<meta property=\"og:image\" content=\"https:\/\/apuntesdesanluis.com\/wp-content\/uploads\/2025\/03\/ramirez-y-carrizo.png\" \/>\n\t<meta property=\"og:image:width\" content=\"700\" \/>\n\t<meta property=\"og:image:height\" content=\"512\" \/>\n\t<meta property=\"og:image:type\" content=\"image\/png\" \/>\n<meta name=\"author\" content=\"apuntesdesanluis.com\" \/>\n<meta name=\"twitter:card\" content=\"summary_large_image\" \/>\n<meta name=\"twitter:label1\" content=\"Escrito por\" \/>\n\t<meta name=\"twitter:data1\" content=\"apuntesdesanluis.com\" \/>\n\t<meta name=\"twitter:label2\" content=\"Tiempo de lectura\" \/>\n\t<meta name=\"twitter:data2\" content=\"3 minutos\" \/>\n<script type=\"application\/ld+json\" class=\"yoast-schema-graph\">{\"@context\":\"https:\/\/schema.org\",\"@graph\":[{\"@type\":\"Article\",\"@id\":\"https:\/\/apuntesdesanluis.com\/index.php\/2025\/03\/06\/docentes-que-aspiran-a-cargos-jerarquicos-rendiran-una-evaluacion-escrita-el-10-de-marzo\/#article\",\"isPartOf\":{\"@id\":\"https:\/\/apuntesdesanluis.com\/index.php\/2025\/03\/06\/docentes-que-aspiran-a-cargos-jerarquicos-rendiran-una-evaluacion-escrita-el-10-de-marzo\/\"},\"author\":{\"name\":\"apuntesdesanluis.com\",\"@id\":\"https:\/\/apuntesdesanluis.com\/#\/schema\/person\/b55151d52296fcce64d1a72538a70b90\"},\"headline\":\"DOCENTES QUE ASPIRAN A CARGOS JER\u00c1RQUICOS RENDIR\u00c1N UNA EVALUACI\u00d3N ESCRITA EL 10 DE MARZO\",\"datePublished\":\"2025-03-06T22:08:08+00:00\",\"dateModified\":\"2025-03-06T22:09:27+00:00\",\"mainEntityOfPage\":{\"@id\":\"https:\/\/apuntesdesanluis.com\/index.php\/2025\/03\/06\/docentes-que-aspiran-a-cargos-jerarquicos-rendiran-una-evaluacion-escrita-el-10-de-marzo\/\"},\"wordCount\":441,\"publisher\":{\"@id\":\"https:\/\/apuntesdesanluis.com\/#\/schema\/person\/b55151d52296fcce64d1a72538a70b90\"},\"image\":{\"@id\":\"https:\/\/apuntesdesanluis.com\/index.php\/2025\/03\/06\/docentes-que-aspiran-a-cargos-jerarquicos-rendiran-una-evaluacion-escrita-el-10-de-marzo\/#primaryimage\"},\"thumbnailUrl\":\"https:\/\/apuntesdesanluis.com\/wp-content\/uploads\/2025\/03\/ramirez-y-carrizo.png\",\"articleSection\":[\"Ciudad\/Provincia\"],\"inLanguage\":\"es-AR\"},{\"@type\":\"WebPage\",\"@id\":\"https:\/\/apuntesdesanluis.com\/index.php\/2025\/03\/06\/docentes-que-aspiran-a-cargos-jerarquicos-rendiran-una-evaluacion-escrita-el-10-de-marzo\/\",\"url\":\"https:\/\/apuntesdesanluis.com\/index.php\/2025\/03\/06\/docentes-que-aspiran-a-cargos-jerarquicos-rendiran-una-evaluacion-escrita-el-10-de-marzo\/\",\"name\":\"DOCENTES QUE ASPIRAN A CARGOS JER\u00c1RQUICOS RENDIR\u00c1N UNA EVALUACI\u00d3N ESCRITA EL 10 DE MARZO - Apuntes de San Luis\",\"isPartOf\":{\"@id\":\"https:\/\/apuntesdesanluis.com\/#website\"},\"primaryImageOfPage\":{\"@id\":\"https:\/\/apuntesdesanluis.com\/index.php\/2025\/03\/06\/docentes-que-aspiran-a-cargos-jerarquicos-rendiran-una-evaluacion-escrita-el-10-de-marzo\/#primaryimage\"},\"image\":{\"@id\":\"https:\/\/apuntesdesanluis.com\/index.php\/2025\/03\/06\/docentes-que-aspiran-a-cargos-jerarquicos-rendiran-una-evaluacion-escrita-el-10-de-marzo\/#primaryimage\"},\"thumbnailUrl\":\"https:\/\/apuntesdesanluis.com\/wp-content\/uploads\/2025\/03\/ramirez-y-carrizo.png\",\"datePublished\":\"2025-03-06T22:08:08+00:00\",\"dateModified\":\"2025-03-06T22:09:27+00:00\",\"breadcrumb\":{\"@id\":\"https:\/\/apuntesdesanluis.com\/index.php\/2025\/03\/06\/docentes-que-aspiran-a-cargos-jerarquicos-rendiran-una-evaluacion-escrita-el-10-de-marzo\/#breadcrumb\"},\"inLanguage\":\"es-AR\",\"potentialAction\":[{\"@type\":\"ReadAction\",\"target\":[\"https:\/\/apuntesdesanluis.com\/index.php\/2025\/03\/06\/docentes-que-aspiran-a-cargos-jerarquicos-rendiran-una-evaluacion-escrita-el-10-de-marzo\/\"]}]},{\"@type\":\"ImageObject\",\"inLanguage\":\"es-AR\",\"@id\":\"https:\/\/apuntesdesanluis.com\/index.php\/2025\/03\/06\/docentes-que-aspiran-a-cargos-jerarquicos-rendiran-una-evaluacion-escrita-el-10-de-marzo\/#primaryimage\",\"url\":\"https:\/\/apuntesdesanluis.com\/wp-content\/uploads\/2025\/03\/ramirez-y-carrizo.png\",\"contentUrl\":\"https:\/\/apuntesdesanluis.com\/wp-content\/uploads\/2025\/03\/ramirez-y-carrizo.png\",\"width\":700,\"height\":512},{\"@type\":\"BreadcrumbList\",\"@id\":\"https:\/\/apuntesdesanluis.com\/index.php\/2025\/03\/06\/docentes-que-aspiran-a-cargos-jerarquicos-rendiran-una-evaluacion-escrita-el-10-de-marzo\/#breadcrumb\",\"itemListElement\":[{\"@type\":\"ListItem\",\"position\":1,\"name\":\"Inicio\",\"item\":\"https:\/\/apuntesdesanluis.com\/\"},{\"@type\":\"ListItem\",\"position\":2,\"name\":\"DOCENTES QUE ASPIRAN A CARGOS JER\u00c1RQUICOS RENDIR\u00c1N UNA EVALUACI\u00d3N ESCRITA EL 10 DE MARZO\"}]},{\"@type\":\"WebSite\",\"@id\":\"https:\/\/apuntesdesanluis.com\/#website\",\"url\":\"https:\/\/apuntesdesanluis.com\/\",\"name\":\"Apuntes de San Luis\",\"description\":\"\",\"publisher\":{\"@id\":\"https:\/\/apuntesdesanluis.com\/#\/schema\/person\/b55151d52296fcce64d1a72538a70b90\"},\"potentialAction\":[{\"@type\":\"SearchAction\",\"target\":{\"@type\":\"EntryPoint\",\"urlTemplate\":\"https:\/\/apuntesdesanluis.com\/?s={search_term_string}\"},\"query-input\":{\"@type\":\"PropertyValueSpecification\",\"valueRequired\":true,\"valueName\":\"search_term_string\"}}],\"inLanguage\":\"es-AR\"},{\"@type\":[\"Person\",\"Organization\"],\"@id\":\"https:\/\/apuntesdesanluis.com\/#\/schema\/person\/b55151d52296fcce64d1a72538a70b90\",\"name\":\"apuntesdesanluis.com\",\"image\":{\"@type\":\"ImageObject\",\"inLanguage\":\"es-AR\",\"@id\":\"https:\/\/apuntesdesanluis.com\/#\/schema\/person\/image\/\",\"url\":\"https:\/\/apuntesdesanluis.com\/wp-content\/uploads\/2023\/07\/cropped-apuntesdesanluis.png\",\"contentUrl\":\"https:\/\/apuntesdesanluis.com\/wp-content\/uploads\/2023\/07\/cropped-apuntesdesanluis.png\",\"width\":450,\"height\":112,\"caption\":\"apuntesdesanluis.com\"},\"logo\":{\"@id\":\"https:\/\/apuntesdesanluis.com\/#\/schema\/person\/image\/\"},\"sameAs\":[\"https:\/\/apuntesdesanluis.com\"],\"url\":\"https:\/\/apuntesdesanluis.com\/index.php\/author\/apuntesdesanluis-com\/\"}]}<\/script>\n<!-- \/ Yoast SEO plugin. -->","yoast_head_json":{"title":"DOCENTES QUE ASPIRAN A CARGOS JER\u00c1RQUICOS RENDIR\u00c1N UNA EVALUACI\u00d3N ESCRITA EL 10 DE MARZO - Apuntes de San Luis","robots":{"index":"index","follow":"follow","max-snippet":"max-snippet:-1","max-image-preview":"max-image-preview:large","max-video-preview":"max-video-preview:-1"},"canonical":"https:\/\/apuntesdesanluis.com\/index.php\/2025\/03\/06\/docentes-que-aspiran-a-cargos-jerarquicos-rendiran-una-evaluacion-escrita-el-10-de-marzo\/","og_locale":"es_ES","og_type":"article","og_title":"DOCENTES QUE ASPIRAN A CARGOS JER\u00c1RQUICOS RENDIR\u00c1N UNA EVALUACI\u00d3N ESCRITA EL 10 DE MARZO - Apuntes de San Luis","og_description":"Se trata de una etapa eliminatoria, tras la cual publicar\u00e1n los resultados el 27 de...","og_url":"https:\/\/apuntesdesanluis.com\/index.php\/2025\/03\/06\/docentes-que-aspiran-a-cargos-jerarquicos-rendiran-una-evaluacion-escrita-el-10-de-marzo\/","og_site_name":"Apuntes de San Luis","article_published_time":"2025-03-06T22:08:08+00:00","article_modified_time":"2025-03-06T22:09:27+00:00","og_image":[{"width":700,"height":512,"url":"https:\/\/apuntesdesanluis.com\/wp-content\/uploads\/2025\/03\/ramirez-y-carrizo.png","type":"image\/png"}],"author":"apuntesdesanluis.com","twitter_card":"summary_large_image","twitter_misc":{"Escrito por":"apuntesdesanluis.com","Tiempo de lectura":"3 minutos"},"schema":{"@context":"https:\/\/schema.org","@graph":[{"@type":"Article","@id":"https:\/\/apuntesdesanluis.com\/index.php\/2025\/03\/06\/docentes-que-aspiran-a-cargos-jerarquicos-rendiran-una-evaluacion-escrita-el-10-de-marzo\/#article","isPartOf":{"@id":"https:\/\/apuntesdesanluis.com\/index.php\/2025\/03\/06\/docentes-que-aspiran-a-cargos-jerarquicos-rendiran-una-evaluacion-escrita-el-10-de-marzo\/"},"author":{"name":"apuntesdesanluis.com","@id":"https:\/\/apuntesdesanluis.com\/#\/schema\/person\/b55151d52296fcce64d1a72538a70b90"},"headline":"DOCENTES QUE ASPIRAN A CARGOS JER\u00c1RQUICOS RENDIR\u00c1N UNA EVALUACI\u00d3N ESCRITA EL 10 DE MARZO","datePublished":"2025-03-06T22:08:08+00:00","dateModified":"2025-03-06T22:09:27+00:00","mainEntityOfPage":{"@id":"https:\/\/apuntesdesanluis.com\/index.php\/2025\/03\/06\/docentes-que-aspiran-a-cargos-jerarquicos-rendiran-una-evaluacion-escrita-el-10-de-marzo\/"},"wordCount":441,"publisher":{"@id":"https:\/\/apuntesdesanluis.com\/#\/schema\/person\/b55151d52296fcce64d1a72538a70b90"},"image":{"@id":"https:\/\/apuntesdesanluis.com\/index.php\/2025\/03\/06\/docentes-que-aspiran-a-cargos-jerarquicos-rendiran-una-evaluacion-escrita-el-10-de-marzo\/#primaryimage"},"thumbnailUrl":"https:\/\/apuntesdesanluis.com\/wp-content\/uploads\/2025\/03\/ramirez-y-carrizo.png","articleSection":["Ciudad\/Provincia"],"inLanguage":"es-AR"},{"@type":"WebPage","@id":"https:\/\/apuntesdesanluis.com\/index.php\/2025\/03\/06\/docentes-que-aspiran-a-cargos-jerarquicos-rendiran-una-evaluacion-escrita-el-10-de-marzo\/","url":"https:\/\/apuntesdesanluis.com\/index.php\/2025\/03\/06\/docentes-que-aspiran-a-cargos-jerarquicos-rendiran-una-evaluacion-escrita-el-10-de-marzo\/","name":"DOCENTES QUE ASPIRAN A CARGOS JER\u00c1RQUICOS RENDIR\u00c1N UNA EVALUACI\u00d3N ESCRITA EL 10 DE MARZO - Apuntes de San Luis","isPartOf":{"@id":"https:\/\/apuntesdesanluis.com\/#website"},"primaryImageOfPage":{"@id":"https:\/\/apuntesdesanluis.com\/index.php\/2025\/03\/06\/docentes-que-aspiran-a-cargos-jerarquicos-rendiran-una-evaluacion-escrita-el-10-de-marzo\/#primaryimage"},"image":{"@id":"https:\/\/apuntesdesanluis.com\/index.php\/2025\/03\/06\/docentes-que-aspiran-a-cargos-jerarquicos-rendiran-una-evaluacion-escrita-el-10-de-marzo\/#primaryimage"},"thumbnailUrl":"https:\/\/apuntesdesanluis.com\/wp-content\/uploads\/2025\/03\/ramirez-y-carrizo.png","datePublished":"2025-03-06T22:08:08+00:00","dateModified":"2025-03-06T22:09:27+00:00","breadcrumb":{"@id":"https:\/\/apuntesdesanluis.com\/index.php\/2025\/03\/06\/docentes-que-aspiran-a-cargos-jerarquicos-rendiran-una-evaluacion-escrita-el-10-de-marzo\/#breadcrumb"},"inLanguage":"es-AR","potentialAction":[{"@type":"ReadAction","target":["https:\/\/apuntesdesanluis.com\/index.php\/2025\/03\/06\/docentes-que-aspiran-a-cargos-jerarquicos-rendiran-una-evaluacion-escrita-el-10-de-marzo\/"]}]},{"@type":"ImageObject","inLanguage":"es-AR","@id":"https:\/\/apuntesdesanluis.com\/index.php\/2025\/03\/06\/docentes-que-aspiran-a-cargos-jerarquicos-rendiran-una-evaluacion-escrita-el-10-de-marzo\/#primaryimage","url":"https:\/\/apuntesdesanluis.com\/wp-content\/uploads\/2025\/03\/ramirez-y-carrizo.png","contentUrl":"https:\/\/apuntesdesanluis.com\/wp-content\/uploads\/2025\/03\/ramirez-y-carrizo.png","width":700,"height":512},{"@type":"BreadcrumbList","@id":"https:\/\/apuntesdesanluis.com\/index.php\/2025\/03\/06\/docentes-que-aspiran-a-cargos-jerarquicos-rendiran-una-evaluacion-escrita-el-10-de-marzo\/#breadcrumb","itemListElement":[{"@type":"ListItem","position":1,"name":"Inicio","item":"https:\/\/apuntesdesanluis.com\/"},{"@type":"ListItem","position":2,"name":"DOCENTES QUE ASPIRAN A CARGOS JER\u00c1RQUICOS RENDIR\u00c1N UNA EVALUACI\u00d3N ESCRITA EL 10 DE MARZO"}]},{"@type":"WebSite","@id":"https:\/\/apuntesdesanluis.com\/#website","url":"https:\/\/apuntesdesanluis.com\/","name":"Apuntes de San Luis","description":"","publisher":{"@id":"https:\/\/apuntesdesanluis.com\/#\/schema\/person\/b55151d52296fcce64d1a72538a70b90"},"potentialAction":[{"@type":"SearchAction","target":{"@type":"EntryPoint","urlTemplate":"https:\/\/apuntesdesanluis.com\/?s={search_term_string}"},"query-input":{"@type":"PropertyValueSpecification","valueRequired":true,"valueName":"search_term_string"}}],"inLanguage":"es-AR"},{"@type":["Person","Organization"],"@id":"https:\/\/apuntesdesanluis.com\/#\/schema\/person\/b55151d52296fcce64d1a72538a70b90","name":"apuntesdesanluis.com","image":{"@type":"ImageObject","inLanguage":"es-AR","@id":"https:\/\/apuntesdesanluis.com\/#\/schema\/person\/image\/","url":"https:\/\/apuntesdesanluis.com\/wp-content\/uploads\/2023\/07\/cropped-apuntesdesanluis.png","contentUrl":"https:\/\/apuntesdesanluis.com\/wp-content\/uploads\/2023\/07\/cropped-apuntesdesanluis.png","width":450,"height":112,"caption":"apuntesdesanluis.com"},"logo":{"@id":"https:\/\/apuntesdesanluis.com\/#\/schema\/person\/image\/"},"sameAs":["https:\/\/apuntesdesanluis.com"],"url":"https:\/\/apuntesdesanluis.com\/index.php\/author\/apuntesdesanluis-com\/"}]}},"featured_image_urls":{"full":["https:\/\/apuntesdesanluis.com\/wp-content\/uploads\/2025\/03\/ramirez-y-carrizo.png",700,512,false],"thumbnail":["https:\/\/apuntesdesanluis.com\/wp-content\/uploads\/2025\/03\/ramirez-y-carrizo-150x150.png",150,150,true],"medium":["https:\/\/apuntesdesanluis.com\/wp-content\/uploads\/2025\/03\/ramirez-y-carrizo-300x219.png",300,219,true],"medium_large":["https:\/\/apuntesdesanluis.com\/wp-content\/uploads\/2025\/03\/ramirez-y-carrizo.png",640,468,false],"large":["https:\/\/apuntesdesanluis.com\/wp-content\/uploads\/2025\/03\/ramirez-y-carrizo.png",640,468,false],"1536x1536":["https:\/\/apuntesdesanluis.com\/wp-content\/uploads\/2025\/03\/ramirez-y-carrizo.png",700,512,false],"2048x2048":["https:\/\/apuntesdesanluis.com\/wp-content\/uploads\/2025\/03\/ramirez-y-carrizo.png",700,512,false],"newsever-slider-full":["https:\/\/apuntesdesanluis.com\/wp-content\/uploads\/2025\/03\/ramirez-y-carrizo.png",700,512,false],"newsever-featured":["https:\/\/apuntesdesanluis.com\/wp-content\/uploads\/2025\/03\/ramirez-y-carrizo.png",700,512,false],"newsever-medium":["https:\/\/apuntesdesanluis.com\/wp-content\/uploads\/2025\/03\/ramirez-y-carrizo-700x475.png",700,475,true]},"author_info":{"display_name":"apuntesdesanluis.com","author_link":"https:\/\/apuntesdesanluis.com\/index.php\/author\/apuntesdesanluis-com\/"},"category_info":"<a href=\"https:\/\/apuntesdesanluis.com\/index.php\/category\/ciudad-provincia\/\" rel=\"category tag\">Ciudad\/Provincia<\/a>","tag_info":"Ciudad\/Provincia","comment_count":"0","_links":{"self":[{"href":"https:\/\/apuntesdesanluis.com\/index.php\/wp-json\/wp\/v2\/posts\/30082","targetHints":{"allow":["GET"]}}],"collection":[{"href":"https:\/\/apuntesdesanluis.com\/index.php\/wp-json\/wp\/v2\/posts"}],"about":[{"href":"https:\/\/apuntesdesanluis.com\/index.php\/wp-json\/wp\/v2\/types\/post"}],"author":[{"embeddable":true,"href":"https:\/\/apuntesdesanluis.com\/index.php\/wp-json\/wp\/v2\/users\/1"}],"replies":[{"embeddable":true,"href":"https:\/\/apuntesdesanluis.com\/index.php\/wp-json\/wp\/v2\/comments?post=30082"}],"version-history":[{"count":1,"href":"https:\/\/apuntesdesanluis.com\/index.php\/wp-json\/wp\/v2\/posts\/30082\/revisions"}],"predecessor-version":[{"id":30083,"href":"https:\/\/apuntesdesanluis.com\/index.php\/wp-json\/wp\/v2\/posts\/30082\/revisions\/30083"}],"wp:featuredmedia":[{"embeddable":true,"href":"https:\/\/apuntesdesanluis.com\/index.php\/wp-json\/wp\/v2\/media\/30084"}],"wp:attachment":[{"href":"https:\/\/apuntesdesanluis.com\/index.php\/wp-json\/wp\/v2\/media?parent=30082"}],"wp:term":[{"taxonomy":"category","embeddable":true,"href":"https:\/\/apuntesdesanluis.com\/index.php\/wp-json\/wp\/v2\/categories?post=30082"},{"taxonomy":"post_tag","embeddable":true,"href":"https:\/\/apuntesdesanluis.com\/index.php\/wp-json\/wp\/v2\/tags?post=30082"}],"curies":[{"name":"wp","href":"https:\/\/api.w.org\/{rel}","templated":true}]}}