{"id":30092,"date":"2025-03-06T19:55:15","date_gmt":"2025-03-06T22:55:15","guid":{"rendered":"https:\/\/apuntesdesanluis.com\/?p=30092"},"modified":"2025-03-06T19:57:00","modified_gmt":"2025-03-06T22:57:00","slug":"el-juez-federal-de-san-luis-presento-su-renuncia-y-milei-ya-la-acepto","status":"publish","type":"post","link":"https:\/\/apuntesdesanluis.com\/index.php\/2025\/03\/06\/el-juez-federal-de-san-luis-presento-su-renuncia-y-milei-ya-la-acepto\/","title":{"rendered":"EL JUEZ FEDERAL DE SAN LUIS PRESENT\u00d3 SU RENUNCIA Y MILEI YA LA ACEPT\u00d3"},"content":{"rendered":"<h3>R\u00e1pido, ligero y veloz, el presidente <strong>Javier Milei<\/strong> firm\u00f3 la aceptaci\u00f3n de la renuncia que present\u00f3 el Dr. <strong>Ra\u00fal Alberto Fourcade<\/strong>, juez de C\u00e1mara del Tribunal Oral en lo Criminal Federal de San Luis.<\/h3>\n<h3>Ser\u00e1 \u00e9ste uno de los primeros lugares de la justicia federal en el que los libertarios podr\u00e1n impulsar un nombre de su preferencia.<\/h3>\n<h3>La medida qued\u00f3 formalizada a trav\u00e9s del decreto 158\/2025 con fecha 5 de marzo, publicado hoy en el Bolet\u00edn Oficial de la Naci\u00f3n.<\/h3>\n<p>&nbsp;<\/p>\n<h3><img fetchpriority=\"high\" decoding=\"async\" class=\"wp-image-30094 aligncenter\" src=\"https:\/\/apuntesdesanluis.com\/wp-content\/uploads\/2025\/03\/renuncia-286x300.png\" alt=\"\" width=\"661\" height=\"693\" srcset=\"https:\/\/apuntesdesanluis.com\/wp-content\/uploads\/2025\/03\/renuncia-286x300.png 286w, https:\/\/apuntesdesanluis.com\/wp-content\/uploads\/2025\/03\/renuncia.png 615w\" sizes=\"(max-width: 661px) 100vw, 661px\" \/><\/h3>\n<p>&nbsp;<\/p>\n<p>&nbsp;<\/p>\n<p>&nbsp;<\/p>\n<h3><\/h3>\n<h3><\/h3>\n","protected":false},"excerpt":{"rendered":"<p>R\u00e1pido, ligero y veloz, el presidente Javier Milei firm\u00f3 la aceptaci\u00f3n de la renuncia que&#8230;<\/p>\n","protected":false},"author":1,"featured_media":30093,"comment_status":"closed","ping_status":"closed","sticky":false,"template":"","format":"standard","meta":{"footnotes":""},"categories":[5],"tags":[],"class_list":["post-30092","post","type-post","status-publish","format-standard","has-post-thumbnail","hentry","category-nacionales-internacionales"],"yoast_head":"<!-- This site is optimized with the Yoast SEO plugin v26.1.1 - https:\/\/yoast.com\/wordpress\/plugins\/seo\/ -->\n<title>EL JUEZ FEDERAL DE SAN LUIS PRESENT\u00d3 SU RENUNCIA Y MILEI YA LA ACEPT\u00d3 - Apuntes de San Luis<\/title>\n<meta name=\"robots\" content=\"index, follow, max-snippet:-1, max-image-preview:large, max-video-preview:-1\" \/>\n<link rel=\"canonical\" href=\"https:\/\/apuntesdesanluis.com\/index.php\/2025\/03\/06\/el-juez-federal-de-san-luis-presento-su-renuncia-y-milei-ya-la-acepto\/\" \/>\n<meta property=\"og:locale\" content=\"es_ES\" \/>\n<meta property=\"og:type\" content=\"article\" \/>\n<meta property=\"og:title\" content=\"EL JUEZ FEDERAL DE SAN LUIS PRESENT\u00d3 SU RENUNCIA Y MILEI YA LA ACEPT\u00d3 - Apuntes de San Luis\" \/>\n<meta property=\"og:description\" content=\"R\u00e1pido, ligero y veloz, el presidente Javier Milei firm\u00f3 la aceptaci\u00f3n de la renuncia que...\" \/>\n<meta property=\"og:url\" content=\"https:\/\/apuntesdesanluis.com\/index.php\/2025\/03\/06\/el-juez-federal-de-san-luis-presento-su-renuncia-y-milei-ya-la-acepto\/\" \/>\n<meta property=\"og:site_name\" content=\"Apuntes de San Luis\" \/>\n<meta property=\"article:published_time\" content=\"2025-03-06T22:55:15+00:00\" \/>\n<meta property=\"article:modified_time\" content=\"2025-03-06T22:57:00+00:00\" \/>\n<meta property=\"og:image\" content=\"https:\/\/apuntesdesanluis.com\/wp-content\/uploads\/2025\/03\/raul-fourcade.jpg\" \/>\n\t<meta property=\"og:image:width\" content=\"670\" \/>\n\t<meta property=\"og:image:height\" content=\"431\" \/>\n\t<meta property=\"og:image:type\" content=\"image\/jpeg\" \/>\n<meta name=\"author\" content=\"apuntesdesanluis.com\" \/>\n<meta name=\"twitter:card\" content=\"summary_large_image\" \/>\n<meta name=\"twitter:label1\" content=\"Escrito por\" \/>\n\t<meta name=\"twitter:data1\" content=\"apuntesdesanluis.com\" \/>\n\t<meta name=\"twitter:label2\" content=\"Tiempo de lectura\" \/>\n\t<meta name=\"twitter:data2\" content=\"1 minuto\" \/>\n<script type=\"application\/ld+json\" class=\"yoast-schema-graph\">{\"@context\":\"https:\/\/schema.org\",\"@graph\":[{\"@type\":\"Article\",\"@id\":\"https:\/\/apuntesdesanluis.com\/index.php\/2025\/03\/06\/el-juez-federal-de-san-luis-presento-su-renuncia-y-milei-ya-la-acepto\/#article\",\"isPartOf\":{\"@id\":\"https:\/\/apuntesdesanluis.com\/index.php\/2025\/03\/06\/el-juez-federal-de-san-luis-presento-su-renuncia-y-milei-ya-la-acepto\/\"},\"author\":{\"name\":\"apuntesdesanluis.com\",\"@id\":\"https:\/\/apuntesdesanluis.com\/#\/schema\/person\/b55151d52296fcce64d1a72538a70b90\"},\"headline\":\"EL JUEZ FEDERAL DE SAN LUIS PRESENT\u00d3 SU RENUNCIA Y MILEI YA LA ACEPT\u00d3\",\"datePublished\":\"2025-03-06T22:55:15+00:00\",\"dateModified\":\"2025-03-06T22:57:00+00:00\",\"mainEntityOfPage\":{\"@id\":\"https:\/\/apuntesdesanluis.com\/index.php\/2025\/03\/06\/el-juez-federal-de-san-luis-presento-su-renuncia-y-milei-ya-la-acepto\/\"},\"wordCount\":104,\"publisher\":{\"@id\":\"https:\/\/apuntesdesanluis.com\/#\/schema\/person\/b55151d52296fcce64d1a72538a70b90\"},\"image\":{\"@id\":\"https:\/\/apuntesdesanluis.com\/index.php\/2025\/03\/06\/el-juez-federal-de-san-luis-presento-su-renuncia-y-milei-ya-la-acepto\/#primaryimage\"},\"thumbnailUrl\":\"https:\/\/apuntesdesanluis.com\/wp-content\/uploads\/2025\/03\/raul-fourcade.jpg\",\"articleSection\":[\"Nacionales\/Internacionales\"],\"inLanguage\":\"es-AR\"},{\"@type\":\"WebPage\",\"@id\":\"https:\/\/apuntesdesanluis.com\/index.php\/2025\/03\/06\/el-juez-federal-de-san-luis-presento-su-renuncia-y-milei-ya-la-acepto\/\",\"url\":\"https:\/\/apuntesdesanluis.com\/index.php\/2025\/03\/06\/el-juez-federal-de-san-luis-presento-su-renuncia-y-milei-ya-la-acepto\/\",\"name\":\"EL JUEZ FEDERAL DE SAN LUIS PRESENT\u00d3 SU RENUNCIA Y MILEI YA LA ACEPT\u00d3 - Apuntes de San Luis\",\"isPartOf\":{\"@id\":\"https:\/\/apuntesdesanluis.com\/#website\"},\"primaryImageOfPage\":{\"@id\":\"https:\/\/apuntesdesanluis.com\/index.php\/2025\/03\/06\/el-juez-federal-de-san-luis-presento-su-renuncia-y-milei-ya-la-acepto\/#primaryimage\"},\"image\":{\"@id\":\"https:\/\/apuntesdesanluis.com\/index.php\/2025\/03\/06\/el-juez-federal-de-san-luis-presento-su-renuncia-y-milei-ya-la-acepto\/#primaryimage\"},\"thumbnailUrl\":\"https:\/\/apuntesdesanluis.com\/wp-content\/uploads\/2025\/03\/raul-fourcade.jpg\",\"datePublished\":\"2025-03-06T22:55:15+00:00\",\"dateModified\":\"2025-03-06T22:57:00+00:00\",\"breadcrumb\":{\"@id\":\"https:\/\/apuntesdesanluis.com\/index.php\/2025\/03\/06\/el-juez-federal-de-san-luis-presento-su-renuncia-y-milei-ya-la-acepto\/#breadcrumb\"},\"inLanguage\":\"es-AR\",\"potentialAction\":[{\"@type\":\"ReadAction\",\"target\":[\"https:\/\/apuntesdesanluis.com\/index.php\/2025\/03\/06\/el-juez-federal-de-san-luis-presento-su-renuncia-y-milei-ya-la-acepto\/\"]}]},{\"@type\":\"ImageObject\",\"inLanguage\":\"es-AR\",\"@id\":\"https:\/\/apuntesdesanluis.com\/index.php\/2025\/03\/06\/el-juez-federal-de-san-luis-presento-su-renuncia-y-milei-ya-la-acepto\/#primaryimage\",\"url\":\"https:\/\/apuntesdesanluis.com\/wp-content\/uploads\/2025\/03\/raul-fourcade.jpg\",\"contentUrl\":\"https:\/\/apuntesdesanluis.com\/wp-content\/uploads\/2025\/03\/raul-fourcade.jpg\",\"width\":670,\"height\":431},{\"@type\":\"BreadcrumbList\",\"@id\":\"https:\/\/apuntesdesanluis.com\/index.php\/2025\/03\/06\/el-juez-federal-de-san-luis-presento-su-renuncia-y-milei-ya-la-acepto\/#breadcrumb\",\"itemListElement\":[{\"@type\":\"ListItem\",\"position\":1,\"name\":\"Inicio\",\"item\":\"https:\/\/apuntesdesanluis.com\/\"},{\"@type\":\"ListItem\",\"position\":2,\"name\":\"EL JUEZ FEDERAL DE SAN LUIS PRESENT\u00d3 SU RENUNCIA Y MILEI YA LA ACEPT\u00d3\"}]},{\"@type\":\"WebSite\",\"@id\":\"https:\/\/apuntesdesanluis.com\/#website\",\"url\":\"https:\/\/apuntesdesanluis.com\/\",\"name\":\"Apuntes de San Luis\",\"description\":\"\",\"publisher\":{\"@id\":\"https:\/\/apuntesdesanluis.com\/#\/schema\/person\/b55151d52296fcce64d1a72538a70b90\"},\"potentialAction\":[{\"@type\":\"SearchAction\",\"target\":{\"@type\":\"EntryPoint\",\"urlTemplate\":\"https:\/\/apuntesdesanluis.com\/?s={search_term_string}\"},\"query-input\":{\"@type\":\"PropertyValueSpecification\",\"valueRequired\":true,\"valueName\":\"search_term_string\"}}],\"inLanguage\":\"es-AR\"},{\"@type\":[\"Person\",\"Organization\"],\"@id\":\"https:\/\/apuntesdesanluis.com\/#\/schema\/person\/b55151d52296fcce64d1a72538a70b90\",\"name\":\"apuntesdesanluis.com\",\"image\":{\"@type\":\"ImageObject\",\"inLanguage\":\"es-AR\",\"@id\":\"https:\/\/apuntesdesanluis.com\/#\/schema\/person\/image\/\",\"url\":\"https:\/\/apuntesdesanluis.com\/wp-content\/uploads\/2023\/07\/cropped-apuntesdesanluis.png\",\"contentUrl\":\"https:\/\/apuntesdesanluis.com\/wp-content\/uploads\/2023\/07\/cropped-apuntesdesanluis.png\",\"width\":450,\"height\":112,\"caption\":\"apuntesdesanluis.com\"},\"logo\":{\"@id\":\"https:\/\/apuntesdesanluis.com\/#\/schema\/person\/image\/\"},\"sameAs\":[\"https:\/\/apuntesdesanluis.com\"],\"url\":\"https:\/\/apuntesdesanluis.com\/index.php\/author\/apuntesdesanluis-com\/\"}]}<\/script>\n<!-- \/ Yoast SEO plugin. -->","yoast_head_json":{"title":"EL JUEZ FEDERAL DE SAN LUIS PRESENT\u00d3 SU RENUNCIA Y MILEI YA LA ACEPT\u00d3 - Apuntes de San Luis","robots":{"index":"index","follow":"follow","max-snippet":"max-snippet:-1","max-image-preview":"max-image-preview:large","max-video-preview":"max-video-preview:-1"},"canonical":"https:\/\/apuntesdesanluis.com\/index.php\/2025\/03\/06\/el-juez-federal-de-san-luis-presento-su-renuncia-y-milei-ya-la-acepto\/","og_locale":"es_ES","og_type":"article","og_title":"EL JUEZ FEDERAL DE SAN LUIS PRESENT\u00d3 SU RENUNCIA Y MILEI YA LA ACEPT\u00d3 - Apuntes de San Luis","og_description":"R\u00e1pido, ligero y veloz, el presidente Javier Milei firm\u00f3 la aceptaci\u00f3n de la renuncia que...","og_url":"https:\/\/apuntesdesanluis.com\/index.php\/2025\/03\/06\/el-juez-federal-de-san-luis-presento-su-renuncia-y-milei-ya-la-acepto\/","og_site_name":"Apuntes de San Luis","article_published_time":"2025-03-06T22:55:15+00:00","article_modified_time":"2025-03-06T22:57:00+00:00","og_image":[{"width":670,"height":431,"url":"https:\/\/apuntesdesanluis.com\/wp-content\/uploads\/2025\/03\/raul-fourcade.jpg","type":"image\/jpeg"}],"author":"apuntesdesanluis.com","twitter_card":"summary_large_image","twitter_misc":{"Escrito por":"apuntesdesanluis.com","Tiempo de lectura":"1 minuto"},"schema":{"@context":"https:\/\/schema.org","@graph":[{"@type":"Article","@id":"https:\/\/apuntesdesanluis.com\/index.php\/2025\/03\/06\/el-juez-federal-de-san-luis-presento-su-renuncia-y-milei-ya-la-acepto\/#article","isPartOf":{"@id":"https:\/\/apuntesdesanluis.com\/index.php\/2025\/03\/06\/el-juez-federal-de-san-luis-presento-su-renuncia-y-milei-ya-la-acepto\/"},"author":{"name":"apuntesdesanluis.com","@id":"https:\/\/apuntesdesanluis.com\/#\/schema\/person\/b55151d52296fcce64d1a72538a70b90"},"headline":"EL JUEZ FEDERAL DE SAN LUIS PRESENT\u00d3 SU RENUNCIA Y MILEI YA LA ACEPT\u00d3","datePublished":"2025-03-06T22:55:15+00:00","dateModified":"2025-03-06T22:57:00+00:00","mainEntityOfPage":{"@id":"https:\/\/apuntesdesanluis.com\/index.php\/2025\/03\/06\/el-juez-federal-de-san-luis-presento-su-renuncia-y-milei-ya-la-acepto\/"},"wordCount":104,"publisher":{"@id":"https:\/\/apuntesdesanluis.com\/#\/schema\/person\/b55151d52296fcce64d1a72538a70b90"},"image":{"@id":"https:\/\/apuntesdesanluis.com\/index.php\/2025\/03\/06\/el-juez-federal-de-san-luis-presento-su-renuncia-y-milei-ya-la-acepto\/#primaryimage"},"thumbnailUrl":"https:\/\/apuntesdesanluis.com\/wp-content\/uploads\/2025\/03\/raul-fourcade.jpg","articleSection":["Nacionales\/Internacionales"],"inLanguage":"es-AR"},{"@type":"WebPage","@id":"https:\/\/apuntesdesanluis.com\/index.php\/2025\/03\/06\/el-juez-federal-de-san-luis-presento-su-renuncia-y-milei-ya-la-acepto\/","url":"https:\/\/apuntesdesanluis.com\/index.php\/2025\/03\/06\/el-juez-federal-de-san-luis-presento-su-renuncia-y-milei-ya-la-acepto\/","name":"EL JUEZ FEDERAL DE SAN LUIS PRESENT\u00d3 SU RENUNCIA Y MILEI YA LA ACEPT\u00d3 - Apuntes de San Luis","isPartOf":{"@id":"https:\/\/apuntesdesanluis.com\/#website"},"primaryImageOfPage":{"@id":"https:\/\/apuntesdesanluis.com\/index.php\/2025\/03\/06\/el-juez-federal-de-san-luis-presento-su-renuncia-y-milei-ya-la-acepto\/#primaryimage"},"image":{"@id":"https:\/\/apuntesdesanluis.com\/index.php\/2025\/03\/06\/el-juez-federal-de-san-luis-presento-su-renuncia-y-milei-ya-la-acepto\/#primaryimage"},"thumbnailUrl":"https:\/\/apuntesdesanluis.com\/wp-content\/uploads\/2025\/03\/raul-fourcade.jpg","datePublished":"2025-03-06T22:55:15+00:00","dateModified":"2025-03-06T22:57:00+00:00","breadcrumb":{"@id":"https:\/\/apuntesdesanluis.com\/index.php\/2025\/03\/06\/el-juez-federal-de-san-luis-presento-su-renuncia-y-milei-ya-la-acepto\/#breadcrumb"},"inLanguage":"es-AR","potentialAction":[{"@type":"ReadAction","target":["https:\/\/apuntesdesanluis.com\/index.php\/2025\/03\/06\/el-juez-federal-de-san-luis-presento-su-renuncia-y-milei-ya-la-acepto\/"]}]},{"@type":"ImageObject","inLanguage":"es-AR","@id":"https:\/\/apuntesdesanluis.com\/index.php\/2025\/03\/06\/el-juez-federal-de-san-luis-presento-su-renuncia-y-milei-ya-la-acepto\/#primaryimage","url":"https:\/\/apuntesdesanluis.com\/wp-content\/uploads\/2025\/03\/raul-fourcade.jpg","contentUrl":"https:\/\/apuntesdesanluis.com\/wp-content\/uploads\/2025\/03\/raul-fourcade.jpg","width":670,"height":431},{"@type":"BreadcrumbList","@id":"https:\/\/apuntesdesanluis.com\/index.php\/2025\/03\/06\/el-juez-federal-de-san-luis-presento-su-renuncia-y-milei-ya-la-acepto\/#breadcrumb","itemListElement":[{"@type":"ListItem","position":1,"name":"Inicio","item":"https:\/\/apuntesdesanluis.com\/"},{"@type":"ListItem","position":2,"name":"EL JUEZ FEDERAL DE SAN LUIS PRESENT\u00d3 SU RENUNCIA Y MILEI YA LA ACEPT\u00d3"}]},{"@type":"WebSite","@id":"https:\/\/apuntesdesanluis.com\/#website","url":"https:\/\/apuntesdesanluis.com\/","name":"Apuntes de San Luis","description":"","publisher":{"@id":"https:\/\/apuntesdesanluis.com\/#\/schema\/person\/b55151d52296fcce64d1a72538a70b90"},"potentialAction":[{"@type":"SearchAction","target":{"@type":"EntryPoint","urlTemplate":"https:\/\/apuntesdesanluis.com\/?s={search_term_string}"},"query-input":{"@type":"PropertyValueSpecification","valueRequired":true,"valueName":"search_term_string"}}],"inLanguage":"es-AR"},{"@type":["Person","Organization"],"@id":"https:\/\/apuntesdesanluis.com\/#\/schema\/person\/b55151d52296fcce64d1a72538a70b90","name":"apuntesdesanluis.com","image":{"@type":"ImageObject","inLanguage":"es-AR","@id":"https:\/\/apuntesdesanluis.com\/#\/schema\/person\/image\/","url":"https:\/\/apuntesdesanluis.com\/wp-content\/uploads\/2023\/07\/cropped-apuntesdesanluis.png","contentUrl":"https:\/\/apuntesdesanluis.com\/wp-content\/uploads\/2023\/07\/cropped-apuntesdesanluis.png","width":450,"height":112,"caption":"apuntesdesanluis.com"},"logo":{"@id":"https:\/\/apuntesdesanluis.com\/#\/schema\/person\/image\/"},"sameAs":["https:\/\/apuntesdesanluis.com"],"url":"https:\/\/apuntesdesanluis.com\/index.php\/author\/apuntesdesanluis-com\/"}]}},"featured_image_urls":{"full":["https:\/\/apuntesdesanluis.com\/wp-content\/uploads\/2025\/03\/raul-fourcade.jpg",670,431,false],"thumbnail":["https:\/\/apuntesdesanluis.com\/wp-content\/uploads\/2025\/03\/raul-fourcade-150x150.jpg",150,150,true],"medium":["https:\/\/apuntesdesanluis.com\/wp-content\/uploads\/2025\/03\/raul-fourcade-300x193.jpg",300,193,true],"medium_large":["https:\/\/apuntesdesanluis.com\/wp-content\/uploads\/2025\/03\/raul-fourcade.jpg",640,412,false],"large":["https:\/\/apuntesdesanluis.com\/wp-content\/uploads\/2025\/03\/raul-fourcade.jpg",640,412,false],"1536x1536":["https:\/\/apuntesdesanluis.com\/wp-content\/uploads\/2025\/03\/raul-fourcade.jpg",670,431,false],"2048x2048":["https:\/\/apuntesdesanluis.com\/wp-content\/uploads\/2025\/03\/raul-fourcade.jpg",670,431,false],"newsever-slider-full":["https:\/\/apuntesdesanluis.com\/wp-content\/uploads\/2025\/03\/raul-fourcade.jpg",670,431,false],"newsever-featured":["https:\/\/apuntesdesanluis.com\/wp-content\/uploads\/2025\/03\/raul-fourcade.jpg",670,431,false],"newsever-medium":["https:\/\/apuntesdesanluis.com\/wp-content\/uploads\/2025\/03\/raul-fourcade.jpg",670,431,false]},"author_info":{"display_name":"apuntesdesanluis.com","author_link":"https:\/\/apuntesdesanluis.com\/index.php\/author\/apuntesdesanluis-com\/"},"category_info":"<a href=\"https:\/\/apuntesdesanluis.com\/index.php\/category\/nacionales-internacionales\/\" rel=\"category tag\">Nacionales\/Internacionales<\/a>","tag_info":"Nacionales\/Internacionales","comment_count":"0","_links":{"self":[{"href":"https:\/\/apuntesdesanluis.com\/index.php\/wp-json\/wp\/v2\/posts\/30092","targetHints":{"allow":["GET"]}}],"collection":[{"href":"https:\/\/apuntesdesanluis.com\/index.php\/wp-json\/wp\/v2\/posts"}],"about":[{"href":"https:\/\/apuntesdesanluis.com\/index.php\/wp-json\/wp\/v2\/types\/post"}],"author":[{"embeddable":true,"href":"https:\/\/apuntesdesanluis.com\/index.php\/wp-json\/wp\/v2\/users\/1"}],"replies":[{"embeddable":true,"href":"https:\/\/apuntesdesanluis.com\/index.php\/wp-json\/wp\/v2\/comments?post=30092"}],"version-history":[{"count":2,"href":"https:\/\/apuntesdesanluis.com\/index.php\/wp-json\/wp\/v2\/posts\/30092\/revisions"}],"predecessor-version":[{"id":30096,"href":"https:\/\/apuntesdesanluis.com\/index.php\/wp-json\/wp\/v2\/posts\/30092\/revisions\/30096"}],"wp:featuredmedia":[{"embeddable":true,"href":"https:\/\/apuntesdesanluis.com\/index.php\/wp-json\/wp\/v2\/media\/30093"}],"wp:attachment":[{"href":"https:\/\/apuntesdesanluis.com\/index.php\/wp-json\/wp\/v2\/media?parent=30092"}],"wp:term":[{"taxonomy":"category","embeddable":true,"href":"https:\/\/apuntesdesanluis.com\/index.php\/wp-json\/wp\/v2\/categories?post=30092"},{"taxonomy":"post_tag","embeddable":true,"href":"https:\/\/apuntesdesanluis.com\/index.php\/wp-json\/wp\/v2\/tags?post=30092"}],"curies":[{"name":"wp","href":"https:\/\/api.w.org\/{rel}","templated":true}]}}