{"id":30097,"date":"2025-03-06T21:34:02","date_gmt":"2025-03-07T00:34:02","guid":{"rendered":"https:\/\/apuntesdesanluis.com\/?p=30097"},"modified":"2025-03-06T21:59:01","modified_gmt":"2025-03-07T00:59:01","slug":"marcado-fervor-electoral-acompano-los-anuncios-del-intendente-maxi-frontera","status":"publish","type":"post","link":"https:\/\/apuntesdesanluis.com\/index.php\/2025\/03\/06\/marcado-fervor-electoral-acompano-los-anuncios-del-intendente-maxi-frontera\/","title":{"rendered":"MARCADO FERVOR ELECTORAL ACOMPA\u00d1\u00d3 LOS ANUNCIOS DEL INTENDENTE MAXI FRONTERA"},"content":{"rendered":"<h3>Por <strong>Eduardo Gargiulo<\/strong><\/h3>\n<h3>Sin dudas no fue un acto institucional m\u00e1s y as\u00ed lo entendieron los estrategas que asesoran al intendente villamercedino. La sesi\u00f3n de apertura del per\u00edodo legislativo 2025, presidida por la Vice intendenta <strong>Silvina Galetto<\/strong>, cont\u00f3 con todos los condimentos que suelen caracterizar el lanzamiento de una campa\u00f1a electoral, ante un recinto colmado.<\/h3>\n<h3>El fuerte acompa\u00f1amiento \u201cmurguero\u201d de la agrupaci\u00f3n \u201cImpronta Maxi Frontera\u201d y de \u201cSomos Equipo\u201d, actuaron como respaldo y legitimaci\u00f3n hacia el dirigente villamercedino, quien acaba de renunciar al PJ y ya present\u00f3 su nuevo espacio pol\u00edtico: el <strong>Movimiento de Unidad Provincial (MUP),<\/strong> que preside uno de los hombres de m\u00e1s estrecha confianza, <strong>Mauro Sabatini<\/strong>.<\/h3>\n<p><img fetchpriority=\"high\" decoding=\"async\" class=\"wp-image-30106 aligncenter\" src=\"https:\/\/apuntesdesanluis.com\/wp-content\/uploads\/2025\/03\/impronta-paraguas-300x176.png\" alt=\"\" width=\"653\" height=\"383\" srcset=\"https:\/\/apuntesdesanluis.com\/wp-content\/uploads\/2025\/03\/impronta-paraguas-300x176.png 300w, https:\/\/apuntesdesanluis.com\/wp-content\/uploads\/2025\/03\/impronta-paraguas.png 700w\" sizes=\"(max-width: 653px) 100vw, 653px\" \/><\/p>\n<p><img decoding=\"async\" class=\"wp-image-30107 aligncenter\" src=\"https:\/\/apuntesdesanluis.com\/wp-content\/uploads\/2025\/03\/somos-equipo-300x209.png\" alt=\"\" width=\"655\" height=\"456\" srcset=\"https:\/\/apuntesdesanluis.com\/wp-content\/uploads\/2025\/03\/somos-equipo-300x209.png 300w, https:\/\/apuntesdesanluis.com\/wp-content\/uploads\/2025\/03\/somos-equipo.png 700w\" sizes=\"(max-width: 655px) 100vw, 655px\" \/><\/p>\n<h3>Tan preparada estaba la presentaci\u00f3n, que hasta cuatro concejales se \u201clukearon\u201d de naranja, que ser\u00e1 el color que identificar\u00e1 al nuevo partido. La propia presidenta del cuerpo Silvina Galetto llev\u00f3 una flor en el ojal de su vestuario e incluso se colocaron flores del mismo color ornamentando la mesada desde donde pronunci\u00f3 su discurso anual.<\/h3>\n<p><img decoding=\"async\" class=\"wp-image-30118 aligncenter\" src=\"https:\/\/apuntesdesanluis.com\/wp-content\/uploads\/2025\/03\/silvina-300x230.png\" alt=\"\" width=\"620\" height=\"475\" srcset=\"https:\/\/apuntesdesanluis.com\/wp-content\/uploads\/2025\/03\/silvina-300x230.png 300w, https:\/\/apuntesdesanluis.com\/wp-content\/uploads\/2025\/03\/silvina.png 603w\" sizes=\"(max-width: 620px) 100vw, 620px\" \/><\/p>\n<p><img loading=\"lazy\" decoding=\"async\" class=\"wp-image-30108 aligncenter\" src=\"https:\/\/apuntesdesanluis.com\/wp-content\/uploads\/2025\/03\/concejales-300x183.png\" alt=\"\" width=\"654\" height=\"399\" srcset=\"https:\/\/apuntesdesanluis.com\/wp-content\/uploads\/2025\/03\/concejales-300x183.png 300w, https:\/\/apuntesdesanluis.com\/wp-content\/uploads\/2025\/03\/concejales.png 700w\" sizes=\"(max-width: 654px) 100vw, 654px\" \/><\/p>\n<h3><img loading=\"lazy\" decoding=\"async\" class=\"wp-image-30114 aligncenter\" src=\"https:\/\/apuntesdesanluis.com\/wp-content\/uploads\/2025\/03\/flores-300x300.png\" alt=\"\" width=\"660\" height=\"660\" srcset=\"https:\/\/apuntesdesanluis.com\/wp-content\/uploads\/2025\/03\/flores-300x300.png 300w, https:\/\/apuntesdesanluis.com\/wp-content\/uploads\/2025\/03\/flores-150x150.png 150w, https:\/\/apuntesdesanluis.com\/wp-content\/uploads\/2025\/03\/flores.png 413w\" sizes=\"(max-width: 660px) 100vw, 660px\" \/><\/h3>\n<h3>El intendente <strong>Maximiliano Frontera<\/strong> luci\u00f3 contento, seguro, por momentos abandon\u00f3 la lectura de su informe anual y habl\u00f3 casi en tono intimista, mirando a los ojos y buscando la aceptaci\u00f3n c\u00f3mplice de una audiencia claramente amigable. Sus principales anuncios contaron con el acompa\u00f1amiento musical de los entusiastas militantes que se rompieron las manos batiendo el parche de tambores y aplaudiendo a m\u00e1s no poder.<\/h3>\n<h3>El encuentro registr\u00f3 la presencia de senadores y diputados provinciales, autoridades de la V Brigada A\u00e9rea, el representante del obispado Diocesano, representantes de Universidades, Tribunal de Contralor, Tribunal de Falta Municipal,\u00a0 Bomberos Voluntarios el Fort\u00edn, ex combatientes de Malvinas como tambi\u00e9n representantes del consejo Pastoral, CGT, Gremios, representantes de las fuerzas vivas e instituciones y p\u00fablico en general.<\/h3>\n<p><img loading=\"lazy\" decoding=\"async\" class=\"wp-image-30115 aligncenter\" src=\"https:\/\/apuntesdesanluis.com\/wp-content\/uploads\/2025\/03\/publico-300x187.png\" alt=\"\" width=\"714\" height=\"445\" srcset=\"https:\/\/apuntesdesanluis.com\/wp-content\/uploads\/2025\/03\/publico-300x187.png 300w, https:\/\/apuntesdesanluis.com\/wp-content\/uploads\/2025\/03\/publico.png 760w\" sizes=\"(max-width: 714px) 100vw, 714px\" \/><\/p>\n<h3><img loading=\"lazy\" decoding=\"async\" class=\"wp-image-30103 aligncenter\" src=\"https:\/\/apuntesdesanluis.com\/wp-content\/uploads\/2025\/03\/maxi-concejo-300x147.png\" alt=\"\" width=\"710\" height=\"348\" srcset=\"https:\/\/apuntesdesanluis.com\/wp-content\/uploads\/2025\/03\/maxi-concejo-300x147.png 300w, https:\/\/apuntesdesanluis.com\/wp-content\/uploads\/2025\/03\/maxi-concejo.png 700w\" sizes=\"(max-width: 710px) 100vw, 710px\" \/><\/h3>\n<h3>El jefe comunal hizo un repaso por distintas acciones llevadas a cabo en su gesti\u00f3n y efectu\u00f3 importantes anuncios, entre los que se destacan:<\/h3>\n<h3>&#8211; Es el quinto a\u00f1o que presentamos super\u00e1vit en nuestras cuentas. Hemos logrado constituir un ahorro de 7 mil millones de pesos, que volcaremos a obras p\u00fablicas.<\/h3>\n<h3>&#8211; En la gesti\u00f3n prevalece la transparencia y la rendici\u00f3n de cuentas que son pilares fundamentales, asegurando el uso eficiente de cada recurso\u201d.<\/h3>\n<h3>&#8211; Reforzaremos el servicio de limpieza con la adquisici\u00f3n de tres nuevos camiones IVECO 0 km, optimizando nuestra capacidad de respuesta. En los cinco a\u00f1os que llevamos de gesti\u00f3n, hemos incorporado 20 veh\u00edculos al parque automor, algo que nos llena de orgullo.<\/h3>\n<h3>&#8211; El Plan Estrat\u00e9gico Avanza, convirtiendo nuestra visi\u00f3n en realidad. Una Villa Mercedes Tur\u00edstica, Universitaria, Autosustentable, y Respetuosa del Medio Ambiente. Hemos dado continuidad al Plan Estrat\u00e9gico que iniciara el ex intendente Mario Ra\u00fal Merlo y en dos semanas presentar\u00e9 a este cuerpo el nuevo, que hemos elaborado con la participaci\u00f3n de los colegios profesionales y numerosas instituciones.<\/h3>\n<h3>&#8211; Lanzaremos un Plan Integral de Forestaci\u00f3n, cuidando y expandiendo nuestro Patrimonio Verde junto a los Vecinos.<\/h3>\n<h3>&#8211; Continuar\u00e1 el plan de mantenimiento y embellecimiento de plazas y espacios verdes, como ya se hizo en Plazas San Mart\u00edn, Pedernera y Sarmiento. Ya se est\u00e1 trabajando en Plaza Pringles y muy pronto comenzaremos a intervenir la querida Plaza Italia, ubicada en el barrio 828 Viviendas.<\/h3>\n<h3>&#8211; La Feria Literaria &#8220;Lee Villa Mercedes&#8221; fue un \u00e9xito y trabajaremos para que siga creciendo a\u00f1o tras a\u00f1o&#8221;.<\/h3>\n<h3>&#8211; Conjuntamente con el Gobierno Provincial, construiremos 70 cuadras de pavimento, acompa\u00f1ado por el potenciamiento del alumbrado con tecnolog\u00eda LED, en m\u00e1s barrios de nuestra ciudad. Adem\u00e1s se repavimentar\u00e1n arterias principales y v\u00edas de acceso, como calle Betbeder, donde se continuar\u00e1 el parque lineal de calle Chacabuco.<\/h3>\n<h3>\u00a0&#8211; Adquiriremos\u00a0 una nueva electro gr\u00faa y\u00a0 un nuevo veh\u00edculo para el traslado y asistencia de animales.<\/h3>\n<h3>&#8211; Crearemos un Consejo de Seguridad Vial y el Protocolo de Tormentas.<\/h3>\n<h3>&#8211; Lanzaremos un Observatorio de Seguridad Vial para dise\u00f1ar pol\u00edticas efectivas y proteger a nuestros ciudadanos.<\/h3>\n<h3>&#8211; Continuar\u00e1 el beneficio del Boleto Gratuito, para docentes, estudiantes, jubilados y pensionados.<\/h3>\n<h3>&#8211; Implementamos la Libreta Sanitaria Digital, ahorrando 13 millones de pesos y simplificando tr\u00e1mites.<\/h3>\n<h3>&#8211; Sumamos una barredora el\u00e9ctrica a nuestro equipo de limpieza y pronto incorporaremos otra para la zona Estaci\u00f3n.<\/h3>\n<h3>&#8211; Adquiriremos una unidad de asistencia y traslado para urgencias de animales sin due\u00f1o y crearemos la Plaza de las Mascotas.<\/h3>\n<h3>&#8211; Seguiremos realizando recambios de ca\u00f1er\u00edas\u00a0 de cloacas, en pos de una mejor calidad de vida para los Villamercedinos.<\/h3>\n<h3>&#8211; Se pondr\u00e1 en valor la Estaci\u00f3n de Trenes, reubic\u00e1ndose a las familias que residen en dichos terrenos, las que recibir\u00e1n contenci\u00f3n.<\/h3>\n<h3>&#8211; Agradezco el trabajo mancomunado con el Ministerio de Salud de la provincia, en el marco de la campa\u00f1a de prevenci\u00f3n y lucha contra el dengue, tareas que continuar\u00e1n, para proteger a todos los vecinos de Villa Mercedes.<\/h3>\n<h3>&#8211; Iniciaremos un plan de podas para mejorar la salud de los \u00e1rboles, optimizar la iluminaci\u00f3n y prevenir la caida de ramas, un problema que se ha agravado a partir de las \u00faltimas tormentas.<\/h3>\n<h3>&#8211; Crearemos el C\u00f3digo Ambiental Municipal, estableciendo las bases para un futuro sostenible en los pr\u00f3ximos 20 a\u00f1os.<\/h3>\n<h3>&#8211; Firmar\u00e9 un nuevo convenio con la Universidad de Las Artes (UNA), para que se instale en Villa Mercedes una sede f\u00edsica, adem\u00e1s de impulsar la creaci\u00f3n de la orquesta infantojuvenil y el Museo de las100 Guitarras Mercedinas.<\/h3>\n<p><img loading=\"lazy\" decoding=\"async\" class=\"wp-image-30104 aligncenter\" src=\"https:\/\/apuntesdesanluis.com\/wp-content\/uploads\/2025\/03\/Maxi-saludando-300x171.png\" alt=\"\" width=\"667\" height=\"380\" srcset=\"https:\/\/apuntesdesanluis.com\/wp-content\/uploads\/2025\/03\/Maxi-saludando-300x171.png 300w, https:\/\/apuntesdesanluis.com\/wp-content\/uploads\/2025\/03\/Maxi-saludando.png 654w\" sizes=\"(max-width: 667px) 100vw, 667px\" \/><\/p>\n<h3>Lo dicho: se larg\u00f3 la campa\u00f1a y Frontera decidi\u00f3 liderar y conducir personalmente todas las acciones, a sabiendas de que en estas elecciones de medio t\u00e9rmino se plebiscita su segunda gesti\u00f3n al frente de la segunda ciudad de la provincia, donde su claro alineamiento con Claudio Poggi lo enfrenta con su mentor, Alberto Rodr\u00edguez Sa\u00e1, quien no se cansa de disparar munici\u00f3n gruesa desde su devaluado diario digital.<\/h3>\n<h3>Por primera vez, Maxi toma las riendas absolutas de sus decisiones, sin el temible tutor de anta\u00f1o. Tiene la tranquilidad de contar con una excelente imagen, seg\u00fan las encuestas que acaban de acercarle. Si le sale bien, el horizonte est\u00e1 allanado. Aunque sabe, tambi\u00e9n, que cualquier error puede costarle caro e hipotecar su futuro pol\u00edtico. Por ahora, optimista por naturaleza, se dedica a seguir construyendo su propio poder cuidando al extremo su imagen, que excede los marcos tradicionales del n\u00facleo duro partidario.<\/h3>\n<p><img loading=\"lazy\" decoding=\"async\" class=\"wp-image-30112 aligncenter\" src=\"https:\/\/apuntesdesanluis.com\/wp-content\/uploads\/2025\/03\/tambores-300x188.png\" alt=\"\" width=\"654\" height=\"410\" srcset=\"https:\/\/apuntesdesanluis.com\/wp-content\/uploads\/2025\/03\/tambores-300x188.png 300w, https:\/\/apuntesdesanluis.com\/wp-content\/uploads\/2025\/03\/tambores.png 700w\" sizes=\"(max-width: 654px) 100vw, 654px\" \/><\/p>\n<p>&nbsp;<\/p>\n<p>&nbsp;<\/p>\n<p>&nbsp;<\/p>\n<p>&nbsp;<\/p>\n<p>&nbsp;<\/p>\n<p>&nbsp;<\/p>\n<p>&nbsp;<\/p>\n<p>&nbsp;<\/p>\n<p>&nbsp;<\/p>\n","protected":false},"excerpt":{"rendered":"<p>Por Eduardo Gargiulo Sin dudas no fue un acto institucional m\u00e1s y as\u00ed lo entendieron&#8230;<\/p>\n","protected":false},"author":1,"featured_media":30102,"comment_status":"closed","ping_status":"closed","sticky":false,"template":"","format":"standard","meta":{"footnotes":""},"categories":[9],"tags":[],"class_list":["post-30097","post","type-post","status-publish","format-standard","has-post-thumbnail","hentry","category-opinion"],"yoast_head":"<!-- This site is optimized with the Yoast SEO plugin v26.1.1 - https:\/\/yoast.com\/wordpress\/plugins\/seo\/ -->\n<title>MARCADO FERVOR ELECTORAL ACOMPA\u00d1\u00d3 LOS ANUNCIOS DEL INTENDENTE MAXI FRONTERA - Apuntes de San Luis<\/title>\n<meta name=\"robots\" content=\"index, follow, max-snippet:-1, max-image-preview:large, max-video-preview:-1\" \/>\n<link rel=\"canonical\" href=\"https:\/\/apuntesdesanluis.com\/index.php\/2025\/03\/06\/marcado-fervor-electoral-acompano-los-anuncios-del-intendente-maxi-frontera\/\" \/>\n<meta property=\"og:locale\" content=\"es_ES\" \/>\n<meta property=\"og:type\" content=\"article\" \/>\n<meta property=\"og:title\" content=\"MARCADO FERVOR ELECTORAL ACOMPA\u00d1\u00d3 LOS ANUNCIOS DEL INTENDENTE MAXI FRONTERA - Apuntes de San Luis\" \/>\n<meta property=\"og:description\" content=\"Por Eduardo Gargiulo Sin dudas no fue un acto institucional m\u00e1s y as\u00ed lo entendieron...\" \/>\n<meta property=\"og:url\" content=\"https:\/\/apuntesdesanluis.com\/index.php\/2025\/03\/06\/marcado-fervor-electoral-acompano-los-anuncios-del-intendente-maxi-frontera\/\" \/>\n<meta property=\"og:site_name\" content=\"Apuntes de San Luis\" \/>\n<meta property=\"article:published_time\" content=\"2025-03-07T00:34:02+00:00\" \/>\n<meta property=\"article:modified_time\" content=\"2025-03-07T00:59:01+00:00\" \/>\n<meta property=\"og:image\" content=\"https:\/\/apuntesdesanluis.com\/wp-content\/uploads\/2025\/03\/maxi-primer-plano.png\" \/>\n\t<meta property=\"og:image:width\" content=\"700\" \/>\n\t<meta property=\"og:image:height\" content=\"471\" \/>\n\t<meta property=\"og:image:type\" content=\"image\/png\" \/>\n<meta name=\"author\" content=\"apuntesdesanluis.com\" \/>\n<meta name=\"twitter:card\" content=\"summary_large_image\" \/>\n<meta name=\"twitter:label1\" content=\"Escrito por\" \/>\n\t<meta name=\"twitter:data1\" content=\"apuntesdesanluis.com\" \/>\n\t<meta name=\"twitter:label2\" content=\"Tiempo de lectura\" \/>\n\t<meta name=\"twitter:data2\" content=\"7 minutos\" \/>\n<script type=\"application\/ld+json\" class=\"yoast-schema-graph\">{\"@context\":\"https:\/\/schema.org\",\"@graph\":[{\"@type\":\"Article\",\"@id\":\"https:\/\/apuntesdesanluis.com\/index.php\/2025\/03\/06\/marcado-fervor-electoral-acompano-los-anuncios-del-intendente-maxi-frontera\/#article\",\"isPartOf\":{\"@id\":\"https:\/\/apuntesdesanluis.com\/index.php\/2025\/03\/06\/marcado-fervor-electoral-acompano-los-anuncios-del-intendente-maxi-frontera\/\"},\"author\":{\"name\":\"apuntesdesanluis.com\",\"@id\":\"https:\/\/apuntesdesanluis.com\/#\/schema\/person\/b55151d52296fcce64d1a72538a70b90\"},\"headline\":\"MARCADO FERVOR ELECTORAL ACOMPA\u00d1\u00d3 LOS ANUNCIOS DEL INTENDENTE MAXI FRONTERA\",\"datePublished\":\"2025-03-07T00:34:02+00:00\",\"dateModified\":\"2025-03-07T00:59:01+00:00\",\"mainEntityOfPage\":{\"@id\":\"https:\/\/apuntesdesanluis.com\/index.php\/2025\/03\/06\/marcado-fervor-electoral-acompano-los-anuncios-del-intendente-maxi-frontera\/\"},\"wordCount\":1109,\"publisher\":{\"@id\":\"https:\/\/apuntesdesanluis.com\/#\/schema\/person\/b55151d52296fcce64d1a72538a70b90\"},\"image\":{\"@id\":\"https:\/\/apuntesdesanluis.com\/index.php\/2025\/03\/06\/marcado-fervor-electoral-acompano-los-anuncios-del-intendente-maxi-frontera\/#primaryimage\"},\"thumbnailUrl\":\"https:\/\/apuntesdesanluis.com\/wp-content\/uploads\/2025\/03\/maxi-primer-plano.png\",\"articleSection\":[\"Opini\u00f3n\"],\"inLanguage\":\"es-AR\"},{\"@type\":\"WebPage\",\"@id\":\"https:\/\/apuntesdesanluis.com\/index.php\/2025\/03\/06\/marcado-fervor-electoral-acompano-los-anuncios-del-intendente-maxi-frontera\/\",\"url\":\"https:\/\/apuntesdesanluis.com\/index.php\/2025\/03\/06\/marcado-fervor-electoral-acompano-los-anuncios-del-intendente-maxi-frontera\/\",\"name\":\"MARCADO FERVOR ELECTORAL ACOMPA\u00d1\u00d3 LOS ANUNCIOS DEL INTENDENTE MAXI FRONTERA - Apuntes de San Luis\",\"isPartOf\":{\"@id\":\"https:\/\/apuntesdesanluis.com\/#website\"},\"primaryImageOfPage\":{\"@id\":\"https:\/\/apuntesdesanluis.com\/index.php\/2025\/03\/06\/marcado-fervor-electoral-acompano-los-anuncios-del-intendente-maxi-frontera\/#primaryimage\"},\"image\":{\"@id\":\"https:\/\/apuntesdesanluis.com\/index.php\/2025\/03\/06\/marcado-fervor-electoral-acompano-los-anuncios-del-intendente-maxi-frontera\/#primaryimage\"},\"thumbnailUrl\":\"https:\/\/apuntesdesanluis.com\/wp-content\/uploads\/2025\/03\/maxi-primer-plano.png\",\"datePublished\":\"2025-03-07T00:34:02+00:00\",\"dateModified\":\"2025-03-07T00:59:01+00:00\",\"breadcrumb\":{\"@id\":\"https:\/\/apuntesdesanluis.com\/index.php\/2025\/03\/06\/marcado-fervor-electoral-acompano-los-anuncios-del-intendente-maxi-frontera\/#breadcrumb\"},\"inLanguage\":\"es-AR\",\"potentialAction\":[{\"@type\":\"ReadAction\",\"target\":[\"https:\/\/apuntesdesanluis.com\/index.php\/2025\/03\/06\/marcado-fervor-electoral-acompano-los-anuncios-del-intendente-maxi-frontera\/\"]}]},{\"@type\":\"ImageObject\",\"inLanguage\":\"es-AR\",\"@id\":\"https:\/\/apuntesdesanluis.com\/index.php\/2025\/03\/06\/marcado-fervor-electoral-acompano-los-anuncios-del-intendente-maxi-frontera\/#primaryimage\",\"url\":\"https:\/\/apuntesdesanluis.com\/wp-content\/uploads\/2025\/03\/maxi-primer-plano.png\",\"contentUrl\":\"https:\/\/apuntesdesanluis.com\/wp-content\/uploads\/2025\/03\/maxi-primer-plano.png\",\"width\":700,\"height\":471},{\"@type\":\"BreadcrumbList\",\"@id\":\"https:\/\/apuntesdesanluis.com\/index.php\/2025\/03\/06\/marcado-fervor-electoral-acompano-los-anuncios-del-intendente-maxi-frontera\/#breadcrumb\",\"itemListElement\":[{\"@type\":\"ListItem\",\"position\":1,\"name\":\"Inicio\",\"item\":\"https:\/\/apuntesdesanluis.com\/\"},{\"@type\":\"ListItem\",\"position\":2,\"name\":\"MARCADO FERVOR ELECTORAL ACOMPA\u00d1\u00d3 LOS ANUNCIOS DEL INTENDENTE MAXI FRONTERA\"}]},{\"@type\":\"WebSite\",\"@id\":\"https:\/\/apuntesdesanluis.com\/#website\",\"url\":\"https:\/\/apuntesdesanluis.com\/\",\"name\":\"Apuntes de San Luis\",\"description\":\"\",\"publisher\":{\"@id\":\"https:\/\/apuntesdesanluis.com\/#\/schema\/person\/b55151d52296fcce64d1a72538a70b90\"},\"potentialAction\":[{\"@type\":\"SearchAction\",\"target\":{\"@type\":\"EntryPoint\",\"urlTemplate\":\"https:\/\/apuntesdesanluis.com\/?s={search_term_string}\"},\"query-input\":{\"@type\":\"PropertyValueSpecification\",\"valueRequired\":true,\"valueName\":\"search_term_string\"}}],\"inLanguage\":\"es-AR\"},{\"@type\":[\"Person\",\"Organization\"],\"@id\":\"https:\/\/apuntesdesanluis.com\/#\/schema\/person\/b55151d52296fcce64d1a72538a70b90\",\"name\":\"apuntesdesanluis.com\",\"image\":{\"@type\":\"ImageObject\",\"inLanguage\":\"es-AR\",\"@id\":\"https:\/\/apuntesdesanluis.com\/#\/schema\/person\/image\/\",\"url\":\"https:\/\/apuntesdesanluis.com\/wp-content\/uploads\/2023\/07\/cropped-apuntesdesanluis.png\",\"contentUrl\":\"https:\/\/apuntesdesanluis.com\/wp-content\/uploads\/2023\/07\/cropped-apuntesdesanluis.png\",\"width\":450,\"height\":112,\"caption\":\"apuntesdesanluis.com\"},\"logo\":{\"@id\":\"https:\/\/apuntesdesanluis.com\/#\/schema\/person\/image\/\"},\"sameAs\":[\"https:\/\/apuntesdesanluis.com\"],\"url\":\"https:\/\/apuntesdesanluis.com\/index.php\/author\/apuntesdesanluis-com\/\"}]}<\/script>\n<!-- \/ Yoast SEO plugin. -->","yoast_head_json":{"title":"MARCADO FERVOR ELECTORAL ACOMPA\u00d1\u00d3 LOS ANUNCIOS DEL INTENDENTE MAXI FRONTERA - Apuntes de San Luis","robots":{"index":"index","follow":"follow","max-snippet":"max-snippet:-1","max-image-preview":"max-image-preview:large","max-video-preview":"max-video-preview:-1"},"canonical":"https:\/\/apuntesdesanluis.com\/index.php\/2025\/03\/06\/marcado-fervor-electoral-acompano-los-anuncios-del-intendente-maxi-frontera\/","og_locale":"es_ES","og_type":"article","og_title":"MARCADO FERVOR ELECTORAL ACOMPA\u00d1\u00d3 LOS ANUNCIOS DEL INTENDENTE MAXI FRONTERA - Apuntes de San Luis","og_description":"Por Eduardo Gargiulo Sin dudas no fue un acto institucional m\u00e1s y as\u00ed lo entendieron...","og_url":"https:\/\/apuntesdesanluis.com\/index.php\/2025\/03\/06\/marcado-fervor-electoral-acompano-los-anuncios-del-intendente-maxi-frontera\/","og_site_name":"Apuntes de San Luis","article_published_time":"2025-03-07T00:34:02+00:00","article_modified_time":"2025-03-07T00:59:01+00:00","og_image":[{"width":700,"height":471,"url":"https:\/\/apuntesdesanluis.com\/wp-content\/uploads\/2025\/03\/maxi-primer-plano.png","type":"image\/png"}],"author":"apuntesdesanluis.com","twitter_card":"summary_large_image","twitter_misc":{"Escrito por":"apuntesdesanluis.com","Tiempo de lectura":"7 minutos"},"schema":{"@context":"https:\/\/schema.org","@graph":[{"@type":"Article","@id":"https:\/\/apuntesdesanluis.com\/index.php\/2025\/03\/06\/marcado-fervor-electoral-acompano-los-anuncios-del-intendente-maxi-frontera\/#article","isPartOf":{"@id":"https:\/\/apuntesdesanluis.com\/index.php\/2025\/03\/06\/marcado-fervor-electoral-acompano-los-anuncios-del-intendente-maxi-frontera\/"},"author":{"name":"apuntesdesanluis.com","@id":"https:\/\/apuntesdesanluis.com\/#\/schema\/person\/b55151d52296fcce64d1a72538a70b90"},"headline":"MARCADO FERVOR ELECTORAL ACOMPA\u00d1\u00d3 LOS ANUNCIOS DEL INTENDENTE MAXI FRONTERA","datePublished":"2025-03-07T00:34:02+00:00","dateModified":"2025-03-07T00:59:01+00:00","mainEntityOfPage":{"@id":"https:\/\/apuntesdesanluis.com\/index.php\/2025\/03\/06\/marcado-fervor-electoral-acompano-los-anuncios-del-intendente-maxi-frontera\/"},"wordCount":1109,"publisher":{"@id":"https:\/\/apuntesdesanluis.com\/#\/schema\/person\/b55151d52296fcce64d1a72538a70b90"},"image":{"@id":"https:\/\/apuntesdesanluis.com\/index.php\/2025\/03\/06\/marcado-fervor-electoral-acompano-los-anuncios-del-intendente-maxi-frontera\/#primaryimage"},"thumbnailUrl":"https:\/\/apuntesdesanluis.com\/wp-content\/uploads\/2025\/03\/maxi-primer-plano.png","articleSection":["Opini\u00f3n"],"inLanguage":"es-AR"},{"@type":"WebPage","@id":"https:\/\/apuntesdesanluis.com\/index.php\/2025\/03\/06\/marcado-fervor-electoral-acompano-los-anuncios-del-intendente-maxi-frontera\/","url":"https:\/\/apuntesdesanluis.com\/index.php\/2025\/03\/06\/marcado-fervor-electoral-acompano-los-anuncios-del-intendente-maxi-frontera\/","name":"MARCADO FERVOR ELECTORAL ACOMPA\u00d1\u00d3 LOS ANUNCIOS DEL INTENDENTE MAXI FRONTERA - Apuntes de San Luis","isPartOf":{"@id":"https:\/\/apuntesdesanluis.com\/#website"},"primaryImageOfPage":{"@id":"https:\/\/apuntesdesanluis.com\/index.php\/2025\/03\/06\/marcado-fervor-electoral-acompano-los-anuncios-del-intendente-maxi-frontera\/#primaryimage"},"image":{"@id":"https:\/\/apuntesdesanluis.com\/index.php\/2025\/03\/06\/marcado-fervor-electoral-acompano-los-anuncios-del-intendente-maxi-frontera\/#primaryimage"},"thumbnailUrl":"https:\/\/apuntesdesanluis.com\/wp-content\/uploads\/2025\/03\/maxi-primer-plano.png","datePublished":"2025-03-07T00:34:02+00:00","dateModified":"2025-03-07T00:59:01+00:00","breadcrumb":{"@id":"https:\/\/apuntesdesanluis.com\/index.php\/2025\/03\/06\/marcado-fervor-electoral-acompano-los-anuncios-del-intendente-maxi-frontera\/#breadcrumb"},"inLanguage":"es-AR","potentialAction":[{"@type":"ReadAction","target":["https:\/\/apuntesdesanluis.com\/index.php\/2025\/03\/06\/marcado-fervor-electoral-acompano-los-anuncios-del-intendente-maxi-frontera\/"]}]},{"@type":"ImageObject","inLanguage":"es-AR","@id":"https:\/\/apuntesdesanluis.com\/index.php\/2025\/03\/06\/marcado-fervor-electoral-acompano-los-anuncios-del-intendente-maxi-frontera\/#primaryimage","url":"https:\/\/apuntesdesanluis.com\/wp-content\/uploads\/2025\/03\/maxi-primer-plano.png","contentUrl":"https:\/\/apuntesdesanluis.com\/wp-content\/uploads\/2025\/03\/maxi-primer-plano.png","width":700,"height":471},{"@type":"BreadcrumbList","@id":"https:\/\/apuntesdesanluis.com\/index.php\/2025\/03\/06\/marcado-fervor-electoral-acompano-los-anuncios-del-intendente-maxi-frontera\/#breadcrumb","itemListElement":[{"@type":"ListItem","position":1,"name":"Inicio","item":"https:\/\/apuntesdesanluis.com\/"},{"@type":"ListItem","position":2,"name":"MARCADO FERVOR ELECTORAL ACOMPA\u00d1\u00d3 LOS ANUNCIOS DEL INTENDENTE MAXI FRONTERA"}]},{"@type":"WebSite","@id":"https:\/\/apuntesdesanluis.com\/#website","url":"https:\/\/apuntesdesanluis.com\/","name":"Apuntes de San Luis","description":"","publisher":{"@id":"https:\/\/apuntesdesanluis.com\/#\/schema\/person\/b55151d52296fcce64d1a72538a70b90"},"potentialAction":[{"@type":"SearchAction","target":{"@type":"EntryPoint","urlTemplate":"https:\/\/apuntesdesanluis.com\/?s={search_term_string}"},"query-input":{"@type":"PropertyValueSpecification","valueRequired":true,"valueName":"search_term_string"}}],"inLanguage":"es-AR"},{"@type":["Person","Organization"],"@id":"https:\/\/apuntesdesanluis.com\/#\/schema\/person\/b55151d52296fcce64d1a72538a70b90","name":"apuntesdesanluis.com","image":{"@type":"ImageObject","inLanguage":"es-AR","@id":"https:\/\/apuntesdesanluis.com\/#\/schema\/person\/image\/","url":"https:\/\/apuntesdesanluis.com\/wp-content\/uploads\/2023\/07\/cropped-apuntesdesanluis.png","contentUrl":"https:\/\/apuntesdesanluis.com\/wp-content\/uploads\/2023\/07\/cropped-apuntesdesanluis.png","width":450,"height":112,"caption":"apuntesdesanluis.com"},"logo":{"@id":"https:\/\/apuntesdesanluis.com\/#\/schema\/person\/image\/"},"sameAs":["https:\/\/apuntesdesanluis.com"],"url":"https:\/\/apuntesdesanluis.com\/index.php\/author\/apuntesdesanluis-com\/"}]}},"featured_image_urls":{"full":["https:\/\/apuntesdesanluis.com\/wp-content\/uploads\/2025\/03\/maxi-primer-plano.png",700,471,false],"thumbnail":["https:\/\/apuntesdesanluis.com\/wp-content\/uploads\/2025\/03\/maxi-primer-plano-150x150.png",150,150,true],"medium":["https:\/\/apuntesdesanluis.com\/wp-content\/uploads\/2025\/03\/maxi-primer-plano-300x202.png",300,202,true],"medium_large":["https:\/\/apuntesdesanluis.com\/wp-content\/uploads\/2025\/03\/maxi-primer-plano.png",640,431,false],"large":["https:\/\/apuntesdesanluis.com\/wp-content\/uploads\/2025\/03\/maxi-primer-plano.png",640,431,false],"1536x1536":["https:\/\/apuntesdesanluis.com\/wp-content\/uploads\/2025\/03\/maxi-primer-plano.png",700,471,false],"2048x2048":["https:\/\/apuntesdesanluis.com\/wp-content\/uploads\/2025\/03\/maxi-primer-plano.png",700,471,false],"newsever-slider-full":["https:\/\/apuntesdesanluis.com\/wp-content\/uploads\/2025\/03\/maxi-primer-plano.png",700,471,false],"newsever-featured":["https:\/\/apuntesdesanluis.com\/wp-content\/uploads\/2025\/03\/maxi-primer-plano.png",700,471,false],"newsever-medium":["https:\/\/apuntesdesanluis.com\/wp-content\/uploads\/2025\/03\/maxi-primer-plano.png",700,471,false]},"author_info":{"display_name":"apuntesdesanluis.com","author_link":"https:\/\/apuntesdesanluis.com\/index.php\/author\/apuntesdesanluis-com\/"},"category_info":"<a href=\"https:\/\/apuntesdesanluis.com\/index.php\/category\/opinion\/\" rel=\"category tag\">Opini\u00f3n<\/a>","tag_info":"Opini\u00f3n","comment_count":"0","_links":{"self":[{"href":"https:\/\/apuntesdesanluis.com\/index.php\/wp-json\/wp\/v2\/posts\/30097","targetHints":{"allow":["GET"]}}],"collection":[{"href":"https:\/\/apuntesdesanluis.com\/index.php\/wp-json\/wp\/v2\/posts"}],"about":[{"href":"https:\/\/apuntesdesanluis.com\/index.php\/wp-json\/wp\/v2\/types\/post"}],"author":[{"embeddable":true,"href":"https:\/\/apuntesdesanluis.com\/index.php\/wp-json\/wp\/v2\/users\/1"}],"replies":[{"embeddable":true,"href":"https:\/\/apuntesdesanluis.com\/index.php\/wp-json\/wp\/v2\/comments?post=30097"}],"version-history":[{"count":12,"href":"https:\/\/apuntesdesanluis.com\/index.php\/wp-json\/wp\/v2\/posts\/30097\/revisions"}],"predecessor-version":[{"id":30119,"href":"https:\/\/apuntesdesanluis.com\/index.php\/wp-json\/wp\/v2\/posts\/30097\/revisions\/30119"}],"wp:featuredmedia":[{"embeddable":true,"href":"https:\/\/apuntesdesanluis.com\/index.php\/wp-json\/wp\/v2\/media\/30102"}],"wp:attachment":[{"href":"https:\/\/apuntesdesanluis.com\/index.php\/wp-json\/wp\/v2\/media?parent=30097"}],"wp:term":[{"taxonomy":"category","embeddable":true,"href":"https:\/\/apuntesdesanluis.com\/index.php\/wp-json\/wp\/v2\/categories?post=30097"},{"taxonomy":"post_tag","embeddable":true,"href":"https:\/\/apuntesdesanluis.com\/index.php\/wp-json\/wp\/v2\/tags?post=30097"}],"curies":[{"name":"wp","href":"https:\/\/api.w.org\/{rel}","templated":true}]}}