{"id":30124,"date":"2025-03-06T23:08:48","date_gmt":"2025-03-07T02:08:48","guid":{"rendered":"https:\/\/apuntesdesanluis.com\/?p=30124"},"modified":"2025-03-06T23:08:48","modified_gmt":"2025-03-07T02:08:48","slug":"javier-milei-firmara-un-dnu-para-el-acuerdo-con-el-fmi-y-lo-enviara-al-congreso","status":"publish","type":"post","link":"https:\/\/apuntesdesanluis.com\/index.php\/2025\/03\/06\/javier-milei-firmara-un-dnu-para-el-acuerdo-con-el-fmi-y-lo-enviara-al-congreso\/","title":{"rendered":"JAVIER MILEI FIRMAR\u00c1 UN DNU PARA EL ACUERDO CON EL FMI Y LO ENVIAR\u00c1 AL CONGRESO"},"content":{"rendered":"<h3>El gobierno de <strong>Javier Milei<\/strong>\u00a0 confirm\u00f3 a trav\u00e9s de un comunicado oficial que enviar\u00e1 al Congreso Nacional un <strong>Decreto de Necesidad y Urgencia<\/strong> (DNU) para obtener apoyo en el acuerdo con el <strong>Fondo Monetario Internacional<\/strong> (FMI).<\/h3>\n<h3>Seg\u00fan el documento, la operaci\u00f3n financiera permitir\u00e1 que el Tesoro Nacional cancele deuda con el Banco Central, reduciendo as\u00ed el total de la deuda p\u00fablica.<\/h3>\n<h3>De acuerdo con la comunicaci\u00f3n de la Oficina del Presidente, la medida busca fortalecer el balance del Banco Central, consolidando la estabilidad monetaria y financiera, adem\u00e1s de avanzar en el proceso de desinflaci\u00f3n y la liberaci\u00f3n de restricciones cambiarias.<\/h3>\n<h3>El comunicado destaca que &#8220;no existe asunto m\u00e1s necesario y urgente que terminar con la inflaci\u00f3n&#8221;, la cual, seg\u00fan el gobierno, ha &#8220;arruinado la vida de los argentinos&#8221;. Por este motivo, Milei solicit\u00f3 un &#8220;compromiso urgente&#8221; del Congreso para respaldar el acuerdo, al igual que hicieron &#8220;todos los gobiernos anteriores&#8221; en situaciones similares.<\/h3>\n<h3>El gobierno enfatiz\u00f3 que transformar la lucha contra la inflaci\u00f3n en una pol\u00edtica de Estado es una se\u00f1al de que los legisladores &#8220;comprendieron el mandato expresado en las urnas&#8221;. En ese sentido, el presidente Milei expres\u00f3 su confianza en el &#8220;compromiso y la responsabilidad&#8221; de los parlamentarios para con el pueblo argentino y su bienestar econ\u00f3mico.<\/h3>\n<h3>Esta decisi\u00f3n refuerza la postura del Ejecutivo de avanzar con su plan de ajuste fiscal y estabilizaci\u00f3n macroecon\u00f3mica, en un contexto de negociaciones con el FMI y expectativas sobre la evoluci\u00f3n de la econom\u00eda nacional.<\/h3>\n<h3><\/h3>\n<p>&nbsp;<\/p>\n<p>&nbsp;<\/p>\n<p>&nbsp;<\/p>\n","protected":false},"excerpt":{"rendered":"<p>El gobierno de Javier Milei\u00a0 confirm\u00f3 a trav\u00e9s de un comunicado oficial que enviar\u00e1 al&#8230;<\/p>\n","protected":false},"author":1,"featured_media":30125,"comment_status":"closed","ping_status":"closed","sticky":false,"template":"","format":"standard","meta":{"footnotes":""},"categories":[5],"tags":[],"class_list":["post-30124","post","type-post","status-publish","format-standard","has-post-thumbnail","hentry","category-nacionales-internacionales"],"yoast_head":"<!-- This site is optimized with the Yoast SEO plugin v26.1.1 - https:\/\/yoast.com\/wordpress\/plugins\/seo\/ -->\n<title>JAVIER MILEI FIRMAR\u00c1 UN DNU PARA EL ACUERDO CON EL FMI Y LO ENVIAR\u00c1 AL CONGRESO - Apuntes de San Luis<\/title>\n<meta name=\"robots\" content=\"index, follow, max-snippet:-1, max-image-preview:large, max-video-preview:-1\" \/>\n<link rel=\"canonical\" href=\"https:\/\/apuntesdesanluis.com\/index.php\/2025\/03\/06\/javier-milei-firmara-un-dnu-para-el-acuerdo-con-el-fmi-y-lo-enviara-al-congreso\/\" \/>\n<meta property=\"og:locale\" content=\"es_ES\" \/>\n<meta property=\"og:type\" content=\"article\" \/>\n<meta property=\"og:title\" content=\"JAVIER MILEI FIRMAR\u00c1 UN DNU PARA EL ACUERDO CON EL FMI Y LO ENVIAR\u00c1 AL CONGRESO - Apuntes de San Luis\" \/>\n<meta property=\"og:description\" content=\"El gobierno de Javier Milei\u00a0 confirm\u00f3 a trav\u00e9s de un comunicado oficial que enviar\u00e1 al...\" \/>\n<meta property=\"og:url\" content=\"https:\/\/apuntesdesanluis.com\/index.php\/2025\/03\/06\/javier-milei-firmara-un-dnu-para-el-acuerdo-con-el-fmi-y-lo-enviara-al-congreso\/\" \/>\n<meta property=\"og:site_name\" content=\"Apuntes de San Luis\" \/>\n<meta property=\"article:published_time\" content=\"2025-03-07T02:08:48+00:00\" \/>\n<meta property=\"og:image\" content=\"https:\/\/apuntesdesanluis.com\/wp-content\/uploads\/2025\/03\/milei-y-georgieva.png\" \/>\n\t<meta property=\"og:image:width\" content=\"700\" \/>\n\t<meta property=\"og:image:height\" content=\"436\" \/>\n\t<meta property=\"og:image:type\" content=\"image\/png\" \/>\n<meta name=\"author\" content=\"apuntesdesanluis.com\" \/>\n<meta name=\"twitter:card\" content=\"summary_large_image\" \/>\n<meta name=\"twitter:label1\" content=\"Escrito por\" \/>\n\t<meta name=\"twitter:data1\" content=\"apuntesdesanluis.com\" \/>\n\t<meta name=\"twitter:label2\" content=\"Tiempo de lectura\" \/>\n\t<meta name=\"twitter:data2\" content=\"2 minutos\" \/>\n<script type=\"application\/ld+json\" class=\"yoast-schema-graph\">{\"@context\":\"https:\/\/schema.org\",\"@graph\":[{\"@type\":\"Article\",\"@id\":\"https:\/\/apuntesdesanluis.com\/index.php\/2025\/03\/06\/javier-milei-firmara-un-dnu-para-el-acuerdo-con-el-fmi-y-lo-enviara-al-congreso\/#article\",\"isPartOf\":{\"@id\":\"https:\/\/apuntesdesanluis.com\/index.php\/2025\/03\/06\/javier-milei-firmara-un-dnu-para-el-acuerdo-con-el-fmi-y-lo-enviara-al-congreso\/\"},\"author\":{\"name\":\"apuntesdesanluis.com\",\"@id\":\"https:\/\/apuntesdesanluis.com\/#\/schema\/person\/b55151d52296fcce64d1a72538a70b90\"},\"headline\":\"JAVIER MILEI FIRMAR\u00c1 UN DNU PARA EL ACUERDO CON EL FMI Y LO ENVIAR\u00c1 AL CONGRESO\",\"datePublished\":\"2025-03-07T02:08:48+00:00\",\"mainEntityOfPage\":{\"@id\":\"https:\/\/apuntesdesanluis.com\/index.php\/2025\/03\/06\/javier-milei-firmara-un-dnu-para-el-acuerdo-con-el-fmi-y-lo-enviara-al-congreso\/\"},\"wordCount\":283,\"publisher\":{\"@id\":\"https:\/\/apuntesdesanluis.com\/#\/schema\/person\/b55151d52296fcce64d1a72538a70b90\"},\"image\":{\"@id\":\"https:\/\/apuntesdesanluis.com\/index.php\/2025\/03\/06\/javier-milei-firmara-un-dnu-para-el-acuerdo-con-el-fmi-y-lo-enviara-al-congreso\/#primaryimage\"},\"thumbnailUrl\":\"https:\/\/apuntesdesanluis.com\/wp-content\/uploads\/2025\/03\/milei-y-georgieva.png\",\"articleSection\":[\"Nacionales\/Internacionales\"],\"inLanguage\":\"es-AR\"},{\"@type\":\"WebPage\",\"@id\":\"https:\/\/apuntesdesanluis.com\/index.php\/2025\/03\/06\/javier-milei-firmara-un-dnu-para-el-acuerdo-con-el-fmi-y-lo-enviara-al-congreso\/\",\"url\":\"https:\/\/apuntesdesanluis.com\/index.php\/2025\/03\/06\/javier-milei-firmara-un-dnu-para-el-acuerdo-con-el-fmi-y-lo-enviara-al-congreso\/\",\"name\":\"JAVIER MILEI FIRMAR\u00c1 UN DNU PARA EL ACUERDO CON EL FMI Y LO ENVIAR\u00c1 AL CONGRESO - Apuntes de San Luis\",\"isPartOf\":{\"@id\":\"https:\/\/apuntesdesanluis.com\/#website\"},\"primaryImageOfPage\":{\"@id\":\"https:\/\/apuntesdesanluis.com\/index.php\/2025\/03\/06\/javier-milei-firmara-un-dnu-para-el-acuerdo-con-el-fmi-y-lo-enviara-al-congreso\/#primaryimage\"},\"image\":{\"@id\":\"https:\/\/apuntesdesanluis.com\/index.php\/2025\/03\/06\/javier-milei-firmara-un-dnu-para-el-acuerdo-con-el-fmi-y-lo-enviara-al-congreso\/#primaryimage\"},\"thumbnailUrl\":\"https:\/\/apuntesdesanluis.com\/wp-content\/uploads\/2025\/03\/milei-y-georgieva.png\",\"datePublished\":\"2025-03-07T02:08:48+00:00\",\"breadcrumb\":{\"@id\":\"https:\/\/apuntesdesanluis.com\/index.php\/2025\/03\/06\/javier-milei-firmara-un-dnu-para-el-acuerdo-con-el-fmi-y-lo-enviara-al-congreso\/#breadcrumb\"},\"inLanguage\":\"es-AR\",\"potentialAction\":[{\"@type\":\"ReadAction\",\"target\":[\"https:\/\/apuntesdesanluis.com\/index.php\/2025\/03\/06\/javier-milei-firmara-un-dnu-para-el-acuerdo-con-el-fmi-y-lo-enviara-al-congreso\/\"]}]},{\"@type\":\"ImageObject\",\"inLanguage\":\"es-AR\",\"@id\":\"https:\/\/apuntesdesanluis.com\/index.php\/2025\/03\/06\/javier-milei-firmara-un-dnu-para-el-acuerdo-con-el-fmi-y-lo-enviara-al-congreso\/#primaryimage\",\"url\":\"https:\/\/apuntesdesanluis.com\/wp-content\/uploads\/2025\/03\/milei-y-georgieva.png\",\"contentUrl\":\"https:\/\/apuntesdesanluis.com\/wp-content\/uploads\/2025\/03\/milei-y-georgieva.png\",\"width\":700,\"height\":436},{\"@type\":\"BreadcrumbList\",\"@id\":\"https:\/\/apuntesdesanluis.com\/index.php\/2025\/03\/06\/javier-milei-firmara-un-dnu-para-el-acuerdo-con-el-fmi-y-lo-enviara-al-congreso\/#breadcrumb\",\"itemListElement\":[{\"@type\":\"ListItem\",\"position\":1,\"name\":\"Inicio\",\"item\":\"https:\/\/apuntesdesanluis.com\/\"},{\"@type\":\"ListItem\",\"position\":2,\"name\":\"JAVIER MILEI FIRMAR\u00c1 UN DNU PARA EL ACUERDO CON EL FMI Y LO ENVIAR\u00c1 AL CONGRESO\"}]},{\"@type\":\"WebSite\",\"@id\":\"https:\/\/apuntesdesanluis.com\/#website\",\"url\":\"https:\/\/apuntesdesanluis.com\/\",\"name\":\"Apuntes de San Luis\",\"description\":\"\",\"publisher\":{\"@id\":\"https:\/\/apuntesdesanluis.com\/#\/schema\/person\/b55151d52296fcce64d1a72538a70b90\"},\"potentialAction\":[{\"@type\":\"SearchAction\",\"target\":{\"@type\":\"EntryPoint\",\"urlTemplate\":\"https:\/\/apuntesdesanluis.com\/?s={search_term_string}\"},\"query-input\":{\"@type\":\"PropertyValueSpecification\",\"valueRequired\":true,\"valueName\":\"search_term_string\"}}],\"inLanguage\":\"es-AR\"},{\"@type\":[\"Person\",\"Organization\"],\"@id\":\"https:\/\/apuntesdesanluis.com\/#\/schema\/person\/b55151d52296fcce64d1a72538a70b90\",\"name\":\"apuntesdesanluis.com\",\"image\":{\"@type\":\"ImageObject\",\"inLanguage\":\"es-AR\",\"@id\":\"https:\/\/apuntesdesanluis.com\/#\/schema\/person\/image\/\",\"url\":\"https:\/\/apuntesdesanluis.com\/wp-content\/uploads\/2023\/07\/cropped-apuntesdesanluis.png\",\"contentUrl\":\"https:\/\/apuntesdesanluis.com\/wp-content\/uploads\/2023\/07\/cropped-apuntesdesanluis.png\",\"width\":450,\"height\":112,\"caption\":\"apuntesdesanluis.com\"},\"logo\":{\"@id\":\"https:\/\/apuntesdesanluis.com\/#\/schema\/person\/image\/\"},\"sameAs\":[\"https:\/\/apuntesdesanluis.com\"],\"url\":\"https:\/\/apuntesdesanluis.com\/index.php\/author\/apuntesdesanluis-com\/\"}]}<\/script>\n<!-- \/ Yoast SEO plugin. -->","yoast_head_json":{"title":"JAVIER MILEI FIRMAR\u00c1 UN DNU PARA EL ACUERDO CON EL FMI Y LO ENVIAR\u00c1 AL CONGRESO - Apuntes de San Luis","robots":{"index":"index","follow":"follow","max-snippet":"max-snippet:-1","max-image-preview":"max-image-preview:large","max-video-preview":"max-video-preview:-1"},"canonical":"https:\/\/apuntesdesanluis.com\/index.php\/2025\/03\/06\/javier-milei-firmara-un-dnu-para-el-acuerdo-con-el-fmi-y-lo-enviara-al-congreso\/","og_locale":"es_ES","og_type":"article","og_title":"JAVIER MILEI FIRMAR\u00c1 UN DNU PARA EL ACUERDO CON EL FMI Y LO ENVIAR\u00c1 AL CONGRESO - Apuntes de San Luis","og_description":"El gobierno de Javier Milei\u00a0 confirm\u00f3 a trav\u00e9s de un comunicado oficial que enviar\u00e1 al...","og_url":"https:\/\/apuntesdesanluis.com\/index.php\/2025\/03\/06\/javier-milei-firmara-un-dnu-para-el-acuerdo-con-el-fmi-y-lo-enviara-al-congreso\/","og_site_name":"Apuntes de San Luis","article_published_time":"2025-03-07T02:08:48+00:00","og_image":[{"width":700,"height":436,"url":"https:\/\/apuntesdesanluis.com\/wp-content\/uploads\/2025\/03\/milei-y-georgieva.png","type":"image\/png"}],"author":"apuntesdesanluis.com","twitter_card":"summary_large_image","twitter_misc":{"Escrito por":"apuntesdesanluis.com","Tiempo de lectura":"2 minutos"},"schema":{"@context":"https:\/\/schema.org","@graph":[{"@type":"Article","@id":"https:\/\/apuntesdesanluis.com\/index.php\/2025\/03\/06\/javier-milei-firmara-un-dnu-para-el-acuerdo-con-el-fmi-y-lo-enviara-al-congreso\/#article","isPartOf":{"@id":"https:\/\/apuntesdesanluis.com\/index.php\/2025\/03\/06\/javier-milei-firmara-un-dnu-para-el-acuerdo-con-el-fmi-y-lo-enviara-al-congreso\/"},"author":{"name":"apuntesdesanluis.com","@id":"https:\/\/apuntesdesanluis.com\/#\/schema\/person\/b55151d52296fcce64d1a72538a70b90"},"headline":"JAVIER MILEI FIRMAR\u00c1 UN DNU PARA EL ACUERDO CON EL FMI Y LO ENVIAR\u00c1 AL CONGRESO","datePublished":"2025-03-07T02:08:48+00:00","mainEntityOfPage":{"@id":"https:\/\/apuntesdesanluis.com\/index.php\/2025\/03\/06\/javier-milei-firmara-un-dnu-para-el-acuerdo-con-el-fmi-y-lo-enviara-al-congreso\/"},"wordCount":283,"publisher":{"@id":"https:\/\/apuntesdesanluis.com\/#\/schema\/person\/b55151d52296fcce64d1a72538a70b90"},"image":{"@id":"https:\/\/apuntesdesanluis.com\/index.php\/2025\/03\/06\/javier-milei-firmara-un-dnu-para-el-acuerdo-con-el-fmi-y-lo-enviara-al-congreso\/#primaryimage"},"thumbnailUrl":"https:\/\/apuntesdesanluis.com\/wp-content\/uploads\/2025\/03\/milei-y-georgieva.png","articleSection":["Nacionales\/Internacionales"],"inLanguage":"es-AR"},{"@type":"WebPage","@id":"https:\/\/apuntesdesanluis.com\/index.php\/2025\/03\/06\/javier-milei-firmara-un-dnu-para-el-acuerdo-con-el-fmi-y-lo-enviara-al-congreso\/","url":"https:\/\/apuntesdesanluis.com\/index.php\/2025\/03\/06\/javier-milei-firmara-un-dnu-para-el-acuerdo-con-el-fmi-y-lo-enviara-al-congreso\/","name":"JAVIER MILEI FIRMAR\u00c1 UN DNU PARA EL ACUERDO CON EL FMI Y LO ENVIAR\u00c1 AL CONGRESO - Apuntes de San Luis","isPartOf":{"@id":"https:\/\/apuntesdesanluis.com\/#website"},"primaryImageOfPage":{"@id":"https:\/\/apuntesdesanluis.com\/index.php\/2025\/03\/06\/javier-milei-firmara-un-dnu-para-el-acuerdo-con-el-fmi-y-lo-enviara-al-congreso\/#primaryimage"},"image":{"@id":"https:\/\/apuntesdesanluis.com\/index.php\/2025\/03\/06\/javier-milei-firmara-un-dnu-para-el-acuerdo-con-el-fmi-y-lo-enviara-al-congreso\/#primaryimage"},"thumbnailUrl":"https:\/\/apuntesdesanluis.com\/wp-content\/uploads\/2025\/03\/milei-y-georgieva.png","datePublished":"2025-03-07T02:08:48+00:00","breadcrumb":{"@id":"https:\/\/apuntesdesanluis.com\/index.php\/2025\/03\/06\/javier-milei-firmara-un-dnu-para-el-acuerdo-con-el-fmi-y-lo-enviara-al-congreso\/#breadcrumb"},"inLanguage":"es-AR","potentialAction":[{"@type":"ReadAction","target":["https:\/\/apuntesdesanluis.com\/index.php\/2025\/03\/06\/javier-milei-firmara-un-dnu-para-el-acuerdo-con-el-fmi-y-lo-enviara-al-congreso\/"]}]},{"@type":"ImageObject","inLanguage":"es-AR","@id":"https:\/\/apuntesdesanluis.com\/index.php\/2025\/03\/06\/javier-milei-firmara-un-dnu-para-el-acuerdo-con-el-fmi-y-lo-enviara-al-congreso\/#primaryimage","url":"https:\/\/apuntesdesanluis.com\/wp-content\/uploads\/2025\/03\/milei-y-georgieva.png","contentUrl":"https:\/\/apuntesdesanluis.com\/wp-content\/uploads\/2025\/03\/milei-y-georgieva.png","width":700,"height":436},{"@type":"BreadcrumbList","@id":"https:\/\/apuntesdesanluis.com\/index.php\/2025\/03\/06\/javier-milei-firmara-un-dnu-para-el-acuerdo-con-el-fmi-y-lo-enviara-al-congreso\/#breadcrumb","itemListElement":[{"@type":"ListItem","position":1,"name":"Inicio","item":"https:\/\/apuntesdesanluis.com\/"},{"@type":"ListItem","position":2,"name":"JAVIER MILEI FIRMAR\u00c1 UN DNU PARA EL ACUERDO CON EL FMI Y LO ENVIAR\u00c1 AL CONGRESO"}]},{"@type":"WebSite","@id":"https:\/\/apuntesdesanluis.com\/#website","url":"https:\/\/apuntesdesanluis.com\/","name":"Apuntes de San Luis","description":"","publisher":{"@id":"https:\/\/apuntesdesanluis.com\/#\/schema\/person\/b55151d52296fcce64d1a72538a70b90"},"potentialAction":[{"@type":"SearchAction","target":{"@type":"EntryPoint","urlTemplate":"https:\/\/apuntesdesanluis.com\/?s={search_term_string}"},"query-input":{"@type":"PropertyValueSpecification","valueRequired":true,"valueName":"search_term_string"}}],"inLanguage":"es-AR"},{"@type":["Person","Organization"],"@id":"https:\/\/apuntesdesanluis.com\/#\/schema\/person\/b55151d52296fcce64d1a72538a70b90","name":"apuntesdesanluis.com","image":{"@type":"ImageObject","inLanguage":"es-AR","@id":"https:\/\/apuntesdesanluis.com\/#\/schema\/person\/image\/","url":"https:\/\/apuntesdesanluis.com\/wp-content\/uploads\/2023\/07\/cropped-apuntesdesanluis.png","contentUrl":"https:\/\/apuntesdesanluis.com\/wp-content\/uploads\/2023\/07\/cropped-apuntesdesanluis.png","width":450,"height":112,"caption":"apuntesdesanluis.com"},"logo":{"@id":"https:\/\/apuntesdesanluis.com\/#\/schema\/person\/image\/"},"sameAs":["https:\/\/apuntesdesanluis.com"],"url":"https:\/\/apuntesdesanluis.com\/index.php\/author\/apuntesdesanluis-com\/"}]}},"featured_image_urls":{"full":["https:\/\/apuntesdesanluis.com\/wp-content\/uploads\/2025\/03\/milei-y-georgieva.png",700,436,false],"thumbnail":["https:\/\/apuntesdesanluis.com\/wp-content\/uploads\/2025\/03\/milei-y-georgieva-150x150.png",150,150,true],"medium":["https:\/\/apuntesdesanluis.com\/wp-content\/uploads\/2025\/03\/milei-y-georgieva-300x187.png",300,187,true],"medium_large":["https:\/\/apuntesdesanluis.com\/wp-content\/uploads\/2025\/03\/milei-y-georgieva.png",640,399,false],"large":["https:\/\/apuntesdesanluis.com\/wp-content\/uploads\/2025\/03\/milei-y-georgieva.png",640,399,false],"1536x1536":["https:\/\/apuntesdesanluis.com\/wp-content\/uploads\/2025\/03\/milei-y-georgieva.png",700,436,false],"2048x2048":["https:\/\/apuntesdesanluis.com\/wp-content\/uploads\/2025\/03\/milei-y-georgieva.png",700,436,false],"newsever-slider-full":["https:\/\/apuntesdesanluis.com\/wp-content\/uploads\/2025\/03\/milei-y-georgieva.png",700,436,false],"newsever-featured":["https:\/\/apuntesdesanluis.com\/wp-content\/uploads\/2025\/03\/milei-y-georgieva.png",700,436,false],"newsever-medium":["https:\/\/apuntesdesanluis.com\/wp-content\/uploads\/2025\/03\/milei-y-georgieva.png",700,436,false]},"author_info":{"display_name":"apuntesdesanluis.com","author_link":"https:\/\/apuntesdesanluis.com\/index.php\/author\/apuntesdesanluis-com\/"},"category_info":"<a href=\"https:\/\/apuntesdesanluis.com\/index.php\/category\/nacionales-internacionales\/\" rel=\"category tag\">Nacionales\/Internacionales<\/a>","tag_info":"Nacionales\/Internacionales","comment_count":"0","_links":{"self":[{"href":"https:\/\/apuntesdesanluis.com\/index.php\/wp-json\/wp\/v2\/posts\/30124","targetHints":{"allow":["GET"]}}],"collection":[{"href":"https:\/\/apuntesdesanluis.com\/index.php\/wp-json\/wp\/v2\/posts"}],"about":[{"href":"https:\/\/apuntesdesanluis.com\/index.php\/wp-json\/wp\/v2\/types\/post"}],"author":[{"embeddable":true,"href":"https:\/\/apuntesdesanluis.com\/index.php\/wp-json\/wp\/v2\/users\/1"}],"replies":[{"embeddable":true,"href":"https:\/\/apuntesdesanluis.com\/index.php\/wp-json\/wp\/v2\/comments?post=30124"}],"version-history":[{"count":1,"href":"https:\/\/apuntesdesanluis.com\/index.php\/wp-json\/wp\/v2\/posts\/30124\/revisions"}],"predecessor-version":[{"id":30126,"href":"https:\/\/apuntesdesanluis.com\/index.php\/wp-json\/wp\/v2\/posts\/30124\/revisions\/30126"}],"wp:featuredmedia":[{"embeddable":true,"href":"https:\/\/apuntesdesanluis.com\/index.php\/wp-json\/wp\/v2\/media\/30125"}],"wp:attachment":[{"href":"https:\/\/apuntesdesanluis.com\/index.php\/wp-json\/wp\/v2\/media?parent=30124"}],"wp:term":[{"taxonomy":"category","embeddable":true,"href":"https:\/\/apuntesdesanluis.com\/index.php\/wp-json\/wp\/v2\/categories?post=30124"},{"taxonomy":"post_tag","embeddable":true,"href":"https:\/\/apuntesdesanluis.com\/index.php\/wp-json\/wp\/v2\/tags?post=30124"}],"curies":[{"name":"wp","href":"https:\/\/api.w.org\/{rel}","templated":true}]}}