{"id":30127,"date":"2025-03-06T23:23:54","date_gmt":"2025-03-07T02:23:54","guid":{"rendered":"https:\/\/apuntesdesanluis.com\/?p=30127"},"modified":"2025-03-06T23:24:19","modified_gmt":"2025-03-07T02:24:19","slug":"agradezco-de-todo-corazon-las-oraciones-dios-los-bendiga-expreso-el-papa-francisco","status":"publish","type":"post","link":"https:\/\/apuntesdesanluis.com\/index.php\/2025\/03\/06\/agradezco-de-todo-corazon-las-oraciones-dios-los-bendiga-expreso-el-papa-francisco\/","title":{"rendered":"&#8220;AGRADEZCO DE TODO CORAZ\u00d3N LAS ORACIONES, DIOS LOS BENDIGA&#8221;, EXPRES\u00d3 EL PAPA FRANCISCO"},"content":{"rendered":"<h3>Pasadas las 21 horas, al comienzo del Rosario en la Plaza de San Pedro, se emiti\u00f3 un audio grabado por Su Santidad en el hospital Gemelli.<\/h3>\n<h3>El papa Francisco, hospitalizado desde el 14 de febrero en el Policl\u00ednico Gemelli de Roma debido a una neumon\u00eda bilateral y problemas respiratorios, envi\u00f3 este jueves su primer mensaje grabado desde su internaci\u00f3n.<\/h3>\n<h3>En el breve audio difundido antes del rezo del Rosario que se realiza cada noche en la Plaza de San Pedro en su honor, el pont\u00edfice expres\u00f3 su gratitud hacia los fieles que oran por su recuperaci\u00f3n:<\/h3>\n<h3>&#8220;Agradezco de todo coraz\u00f3n las oraciones que hacen por mi salud desde la Plaza, los acompa\u00f1o desde ac\u00e1. Que Dios los bendiga y que la Virgen los cuide. Gracias&#8221;.<\/h3>\n<p><iframe title=\"El mensaje en audio que el Papa Francisco ha enviado desde el hospital\" width=\"640\" height=\"360\" src=\"https:\/\/www.youtube.com\/embed\/Ex54LooLgwE?feature=oembed\" frameborder=\"0\" allow=\"accelerometer; autoplay; clipboard-write; encrypted-media; gyroscope; picture-in-picture; web-share\" referrerpolicy=\"strict-origin-when-cross-origin\" allowfullscreen><\/iframe><\/p>\n<h3><strong>SU ESTADO DE SALUD <\/strong><\/h3>\n<h3>El Vaticano inform\u00f3 que el papa de 88 a\u00f1os contin\u00faa con un estado cl\u00ednico estable, sin insuficiencia respiratoria ni fiebre, aunque sigue bajo pron\u00f3stico reservado.<\/h3>\n<h3>Los m\u00e9dicos mantienen su tratamiento con fisioterapia respiratoria y motora, mientras crecen las especulaciones sobre su participaci\u00f3n en los pr\u00f3ximos eventos de la Semana Santa y la Pascua.<\/h3>\n<h3>Este mensaje es el primer contacto directo de Francisco con los fieles desde su hospitalizaci\u00f3n y busca llevar tranquilidad en medio de la preocupaci\u00f3n por su salud.<\/h3>\n<p>&nbsp;<\/p>\n<p>&nbsp;<\/p>\n<p>&nbsp;<\/p>\n<h3><\/h3>\n<h3><\/h3>\n<h3><\/h3>\n","protected":false},"excerpt":{"rendered":"<p>Pasadas las 21 horas, al comienzo del Rosario en la Plaza de San Pedro, se&#8230;<\/p>\n","protected":false},"author":1,"featured_media":30128,"comment_status":"closed","ping_status":"closed","sticky":false,"template":"","format":"standard","meta":{"footnotes":""},"categories":[5],"tags":[],"class_list":["post-30127","post","type-post","status-publish","format-standard","has-post-thumbnail","hentry","category-nacionales-internacionales"],"yoast_head":"<!-- This site is optimized with the Yoast SEO plugin v26.1.1 - https:\/\/yoast.com\/wordpress\/plugins\/seo\/ -->\n<title>&quot;AGRADEZCO DE TODO CORAZ\u00d3N LAS ORACIONES, DIOS LOS BENDIGA&quot;, EXPRES\u00d3 EL PAPA FRANCISCO - Apuntes de San Luis<\/title>\n<meta name=\"robots\" content=\"index, follow, max-snippet:-1, max-image-preview:large, max-video-preview:-1\" \/>\n<link rel=\"canonical\" href=\"https:\/\/apuntesdesanluis.com\/index.php\/2025\/03\/06\/agradezco-de-todo-corazon-las-oraciones-dios-los-bendiga-expreso-el-papa-francisco\/\" \/>\n<meta property=\"og:locale\" content=\"es_ES\" \/>\n<meta property=\"og:type\" content=\"article\" \/>\n<meta property=\"og:title\" content=\"&quot;AGRADEZCO DE TODO CORAZ\u00d3N LAS ORACIONES, DIOS LOS BENDIGA&quot;, EXPRES\u00d3 EL PAPA FRANCISCO - Apuntes de San Luis\" \/>\n<meta property=\"og:description\" content=\"Pasadas las 21 horas, al comienzo del Rosario en la Plaza de San Pedro, se...\" \/>\n<meta property=\"og:url\" content=\"https:\/\/apuntesdesanluis.com\/index.php\/2025\/03\/06\/agradezco-de-todo-corazon-las-oraciones-dios-los-bendiga-expreso-el-papa-francisco\/\" \/>\n<meta property=\"og:site_name\" content=\"Apuntes de San Luis\" \/>\n<meta property=\"article:published_time\" content=\"2025-03-07T02:23:54+00:00\" \/>\n<meta property=\"article:modified_time\" content=\"2025-03-07T02:24:19+00:00\" \/>\n<meta property=\"og:image\" content=\"https:\/\/apuntesdesanluis.com\/wp-content\/uploads\/2025\/03\/FRANCISCO-DESDE-EL-HOSPITAL.png\" \/>\n\t<meta property=\"og:image:width\" content=\"765\" \/>\n\t<meta property=\"og:image:height\" content=\"519\" \/>\n\t<meta property=\"og:image:type\" content=\"image\/png\" \/>\n<meta name=\"author\" content=\"apuntesdesanluis.com\" \/>\n<meta name=\"twitter:card\" content=\"summary_large_image\" \/>\n<meta name=\"twitter:label1\" content=\"Escrito por\" \/>\n\t<meta name=\"twitter:data1\" content=\"apuntesdesanluis.com\" \/>\n\t<meta name=\"twitter:label2\" content=\"Tiempo de lectura\" \/>\n\t<meta name=\"twitter:data2\" content=\"2 minutos\" \/>\n<script type=\"application\/ld+json\" class=\"yoast-schema-graph\">{\"@context\":\"https:\/\/schema.org\",\"@graph\":[{\"@type\":\"Article\",\"@id\":\"https:\/\/apuntesdesanluis.com\/index.php\/2025\/03\/06\/agradezco-de-todo-corazon-las-oraciones-dios-los-bendiga-expreso-el-papa-francisco\/#article\",\"isPartOf\":{\"@id\":\"https:\/\/apuntesdesanluis.com\/index.php\/2025\/03\/06\/agradezco-de-todo-corazon-las-oraciones-dios-los-bendiga-expreso-el-papa-francisco\/\"},\"author\":{\"name\":\"apuntesdesanluis.com\",\"@id\":\"https:\/\/apuntesdesanluis.com\/#\/schema\/person\/b55151d52296fcce64d1a72538a70b90\"},\"headline\":\"&#8220;AGRADEZCO DE TODO CORAZ\u00d3N LAS ORACIONES, DIOS LOS BENDIGA&#8221;, EXPRES\u00d3 EL PAPA FRANCISCO\",\"datePublished\":\"2025-03-07T02:23:54+00:00\",\"dateModified\":\"2025-03-07T02:24:19+00:00\",\"mainEntityOfPage\":{\"@id\":\"https:\/\/apuntesdesanluis.com\/index.php\/2025\/03\/06\/agradezco-de-todo-corazon-las-oraciones-dios-los-bendiga-expreso-el-papa-francisco\/\"},\"wordCount\":252,\"publisher\":{\"@id\":\"https:\/\/apuntesdesanluis.com\/#\/schema\/person\/b55151d52296fcce64d1a72538a70b90\"},\"image\":{\"@id\":\"https:\/\/apuntesdesanluis.com\/index.php\/2025\/03\/06\/agradezco-de-todo-corazon-las-oraciones-dios-los-bendiga-expreso-el-papa-francisco\/#primaryimage\"},\"thumbnailUrl\":\"https:\/\/apuntesdesanluis.com\/wp-content\/uploads\/2025\/03\/FRANCISCO-DESDE-EL-HOSPITAL.png\",\"articleSection\":[\"Nacionales\/Internacionales\"],\"inLanguage\":\"es-AR\"},{\"@type\":\"WebPage\",\"@id\":\"https:\/\/apuntesdesanluis.com\/index.php\/2025\/03\/06\/agradezco-de-todo-corazon-las-oraciones-dios-los-bendiga-expreso-el-papa-francisco\/\",\"url\":\"https:\/\/apuntesdesanluis.com\/index.php\/2025\/03\/06\/agradezco-de-todo-corazon-las-oraciones-dios-los-bendiga-expreso-el-papa-francisco\/\",\"name\":\"\\\"AGRADEZCO DE TODO CORAZ\u00d3N LAS ORACIONES, DIOS LOS BENDIGA\\\", EXPRES\u00d3 EL PAPA FRANCISCO - Apuntes de San Luis\",\"isPartOf\":{\"@id\":\"https:\/\/apuntesdesanluis.com\/#website\"},\"primaryImageOfPage\":{\"@id\":\"https:\/\/apuntesdesanluis.com\/index.php\/2025\/03\/06\/agradezco-de-todo-corazon-las-oraciones-dios-los-bendiga-expreso-el-papa-francisco\/#primaryimage\"},\"image\":{\"@id\":\"https:\/\/apuntesdesanluis.com\/index.php\/2025\/03\/06\/agradezco-de-todo-corazon-las-oraciones-dios-los-bendiga-expreso-el-papa-francisco\/#primaryimage\"},\"thumbnailUrl\":\"https:\/\/apuntesdesanluis.com\/wp-content\/uploads\/2025\/03\/FRANCISCO-DESDE-EL-HOSPITAL.png\",\"datePublished\":\"2025-03-07T02:23:54+00:00\",\"dateModified\":\"2025-03-07T02:24:19+00:00\",\"breadcrumb\":{\"@id\":\"https:\/\/apuntesdesanluis.com\/index.php\/2025\/03\/06\/agradezco-de-todo-corazon-las-oraciones-dios-los-bendiga-expreso-el-papa-francisco\/#breadcrumb\"},\"inLanguage\":\"es-AR\",\"potentialAction\":[{\"@type\":\"ReadAction\",\"target\":[\"https:\/\/apuntesdesanluis.com\/index.php\/2025\/03\/06\/agradezco-de-todo-corazon-las-oraciones-dios-los-bendiga-expreso-el-papa-francisco\/\"]}]},{\"@type\":\"ImageObject\",\"inLanguage\":\"es-AR\",\"@id\":\"https:\/\/apuntesdesanluis.com\/index.php\/2025\/03\/06\/agradezco-de-todo-corazon-las-oraciones-dios-los-bendiga-expreso-el-papa-francisco\/#primaryimage\",\"url\":\"https:\/\/apuntesdesanluis.com\/wp-content\/uploads\/2025\/03\/FRANCISCO-DESDE-EL-HOSPITAL.png\",\"contentUrl\":\"https:\/\/apuntesdesanluis.com\/wp-content\/uploads\/2025\/03\/FRANCISCO-DESDE-EL-HOSPITAL.png\",\"width\":765,\"height\":519},{\"@type\":\"BreadcrumbList\",\"@id\":\"https:\/\/apuntesdesanluis.com\/index.php\/2025\/03\/06\/agradezco-de-todo-corazon-las-oraciones-dios-los-bendiga-expreso-el-papa-francisco\/#breadcrumb\",\"itemListElement\":[{\"@type\":\"ListItem\",\"position\":1,\"name\":\"Inicio\",\"item\":\"https:\/\/apuntesdesanluis.com\/\"},{\"@type\":\"ListItem\",\"position\":2,\"name\":\"&#8220;AGRADEZCO DE TODO CORAZ\u00d3N LAS ORACIONES, DIOS LOS BENDIGA&#8221;, EXPRES\u00d3 EL PAPA FRANCISCO\"}]},{\"@type\":\"WebSite\",\"@id\":\"https:\/\/apuntesdesanluis.com\/#website\",\"url\":\"https:\/\/apuntesdesanluis.com\/\",\"name\":\"Apuntes de San Luis\",\"description\":\"\",\"publisher\":{\"@id\":\"https:\/\/apuntesdesanluis.com\/#\/schema\/person\/b55151d52296fcce64d1a72538a70b90\"},\"potentialAction\":[{\"@type\":\"SearchAction\",\"target\":{\"@type\":\"EntryPoint\",\"urlTemplate\":\"https:\/\/apuntesdesanluis.com\/?s={search_term_string}\"},\"query-input\":{\"@type\":\"PropertyValueSpecification\",\"valueRequired\":true,\"valueName\":\"search_term_string\"}}],\"inLanguage\":\"es-AR\"},{\"@type\":[\"Person\",\"Organization\"],\"@id\":\"https:\/\/apuntesdesanluis.com\/#\/schema\/person\/b55151d52296fcce64d1a72538a70b90\",\"name\":\"apuntesdesanluis.com\",\"image\":{\"@type\":\"ImageObject\",\"inLanguage\":\"es-AR\",\"@id\":\"https:\/\/apuntesdesanluis.com\/#\/schema\/person\/image\/\",\"url\":\"https:\/\/apuntesdesanluis.com\/wp-content\/uploads\/2023\/07\/cropped-apuntesdesanluis.png\",\"contentUrl\":\"https:\/\/apuntesdesanluis.com\/wp-content\/uploads\/2023\/07\/cropped-apuntesdesanluis.png\",\"width\":450,\"height\":112,\"caption\":\"apuntesdesanluis.com\"},\"logo\":{\"@id\":\"https:\/\/apuntesdesanluis.com\/#\/schema\/person\/image\/\"},\"sameAs\":[\"https:\/\/apuntesdesanluis.com\"],\"url\":\"https:\/\/apuntesdesanluis.com\/index.php\/author\/apuntesdesanluis-com\/\"}]}<\/script>\n<!-- \/ Yoast SEO plugin. -->","yoast_head_json":{"title":"\"AGRADEZCO DE TODO CORAZ\u00d3N LAS ORACIONES, DIOS LOS BENDIGA\", EXPRES\u00d3 EL PAPA FRANCISCO - Apuntes de San Luis","robots":{"index":"index","follow":"follow","max-snippet":"max-snippet:-1","max-image-preview":"max-image-preview:large","max-video-preview":"max-video-preview:-1"},"canonical":"https:\/\/apuntesdesanluis.com\/index.php\/2025\/03\/06\/agradezco-de-todo-corazon-las-oraciones-dios-los-bendiga-expreso-el-papa-francisco\/","og_locale":"es_ES","og_type":"article","og_title":"\"AGRADEZCO DE TODO CORAZ\u00d3N LAS ORACIONES, DIOS LOS BENDIGA\", EXPRES\u00d3 EL PAPA FRANCISCO - Apuntes de San Luis","og_description":"Pasadas las 21 horas, al comienzo del Rosario en la Plaza de San Pedro, se...","og_url":"https:\/\/apuntesdesanluis.com\/index.php\/2025\/03\/06\/agradezco-de-todo-corazon-las-oraciones-dios-los-bendiga-expreso-el-papa-francisco\/","og_site_name":"Apuntes de San Luis","article_published_time":"2025-03-07T02:23:54+00:00","article_modified_time":"2025-03-07T02:24:19+00:00","og_image":[{"width":765,"height":519,"url":"https:\/\/apuntesdesanluis.com\/wp-content\/uploads\/2025\/03\/FRANCISCO-DESDE-EL-HOSPITAL.png","type":"image\/png"}],"author":"apuntesdesanluis.com","twitter_card":"summary_large_image","twitter_misc":{"Escrito por":"apuntesdesanluis.com","Tiempo de lectura":"2 minutos"},"schema":{"@context":"https:\/\/schema.org","@graph":[{"@type":"Article","@id":"https:\/\/apuntesdesanluis.com\/index.php\/2025\/03\/06\/agradezco-de-todo-corazon-las-oraciones-dios-los-bendiga-expreso-el-papa-francisco\/#article","isPartOf":{"@id":"https:\/\/apuntesdesanluis.com\/index.php\/2025\/03\/06\/agradezco-de-todo-corazon-las-oraciones-dios-los-bendiga-expreso-el-papa-francisco\/"},"author":{"name":"apuntesdesanluis.com","@id":"https:\/\/apuntesdesanluis.com\/#\/schema\/person\/b55151d52296fcce64d1a72538a70b90"},"headline":"&#8220;AGRADEZCO DE TODO CORAZ\u00d3N LAS ORACIONES, DIOS LOS BENDIGA&#8221;, EXPRES\u00d3 EL PAPA FRANCISCO","datePublished":"2025-03-07T02:23:54+00:00","dateModified":"2025-03-07T02:24:19+00:00","mainEntityOfPage":{"@id":"https:\/\/apuntesdesanluis.com\/index.php\/2025\/03\/06\/agradezco-de-todo-corazon-las-oraciones-dios-los-bendiga-expreso-el-papa-francisco\/"},"wordCount":252,"publisher":{"@id":"https:\/\/apuntesdesanluis.com\/#\/schema\/person\/b55151d52296fcce64d1a72538a70b90"},"image":{"@id":"https:\/\/apuntesdesanluis.com\/index.php\/2025\/03\/06\/agradezco-de-todo-corazon-las-oraciones-dios-los-bendiga-expreso-el-papa-francisco\/#primaryimage"},"thumbnailUrl":"https:\/\/apuntesdesanluis.com\/wp-content\/uploads\/2025\/03\/FRANCISCO-DESDE-EL-HOSPITAL.png","articleSection":["Nacionales\/Internacionales"],"inLanguage":"es-AR"},{"@type":"WebPage","@id":"https:\/\/apuntesdesanluis.com\/index.php\/2025\/03\/06\/agradezco-de-todo-corazon-las-oraciones-dios-los-bendiga-expreso-el-papa-francisco\/","url":"https:\/\/apuntesdesanluis.com\/index.php\/2025\/03\/06\/agradezco-de-todo-corazon-las-oraciones-dios-los-bendiga-expreso-el-papa-francisco\/","name":"\"AGRADEZCO DE TODO CORAZ\u00d3N LAS ORACIONES, DIOS LOS BENDIGA\", EXPRES\u00d3 EL PAPA FRANCISCO - Apuntes de San Luis","isPartOf":{"@id":"https:\/\/apuntesdesanluis.com\/#website"},"primaryImageOfPage":{"@id":"https:\/\/apuntesdesanluis.com\/index.php\/2025\/03\/06\/agradezco-de-todo-corazon-las-oraciones-dios-los-bendiga-expreso-el-papa-francisco\/#primaryimage"},"image":{"@id":"https:\/\/apuntesdesanluis.com\/index.php\/2025\/03\/06\/agradezco-de-todo-corazon-las-oraciones-dios-los-bendiga-expreso-el-papa-francisco\/#primaryimage"},"thumbnailUrl":"https:\/\/apuntesdesanluis.com\/wp-content\/uploads\/2025\/03\/FRANCISCO-DESDE-EL-HOSPITAL.png","datePublished":"2025-03-07T02:23:54+00:00","dateModified":"2025-03-07T02:24:19+00:00","breadcrumb":{"@id":"https:\/\/apuntesdesanluis.com\/index.php\/2025\/03\/06\/agradezco-de-todo-corazon-las-oraciones-dios-los-bendiga-expreso-el-papa-francisco\/#breadcrumb"},"inLanguage":"es-AR","potentialAction":[{"@type":"ReadAction","target":["https:\/\/apuntesdesanluis.com\/index.php\/2025\/03\/06\/agradezco-de-todo-corazon-las-oraciones-dios-los-bendiga-expreso-el-papa-francisco\/"]}]},{"@type":"ImageObject","inLanguage":"es-AR","@id":"https:\/\/apuntesdesanluis.com\/index.php\/2025\/03\/06\/agradezco-de-todo-corazon-las-oraciones-dios-los-bendiga-expreso-el-papa-francisco\/#primaryimage","url":"https:\/\/apuntesdesanluis.com\/wp-content\/uploads\/2025\/03\/FRANCISCO-DESDE-EL-HOSPITAL.png","contentUrl":"https:\/\/apuntesdesanluis.com\/wp-content\/uploads\/2025\/03\/FRANCISCO-DESDE-EL-HOSPITAL.png","width":765,"height":519},{"@type":"BreadcrumbList","@id":"https:\/\/apuntesdesanluis.com\/index.php\/2025\/03\/06\/agradezco-de-todo-corazon-las-oraciones-dios-los-bendiga-expreso-el-papa-francisco\/#breadcrumb","itemListElement":[{"@type":"ListItem","position":1,"name":"Inicio","item":"https:\/\/apuntesdesanluis.com\/"},{"@type":"ListItem","position":2,"name":"&#8220;AGRADEZCO DE TODO CORAZ\u00d3N LAS ORACIONES, DIOS LOS BENDIGA&#8221;, EXPRES\u00d3 EL PAPA FRANCISCO"}]},{"@type":"WebSite","@id":"https:\/\/apuntesdesanluis.com\/#website","url":"https:\/\/apuntesdesanluis.com\/","name":"Apuntes de San Luis","description":"","publisher":{"@id":"https:\/\/apuntesdesanluis.com\/#\/schema\/person\/b55151d52296fcce64d1a72538a70b90"},"potentialAction":[{"@type":"SearchAction","target":{"@type":"EntryPoint","urlTemplate":"https:\/\/apuntesdesanluis.com\/?s={search_term_string}"},"query-input":{"@type":"PropertyValueSpecification","valueRequired":true,"valueName":"search_term_string"}}],"inLanguage":"es-AR"},{"@type":["Person","Organization"],"@id":"https:\/\/apuntesdesanluis.com\/#\/schema\/person\/b55151d52296fcce64d1a72538a70b90","name":"apuntesdesanluis.com","image":{"@type":"ImageObject","inLanguage":"es-AR","@id":"https:\/\/apuntesdesanluis.com\/#\/schema\/person\/image\/","url":"https:\/\/apuntesdesanluis.com\/wp-content\/uploads\/2023\/07\/cropped-apuntesdesanluis.png","contentUrl":"https:\/\/apuntesdesanluis.com\/wp-content\/uploads\/2023\/07\/cropped-apuntesdesanluis.png","width":450,"height":112,"caption":"apuntesdesanluis.com"},"logo":{"@id":"https:\/\/apuntesdesanluis.com\/#\/schema\/person\/image\/"},"sameAs":["https:\/\/apuntesdesanluis.com"],"url":"https:\/\/apuntesdesanluis.com\/index.php\/author\/apuntesdesanluis-com\/"}]}},"featured_image_urls":{"full":["https:\/\/apuntesdesanluis.com\/wp-content\/uploads\/2025\/03\/FRANCISCO-DESDE-EL-HOSPITAL.png",765,519,false],"thumbnail":["https:\/\/apuntesdesanluis.com\/wp-content\/uploads\/2025\/03\/FRANCISCO-DESDE-EL-HOSPITAL-150x150.png",150,150,true],"medium":["https:\/\/apuntesdesanluis.com\/wp-content\/uploads\/2025\/03\/FRANCISCO-DESDE-EL-HOSPITAL-300x204.png",300,204,true],"medium_large":["https:\/\/apuntesdesanluis.com\/wp-content\/uploads\/2025\/03\/FRANCISCO-DESDE-EL-HOSPITAL.png",640,434,false],"large":["https:\/\/apuntesdesanluis.com\/wp-content\/uploads\/2025\/03\/FRANCISCO-DESDE-EL-HOSPITAL.png",640,434,false],"1536x1536":["https:\/\/apuntesdesanluis.com\/wp-content\/uploads\/2025\/03\/FRANCISCO-DESDE-EL-HOSPITAL.png",765,519,false],"2048x2048":["https:\/\/apuntesdesanluis.com\/wp-content\/uploads\/2025\/03\/FRANCISCO-DESDE-EL-HOSPITAL.png",765,519,false],"newsever-slider-full":["https:\/\/apuntesdesanluis.com\/wp-content\/uploads\/2025\/03\/FRANCISCO-DESDE-EL-HOSPITAL.png",765,519,false],"newsever-featured":["https:\/\/apuntesdesanluis.com\/wp-content\/uploads\/2025\/03\/FRANCISCO-DESDE-EL-HOSPITAL.png",765,519,false],"newsever-medium":["https:\/\/apuntesdesanluis.com\/wp-content\/uploads\/2025\/03\/FRANCISCO-DESDE-EL-HOSPITAL-720x475.png",720,475,true]},"author_info":{"display_name":"apuntesdesanluis.com","author_link":"https:\/\/apuntesdesanluis.com\/index.php\/author\/apuntesdesanluis-com\/"},"category_info":"<a href=\"https:\/\/apuntesdesanluis.com\/index.php\/category\/nacionales-internacionales\/\" rel=\"category tag\">Nacionales\/Internacionales<\/a>","tag_info":"Nacionales\/Internacionales","comment_count":"0","_links":{"self":[{"href":"https:\/\/apuntesdesanluis.com\/index.php\/wp-json\/wp\/v2\/posts\/30127","targetHints":{"allow":["GET"]}}],"collection":[{"href":"https:\/\/apuntesdesanluis.com\/index.php\/wp-json\/wp\/v2\/posts"}],"about":[{"href":"https:\/\/apuntesdesanluis.com\/index.php\/wp-json\/wp\/v2\/types\/post"}],"author":[{"embeddable":true,"href":"https:\/\/apuntesdesanluis.com\/index.php\/wp-json\/wp\/v2\/users\/1"}],"replies":[{"embeddable":true,"href":"https:\/\/apuntesdesanluis.com\/index.php\/wp-json\/wp\/v2\/comments?post=30127"}],"version-history":[{"count":2,"href":"https:\/\/apuntesdesanluis.com\/index.php\/wp-json\/wp\/v2\/posts\/30127\/revisions"}],"predecessor-version":[{"id":30130,"href":"https:\/\/apuntesdesanluis.com\/index.php\/wp-json\/wp\/v2\/posts\/30127\/revisions\/30130"}],"wp:featuredmedia":[{"embeddable":true,"href":"https:\/\/apuntesdesanluis.com\/index.php\/wp-json\/wp\/v2\/media\/30128"}],"wp:attachment":[{"href":"https:\/\/apuntesdesanluis.com\/index.php\/wp-json\/wp\/v2\/media?parent=30127"}],"wp:term":[{"taxonomy":"category","embeddable":true,"href":"https:\/\/apuntesdesanluis.com\/index.php\/wp-json\/wp\/v2\/categories?post=30127"},{"taxonomy":"post_tag","embeddable":true,"href":"https:\/\/apuntesdesanluis.com\/index.php\/wp-json\/wp\/v2\/tags?post=30127"}],"curies":[{"name":"wp","href":"https:\/\/api.w.org\/{rel}","templated":true}]}}