{"id":30131,"date":"2025-03-06T23:37:34","date_gmt":"2025-03-07T02:37:34","guid":{"rendered":"https:\/\/apuntesdesanluis.com\/?p=30131"},"modified":"2025-03-06T23:39:51","modified_gmt":"2025-03-07T02:39:51","slug":"provincia-y-municipio-invertiran-mas-de-450-millones-en-merlo","status":"publish","type":"post","link":"https:\/\/apuntesdesanluis.com\/index.php\/2025\/03\/06\/provincia-y-municipio-invertiran-mas-de-450-millones-en-merlo\/","title":{"rendered":"PROVINCIA Y MUNICIPIO INVERTIR\u00c1N M\u00c1S DE 450 MILLONES EN MERLO"},"content":{"rendered":"<h3>El secretario de Hacienda, <strong>Bruno Mini<\/strong>, present\u00f3 las obras que se llevar\u00e1n a cabo en conjunto con la provincia dentro del programa <strong>&#8220;Construyendo tu Pueblo&#8221;<\/strong>, que incluye la construcci\u00f3n de cordones, veredas, bicisendas y ba\u00f1os p\u00fablicos. Estas mejoras buscan optimizar la movilidad, la calidad de vida y el acceso a los espacios p\u00fablicos en la Villa de Merlo, garantizando un tr\u00e1nsito m\u00e1s seguro y un desarrollo urbano sostenible.<\/h3>\n<h3>Con una <strong>inversi\u00f3n total de 456 millones de pesos<\/strong>, el programa \u201cConstruyendo tu Pueblo\u201d, financiado en partes iguales por el municipio y el gobierno provincial, ejecutar\u00e1 tres obras clave para la comunidad. Estas incluyen la <strong>construcci\u00f3n de nuevos ba\u00f1os p\u00fablicos, el reacondicionamiento de la bicisenda, y la optimizaci\u00f3n del cord\u00f3n cuneta,<\/strong> que contribuir\u00e1 a mejorar el drenaje pluvial y resolver problemas estructurales en diversas zonas de la ciudad.<\/h3>\n<h3>El jefe de Gabinete y secretario de Hacienda, Bruno Mini, junto a la Secretar\u00eda de Hacienda, lideran la planificaci\u00f3n de este proyecto tomando como referencia el modelo provincial. Tras la creaci\u00f3n del \u00e1rea de Fiscalizaci\u00f3n, cuyos resultados han sido positivos, se est\u00e1 conformando una Direcci\u00f3n de Obra (nombre sujeto a modificaci\u00f3n), que trabajar\u00e1 en conjunto con Ordenamiento Territorial y el \u00c1rea de Servicios P\u00fablicos.<\/h3>\n<h3>Este nuevo esquema permitir\u00e1 organizar y planificar las obras con una visi\u00f3n estrat\u00e9gica, priorizando la optimizaci\u00f3n de los recursos financieros. La experiencia adquirida con la ejecuci\u00f3n de proyectos como la Plaza Sobremonte y el Mercado Merlino de Productores demuestra que, mediante ciertas estrategias, es posible llevar adelante diversas iniciativas con fondos propios. En este contexto, programas como Construyendo tu Pueblo representan una oportunidad clave para potenciar el desarrollo urbano.<\/h3>\n<h3>Obras Destacadas:<strong>\u00a0<\/strong><\/h3>\n<h3><strong>1.- Bicisenda:<\/strong> Con una inversi\u00f3n estimada en 120 millones de pesos. La obra abarca la creaci\u00f3n de nuevos tramos y la reparaci\u00f3n de sectores deteriorados, hasta la optimizaci\u00f3n de la infraestructura existente. La bicisenda se extender\u00e1 desde Piedra Blanca Arriba hasta Carpinter\u00eda, generando un corredor norte-sur paralelo a la ruta, atravesando la Avenida Dos Venados, Avenida del Sol y Pepe Mercado hasta la F\u00e1brica Sonne (Esquina Carlos Gardel). Esta obra no solo mejorar\u00e1 la conectividad entre estas localidades, sino que tambi\u00e9n contribuir\u00e1 a reducir el tr\u00e1fico vehicular y la contaminaci\u00f3n ambiental, promoviendo una movilidad m\u00e1s sostenible.<\/h3>\n<h3><strong>2.- Veredas y Desag\u00fces:<\/strong> Con una inversi\u00f3n aproximadamente 240 millones de pesos, la obra se centrar\u00e1 en la mejora de veredas, cordones, cunetas, badenes y desag\u00fces en ciertas zonas identificadas como de alta movilidad peatonal. Este plan tiene como objetivo resolver problemas estructurales y mejorar la accesibilidad en \u00e1reas clave como el casco c\u00e9ntrico, Avenida del Sol, Avenida Los Almendros hasta Av. del Deporte y el corredor peatonal que conecta varios barrios hist\u00f3ricos. Muchas de las veredas presentan diferencias de nivel significativas, lo que requerir\u00e1 la construcci\u00f3n de peque\u00f1as escaleras o rampas para facilitar el tr\u00e1nsito. Adem\u00e1s, se buscar\u00e1 crear un flujo continuo y seguro entre las veredas.<\/h3>\n<h3>Asimismo, se llevar\u00e1 a cabo la mejora del drenaje pluvial. Esta obra tiene como objetivo optimizar el flujo de aguas pluviales para evitar que el agua cause da\u00f1o a las calles y espacios p\u00fablicos, previniendo la erosi\u00f3n y la entrada de agua a terrenos privados. La correcta canalizaci\u00f3n de las aguas de lluvia permitir\u00e1 que las calles se mantengan en buen estado y reducir\u00e1 los problemas que genera la acumulaci\u00f3n de agua en diferentes zonas de la ciudad.<\/h3>\n<h3>Este esfuerzo no solo mejorar\u00e1 la seguridad de los peatones, sino que tambi\u00e9n embellecer\u00e1 las zonas urbanas, generando un espacio m\u00e1s armonioso y funcional. Adem\u00e1s, se plantear\u00e1 una colaboraci\u00f3n con los propietarios de los locales, viviendas o terrenos que se encuentran frente a las nuevas veredas, buscando llegar a un acuerdo para facilitar su colaboraci\u00f3n en el embellecimiento de las veredas, como la plantaci\u00f3n de \u00e1rboles, entre otras acciones. Sin embargo, este mecanismo a\u00fan se encuentra en estudio.<strong>\u00a0<\/strong><\/h3>\n<h3><strong>3.- Ba\u00f1os P\u00fablicos: <\/strong>El proyecto contempla la construcci\u00f3n de tres bloques de ba\u00f1os p\u00fablicos de 30 m\u00b2 cada uno, con instalaciones para hombres, mujeres, personas con discapacidad y cambiadores para ni\u00f1os, cumpliendo con todas las normativas p\u00fablicas y asegurando la accesibilidad para todos los ciudadanos. Se instalar\u00e1 una bater\u00eda de ba\u00f1os en el Museo Palmira Scrosoppi, lo que permitir\u00e1 ampliar los servicios en la zona y mejorar la infraestructura existente.<\/h3>\n<h3><strong>4.- Museo Regional Lolma:<\/strong> en este caso, se construir\u00e1 una bater\u00eda de ba\u00f1os en el nuevo espacio adquirido recientemente, ubicado hacia el oeste del museo. Esta ampliaci\u00f3n duplicar\u00e1 la superficie del patio del museo, creando un espacio \u00fanico que se convertir\u00e1 en un lugar para eventos culturales y asociaciones, promoviendo las tradiciones locales.<\/h3>\n<h3><strong>5.- Plaza Arcoiris &#8211; Cerro de Oro:<\/strong> se construir\u00e1 una nueva bater\u00eda de ba\u00f1os p\u00fablicos para satisfacer la creciente demanda de los usuarios. Este proyecto tambi\u00e9n responde a una antigua ordenanza que establec\u00eda la construcci\u00f3n de ba\u00f1os p\u00fablicos en la zona y se completa con la mejora integral de la plaza.<\/h3>\n<h3><strong>6.-<\/strong> En cuanto a los ba\u00f1os de la <strong>Casa del Bicentenario,<\/strong> se realizar\u00e1 un acondicionamiento que generar\u00e1 un acceso lateral para que los ba\u00f1os est\u00e9n disponibles para el p\u00fablico en todo momento, incluso cuando el edificio est\u00e9 cerrado. Esto permitir\u00e1 a los visitantes acceder a los ba\u00f1os sin necesidad de ingresar al edificio principal, asegurando su funcionalidad durante todo el a\u00f1o, especialmente para quienes participan de visitas guiadas al arroyo y actividades programadas.<strong>\u00a0<\/strong><\/h3>\n<h3><strong>GESTI\u00d3N Y EJECUCI\u00d3N<\/strong><\/h3>\n<h3>Todas las obras ser\u00e1n gestionadas directamente por el municipio, con la direcci\u00f3n t\u00e9cnica a cargo del ingeniero <strong>Juan Cruz Lucero<\/strong>, la administraci\u00f3n de <strong>Dami\u00e1n Torres<\/strong> y la responsabilidad financiera de <strong>Bruno Mini<\/strong>. Para optimizar los recursos y garantizar la eficiencia en la ejecuci\u00f3n, se trabajar\u00e1 con cuadrillas municipales y, en casos espec\u00edficos, con la contrataci\u00f3n de mano de obra especializada para tareas puntuales.<\/h3>\n<h3>El programa \u201cConstruyendo tu Pueblo\u201d permitir\u00e1 avanzar con los proyectos sin comprometer las arcas municipales, asegurando que cada obra se lleve a cabo con un control financiero y log\u00edstico adecuado. Estas iniciativas reflejan el compromiso del municipio con el desarrollo urbano y la mejora de la calidad de vida de sus habitantes, con una planificaci\u00f3n estrat\u00e9gica que marca un antes y un despu\u00e9s en la infraestructura de la ciudad, promoviendo un crecimiento ordenado y beneficioso para toda la comunidad.<\/h3>\n<p>&nbsp;<\/p>\n<p>&nbsp;<\/p>\n<p>&nbsp;<\/p>\n<h3><\/h3>\n<h3><\/h3>\n<h3><\/h3>\n<p>&nbsp;<\/p>\n<p>&nbsp;<\/p>\n<p>&nbsp;<\/p>\n","protected":false},"excerpt":{"rendered":"<p>El secretario de Hacienda, Bruno Mini, present\u00f3 las obras que se llevar\u00e1n a cabo en&#8230;<\/p>\n","protected":false},"author":1,"featured_media":28020,"comment_status":"closed","ping_status":"closed","sticky":false,"template":"","format":"standard","meta":{"footnotes":""},"categories":[6],"tags":[],"class_list":["post-30131","post","type-post","status-publish","format-standard","has-post-thumbnail","hentry","category-ciudad-provincia"],"yoast_head":"<!-- This site is optimized with the Yoast SEO plugin v26.1.1 - https:\/\/yoast.com\/wordpress\/plugins\/seo\/ -->\n<title>PROVINCIA Y MUNICIPIO INVERTIR\u00c1N M\u00c1S DE 450 MILLONES EN MERLO - Apuntes de San Luis<\/title>\n<meta name=\"robots\" content=\"index, follow, max-snippet:-1, max-image-preview:large, max-video-preview:-1\" \/>\n<link rel=\"canonical\" href=\"https:\/\/apuntesdesanluis.com\/index.php\/2025\/03\/06\/provincia-y-municipio-invertiran-mas-de-450-millones-en-merlo\/\" \/>\n<meta property=\"og:locale\" content=\"es_ES\" \/>\n<meta property=\"og:type\" content=\"article\" \/>\n<meta property=\"og:title\" content=\"PROVINCIA Y MUNICIPIO INVERTIR\u00c1N M\u00c1S DE 450 MILLONES EN MERLO - Apuntes de San Luis\" \/>\n<meta property=\"og:description\" content=\"El secretario de Hacienda, Bruno Mini, present\u00f3 las obras que se llevar\u00e1n a cabo en...\" \/>\n<meta property=\"og:url\" content=\"https:\/\/apuntesdesanluis.com\/index.php\/2025\/03\/06\/provincia-y-municipio-invertiran-mas-de-450-millones-en-merlo\/\" \/>\n<meta property=\"og:site_name\" content=\"Apuntes de San Luis\" \/>\n<meta property=\"article:published_time\" content=\"2025-03-07T02:37:34+00:00\" \/>\n<meta property=\"article:modified_time\" content=\"2025-03-07T02:39:51+00:00\" \/>\n<meta property=\"og:image\" content=\"https:\/\/apuntesdesanluis.com\/wp-content\/uploads\/2025\/01\/munic.-de-merlo.jpg\" \/>\n\t<meta property=\"og:image:width\" content=\"649\" \/>\n\t<meta property=\"og:image:height\" content=\"356\" \/>\n\t<meta property=\"og:image:type\" content=\"image\/jpeg\" \/>\n<meta name=\"author\" content=\"apuntesdesanluis.com\" \/>\n<meta name=\"twitter:card\" content=\"summary_large_image\" \/>\n<meta name=\"twitter:label1\" content=\"Escrito por\" \/>\n\t<meta name=\"twitter:data1\" content=\"apuntesdesanluis.com\" \/>\n\t<meta name=\"twitter:label2\" content=\"Tiempo de lectura\" \/>\n\t<meta name=\"twitter:data2\" content=\"5 minutos\" \/>\n<script type=\"application\/ld+json\" class=\"yoast-schema-graph\">{\"@context\":\"https:\/\/schema.org\",\"@graph\":[{\"@type\":\"Article\",\"@id\":\"https:\/\/apuntesdesanluis.com\/index.php\/2025\/03\/06\/provincia-y-municipio-invertiran-mas-de-450-millones-en-merlo\/#article\",\"isPartOf\":{\"@id\":\"https:\/\/apuntesdesanluis.com\/index.php\/2025\/03\/06\/provincia-y-municipio-invertiran-mas-de-450-millones-en-merlo\/\"},\"author\":{\"name\":\"apuntesdesanluis.com\",\"@id\":\"https:\/\/apuntesdesanluis.com\/#\/schema\/person\/b55151d52296fcce64d1a72538a70b90\"},\"headline\":\"PROVINCIA Y MUNICIPIO INVERTIR\u00c1N M\u00c1S DE 450 MILLONES EN MERLO\",\"datePublished\":\"2025-03-07T02:37:34+00:00\",\"dateModified\":\"2025-03-07T02:39:51+00:00\",\"mainEntityOfPage\":{\"@id\":\"https:\/\/apuntesdesanluis.com\/index.php\/2025\/03\/06\/provincia-y-municipio-invertiran-mas-de-450-millones-en-merlo\/\"},\"wordCount\":1131,\"publisher\":{\"@id\":\"https:\/\/apuntesdesanluis.com\/#\/schema\/person\/b55151d52296fcce64d1a72538a70b90\"},\"image\":{\"@id\":\"https:\/\/apuntesdesanluis.com\/index.php\/2025\/03\/06\/provincia-y-municipio-invertiran-mas-de-450-millones-en-merlo\/#primaryimage\"},\"thumbnailUrl\":\"https:\/\/apuntesdesanluis.com\/wp-content\/uploads\/2025\/01\/munic.-de-merlo.jpg\",\"articleSection\":[\"Ciudad\/Provincia\"],\"inLanguage\":\"es-AR\"},{\"@type\":\"WebPage\",\"@id\":\"https:\/\/apuntesdesanluis.com\/index.php\/2025\/03\/06\/provincia-y-municipio-invertiran-mas-de-450-millones-en-merlo\/\",\"url\":\"https:\/\/apuntesdesanluis.com\/index.php\/2025\/03\/06\/provincia-y-municipio-invertiran-mas-de-450-millones-en-merlo\/\",\"name\":\"PROVINCIA Y MUNICIPIO INVERTIR\u00c1N M\u00c1S DE 450 MILLONES EN MERLO - Apuntes de San Luis\",\"isPartOf\":{\"@id\":\"https:\/\/apuntesdesanluis.com\/#website\"},\"primaryImageOfPage\":{\"@id\":\"https:\/\/apuntesdesanluis.com\/index.php\/2025\/03\/06\/provincia-y-municipio-invertiran-mas-de-450-millones-en-merlo\/#primaryimage\"},\"image\":{\"@id\":\"https:\/\/apuntesdesanluis.com\/index.php\/2025\/03\/06\/provincia-y-municipio-invertiran-mas-de-450-millones-en-merlo\/#primaryimage\"},\"thumbnailUrl\":\"https:\/\/apuntesdesanluis.com\/wp-content\/uploads\/2025\/01\/munic.-de-merlo.jpg\",\"datePublished\":\"2025-03-07T02:37:34+00:00\",\"dateModified\":\"2025-03-07T02:39:51+00:00\",\"breadcrumb\":{\"@id\":\"https:\/\/apuntesdesanluis.com\/index.php\/2025\/03\/06\/provincia-y-municipio-invertiran-mas-de-450-millones-en-merlo\/#breadcrumb\"},\"inLanguage\":\"es-AR\",\"potentialAction\":[{\"@type\":\"ReadAction\",\"target\":[\"https:\/\/apuntesdesanluis.com\/index.php\/2025\/03\/06\/provincia-y-municipio-invertiran-mas-de-450-millones-en-merlo\/\"]}]},{\"@type\":\"ImageObject\",\"inLanguage\":\"es-AR\",\"@id\":\"https:\/\/apuntesdesanluis.com\/index.php\/2025\/03\/06\/provincia-y-municipio-invertiran-mas-de-450-millones-en-merlo\/#primaryimage\",\"url\":\"https:\/\/apuntesdesanluis.com\/wp-content\/uploads\/2025\/01\/munic.-de-merlo.jpg\",\"contentUrl\":\"https:\/\/apuntesdesanluis.com\/wp-content\/uploads\/2025\/01\/munic.-de-merlo.jpg\",\"width\":649,\"height\":356},{\"@type\":\"BreadcrumbList\",\"@id\":\"https:\/\/apuntesdesanluis.com\/index.php\/2025\/03\/06\/provincia-y-municipio-invertiran-mas-de-450-millones-en-merlo\/#breadcrumb\",\"itemListElement\":[{\"@type\":\"ListItem\",\"position\":1,\"name\":\"Inicio\",\"item\":\"https:\/\/apuntesdesanluis.com\/\"},{\"@type\":\"ListItem\",\"position\":2,\"name\":\"PROVINCIA Y MUNICIPIO INVERTIR\u00c1N M\u00c1S DE 450 MILLONES EN MERLO\"}]},{\"@type\":\"WebSite\",\"@id\":\"https:\/\/apuntesdesanluis.com\/#website\",\"url\":\"https:\/\/apuntesdesanluis.com\/\",\"name\":\"Apuntes de San Luis\",\"description\":\"\",\"publisher\":{\"@id\":\"https:\/\/apuntesdesanluis.com\/#\/schema\/person\/b55151d52296fcce64d1a72538a70b90\"},\"potentialAction\":[{\"@type\":\"SearchAction\",\"target\":{\"@type\":\"EntryPoint\",\"urlTemplate\":\"https:\/\/apuntesdesanluis.com\/?s={search_term_string}\"},\"query-input\":{\"@type\":\"PropertyValueSpecification\",\"valueRequired\":true,\"valueName\":\"search_term_string\"}}],\"inLanguage\":\"es-AR\"},{\"@type\":[\"Person\",\"Organization\"],\"@id\":\"https:\/\/apuntesdesanluis.com\/#\/schema\/person\/b55151d52296fcce64d1a72538a70b90\",\"name\":\"apuntesdesanluis.com\",\"image\":{\"@type\":\"ImageObject\",\"inLanguage\":\"es-AR\",\"@id\":\"https:\/\/apuntesdesanluis.com\/#\/schema\/person\/image\/\",\"url\":\"https:\/\/apuntesdesanluis.com\/wp-content\/uploads\/2023\/07\/cropped-apuntesdesanluis.png\",\"contentUrl\":\"https:\/\/apuntesdesanluis.com\/wp-content\/uploads\/2023\/07\/cropped-apuntesdesanluis.png\",\"width\":450,\"height\":112,\"caption\":\"apuntesdesanluis.com\"},\"logo\":{\"@id\":\"https:\/\/apuntesdesanluis.com\/#\/schema\/person\/image\/\"},\"sameAs\":[\"https:\/\/apuntesdesanluis.com\"],\"url\":\"https:\/\/apuntesdesanluis.com\/index.php\/author\/apuntesdesanluis-com\/\"}]}<\/script>\n<!-- \/ Yoast SEO plugin. -->","yoast_head_json":{"title":"PROVINCIA Y MUNICIPIO INVERTIR\u00c1N M\u00c1S DE 450 MILLONES EN MERLO - Apuntes de San Luis","robots":{"index":"index","follow":"follow","max-snippet":"max-snippet:-1","max-image-preview":"max-image-preview:large","max-video-preview":"max-video-preview:-1"},"canonical":"https:\/\/apuntesdesanluis.com\/index.php\/2025\/03\/06\/provincia-y-municipio-invertiran-mas-de-450-millones-en-merlo\/","og_locale":"es_ES","og_type":"article","og_title":"PROVINCIA Y MUNICIPIO INVERTIR\u00c1N M\u00c1S DE 450 MILLONES EN MERLO - Apuntes de San Luis","og_description":"El secretario de Hacienda, Bruno Mini, present\u00f3 las obras que se llevar\u00e1n a cabo en...","og_url":"https:\/\/apuntesdesanluis.com\/index.php\/2025\/03\/06\/provincia-y-municipio-invertiran-mas-de-450-millones-en-merlo\/","og_site_name":"Apuntes de San Luis","article_published_time":"2025-03-07T02:37:34+00:00","article_modified_time":"2025-03-07T02:39:51+00:00","og_image":[{"width":649,"height":356,"url":"https:\/\/apuntesdesanluis.com\/wp-content\/uploads\/2025\/01\/munic.-de-merlo.jpg","type":"image\/jpeg"}],"author":"apuntesdesanluis.com","twitter_card":"summary_large_image","twitter_misc":{"Escrito por":"apuntesdesanluis.com","Tiempo de lectura":"5 minutos"},"schema":{"@context":"https:\/\/schema.org","@graph":[{"@type":"Article","@id":"https:\/\/apuntesdesanluis.com\/index.php\/2025\/03\/06\/provincia-y-municipio-invertiran-mas-de-450-millones-en-merlo\/#article","isPartOf":{"@id":"https:\/\/apuntesdesanluis.com\/index.php\/2025\/03\/06\/provincia-y-municipio-invertiran-mas-de-450-millones-en-merlo\/"},"author":{"name":"apuntesdesanluis.com","@id":"https:\/\/apuntesdesanluis.com\/#\/schema\/person\/b55151d52296fcce64d1a72538a70b90"},"headline":"PROVINCIA Y MUNICIPIO INVERTIR\u00c1N M\u00c1S DE 450 MILLONES EN MERLO","datePublished":"2025-03-07T02:37:34+00:00","dateModified":"2025-03-07T02:39:51+00:00","mainEntityOfPage":{"@id":"https:\/\/apuntesdesanluis.com\/index.php\/2025\/03\/06\/provincia-y-municipio-invertiran-mas-de-450-millones-en-merlo\/"},"wordCount":1131,"publisher":{"@id":"https:\/\/apuntesdesanluis.com\/#\/schema\/person\/b55151d52296fcce64d1a72538a70b90"},"image":{"@id":"https:\/\/apuntesdesanluis.com\/index.php\/2025\/03\/06\/provincia-y-municipio-invertiran-mas-de-450-millones-en-merlo\/#primaryimage"},"thumbnailUrl":"https:\/\/apuntesdesanluis.com\/wp-content\/uploads\/2025\/01\/munic.-de-merlo.jpg","articleSection":["Ciudad\/Provincia"],"inLanguage":"es-AR"},{"@type":"WebPage","@id":"https:\/\/apuntesdesanluis.com\/index.php\/2025\/03\/06\/provincia-y-municipio-invertiran-mas-de-450-millones-en-merlo\/","url":"https:\/\/apuntesdesanluis.com\/index.php\/2025\/03\/06\/provincia-y-municipio-invertiran-mas-de-450-millones-en-merlo\/","name":"PROVINCIA Y MUNICIPIO INVERTIR\u00c1N M\u00c1S DE 450 MILLONES EN MERLO - Apuntes de San Luis","isPartOf":{"@id":"https:\/\/apuntesdesanluis.com\/#website"},"primaryImageOfPage":{"@id":"https:\/\/apuntesdesanluis.com\/index.php\/2025\/03\/06\/provincia-y-municipio-invertiran-mas-de-450-millones-en-merlo\/#primaryimage"},"image":{"@id":"https:\/\/apuntesdesanluis.com\/index.php\/2025\/03\/06\/provincia-y-municipio-invertiran-mas-de-450-millones-en-merlo\/#primaryimage"},"thumbnailUrl":"https:\/\/apuntesdesanluis.com\/wp-content\/uploads\/2025\/01\/munic.-de-merlo.jpg","datePublished":"2025-03-07T02:37:34+00:00","dateModified":"2025-03-07T02:39:51+00:00","breadcrumb":{"@id":"https:\/\/apuntesdesanluis.com\/index.php\/2025\/03\/06\/provincia-y-municipio-invertiran-mas-de-450-millones-en-merlo\/#breadcrumb"},"inLanguage":"es-AR","potentialAction":[{"@type":"ReadAction","target":["https:\/\/apuntesdesanluis.com\/index.php\/2025\/03\/06\/provincia-y-municipio-invertiran-mas-de-450-millones-en-merlo\/"]}]},{"@type":"ImageObject","inLanguage":"es-AR","@id":"https:\/\/apuntesdesanluis.com\/index.php\/2025\/03\/06\/provincia-y-municipio-invertiran-mas-de-450-millones-en-merlo\/#primaryimage","url":"https:\/\/apuntesdesanluis.com\/wp-content\/uploads\/2025\/01\/munic.-de-merlo.jpg","contentUrl":"https:\/\/apuntesdesanluis.com\/wp-content\/uploads\/2025\/01\/munic.-de-merlo.jpg","width":649,"height":356},{"@type":"BreadcrumbList","@id":"https:\/\/apuntesdesanluis.com\/index.php\/2025\/03\/06\/provincia-y-municipio-invertiran-mas-de-450-millones-en-merlo\/#breadcrumb","itemListElement":[{"@type":"ListItem","position":1,"name":"Inicio","item":"https:\/\/apuntesdesanluis.com\/"},{"@type":"ListItem","position":2,"name":"PROVINCIA Y MUNICIPIO INVERTIR\u00c1N M\u00c1S DE 450 MILLONES EN MERLO"}]},{"@type":"WebSite","@id":"https:\/\/apuntesdesanluis.com\/#website","url":"https:\/\/apuntesdesanluis.com\/","name":"Apuntes de San Luis","description":"","publisher":{"@id":"https:\/\/apuntesdesanluis.com\/#\/schema\/person\/b55151d52296fcce64d1a72538a70b90"},"potentialAction":[{"@type":"SearchAction","target":{"@type":"EntryPoint","urlTemplate":"https:\/\/apuntesdesanluis.com\/?s={search_term_string}"},"query-input":{"@type":"PropertyValueSpecification","valueRequired":true,"valueName":"search_term_string"}}],"inLanguage":"es-AR"},{"@type":["Person","Organization"],"@id":"https:\/\/apuntesdesanluis.com\/#\/schema\/person\/b55151d52296fcce64d1a72538a70b90","name":"apuntesdesanluis.com","image":{"@type":"ImageObject","inLanguage":"es-AR","@id":"https:\/\/apuntesdesanluis.com\/#\/schema\/person\/image\/","url":"https:\/\/apuntesdesanluis.com\/wp-content\/uploads\/2023\/07\/cropped-apuntesdesanluis.png","contentUrl":"https:\/\/apuntesdesanluis.com\/wp-content\/uploads\/2023\/07\/cropped-apuntesdesanluis.png","width":450,"height":112,"caption":"apuntesdesanluis.com"},"logo":{"@id":"https:\/\/apuntesdesanluis.com\/#\/schema\/person\/image\/"},"sameAs":["https:\/\/apuntesdesanluis.com"],"url":"https:\/\/apuntesdesanluis.com\/index.php\/author\/apuntesdesanluis-com\/"}]}},"featured_image_urls":{"full":["https:\/\/apuntesdesanluis.com\/wp-content\/uploads\/2025\/01\/munic.-de-merlo.jpg",649,356,false],"thumbnail":["https:\/\/apuntesdesanluis.com\/wp-content\/uploads\/2025\/01\/munic.-de-merlo-150x150.jpg",150,150,true],"medium":["https:\/\/apuntesdesanluis.com\/wp-content\/uploads\/2025\/01\/munic.-de-merlo-300x165.jpg",300,165,true],"medium_large":["https:\/\/apuntesdesanluis.com\/wp-content\/uploads\/2025\/01\/munic.-de-merlo.jpg",640,351,false],"large":["https:\/\/apuntesdesanluis.com\/wp-content\/uploads\/2025\/01\/munic.-de-merlo.jpg",640,351,false],"1536x1536":["https:\/\/apuntesdesanluis.com\/wp-content\/uploads\/2025\/01\/munic.-de-merlo.jpg",649,356,false],"2048x2048":["https:\/\/apuntesdesanluis.com\/wp-content\/uploads\/2025\/01\/munic.-de-merlo.jpg",649,356,false],"newsever-slider-full":["https:\/\/apuntesdesanluis.com\/wp-content\/uploads\/2025\/01\/munic.-de-merlo.jpg",649,356,false],"newsever-featured":["https:\/\/apuntesdesanluis.com\/wp-content\/uploads\/2025\/01\/munic.-de-merlo.jpg",649,356,false],"newsever-medium":["https:\/\/apuntesdesanluis.com\/wp-content\/uploads\/2025\/01\/munic.-de-merlo.jpg",649,356,false]},"author_info":{"display_name":"apuntesdesanluis.com","author_link":"https:\/\/apuntesdesanluis.com\/index.php\/author\/apuntesdesanluis-com\/"},"category_info":"<a href=\"https:\/\/apuntesdesanluis.com\/index.php\/category\/ciudad-provincia\/\" rel=\"category tag\">Ciudad\/Provincia<\/a>","tag_info":"Ciudad\/Provincia","comment_count":"0","_links":{"self":[{"href":"https:\/\/apuntesdesanluis.com\/index.php\/wp-json\/wp\/v2\/posts\/30131","targetHints":{"allow":["GET"]}}],"collection":[{"href":"https:\/\/apuntesdesanluis.com\/index.php\/wp-json\/wp\/v2\/posts"}],"about":[{"href":"https:\/\/apuntesdesanluis.com\/index.php\/wp-json\/wp\/v2\/types\/post"}],"author":[{"embeddable":true,"href":"https:\/\/apuntesdesanluis.com\/index.php\/wp-json\/wp\/v2\/users\/1"}],"replies":[{"embeddable":true,"href":"https:\/\/apuntesdesanluis.com\/index.php\/wp-json\/wp\/v2\/comments?post=30131"}],"version-history":[{"count":5,"href":"https:\/\/apuntesdesanluis.com\/index.php\/wp-json\/wp\/v2\/posts\/30131\/revisions"}],"predecessor-version":[{"id":30136,"href":"https:\/\/apuntesdesanluis.com\/index.php\/wp-json\/wp\/v2\/posts\/30131\/revisions\/30136"}],"wp:featuredmedia":[{"embeddable":true,"href":"https:\/\/apuntesdesanluis.com\/index.php\/wp-json\/wp\/v2\/media\/28020"}],"wp:attachment":[{"href":"https:\/\/apuntesdesanluis.com\/index.php\/wp-json\/wp\/v2\/media?parent=30131"}],"wp:term":[{"taxonomy":"category","embeddable":true,"href":"https:\/\/apuntesdesanluis.com\/index.php\/wp-json\/wp\/v2\/categories?post=30131"},{"taxonomy":"post_tag","embeddable":true,"href":"https:\/\/apuntesdesanluis.com\/index.php\/wp-json\/wp\/v2\/tags?post=30131"}],"curies":[{"name":"wp","href":"https:\/\/api.w.org\/{rel}","templated":true}]}}