{"id":30163,"date":"2025-03-07T21:20:49","date_gmt":"2025-03-08T00:20:49","guid":{"rendered":"https:\/\/apuntesdesanluis.com\/?p=30163"},"modified":"2025-03-07T21:20:49","modified_gmt":"2025-03-08T00:20:49","slug":"tras-sufrir-un-desperfecto-mecanico-un-clio-se-incendio","status":"publish","type":"post","link":"https:\/\/apuntesdesanluis.com\/index.php\/2025\/03\/07\/tras-sufrir-un-desperfecto-mecanico-un-clio-se-incendio\/","title":{"rendered":"TRAS SUFRIR UN DESPERFECTO MEC\u00c1NICO, UN CLIO SE INCENDI\u00d3"},"content":{"rendered":"<h3>Este viernes, alrededor de las 14:00, personal policial del puesto N\u00b0 16 fue alertado por un joven de 23 a\u00f1os (con domicilio en la provincia de Mendoza) y dos mujeres mayores de edad, quienes manifestaron que mientras circulaban en un autom\u00f3vil Renault Cl\u00edo por la ruta nacional 20, cerca de Santa Rosa del Cantantal, el veh\u00edculo sufri\u00f3 un desperfecto mec\u00e1nico, provocando que se prendiera fuego y quem\u00e1ndose en su totalidad, quedando el mismo sobre la banquina.<\/h3>\n<h3>Los efectivos pertenecientes a la Unidad Regional de Orden P\u00fablico (UROP) N\u00b0 5 acudieron a ese sitio y constataron el hecho.<\/h3>\n<h3>Asimismo, en el lugar se hizo presente personal m\u00e9dico en una ambulancia del sistema de salud p\u00fablica provincial, para constatar el estado de salud de las personas que circulaban en el autom\u00f3vil, quienes se encontraban fuera de peligro.<\/h3>\n<h3>Adem\u00e1s, se corrobor\u00f3 que el siniestro no presentaba ning\u00fan riesgo para la zona.<\/h3>\n<h3><\/h3>\n<h3><\/h3>\n<p>&nbsp;<\/p>\n","protected":false},"excerpt":{"rendered":"<p>Este viernes, alrededor de las 14:00, personal policial del puesto N\u00b0 16 fue alertado por&#8230;<\/p>\n","protected":false},"author":1,"featured_media":30164,"comment_status":"closed","ping_status":"closed","sticky":false,"template":"","format":"standard","meta":{"footnotes":""},"categories":[6],"tags":[],"class_list":["post-30163","post","type-post","status-publish","format-standard","has-post-thumbnail","hentry","category-ciudad-provincia"],"yoast_head":"<!-- This site is optimized with the Yoast SEO plugin v26.1.1 - https:\/\/yoast.com\/wordpress\/plugins\/seo\/ -->\n<title>TRAS SUFRIR UN DESPERFECTO MEC\u00c1NICO, UN CLIO SE INCENDI\u00d3 - Apuntes de San Luis<\/title>\n<meta name=\"robots\" content=\"index, follow, max-snippet:-1, max-image-preview:large, max-video-preview:-1\" \/>\n<link rel=\"canonical\" href=\"https:\/\/apuntesdesanluis.com\/index.php\/2025\/03\/07\/tras-sufrir-un-desperfecto-mecanico-un-clio-se-incendio\/\" \/>\n<meta property=\"og:locale\" content=\"es_ES\" \/>\n<meta property=\"og:type\" content=\"article\" \/>\n<meta property=\"og:title\" content=\"TRAS SUFRIR UN DESPERFECTO MEC\u00c1NICO, UN CLIO SE INCENDI\u00d3 - Apuntes de San Luis\" \/>\n<meta property=\"og:description\" content=\"Este viernes, alrededor de las 14:00, personal policial del puesto N\u00b0 16 fue alertado por...\" \/>\n<meta property=\"og:url\" content=\"https:\/\/apuntesdesanluis.com\/index.php\/2025\/03\/07\/tras-sufrir-un-desperfecto-mecanico-un-clio-se-incendio\/\" \/>\n<meta property=\"og:site_name\" content=\"Apuntes de San Luis\" \/>\n<meta property=\"article:published_time\" content=\"2025-03-08T00:20:49+00:00\" \/>\n<meta property=\"og:image\" content=\"https:\/\/apuntesdesanluis.com\/wp-content\/uploads\/2025\/03\/clio.jpg\" \/>\n\t<meta property=\"og:image:width\" content=\"708\" \/>\n\t<meta property=\"og:image:height\" content=\"531\" \/>\n\t<meta property=\"og:image:type\" content=\"image\/jpeg\" \/>\n<meta name=\"author\" content=\"apuntesdesanluis.com\" \/>\n<meta name=\"twitter:card\" content=\"summary_large_image\" \/>\n<meta name=\"twitter:label1\" content=\"Escrito por\" \/>\n\t<meta name=\"twitter:data1\" content=\"apuntesdesanluis.com\" \/>\n\t<meta name=\"twitter:label2\" content=\"Tiempo de lectura\" \/>\n\t<meta name=\"twitter:data2\" content=\"1 minuto\" \/>\n<script type=\"application\/ld+json\" class=\"yoast-schema-graph\">{\"@context\":\"https:\/\/schema.org\",\"@graph\":[{\"@type\":\"Article\",\"@id\":\"https:\/\/apuntesdesanluis.com\/index.php\/2025\/03\/07\/tras-sufrir-un-desperfecto-mecanico-un-clio-se-incendio\/#article\",\"isPartOf\":{\"@id\":\"https:\/\/apuntesdesanluis.com\/index.php\/2025\/03\/07\/tras-sufrir-un-desperfecto-mecanico-un-clio-se-incendio\/\"},\"author\":{\"name\":\"apuntesdesanluis.com\",\"@id\":\"https:\/\/apuntesdesanluis.com\/#\/schema\/person\/b55151d52296fcce64d1a72538a70b90\"},\"headline\":\"TRAS SUFRIR UN DESPERFECTO MEC\u00c1NICO, UN CLIO SE INCENDI\u00d3\",\"datePublished\":\"2025-03-08T00:20:49+00:00\",\"mainEntityOfPage\":{\"@id\":\"https:\/\/apuntesdesanluis.com\/index.php\/2025\/03\/07\/tras-sufrir-un-desperfecto-mecanico-un-clio-se-incendio\/\"},\"wordCount\":166,\"publisher\":{\"@id\":\"https:\/\/apuntesdesanluis.com\/#\/schema\/person\/b55151d52296fcce64d1a72538a70b90\"},\"image\":{\"@id\":\"https:\/\/apuntesdesanluis.com\/index.php\/2025\/03\/07\/tras-sufrir-un-desperfecto-mecanico-un-clio-se-incendio\/#primaryimage\"},\"thumbnailUrl\":\"https:\/\/apuntesdesanluis.com\/wp-content\/uploads\/2025\/03\/clio.jpg\",\"articleSection\":[\"Ciudad\/Provincia\"],\"inLanguage\":\"es-AR\"},{\"@type\":\"WebPage\",\"@id\":\"https:\/\/apuntesdesanluis.com\/index.php\/2025\/03\/07\/tras-sufrir-un-desperfecto-mecanico-un-clio-se-incendio\/\",\"url\":\"https:\/\/apuntesdesanluis.com\/index.php\/2025\/03\/07\/tras-sufrir-un-desperfecto-mecanico-un-clio-se-incendio\/\",\"name\":\"TRAS SUFRIR UN DESPERFECTO MEC\u00c1NICO, UN CLIO SE INCENDI\u00d3 - Apuntes de San Luis\",\"isPartOf\":{\"@id\":\"https:\/\/apuntesdesanluis.com\/#website\"},\"primaryImageOfPage\":{\"@id\":\"https:\/\/apuntesdesanluis.com\/index.php\/2025\/03\/07\/tras-sufrir-un-desperfecto-mecanico-un-clio-se-incendio\/#primaryimage\"},\"image\":{\"@id\":\"https:\/\/apuntesdesanluis.com\/index.php\/2025\/03\/07\/tras-sufrir-un-desperfecto-mecanico-un-clio-se-incendio\/#primaryimage\"},\"thumbnailUrl\":\"https:\/\/apuntesdesanluis.com\/wp-content\/uploads\/2025\/03\/clio.jpg\",\"datePublished\":\"2025-03-08T00:20:49+00:00\",\"breadcrumb\":{\"@id\":\"https:\/\/apuntesdesanluis.com\/index.php\/2025\/03\/07\/tras-sufrir-un-desperfecto-mecanico-un-clio-se-incendio\/#breadcrumb\"},\"inLanguage\":\"es-AR\",\"potentialAction\":[{\"@type\":\"ReadAction\",\"target\":[\"https:\/\/apuntesdesanluis.com\/index.php\/2025\/03\/07\/tras-sufrir-un-desperfecto-mecanico-un-clio-se-incendio\/\"]}]},{\"@type\":\"ImageObject\",\"inLanguage\":\"es-AR\",\"@id\":\"https:\/\/apuntesdesanluis.com\/index.php\/2025\/03\/07\/tras-sufrir-un-desperfecto-mecanico-un-clio-se-incendio\/#primaryimage\",\"url\":\"https:\/\/apuntesdesanluis.com\/wp-content\/uploads\/2025\/03\/clio.jpg\",\"contentUrl\":\"https:\/\/apuntesdesanluis.com\/wp-content\/uploads\/2025\/03\/clio.jpg\",\"width\":708,\"height\":531},{\"@type\":\"BreadcrumbList\",\"@id\":\"https:\/\/apuntesdesanluis.com\/index.php\/2025\/03\/07\/tras-sufrir-un-desperfecto-mecanico-un-clio-se-incendio\/#breadcrumb\",\"itemListElement\":[{\"@type\":\"ListItem\",\"position\":1,\"name\":\"Inicio\",\"item\":\"https:\/\/apuntesdesanluis.com\/\"},{\"@type\":\"ListItem\",\"position\":2,\"name\":\"TRAS SUFRIR UN DESPERFECTO MEC\u00c1NICO, UN CLIO SE INCENDI\u00d3\"}]},{\"@type\":\"WebSite\",\"@id\":\"https:\/\/apuntesdesanluis.com\/#website\",\"url\":\"https:\/\/apuntesdesanluis.com\/\",\"name\":\"Apuntes de San Luis\",\"description\":\"\",\"publisher\":{\"@id\":\"https:\/\/apuntesdesanluis.com\/#\/schema\/person\/b55151d52296fcce64d1a72538a70b90\"},\"potentialAction\":[{\"@type\":\"SearchAction\",\"target\":{\"@type\":\"EntryPoint\",\"urlTemplate\":\"https:\/\/apuntesdesanluis.com\/?s={search_term_string}\"},\"query-input\":{\"@type\":\"PropertyValueSpecification\",\"valueRequired\":true,\"valueName\":\"search_term_string\"}}],\"inLanguage\":\"es-AR\"},{\"@type\":[\"Person\",\"Organization\"],\"@id\":\"https:\/\/apuntesdesanluis.com\/#\/schema\/person\/b55151d52296fcce64d1a72538a70b90\",\"name\":\"apuntesdesanluis.com\",\"image\":{\"@type\":\"ImageObject\",\"inLanguage\":\"es-AR\",\"@id\":\"https:\/\/apuntesdesanluis.com\/#\/schema\/person\/image\/\",\"url\":\"https:\/\/apuntesdesanluis.com\/wp-content\/uploads\/2023\/07\/cropped-apuntesdesanluis.png\",\"contentUrl\":\"https:\/\/apuntesdesanluis.com\/wp-content\/uploads\/2023\/07\/cropped-apuntesdesanluis.png\",\"width\":450,\"height\":112,\"caption\":\"apuntesdesanluis.com\"},\"logo\":{\"@id\":\"https:\/\/apuntesdesanluis.com\/#\/schema\/person\/image\/\"},\"sameAs\":[\"https:\/\/apuntesdesanluis.com\"],\"url\":\"https:\/\/apuntesdesanluis.com\/index.php\/author\/apuntesdesanluis-com\/\"}]}<\/script>\n<!-- \/ Yoast SEO plugin. -->","yoast_head_json":{"title":"TRAS SUFRIR UN DESPERFECTO MEC\u00c1NICO, UN CLIO SE INCENDI\u00d3 - Apuntes de San Luis","robots":{"index":"index","follow":"follow","max-snippet":"max-snippet:-1","max-image-preview":"max-image-preview:large","max-video-preview":"max-video-preview:-1"},"canonical":"https:\/\/apuntesdesanluis.com\/index.php\/2025\/03\/07\/tras-sufrir-un-desperfecto-mecanico-un-clio-se-incendio\/","og_locale":"es_ES","og_type":"article","og_title":"TRAS SUFRIR UN DESPERFECTO MEC\u00c1NICO, UN CLIO SE INCENDI\u00d3 - Apuntes de San Luis","og_description":"Este viernes, alrededor de las 14:00, personal policial del puesto N\u00b0 16 fue alertado por...","og_url":"https:\/\/apuntesdesanluis.com\/index.php\/2025\/03\/07\/tras-sufrir-un-desperfecto-mecanico-un-clio-se-incendio\/","og_site_name":"Apuntes de San Luis","article_published_time":"2025-03-08T00:20:49+00:00","og_image":[{"width":708,"height":531,"url":"https:\/\/apuntesdesanluis.com\/wp-content\/uploads\/2025\/03\/clio.jpg","type":"image\/jpeg"}],"author":"apuntesdesanluis.com","twitter_card":"summary_large_image","twitter_misc":{"Escrito por":"apuntesdesanluis.com","Tiempo de lectura":"1 minuto"},"schema":{"@context":"https:\/\/schema.org","@graph":[{"@type":"Article","@id":"https:\/\/apuntesdesanluis.com\/index.php\/2025\/03\/07\/tras-sufrir-un-desperfecto-mecanico-un-clio-se-incendio\/#article","isPartOf":{"@id":"https:\/\/apuntesdesanluis.com\/index.php\/2025\/03\/07\/tras-sufrir-un-desperfecto-mecanico-un-clio-se-incendio\/"},"author":{"name":"apuntesdesanluis.com","@id":"https:\/\/apuntesdesanluis.com\/#\/schema\/person\/b55151d52296fcce64d1a72538a70b90"},"headline":"TRAS SUFRIR UN DESPERFECTO MEC\u00c1NICO, UN CLIO SE INCENDI\u00d3","datePublished":"2025-03-08T00:20:49+00:00","mainEntityOfPage":{"@id":"https:\/\/apuntesdesanluis.com\/index.php\/2025\/03\/07\/tras-sufrir-un-desperfecto-mecanico-un-clio-se-incendio\/"},"wordCount":166,"publisher":{"@id":"https:\/\/apuntesdesanluis.com\/#\/schema\/person\/b55151d52296fcce64d1a72538a70b90"},"image":{"@id":"https:\/\/apuntesdesanluis.com\/index.php\/2025\/03\/07\/tras-sufrir-un-desperfecto-mecanico-un-clio-se-incendio\/#primaryimage"},"thumbnailUrl":"https:\/\/apuntesdesanluis.com\/wp-content\/uploads\/2025\/03\/clio.jpg","articleSection":["Ciudad\/Provincia"],"inLanguage":"es-AR"},{"@type":"WebPage","@id":"https:\/\/apuntesdesanluis.com\/index.php\/2025\/03\/07\/tras-sufrir-un-desperfecto-mecanico-un-clio-se-incendio\/","url":"https:\/\/apuntesdesanluis.com\/index.php\/2025\/03\/07\/tras-sufrir-un-desperfecto-mecanico-un-clio-se-incendio\/","name":"TRAS SUFRIR UN DESPERFECTO MEC\u00c1NICO, UN CLIO SE INCENDI\u00d3 - Apuntes de San Luis","isPartOf":{"@id":"https:\/\/apuntesdesanluis.com\/#website"},"primaryImageOfPage":{"@id":"https:\/\/apuntesdesanluis.com\/index.php\/2025\/03\/07\/tras-sufrir-un-desperfecto-mecanico-un-clio-se-incendio\/#primaryimage"},"image":{"@id":"https:\/\/apuntesdesanluis.com\/index.php\/2025\/03\/07\/tras-sufrir-un-desperfecto-mecanico-un-clio-se-incendio\/#primaryimage"},"thumbnailUrl":"https:\/\/apuntesdesanluis.com\/wp-content\/uploads\/2025\/03\/clio.jpg","datePublished":"2025-03-08T00:20:49+00:00","breadcrumb":{"@id":"https:\/\/apuntesdesanluis.com\/index.php\/2025\/03\/07\/tras-sufrir-un-desperfecto-mecanico-un-clio-se-incendio\/#breadcrumb"},"inLanguage":"es-AR","potentialAction":[{"@type":"ReadAction","target":["https:\/\/apuntesdesanluis.com\/index.php\/2025\/03\/07\/tras-sufrir-un-desperfecto-mecanico-un-clio-se-incendio\/"]}]},{"@type":"ImageObject","inLanguage":"es-AR","@id":"https:\/\/apuntesdesanluis.com\/index.php\/2025\/03\/07\/tras-sufrir-un-desperfecto-mecanico-un-clio-se-incendio\/#primaryimage","url":"https:\/\/apuntesdesanluis.com\/wp-content\/uploads\/2025\/03\/clio.jpg","contentUrl":"https:\/\/apuntesdesanluis.com\/wp-content\/uploads\/2025\/03\/clio.jpg","width":708,"height":531},{"@type":"BreadcrumbList","@id":"https:\/\/apuntesdesanluis.com\/index.php\/2025\/03\/07\/tras-sufrir-un-desperfecto-mecanico-un-clio-se-incendio\/#breadcrumb","itemListElement":[{"@type":"ListItem","position":1,"name":"Inicio","item":"https:\/\/apuntesdesanluis.com\/"},{"@type":"ListItem","position":2,"name":"TRAS SUFRIR UN DESPERFECTO MEC\u00c1NICO, UN CLIO SE INCENDI\u00d3"}]},{"@type":"WebSite","@id":"https:\/\/apuntesdesanluis.com\/#website","url":"https:\/\/apuntesdesanluis.com\/","name":"Apuntes de San Luis","description":"","publisher":{"@id":"https:\/\/apuntesdesanluis.com\/#\/schema\/person\/b55151d52296fcce64d1a72538a70b90"},"potentialAction":[{"@type":"SearchAction","target":{"@type":"EntryPoint","urlTemplate":"https:\/\/apuntesdesanluis.com\/?s={search_term_string}"},"query-input":{"@type":"PropertyValueSpecification","valueRequired":true,"valueName":"search_term_string"}}],"inLanguage":"es-AR"},{"@type":["Person","Organization"],"@id":"https:\/\/apuntesdesanluis.com\/#\/schema\/person\/b55151d52296fcce64d1a72538a70b90","name":"apuntesdesanluis.com","image":{"@type":"ImageObject","inLanguage":"es-AR","@id":"https:\/\/apuntesdesanluis.com\/#\/schema\/person\/image\/","url":"https:\/\/apuntesdesanluis.com\/wp-content\/uploads\/2023\/07\/cropped-apuntesdesanluis.png","contentUrl":"https:\/\/apuntesdesanluis.com\/wp-content\/uploads\/2023\/07\/cropped-apuntesdesanluis.png","width":450,"height":112,"caption":"apuntesdesanluis.com"},"logo":{"@id":"https:\/\/apuntesdesanluis.com\/#\/schema\/person\/image\/"},"sameAs":["https:\/\/apuntesdesanluis.com"],"url":"https:\/\/apuntesdesanluis.com\/index.php\/author\/apuntesdesanluis-com\/"}]}},"featured_image_urls":{"full":["https:\/\/apuntesdesanluis.com\/wp-content\/uploads\/2025\/03\/clio.jpg",708,531,false],"thumbnail":["https:\/\/apuntesdesanluis.com\/wp-content\/uploads\/2025\/03\/clio-150x150.jpg",150,150,true],"medium":["https:\/\/apuntesdesanluis.com\/wp-content\/uploads\/2025\/03\/clio-300x225.jpg",300,225,true],"medium_large":["https:\/\/apuntesdesanluis.com\/wp-content\/uploads\/2025\/03\/clio.jpg",640,480,false],"large":["https:\/\/apuntesdesanluis.com\/wp-content\/uploads\/2025\/03\/clio.jpg",640,480,false],"1536x1536":["https:\/\/apuntesdesanluis.com\/wp-content\/uploads\/2025\/03\/clio.jpg",708,531,false],"2048x2048":["https:\/\/apuntesdesanluis.com\/wp-content\/uploads\/2025\/03\/clio.jpg",708,531,false],"newsever-slider-full":["https:\/\/apuntesdesanluis.com\/wp-content\/uploads\/2025\/03\/clio.jpg",708,531,false],"newsever-featured":["https:\/\/apuntesdesanluis.com\/wp-content\/uploads\/2025\/03\/clio.jpg",708,531,false],"newsever-medium":["https:\/\/apuntesdesanluis.com\/wp-content\/uploads\/2025\/03\/clio-708x475.jpg",708,475,true]},"author_info":{"display_name":"apuntesdesanluis.com","author_link":"https:\/\/apuntesdesanluis.com\/index.php\/author\/apuntesdesanluis-com\/"},"category_info":"<a href=\"https:\/\/apuntesdesanluis.com\/index.php\/category\/ciudad-provincia\/\" rel=\"category tag\">Ciudad\/Provincia<\/a>","tag_info":"Ciudad\/Provincia","comment_count":"0","_links":{"self":[{"href":"https:\/\/apuntesdesanluis.com\/index.php\/wp-json\/wp\/v2\/posts\/30163","targetHints":{"allow":["GET"]}}],"collection":[{"href":"https:\/\/apuntesdesanluis.com\/index.php\/wp-json\/wp\/v2\/posts"}],"about":[{"href":"https:\/\/apuntesdesanluis.com\/index.php\/wp-json\/wp\/v2\/types\/post"}],"author":[{"embeddable":true,"href":"https:\/\/apuntesdesanluis.com\/index.php\/wp-json\/wp\/v2\/users\/1"}],"replies":[{"embeddable":true,"href":"https:\/\/apuntesdesanluis.com\/index.php\/wp-json\/wp\/v2\/comments?post=30163"}],"version-history":[{"count":1,"href":"https:\/\/apuntesdesanluis.com\/index.php\/wp-json\/wp\/v2\/posts\/30163\/revisions"}],"predecessor-version":[{"id":30165,"href":"https:\/\/apuntesdesanluis.com\/index.php\/wp-json\/wp\/v2\/posts\/30163\/revisions\/30165"}],"wp:featuredmedia":[{"embeddable":true,"href":"https:\/\/apuntesdesanluis.com\/index.php\/wp-json\/wp\/v2\/media\/30164"}],"wp:attachment":[{"href":"https:\/\/apuntesdesanluis.com\/index.php\/wp-json\/wp\/v2\/media?parent=30163"}],"wp:term":[{"taxonomy":"category","embeddable":true,"href":"https:\/\/apuntesdesanluis.com\/index.php\/wp-json\/wp\/v2\/categories?post=30163"},{"taxonomy":"post_tag","embeddable":true,"href":"https:\/\/apuntesdesanluis.com\/index.php\/wp-json\/wp\/v2\/tags?post=30163"}],"curies":[{"name":"wp","href":"https:\/\/api.w.org\/{rel}","templated":true}]}}