{"id":30172,"date":"2025-03-07T21:51:48","date_gmt":"2025-03-08T00:51:48","guid":{"rendered":"https:\/\/apuntesdesanluis.com\/?p=30172"},"modified":"2025-03-07T21:51:48","modified_gmt":"2025-03-08T00:51:48","slug":"la-coparticipacion-federal-volvio-a-caer-en-febrero","status":"publish","type":"post","link":"https:\/\/apuntesdesanluis.com\/index.php\/2025\/03\/07\/la-coparticipacion-federal-volvio-a-caer-en-febrero\/","title":{"rendered":"LA COPARTICIPACI\u00d3N FEDERAL VOLVI\u00d3 A CAER EN FEBRERO"},"content":{"rendered":"<h3>Un informe sobre la evoluci\u00f3n de los recursos tributarios de origen nacional del <strong>Centro de Econom\u00eda Pol\u00edtica Argentina (CEPA)<\/strong> se\u00f1ala que \u201cen 2024, acumul\u00f3 <strong>9 meses de derrumbe<\/strong> y s\u00f3lo 3 de crecimiento en t\u00e9rminos reales\u201d. En ese sentido, explica que \u201cen los dos primeros meses de 2025, se exhibe una recuperaci\u00f3n parcial de las ca\u00eddas de 2024\u201d.<\/h3>\n<h3>Como corolario de ello, <strong>el a\u00f1o pasado las remesas autom\u00e1ticas giradas por el Estado Nacional cerraron con una ca\u00edda real acumulada del 8,4%.<\/strong> A dicha ca\u00edda se le debe sumar aquella registrada en las transferencias no autom\u00e1ticas que ascendi\u00f3 a <strong>83,39%.<\/strong><\/h3>\n<h3>Por su parte, los primeros dos meses del a\u00f1o 2025 no pudieron compensar las p\u00e9rdidas registradas durante el a\u00f1o anterior. Las tasas interanuales de estos meses no reflejan variaciones genuinas en tanto se encuentran distorsionadas por considerar una base extremadamente baja \u2013producto de la pobre performance del a\u00f1o 2024\u2013 que redunda en tasas ficticias que distan mucho de reflejar un crecimiento real sino una mera recomposici\u00f3n.<\/h3>\n<h3>De hecho, los valores actuales reci\u00e9n ahora se est\u00e1n aproximando a los correspondientes a los a\u00f1os 2022 y 2023, pero ello no import\u00f3 un crecimiento genuino por encima de dichas marcas hist\u00f3ricas.<\/h3>\n<h3>Al respecto, la directora de Finanzas y Recursos de la Provincia,<strong> Eugenia Sosa Herrera<\/strong>, indic\u00f3: \u201cSer\u00eda err\u00f3neo analizar la evoluci\u00f3n interanual de manera descontextualizada ya que la comparativa anual considera un piso recaudatorio de febrero de 2024 con valores muy por debajo de lo normal, debido a la notoria ca\u00edda de la actividad econ\u00f3mica en aquel momento. Esto significa que pr\u00e1cticamente no hubo crecimiento interanual en la recaudaci\u00f3n con respecto a los \u00faltimos a\u00f1os, excepto claro est\u00e1 2024, que fue la peor base de recaudaci\u00f3n de los \u00faltimos 10 a\u00f1os\u201d.<\/h3>\n<h3>Sobre este punto, la funcionaria recalc\u00f3 que \u201cen el acumulado de los \u00faltimos doce meses, a\u00fan puede observarse una ca\u00edda interanual real del 4,38%\u201d.<\/h3>\n<h3>En cuanto a los motivos de la variaci\u00f3n de la coparticipaci\u00f3n en el mes bajo estudio, la directora indic\u00f3 \u201cque obedecen a una mejor recaudaci\u00f3n del Impuesto a las Ganancias, con sustento en la restituci\u00f3n del impuesto a la cuarta categor\u00eda (+43% real interanual) y por una mejor performance del IVA (+5.3% real interanual)\u201d.<\/h3>\n<h3>No obstante, destac\u00f3: \u201cSin embargo, en febrero, en t\u00e9rminos nominales se registr\u00f3 un ingreso menor al percibido en enero pasado\u201d.<\/h3>\n<p>&nbsp;<\/p>\n<p>&nbsp;<\/p>\n<p>&nbsp;<\/p>\n<h3><\/h3>\n<h3><\/h3>\n<p>&nbsp;<\/p>\n","protected":false},"excerpt":{"rendered":"<p>Un informe sobre la evoluci\u00f3n de los recursos tributarios de origen nacional del Centro de&#8230;<\/p>\n","protected":false},"author":1,"featured_media":30173,"comment_status":"closed","ping_status":"closed","sticky":false,"template":"","format":"standard","meta":{"footnotes":""},"categories":[6],"tags":[],"class_list":["post-30172","post","type-post","status-publish","format-standard","has-post-thumbnail","hentry","category-ciudad-provincia"],"yoast_head":"<!-- This site is optimized with the Yoast SEO plugin v26.1.1 - https:\/\/yoast.com\/wordpress\/plugins\/seo\/ -->\n<title>LA COPARTICIPACI\u00d3N FEDERAL VOLVI\u00d3 A CAER EN FEBRERO - Apuntes de San Luis<\/title>\n<meta name=\"robots\" content=\"index, follow, max-snippet:-1, max-image-preview:large, max-video-preview:-1\" \/>\n<link rel=\"canonical\" href=\"https:\/\/apuntesdesanluis.com\/index.php\/2025\/03\/07\/la-coparticipacion-federal-volvio-a-caer-en-febrero\/\" \/>\n<meta property=\"og:locale\" content=\"es_ES\" \/>\n<meta property=\"og:type\" content=\"article\" \/>\n<meta property=\"og:title\" content=\"LA COPARTICIPACI\u00d3N FEDERAL VOLVI\u00d3 A CAER EN FEBRERO - Apuntes de San Luis\" \/>\n<meta property=\"og:description\" content=\"Un informe sobre la evoluci\u00f3n de los recursos tributarios de origen nacional del Centro de...\" \/>\n<meta property=\"og:url\" content=\"https:\/\/apuntesdesanluis.com\/index.php\/2025\/03\/07\/la-coparticipacion-federal-volvio-a-caer-en-febrero\/\" \/>\n<meta property=\"og:site_name\" content=\"Apuntes de San Luis\" \/>\n<meta property=\"article:published_time\" content=\"2025-03-08T00:51:48+00:00\" \/>\n<meta property=\"og:image\" content=\"https:\/\/apuntesdesanluis.com\/wp-content\/uploads\/2025\/03\/ministerio-de-hacienda.jpg\" \/>\n\t<meta property=\"og:image:width\" content=\"743\" \/>\n\t<meta property=\"og:image:height\" content=\"422\" \/>\n\t<meta property=\"og:image:type\" content=\"image\/jpeg\" \/>\n<meta name=\"author\" content=\"apuntesdesanluis.com\" \/>\n<meta name=\"twitter:card\" content=\"summary_large_image\" \/>\n<meta name=\"twitter:label1\" content=\"Escrito por\" \/>\n\t<meta name=\"twitter:data1\" content=\"apuntesdesanluis.com\" \/>\n\t<meta name=\"twitter:label2\" content=\"Tiempo de lectura\" \/>\n\t<meta name=\"twitter:data2\" content=\"2 minutos\" \/>\n<script type=\"application\/ld+json\" class=\"yoast-schema-graph\">{\"@context\":\"https:\/\/schema.org\",\"@graph\":[{\"@type\":\"Article\",\"@id\":\"https:\/\/apuntesdesanluis.com\/index.php\/2025\/03\/07\/la-coparticipacion-federal-volvio-a-caer-en-febrero\/#article\",\"isPartOf\":{\"@id\":\"https:\/\/apuntesdesanluis.com\/index.php\/2025\/03\/07\/la-coparticipacion-federal-volvio-a-caer-en-febrero\/\"},\"author\":{\"name\":\"apuntesdesanluis.com\",\"@id\":\"https:\/\/apuntesdesanluis.com\/#\/schema\/person\/b55151d52296fcce64d1a72538a70b90\"},\"headline\":\"LA COPARTICIPACI\u00d3N FEDERAL VOLVI\u00d3 A CAER EN FEBRERO\",\"datePublished\":\"2025-03-08T00:51:48+00:00\",\"mainEntityOfPage\":{\"@id\":\"https:\/\/apuntesdesanluis.com\/index.php\/2025\/03\/07\/la-coparticipacion-federal-volvio-a-caer-en-febrero\/\"},\"wordCount\":421,\"publisher\":{\"@id\":\"https:\/\/apuntesdesanluis.com\/#\/schema\/person\/b55151d52296fcce64d1a72538a70b90\"},\"image\":{\"@id\":\"https:\/\/apuntesdesanluis.com\/index.php\/2025\/03\/07\/la-coparticipacion-federal-volvio-a-caer-en-febrero\/#primaryimage\"},\"thumbnailUrl\":\"https:\/\/apuntesdesanluis.com\/wp-content\/uploads\/2025\/03\/ministerio-de-hacienda.jpg\",\"articleSection\":[\"Ciudad\/Provincia\"],\"inLanguage\":\"es-AR\"},{\"@type\":\"WebPage\",\"@id\":\"https:\/\/apuntesdesanluis.com\/index.php\/2025\/03\/07\/la-coparticipacion-federal-volvio-a-caer-en-febrero\/\",\"url\":\"https:\/\/apuntesdesanluis.com\/index.php\/2025\/03\/07\/la-coparticipacion-federal-volvio-a-caer-en-febrero\/\",\"name\":\"LA COPARTICIPACI\u00d3N FEDERAL VOLVI\u00d3 A CAER EN FEBRERO - Apuntes de San Luis\",\"isPartOf\":{\"@id\":\"https:\/\/apuntesdesanluis.com\/#website\"},\"primaryImageOfPage\":{\"@id\":\"https:\/\/apuntesdesanluis.com\/index.php\/2025\/03\/07\/la-coparticipacion-federal-volvio-a-caer-en-febrero\/#primaryimage\"},\"image\":{\"@id\":\"https:\/\/apuntesdesanluis.com\/index.php\/2025\/03\/07\/la-coparticipacion-federal-volvio-a-caer-en-febrero\/#primaryimage\"},\"thumbnailUrl\":\"https:\/\/apuntesdesanluis.com\/wp-content\/uploads\/2025\/03\/ministerio-de-hacienda.jpg\",\"datePublished\":\"2025-03-08T00:51:48+00:00\",\"breadcrumb\":{\"@id\":\"https:\/\/apuntesdesanluis.com\/index.php\/2025\/03\/07\/la-coparticipacion-federal-volvio-a-caer-en-febrero\/#breadcrumb\"},\"inLanguage\":\"es-AR\",\"potentialAction\":[{\"@type\":\"ReadAction\",\"target\":[\"https:\/\/apuntesdesanluis.com\/index.php\/2025\/03\/07\/la-coparticipacion-federal-volvio-a-caer-en-febrero\/\"]}]},{\"@type\":\"ImageObject\",\"inLanguage\":\"es-AR\",\"@id\":\"https:\/\/apuntesdesanluis.com\/index.php\/2025\/03\/07\/la-coparticipacion-federal-volvio-a-caer-en-febrero\/#primaryimage\",\"url\":\"https:\/\/apuntesdesanluis.com\/wp-content\/uploads\/2025\/03\/ministerio-de-hacienda.jpg\",\"contentUrl\":\"https:\/\/apuntesdesanluis.com\/wp-content\/uploads\/2025\/03\/ministerio-de-hacienda.jpg\",\"width\":743,\"height\":422},{\"@type\":\"BreadcrumbList\",\"@id\":\"https:\/\/apuntesdesanluis.com\/index.php\/2025\/03\/07\/la-coparticipacion-federal-volvio-a-caer-en-febrero\/#breadcrumb\",\"itemListElement\":[{\"@type\":\"ListItem\",\"position\":1,\"name\":\"Inicio\",\"item\":\"https:\/\/apuntesdesanluis.com\/\"},{\"@type\":\"ListItem\",\"position\":2,\"name\":\"LA COPARTICIPACI\u00d3N FEDERAL VOLVI\u00d3 A CAER EN FEBRERO\"}]},{\"@type\":\"WebSite\",\"@id\":\"https:\/\/apuntesdesanluis.com\/#website\",\"url\":\"https:\/\/apuntesdesanluis.com\/\",\"name\":\"Apuntes de San Luis\",\"description\":\"\",\"publisher\":{\"@id\":\"https:\/\/apuntesdesanluis.com\/#\/schema\/person\/b55151d52296fcce64d1a72538a70b90\"},\"potentialAction\":[{\"@type\":\"SearchAction\",\"target\":{\"@type\":\"EntryPoint\",\"urlTemplate\":\"https:\/\/apuntesdesanluis.com\/?s={search_term_string}\"},\"query-input\":{\"@type\":\"PropertyValueSpecification\",\"valueRequired\":true,\"valueName\":\"search_term_string\"}}],\"inLanguage\":\"es-AR\"},{\"@type\":[\"Person\",\"Organization\"],\"@id\":\"https:\/\/apuntesdesanluis.com\/#\/schema\/person\/b55151d52296fcce64d1a72538a70b90\",\"name\":\"apuntesdesanluis.com\",\"image\":{\"@type\":\"ImageObject\",\"inLanguage\":\"es-AR\",\"@id\":\"https:\/\/apuntesdesanluis.com\/#\/schema\/person\/image\/\",\"url\":\"https:\/\/apuntesdesanluis.com\/wp-content\/uploads\/2023\/07\/cropped-apuntesdesanluis.png\",\"contentUrl\":\"https:\/\/apuntesdesanluis.com\/wp-content\/uploads\/2023\/07\/cropped-apuntesdesanluis.png\",\"width\":450,\"height\":112,\"caption\":\"apuntesdesanluis.com\"},\"logo\":{\"@id\":\"https:\/\/apuntesdesanluis.com\/#\/schema\/person\/image\/\"},\"sameAs\":[\"https:\/\/apuntesdesanluis.com\"],\"url\":\"https:\/\/apuntesdesanluis.com\/index.php\/author\/apuntesdesanluis-com\/\"}]}<\/script>\n<!-- \/ Yoast SEO plugin. -->","yoast_head_json":{"title":"LA COPARTICIPACI\u00d3N FEDERAL VOLVI\u00d3 A CAER EN FEBRERO - Apuntes de San Luis","robots":{"index":"index","follow":"follow","max-snippet":"max-snippet:-1","max-image-preview":"max-image-preview:large","max-video-preview":"max-video-preview:-1"},"canonical":"https:\/\/apuntesdesanluis.com\/index.php\/2025\/03\/07\/la-coparticipacion-federal-volvio-a-caer-en-febrero\/","og_locale":"es_ES","og_type":"article","og_title":"LA COPARTICIPACI\u00d3N FEDERAL VOLVI\u00d3 A CAER EN FEBRERO - Apuntes de San Luis","og_description":"Un informe sobre la evoluci\u00f3n de los recursos tributarios de origen nacional del Centro de...","og_url":"https:\/\/apuntesdesanluis.com\/index.php\/2025\/03\/07\/la-coparticipacion-federal-volvio-a-caer-en-febrero\/","og_site_name":"Apuntes de San Luis","article_published_time":"2025-03-08T00:51:48+00:00","og_image":[{"width":743,"height":422,"url":"https:\/\/apuntesdesanluis.com\/wp-content\/uploads\/2025\/03\/ministerio-de-hacienda.jpg","type":"image\/jpeg"}],"author":"apuntesdesanluis.com","twitter_card":"summary_large_image","twitter_misc":{"Escrito por":"apuntesdesanluis.com","Tiempo de lectura":"2 minutos"},"schema":{"@context":"https:\/\/schema.org","@graph":[{"@type":"Article","@id":"https:\/\/apuntesdesanluis.com\/index.php\/2025\/03\/07\/la-coparticipacion-federal-volvio-a-caer-en-febrero\/#article","isPartOf":{"@id":"https:\/\/apuntesdesanluis.com\/index.php\/2025\/03\/07\/la-coparticipacion-federal-volvio-a-caer-en-febrero\/"},"author":{"name":"apuntesdesanluis.com","@id":"https:\/\/apuntesdesanluis.com\/#\/schema\/person\/b55151d52296fcce64d1a72538a70b90"},"headline":"LA COPARTICIPACI\u00d3N FEDERAL VOLVI\u00d3 A CAER EN FEBRERO","datePublished":"2025-03-08T00:51:48+00:00","mainEntityOfPage":{"@id":"https:\/\/apuntesdesanluis.com\/index.php\/2025\/03\/07\/la-coparticipacion-federal-volvio-a-caer-en-febrero\/"},"wordCount":421,"publisher":{"@id":"https:\/\/apuntesdesanluis.com\/#\/schema\/person\/b55151d52296fcce64d1a72538a70b90"},"image":{"@id":"https:\/\/apuntesdesanluis.com\/index.php\/2025\/03\/07\/la-coparticipacion-federal-volvio-a-caer-en-febrero\/#primaryimage"},"thumbnailUrl":"https:\/\/apuntesdesanluis.com\/wp-content\/uploads\/2025\/03\/ministerio-de-hacienda.jpg","articleSection":["Ciudad\/Provincia"],"inLanguage":"es-AR"},{"@type":"WebPage","@id":"https:\/\/apuntesdesanluis.com\/index.php\/2025\/03\/07\/la-coparticipacion-federal-volvio-a-caer-en-febrero\/","url":"https:\/\/apuntesdesanluis.com\/index.php\/2025\/03\/07\/la-coparticipacion-federal-volvio-a-caer-en-febrero\/","name":"LA COPARTICIPACI\u00d3N FEDERAL VOLVI\u00d3 A CAER EN FEBRERO - Apuntes de San Luis","isPartOf":{"@id":"https:\/\/apuntesdesanluis.com\/#website"},"primaryImageOfPage":{"@id":"https:\/\/apuntesdesanluis.com\/index.php\/2025\/03\/07\/la-coparticipacion-federal-volvio-a-caer-en-febrero\/#primaryimage"},"image":{"@id":"https:\/\/apuntesdesanluis.com\/index.php\/2025\/03\/07\/la-coparticipacion-federal-volvio-a-caer-en-febrero\/#primaryimage"},"thumbnailUrl":"https:\/\/apuntesdesanluis.com\/wp-content\/uploads\/2025\/03\/ministerio-de-hacienda.jpg","datePublished":"2025-03-08T00:51:48+00:00","breadcrumb":{"@id":"https:\/\/apuntesdesanluis.com\/index.php\/2025\/03\/07\/la-coparticipacion-federal-volvio-a-caer-en-febrero\/#breadcrumb"},"inLanguage":"es-AR","potentialAction":[{"@type":"ReadAction","target":["https:\/\/apuntesdesanluis.com\/index.php\/2025\/03\/07\/la-coparticipacion-federal-volvio-a-caer-en-febrero\/"]}]},{"@type":"ImageObject","inLanguage":"es-AR","@id":"https:\/\/apuntesdesanluis.com\/index.php\/2025\/03\/07\/la-coparticipacion-federal-volvio-a-caer-en-febrero\/#primaryimage","url":"https:\/\/apuntesdesanluis.com\/wp-content\/uploads\/2025\/03\/ministerio-de-hacienda.jpg","contentUrl":"https:\/\/apuntesdesanluis.com\/wp-content\/uploads\/2025\/03\/ministerio-de-hacienda.jpg","width":743,"height":422},{"@type":"BreadcrumbList","@id":"https:\/\/apuntesdesanluis.com\/index.php\/2025\/03\/07\/la-coparticipacion-federal-volvio-a-caer-en-febrero\/#breadcrumb","itemListElement":[{"@type":"ListItem","position":1,"name":"Inicio","item":"https:\/\/apuntesdesanluis.com\/"},{"@type":"ListItem","position":2,"name":"LA COPARTICIPACI\u00d3N FEDERAL VOLVI\u00d3 A CAER EN FEBRERO"}]},{"@type":"WebSite","@id":"https:\/\/apuntesdesanluis.com\/#website","url":"https:\/\/apuntesdesanluis.com\/","name":"Apuntes de San Luis","description":"","publisher":{"@id":"https:\/\/apuntesdesanluis.com\/#\/schema\/person\/b55151d52296fcce64d1a72538a70b90"},"potentialAction":[{"@type":"SearchAction","target":{"@type":"EntryPoint","urlTemplate":"https:\/\/apuntesdesanluis.com\/?s={search_term_string}"},"query-input":{"@type":"PropertyValueSpecification","valueRequired":true,"valueName":"search_term_string"}}],"inLanguage":"es-AR"},{"@type":["Person","Organization"],"@id":"https:\/\/apuntesdesanluis.com\/#\/schema\/person\/b55151d52296fcce64d1a72538a70b90","name":"apuntesdesanluis.com","image":{"@type":"ImageObject","inLanguage":"es-AR","@id":"https:\/\/apuntesdesanluis.com\/#\/schema\/person\/image\/","url":"https:\/\/apuntesdesanluis.com\/wp-content\/uploads\/2023\/07\/cropped-apuntesdesanluis.png","contentUrl":"https:\/\/apuntesdesanluis.com\/wp-content\/uploads\/2023\/07\/cropped-apuntesdesanluis.png","width":450,"height":112,"caption":"apuntesdesanluis.com"},"logo":{"@id":"https:\/\/apuntesdesanluis.com\/#\/schema\/person\/image\/"},"sameAs":["https:\/\/apuntesdesanluis.com"],"url":"https:\/\/apuntesdesanluis.com\/index.php\/author\/apuntesdesanluis-com\/"}]}},"featured_image_urls":{"full":["https:\/\/apuntesdesanluis.com\/wp-content\/uploads\/2025\/03\/ministerio-de-hacienda.jpg",743,422,false],"thumbnail":["https:\/\/apuntesdesanluis.com\/wp-content\/uploads\/2025\/03\/ministerio-de-hacienda-150x150.jpg",150,150,true],"medium":["https:\/\/apuntesdesanluis.com\/wp-content\/uploads\/2025\/03\/ministerio-de-hacienda-300x170.jpg",300,170,true],"medium_large":["https:\/\/apuntesdesanluis.com\/wp-content\/uploads\/2025\/03\/ministerio-de-hacienda.jpg",640,363,false],"large":["https:\/\/apuntesdesanluis.com\/wp-content\/uploads\/2025\/03\/ministerio-de-hacienda.jpg",640,363,false],"1536x1536":["https:\/\/apuntesdesanluis.com\/wp-content\/uploads\/2025\/03\/ministerio-de-hacienda.jpg",743,422,false],"2048x2048":["https:\/\/apuntesdesanluis.com\/wp-content\/uploads\/2025\/03\/ministerio-de-hacienda.jpg",743,422,false],"newsever-slider-full":["https:\/\/apuntesdesanluis.com\/wp-content\/uploads\/2025\/03\/ministerio-de-hacienda.jpg",743,422,false],"newsever-featured":["https:\/\/apuntesdesanluis.com\/wp-content\/uploads\/2025\/03\/ministerio-de-hacienda.jpg",743,422,false],"newsever-medium":["https:\/\/apuntesdesanluis.com\/wp-content\/uploads\/2025\/03\/ministerio-de-hacienda-720x422.jpg",720,422,true]},"author_info":{"display_name":"apuntesdesanluis.com","author_link":"https:\/\/apuntesdesanluis.com\/index.php\/author\/apuntesdesanluis-com\/"},"category_info":"<a href=\"https:\/\/apuntesdesanluis.com\/index.php\/category\/ciudad-provincia\/\" rel=\"category tag\">Ciudad\/Provincia<\/a>","tag_info":"Ciudad\/Provincia","comment_count":"0","_links":{"self":[{"href":"https:\/\/apuntesdesanluis.com\/index.php\/wp-json\/wp\/v2\/posts\/30172","targetHints":{"allow":["GET"]}}],"collection":[{"href":"https:\/\/apuntesdesanluis.com\/index.php\/wp-json\/wp\/v2\/posts"}],"about":[{"href":"https:\/\/apuntesdesanluis.com\/index.php\/wp-json\/wp\/v2\/types\/post"}],"author":[{"embeddable":true,"href":"https:\/\/apuntesdesanluis.com\/index.php\/wp-json\/wp\/v2\/users\/1"}],"replies":[{"embeddable":true,"href":"https:\/\/apuntesdesanluis.com\/index.php\/wp-json\/wp\/v2\/comments?post=30172"}],"version-history":[{"count":1,"href":"https:\/\/apuntesdesanluis.com\/index.php\/wp-json\/wp\/v2\/posts\/30172\/revisions"}],"predecessor-version":[{"id":30174,"href":"https:\/\/apuntesdesanluis.com\/index.php\/wp-json\/wp\/v2\/posts\/30172\/revisions\/30174"}],"wp:featuredmedia":[{"embeddable":true,"href":"https:\/\/apuntesdesanluis.com\/index.php\/wp-json\/wp\/v2\/media\/30173"}],"wp:attachment":[{"href":"https:\/\/apuntesdesanluis.com\/index.php\/wp-json\/wp\/v2\/media?parent=30172"}],"wp:term":[{"taxonomy":"category","embeddable":true,"href":"https:\/\/apuntesdesanluis.com\/index.php\/wp-json\/wp\/v2\/categories?post=30172"},{"taxonomy":"post_tag","embeddable":true,"href":"https:\/\/apuntesdesanluis.com\/index.php\/wp-json\/wp\/v2\/tags?post=30172"}],"curies":[{"name":"wp","href":"https:\/\/api.w.org\/{rel}","templated":true}]}}