{"id":30183,"date":"2025-03-08T17:16:47","date_gmt":"2025-03-08T20:16:47","guid":{"rendered":"https:\/\/apuntesdesanluis.com\/?p=30183"},"modified":"2025-03-08T17:16:47","modified_gmt":"2025-03-08T20:16:47","slug":"caso-molino-fenix-tribunal-de-impugnaciones-rechazo-la-excusacion-del-juez-santiago-ortiz","status":"publish","type":"post","link":"https:\/\/apuntesdesanluis.com\/index.php\/2025\/03\/08\/caso-molino-fenix-tribunal-de-impugnaciones-rechazo-la-excusacion-del-juez-santiago-ortiz\/","title":{"rendered":"CASO MOLINO F\u00c9NIX: TRIBUNAL DE IMPUGNACIONES RECHAZ\u00d3 LA EXCUSACI\u00d3N DEL JUEZ SANTIAGO ORTIZ"},"content":{"rendered":"<h3>El Tribunal de Impugnaciones de la Segunda y Tercera Circunscripci\u00f3n Judicial integrado por los Dres. <strong>Hern\u00e1n Herrera, Mar\u00eda Monserrath Bocca<\/strong> y <strong>Marcelo Bustamante<\/strong>, rechaz\u00f3 la excusaci\u00f3n formulada por el Juez de Garant\u00edas N\u00b0 4, Dr. <strong>Santiago Andr\u00e9s Ortiz<\/strong>, y dispuso la continuaci\u00f3n del mismo en la tramitaci\u00f3n de la investigaci\u00f3n.<\/h3>\n<h3>Asimismo, el tribunal hizo lugar a la oposici\u00f3n efectuada por el Dr. <strong>Alfredo Cuello<\/strong> -Juez de Garant\u00eda N\u00b01-. Cabe mencionar que el Dr. Cuello rechaz\u00f3 la excusaci\u00f3n planteada y dispuso la formaci\u00f3n de estos obrados a fin de dar tr\u00e1mite a la contienda, ordenando su elevaci\u00f3n al Tribunal de Impugnaciones en lo Penal de la Segunda y Tercera Circunscripci\u00f3n Judicial para su resoluci\u00f3n.<\/h3>\n<p><img fetchpriority=\"high\" decoding=\"async\" class=\"wp-image-6184 aligncenter\" src=\"https:\/\/apuntesdesanluis.com\/wp-content\/uploads\/2023\/11\/cuello-300x185.png\" alt=\"\" width=\"587\" height=\"362\" srcset=\"https:\/\/apuntesdesanluis.com\/wp-content\/uploads\/2023\/11\/cuello-300x185.png 300w, https:\/\/apuntesdesanluis.com\/wp-content\/uploads\/2023\/11\/cuello.png 507w\" sizes=\"(max-width: 587px) 100vw, 587px\" \/><\/p>\n<h3>Los magistrados, entre sus argumentos consideraron en primer lugar que \u201cla excusaci\u00f3n constituye el acto por el cual un magistrado, frente a una situaci\u00f3n que puede comprometer su imparcialidad u objetividad, o arrojar sospecha sobre el cumplimiento de tal elemental recaudo, se aparta de la funci\u00f3n judicial que la ley le ha encomendado llevar adelante. Como consecuencia de ello el asunto a su cargo pasa a la \u00f3rbita de otro funcionario que tambi\u00e9n cuenta con las mismas facultades para ejercer la misi\u00f3n declinada por el excusado\u201d.<\/h3>\n<h3>En ese sentido, expresaron los jueces en su resoluci\u00f3n \u201cla excusaci\u00f3n tiene por finalidad asegurar una recta administraci\u00f3n de justicia y una conducta imparcial e independiente a los magistrados, obligados a actuar objetivamente y con neutralidad, y para lograr ese objetivo, el ordenamiento procesal faculta y exige a los jueces inhibirse de entender en un proceso determinado cuando pueda verse comprometida su objetividad e independencia, por configurarse alguno de los supuestos previstos en la norma adjetiva (art\u00edculo 33 del C.P.P.) o por existir otras causas que le impongan abstenerse de conocer en el juicio, fundadas en motivos graves de decoro o delicadeza\u201d.<\/h3>\n<h3>En base a la jurisprudencia aplicada, afirmaron que en este caso se justifica desestimar la excusaci\u00f3n formulada por el titular del Juzgado de Garant\u00edas N\u00ba 4, atento que el magistrado natural de la causa s\u00f3lo ha puesto de relieve en su libelo excusatorio el hecho de que su hermano le habr\u00eda alquilado a las personas investigadas un departamento, contrato que adem\u00e1s no se habr\u00eda consumado, pues al advertirlo le habr\u00eda pedido a su hermano que lo rescindiera y devolviera el dinero, sin m\u00e1s motivos o consideraci\u00f3n de otras circunstancias que permitan suponer que su imparcialidad de juicio para intervenir en autos pudiera estar en duda o menguada.<\/h3>\n<h3>El tribunal consider\u00f3 que es necesario se\u00f1alar que aceptar las excusaciones sin una razonable estrictez, implicar\u00eda una claudicaci\u00f3n inaceptable y un precedente negativo al principio constitucional del juez natural. En otras palabras, la excusaci\u00f3n requiere una fundamentaci\u00f3n seria, fundada y una correspondencia con los presupuestos f\u00e1cticos en que se vertebra.<\/h3>\n<h3>\u00a0\u201cTeniendo en cuenta las constancias obrantes en autos, desde un abordaje integral (tanto objetivo, como subjetivo), entendemos que no hay base para admitir la excusaci\u00f3n del Dr. Santiago Andr\u00e9s Ortiz, Juez de Garant\u00edas N\u00b0 4, dado que no se advierte una causal de entidad suficiente para justificar su apartamiento, por lo que no se observan verificadas las graves circunstancias con aptitud para turbar al juzgador en su libertad y ecuanimidad de juicio\u201d expresaron en la resoluci\u00f3n.<\/h3>\n<h3>\u00a0Los Dres. Hern\u00e1n Herrera, Mar\u00eda Monserrath Bocca y Marcelo Bustamante resolvieron hacer lugar a la oposici\u00f3n formulada por el Sr. Juez de Garant\u00edas N\u00b0 1 de esta Segunda Circunscripci\u00f3n Judicial, Dr. Alfredo Osvaldo Cuello, y en consecuencia, rechazar el planteo excusatorio del Sr. Juez de Garant\u00edas N\u00b0 4, Dr. Santiago Andr\u00e9s Ortiz, debiendo continuar dicho magistrado entendiendo en la presente causa.<\/h3>\n<p>&nbsp;<\/p>\n<p>&nbsp;<\/p>\n<p>&nbsp;<\/p>\n","protected":false},"excerpt":{"rendered":"<p>El Tribunal de Impugnaciones de la Segunda y Tercera Circunscripci\u00f3n Judicial integrado por los Dres&#8230;.<\/p>\n","protected":false},"author":1,"featured_media":29695,"comment_status":"closed","ping_status":"closed","sticky":false,"template":"","format":"standard","meta":{"footnotes":""},"categories":[6],"tags":[],"class_list":["post-30183","post","type-post","status-publish","format-standard","has-post-thumbnail","hentry","category-ciudad-provincia"],"yoast_head":"<!-- This site is optimized with the Yoast SEO plugin v26.1.1 - https:\/\/yoast.com\/wordpress\/plugins\/seo\/ -->\n<title>CASO MOLINO F\u00c9NIX: TRIBUNAL DE IMPUGNACIONES RECHAZ\u00d3 LA EXCUSACI\u00d3N DEL JUEZ SANTIAGO ORTIZ - Apuntes de San Luis<\/title>\n<meta name=\"robots\" content=\"index, follow, max-snippet:-1, max-image-preview:large, max-video-preview:-1\" \/>\n<link rel=\"canonical\" href=\"https:\/\/apuntesdesanluis.com\/index.php\/2025\/03\/08\/caso-molino-fenix-tribunal-de-impugnaciones-rechazo-la-excusacion-del-juez-santiago-ortiz\/\" \/>\n<meta property=\"og:locale\" content=\"es_ES\" \/>\n<meta property=\"og:type\" content=\"article\" \/>\n<meta property=\"og:title\" content=\"CASO MOLINO F\u00c9NIX: TRIBUNAL DE IMPUGNACIONES RECHAZ\u00d3 LA EXCUSACI\u00d3N DEL JUEZ SANTIAGO ORTIZ - Apuntes de San Luis\" \/>\n<meta property=\"og:description\" content=\"El Tribunal de Impugnaciones de la Segunda y Tercera Circunscripci\u00f3n Judicial integrado por los Dres....\" \/>\n<meta property=\"og:url\" content=\"https:\/\/apuntesdesanluis.com\/index.php\/2025\/03\/08\/caso-molino-fenix-tribunal-de-impugnaciones-rechazo-la-excusacion-del-juez-santiago-ortiz\/\" \/>\n<meta property=\"og:site_name\" content=\"Apuntes de San Luis\" \/>\n<meta property=\"article:published_time\" content=\"2025-03-08T20:16:47+00:00\" \/>\n<meta property=\"og:image\" content=\"https:\/\/apuntesdesanluis.com\/wp-content\/uploads\/2025\/02\/juez-santiago-ortiz.png\" \/>\n\t<meta property=\"og:image:width\" content=\"596\" \/>\n\t<meta property=\"og:image:height\" content=\"438\" \/>\n\t<meta property=\"og:image:type\" content=\"image\/png\" \/>\n<meta name=\"author\" content=\"apuntesdesanluis.com\" \/>\n<meta name=\"twitter:card\" content=\"summary_large_image\" \/>\n<meta name=\"twitter:label1\" content=\"Escrito por\" \/>\n\t<meta name=\"twitter:data1\" content=\"apuntesdesanluis.com\" \/>\n\t<meta name=\"twitter:label2\" content=\"Tiempo de lectura\" \/>\n\t<meta name=\"twitter:data2\" content=\"4 minutos\" \/>\n<script type=\"application\/ld+json\" class=\"yoast-schema-graph\">{\"@context\":\"https:\/\/schema.org\",\"@graph\":[{\"@type\":\"Article\",\"@id\":\"https:\/\/apuntesdesanluis.com\/index.php\/2025\/03\/08\/caso-molino-fenix-tribunal-de-impugnaciones-rechazo-la-excusacion-del-juez-santiago-ortiz\/#article\",\"isPartOf\":{\"@id\":\"https:\/\/apuntesdesanluis.com\/index.php\/2025\/03\/08\/caso-molino-fenix-tribunal-de-impugnaciones-rechazo-la-excusacion-del-juez-santiago-ortiz\/\"},\"author\":{\"name\":\"apuntesdesanluis.com\",\"@id\":\"https:\/\/apuntesdesanluis.com\/#\/schema\/person\/b55151d52296fcce64d1a72538a70b90\"},\"headline\":\"CASO MOLINO F\u00c9NIX: TRIBUNAL DE IMPUGNACIONES RECHAZ\u00d3 LA EXCUSACI\u00d3N DEL JUEZ SANTIAGO ORTIZ\",\"datePublished\":\"2025-03-08T20:16:47+00:00\",\"mainEntityOfPage\":{\"@id\":\"https:\/\/apuntesdesanluis.com\/index.php\/2025\/03\/08\/caso-molino-fenix-tribunal-de-impugnaciones-rechazo-la-excusacion-del-juez-santiago-ortiz\/\"},\"wordCount\":662,\"publisher\":{\"@id\":\"https:\/\/apuntesdesanluis.com\/#\/schema\/person\/b55151d52296fcce64d1a72538a70b90\"},\"image\":{\"@id\":\"https:\/\/apuntesdesanluis.com\/index.php\/2025\/03\/08\/caso-molino-fenix-tribunal-de-impugnaciones-rechazo-la-excusacion-del-juez-santiago-ortiz\/#primaryimage\"},\"thumbnailUrl\":\"https:\/\/apuntesdesanluis.com\/wp-content\/uploads\/2025\/02\/juez-santiago-ortiz.png\",\"articleSection\":[\"Ciudad\/Provincia\"],\"inLanguage\":\"es-AR\"},{\"@type\":\"WebPage\",\"@id\":\"https:\/\/apuntesdesanluis.com\/index.php\/2025\/03\/08\/caso-molino-fenix-tribunal-de-impugnaciones-rechazo-la-excusacion-del-juez-santiago-ortiz\/\",\"url\":\"https:\/\/apuntesdesanluis.com\/index.php\/2025\/03\/08\/caso-molino-fenix-tribunal-de-impugnaciones-rechazo-la-excusacion-del-juez-santiago-ortiz\/\",\"name\":\"CASO MOLINO F\u00c9NIX: TRIBUNAL DE IMPUGNACIONES RECHAZ\u00d3 LA EXCUSACI\u00d3N DEL JUEZ SANTIAGO ORTIZ - Apuntes de San Luis\",\"isPartOf\":{\"@id\":\"https:\/\/apuntesdesanluis.com\/#website\"},\"primaryImageOfPage\":{\"@id\":\"https:\/\/apuntesdesanluis.com\/index.php\/2025\/03\/08\/caso-molino-fenix-tribunal-de-impugnaciones-rechazo-la-excusacion-del-juez-santiago-ortiz\/#primaryimage\"},\"image\":{\"@id\":\"https:\/\/apuntesdesanluis.com\/index.php\/2025\/03\/08\/caso-molino-fenix-tribunal-de-impugnaciones-rechazo-la-excusacion-del-juez-santiago-ortiz\/#primaryimage\"},\"thumbnailUrl\":\"https:\/\/apuntesdesanluis.com\/wp-content\/uploads\/2025\/02\/juez-santiago-ortiz.png\",\"datePublished\":\"2025-03-08T20:16:47+00:00\",\"breadcrumb\":{\"@id\":\"https:\/\/apuntesdesanluis.com\/index.php\/2025\/03\/08\/caso-molino-fenix-tribunal-de-impugnaciones-rechazo-la-excusacion-del-juez-santiago-ortiz\/#breadcrumb\"},\"inLanguage\":\"es-AR\",\"potentialAction\":[{\"@type\":\"ReadAction\",\"target\":[\"https:\/\/apuntesdesanluis.com\/index.php\/2025\/03\/08\/caso-molino-fenix-tribunal-de-impugnaciones-rechazo-la-excusacion-del-juez-santiago-ortiz\/\"]}]},{\"@type\":\"ImageObject\",\"inLanguage\":\"es-AR\",\"@id\":\"https:\/\/apuntesdesanluis.com\/index.php\/2025\/03\/08\/caso-molino-fenix-tribunal-de-impugnaciones-rechazo-la-excusacion-del-juez-santiago-ortiz\/#primaryimage\",\"url\":\"https:\/\/apuntesdesanluis.com\/wp-content\/uploads\/2025\/02\/juez-santiago-ortiz.png\",\"contentUrl\":\"https:\/\/apuntesdesanluis.com\/wp-content\/uploads\/2025\/02\/juez-santiago-ortiz.png\",\"width\":596,\"height\":438},{\"@type\":\"BreadcrumbList\",\"@id\":\"https:\/\/apuntesdesanluis.com\/index.php\/2025\/03\/08\/caso-molino-fenix-tribunal-de-impugnaciones-rechazo-la-excusacion-del-juez-santiago-ortiz\/#breadcrumb\",\"itemListElement\":[{\"@type\":\"ListItem\",\"position\":1,\"name\":\"Inicio\",\"item\":\"https:\/\/apuntesdesanluis.com\/\"},{\"@type\":\"ListItem\",\"position\":2,\"name\":\"CASO MOLINO F\u00c9NIX: TRIBUNAL DE IMPUGNACIONES RECHAZ\u00d3 LA EXCUSACI\u00d3N DEL JUEZ SANTIAGO ORTIZ\"}]},{\"@type\":\"WebSite\",\"@id\":\"https:\/\/apuntesdesanluis.com\/#website\",\"url\":\"https:\/\/apuntesdesanluis.com\/\",\"name\":\"Apuntes de San Luis\",\"description\":\"\",\"publisher\":{\"@id\":\"https:\/\/apuntesdesanluis.com\/#\/schema\/person\/b55151d52296fcce64d1a72538a70b90\"},\"potentialAction\":[{\"@type\":\"SearchAction\",\"target\":{\"@type\":\"EntryPoint\",\"urlTemplate\":\"https:\/\/apuntesdesanluis.com\/?s={search_term_string}\"},\"query-input\":{\"@type\":\"PropertyValueSpecification\",\"valueRequired\":true,\"valueName\":\"search_term_string\"}}],\"inLanguage\":\"es-AR\"},{\"@type\":[\"Person\",\"Organization\"],\"@id\":\"https:\/\/apuntesdesanluis.com\/#\/schema\/person\/b55151d52296fcce64d1a72538a70b90\",\"name\":\"apuntesdesanluis.com\",\"image\":{\"@type\":\"ImageObject\",\"inLanguage\":\"es-AR\",\"@id\":\"https:\/\/apuntesdesanluis.com\/#\/schema\/person\/image\/\",\"url\":\"https:\/\/apuntesdesanluis.com\/wp-content\/uploads\/2023\/07\/cropped-apuntesdesanluis.png\",\"contentUrl\":\"https:\/\/apuntesdesanluis.com\/wp-content\/uploads\/2023\/07\/cropped-apuntesdesanluis.png\",\"width\":450,\"height\":112,\"caption\":\"apuntesdesanluis.com\"},\"logo\":{\"@id\":\"https:\/\/apuntesdesanluis.com\/#\/schema\/person\/image\/\"},\"sameAs\":[\"https:\/\/apuntesdesanluis.com\"],\"url\":\"https:\/\/apuntesdesanluis.com\/index.php\/author\/apuntesdesanluis-com\/\"}]}<\/script>\n<!-- \/ Yoast SEO plugin. -->","yoast_head_json":{"title":"CASO MOLINO F\u00c9NIX: TRIBUNAL DE IMPUGNACIONES RECHAZ\u00d3 LA EXCUSACI\u00d3N DEL JUEZ SANTIAGO ORTIZ - Apuntes de San Luis","robots":{"index":"index","follow":"follow","max-snippet":"max-snippet:-1","max-image-preview":"max-image-preview:large","max-video-preview":"max-video-preview:-1"},"canonical":"https:\/\/apuntesdesanluis.com\/index.php\/2025\/03\/08\/caso-molino-fenix-tribunal-de-impugnaciones-rechazo-la-excusacion-del-juez-santiago-ortiz\/","og_locale":"es_ES","og_type":"article","og_title":"CASO MOLINO F\u00c9NIX: TRIBUNAL DE IMPUGNACIONES RECHAZ\u00d3 LA EXCUSACI\u00d3N DEL JUEZ SANTIAGO ORTIZ - Apuntes de San Luis","og_description":"El Tribunal de Impugnaciones de la Segunda y Tercera Circunscripci\u00f3n Judicial integrado por los Dres....","og_url":"https:\/\/apuntesdesanluis.com\/index.php\/2025\/03\/08\/caso-molino-fenix-tribunal-de-impugnaciones-rechazo-la-excusacion-del-juez-santiago-ortiz\/","og_site_name":"Apuntes de San Luis","article_published_time":"2025-03-08T20:16:47+00:00","og_image":[{"width":596,"height":438,"url":"https:\/\/apuntesdesanluis.com\/wp-content\/uploads\/2025\/02\/juez-santiago-ortiz.png","type":"image\/png"}],"author":"apuntesdesanluis.com","twitter_card":"summary_large_image","twitter_misc":{"Escrito por":"apuntesdesanluis.com","Tiempo de lectura":"4 minutos"},"schema":{"@context":"https:\/\/schema.org","@graph":[{"@type":"Article","@id":"https:\/\/apuntesdesanluis.com\/index.php\/2025\/03\/08\/caso-molino-fenix-tribunal-de-impugnaciones-rechazo-la-excusacion-del-juez-santiago-ortiz\/#article","isPartOf":{"@id":"https:\/\/apuntesdesanluis.com\/index.php\/2025\/03\/08\/caso-molino-fenix-tribunal-de-impugnaciones-rechazo-la-excusacion-del-juez-santiago-ortiz\/"},"author":{"name":"apuntesdesanluis.com","@id":"https:\/\/apuntesdesanluis.com\/#\/schema\/person\/b55151d52296fcce64d1a72538a70b90"},"headline":"CASO MOLINO F\u00c9NIX: TRIBUNAL DE IMPUGNACIONES RECHAZ\u00d3 LA EXCUSACI\u00d3N DEL JUEZ SANTIAGO ORTIZ","datePublished":"2025-03-08T20:16:47+00:00","mainEntityOfPage":{"@id":"https:\/\/apuntesdesanluis.com\/index.php\/2025\/03\/08\/caso-molino-fenix-tribunal-de-impugnaciones-rechazo-la-excusacion-del-juez-santiago-ortiz\/"},"wordCount":662,"publisher":{"@id":"https:\/\/apuntesdesanluis.com\/#\/schema\/person\/b55151d52296fcce64d1a72538a70b90"},"image":{"@id":"https:\/\/apuntesdesanluis.com\/index.php\/2025\/03\/08\/caso-molino-fenix-tribunal-de-impugnaciones-rechazo-la-excusacion-del-juez-santiago-ortiz\/#primaryimage"},"thumbnailUrl":"https:\/\/apuntesdesanluis.com\/wp-content\/uploads\/2025\/02\/juez-santiago-ortiz.png","articleSection":["Ciudad\/Provincia"],"inLanguage":"es-AR"},{"@type":"WebPage","@id":"https:\/\/apuntesdesanluis.com\/index.php\/2025\/03\/08\/caso-molino-fenix-tribunal-de-impugnaciones-rechazo-la-excusacion-del-juez-santiago-ortiz\/","url":"https:\/\/apuntesdesanluis.com\/index.php\/2025\/03\/08\/caso-molino-fenix-tribunal-de-impugnaciones-rechazo-la-excusacion-del-juez-santiago-ortiz\/","name":"CASO MOLINO F\u00c9NIX: TRIBUNAL DE IMPUGNACIONES RECHAZ\u00d3 LA EXCUSACI\u00d3N DEL JUEZ SANTIAGO ORTIZ - Apuntes de San Luis","isPartOf":{"@id":"https:\/\/apuntesdesanluis.com\/#website"},"primaryImageOfPage":{"@id":"https:\/\/apuntesdesanluis.com\/index.php\/2025\/03\/08\/caso-molino-fenix-tribunal-de-impugnaciones-rechazo-la-excusacion-del-juez-santiago-ortiz\/#primaryimage"},"image":{"@id":"https:\/\/apuntesdesanluis.com\/index.php\/2025\/03\/08\/caso-molino-fenix-tribunal-de-impugnaciones-rechazo-la-excusacion-del-juez-santiago-ortiz\/#primaryimage"},"thumbnailUrl":"https:\/\/apuntesdesanluis.com\/wp-content\/uploads\/2025\/02\/juez-santiago-ortiz.png","datePublished":"2025-03-08T20:16:47+00:00","breadcrumb":{"@id":"https:\/\/apuntesdesanluis.com\/index.php\/2025\/03\/08\/caso-molino-fenix-tribunal-de-impugnaciones-rechazo-la-excusacion-del-juez-santiago-ortiz\/#breadcrumb"},"inLanguage":"es-AR","potentialAction":[{"@type":"ReadAction","target":["https:\/\/apuntesdesanluis.com\/index.php\/2025\/03\/08\/caso-molino-fenix-tribunal-de-impugnaciones-rechazo-la-excusacion-del-juez-santiago-ortiz\/"]}]},{"@type":"ImageObject","inLanguage":"es-AR","@id":"https:\/\/apuntesdesanluis.com\/index.php\/2025\/03\/08\/caso-molino-fenix-tribunal-de-impugnaciones-rechazo-la-excusacion-del-juez-santiago-ortiz\/#primaryimage","url":"https:\/\/apuntesdesanluis.com\/wp-content\/uploads\/2025\/02\/juez-santiago-ortiz.png","contentUrl":"https:\/\/apuntesdesanluis.com\/wp-content\/uploads\/2025\/02\/juez-santiago-ortiz.png","width":596,"height":438},{"@type":"BreadcrumbList","@id":"https:\/\/apuntesdesanluis.com\/index.php\/2025\/03\/08\/caso-molino-fenix-tribunal-de-impugnaciones-rechazo-la-excusacion-del-juez-santiago-ortiz\/#breadcrumb","itemListElement":[{"@type":"ListItem","position":1,"name":"Inicio","item":"https:\/\/apuntesdesanluis.com\/"},{"@type":"ListItem","position":2,"name":"CASO MOLINO F\u00c9NIX: TRIBUNAL DE IMPUGNACIONES RECHAZ\u00d3 LA EXCUSACI\u00d3N DEL JUEZ SANTIAGO ORTIZ"}]},{"@type":"WebSite","@id":"https:\/\/apuntesdesanluis.com\/#website","url":"https:\/\/apuntesdesanluis.com\/","name":"Apuntes de San Luis","description":"","publisher":{"@id":"https:\/\/apuntesdesanluis.com\/#\/schema\/person\/b55151d52296fcce64d1a72538a70b90"},"potentialAction":[{"@type":"SearchAction","target":{"@type":"EntryPoint","urlTemplate":"https:\/\/apuntesdesanluis.com\/?s={search_term_string}"},"query-input":{"@type":"PropertyValueSpecification","valueRequired":true,"valueName":"search_term_string"}}],"inLanguage":"es-AR"},{"@type":["Person","Organization"],"@id":"https:\/\/apuntesdesanluis.com\/#\/schema\/person\/b55151d52296fcce64d1a72538a70b90","name":"apuntesdesanluis.com","image":{"@type":"ImageObject","inLanguage":"es-AR","@id":"https:\/\/apuntesdesanluis.com\/#\/schema\/person\/image\/","url":"https:\/\/apuntesdesanluis.com\/wp-content\/uploads\/2023\/07\/cropped-apuntesdesanluis.png","contentUrl":"https:\/\/apuntesdesanluis.com\/wp-content\/uploads\/2023\/07\/cropped-apuntesdesanluis.png","width":450,"height":112,"caption":"apuntesdesanluis.com"},"logo":{"@id":"https:\/\/apuntesdesanluis.com\/#\/schema\/person\/image\/"},"sameAs":["https:\/\/apuntesdesanluis.com"],"url":"https:\/\/apuntesdesanluis.com\/index.php\/author\/apuntesdesanluis-com\/"}]}},"featured_image_urls":{"full":["https:\/\/apuntesdesanluis.com\/wp-content\/uploads\/2025\/02\/juez-santiago-ortiz.png",596,438,false],"thumbnail":["https:\/\/apuntesdesanluis.com\/wp-content\/uploads\/2025\/02\/juez-santiago-ortiz-150x150.png",150,150,true],"medium":["https:\/\/apuntesdesanluis.com\/wp-content\/uploads\/2025\/02\/juez-santiago-ortiz-300x220.png",300,220,true],"medium_large":["https:\/\/apuntesdesanluis.com\/wp-content\/uploads\/2025\/02\/juez-santiago-ortiz.png",596,438,false],"large":["https:\/\/apuntesdesanluis.com\/wp-content\/uploads\/2025\/02\/juez-santiago-ortiz.png",596,438,false],"1536x1536":["https:\/\/apuntesdesanluis.com\/wp-content\/uploads\/2025\/02\/juez-santiago-ortiz.png",596,438,false],"2048x2048":["https:\/\/apuntesdesanluis.com\/wp-content\/uploads\/2025\/02\/juez-santiago-ortiz.png",596,438,false],"newsever-slider-full":["https:\/\/apuntesdesanluis.com\/wp-content\/uploads\/2025\/02\/juez-santiago-ortiz.png",596,438,false],"newsever-featured":["https:\/\/apuntesdesanluis.com\/wp-content\/uploads\/2025\/02\/juez-santiago-ortiz.png",596,438,false],"newsever-medium":["https:\/\/apuntesdesanluis.com\/wp-content\/uploads\/2025\/02\/juez-santiago-ortiz.png",596,438,false]},"author_info":{"display_name":"apuntesdesanluis.com","author_link":"https:\/\/apuntesdesanluis.com\/index.php\/author\/apuntesdesanluis-com\/"},"category_info":"<a href=\"https:\/\/apuntesdesanluis.com\/index.php\/category\/ciudad-provincia\/\" rel=\"category tag\">Ciudad\/Provincia<\/a>","tag_info":"Ciudad\/Provincia","comment_count":"0","_links":{"self":[{"href":"https:\/\/apuntesdesanluis.com\/index.php\/wp-json\/wp\/v2\/posts\/30183","targetHints":{"allow":["GET"]}}],"collection":[{"href":"https:\/\/apuntesdesanluis.com\/index.php\/wp-json\/wp\/v2\/posts"}],"about":[{"href":"https:\/\/apuntesdesanluis.com\/index.php\/wp-json\/wp\/v2\/types\/post"}],"author":[{"embeddable":true,"href":"https:\/\/apuntesdesanluis.com\/index.php\/wp-json\/wp\/v2\/users\/1"}],"replies":[{"embeddable":true,"href":"https:\/\/apuntesdesanluis.com\/index.php\/wp-json\/wp\/v2\/comments?post=30183"}],"version-history":[{"count":1,"href":"https:\/\/apuntesdesanluis.com\/index.php\/wp-json\/wp\/v2\/posts\/30183\/revisions"}],"predecessor-version":[{"id":30184,"href":"https:\/\/apuntesdesanluis.com\/index.php\/wp-json\/wp\/v2\/posts\/30183\/revisions\/30184"}],"wp:featuredmedia":[{"embeddable":true,"href":"https:\/\/apuntesdesanluis.com\/index.php\/wp-json\/wp\/v2\/media\/29695"}],"wp:attachment":[{"href":"https:\/\/apuntesdesanluis.com\/index.php\/wp-json\/wp\/v2\/media?parent=30183"}],"wp:term":[{"taxonomy":"category","embeddable":true,"href":"https:\/\/apuntesdesanluis.com\/index.php\/wp-json\/wp\/v2\/categories?post=30183"},{"taxonomy":"post_tag","embeddable":true,"href":"https:\/\/apuntesdesanluis.com\/index.php\/wp-json\/wp\/v2\/tags?post=30183"}],"curies":[{"name":"wp","href":"https:\/\/api.w.org\/{rel}","templated":true}]}}