{"id":30201,"date":"2025-03-08T18:12:41","date_gmt":"2025-03-08T21:12:41","guid":{"rendered":"https:\/\/apuntesdesanluis.com\/?p=30201"},"modified":"2025-03-08T18:12:41","modified_gmt":"2025-03-08T21:12:41","slug":"se-mato-un-motociclista-al-colisionar-con-vehiculo-cuyo-conductor-dio-positivo-en-el-alcotest","status":"publish","type":"post","link":"https:\/\/apuntesdesanluis.com\/index.php\/2025\/03\/08\/se-mato-un-motociclista-al-colisionar-con-vehiculo-cuyo-conductor-dio-positivo-en-el-alcotest\/","title":{"rendered":"SE MAT\u00d3 UN MOTOCICLISTA AL COLISIONAR CON VEH\u00cdCULO, CUYO CONDUCTOR DIO POSITIVO EN EL ALCOTEST"},"content":{"rendered":"<h3>La Direcci\u00f3n General de Polic\u00eda Caminera y Seguridad Vial inform\u00f3 que este s\u00e1bado, alrededor de las 05:30, se produjo un accidente de tr\u00e1nsito en la ciudad de San Luis, espec\u00edficamente en la avenida Jos\u00e9 Santos Ortiz, a la altura de la Plaza Halcones del Cielo.<\/h3>\n<h3>De acuerdo a las averiguaciones, una moto marca Corven 110cc -conducida por un hombre de 51 a\u00f1os- que circulaba por la avenida Jos\u00e9 Santos Ortiz de este a oeste fue impactada por una camioneta Fiat Toro -conducida por un hombre de 42 a\u00f1os- que circulaba en el mismo sentido por la mencionada avenida.<\/h3>\n<p><img fetchpriority=\"high\" decoding=\"async\" class=\"wp-image-30203 aligncenter\" src=\"https:\/\/apuntesdesanluis.com\/wp-content\/uploads\/2025\/03\/Imagen-de-WhatsApp-2025-03-08-a-las-10.03.11_9c09dbb6-300x216.jpg\" alt=\"\" width=\"663\" height=\"477\" srcset=\"https:\/\/apuntesdesanluis.com\/wp-content\/uploads\/2025\/03\/Imagen-de-WhatsApp-2025-03-08-a-las-10.03.11_9c09dbb6-300x216.jpg 300w, https:\/\/apuntesdesanluis.com\/wp-content\/uploads\/2025\/03\/Imagen-de-WhatsApp-2025-03-08-a-las-10.03.11_9c09dbb6.jpg 618w\" sizes=\"(max-width: 663px) 100vw, 663px\" \/><\/p>\n<h3>Debido al impacto, el conductor de la motocicleta muri\u00f3 en el lugar. Personal m\u00e9dico que acudi\u00f3 a ese sitio en una ambulancia del Sempro, constat\u00f3 el fallecimiento del hombre.<\/h3>\n<h3>Asimismo, personal de Accidentolog\u00eda Vial le realiz\u00f3 el alcotest al conductor de la camioneta, arrojando resultado positivo de 0,99 gr\/lts de alcohol en sangre.<\/h3>\n<h3>En ese sentido, el hombre de 42 a\u00f1os fue demorado y trasladado a la dependencia policial, por orden de la Fiscal\u00eda de Instrucci\u00f3n de turno, a cargo del Dr. Juan Pablo D\u00edaz Estopi\u00f1\u00e1n.<\/h3>\n<p>&nbsp;<\/p>\n<p>&nbsp;<\/p>\n<p>&nbsp;<\/p>\n<h3><\/h3>\n<h3><\/h3>\n<p>&nbsp;<\/p>\n","protected":false},"excerpt":{"rendered":"<p>La Direcci\u00f3n General de Polic\u00eda Caminera y Seguridad Vial inform\u00f3 que este s\u00e1bado, alrededor de&#8230;<\/p>\n","protected":false},"author":1,"featured_media":30202,"comment_status":"closed","ping_status":"closed","sticky":false,"template":"","format":"standard","meta":{"footnotes":""},"categories":[6],"tags":[],"class_list":["post-30201","post","type-post","status-publish","format-standard","has-post-thumbnail","hentry","category-ciudad-provincia"],"yoast_head":"<!-- This site is optimized with the Yoast SEO plugin v26.1.1 - https:\/\/yoast.com\/wordpress\/plugins\/seo\/ -->\n<title>SE MAT\u00d3 UN MOTOCICLISTA AL COLISIONAR CON VEH\u00cdCULO, CUYO CONDUCTOR DIO POSITIVO EN EL ALCOTEST - Apuntes de San Luis<\/title>\n<meta name=\"robots\" content=\"index, follow, max-snippet:-1, max-image-preview:large, max-video-preview:-1\" \/>\n<link rel=\"canonical\" href=\"https:\/\/apuntesdesanluis.com\/index.php\/2025\/03\/08\/se-mato-un-motociclista-al-colisionar-con-vehiculo-cuyo-conductor-dio-positivo-en-el-alcotest\/\" \/>\n<meta property=\"og:locale\" content=\"es_ES\" \/>\n<meta property=\"og:type\" content=\"article\" \/>\n<meta property=\"og:title\" content=\"SE MAT\u00d3 UN MOTOCICLISTA AL COLISIONAR CON VEH\u00cdCULO, CUYO CONDUCTOR DIO POSITIVO EN EL ALCOTEST - Apuntes de San Luis\" \/>\n<meta property=\"og:description\" content=\"La Direcci\u00f3n General de Polic\u00eda Caminera y Seguridad Vial inform\u00f3 que este s\u00e1bado, alrededor de...\" \/>\n<meta property=\"og:url\" content=\"https:\/\/apuntesdesanluis.com\/index.php\/2025\/03\/08\/se-mato-un-motociclista-al-colisionar-con-vehiculo-cuyo-conductor-dio-positivo-en-el-alcotest\/\" \/>\n<meta property=\"og:site_name\" content=\"Apuntes de San Luis\" \/>\n<meta property=\"article:published_time\" content=\"2025-03-08T21:12:41+00:00\" \/>\n<meta property=\"og:image\" content=\"https:\/\/apuntesdesanluis.com\/wp-content\/uploads\/2025\/03\/Imagen-de-WhatsApp-2025-03-08-a-las-10.03.11_5f0c3be9.jpg\" \/>\n\t<meta property=\"og:image:width\" content=\"700\" \/>\n\t<meta property=\"og:image:height\" content=\"526\" \/>\n\t<meta property=\"og:image:type\" content=\"image\/jpeg\" \/>\n<meta name=\"author\" content=\"apuntesdesanluis.com\" \/>\n<meta name=\"twitter:card\" content=\"summary_large_image\" \/>\n<meta name=\"twitter:label1\" content=\"Escrito por\" \/>\n\t<meta name=\"twitter:data1\" content=\"apuntesdesanluis.com\" \/>\n\t<meta name=\"twitter:label2\" content=\"Tiempo de lectura\" \/>\n\t<meta name=\"twitter:data2\" content=\"2 minutos\" \/>\n<script type=\"application\/ld+json\" class=\"yoast-schema-graph\">{\"@context\":\"https:\/\/schema.org\",\"@graph\":[{\"@type\":\"Article\",\"@id\":\"https:\/\/apuntesdesanluis.com\/index.php\/2025\/03\/08\/se-mato-un-motociclista-al-colisionar-con-vehiculo-cuyo-conductor-dio-positivo-en-el-alcotest\/#article\",\"isPartOf\":{\"@id\":\"https:\/\/apuntesdesanluis.com\/index.php\/2025\/03\/08\/se-mato-un-motociclista-al-colisionar-con-vehiculo-cuyo-conductor-dio-positivo-en-el-alcotest\/\"},\"author\":{\"name\":\"apuntesdesanluis.com\",\"@id\":\"https:\/\/apuntesdesanluis.com\/#\/schema\/person\/b55151d52296fcce64d1a72538a70b90\"},\"headline\":\"SE MAT\u00d3 UN MOTOCICLISTA AL COLISIONAR CON VEH\u00cdCULO, CUYO CONDUCTOR DIO POSITIVO EN EL ALCOTEST\",\"datePublished\":\"2025-03-08T21:12:41+00:00\",\"mainEntityOfPage\":{\"@id\":\"https:\/\/apuntesdesanluis.com\/index.php\/2025\/03\/08\/se-mato-un-motociclista-al-colisionar-con-vehiculo-cuyo-conductor-dio-positivo-en-el-alcotest\/\"},\"wordCount\":214,\"publisher\":{\"@id\":\"https:\/\/apuntesdesanluis.com\/#\/schema\/person\/b55151d52296fcce64d1a72538a70b90\"},\"image\":{\"@id\":\"https:\/\/apuntesdesanluis.com\/index.php\/2025\/03\/08\/se-mato-un-motociclista-al-colisionar-con-vehiculo-cuyo-conductor-dio-positivo-en-el-alcotest\/#primaryimage\"},\"thumbnailUrl\":\"https:\/\/apuntesdesanluis.com\/wp-content\/uploads\/2025\/03\/Imagen-de-WhatsApp-2025-03-08-a-las-10.03.11_5f0c3be9.jpg\",\"articleSection\":[\"Ciudad\/Provincia\"],\"inLanguage\":\"es-AR\"},{\"@type\":\"WebPage\",\"@id\":\"https:\/\/apuntesdesanluis.com\/index.php\/2025\/03\/08\/se-mato-un-motociclista-al-colisionar-con-vehiculo-cuyo-conductor-dio-positivo-en-el-alcotest\/\",\"url\":\"https:\/\/apuntesdesanluis.com\/index.php\/2025\/03\/08\/se-mato-un-motociclista-al-colisionar-con-vehiculo-cuyo-conductor-dio-positivo-en-el-alcotest\/\",\"name\":\"SE MAT\u00d3 UN MOTOCICLISTA AL COLISIONAR CON VEH\u00cdCULO, CUYO CONDUCTOR DIO POSITIVO EN EL ALCOTEST - Apuntes de San Luis\",\"isPartOf\":{\"@id\":\"https:\/\/apuntesdesanluis.com\/#website\"},\"primaryImageOfPage\":{\"@id\":\"https:\/\/apuntesdesanluis.com\/index.php\/2025\/03\/08\/se-mato-un-motociclista-al-colisionar-con-vehiculo-cuyo-conductor-dio-positivo-en-el-alcotest\/#primaryimage\"},\"image\":{\"@id\":\"https:\/\/apuntesdesanluis.com\/index.php\/2025\/03\/08\/se-mato-un-motociclista-al-colisionar-con-vehiculo-cuyo-conductor-dio-positivo-en-el-alcotest\/#primaryimage\"},\"thumbnailUrl\":\"https:\/\/apuntesdesanluis.com\/wp-content\/uploads\/2025\/03\/Imagen-de-WhatsApp-2025-03-08-a-las-10.03.11_5f0c3be9.jpg\",\"datePublished\":\"2025-03-08T21:12:41+00:00\",\"breadcrumb\":{\"@id\":\"https:\/\/apuntesdesanluis.com\/index.php\/2025\/03\/08\/se-mato-un-motociclista-al-colisionar-con-vehiculo-cuyo-conductor-dio-positivo-en-el-alcotest\/#breadcrumb\"},\"inLanguage\":\"es-AR\",\"potentialAction\":[{\"@type\":\"ReadAction\",\"target\":[\"https:\/\/apuntesdesanluis.com\/index.php\/2025\/03\/08\/se-mato-un-motociclista-al-colisionar-con-vehiculo-cuyo-conductor-dio-positivo-en-el-alcotest\/\"]}]},{\"@type\":\"ImageObject\",\"inLanguage\":\"es-AR\",\"@id\":\"https:\/\/apuntesdesanluis.com\/index.php\/2025\/03\/08\/se-mato-un-motociclista-al-colisionar-con-vehiculo-cuyo-conductor-dio-positivo-en-el-alcotest\/#primaryimage\",\"url\":\"https:\/\/apuntesdesanluis.com\/wp-content\/uploads\/2025\/03\/Imagen-de-WhatsApp-2025-03-08-a-las-10.03.11_5f0c3be9.jpg\",\"contentUrl\":\"https:\/\/apuntesdesanluis.com\/wp-content\/uploads\/2025\/03\/Imagen-de-WhatsApp-2025-03-08-a-las-10.03.11_5f0c3be9.jpg\",\"width\":700,\"height\":526},{\"@type\":\"BreadcrumbList\",\"@id\":\"https:\/\/apuntesdesanluis.com\/index.php\/2025\/03\/08\/se-mato-un-motociclista-al-colisionar-con-vehiculo-cuyo-conductor-dio-positivo-en-el-alcotest\/#breadcrumb\",\"itemListElement\":[{\"@type\":\"ListItem\",\"position\":1,\"name\":\"Inicio\",\"item\":\"https:\/\/apuntesdesanluis.com\/\"},{\"@type\":\"ListItem\",\"position\":2,\"name\":\"SE MAT\u00d3 UN MOTOCICLISTA AL COLISIONAR CON VEH\u00cdCULO, CUYO CONDUCTOR DIO POSITIVO EN EL ALCOTEST\"}]},{\"@type\":\"WebSite\",\"@id\":\"https:\/\/apuntesdesanluis.com\/#website\",\"url\":\"https:\/\/apuntesdesanluis.com\/\",\"name\":\"Apuntes de San Luis\",\"description\":\"\",\"publisher\":{\"@id\":\"https:\/\/apuntesdesanluis.com\/#\/schema\/person\/b55151d52296fcce64d1a72538a70b90\"},\"potentialAction\":[{\"@type\":\"SearchAction\",\"target\":{\"@type\":\"EntryPoint\",\"urlTemplate\":\"https:\/\/apuntesdesanluis.com\/?s={search_term_string}\"},\"query-input\":{\"@type\":\"PropertyValueSpecification\",\"valueRequired\":true,\"valueName\":\"search_term_string\"}}],\"inLanguage\":\"es-AR\"},{\"@type\":[\"Person\",\"Organization\"],\"@id\":\"https:\/\/apuntesdesanluis.com\/#\/schema\/person\/b55151d52296fcce64d1a72538a70b90\",\"name\":\"apuntesdesanluis.com\",\"image\":{\"@type\":\"ImageObject\",\"inLanguage\":\"es-AR\",\"@id\":\"https:\/\/apuntesdesanluis.com\/#\/schema\/person\/image\/\",\"url\":\"https:\/\/apuntesdesanluis.com\/wp-content\/uploads\/2023\/07\/cropped-apuntesdesanluis.png\",\"contentUrl\":\"https:\/\/apuntesdesanluis.com\/wp-content\/uploads\/2023\/07\/cropped-apuntesdesanluis.png\",\"width\":450,\"height\":112,\"caption\":\"apuntesdesanluis.com\"},\"logo\":{\"@id\":\"https:\/\/apuntesdesanluis.com\/#\/schema\/person\/image\/\"},\"sameAs\":[\"https:\/\/apuntesdesanluis.com\"],\"url\":\"https:\/\/apuntesdesanluis.com\/index.php\/author\/apuntesdesanluis-com\/\"}]}<\/script>\n<!-- \/ Yoast SEO plugin. -->","yoast_head_json":{"title":"SE MAT\u00d3 UN MOTOCICLISTA AL COLISIONAR CON VEH\u00cdCULO, CUYO CONDUCTOR DIO POSITIVO EN EL ALCOTEST - Apuntes de San Luis","robots":{"index":"index","follow":"follow","max-snippet":"max-snippet:-1","max-image-preview":"max-image-preview:large","max-video-preview":"max-video-preview:-1"},"canonical":"https:\/\/apuntesdesanluis.com\/index.php\/2025\/03\/08\/se-mato-un-motociclista-al-colisionar-con-vehiculo-cuyo-conductor-dio-positivo-en-el-alcotest\/","og_locale":"es_ES","og_type":"article","og_title":"SE MAT\u00d3 UN MOTOCICLISTA AL COLISIONAR CON VEH\u00cdCULO, CUYO CONDUCTOR DIO POSITIVO EN EL ALCOTEST - Apuntes de San Luis","og_description":"La Direcci\u00f3n General de Polic\u00eda Caminera y Seguridad Vial inform\u00f3 que este s\u00e1bado, alrededor de...","og_url":"https:\/\/apuntesdesanluis.com\/index.php\/2025\/03\/08\/se-mato-un-motociclista-al-colisionar-con-vehiculo-cuyo-conductor-dio-positivo-en-el-alcotest\/","og_site_name":"Apuntes de San Luis","article_published_time":"2025-03-08T21:12:41+00:00","og_image":[{"width":700,"height":526,"url":"https:\/\/apuntesdesanluis.com\/wp-content\/uploads\/2025\/03\/Imagen-de-WhatsApp-2025-03-08-a-las-10.03.11_5f0c3be9.jpg","type":"image\/jpeg"}],"author":"apuntesdesanluis.com","twitter_card":"summary_large_image","twitter_misc":{"Escrito por":"apuntesdesanluis.com","Tiempo de lectura":"2 minutos"},"schema":{"@context":"https:\/\/schema.org","@graph":[{"@type":"Article","@id":"https:\/\/apuntesdesanluis.com\/index.php\/2025\/03\/08\/se-mato-un-motociclista-al-colisionar-con-vehiculo-cuyo-conductor-dio-positivo-en-el-alcotest\/#article","isPartOf":{"@id":"https:\/\/apuntesdesanluis.com\/index.php\/2025\/03\/08\/se-mato-un-motociclista-al-colisionar-con-vehiculo-cuyo-conductor-dio-positivo-en-el-alcotest\/"},"author":{"name":"apuntesdesanluis.com","@id":"https:\/\/apuntesdesanluis.com\/#\/schema\/person\/b55151d52296fcce64d1a72538a70b90"},"headline":"SE MAT\u00d3 UN MOTOCICLISTA AL COLISIONAR CON VEH\u00cdCULO, CUYO CONDUCTOR DIO POSITIVO EN EL ALCOTEST","datePublished":"2025-03-08T21:12:41+00:00","mainEntityOfPage":{"@id":"https:\/\/apuntesdesanluis.com\/index.php\/2025\/03\/08\/se-mato-un-motociclista-al-colisionar-con-vehiculo-cuyo-conductor-dio-positivo-en-el-alcotest\/"},"wordCount":214,"publisher":{"@id":"https:\/\/apuntesdesanluis.com\/#\/schema\/person\/b55151d52296fcce64d1a72538a70b90"},"image":{"@id":"https:\/\/apuntesdesanluis.com\/index.php\/2025\/03\/08\/se-mato-un-motociclista-al-colisionar-con-vehiculo-cuyo-conductor-dio-positivo-en-el-alcotest\/#primaryimage"},"thumbnailUrl":"https:\/\/apuntesdesanluis.com\/wp-content\/uploads\/2025\/03\/Imagen-de-WhatsApp-2025-03-08-a-las-10.03.11_5f0c3be9.jpg","articleSection":["Ciudad\/Provincia"],"inLanguage":"es-AR"},{"@type":"WebPage","@id":"https:\/\/apuntesdesanluis.com\/index.php\/2025\/03\/08\/se-mato-un-motociclista-al-colisionar-con-vehiculo-cuyo-conductor-dio-positivo-en-el-alcotest\/","url":"https:\/\/apuntesdesanluis.com\/index.php\/2025\/03\/08\/se-mato-un-motociclista-al-colisionar-con-vehiculo-cuyo-conductor-dio-positivo-en-el-alcotest\/","name":"SE MAT\u00d3 UN MOTOCICLISTA AL COLISIONAR CON VEH\u00cdCULO, CUYO CONDUCTOR DIO POSITIVO EN EL ALCOTEST - Apuntes de San Luis","isPartOf":{"@id":"https:\/\/apuntesdesanluis.com\/#website"},"primaryImageOfPage":{"@id":"https:\/\/apuntesdesanluis.com\/index.php\/2025\/03\/08\/se-mato-un-motociclista-al-colisionar-con-vehiculo-cuyo-conductor-dio-positivo-en-el-alcotest\/#primaryimage"},"image":{"@id":"https:\/\/apuntesdesanluis.com\/index.php\/2025\/03\/08\/se-mato-un-motociclista-al-colisionar-con-vehiculo-cuyo-conductor-dio-positivo-en-el-alcotest\/#primaryimage"},"thumbnailUrl":"https:\/\/apuntesdesanluis.com\/wp-content\/uploads\/2025\/03\/Imagen-de-WhatsApp-2025-03-08-a-las-10.03.11_5f0c3be9.jpg","datePublished":"2025-03-08T21:12:41+00:00","breadcrumb":{"@id":"https:\/\/apuntesdesanluis.com\/index.php\/2025\/03\/08\/se-mato-un-motociclista-al-colisionar-con-vehiculo-cuyo-conductor-dio-positivo-en-el-alcotest\/#breadcrumb"},"inLanguage":"es-AR","potentialAction":[{"@type":"ReadAction","target":["https:\/\/apuntesdesanluis.com\/index.php\/2025\/03\/08\/se-mato-un-motociclista-al-colisionar-con-vehiculo-cuyo-conductor-dio-positivo-en-el-alcotest\/"]}]},{"@type":"ImageObject","inLanguage":"es-AR","@id":"https:\/\/apuntesdesanluis.com\/index.php\/2025\/03\/08\/se-mato-un-motociclista-al-colisionar-con-vehiculo-cuyo-conductor-dio-positivo-en-el-alcotest\/#primaryimage","url":"https:\/\/apuntesdesanluis.com\/wp-content\/uploads\/2025\/03\/Imagen-de-WhatsApp-2025-03-08-a-las-10.03.11_5f0c3be9.jpg","contentUrl":"https:\/\/apuntesdesanluis.com\/wp-content\/uploads\/2025\/03\/Imagen-de-WhatsApp-2025-03-08-a-las-10.03.11_5f0c3be9.jpg","width":700,"height":526},{"@type":"BreadcrumbList","@id":"https:\/\/apuntesdesanluis.com\/index.php\/2025\/03\/08\/se-mato-un-motociclista-al-colisionar-con-vehiculo-cuyo-conductor-dio-positivo-en-el-alcotest\/#breadcrumb","itemListElement":[{"@type":"ListItem","position":1,"name":"Inicio","item":"https:\/\/apuntesdesanluis.com\/"},{"@type":"ListItem","position":2,"name":"SE MAT\u00d3 UN MOTOCICLISTA AL COLISIONAR CON VEH\u00cdCULO, CUYO CONDUCTOR DIO POSITIVO EN EL ALCOTEST"}]},{"@type":"WebSite","@id":"https:\/\/apuntesdesanluis.com\/#website","url":"https:\/\/apuntesdesanluis.com\/","name":"Apuntes de San Luis","description":"","publisher":{"@id":"https:\/\/apuntesdesanluis.com\/#\/schema\/person\/b55151d52296fcce64d1a72538a70b90"},"potentialAction":[{"@type":"SearchAction","target":{"@type":"EntryPoint","urlTemplate":"https:\/\/apuntesdesanluis.com\/?s={search_term_string}"},"query-input":{"@type":"PropertyValueSpecification","valueRequired":true,"valueName":"search_term_string"}}],"inLanguage":"es-AR"},{"@type":["Person","Organization"],"@id":"https:\/\/apuntesdesanluis.com\/#\/schema\/person\/b55151d52296fcce64d1a72538a70b90","name":"apuntesdesanluis.com","image":{"@type":"ImageObject","inLanguage":"es-AR","@id":"https:\/\/apuntesdesanluis.com\/#\/schema\/person\/image\/","url":"https:\/\/apuntesdesanluis.com\/wp-content\/uploads\/2023\/07\/cropped-apuntesdesanluis.png","contentUrl":"https:\/\/apuntesdesanluis.com\/wp-content\/uploads\/2023\/07\/cropped-apuntesdesanluis.png","width":450,"height":112,"caption":"apuntesdesanluis.com"},"logo":{"@id":"https:\/\/apuntesdesanluis.com\/#\/schema\/person\/image\/"},"sameAs":["https:\/\/apuntesdesanluis.com"],"url":"https:\/\/apuntesdesanluis.com\/index.php\/author\/apuntesdesanluis-com\/"}]}},"featured_image_urls":{"full":["https:\/\/apuntesdesanluis.com\/wp-content\/uploads\/2025\/03\/Imagen-de-WhatsApp-2025-03-08-a-las-10.03.11_5f0c3be9.jpg",700,526,false],"thumbnail":["https:\/\/apuntesdesanluis.com\/wp-content\/uploads\/2025\/03\/Imagen-de-WhatsApp-2025-03-08-a-las-10.03.11_5f0c3be9-150x150.jpg",150,150,true],"medium":["https:\/\/apuntesdesanluis.com\/wp-content\/uploads\/2025\/03\/Imagen-de-WhatsApp-2025-03-08-a-las-10.03.11_5f0c3be9-300x225.jpg",300,225,true],"medium_large":["https:\/\/apuntesdesanluis.com\/wp-content\/uploads\/2025\/03\/Imagen-de-WhatsApp-2025-03-08-a-las-10.03.11_5f0c3be9.jpg",640,481,false],"large":["https:\/\/apuntesdesanluis.com\/wp-content\/uploads\/2025\/03\/Imagen-de-WhatsApp-2025-03-08-a-las-10.03.11_5f0c3be9.jpg",640,481,false],"1536x1536":["https:\/\/apuntesdesanluis.com\/wp-content\/uploads\/2025\/03\/Imagen-de-WhatsApp-2025-03-08-a-las-10.03.11_5f0c3be9.jpg",700,526,false],"2048x2048":["https:\/\/apuntesdesanluis.com\/wp-content\/uploads\/2025\/03\/Imagen-de-WhatsApp-2025-03-08-a-las-10.03.11_5f0c3be9.jpg",700,526,false],"newsever-slider-full":["https:\/\/apuntesdesanluis.com\/wp-content\/uploads\/2025\/03\/Imagen-de-WhatsApp-2025-03-08-a-las-10.03.11_5f0c3be9.jpg",700,526,false],"newsever-featured":["https:\/\/apuntesdesanluis.com\/wp-content\/uploads\/2025\/03\/Imagen-de-WhatsApp-2025-03-08-a-las-10.03.11_5f0c3be9.jpg",700,526,false],"newsever-medium":["https:\/\/apuntesdesanluis.com\/wp-content\/uploads\/2025\/03\/Imagen-de-WhatsApp-2025-03-08-a-las-10.03.11_5f0c3be9-700x475.jpg",700,475,true]},"author_info":{"display_name":"apuntesdesanluis.com","author_link":"https:\/\/apuntesdesanluis.com\/index.php\/author\/apuntesdesanluis-com\/"},"category_info":"<a href=\"https:\/\/apuntesdesanluis.com\/index.php\/category\/ciudad-provincia\/\" rel=\"category tag\">Ciudad\/Provincia<\/a>","tag_info":"Ciudad\/Provincia","comment_count":"0","_links":{"self":[{"href":"https:\/\/apuntesdesanluis.com\/index.php\/wp-json\/wp\/v2\/posts\/30201","targetHints":{"allow":["GET"]}}],"collection":[{"href":"https:\/\/apuntesdesanluis.com\/index.php\/wp-json\/wp\/v2\/posts"}],"about":[{"href":"https:\/\/apuntesdesanluis.com\/index.php\/wp-json\/wp\/v2\/types\/post"}],"author":[{"embeddable":true,"href":"https:\/\/apuntesdesanluis.com\/index.php\/wp-json\/wp\/v2\/users\/1"}],"replies":[{"embeddable":true,"href":"https:\/\/apuntesdesanluis.com\/index.php\/wp-json\/wp\/v2\/comments?post=30201"}],"version-history":[{"count":1,"href":"https:\/\/apuntesdesanluis.com\/index.php\/wp-json\/wp\/v2\/posts\/30201\/revisions"}],"predecessor-version":[{"id":30204,"href":"https:\/\/apuntesdesanluis.com\/index.php\/wp-json\/wp\/v2\/posts\/30201\/revisions\/30204"}],"wp:featuredmedia":[{"embeddable":true,"href":"https:\/\/apuntesdesanluis.com\/index.php\/wp-json\/wp\/v2\/media\/30202"}],"wp:attachment":[{"href":"https:\/\/apuntesdesanluis.com\/index.php\/wp-json\/wp\/v2\/media?parent=30201"}],"wp:term":[{"taxonomy":"category","embeddable":true,"href":"https:\/\/apuntesdesanluis.com\/index.php\/wp-json\/wp\/v2\/categories?post=30201"},{"taxonomy":"post_tag","embeddable":true,"href":"https:\/\/apuntesdesanluis.com\/index.php\/wp-json\/wp\/v2\/tags?post=30201"}],"curies":[{"name":"wp","href":"https:\/\/api.w.org\/{rel}","templated":true}]}}