{"id":30207,"date":"2025-03-08T18:34:12","date_gmt":"2025-03-08T21:34:12","guid":{"rendered":"https:\/\/apuntesdesanluis.com\/?p=30207"},"modified":"2025-03-08T18:46:48","modified_gmt":"2025-03-08T21:46:48","slug":"con-una-gran-convocatoria-las-mujeres-marchan-en-distintos-puntos-del-pais-en-el-marco-del-8m","status":"publish","type":"post","link":"https:\/\/apuntesdesanluis.com\/index.php\/2025\/03\/08\/con-una-gran-convocatoria-las-mujeres-marchan-en-distintos-puntos-del-pais-en-el-marco-del-8m\/","title":{"rendered":"CON UNA GRAN CONVOCATORIA, LAS MUJERES MARCHAN EN DISTINTOS PUNTOS DEL PA\u00cdS EN EL MARCO DEL 8M"},"content":{"rendered":"<h3>En el marco de la conmemoraci\u00f3n del D\u00eda Internacional de la Mujer, mujeres y disidencias marchan en distintos puntos del pa\u00eds por el 8M, con una convocatoria &#8220;antifascista, antirracista, antipatriarcal y anticapitalista&#8221;, en repudio por las medidas implementadas por el Gobierno nacional.<\/h3>\n<h3>En este marco de lucha, ya es populosa la movilizaci\u00f3n en Capital Federal, llevada a cabo por organizaciones sindicales, feministas, sociales y vecinos.<\/h3>\n<h3>Luego de una concentraci\u00f3n en el Congreso de la Naci\u00f3n, la multitud se traslad\u00f3 hacia Plaza de Mayo.<\/h3>\n<h3>La misma, adem\u00e1s, sostiene el repudio de varias organizaciones y sectores pol\u00edticos ante el video publicado hoy en las redes oficiales de Casa Rosada con motivo del D\u00eda Internacional de la Mujer.<\/h3>\n<h3>En dicho corto, el Gobierno Nacional muestra una postura fuerte contra las pol\u00edticas de g\u00e9nero y la administraci\u00f3n del ex presidente Alberto Fern\u00e1ndez.<\/h3>\n<p><a href=\"https:\/\/twitter.com\/i\/status\/1898373235948785983\" target=\"_blank\" rel=\"noopener\"><img fetchpriority=\"high\" decoding=\"async\" class=\"wp-image-30212 aligncenter\" src=\"https:\/\/apuntesdesanluis.com\/wp-content\/uploads\/2025\/03\/VIDEO-291x300.png\" alt=\"\" width=\"563\" height=\"580\" srcset=\"https:\/\/apuntesdesanluis.com\/wp-content\/uploads\/2025\/03\/VIDEO-291x300.png 291w, https:\/\/apuntesdesanluis.com\/wp-content\/uploads\/2025\/03\/VIDEO.png 600w\" sizes=\"(max-width: 563px) 100vw, 563px\" \/><\/a><\/p>\n<h3>A buen ritmo, tambi\u00e9n se desarrollan convocatorias en los principales centros del pa\u00eds: C\u00f3rdoba, Rosario, Salta, Entre R\u00edos, Misiones, Formosa y R\u00edo Negro, entre otras grandes localidades tambi\u00e9n marchan bajo la misma consigna.<\/h3>\n<h3><strong>SAN LUIS<\/strong><\/h3>\n<h3>La concentraci\u00f3n principal ser\u00e1 el s\u00e1bado, a las 19, en el Centro Cultural Jos\u00e9 La V\u00eda y estar\u00e1 coordinada por la \u201cAsamblea Feminista y Transfeminista\u201d de San Luis. La marcha recorrer\u00e1 las calles c\u00e9ntricas en reclamo por derechos y en memoria de las mujeres v\u00edctimas de femicidios y violencia de g\u00e9nero. La jornada cerrar\u00e1 con un &#8220;Festival Transfeminista&#8221; en la Plaza Pringles, donde habr\u00e1 presentaciones art\u00edsticas y expresiones culturales.<\/h3>\n<h3>En Villa Mercedes, la convocatoria la lanzaron las organizaciones \u201cAquelarre Colectiva Feminista\u201d y \u201cMarcha8M\u201d. El encuentro es a las 18 en la Plaza del Mercado. La actividad busca reunir a mujeres y diversidades en un espacio de encuentro y reflexi\u00f3n sobre la lucha feminista, en un contexto donde el reclamo por mayor seguridad, equidad y derechos sigue vigente.<\/h3>\n<h3>En la Villa de Merlo, la movilizaci\u00f3n del #8M la lidera la \u201cAsamblea Feminista-Transfeminista\u201d de la localidad e iniciar\u00e1 a las 18 desde la Galer\u00eda del Sol. En esta oportunidad establecieron una consigna\u00a0 regional: \u201cparo feminista y transfeminista contra la violencia y la precarizaci\u00f3n laboral\u201d.<\/h3>\n<h3><strong><span style=\"color: #3366ff;\">VER:<\/span><\/strong><\/h3>\n<p><a href=\"https:\/\/www.pagina12.com.ar\/809288-el-gobierno-conmemora-el-dia-de-la-mujer-a-pura-propaganda-y\" target=\"_blank\" rel=\"noopener\"><img decoding=\"async\" class=\"alignnone  wp-image-30214\" src=\"https:\/\/apuntesdesanluis.com\/wp-content\/uploads\/2025\/03\/ACLARACION-300x164.png\" alt=\"\" width=\"501\" height=\"274\" srcset=\"https:\/\/apuntesdesanluis.com\/wp-content\/uploads\/2025\/03\/ACLARACION-300x164.png 300w, https:\/\/apuntesdesanluis.com\/wp-content\/uploads\/2025\/03\/ACLARACION.png 600w\" sizes=\"(max-width: 501px) 100vw, 501px\" \/><\/a><\/p>\n<p>&nbsp;<\/p>\n<p>&nbsp;<\/p>\n<p>&nbsp;<\/p>\n<p>&nbsp;<\/p>\n<p>&nbsp;<\/p>\n<p>&nbsp;<\/p>\n<h3><\/h3>\n<h3><\/h3>\n<h3><\/h3>\n<h3><\/h3>\n<h3><\/h3>\n<h3><\/h3>\n","protected":false},"excerpt":{"rendered":"<p>En el marco de la conmemoraci\u00f3n del D\u00eda Internacional de la Mujer, mujeres y disidencias&#8230;<\/p>\n","protected":false},"author":1,"featured_media":30209,"comment_status":"closed","ping_status":"closed","sticky":false,"template":"","format":"standard","meta":{"footnotes":""},"categories":[5],"tags":[],"class_list":["post-30207","post","type-post","status-publish","format-standard","has-post-thumbnail","hentry","category-nacionales-internacionales"],"yoast_head":"<!-- This site is optimized with the Yoast SEO plugin v26.1.1 - https:\/\/yoast.com\/wordpress\/plugins\/seo\/ -->\n<title>CON UNA GRAN CONVOCATORIA, LAS MUJERES MARCHAN EN DISTINTOS PUNTOS DEL PA\u00cdS EN EL MARCO DEL 8M - Apuntes de San Luis<\/title>\n<meta name=\"robots\" content=\"index, follow, max-snippet:-1, max-image-preview:large, max-video-preview:-1\" \/>\n<link rel=\"canonical\" href=\"https:\/\/apuntesdesanluis.com\/index.php\/2025\/03\/08\/con-una-gran-convocatoria-las-mujeres-marchan-en-distintos-puntos-del-pais-en-el-marco-del-8m\/\" \/>\n<meta property=\"og:locale\" content=\"es_ES\" \/>\n<meta property=\"og:type\" content=\"article\" \/>\n<meta property=\"og:title\" content=\"CON UNA GRAN CONVOCATORIA, LAS MUJERES MARCHAN EN DISTINTOS PUNTOS DEL PA\u00cdS EN EL MARCO DEL 8M - Apuntes de San Luis\" \/>\n<meta property=\"og:description\" content=\"En el marco de la conmemoraci\u00f3n del D\u00eda Internacional de la Mujer, mujeres y disidencias...\" \/>\n<meta property=\"og:url\" content=\"https:\/\/apuntesdesanluis.com\/index.php\/2025\/03\/08\/con-una-gran-convocatoria-las-mujeres-marchan-en-distintos-puntos-del-pais-en-el-marco-del-8m\/\" \/>\n<meta property=\"og:site_name\" content=\"Apuntes de San Luis\" \/>\n<meta property=\"article:published_time\" content=\"2025-03-08T21:34:12+00:00\" \/>\n<meta property=\"article:modified_time\" content=\"2025-03-08T21:46:48+00:00\" \/>\n<meta property=\"og:image\" content=\"https:\/\/apuntesdesanluis.com\/wp-content\/uploads\/2025\/03\/mujeres.png\" \/>\n\t<meta property=\"og:image:width\" content=\"637\" \/>\n\t<meta property=\"og:image:height\" content=\"422\" \/>\n\t<meta property=\"og:image:type\" content=\"image\/png\" \/>\n<meta name=\"author\" content=\"apuntesdesanluis.com\" \/>\n<meta name=\"twitter:card\" content=\"summary_large_image\" \/>\n<meta name=\"twitter:label1\" content=\"Escrito por\" \/>\n\t<meta name=\"twitter:data1\" content=\"apuntesdesanluis.com\" \/>\n\t<meta name=\"twitter:label2\" content=\"Tiempo de lectura\" \/>\n\t<meta name=\"twitter:data2\" content=\"3 minutos\" \/>\n<script type=\"application\/ld+json\" class=\"yoast-schema-graph\">{\"@context\":\"https:\/\/schema.org\",\"@graph\":[{\"@type\":\"Article\",\"@id\":\"https:\/\/apuntesdesanluis.com\/index.php\/2025\/03\/08\/con-una-gran-convocatoria-las-mujeres-marchan-en-distintos-puntos-del-pais-en-el-marco-del-8m\/#article\",\"isPartOf\":{\"@id\":\"https:\/\/apuntesdesanluis.com\/index.php\/2025\/03\/08\/con-una-gran-convocatoria-las-mujeres-marchan-en-distintos-puntos-del-pais-en-el-marco-del-8m\/\"},\"author\":{\"name\":\"apuntesdesanluis.com\",\"@id\":\"https:\/\/apuntesdesanluis.com\/#\/schema\/person\/b55151d52296fcce64d1a72538a70b90\"},\"headline\":\"CON UNA GRAN CONVOCATORIA, LAS MUJERES MARCHAN EN DISTINTOS PUNTOS DEL PA\u00cdS EN EL MARCO DEL 8M\",\"datePublished\":\"2025-03-08T21:34:12+00:00\",\"dateModified\":\"2025-03-08T21:46:48+00:00\",\"mainEntityOfPage\":{\"@id\":\"https:\/\/apuntesdesanluis.com\/index.php\/2025\/03\/08\/con-una-gran-convocatoria-las-mujeres-marchan-en-distintos-puntos-del-pais-en-el-marco-del-8m\/\"},\"wordCount\":398,\"publisher\":{\"@id\":\"https:\/\/apuntesdesanluis.com\/#\/schema\/person\/b55151d52296fcce64d1a72538a70b90\"},\"image\":{\"@id\":\"https:\/\/apuntesdesanluis.com\/index.php\/2025\/03\/08\/con-una-gran-convocatoria-las-mujeres-marchan-en-distintos-puntos-del-pais-en-el-marco-del-8m\/#primaryimage\"},\"thumbnailUrl\":\"https:\/\/apuntesdesanluis.com\/wp-content\/uploads\/2025\/03\/mujeres.png\",\"articleSection\":[\"Nacionales\/Internacionales\"],\"inLanguage\":\"es-AR\"},{\"@type\":\"WebPage\",\"@id\":\"https:\/\/apuntesdesanluis.com\/index.php\/2025\/03\/08\/con-una-gran-convocatoria-las-mujeres-marchan-en-distintos-puntos-del-pais-en-el-marco-del-8m\/\",\"url\":\"https:\/\/apuntesdesanluis.com\/index.php\/2025\/03\/08\/con-una-gran-convocatoria-las-mujeres-marchan-en-distintos-puntos-del-pais-en-el-marco-del-8m\/\",\"name\":\"CON UNA GRAN CONVOCATORIA, LAS MUJERES MARCHAN EN DISTINTOS PUNTOS DEL PA\u00cdS EN EL MARCO DEL 8M - Apuntes de San Luis\",\"isPartOf\":{\"@id\":\"https:\/\/apuntesdesanluis.com\/#website\"},\"primaryImageOfPage\":{\"@id\":\"https:\/\/apuntesdesanluis.com\/index.php\/2025\/03\/08\/con-una-gran-convocatoria-las-mujeres-marchan-en-distintos-puntos-del-pais-en-el-marco-del-8m\/#primaryimage\"},\"image\":{\"@id\":\"https:\/\/apuntesdesanluis.com\/index.php\/2025\/03\/08\/con-una-gran-convocatoria-las-mujeres-marchan-en-distintos-puntos-del-pais-en-el-marco-del-8m\/#primaryimage\"},\"thumbnailUrl\":\"https:\/\/apuntesdesanluis.com\/wp-content\/uploads\/2025\/03\/mujeres.png\",\"datePublished\":\"2025-03-08T21:34:12+00:00\",\"dateModified\":\"2025-03-08T21:46:48+00:00\",\"breadcrumb\":{\"@id\":\"https:\/\/apuntesdesanluis.com\/index.php\/2025\/03\/08\/con-una-gran-convocatoria-las-mujeres-marchan-en-distintos-puntos-del-pais-en-el-marco-del-8m\/#breadcrumb\"},\"inLanguage\":\"es-AR\",\"potentialAction\":[{\"@type\":\"ReadAction\",\"target\":[\"https:\/\/apuntesdesanluis.com\/index.php\/2025\/03\/08\/con-una-gran-convocatoria-las-mujeres-marchan-en-distintos-puntos-del-pais-en-el-marco-del-8m\/\"]}]},{\"@type\":\"ImageObject\",\"inLanguage\":\"es-AR\",\"@id\":\"https:\/\/apuntesdesanluis.com\/index.php\/2025\/03\/08\/con-una-gran-convocatoria-las-mujeres-marchan-en-distintos-puntos-del-pais-en-el-marco-del-8m\/#primaryimage\",\"url\":\"https:\/\/apuntesdesanluis.com\/wp-content\/uploads\/2025\/03\/mujeres.png\",\"contentUrl\":\"https:\/\/apuntesdesanluis.com\/wp-content\/uploads\/2025\/03\/mujeres.png\",\"width\":637,\"height\":422},{\"@type\":\"BreadcrumbList\",\"@id\":\"https:\/\/apuntesdesanluis.com\/index.php\/2025\/03\/08\/con-una-gran-convocatoria-las-mujeres-marchan-en-distintos-puntos-del-pais-en-el-marco-del-8m\/#breadcrumb\",\"itemListElement\":[{\"@type\":\"ListItem\",\"position\":1,\"name\":\"Inicio\",\"item\":\"https:\/\/apuntesdesanluis.com\/\"},{\"@type\":\"ListItem\",\"position\":2,\"name\":\"CON UNA GRAN CONVOCATORIA, LAS MUJERES MARCHAN EN DISTINTOS PUNTOS DEL PA\u00cdS EN EL MARCO DEL 8M\"}]},{\"@type\":\"WebSite\",\"@id\":\"https:\/\/apuntesdesanluis.com\/#website\",\"url\":\"https:\/\/apuntesdesanluis.com\/\",\"name\":\"Apuntes de San Luis\",\"description\":\"\",\"publisher\":{\"@id\":\"https:\/\/apuntesdesanluis.com\/#\/schema\/person\/b55151d52296fcce64d1a72538a70b90\"},\"potentialAction\":[{\"@type\":\"SearchAction\",\"target\":{\"@type\":\"EntryPoint\",\"urlTemplate\":\"https:\/\/apuntesdesanluis.com\/?s={search_term_string}\"},\"query-input\":{\"@type\":\"PropertyValueSpecification\",\"valueRequired\":true,\"valueName\":\"search_term_string\"}}],\"inLanguage\":\"es-AR\"},{\"@type\":[\"Person\",\"Organization\"],\"@id\":\"https:\/\/apuntesdesanluis.com\/#\/schema\/person\/b55151d52296fcce64d1a72538a70b90\",\"name\":\"apuntesdesanluis.com\",\"image\":{\"@type\":\"ImageObject\",\"inLanguage\":\"es-AR\",\"@id\":\"https:\/\/apuntesdesanluis.com\/#\/schema\/person\/image\/\",\"url\":\"https:\/\/apuntesdesanluis.com\/wp-content\/uploads\/2023\/07\/cropped-apuntesdesanluis.png\",\"contentUrl\":\"https:\/\/apuntesdesanluis.com\/wp-content\/uploads\/2023\/07\/cropped-apuntesdesanluis.png\",\"width\":450,\"height\":112,\"caption\":\"apuntesdesanluis.com\"},\"logo\":{\"@id\":\"https:\/\/apuntesdesanluis.com\/#\/schema\/person\/image\/\"},\"sameAs\":[\"https:\/\/apuntesdesanluis.com\"],\"url\":\"https:\/\/apuntesdesanluis.com\/index.php\/author\/apuntesdesanluis-com\/\"}]}<\/script>\n<!-- \/ Yoast SEO plugin. -->","yoast_head_json":{"title":"CON UNA GRAN CONVOCATORIA, LAS MUJERES MARCHAN EN DISTINTOS PUNTOS DEL PA\u00cdS EN EL MARCO DEL 8M - Apuntes de San Luis","robots":{"index":"index","follow":"follow","max-snippet":"max-snippet:-1","max-image-preview":"max-image-preview:large","max-video-preview":"max-video-preview:-1"},"canonical":"https:\/\/apuntesdesanluis.com\/index.php\/2025\/03\/08\/con-una-gran-convocatoria-las-mujeres-marchan-en-distintos-puntos-del-pais-en-el-marco-del-8m\/","og_locale":"es_ES","og_type":"article","og_title":"CON UNA GRAN CONVOCATORIA, LAS MUJERES MARCHAN EN DISTINTOS PUNTOS DEL PA\u00cdS EN EL MARCO DEL 8M - Apuntes de San Luis","og_description":"En el marco de la conmemoraci\u00f3n del D\u00eda Internacional de la Mujer, mujeres y disidencias...","og_url":"https:\/\/apuntesdesanluis.com\/index.php\/2025\/03\/08\/con-una-gran-convocatoria-las-mujeres-marchan-en-distintos-puntos-del-pais-en-el-marco-del-8m\/","og_site_name":"Apuntes de San Luis","article_published_time":"2025-03-08T21:34:12+00:00","article_modified_time":"2025-03-08T21:46:48+00:00","og_image":[{"width":637,"height":422,"url":"https:\/\/apuntesdesanluis.com\/wp-content\/uploads\/2025\/03\/mujeres.png","type":"image\/png"}],"author":"apuntesdesanluis.com","twitter_card":"summary_large_image","twitter_misc":{"Escrito por":"apuntesdesanluis.com","Tiempo de lectura":"3 minutos"},"schema":{"@context":"https:\/\/schema.org","@graph":[{"@type":"Article","@id":"https:\/\/apuntesdesanluis.com\/index.php\/2025\/03\/08\/con-una-gran-convocatoria-las-mujeres-marchan-en-distintos-puntos-del-pais-en-el-marco-del-8m\/#article","isPartOf":{"@id":"https:\/\/apuntesdesanluis.com\/index.php\/2025\/03\/08\/con-una-gran-convocatoria-las-mujeres-marchan-en-distintos-puntos-del-pais-en-el-marco-del-8m\/"},"author":{"name":"apuntesdesanluis.com","@id":"https:\/\/apuntesdesanluis.com\/#\/schema\/person\/b55151d52296fcce64d1a72538a70b90"},"headline":"CON UNA GRAN CONVOCATORIA, LAS MUJERES MARCHAN EN DISTINTOS PUNTOS DEL PA\u00cdS EN EL MARCO DEL 8M","datePublished":"2025-03-08T21:34:12+00:00","dateModified":"2025-03-08T21:46:48+00:00","mainEntityOfPage":{"@id":"https:\/\/apuntesdesanluis.com\/index.php\/2025\/03\/08\/con-una-gran-convocatoria-las-mujeres-marchan-en-distintos-puntos-del-pais-en-el-marco-del-8m\/"},"wordCount":398,"publisher":{"@id":"https:\/\/apuntesdesanluis.com\/#\/schema\/person\/b55151d52296fcce64d1a72538a70b90"},"image":{"@id":"https:\/\/apuntesdesanluis.com\/index.php\/2025\/03\/08\/con-una-gran-convocatoria-las-mujeres-marchan-en-distintos-puntos-del-pais-en-el-marco-del-8m\/#primaryimage"},"thumbnailUrl":"https:\/\/apuntesdesanluis.com\/wp-content\/uploads\/2025\/03\/mujeres.png","articleSection":["Nacionales\/Internacionales"],"inLanguage":"es-AR"},{"@type":"WebPage","@id":"https:\/\/apuntesdesanluis.com\/index.php\/2025\/03\/08\/con-una-gran-convocatoria-las-mujeres-marchan-en-distintos-puntos-del-pais-en-el-marco-del-8m\/","url":"https:\/\/apuntesdesanluis.com\/index.php\/2025\/03\/08\/con-una-gran-convocatoria-las-mujeres-marchan-en-distintos-puntos-del-pais-en-el-marco-del-8m\/","name":"CON UNA GRAN CONVOCATORIA, LAS MUJERES MARCHAN EN DISTINTOS PUNTOS DEL PA\u00cdS EN EL MARCO DEL 8M - Apuntes de San Luis","isPartOf":{"@id":"https:\/\/apuntesdesanluis.com\/#website"},"primaryImageOfPage":{"@id":"https:\/\/apuntesdesanluis.com\/index.php\/2025\/03\/08\/con-una-gran-convocatoria-las-mujeres-marchan-en-distintos-puntos-del-pais-en-el-marco-del-8m\/#primaryimage"},"image":{"@id":"https:\/\/apuntesdesanluis.com\/index.php\/2025\/03\/08\/con-una-gran-convocatoria-las-mujeres-marchan-en-distintos-puntos-del-pais-en-el-marco-del-8m\/#primaryimage"},"thumbnailUrl":"https:\/\/apuntesdesanluis.com\/wp-content\/uploads\/2025\/03\/mujeres.png","datePublished":"2025-03-08T21:34:12+00:00","dateModified":"2025-03-08T21:46:48+00:00","breadcrumb":{"@id":"https:\/\/apuntesdesanluis.com\/index.php\/2025\/03\/08\/con-una-gran-convocatoria-las-mujeres-marchan-en-distintos-puntos-del-pais-en-el-marco-del-8m\/#breadcrumb"},"inLanguage":"es-AR","potentialAction":[{"@type":"ReadAction","target":["https:\/\/apuntesdesanluis.com\/index.php\/2025\/03\/08\/con-una-gran-convocatoria-las-mujeres-marchan-en-distintos-puntos-del-pais-en-el-marco-del-8m\/"]}]},{"@type":"ImageObject","inLanguage":"es-AR","@id":"https:\/\/apuntesdesanluis.com\/index.php\/2025\/03\/08\/con-una-gran-convocatoria-las-mujeres-marchan-en-distintos-puntos-del-pais-en-el-marco-del-8m\/#primaryimage","url":"https:\/\/apuntesdesanluis.com\/wp-content\/uploads\/2025\/03\/mujeres.png","contentUrl":"https:\/\/apuntesdesanluis.com\/wp-content\/uploads\/2025\/03\/mujeres.png","width":637,"height":422},{"@type":"BreadcrumbList","@id":"https:\/\/apuntesdesanluis.com\/index.php\/2025\/03\/08\/con-una-gran-convocatoria-las-mujeres-marchan-en-distintos-puntos-del-pais-en-el-marco-del-8m\/#breadcrumb","itemListElement":[{"@type":"ListItem","position":1,"name":"Inicio","item":"https:\/\/apuntesdesanluis.com\/"},{"@type":"ListItem","position":2,"name":"CON UNA GRAN CONVOCATORIA, LAS MUJERES MARCHAN EN DISTINTOS PUNTOS DEL PA\u00cdS EN EL MARCO DEL 8M"}]},{"@type":"WebSite","@id":"https:\/\/apuntesdesanluis.com\/#website","url":"https:\/\/apuntesdesanluis.com\/","name":"Apuntes de San Luis","description":"","publisher":{"@id":"https:\/\/apuntesdesanluis.com\/#\/schema\/person\/b55151d52296fcce64d1a72538a70b90"},"potentialAction":[{"@type":"SearchAction","target":{"@type":"EntryPoint","urlTemplate":"https:\/\/apuntesdesanluis.com\/?s={search_term_string}"},"query-input":{"@type":"PropertyValueSpecification","valueRequired":true,"valueName":"search_term_string"}}],"inLanguage":"es-AR"},{"@type":["Person","Organization"],"@id":"https:\/\/apuntesdesanluis.com\/#\/schema\/person\/b55151d52296fcce64d1a72538a70b90","name":"apuntesdesanluis.com","image":{"@type":"ImageObject","inLanguage":"es-AR","@id":"https:\/\/apuntesdesanluis.com\/#\/schema\/person\/image\/","url":"https:\/\/apuntesdesanluis.com\/wp-content\/uploads\/2023\/07\/cropped-apuntesdesanluis.png","contentUrl":"https:\/\/apuntesdesanluis.com\/wp-content\/uploads\/2023\/07\/cropped-apuntesdesanluis.png","width":450,"height":112,"caption":"apuntesdesanluis.com"},"logo":{"@id":"https:\/\/apuntesdesanluis.com\/#\/schema\/person\/image\/"},"sameAs":["https:\/\/apuntesdesanluis.com"],"url":"https:\/\/apuntesdesanluis.com\/index.php\/author\/apuntesdesanluis-com\/"}]}},"featured_image_urls":{"full":["https:\/\/apuntesdesanluis.com\/wp-content\/uploads\/2025\/03\/mujeres.png",637,422,false],"thumbnail":["https:\/\/apuntesdesanluis.com\/wp-content\/uploads\/2025\/03\/mujeres-150x150.png",150,150,true],"medium":["https:\/\/apuntesdesanluis.com\/wp-content\/uploads\/2025\/03\/mujeres-300x199.png",300,199,true],"medium_large":["https:\/\/apuntesdesanluis.com\/wp-content\/uploads\/2025\/03\/mujeres.png",637,422,false],"large":["https:\/\/apuntesdesanluis.com\/wp-content\/uploads\/2025\/03\/mujeres.png",637,422,false],"1536x1536":["https:\/\/apuntesdesanluis.com\/wp-content\/uploads\/2025\/03\/mujeres.png",637,422,false],"2048x2048":["https:\/\/apuntesdesanluis.com\/wp-content\/uploads\/2025\/03\/mujeres.png",637,422,false],"newsever-slider-full":["https:\/\/apuntesdesanluis.com\/wp-content\/uploads\/2025\/03\/mujeres.png",637,422,false],"newsever-featured":["https:\/\/apuntesdesanluis.com\/wp-content\/uploads\/2025\/03\/mujeres.png",637,422,false],"newsever-medium":["https:\/\/apuntesdesanluis.com\/wp-content\/uploads\/2025\/03\/mujeres.png",637,422,false]},"author_info":{"display_name":"apuntesdesanluis.com","author_link":"https:\/\/apuntesdesanluis.com\/index.php\/author\/apuntesdesanluis-com\/"},"category_info":"<a href=\"https:\/\/apuntesdesanluis.com\/index.php\/category\/nacionales-internacionales\/\" rel=\"category tag\">Nacionales\/Internacionales<\/a>","tag_info":"Nacionales\/Internacionales","comment_count":"0","_links":{"self":[{"href":"https:\/\/apuntesdesanluis.com\/index.php\/wp-json\/wp\/v2\/posts\/30207","targetHints":{"allow":["GET"]}}],"collection":[{"href":"https:\/\/apuntesdesanluis.com\/index.php\/wp-json\/wp\/v2\/posts"}],"about":[{"href":"https:\/\/apuntesdesanluis.com\/index.php\/wp-json\/wp\/v2\/types\/post"}],"author":[{"embeddable":true,"href":"https:\/\/apuntesdesanluis.com\/index.php\/wp-json\/wp\/v2\/users\/1"}],"replies":[{"embeddable":true,"href":"https:\/\/apuntesdesanluis.com\/index.php\/wp-json\/wp\/v2\/comments?post=30207"}],"version-history":[{"count":5,"href":"https:\/\/apuntesdesanluis.com\/index.php\/wp-json\/wp\/v2\/posts\/30207\/revisions"}],"predecessor-version":[{"id":30215,"href":"https:\/\/apuntesdesanluis.com\/index.php\/wp-json\/wp\/v2\/posts\/30207\/revisions\/30215"}],"wp:featuredmedia":[{"embeddable":true,"href":"https:\/\/apuntesdesanluis.com\/index.php\/wp-json\/wp\/v2\/media\/30209"}],"wp:attachment":[{"href":"https:\/\/apuntesdesanluis.com\/index.php\/wp-json\/wp\/v2\/media?parent=30207"}],"wp:term":[{"taxonomy":"category","embeddable":true,"href":"https:\/\/apuntesdesanluis.com\/index.php\/wp-json\/wp\/v2\/categories?post=30207"},{"taxonomy":"post_tag","embeddable":true,"href":"https:\/\/apuntesdesanluis.com\/index.php\/wp-json\/wp\/v2\/tags?post=30207"}],"curies":[{"name":"wp","href":"https:\/\/api.w.org\/{rel}","templated":true}]}}