{"id":30216,"date":"2025-03-08T18:59:07","date_gmt":"2025-03-08T21:59:07","guid":{"rendered":"https:\/\/apuntesdesanluis.com\/?p=30216"},"modified":"2025-03-08T18:59:07","modified_gmt":"2025-03-08T21:59:07","slug":"criptogate-allanaron-a-novelli-y-morales-a-quien-renunciaron-como-asesor-del-gobierno","status":"publish","type":"post","link":"https:\/\/apuntesdesanluis.com\/index.php\/2025\/03\/08\/criptogate-allanaron-a-novelli-y-morales-a-quien-renunciaron-como-asesor-del-gobierno\/","title":{"rendered":"CRIPTOGATE: ALLANARON A NOVELLI Y MORALES, A QUIEN RENUNCIARON COMO ASESOR DEL GOBIERNO"},"content":{"rendered":"<h3>Los procedimientos incluyeron al empresario cercano a <strong>Javier Milei<\/strong> y al funcionario desplazado este viernes, cercano a <strong>Karina Milei<\/strong>.<\/h3>\n<h3>La Justicia allan\u00f3 la casa del empresario <strong>Mauricio Novelli<\/strong> y tambi\u00e9n a <strong>Sergio Morales<\/strong>, el funcionario que dej\u00f3 este viernes el Gobierno, en el marco de la investigaci\u00f3n por la criptomoneda $LIBRA, y que est\u00e1 siendo investigado en EE.UU.<\/h3>\n<h3>El procedimiento fue parte de las medidas ordenadas por el fiscal Eduardo Taiano, en quien deriv\u00f3 la investigaci\u00f3n la jueza Mar\u00eda Servini.<\/h3>\n<h3>El allanamiento se realiz\u00f3 este jueves y alcanz\u00f3 la casa y las oficinas de la empresa Tech Forum, que lidera Novelli.<\/h3>\n<h3>Tambi\u00e9n los procedimientos ordenados por el fiscal Taiano llegaron a la casa de Morales, en la Ciudad de Buenos Aires.<\/h3>\n<h3>En todos los casos se secuestraron tel\u00e9fonos y computadoras, indicaron fuentes judiciales.<\/h3>\n<h3>Este viernes, un d\u00eda despu\u00e9s de los allanamientos, el Gobierno del presidente Javier Milei confirm\u00f3 que Morales dej\u00f3 su cargo de asesor en criptoactivos de la Comisi\u00f3n Nacional de Valores (CNV).<\/h3>\n<p><img fetchpriority=\"high\" decoding=\"async\" class=\"wp-image-30218 aligncenter\" src=\"https:\/\/apuntesdesanluis.com\/wp-content\/uploads\/2025\/03\/SERGIO-MORALES-300x226.png\" alt=\"\" width=\"650\" height=\"490\" srcset=\"https:\/\/apuntesdesanluis.com\/wp-content\/uploads\/2025\/03\/SERGIO-MORALES-300x226.png 300w, https:\/\/apuntesdesanluis.com\/wp-content\/uploads\/2025\/03\/SERGIO-MORALES.png 730w\" sizes=\"(max-width: 650px) 100vw, 650px\" \/><\/p>\n<h3>Las medidas ordenadas por la Justicia se llevaron a cabo tres semanas despu\u00e9s del esc\u00e1ndalo por la meme coin que deriv\u00f3 en p\u00e9rdidas millonarias para quienes invirtieron.<\/h3>\n<h3>El presidente Javier Milei public\u00f3 un mensaje en la red social X en el que habl\u00f3 de la cripto $LIBRA, la que supuestamente ayudar\u00eda a proyectos de inversi\u00f3n locales.<\/h3>\n<h3>A los pocos minutos, el valor subi\u00f3 con rapidez y con la misma velocidad cay\u00f3 de forma estrepitosa.<\/h3>\n<h3>Milei neg\u00f3 luego hacer promocionado la cripto y dijo que no estaba interiorizado sobre los pormenores.<\/h3>\n<h3>Novelli, el empresario que estuvo detr\u00e1s del Techo Forum, donde el Presidente conoci\u00f3 a varios de los que estuvieron detr\u00e1s de $LIBRA, ten\u00eda relaci\u00f3n con el libertario desde antes su llegada a Casa Rosada.<\/h3>\n<h3>Ahora, la Justicia argentina lo allan\u00f3 para preservar pruebas y por el esc\u00e1ndalo tambi\u00e9n se abri\u00f3 una investigaci\u00f3n en los Estados Unidos.<\/h3>\n<h3><strong>RENUNCIA<\/strong><\/h3>\n<h3>El funcionario <strong>Sergio Morales<\/strong>, quien se desempe\u00f1aba hasta como asesor en criptoactivos de la <strong>Comisi\u00f3n Nacional de Valores<\/strong> (CNV), present\u00f3 hoy su renuncia, relacionada al esc\u00e1ndalo por la criptomoneda Libra que difundi\u00f3 el presidente Javier Milei.<\/h3>\n<p><img decoding=\"async\" class=\"wp-image-19516 aligncenter\" src=\"https:\/\/apuntesdesanluis.com\/wp-content\/uploads\/2024\/07\/karina-300x190.png\" alt=\"\" width=\"644\" height=\"408\" srcset=\"https:\/\/apuntesdesanluis.com\/wp-content\/uploads\/2024\/07\/karina-300x190.png 300w, https:\/\/apuntesdesanluis.com\/wp-content\/uploads\/2024\/07\/karina.png 724w\" sizes=\"(max-width: 644px) 100vw, 644px\" \/><\/p>\n<h3>Morales, quien est\u00e1 siendo investigado por sus v\u00ednculos con los empresarios involucrados en la posible estafa de Libra, hab\u00eda llegado a la CNV durante el segundo semestre del a\u00f1o pasado, tras un breve paso por la Secretar\u00eda General de la Presidencia, que encabeza <strong>Karina Milei<\/strong>.<\/h3>\n<h3>Poco antes de que trascendiera su renuncia, Morales se present\u00f3 a trav\u00e9s de dos abogados, Karin Kozak y Ramiro Salaber, en los tribunales federales de Comodoro Py, para ponerse a disposici\u00f3n del fiscal a cargo de la pesquisa, Eduardo Taiano.<\/h3>\n<h3>El ya ex asesor de la CNV aparece vinculado a Mauricio Novelli, uno de los empresarios detr\u00e1s de la criptomoneda LIBRA. Los dos ingresaron a la Casa Rosada, el 11 de junio pasado, de acuerdo a los registros de ingresos y egresos del edificio de Balcarce 50, donde se reunieron con la hermana del presidente Javier Milei.<\/h3>\n<h3>Morales trabaj\u00f3 junto a <strong>Karina<\/strong> en la Secretar\u00eda General de la presidencia y figuraba como &#8220;asesor oficial de Web3\/Blockchain para Javier Milei&#8221; en el\u00a0<a href=\"https:\/\/www.lapoliticaonline.com\/politica\/el-hermano-de-hayden-conto-por-streaming-que-milei-firmo-una-carta-de-intencion-para-el-criptogate\/\" target=\"_blank\" rel=\"noopener\">&#8220;acuerdo de asociaci\u00f3n&#8221;<\/a>\u00a0entre Hayden Davis y el gobierno de Milei, que revel\u00f3 La Naci\u00f3n.<\/h3>\n<h3>A ra\u00edz de la estafa cripto que involucra a Milei, el fiscal Eduardo Taiano ya requiri\u00f3 informes a la CNV, que est\u00e1 sospechada de una inacci\u00f3n sugestiva y por el incumplimiento de una ley votada durante el propio gobierno libertario, en marzo de 2024. Taiano, que\u00a0<a href=\"https:\/\/www.lapoliticaonline.com\/tools\/redirect.php?t=3&amp;i=311323&amp;s=d249e04b4130ca426ef77ae159549ae9\">meti\u00f3 la causa en el frezzer<\/a>\u00a0y no tom\u00f3 medidas b\u00e1sicas como secuestrar tel\u00e9fonos y computadoras de los involucrados, se qued\u00f3 sin margen para no tomar esta medida.<\/h3>\n<h3><\/h3>\n<p>&nbsp;<\/p>\n<p>&nbsp;<\/p>\n<p>&nbsp;<\/p>\n<h3><\/h3>\n<p>&nbsp;<\/p>\n<p>&nbsp;<\/p>\n<p>&nbsp;<\/p>\n","protected":false},"excerpt":{"rendered":"<p>Los procedimientos incluyeron al empresario cercano a Javier Milei y al funcionario desplazado este viernes,&#8230;<\/p>\n","protected":false},"author":1,"featured_media":30217,"comment_status":"closed","ping_status":"closed","sticky":false,"template":"","format":"standard","meta":{"footnotes":""},"categories":[5],"tags":[],"class_list":["post-30216","post","type-post","status-publish","format-standard","has-post-thumbnail","hentry","category-nacionales-internacionales"],"yoast_head":"<!-- This site is optimized with the Yoast SEO plugin v26.1.1 - https:\/\/yoast.com\/wordpress\/plugins\/seo\/ -->\n<title>CRIPTOGATE: ALLANARON A NOVELLI Y MORALES, A QUIEN RENUNCIARON COMO ASESOR DEL GOBIERNO - Apuntes de San Luis<\/title>\n<meta name=\"robots\" content=\"index, follow, max-snippet:-1, max-image-preview:large, max-video-preview:-1\" \/>\n<link rel=\"canonical\" href=\"https:\/\/apuntesdesanluis.com\/index.php\/2025\/03\/08\/criptogate-allanaron-a-novelli-y-morales-a-quien-renunciaron-como-asesor-del-gobierno\/\" \/>\n<meta property=\"og:locale\" content=\"es_ES\" \/>\n<meta property=\"og:type\" content=\"article\" \/>\n<meta property=\"og:title\" content=\"CRIPTOGATE: ALLANARON A NOVELLI Y MORALES, A QUIEN RENUNCIARON COMO ASESOR DEL GOBIERNO - Apuntes de San Luis\" \/>\n<meta property=\"og:description\" content=\"Los procedimientos incluyeron al empresario cercano a Javier Milei y al funcionario desplazado este viernes,...\" \/>\n<meta property=\"og:url\" content=\"https:\/\/apuntesdesanluis.com\/index.php\/2025\/03\/08\/criptogate-allanaron-a-novelli-y-morales-a-quien-renunciaron-como-asesor-del-gobierno\/\" \/>\n<meta property=\"og:site_name\" content=\"Apuntes de San Luis\" \/>\n<meta property=\"article:published_time\" content=\"2025-03-08T21:59:07+00:00\" \/>\n<meta property=\"og:image\" content=\"https:\/\/apuntesdesanluis.com\/wp-content\/uploads\/2025\/03\/MILEI-Y-NOVELLI.png\" \/>\n\t<meta property=\"og:image:width\" content=\"640\" \/>\n\t<meta property=\"og:image:height\" content=\"446\" \/>\n\t<meta property=\"og:image:type\" content=\"image\/png\" \/>\n<meta name=\"author\" content=\"apuntesdesanluis.com\" \/>\n<meta name=\"twitter:card\" content=\"summary_large_image\" \/>\n<meta name=\"twitter:label1\" content=\"Escrito por\" \/>\n\t<meta name=\"twitter:data1\" content=\"apuntesdesanluis.com\" \/>\n\t<meta name=\"twitter:label2\" content=\"Tiempo de lectura\" \/>\n\t<meta name=\"twitter:data2\" content=\"4 minutos\" \/>\n<script type=\"application\/ld+json\" class=\"yoast-schema-graph\">{\"@context\":\"https:\/\/schema.org\",\"@graph\":[{\"@type\":\"Article\",\"@id\":\"https:\/\/apuntesdesanluis.com\/index.php\/2025\/03\/08\/criptogate-allanaron-a-novelli-y-morales-a-quien-renunciaron-como-asesor-del-gobierno\/#article\",\"isPartOf\":{\"@id\":\"https:\/\/apuntesdesanluis.com\/index.php\/2025\/03\/08\/criptogate-allanaron-a-novelli-y-morales-a-quien-renunciaron-como-asesor-del-gobierno\/\"},\"author\":{\"name\":\"apuntesdesanluis.com\",\"@id\":\"https:\/\/apuntesdesanluis.com\/#\/schema\/person\/b55151d52296fcce64d1a72538a70b90\"},\"headline\":\"CRIPTOGATE: ALLANARON A NOVELLI Y MORALES, A QUIEN RENUNCIARON COMO ASESOR DEL GOBIERNO\",\"datePublished\":\"2025-03-08T21:59:07+00:00\",\"mainEntityOfPage\":{\"@id\":\"https:\/\/apuntesdesanluis.com\/index.php\/2025\/03\/08\/criptogate-allanaron-a-novelli-y-morales-a-quien-renunciaron-como-asesor-del-gobierno\/\"},\"wordCount\":658,\"publisher\":{\"@id\":\"https:\/\/apuntesdesanluis.com\/#\/schema\/person\/b55151d52296fcce64d1a72538a70b90\"},\"image\":{\"@id\":\"https:\/\/apuntesdesanluis.com\/index.php\/2025\/03\/08\/criptogate-allanaron-a-novelli-y-morales-a-quien-renunciaron-como-asesor-del-gobierno\/#primaryimage\"},\"thumbnailUrl\":\"https:\/\/apuntesdesanluis.com\/wp-content\/uploads\/2025\/03\/MILEI-Y-NOVELLI.png\",\"articleSection\":[\"Nacionales\/Internacionales\"],\"inLanguage\":\"es-AR\"},{\"@type\":\"WebPage\",\"@id\":\"https:\/\/apuntesdesanluis.com\/index.php\/2025\/03\/08\/criptogate-allanaron-a-novelli-y-morales-a-quien-renunciaron-como-asesor-del-gobierno\/\",\"url\":\"https:\/\/apuntesdesanluis.com\/index.php\/2025\/03\/08\/criptogate-allanaron-a-novelli-y-morales-a-quien-renunciaron-como-asesor-del-gobierno\/\",\"name\":\"CRIPTOGATE: ALLANARON A NOVELLI Y MORALES, A QUIEN RENUNCIARON COMO ASESOR DEL GOBIERNO - Apuntes de San Luis\",\"isPartOf\":{\"@id\":\"https:\/\/apuntesdesanluis.com\/#website\"},\"primaryImageOfPage\":{\"@id\":\"https:\/\/apuntesdesanluis.com\/index.php\/2025\/03\/08\/criptogate-allanaron-a-novelli-y-morales-a-quien-renunciaron-como-asesor-del-gobierno\/#primaryimage\"},\"image\":{\"@id\":\"https:\/\/apuntesdesanluis.com\/index.php\/2025\/03\/08\/criptogate-allanaron-a-novelli-y-morales-a-quien-renunciaron-como-asesor-del-gobierno\/#primaryimage\"},\"thumbnailUrl\":\"https:\/\/apuntesdesanluis.com\/wp-content\/uploads\/2025\/03\/MILEI-Y-NOVELLI.png\",\"datePublished\":\"2025-03-08T21:59:07+00:00\",\"breadcrumb\":{\"@id\":\"https:\/\/apuntesdesanluis.com\/index.php\/2025\/03\/08\/criptogate-allanaron-a-novelli-y-morales-a-quien-renunciaron-como-asesor-del-gobierno\/#breadcrumb\"},\"inLanguage\":\"es-AR\",\"potentialAction\":[{\"@type\":\"ReadAction\",\"target\":[\"https:\/\/apuntesdesanluis.com\/index.php\/2025\/03\/08\/criptogate-allanaron-a-novelli-y-morales-a-quien-renunciaron-como-asesor-del-gobierno\/\"]}]},{\"@type\":\"ImageObject\",\"inLanguage\":\"es-AR\",\"@id\":\"https:\/\/apuntesdesanluis.com\/index.php\/2025\/03\/08\/criptogate-allanaron-a-novelli-y-morales-a-quien-renunciaron-como-asesor-del-gobierno\/#primaryimage\",\"url\":\"https:\/\/apuntesdesanluis.com\/wp-content\/uploads\/2025\/03\/MILEI-Y-NOVELLI.png\",\"contentUrl\":\"https:\/\/apuntesdesanluis.com\/wp-content\/uploads\/2025\/03\/MILEI-Y-NOVELLI.png\",\"width\":640,\"height\":446},{\"@type\":\"BreadcrumbList\",\"@id\":\"https:\/\/apuntesdesanluis.com\/index.php\/2025\/03\/08\/criptogate-allanaron-a-novelli-y-morales-a-quien-renunciaron-como-asesor-del-gobierno\/#breadcrumb\",\"itemListElement\":[{\"@type\":\"ListItem\",\"position\":1,\"name\":\"Inicio\",\"item\":\"https:\/\/apuntesdesanluis.com\/\"},{\"@type\":\"ListItem\",\"position\":2,\"name\":\"CRIPTOGATE: ALLANARON A NOVELLI Y MORALES, A QUIEN RENUNCIARON COMO ASESOR DEL GOBIERNO\"}]},{\"@type\":\"WebSite\",\"@id\":\"https:\/\/apuntesdesanluis.com\/#website\",\"url\":\"https:\/\/apuntesdesanluis.com\/\",\"name\":\"Apuntes de San Luis\",\"description\":\"\",\"publisher\":{\"@id\":\"https:\/\/apuntesdesanluis.com\/#\/schema\/person\/b55151d52296fcce64d1a72538a70b90\"},\"potentialAction\":[{\"@type\":\"SearchAction\",\"target\":{\"@type\":\"EntryPoint\",\"urlTemplate\":\"https:\/\/apuntesdesanluis.com\/?s={search_term_string}\"},\"query-input\":{\"@type\":\"PropertyValueSpecification\",\"valueRequired\":true,\"valueName\":\"search_term_string\"}}],\"inLanguage\":\"es-AR\"},{\"@type\":[\"Person\",\"Organization\"],\"@id\":\"https:\/\/apuntesdesanluis.com\/#\/schema\/person\/b55151d52296fcce64d1a72538a70b90\",\"name\":\"apuntesdesanluis.com\",\"image\":{\"@type\":\"ImageObject\",\"inLanguage\":\"es-AR\",\"@id\":\"https:\/\/apuntesdesanluis.com\/#\/schema\/person\/image\/\",\"url\":\"https:\/\/apuntesdesanluis.com\/wp-content\/uploads\/2023\/07\/cropped-apuntesdesanluis.png\",\"contentUrl\":\"https:\/\/apuntesdesanluis.com\/wp-content\/uploads\/2023\/07\/cropped-apuntesdesanluis.png\",\"width\":450,\"height\":112,\"caption\":\"apuntesdesanluis.com\"},\"logo\":{\"@id\":\"https:\/\/apuntesdesanluis.com\/#\/schema\/person\/image\/\"},\"sameAs\":[\"https:\/\/apuntesdesanluis.com\"],\"url\":\"https:\/\/apuntesdesanluis.com\/index.php\/author\/apuntesdesanluis-com\/\"}]}<\/script>\n<!-- \/ Yoast SEO plugin. -->","yoast_head_json":{"title":"CRIPTOGATE: ALLANARON A NOVELLI Y MORALES, A QUIEN RENUNCIARON COMO ASESOR DEL GOBIERNO - Apuntes de San Luis","robots":{"index":"index","follow":"follow","max-snippet":"max-snippet:-1","max-image-preview":"max-image-preview:large","max-video-preview":"max-video-preview:-1"},"canonical":"https:\/\/apuntesdesanluis.com\/index.php\/2025\/03\/08\/criptogate-allanaron-a-novelli-y-morales-a-quien-renunciaron-como-asesor-del-gobierno\/","og_locale":"es_ES","og_type":"article","og_title":"CRIPTOGATE: ALLANARON A NOVELLI Y MORALES, A QUIEN RENUNCIARON COMO ASESOR DEL GOBIERNO - Apuntes de San Luis","og_description":"Los procedimientos incluyeron al empresario cercano a Javier Milei y al funcionario desplazado este viernes,...","og_url":"https:\/\/apuntesdesanluis.com\/index.php\/2025\/03\/08\/criptogate-allanaron-a-novelli-y-morales-a-quien-renunciaron-como-asesor-del-gobierno\/","og_site_name":"Apuntes de San Luis","article_published_time":"2025-03-08T21:59:07+00:00","og_image":[{"width":640,"height":446,"url":"https:\/\/apuntesdesanluis.com\/wp-content\/uploads\/2025\/03\/MILEI-Y-NOVELLI.png","type":"image\/png"}],"author":"apuntesdesanluis.com","twitter_card":"summary_large_image","twitter_misc":{"Escrito por":"apuntesdesanluis.com","Tiempo de lectura":"4 minutos"},"schema":{"@context":"https:\/\/schema.org","@graph":[{"@type":"Article","@id":"https:\/\/apuntesdesanluis.com\/index.php\/2025\/03\/08\/criptogate-allanaron-a-novelli-y-morales-a-quien-renunciaron-como-asesor-del-gobierno\/#article","isPartOf":{"@id":"https:\/\/apuntesdesanluis.com\/index.php\/2025\/03\/08\/criptogate-allanaron-a-novelli-y-morales-a-quien-renunciaron-como-asesor-del-gobierno\/"},"author":{"name":"apuntesdesanluis.com","@id":"https:\/\/apuntesdesanluis.com\/#\/schema\/person\/b55151d52296fcce64d1a72538a70b90"},"headline":"CRIPTOGATE: ALLANARON A NOVELLI Y MORALES, A QUIEN RENUNCIARON COMO ASESOR DEL GOBIERNO","datePublished":"2025-03-08T21:59:07+00:00","mainEntityOfPage":{"@id":"https:\/\/apuntesdesanluis.com\/index.php\/2025\/03\/08\/criptogate-allanaron-a-novelli-y-morales-a-quien-renunciaron-como-asesor-del-gobierno\/"},"wordCount":658,"publisher":{"@id":"https:\/\/apuntesdesanluis.com\/#\/schema\/person\/b55151d52296fcce64d1a72538a70b90"},"image":{"@id":"https:\/\/apuntesdesanluis.com\/index.php\/2025\/03\/08\/criptogate-allanaron-a-novelli-y-morales-a-quien-renunciaron-como-asesor-del-gobierno\/#primaryimage"},"thumbnailUrl":"https:\/\/apuntesdesanluis.com\/wp-content\/uploads\/2025\/03\/MILEI-Y-NOVELLI.png","articleSection":["Nacionales\/Internacionales"],"inLanguage":"es-AR"},{"@type":"WebPage","@id":"https:\/\/apuntesdesanluis.com\/index.php\/2025\/03\/08\/criptogate-allanaron-a-novelli-y-morales-a-quien-renunciaron-como-asesor-del-gobierno\/","url":"https:\/\/apuntesdesanluis.com\/index.php\/2025\/03\/08\/criptogate-allanaron-a-novelli-y-morales-a-quien-renunciaron-como-asesor-del-gobierno\/","name":"CRIPTOGATE: ALLANARON A NOVELLI Y MORALES, A QUIEN RENUNCIARON COMO ASESOR DEL GOBIERNO - Apuntes de San Luis","isPartOf":{"@id":"https:\/\/apuntesdesanluis.com\/#website"},"primaryImageOfPage":{"@id":"https:\/\/apuntesdesanluis.com\/index.php\/2025\/03\/08\/criptogate-allanaron-a-novelli-y-morales-a-quien-renunciaron-como-asesor-del-gobierno\/#primaryimage"},"image":{"@id":"https:\/\/apuntesdesanluis.com\/index.php\/2025\/03\/08\/criptogate-allanaron-a-novelli-y-morales-a-quien-renunciaron-como-asesor-del-gobierno\/#primaryimage"},"thumbnailUrl":"https:\/\/apuntesdesanluis.com\/wp-content\/uploads\/2025\/03\/MILEI-Y-NOVELLI.png","datePublished":"2025-03-08T21:59:07+00:00","breadcrumb":{"@id":"https:\/\/apuntesdesanluis.com\/index.php\/2025\/03\/08\/criptogate-allanaron-a-novelli-y-morales-a-quien-renunciaron-como-asesor-del-gobierno\/#breadcrumb"},"inLanguage":"es-AR","potentialAction":[{"@type":"ReadAction","target":["https:\/\/apuntesdesanluis.com\/index.php\/2025\/03\/08\/criptogate-allanaron-a-novelli-y-morales-a-quien-renunciaron-como-asesor-del-gobierno\/"]}]},{"@type":"ImageObject","inLanguage":"es-AR","@id":"https:\/\/apuntesdesanluis.com\/index.php\/2025\/03\/08\/criptogate-allanaron-a-novelli-y-morales-a-quien-renunciaron-como-asesor-del-gobierno\/#primaryimage","url":"https:\/\/apuntesdesanluis.com\/wp-content\/uploads\/2025\/03\/MILEI-Y-NOVELLI.png","contentUrl":"https:\/\/apuntesdesanluis.com\/wp-content\/uploads\/2025\/03\/MILEI-Y-NOVELLI.png","width":640,"height":446},{"@type":"BreadcrumbList","@id":"https:\/\/apuntesdesanluis.com\/index.php\/2025\/03\/08\/criptogate-allanaron-a-novelli-y-morales-a-quien-renunciaron-como-asesor-del-gobierno\/#breadcrumb","itemListElement":[{"@type":"ListItem","position":1,"name":"Inicio","item":"https:\/\/apuntesdesanluis.com\/"},{"@type":"ListItem","position":2,"name":"CRIPTOGATE: ALLANARON A NOVELLI Y MORALES, A QUIEN RENUNCIARON COMO ASESOR DEL GOBIERNO"}]},{"@type":"WebSite","@id":"https:\/\/apuntesdesanluis.com\/#website","url":"https:\/\/apuntesdesanluis.com\/","name":"Apuntes de San Luis","description":"","publisher":{"@id":"https:\/\/apuntesdesanluis.com\/#\/schema\/person\/b55151d52296fcce64d1a72538a70b90"},"potentialAction":[{"@type":"SearchAction","target":{"@type":"EntryPoint","urlTemplate":"https:\/\/apuntesdesanluis.com\/?s={search_term_string}"},"query-input":{"@type":"PropertyValueSpecification","valueRequired":true,"valueName":"search_term_string"}}],"inLanguage":"es-AR"},{"@type":["Person","Organization"],"@id":"https:\/\/apuntesdesanluis.com\/#\/schema\/person\/b55151d52296fcce64d1a72538a70b90","name":"apuntesdesanluis.com","image":{"@type":"ImageObject","inLanguage":"es-AR","@id":"https:\/\/apuntesdesanluis.com\/#\/schema\/person\/image\/","url":"https:\/\/apuntesdesanluis.com\/wp-content\/uploads\/2023\/07\/cropped-apuntesdesanluis.png","contentUrl":"https:\/\/apuntesdesanluis.com\/wp-content\/uploads\/2023\/07\/cropped-apuntesdesanluis.png","width":450,"height":112,"caption":"apuntesdesanluis.com"},"logo":{"@id":"https:\/\/apuntesdesanluis.com\/#\/schema\/person\/image\/"},"sameAs":["https:\/\/apuntesdesanluis.com"],"url":"https:\/\/apuntesdesanluis.com\/index.php\/author\/apuntesdesanluis-com\/"}]}},"featured_image_urls":{"full":["https:\/\/apuntesdesanluis.com\/wp-content\/uploads\/2025\/03\/MILEI-Y-NOVELLI.png",640,446,false],"thumbnail":["https:\/\/apuntesdesanluis.com\/wp-content\/uploads\/2025\/03\/MILEI-Y-NOVELLI-150x150.png",150,150,true],"medium":["https:\/\/apuntesdesanluis.com\/wp-content\/uploads\/2025\/03\/MILEI-Y-NOVELLI-300x209.png",300,209,true],"medium_large":["https:\/\/apuntesdesanluis.com\/wp-content\/uploads\/2025\/03\/MILEI-Y-NOVELLI.png",640,446,false],"large":["https:\/\/apuntesdesanluis.com\/wp-content\/uploads\/2025\/03\/MILEI-Y-NOVELLI.png",640,446,false],"1536x1536":["https:\/\/apuntesdesanluis.com\/wp-content\/uploads\/2025\/03\/MILEI-Y-NOVELLI.png",640,446,false],"2048x2048":["https:\/\/apuntesdesanluis.com\/wp-content\/uploads\/2025\/03\/MILEI-Y-NOVELLI.png",640,446,false],"newsever-slider-full":["https:\/\/apuntesdesanluis.com\/wp-content\/uploads\/2025\/03\/MILEI-Y-NOVELLI.png",640,446,false],"newsever-featured":["https:\/\/apuntesdesanluis.com\/wp-content\/uploads\/2025\/03\/MILEI-Y-NOVELLI.png",640,446,false],"newsever-medium":["https:\/\/apuntesdesanluis.com\/wp-content\/uploads\/2025\/03\/MILEI-Y-NOVELLI.png",640,446,false]},"author_info":{"display_name":"apuntesdesanluis.com","author_link":"https:\/\/apuntesdesanluis.com\/index.php\/author\/apuntesdesanluis-com\/"},"category_info":"<a href=\"https:\/\/apuntesdesanluis.com\/index.php\/category\/nacionales-internacionales\/\" rel=\"category tag\">Nacionales\/Internacionales<\/a>","tag_info":"Nacionales\/Internacionales","comment_count":"0","_links":{"self":[{"href":"https:\/\/apuntesdesanluis.com\/index.php\/wp-json\/wp\/v2\/posts\/30216","targetHints":{"allow":["GET"]}}],"collection":[{"href":"https:\/\/apuntesdesanluis.com\/index.php\/wp-json\/wp\/v2\/posts"}],"about":[{"href":"https:\/\/apuntesdesanluis.com\/index.php\/wp-json\/wp\/v2\/types\/post"}],"author":[{"embeddable":true,"href":"https:\/\/apuntesdesanluis.com\/index.php\/wp-json\/wp\/v2\/users\/1"}],"replies":[{"embeddable":true,"href":"https:\/\/apuntesdesanluis.com\/index.php\/wp-json\/wp\/v2\/comments?post=30216"}],"version-history":[{"count":1,"href":"https:\/\/apuntesdesanluis.com\/index.php\/wp-json\/wp\/v2\/posts\/30216\/revisions"}],"predecessor-version":[{"id":30219,"href":"https:\/\/apuntesdesanluis.com\/index.php\/wp-json\/wp\/v2\/posts\/30216\/revisions\/30219"}],"wp:featuredmedia":[{"embeddable":true,"href":"https:\/\/apuntesdesanluis.com\/index.php\/wp-json\/wp\/v2\/media\/30217"}],"wp:attachment":[{"href":"https:\/\/apuntesdesanluis.com\/index.php\/wp-json\/wp\/v2\/media?parent=30216"}],"wp:term":[{"taxonomy":"category","embeddable":true,"href":"https:\/\/apuntesdesanluis.com\/index.php\/wp-json\/wp\/v2\/categories?post=30216"},{"taxonomy":"post_tag","embeddable":true,"href":"https:\/\/apuntesdesanluis.com\/index.php\/wp-json\/wp\/v2\/tags?post=30216"}],"curies":[{"name":"wp","href":"https:\/\/api.w.org\/{rel}","templated":true}]}}