{"id":30220,"date":"2025-03-09T11:02:54","date_gmt":"2025-03-09T14:02:54","guid":{"rendered":"https:\/\/apuntesdesanluis.com\/?p=30220"},"modified":"2025-03-09T14:19:33","modified_gmt":"2025-03-09T17:19:33","slug":"cambalashe-politiko","status":"publish","type":"post","link":"https:\/\/apuntesdesanluis.com\/index.php\/2025\/03\/09\/cambalashe-politiko\/","title":{"rendered":"CaMbAlaShe PoL\u00edtIkO"},"content":{"rendered":"<h3>Faltan dos meses y chirolas para reencontrarnos con las urnas. Estas dos semanas son claves en definiciones pol\u00edticas, rumbo a las elecciones de medio t\u00e9rmino del <strong>11 de mayo<\/strong>. Ya se palpa el habitual histerismo entre quienes sienten que se juegan buena parte de su futuro pol\u00edtico y aquellos deseosos por entrar en el juego. Te contamos lo que est\u00e1 sucediendo en las diferentes trincheras y adelantamos qui\u00e9nes ser\u00edan los principales candidatos para encabezar las boletas en los dos principales distritos.<\/h3>\n<h3><strong>CRONOGRAMA Y ALIANZAS. <\/strong>El pr\u00f3ximo <strong>mi\u00e9rcoles 12<\/strong> vence el plazo para la presentaci\u00f3n de Alianzas ante la justicia electoral. Es el primer escal\u00f3n para ver c\u00f3mo est\u00e1n parados los diferentes contendientes. Por el lado del gobierno, no habr\u00e1 muchas fisuras. Salvo el <strong>Partido Dem\u00f3crata<\/strong>, que anunci\u00f3 su pase a los libertarios, el resto de las fuerzas permanece en la coalici\u00f3n de gobierno.<\/h3>\n<h3><img fetchpriority=\"high\" decoding=\"async\" class=\"wp-image-30221 aligncenter\" src=\"https:\/\/apuntesdesanluis.com\/wp-content\/uploads\/2025\/03\/cronograma-259x300.png\" alt=\"\" width=\"537\" height=\"622\" srcset=\"https:\/\/apuntesdesanluis.com\/wp-content\/uploads\/2025\/03\/cronograma-259x300.png 259w, https:\/\/apuntesdesanluis.com\/wp-content\/uploads\/2025\/03\/cronograma.png 432w\" sizes=\"(max-width: 537px) 100vw, 537px\" \/><\/h3>\n<h3>Este s\u00e1bado la <strong>Convenci\u00f3n de la UCR<\/strong> ratific\u00f3 su alineamiento partidario y lo mismo har\u00e1n el resto de los partidos, entre los que se encuentran <strong>Mercedinos por el Cambio<\/strong>, <strong>PRO<\/strong> y <strong>Todos Unidos<\/strong>, por nombrar los m\u00e1s importantes.<\/h3>\n<h3>La otra fecha importante es el pr\u00f3ximo <strong>s\u00e1bado 22<\/strong>, cuando deben inscribirse las <strong>listas de candidatos<\/strong>. Aunque a nadie le hizo mucha gracia, todos terminaron aceptando que \u201cla lapicera\u201d la tiene Poggi, quien personalmente dispuso los lugares que tendr\u00e1 cada fuerza para poner sus postulantes, de acuerdo a lo que renuevan y al peso electoral que demostraron en las elecciones de 2023. Estas semanas ser\u00e1n de pura rosca.<\/h3>\n<h3>Por el lado del <strong>PJ<\/strong> tambi\u00e9n inscribir\u00e1 una alianza, pero m\u00e1s flaca que en otras oportunidades, por la di\u00e1spora que ha sufrido ante la deserci\u00f3n en masa de dirigentes de Villa Mercedes, con <strong>Maxi Frontera<\/strong> a la cabeza; distintas fuerzas pol\u00edticas que se han concentrado en el <strong>Frente por la Justicia Social<\/strong>, por otro lado, y la partida del ex intendente <strong>Enrique Ponce<\/strong>, y caciques y jefes comunales del interior que se corrieron al calor de Terrazas.<\/h3>\n<h3><strong>DEBUT DE LA BOLETA \u00daNICA.<\/strong> Un tema que sigue preocupando y mucho es c\u00f3mo resultar\u00e1 el estreno de la <strong>Boleta \u00danica Papel<\/strong>. Tanto desde el gobierno como desde la justicia electoral han comenzado a difundir spots para informar y concientizar al electorado, pero la duda es si estas acciones ser\u00e1n suficientes. Tal vez debiera pensarse en reforzar esta tarea con demostraciones presenciales en instituciones p\u00fablicas, vecinales, gremios y escuelas, para sumar &#8220;agentes multiplicadores&#8221; en esta funci\u00f3n de educaci\u00f3n y civismo.<\/h3>\n<p><iframe title=\"Elecciones San Luis 2025\" width=\"640\" height=\"480\" src=\"https:\/\/www.youtube.com\/embed\/5igukesGXOA?feature=oembed\" frameborder=\"0\" allow=\"accelerometer; autoplay; clipboard-write; encrypted-media; gyroscope; picture-in-picture; web-share\" referrerpolicy=\"strict-origin-when-cross-origin\" allowfullscreen><\/iframe><\/p>\n<h3>El tema es que la mayor parte de la sociedad, sumida en sus propias preocupaciones cotidianas, no se muestra a\u00fan muy interesada en formarse al respecto, y si llega la fecha y el elector no conoce o se ha informado respecto a c\u00f3mo se vota, el domingo 11 se demore en demas\u00eda dentro del cuarto oscuro, o requiera la ayuda del presidente de mesa, con lo cual el procedimiento se lentifique y termine siendo un zafarrancho. Naturalmente, si ello sucede el costo pol\u00edtico lo pagar\u00e1 el gobierno, que impuls\u00f3 la reforma electoral para asegurar la transparencia y bajar el tremendo gasto que implica la impresi\u00f3n de millones de papeletas.<\/h3>\n<h3><strong>EN CAPITAL, LA PELEA PRINCIPAL.<\/strong> Como se explic\u00f3 en la anterior entrega, la batalla electoral m\u00e1s trascendente se librar\u00e1 en el <strong>Departamento General Pueyrred\u00f3n,<\/strong> donde est\u00e1n en disputa 10 bancas de diputados provinciales, la intendencia y dos (2) concejal\u00edas de Juana Koslay, la intendencia y tres (3) concejal\u00edas de Potrero de Los Funes, siete (7) concejal\u00edas en San Luis y cinco (5) en la ciudad de La Punta.<\/h3>\n<h3><strong>\u00bfPOTRERO DE LOS FUNES SE DESMARCA? <\/strong>De todos modos, a\u00fan no se sabe qu\u00e9 pasar\u00e1 en la \u00fanica intendencia opositora del departamento General Pueyrred\u00f3n, que conduce el ex bombero <strong>Dami\u00e1n G\u00f3mez<\/strong>. En diciembre pasado manifest\u00f3 su malestar con el gobierno, a quien acus\u00f3 de plantarle una intendencia \u201cparalela\u201d en los boxes del circuito. El hombre no descarta desdoblar las elecciones en Potrero de Los Funes. Cuando quedan pocos d\u00edas para que se le venza el plazo, a\u00fan no ha dado a conocer su decisi\u00f3n.<\/h3>\n<p><img decoding=\"async\" class=\"wp-image-30222 aligncenter\" src=\"https:\/\/apuntesdesanluis.com\/wp-content\/uploads\/2025\/03\/damian-gomez-300x208.png\" alt=\"\" width=\"638\" height=\"442\" srcset=\"https:\/\/apuntesdesanluis.com\/wp-content\/uploads\/2025\/03\/damian-gomez-300x208.png 300w, https:\/\/apuntesdesanluis.com\/wp-content\/uploads\/2025\/03\/damian-gomez.png 563w\" sizes=\"(max-width: 638px) 100vw, 638px\" \/><\/p>\n<h3>Si bien ha ratificado su pertenencia a <strong>Compromiso Federal<\/strong>, su indefinici\u00f3n lo ha enfrentado con su jefe, <strong>Alberto Rodr\u00edguez Sa\u00e1<\/strong>, porque en caso de no votarse en ese distrito el 11 de mayo, le restar\u00e1 votos a la lista de diputados provinciales. Sucede que el muchacho orden\u00f3 una encuesta y la misma arroj\u00f3 que el poggismo tiene una imagen positiva superior al 60%, en tanto que el PJ apenas ara\u00f1a el 20%, lo cual le asegura, si unifica la fecha, una derrota estrepitosa y perder la conducci\u00f3n de la intendencia. Las cuentas son claras y G\u00f3mez de tonto no tiene nada.<\/h3>\n<h3><strong>CANDIDATOS DEL OFICIALISMO<\/strong>. Por la coalici\u00f3n de gobierno, en Capital la versi\u00f3n m\u00e1s firme indica que encabezar\u00e1 la n\u00f3mina de candidatos a diputados provinciales el actual intendente de Juana Koslay, <strong>Jorge \u201cToti\u201d Videla<\/strong>, seguido por <strong>Eugenia Gallardo<\/strong> y probablemente un dirigente radical, que ser\u00eda el actual rector de la UNSL. <strong>V\u00edctor Mori\u00f1igo<\/strong>. El cuarto lugar estar\u00eda reservado para la diputada <strong>Marisa Patafio<\/strong>, autora de la ley de narcotest, y el quinto para otro diputado que busca la reelecci\u00f3n: <strong>Charly Pereyra<\/strong> (Pro).<\/h3>\n<p><img decoding=\"async\" class=\"wp-image-30223 aligncenter\" src=\"https:\/\/apuntesdesanluis.com\/wp-content\/uploads\/2025\/03\/tres-300x138.png\" alt=\"\" width=\"637\" height=\"293\" srcset=\"https:\/\/apuntesdesanluis.com\/wp-content\/uploads\/2025\/03\/tres-300x138.png 300w, https:\/\/apuntesdesanluis.com\/wp-content\/uploads\/2025\/03\/tres.png 708w\" sizes=\"(max-width: 637px) 100vw, 637px\" \/><\/p>\n<h3>En Villa Mercedes, sigue sonando que ir\u00eda a la reelecci\u00f3n como candidato a senador por Pedernera el ingeniero <strong>Adolfo Castro Luna<\/strong>, a quien se le reconoce su \u201corganicidad, coherencia y lealtad\u201d.<\/h3>\n<h3><strong>CHISPAZOS EN LA UCR. &#8220;<\/strong>La candidatura de <strong>V\u00edctor Mori\u00f1igo<\/strong> a\u00fan no est\u00e1 asegurada&#8221;, indic\u00f3 una fuente que conoce los vericuetos de la eterna interna radical. Sucede que el nombre del\u00a0actual rector de la UNSL responde a una preferencia que tendr\u00eda el propio gobernador, para potenciar la lista con una figura de prestigio acad\u00e9mico y con llegada al \u00e1mbito universitario, pero no es una decisi\u00f3n que dependa de Poggi.<\/h3>\n<p><img loading=\"lazy\" decoding=\"async\" class=\"wp-image-30224 aligncenter\" src=\"https:\/\/apuntesdesanluis.com\/wp-content\/uploads\/2025\/03\/convencion-radical-de-san-luis-300x222.png\" alt=\"\" width=\"647\" height=\"479\" srcset=\"https:\/\/apuntesdesanluis.com\/wp-content\/uploads\/2025\/03\/convencion-radical-de-san-luis-300x222.png 300w, https:\/\/apuntesdesanluis.com\/wp-content\/uploads\/2025\/03\/convencion-radical-de-san-luis.png 497w\" sizes=\"(max-width: 647px) 100vw, 647px\" \/><\/p>\n<h3>&#8220;Los candidatos los debe elegir la Convenci\u00f3n Provincial que se re\u00fane hoy (por ayer) para ratificar el Frente y esta citada para el 21\/3 para elegir los candidatos, con los 2\/3 tercios de sus miembros, que por supuesto Mori\u00f1igo no tiene&#8230;&#8221;, precis\u00f3 la fuente, abriendo una ventana de incertidumbre respecto a esta definici\u00f3n.<\/h3>\n<h3>Ya en la reuni\u00f3n de febrero un sector, <strong>Identidad Radical<\/strong>, acus\u00f3 a la conducci\u00f3n de carecer de legitimidad y afirm\u00f3 que la UCR &#8220;est\u00e1 ac\u00e9fala&#8221;, acusando a <strong>Juan \u00c1lvarez Pinto<\/strong> de entregar las banderas centenarias para someterse a la conducci\u00f3n del gobernador Claudio Poggi. El encuentro del 21 de marzo va a estar picante parece.<\/h3>\n<h3><strong>ALBERTO, MUY ACTIVO<\/strong>. Despu\u00e9s de mucho tiempo, <strong>Alberto Rodr\u00edguez Sa\u00e1<\/strong> ha vuelto a recorrer la provincia. Se puso los cortos y encabeza la campa\u00f1a del PJ con notable vitalidad y entusiasmo. Por primera vez asumiendo un nuevo e in\u00e9dito rol, como jefe de la oposici\u00f3n, despu\u00e9s de 40 a\u00f1os de regir los destinos de la provincia y ser oficialismo. En el camino, le pega a los \u201ctraidores\u201d, como Frontera, Toti Videla, Leyes y Cia. Y por supuesto, le dispara munici\u00f3n gruesa al actual gobernador, de quien ahora se acuerda que no es de San Luis y le factura estar en contra de la puntanidad y desatender la salud y la educaci\u00f3n.<\/h3>\n<p><a href=\"https:\/\/www.facebook.com\/reel\/1214458300689554\" target=\"_blank\" rel=\"noopener\"><img loading=\"lazy\" decoding=\"async\" class=\"wp-image-30248 aligncenter\" src=\"https:\/\/apuntesdesanluis.com\/wp-content\/uploads\/2025\/03\/TIO-257x300.png\" alt=\"\" width=\"553\" height=\"646\" srcset=\"https:\/\/apuntesdesanluis.com\/wp-content\/uploads\/2025\/03\/TIO-257x300.png 257w, https:\/\/apuntesdesanluis.com\/wp-content\/uploads\/2025\/03\/TIO.png 497w\" sizes=\"(max-width: 553px) 100vw, 553px\" \/><\/a><\/p>\n<h4 style=\"text-align: center;\"><em><span style=\"color: #3366ff;\">(Hacer click para acceder al reel)<\/span><\/em><\/h4>\n<h3>En su entorno los m\u00e1s allegados, por discreci\u00f3n o temor, no sueltan prenda sobre sus reales pretensiones. Existen tres versiones muy dispares: 1) No ser\u00e1 candidato a nada, 2) Encabezar\u00e1 la lista de candidatos a diputados por Pueyrred\u00f3n; 3) Ser\u00e1 candidato en las dos elecciones: a diputado provincial el 11 y a nacional el 26 de octubre.<\/h3>\n<h3>Lo poco que ha trascendido es que le reservar\u00edan un lugar en la lista provincial a <strong>Silvia Sosa Araujo<\/strong> y podr\u00eda encabezar la de concejales el ex intendente <strong>Sergio Tamayo.<\/strong><\/h3>\n<p><img loading=\"lazy\" decoding=\"async\" class=\"wp-image-30254 aligncenter\" src=\"https:\/\/apuntesdesanluis.com\/wp-content\/uploads\/2025\/03\/sosa-tamayo-300x162.png\" alt=\"\" width=\"646\" height=\"349\" srcset=\"https:\/\/apuntesdesanluis.com\/wp-content\/uploads\/2025\/03\/sosa-tamayo-300x162.png 300w, https:\/\/apuntesdesanluis.com\/wp-content\/uploads\/2025\/03\/sosa-tamayo.png 549w\" sizes=\"(max-width: 646px) 100vw, 646px\" \/><\/p>\n<h3>En <strong>Villa Mercedes<\/strong>, en tanto, el armado est\u00e1 complicado, ante la carencia de dirigentes de peso. Tanto es as\u00ed que salieron a medir a referentes extrapartidarios para encabezar la boleta de candidatos a senador provincial. Uno de ellos, al que le dio \u201cbastante bien\u201d la encuesta, es un comerciante muy conocido, de una familia tradicional, que maneja junto con su hermano una cadena de librer\u00edas. Consultado por esta secci\u00f3n, afirm\u00f3 con sinceridad: <strong><em>\u201cS\u00ed, me enter\u00e9, pero a m\u00ed nadie me habl\u00f3 ni ofreci\u00f3 nada. Yo soy comerciante, no s\u00e9 si aceptar\u00eda una candidatura pol\u00edtica\u2026\u201d.<\/em><\/strong><\/h3>\n<h3><strong>POBRE CONFERENCIA.<\/strong> El ex gobernador Alberto Rodr\u00edguez Sa\u00e1 estuvo el jueves en Villa Mercedes, donde ofreci\u00f3 una escu\u00e1lida conferencia de prensa en el peque\u00f1o sal\u00f3n de un c\u00e9ntrico hotel. Sugestivamente no fue a la sede del PJ, previendo quiz\u00e1s el escaso acompa\u00f1amiento. Los dirigentes que lo acompa\u00f1aron en la mesa dan cuenta de lo poco que le ha quedado: el hist\u00f3rico Juve\u00edn Quiroga, el Intendente de Justo Daract Alfredo Dom\u00ednguez y la concejala Virginia Lucero (hermana de Anabela), cuyo esposo Exequiel Scarel se encuentra procesado en la causa Molino F\u00e9nix, al igual que su cu\u00f1ado Joaqu\u00edn Beltr\u00e1n y su hermano Enzo.<\/h3>\n<h3><strong> <img loading=\"lazy\" decoding=\"async\" class=\"wp-image-30231 aligncenter\" src=\"https:\/\/apuntesdesanluis.com\/wp-content\/uploads\/2025\/03\/ALBERTO-POBRE-1-300x166.png\" alt=\"\" width=\"589\" height=\"326\" srcset=\"https:\/\/apuntesdesanluis.com\/wp-content\/uploads\/2025\/03\/ALBERTO-POBRE-1-300x166.png 300w, https:\/\/apuntesdesanluis.com\/wp-content\/uploads\/2025\/03\/ALBERTO-POBRE-1.png 604w\" sizes=\"(max-width: 589px) 100vw, 589px\" \/><\/strong><\/h3>\n<h3>Como lo hace habitualmente desde las p\u00e1ginas de su portal de noticias, <strong>El Editor<\/strong> le peg\u00f3 a Frontera. <strong>\u201cTe tratamos como a un hijo<\/strong>\u201d, dijo, al tiempo que enumer\u00f3 todos los cargos que el intendente de Villa Mercedes ocup\u00f3 en pol\u00edtica, para intentar dejarlo como un desagradecido. Algunos testigos dijeron que se fue r\u00e1pido, con cara enojada, molesto con los organizadores por la escasa asistencia.<\/h3>\n<h3><strong>POTENTE PRESENTACI\u00d3N. <\/strong>En contraste con la pobre conferencia que dio su mentor, el mismo d\u00eda por la noche <strong>Maxi Frontera<\/strong> presentaba su propio partido, el <strong>Movimiento de Unidad Provincial<\/strong> <strong>(MUP)<\/strong>, con un multitudinario acto celebrado en el Sal\u00f3n Santa Teresita, al que asistieron no solo funcionarios y militantes, sino tambi\u00e9n referentes del comercio, la industria, el vecinalismo, la cultura y otras organizaciones sociales.<\/h3>\n<h3><img loading=\"lazy\" decoding=\"async\" class=\"wp-image-30249 aligncenter\" src=\"https:\/\/apuntesdesanluis.com\/wp-content\/uploads\/2025\/03\/maxi-hablando-300x170.png\" alt=\"\" width=\"649\" height=\"368\" srcset=\"https:\/\/apuntesdesanluis.com\/wp-content\/uploads\/2025\/03\/maxi-hablando-300x170.png 300w, https:\/\/apuntesdesanluis.com\/wp-content\/uploads\/2025\/03\/maxi-hablando.png 680w\" sizes=\"(max-width: 649px) 100vw, 649px\" \/><\/h3>\n<h3>El jefe comunal renunci\u00f3 al PJ y ha decidido ponerse al frente de esta campa\u00f1a. El partido que preside un hombre de su confianza, <strong>Mauro Sabatini<\/strong>, ya tiene decidido suscribir la alianza que lidera <strong>Claudio Poggi<\/strong>. Semanas atr\u00e1s, en una de las tantas visitas a Villa Mercedes, el gobernador acord\u00f3 con Frontera presentar lista conjunta el 11 de mayo: la encabezar\u00eda el senador <strong>Adolfo Castro Luna<\/strong>, quien ir\u00e1 por la reelecci\u00f3n, y Maxi colocar\u00e1 los primeros tres candidatos a concejal.<\/h3>\n<h3><img loading=\"lazy\" decoding=\"async\" class=\"wp-image-30250 aligncenter\" src=\"https:\/\/apuntesdesanluis.com\/wp-content\/uploads\/2025\/03\/maxi-de-espaldas-300x132.png\" alt=\"\" width=\"682\" height=\"300\" srcset=\"https:\/\/apuntesdesanluis.com\/wp-content\/uploads\/2025\/03\/maxi-de-espaldas-300x132.png 300w, https:\/\/apuntesdesanluis.com\/wp-content\/uploads\/2025\/03\/maxi-de-espaldas-768x338.png 768w, https:\/\/apuntesdesanluis.com\/wp-content\/uploads\/2025\/03\/maxi-de-espaldas.png 833w\" sizes=\"(max-width: 682px) 100vw, 682px\" \/><\/h3>\n<h3><strong>\u00bfSE VIENE EL ESTALLIDO?<\/strong> Parafraseando a La Bersuit, la situaci\u00f3n electoral en <strong>La Libertad Avanza<\/strong> est\u00e1 a punto de estallar. \u201cTodos peleados con todos\u201d, sintetiz\u00f3 una fuente. <strong>Abdala<\/strong> sigue de punta con <strong>Negri <\/strong>y tampoco est\u00e1 en buena relaci\u00f3n con <strong>D\u00b4alessandro<\/strong>, que son los principales referentes en la provincia. Para colmo, tambi\u00e9n hay encontronazos con otros sectores del interior, como los libertarios de <strong>Justo Daract<\/strong> y otras localidades.<\/h3>\n<h3><img loading=\"lazy\" decoding=\"async\" class=\"wp-image-30239 aligncenter\" src=\"https:\/\/apuntesdesanluis.com\/wp-content\/uploads\/2025\/03\/tres-libertarios-300x147.png\" alt=\"\" width=\"673\" height=\"330\" srcset=\"https:\/\/apuntesdesanluis.com\/wp-content\/uploads\/2025\/03\/tres-libertarios-300x147.png 300w, https:\/\/apuntesdesanluis.com\/wp-content\/uploads\/2025\/03\/tres-libertarios-768x377.png 768w, https:\/\/apuntesdesanluis.com\/wp-content\/uploads\/2025\/03\/tres-libertarios.png 777w\" sizes=\"(max-width: 673px) 100vw, 673px\" \/><\/h3>\n<h3>Al no haber podido conformar su partido, deber\u00e1n inscribir un frente entre varias fuerzas pol\u00edticas, y cada una de ellas pide algo a cambio. Es el caso, por ejemplo, del <strong>Partido Dem\u00f3crata<\/strong>, que se alej\u00f3 de la coalici\u00f3n que lidera Claudio Poggi acus\u00e1ndolo de \u201cpopulista\u201d y anunci\u00f3 que se suma a la alianza mileinista. Aunque impulsa la unidad, el PD pretende alguna candidatura expectable que por ahora nadie le concede. Tampoco reconocen al Partido Libertario formado en el Departamento Jun\u00edn, presidido por <strong>Diego Balsano<\/strong>. En tanto que los libertarios daractenses podr\u00edan ir solos compitiendo con un sello municipal. As\u00ed est\u00e1n las cosas.<\/h3>\n<h3>Por el comportamiento que exhiben, queda en evidencia que cada uno juega su juego y mata por una candidatura. Nadie piensa en el proyecto. En definitiva, ponen de manifiesto los mismos vicios pol\u00edticos de &#8220;la casta&#8221; a la que tanto critican. &#8220;Encima, como no existe un liderazgo claro en la provincia, el kilombo ya lleg\u00f3 a oidos de Karina Milei, que est\u00e1 de los pelos. Acordate, esto termina mal, con dos o tres contentos y el resto puteando\u201d, describi\u00f3 gr\u00e1ficamente un dirigente de segunda l\u00ednea, que asegura no pretender cargos.<\/h3>\n<h3><strong>FRENTE POR LA JUSTICIA SOCIAL.<\/strong> Los que tambi\u00e9n est\u00e1n muy activos son los sectores que participan de este frente escindido del justicialismo, que se erige como una alternativa a los oficialismos provincial y nacional y tiene como uno de sus \u201carmadores\u201d al dirigente <strong>Daniel Sosa<\/strong>, del Movimiento Evita. A la vieja usanza militante, vienen manteniendo reuniones de base en diferentes barrios y con sectores populares de capital y localidades del interior, al tiempo que fomentan acciones solidarias como ollas populares para personas indigentes.<\/h3>\n<h3><img loading=\"lazy\" decoding=\"async\" class=\"wp-image-30242 aligncenter\" src=\"https:\/\/apuntesdesanluis.com\/wp-content\/uploads\/2025\/03\/FRENTE-300x143.png\" alt=\"\" width=\"625\" height=\"298\" srcset=\"https:\/\/apuntesdesanluis.com\/wp-content\/uploads\/2025\/03\/FRENTE-300x143.png 300w, https:\/\/apuntesdesanluis.com\/wp-content\/uploads\/2025\/03\/FRENTE.png 642w\" sizes=\"(max-width: 625px) 100vw, 625px\" \/><\/h3>\n<h3>La principal disputa en cuanto a las candidaturas la mantienen el conductor de ATE, <strong>Fernando Gatica<\/strong>, y el kirchnerista <strong>Luis \u201cPiri\u201d Macagno<\/strong>, que pretenden liderar la lista de diputados provinciales, sin dudas el cargo m\u00e1s expectable. Por su parte el Evita aspira a que encabece la boleta de concejales la ex candidata a gobernadora <strong>Mariela Cross<\/strong>. Por ahora est\u00e1n concentrados en la presentaci\u00f3n de la alianza, que integrar\u00edan Tierra, Techo y Trabajo San Luis, Partido Comunista, Partido del Trabajo y del Pueblo (PTP), Lealtad Sanluise\u00f1a, Encuentro y varios partidos vecinales y organizaciones populares.<\/h3>\n<h3><strong>PONCE VUELVE A SUS OR\u00cdGENES. <\/strong>El una nueva voltereta pol\u00edtica de las que acostumbra practicar, el ex intendente de San Luis<strong> Enrique Ponce <\/strong>parece querer volver sobre sus pasos. Luego de su autonom\u00eda kirchnerista y haber acompa\u00f1ado alg\u00fan tiempo a Poggi, luego al Adolfo y finalmente al Alberto, quien lo nombr\u00f3 asesor y luego Defensor del Pueblo, recientemente anunci\u00f3 su renuncia como congresal del PJ.<\/h3>\n<p><img loading=\"lazy\" decoding=\"async\" class=\"wp-image-30228 aligncenter\" src=\"https:\/\/apuntesdesanluis.com\/wp-content\/uploads\/2025\/03\/ponce-300x221.png\" alt=\"\" width=\"629\" height=\"463\" srcset=\"https:\/\/apuntesdesanluis.com\/wp-content\/uploads\/2025\/03\/ponce-300x221.png 300w, https:\/\/apuntesdesanluis.com\/wp-content\/uploads\/2025\/03\/ponce.png 600w\" sizes=\"(max-width: 629px) 100vw, 629px\" \/><\/p>\n<h3>El hombre ahora tiene decidido reflotar su partido, <strong>San Luis Somos Todos<\/strong>, y disputar una banca como candidato a diputado provincial por el departamento General Pueyrred\u00f3n. Al igual que el PJ, \u00e9l tambi\u00e9n sum\u00f3 varias bajas en su tropa, algunos de los cuales se sumaron al poggismo. De hecho, no lo acompa\u00f1a ni siquiera su sobrino <strong>Piri Macagno<\/strong>, quien tambi\u00e9n se fue del entorno de Alberto y se integr\u00f3 en el Frente por la Justicia Social.<\/h3>\n<h3><strong>BALNEARIO FUERA DE \u00c9POCA. <\/strong>En <strong>Justo Daract<\/strong> buena parte de la poblaci\u00f3n est\u00e1 m\u00e1s que ofuscada con el intendente <strong>Alfredo Dom\u00ednguez<\/strong> por su falta de ubicuidad. Les cuesta entender que mientras subsisten los problemas por el estado del agua que consume la poblaci\u00f3n, la falta de trabajo y oportunidades y el esc\u00e1ndalo del geri\u00e1trico del horror, entre otros temas no menores, el jefe comunal haya estado m\u00e1s preocupado por inaugurar un <strong>balneario<\/strong> cuando ya se terminaron las vacaciones&#8230;<\/h3>\n<p><img loading=\"lazy\" decoding=\"async\" class=\"wp-image-30234 aligncenter\" src=\"https:\/\/apuntesdesanluis.com\/wp-content\/uploads\/2025\/03\/complejo-los-sauces-219x300.jpg\" alt=\"\" width=\"490\" height=\"671\" srcset=\"https:\/\/apuntesdesanluis.com\/wp-content\/uploads\/2025\/03\/complejo-los-sauces-219x300.jpg 219w, https:\/\/apuntesdesanluis.com\/wp-content\/uploads\/2025\/03\/complejo-los-sauces.jpg 592w\" sizes=\"(max-width: 490px) 100vw, 490px\" \/><\/p>\n<h3>La pomposa inauguraci\u00f3n, que debi\u00f3 ser antes de diciembre, tuvo lugar reci\u00e9n el s\u00e1bado 8 de marzo, cuando la gente ya volvi\u00f3 al laburo y los chicos a la escuela.<\/h3>\n<h3>&#8220;Lo de Dom\u00ednguez es el mejor ejemplo para entender los cuestionamientos de la sociedad hacia la clase pol\u00edtica. Porque marca un total desenfoque de la realidad de lo que sufren y padecen los vecinos&#8221;, castig\u00f3 la diputada provincial <strong>Claudia D\u00edaz<\/strong>, quien adem\u00e1s puso en duda el estado del agua del r\u00edo Quinto.<\/h3>\n<p><img loading=\"lazy\" decoding=\"async\" class=\"wp-image-30252 aligncenter\" src=\"https:\/\/apuntesdesanluis.com\/wp-content\/uploads\/2025\/03\/dos-daract-300x147.png\" alt=\"\" width=\"635\" height=\"311\" srcset=\"https:\/\/apuntesdesanluis.com\/wp-content\/uploads\/2025\/03\/dos-daract-300x147.png 300w, https:\/\/apuntesdesanluis.com\/wp-content\/uploads\/2025\/03\/dos-daract.png 628w\" sizes=\"(max-width: 635px) 100vw, 635px\" \/><\/p>\n<h3>\u201cCreo que hay que determinar otras prioridades que tenemos en nuestra ciudad. El balneario es un espacio recreativo que seguramente tendr\u00e1 su uso, pero considero que hay obras que no se ven y son m\u00e1s importantes, como solucionar las inundaciones en Barrio Esperanza o usar esos recursos econ\u00f3micos para solucionar\u00a0 la falta de agua, especialmente en los barrios m\u00e1s altos de la ciudad\u201d, agreg\u00f3.<\/h3>\n<h3><strong>BRONCA DE POGGI.<\/strong> El nuevo esc\u00e1ndalo que envolvi\u00f3 a un funcionario del partido <strong>Todos Unidos<\/strong>, el secretario de Actividades Log\u00edsticas, <strong>Walter Vogt<\/strong>, denunciado por acoso y malos tratos a una empleada, ha colmado la paciencia de <strong>Claudio Poggi<\/strong>.\u201dEl gober est\u00e1 con los huevos al plato con Adolfo y los funcionarios que le pone. A este \u00faltimo directamente lo ech\u00f3 a trav\u00e9s de un empleado, ni siquiera lo quiso llamar\u201d, confirm\u00f3 una fuente segura.<\/h3>\n<h3><img loading=\"lazy\" decoding=\"async\" class=\"wp-image-30262 aligncenter\" src=\"https:\/\/apuntesdesanluis.com\/wp-content\/uploads\/2025\/03\/vogt-300x216.png\" alt=\"\" width=\"653\" height=\"470\" srcset=\"https:\/\/apuntesdesanluis.com\/wp-content\/uploads\/2025\/03\/vogt-300x216.png 300w, https:\/\/apuntesdesanluis.com\/wp-content\/uploads\/2025\/03\/vogt.png 613w\" sizes=\"(max-width: 653px) 100vw, 653px\" \/><\/h3>\n<h3>Primero fue <strong>Haroldo Bridger<\/strong>, a quien tambi\u00e9n debi\u00f3 pedir la renuncia. Luego seguir\u00edan <strong>Alicia Arrieta, Hugo Murgo, Sergio Panza, Pablo Zamora<\/strong>, ahora <strong>Vogt<\/strong>, todos con ruido medi\u00e1tico y esc\u00e1ndalo. Por ahora no\u00a0 se conoce el nombre del sucesor de este \u00faltimo, aunque algunos creen que es una decisi\u00f3n del propio gobernador demorar el nombramiento hasta despu\u00e9s de las elecciones, cosa que no sobrevenga un nuevo culebr\u00f3n en medio de la campa\u00f1a.<\/h3>\n<p>&nbsp;<\/p>\n<p>&nbsp;<\/p>\n<p>&nbsp;<\/p>\n<p>&nbsp;<\/p>\n<p>&nbsp;<\/p>\n<p>&nbsp;<\/p>\n<p>&nbsp;<\/p>\n<p>&nbsp;<\/p>\n<p>&nbsp;<\/p>\n<p>&nbsp;<\/p>\n<p>&nbsp;<\/p>\n<p>&nbsp;<\/p>\n<h3><\/h3>\n<p>&nbsp;<\/p>\n<p>&nbsp;<\/p>\n","protected":false},"excerpt":{"rendered":"<p>Faltan dos meses y chirolas para reencontrarnos con las urnas. Estas dos semanas son claves&#8230;<\/p>\n","protected":false},"author":1,"featured_media":30258,"comment_status":"closed","ping_status":"closed","sticky":false,"template":"","format":"standard","meta":{"footnotes":""},"categories":[9],"tags":[],"class_list":["post-30220","post","type-post","status-publish","format-standard","has-post-thumbnail","hentry","category-opinion"],"yoast_head":"<!-- This site is optimized with the Yoast SEO plugin v26.1.1 - https:\/\/yoast.com\/wordpress\/plugins\/seo\/ -->\n<title>CaMbAlaShe PoL\u00edtIkO - Apuntes de San Luis<\/title>\n<meta name=\"robots\" content=\"index, follow, max-snippet:-1, max-image-preview:large, max-video-preview:-1\" \/>\n<link rel=\"canonical\" href=\"https:\/\/apuntesdesanluis.com\/index.php\/2025\/03\/09\/cambalashe-politiko\/\" \/>\n<meta property=\"og:locale\" content=\"es_ES\" \/>\n<meta property=\"og:type\" content=\"article\" \/>\n<meta property=\"og:title\" content=\"CaMbAlaShe PoL\u00edtIkO - Apuntes de San Luis\" \/>\n<meta property=\"og:description\" content=\"Faltan dos meses y chirolas para reencontrarnos con las urnas. Estas dos semanas son claves...\" \/>\n<meta property=\"og:url\" content=\"https:\/\/apuntesdesanluis.com\/index.php\/2025\/03\/09\/cambalashe-politiko\/\" \/>\n<meta property=\"og:site_name\" content=\"Apuntes de San Luis\" \/>\n<meta property=\"article:published_time\" content=\"2025-03-09T14:02:54+00:00\" \/>\n<meta property=\"article:modified_time\" content=\"2025-03-09T17:19:33+00:00\" \/>\n<meta property=\"og:image\" content=\"https:\/\/apuntesdesanluis.com\/wp-content\/uploads\/2025\/03\/cambalache-portada.png\" \/>\n\t<meta property=\"og:image:width\" content=\"800\" \/>\n\t<meta property=\"og:image:height\" content=\"457\" \/>\n\t<meta property=\"og:image:type\" content=\"image\/png\" \/>\n<meta name=\"author\" content=\"apuntesdesanluis.com\" \/>\n<meta name=\"twitter:card\" content=\"summary_large_image\" \/>\n<meta name=\"twitter:label1\" content=\"Escrito por\" \/>\n\t<meta name=\"twitter:data1\" content=\"apuntesdesanluis.com\" \/>\n\t<meta name=\"twitter:label2\" content=\"Tiempo de lectura\" \/>\n\t<meta name=\"twitter:data2\" content=\"16 minutos\" \/>\n<script type=\"application\/ld+json\" class=\"yoast-schema-graph\">{\"@context\":\"https:\/\/schema.org\",\"@graph\":[{\"@type\":\"Article\",\"@id\":\"https:\/\/apuntesdesanluis.com\/index.php\/2025\/03\/09\/cambalashe-politiko\/#article\",\"isPartOf\":{\"@id\":\"https:\/\/apuntesdesanluis.com\/index.php\/2025\/03\/09\/cambalashe-politiko\/\"},\"author\":{\"name\":\"apuntesdesanluis.com\",\"@id\":\"https:\/\/apuntesdesanluis.com\/#\/schema\/person\/b55151d52296fcce64d1a72538a70b90\"},\"headline\":\"CaMbAlaShe PoL\u00edtIkO\",\"datePublished\":\"2025-03-09T14:02:54+00:00\",\"dateModified\":\"2025-03-09T17:19:33+00:00\",\"mainEntityOfPage\":{\"@id\":\"https:\/\/apuntesdesanluis.com\/index.php\/2025\/03\/09\/cambalashe-politiko\/\"},\"wordCount\":2791,\"publisher\":{\"@id\":\"https:\/\/apuntesdesanluis.com\/#\/schema\/person\/b55151d52296fcce64d1a72538a70b90\"},\"image\":{\"@id\":\"https:\/\/apuntesdesanluis.com\/index.php\/2025\/03\/09\/cambalashe-politiko\/#primaryimage\"},\"thumbnailUrl\":\"https:\/\/apuntesdesanluis.com\/wp-content\/uploads\/2025\/03\/cambalache-portada.png\",\"articleSection\":[\"Opini\u00f3n\"],\"inLanguage\":\"es-AR\"},{\"@type\":\"WebPage\",\"@id\":\"https:\/\/apuntesdesanluis.com\/index.php\/2025\/03\/09\/cambalashe-politiko\/\",\"url\":\"https:\/\/apuntesdesanluis.com\/index.php\/2025\/03\/09\/cambalashe-politiko\/\",\"name\":\"CaMbAlaShe PoL\u00edtIkO - Apuntes de San Luis\",\"isPartOf\":{\"@id\":\"https:\/\/apuntesdesanluis.com\/#website\"},\"primaryImageOfPage\":{\"@id\":\"https:\/\/apuntesdesanluis.com\/index.php\/2025\/03\/09\/cambalashe-politiko\/#primaryimage\"},\"image\":{\"@id\":\"https:\/\/apuntesdesanluis.com\/index.php\/2025\/03\/09\/cambalashe-politiko\/#primaryimage\"},\"thumbnailUrl\":\"https:\/\/apuntesdesanluis.com\/wp-content\/uploads\/2025\/03\/cambalache-portada.png\",\"datePublished\":\"2025-03-09T14:02:54+00:00\",\"dateModified\":\"2025-03-09T17:19:33+00:00\",\"breadcrumb\":{\"@id\":\"https:\/\/apuntesdesanluis.com\/index.php\/2025\/03\/09\/cambalashe-politiko\/#breadcrumb\"},\"inLanguage\":\"es-AR\",\"potentialAction\":[{\"@type\":\"ReadAction\",\"target\":[\"https:\/\/apuntesdesanluis.com\/index.php\/2025\/03\/09\/cambalashe-politiko\/\"]}]},{\"@type\":\"ImageObject\",\"inLanguage\":\"es-AR\",\"@id\":\"https:\/\/apuntesdesanluis.com\/index.php\/2025\/03\/09\/cambalashe-politiko\/#primaryimage\",\"url\":\"https:\/\/apuntesdesanluis.com\/wp-content\/uploads\/2025\/03\/cambalache-portada.png\",\"contentUrl\":\"https:\/\/apuntesdesanluis.com\/wp-content\/uploads\/2025\/03\/cambalache-portada.png\",\"width\":800,\"height\":457},{\"@type\":\"BreadcrumbList\",\"@id\":\"https:\/\/apuntesdesanluis.com\/index.php\/2025\/03\/09\/cambalashe-politiko\/#breadcrumb\",\"itemListElement\":[{\"@type\":\"ListItem\",\"position\":1,\"name\":\"Inicio\",\"item\":\"https:\/\/apuntesdesanluis.com\/\"},{\"@type\":\"ListItem\",\"position\":2,\"name\":\"CaMbAlaShe PoL\u00edtIkO\"}]},{\"@type\":\"WebSite\",\"@id\":\"https:\/\/apuntesdesanluis.com\/#website\",\"url\":\"https:\/\/apuntesdesanluis.com\/\",\"name\":\"Apuntes de San Luis\",\"description\":\"\",\"publisher\":{\"@id\":\"https:\/\/apuntesdesanluis.com\/#\/schema\/person\/b55151d52296fcce64d1a72538a70b90\"},\"potentialAction\":[{\"@type\":\"SearchAction\",\"target\":{\"@type\":\"EntryPoint\",\"urlTemplate\":\"https:\/\/apuntesdesanluis.com\/?s={search_term_string}\"},\"query-input\":{\"@type\":\"PropertyValueSpecification\",\"valueRequired\":true,\"valueName\":\"search_term_string\"}}],\"inLanguage\":\"es-AR\"},{\"@type\":[\"Person\",\"Organization\"],\"@id\":\"https:\/\/apuntesdesanluis.com\/#\/schema\/person\/b55151d52296fcce64d1a72538a70b90\",\"name\":\"apuntesdesanluis.com\",\"image\":{\"@type\":\"ImageObject\",\"inLanguage\":\"es-AR\",\"@id\":\"https:\/\/apuntesdesanluis.com\/#\/schema\/person\/image\/\",\"url\":\"https:\/\/apuntesdesanluis.com\/wp-content\/uploads\/2023\/07\/cropped-apuntesdesanluis.png\",\"contentUrl\":\"https:\/\/apuntesdesanluis.com\/wp-content\/uploads\/2023\/07\/cropped-apuntesdesanluis.png\",\"width\":450,\"height\":112,\"caption\":\"apuntesdesanluis.com\"},\"logo\":{\"@id\":\"https:\/\/apuntesdesanluis.com\/#\/schema\/person\/image\/\"},\"sameAs\":[\"https:\/\/apuntesdesanluis.com\"],\"url\":\"https:\/\/apuntesdesanluis.com\/index.php\/author\/apuntesdesanluis-com\/\"}]}<\/script>\n<!-- \/ Yoast SEO plugin. -->","yoast_head_json":{"title":"CaMbAlaShe PoL\u00edtIkO - Apuntes de San Luis","robots":{"index":"index","follow":"follow","max-snippet":"max-snippet:-1","max-image-preview":"max-image-preview:large","max-video-preview":"max-video-preview:-1"},"canonical":"https:\/\/apuntesdesanluis.com\/index.php\/2025\/03\/09\/cambalashe-politiko\/","og_locale":"es_ES","og_type":"article","og_title":"CaMbAlaShe PoL\u00edtIkO - Apuntes de San Luis","og_description":"Faltan dos meses y chirolas para reencontrarnos con las urnas. Estas dos semanas son claves...","og_url":"https:\/\/apuntesdesanluis.com\/index.php\/2025\/03\/09\/cambalashe-politiko\/","og_site_name":"Apuntes de San Luis","article_published_time":"2025-03-09T14:02:54+00:00","article_modified_time":"2025-03-09T17:19:33+00:00","og_image":[{"width":800,"height":457,"url":"https:\/\/apuntesdesanluis.com\/wp-content\/uploads\/2025\/03\/cambalache-portada.png","type":"image\/png"}],"author":"apuntesdesanluis.com","twitter_card":"summary_large_image","twitter_misc":{"Escrito por":"apuntesdesanluis.com","Tiempo de lectura":"16 minutos"},"schema":{"@context":"https:\/\/schema.org","@graph":[{"@type":"Article","@id":"https:\/\/apuntesdesanluis.com\/index.php\/2025\/03\/09\/cambalashe-politiko\/#article","isPartOf":{"@id":"https:\/\/apuntesdesanluis.com\/index.php\/2025\/03\/09\/cambalashe-politiko\/"},"author":{"name":"apuntesdesanluis.com","@id":"https:\/\/apuntesdesanluis.com\/#\/schema\/person\/b55151d52296fcce64d1a72538a70b90"},"headline":"CaMbAlaShe PoL\u00edtIkO","datePublished":"2025-03-09T14:02:54+00:00","dateModified":"2025-03-09T17:19:33+00:00","mainEntityOfPage":{"@id":"https:\/\/apuntesdesanluis.com\/index.php\/2025\/03\/09\/cambalashe-politiko\/"},"wordCount":2791,"publisher":{"@id":"https:\/\/apuntesdesanluis.com\/#\/schema\/person\/b55151d52296fcce64d1a72538a70b90"},"image":{"@id":"https:\/\/apuntesdesanluis.com\/index.php\/2025\/03\/09\/cambalashe-politiko\/#primaryimage"},"thumbnailUrl":"https:\/\/apuntesdesanluis.com\/wp-content\/uploads\/2025\/03\/cambalache-portada.png","articleSection":["Opini\u00f3n"],"inLanguage":"es-AR"},{"@type":"WebPage","@id":"https:\/\/apuntesdesanluis.com\/index.php\/2025\/03\/09\/cambalashe-politiko\/","url":"https:\/\/apuntesdesanluis.com\/index.php\/2025\/03\/09\/cambalashe-politiko\/","name":"CaMbAlaShe PoL\u00edtIkO - Apuntes de San Luis","isPartOf":{"@id":"https:\/\/apuntesdesanluis.com\/#website"},"primaryImageOfPage":{"@id":"https:\/\/apuntesdesanluis.com\/index.php\/2025\/03\/09\/cambalashe-politiko\/#primaryimage"},"image":{"@id":"https:\/\/apuntesdesanluis.com\/index.php\/2025\/03\/09\/cambalashe-politiko\/#primaryimage"},"thumbnailUrl":"https:\/\/apuntesdesanluis.com\/wp-content\/uploads\/2025\/03\/cambalache-portada.png","datePublished":"2025-03-09T14:02:54+00:00","dateModified":"2025-03-09T17:19:33+00:00","breadcrumb":{"@id":"https:\/\/apuntesdesanluis.com\/index.php\/2025\/03\/09\/cambalashe-politiko\/#breadcrumb"},"inLanguage":"es-AR","potentialAction":[{"@type":"ReadAction","target":["https:\/\/apuntesdesanluis.com\/index.php\/2025\/03\/09\/cambalashe-politiko\/"]}]},{"@type":"ImageObject","inLanguage":"es-AR","@id":"https:\/\/apuntesdesanluis.com\/index.php\/2025\/03\/09\/cambalashe-politiko\/#primaryimage","url":"https:\/\/apuntesdesanluis.com\/wp-content\/uploads\/2025\/03\/cambalache-portada.png","contentUrl":"https:\/\/apuntesdesanluis.com\/wp-content\/uploads\/2025\/03\/cambalache-portada.png","width":800,"height":457},{"@type":"BreadcrumbList","@id":"https:\/\/apuntesdesanluis.com\/index.php\/2025\/03\/09\/cambalashe-politiko\/#breadcrumb","itemListElement":[{"@type":"ListItem","position":1,"name":"Inicio","item":"https:\/\/apuntesdesanluis.com\/"},{"@type":"ListItem","position":2,"name":"CaMbAlaShe PoL\u00edtIkO"}]},{"@type":"WebSite","@id":"https:\/\/apuntesdesanluis.com\/#website","url":"https:\/\/apuntesdesanluis.com\/","name":"Apuntes de San Luis","description":"","publisher":{"@id":"https:\/\/apuntesdesanluis.com\/#\/schema\/person\/b55151d52296fcce64d1a72538a70b90"},"potentialAction":[{"@type":"SearchAction","target":{"@type":"EntryPoint","urlTemplate":"https:\/\/apuntesdesanluis.com\/?s={search_term_string}"},"query-input":{"@type":"PropertyValueSpecification","valueRequired":true,"valueName":"search_term_string"}}],"inLanguage":"es-AR"},{"@type":["Person","Organization"],"@id":"https:\/\/apuntesdesanluis.com\/#\/schema\/person\/b55151d52296fcce64d1a72538a70b90","name":"apuntesdesanluis.com","image":{"@type":"ImageObject","inLanguage":"es-AR","@id":"https:\/\/apuntesdesanluis.com\/#\/schema\/person\/image\/","url":"https:\/\/apuntesdesanluis.com\/wp-content\/uploads\/2023\/07\/cropped-apuntesdesanluis.png","contentUrl":"https:\/\/apuntesdesanluis.com\/wp-content\/uploads\/2023\/07\/cropped-apuntesdesanluis.png","width":450,"height":112,"caption":"apuntesdesanluis.com"},"logo":{"@id":"https:\/\/apuntesdesanluis.com\/#\/schema\/person\/image\/"},"sameAs":["https:\/\/apuntesdesanluis.com"],"url":"https:\/\/apuntesdesanluis.com\/index.php\/author\/apuntesdesanluis-com\/"}]}},"featured_image_urls":{"full":["https:\/\/apuntesdesanluis.com\/wp-content\/uploads\/2025\/03\/cambalache-portada.png",800,457,false],"thumbnail":["https:\/\/apuntesdesanluis.com\/wp-content\/uploads\/2025\/03\/cambalache-portada-150x150.png",150,150,true],"medium":["https:\/\/apuntesdesanluis.com\/wp-content\/uploads\/2025\/03\/cambalache-portada-300x171.png",300,171,true],"medium_large":["https:\/\/apuntesdesanluis.com\/wp-content\/uploads\/2025\/03\/cambalache-portada-768x439.png",640,366,true],"large":["https:\/\/apuntesdesanluis.com\/wp-content\/uploads\/2025\/03\/cambalache-portada.png",640,366,false],"1536x1536":["https:\/\/apuntesdesanluis.com\/wp-content\/uploads\/2025\/03\/cambalache-portada.png",800,457,false],"2048x2048":["https:\/\/apuntesdesanluis.com\/wp-content\/uploads\/2025\/03\/cambalache-portada.png",800,457,false],"newsever-slider-full":["https:\/\/apuntesdesanluis.com\/wp-content\/uploads\/2025\/03\/cambalache-portada.png",800,457,false],"newsever-featured":["https:\/\/apuntesdesanluis.com\/wp-content\/uploads\/2025\/03\/cambalache-portada.png",800,457,false],"newsever-medium":["https:\/\/apuntesdesanluis.com\/wp-content\/uploads\/2025\/03\/cambalache-portada-720x457.png",720,457,true]},"author_info":{"display_name":"apuntesdesanluis.com","author_link":"https:\/\/apuntesdesanluis.com\/index.php\/author\/apuntesdesanluis-com\/"},"category_info":"<a href=\"https:\/\/apuntesdesanluis.com\/index.php\/category\/opinion\/\" rel=\"category tag\">Opini\u00f3n<\/a>","tag_info":"Opini\u00f3n","comment_count":"0","_links":{"self":[{"href":"https:\/\/apuntesdesanluis.com\/index.php\/wp-json\/wp\/v2\/posts\/30220","targetHints":{"allow":["GET"]}}],"collection":[{"href":"https:\/\/apuntesdesanluis.com\/index.php\/wp-json\/wp\/v2\/posts"}],"about":[{"href":"https:\/\/apuntesdesanluis.com\/index.php\/wp-json\/wp\/v2\/types\/post"}],"author":[{"embeddable":true,"href":"https:\/\/apuntesdesanluis.com\/index.php\/wp-json\/wp\/v2\/users\/1"}],"replies":[{"embeddable":true,"href":"https:\/\/apuntesdesanluis.com\/index.php\/wp-json\/wp\/v2\/comments?post=30220"}],"version-history":[{"count":26,"href":"https:\/\/apuntesdesanluis.com\/index.php\/wp-json\/wp\/v2\/posts\/30220\/revisions"}],"predecessor-version":[{"id":30264,"href":"https:\/\/apuntesdesanluis.com\/index.php\/wp-json\/wp\/v2\/posts\/30220\/revisions\/30264"}],"wp:featuredmedia":[{"embeddable":true,"href":"https:\/\/apuntesdesanluis.com\/index.php\/wp-json\/wp\/v2\/media\/30258"}],"wp:attachment":[{"href":"https:\/\/apuntesdesanluis.com\/index.php\/wp-json\/wp\/v2\/media?parent=30220"}],"wp:term":[{"taxonomy":"category","embeddable":true,"href":"https:\/\/apuntesdesanluis.com\/index.php\/wp-json\/wp\/v2\/categories?post=30220"},{"taxonomy":"post_tag","embeddable":true,"href":"https:\/\/apuntesdesanluis.com\/index.php\/wp-json\/wp\/v2\/tags?post=30220"}],"curies":[{"name":"wp","href":"https:\/\/api.w.org\/{rel}","templated":true}]}}