{"id":3024,"date":"2023-09-10T19:05:44","date_gmt":"2023-09-10T22:05:44","guid":{"rendered":"https:\/\/apuntesdesanluis.com\/?p=3024"},"modified":"2023-09-10T19:06:08","modified_gmt":"2023-09-10T22:06:08","slug":"alberto-rodriguez-saa-pidio-terminar-con-el-doble-comando-en-el-peronismo","status":"publish","type":"post","link":"https:\/\/apuntesdesanluis.com\/index.php\/2023\/09\/10\/alberto-rodriguez-saa-pidio-terminar-con-el-doble-comando-en-el-peronismo\/","title":{"rendered":"ALBERTO RODR\u00cdGUEZ SA\u00c1 PIDI\u00d3 TERMINAR CON EL &#8220;DOBLE COMANDO&#8221; EN EL PERONISMO"},"content":{"rendered":"<h3>Los gobernadores que cenaron con Sergio Massa el pasado viernes en Tucum\u00e1n hicieron una autocr\u00edtica por el rendimiento electoral del oficialismo en sus provincias, pero plantearon tambi\u00e9n que el ministro de Econom\u00eda tome las riendas en este tramo de la campa\u00f1a.<\/h3>\n<h3>El sitio La Pol\u00edtica Online supo de boca de uno de los gobernadores que los ejes esbozados, entre los fiambres y tamales que se sirvieron en la residencia del gobernador Juan Manzur, fue que Massa concentre las decisiones porque &#8220;no puede haber doble comando&#8221;. La consigna se atribuy\u00f3 al gobernador de San Luis, <strong>Alberto Rodr\u00edguez Sa\u00e1<\/strong>.<\/h3>\n<h3>La reconstrucci\u00f3n de las exposiciones indica que el peronista puntano tambi\u00e9n celebr\u00f3 que se pida perd\u00f3n a la sociedad por la frustraci\u00f3n del gobierno en curso, tal como hiciera p\u00fablicamente el candidato este viernes, y que se tome en cuenta la agenda de las PASO en lo que refiere a &#8220;la prudencia&#8221; frente al cuco de la inflaci\u00f3n y el d\u00e9ficit que agita la oposici\u00f3n.<\/h3>\n<p><img fetchpriority=\"high\" decoding=\"async\" class=\"wp-image-3026 aligncenter\" src=\"https:\/\/apuntesdesanluis.com\/wp-content\/uploads\/2023\/09\/alberto-300x178.png\" alt=\"\" width=\"686\" height=\"407\" srcset=\"https:\/\/apuntesdesanluis.com\/wp-content\/uploads\/2023\/09\/alberto-300x178.png 300w, https:\/\/apuntesdesanluis.com\/wp-content\/uploads\/2023\/09\/alberto.png 723w\" sizes=\"(max-width: 686px) 100vw, 686px\" \/><\/p>\n<h3>Los oradores de la velada fueron el propio Massa, Manzur, Rodr\u00edguez Sa\u00e1 y Alicia Kirchner, quien habr\u00eda sintetizado el escenario bajo la figura del enfrentamiento entre la &#8220;democracia y el totalitarismo&#8221;.<\/h3>\n<h3>Adem\u00e1s de los mandatarios, participaron los funcionarios del gabinete nacional y los dirigentes gremiales y sociales, que iban desde H\u00e9ctor Daer por la CGT y Hugo Yasky por la CTA hasta Emilio P\u00e9rsico por el Movimiento Evita. Tambi\u00e9n asistieron los presidentes de los bloques oficialistas en ambas c\u00e1maras del Congreso, Jos\u00e9 Mayans y Germ\u00e1n Mart\u00ednez.<\/h3>\n<h3>La alusi\u00f3n al &#8220;doble comando&#8221; fue confirmada a este medio por dos de los gobernadores. Entre los comensales se encontraban el ministro del Interior y jefe de campa\u00f1a, Eduardo Wado De Pedro, y el diputado M\u00e1ximo Kirchner.<\/h3>\n<h3>Ante la pregunta sobre la reacci\u00f3n del kirchnerismo sobre la problem\u00e1tica apreciaci\u00f3n de Rodr\u00edguez Sa\u00e1, uno de los dirigentes que se sent\u00f3 a la mesa se r\u00edo: &#8220;Nadie se hace cargo porque no s\u00e9 si hubo doble comando o si ni siquiera hubo comando&#8221;, dijo.<\/h3>\n<h3>Massa, por su parte, agradeci\u00f3 las palabras de Rodr\u00edguez Sa\u00e1. &#8220;Es cierto que hay uno que lidera pero tambi\u00e9n es cierto que eso se da si uno tiene humildad, porque el liderazgo se construye colectivamente&#8221;, manifest\u00f3. (La Pol\u00edtica Online)<\/h3>\n<p>&nbsp;<\/p>\n<p>&nbsp;<\/p>\n<p>&nbsp;<\/p>\n<p>&nbsp;<\/p>\n","protected":false},"excerpt":{"rendered":"<p>Los gobernadores que cenaron con Sergio Massa el pasado viernes en Tucum\u00e1n hicieron una autocr\u00edtica&#8230;<\/p>\n","protected":false},"author":1,"featured_media":3025,"comment_status":"closed","ping_status":"closed","sticky":false,"template":"","format":"standard","meta":{"footnotes":""},"categories":[9],"tags":[],"class_list":["post-3024","post","type-post","status-publish","format-standard","has-post-thumbnail","hentry","category-opinion"],"yoast_head":"<!-- This site is optimized with the Yoast SEO plugin v26.1.1 - https:\/\/yoast.com\/wordpress\/plugins\/seo\/ -->\n<title>ALBERTO RODR\u00cdGUEZ SA\u00c1 PIDI\u00d3 TERMINAR CON EL &quot;DOBLE COMANDO&quot; EN EL PERONISMO - Apuntes de San Luis<\/title>\n<meta name=\"robots\" content=\"index, follow, max-snippet:-1, max-image-preview:large, max-video-preview:-1\" \/>\n<link rel=\"canonical\" href=\"https:\/\/apuntesdesanluis.com\/index.php\/2023\/09\/10\/alberto-rodriguez-saa-pidio-terminar-con-el-doble-comando-en-el-peronismo\/\" \/>\n<meta property=\"og:locale\" content=\"es_ES\" \/>\n<meta property=\"og:type\" content=\"article\" \/>\n<meta property=\"og:title\" content=\"ALBERTO RODR\u00cdGUEZ SA\u00c1 PIDI\u00d3 TERMINAR CON EL &quot;DOBLE COMANDO&quot; EN EL PERONISMO - Apuntes de San Luis\" \/>\n<meta property=\"og:description\" content=\"Los gobernadores que cenaron con Sergio Massa el pasado viernes en Tucum\u00e1n hicieron una autocr\u00edtica...\" \/>\n<meta property=\"og:url\" content=\"https:\/\/apuntesdesanluis.com\/index.php\/2023\/09\/10\/alberto-rodriguez-saa-pidio-terminar-con-el-doble-comando-en-el-peronismo\/\" \/>\n<meta property=\"og:site_name\" content=\"Apuntes de San Luis\" \/>\n<meta property=\"article:published_time\" content=\"2023-09-10T22:05:44+00:00\" \/>\n<meta property=\"article:modified_time\" content=\"2023-09-10T22:06:08+00:00\" \/>\n<meta property=\"og:image\" content=\"https:\/\/apuntesdesanluis.com\/wp-content\/uploads\/2023\/09\/massa-y-gobernadores.png\" \/>\n\t<meta property=\"og:image:width\" content=\"857\" \/>\n\t<meta property=\"og:image:height\" content=\"509\" \/>\n\t<meta property=\"og:image:type\" content=\"image\/png\" \/>\n<meta name=\"author\" content=\"apuntesdesanluis.com\" \/>\n<meta name=\"twitter:card\" content=\"summary_large_image\" \/>\n<meta name=\"twitter:label1\" content=\"Escrito por\" \/>\n\t<meta name=\"twitter:data1\" content=\"apuntesdesanluis.com\" \/>\n\t<meta name=\"twitter:label2\" content=\"Tiempo de lectura\" \/>\n\t<meta name=\"twitter:data2\" content=\"2 minutos\" \/>\n<script type=\"application\/ld+json\" class=\"yoast-schema-graph\">{\"@context\":\"https:\/\/schema.org\",\"@graph\":[{\"@type\":\"Article\",\"@id\":\"https:\/\/apuntesdesanluis.com\/index.php\/2023\/09\/10\/alberto-rodriguez-saa-pidio-terminar-con-el-doble-comando-en-el-peronismo\/#article\",\"isPartOf\":{\"@id\":\"https:\/\/apuntesdesanluis.com\/index.php\/2023\/09\/10\/alberto-rodriguez-saa-pidio-terminar-con-el-doble-comando-en-el-peronismo\/\"},\"author\":{\"name\":\"apuntesdesanluis.com\",\"@id\":\"https:\/\/apuntesdesanluis.com\/#\/schema\/person\/b55151d52296fcce64d1a72538a70b90\"},\"headline\":\"ALBERTO RODR\u00cdGUEZ SA\u00c1 PIDI\u00d3 TERMINAR CON EL &#8220;DOBLE COMANDO&#8221; EN EL PERONISMO\",\"datePublished\":\"2023-09-10T22:05:44+00:00\",\"dateModified\":\"2023-09-10T22:06:08+00:00\",\"mainEntityOfPage\":{\"@id\":\"https:\/\/apuntesdesanluis.com\/index.php\/2023\/09\/10\/alberto-rodriguez-saa-pidio-terminar-con-el-doble-comando-en-el-peronismo\/\"},\"wordCount\":421,\"publisher\":{\"@id\":\"https:\/\/apuntesdesanluis.com\/#\/schema\/person\/b55151d52296fcce64d1a72538a70b90\"},\"image\":{\"@id\":\"https:\/\/apuntesdesanluis.com\/index.php\/2023\/09\/10\/alberto-rodriguez-saa-pidio-terminar-con-el-doble-comando-en-el-peronismo\/#primaryimage\"},\"thumbnailUrl\":\"https:\/\/apuntesdesanluis.com\/wp-content\/uploads\/2023\/09\/massa-y-gobernadores.png\",\"articleSection\":[\"Opini\u00f3n\"],\"inLanguage\":\"es-AR\"},{\"@type\":\"WebPage\",\"@id\":\"https:\/\/apuntesdesanluis.com\/index.php\/2023\/09\/10\/alberto-rodriguez-saa-pidio-terminar-con-el-doble-comando-en-el-peronismo\/\",\"url\":\"https:\/\/apuntesdesanluis.com\/index.php\/2023\/09\/10\/alberto-rodriguez-saa-pidio-terminar-con-el-doble-comando-en-el-peronismo\/\",\"name\":\"ALBERTO RODR\u00cdGUEZ SA\u00c1 PIDI\u00d3 TERMINAR CON EL \\\"DOBLE COMANDO\\\" EN EL PERONISMO - Apuntes de San Luis\",\"isPartOf\":{\"@id\":\"https:\/\/apuntesdesanluis.com\/#website\"},\"primaryImageOfPage\":{\"@id\":\"https:\/\/apuntesdesanluis.com\/index.php\/2023\/09\/10\/alberto-rodriguez-saa-pidio-terminar-con-el-doble-comando-en-el-peronismo\/#primaryimage\"},\"image\":{\"@id\":\"https:\/\/apuntesdesanluis.com\/index.php\/2023\/09\/10\/alberto-rodriguez-saa-pidio-terminar-con-el-doble-comando-en-el-peronismo\/#primaryimage\"},\"thumbnailUrl\":\"https:\/\/apuntesdesanluis.com\/wp-content\/uploads\/2023\/09\/massa-y-gobernadores.png\",\"datePublished\":\"2023-09-10T22:05:44+00:00\",\"dateModified\":\"2023-09-10T22:06:08+00:00\",\"breadcrumb\":{\"@id\":\"https:\/\/apuntesdesanluis.com\/index.php\/2023\/09\/10\/alberto-rodriguez-saa-pidio-terminar-con-el-doble-comando-en-el-peronismo\/#breadcrumb\"},\"inLanguage\":\"es-AR\",\"potentialAction\":[{\"@type\":\"ReadAction\",\"target\":[\"https:\/\/apuntesdesanluis.com\/index.php\/2023\/09\/10\/alberto-rodriguez-saa-pidio-terminar-con-el-doble-comando-en-el-peronismo\/\"]}]},{\"@type\":\"ImageObject\",\"inLanguage\":\"es-AR\",\"@id\":\"https:\/\/apuntesdesanluis.com\/index.php\/2023\/09\/10\/alberto-rodriguez-saa-pidio-terminar-con-el-doble-comando-en-el-peronismo\/#primaryimage\",\"url\":\"https:\/\/apuntesdesanluis.com\/wp-content\/uploads\/2023\/09\/massa-y-gobernadores.png\",\"contentUrl\":\"https:\/\/apuntesdesanluis.com\/wp-content\/uploads\/2023\/09\/massa-y-gobernadores.png\",\"width\":857,\"height\":509},{\"@type\":\"BreadcrumbList\",\"@id\":\"https:\/\/apuntesdesanluis.com\/index.php\/2023\/09\/10\/alberto-rodriguez-saa-pidio-terminar-con-el-doble-comando-en-el-peronismo\/#breadcrumb\",\"itemListElement\":[{\"@type\":\"ListItem\",\"position\":1,\"name\":\"Inicio\",\"item\":\"https:\/\/apuntesdesanluis.com\/\"},{\"@type\":\"ListItem\",\"position\":2,\"name\":\"ALBERTO RODR\u00cdGUEZ SA\u00c1 PIDI\u00d3 TERMINAR CON EL &#8220;DOBLE COMANDO&#8221; EN EL PERONISMO\"}]},{\"@type\":\"WebSite\",\"@id\":\"https:\/\/apuntesdesanluis.com\/#website\",\"url\":\"https:\/\/apuntesdesanluis.com\/\",\"name\":\"Apuntes de San Luis\",\"description\":\"\",\"publisher\":{\"@id\":\"https:\/\/apuntesdesanluis.com\/#\/schema\/person\/b55151d52296fcce64d1a72538a70b90\"},\"potentialAction\":[{\"@type\":\"SearchAction\",\"target\":{\"@type\":\"EntryPoint\",\"urlTemplate\":\"https:\/\/apuntesdesanluis.com\/?s={search_term_string}\"},\"query-input\":{\"@type\":\"PropertyValueSpecification\",\"valueRequired\":true,\"valueName\":\"search_term_string\"}}],\"inLanguage\":\"es-AR\"},{\"@type\":[\"Person\",\"Organization\"],\"@id\":\"https:\/\/apuntesdesanluis.com\/#\/schema\/person\/b55151d52296fcce64d1a72538a70b90\",\"name\":\"apuntesdesanluis.com\",\"image\":{\"@type\":\"ImageObject\",\"inLanguage\":\"es-AR\",\"@id\":\"https:\/\/apuntesdesanluis.com\/#\/schema\/person\/image\/\",\"url\":\"https:\/\/apuntesdesanluis.com\/wp-content\/uploads\/2023\/07\/cropped-apuntesdesanluis.png\",\"contentUrl\":\"https:\/\/apuntesdesanluis.com\/wp-content\/uploads\/2023\/07\/cropped-apuntesdesanluis.png\",\"width\":450,\"height\":112,\"caption\":\"apuntesdesanluis.com\"},\"logo\":{\"@id\":\"https:\/\/apuntesdesanluis.com\/#\/schema\/person\/image\/\"},\"sameAs\":[\"https:\/\/apuntesdesanluis.com\"],\"url\":\"https:\/\/apuntesdesanluis.com\/index.php\/author\/apuntesdesanluis-com\/\"}]}<\/script>\n<!-- \/ Yoast SEO plugin. -->","yoast_head_json":{"title":"ALBERTO RODR\u00cdGUEZ SA\u00c1 PIDI\u00d3 TERMINAR CON EL \"DOBLE COMANDO\" EN EL PERONISMO - Apuntes de San Luis","robots":{"index":"index","follow":"follow","max-snippet":"max-snippet:-1","max-image-preview":"max-image-preview:large","max-video-preview":"max-video-preview:-1"},"canonical":"https:\/\/apuntesdesanluis.com\/index.php\/2023\/09\/10\/alberto-rodriguez-saa-pidio-terminar-con-el-doble-comando-en-el-peronismo\/","og_locale":"es_ES","og_type":"article","og_title":"ALBERTO RODR\u00cdGUEZ SA\u00c1 PIDI\u00d3 TERMINAR CON EL \"DOBLE COMANDO\" EN EL PERONISMO - Apuntes de San Luis","og_description":"Los gobernadores que cenaron con Sergio Massa el pasado viernes en Tucum\u00e1n hicieron una autocr\u00edtica...","og_url":"https:\/\/apuntesdesanluis.com\/index.php\/2023\/09\/10\/alberto-rodriguez-saa-pidio-terminar-con-el-doble-comando-en-el-peronismo\/","og_site_name":"Apuntes de San Luis","article_published_time":"2023-09-10T22:05:44+00:00","article_modified_time":"2023-09-10T22:06:08+00:00","og_image":[{"width":857,"height":509,"url":"https:\/\/apuntesdesanluis.com\/wp-content\/uploads\/2023\/09\/massa-y-gobernadores.png","type":"image\/png"}],"author":"apuntesdesanluis.com","twitter_card":"summary_large_image","twitter_misc":{"Escrito por":"apuntesdesanluis.com","Tiempo de lectura":"2 minutos"},"schema":{"@context":"https:\/\/schema.org","@graph":[{"@type":"Article","@id":"https:\/\/apuntesdesanluis.com\/index.php\/2023\/09\/10\/alberto-rodriguez-saa-pidio-terminar-con-el-doble-comando-en-el-peronismo\/#article","isPartOf":{"@id":"https:\/\/apuntesdesanluis.com\/index.php\/2023\/09\/10\/alberto-rodriguez-saa-pidio-terminar-con-el-doble-comando-en-el-peronismo\/"},"author":{"name":"apuntesdesanluis.com","@id":"https:\/\/apuntesdesanluis.com\/#\/schema\/person\/b55151d52296fcce64d1a72538a70b90"},"headline":"ALBERTO RODR\u00cdGUEZ SA\u00c1 PIDI\u00d3 TERMINAR CON EL &#8220;DOBLE COMANDO&#8221; EN EL PERONISMO","datePublished":"2023-09-10T22:05:44+00:00","dateModified":"2023-09-10T22:06:08+00:00","mainEntityOfPage":{"@id":"https:\/\/apuntesdesanluis.com\/index.php\/2023\/09\/10\/alberto-rodriguez-saa-pidio-terminar-con-el-doble-comando-en-el-peronismo\/"},"wordCount":421,"publisher":{"@id":"https:\/\/apuntesdesanluis.com\/#\/schema\/person\/b55151d52296fcce64d1a72538a70b90"},"image":{"@id":"https:\/\/apuntesdesanluis.com\/index.php\/2023\/09\/10\/alberto-rodriguez-saa-pidio-terminar-con-el-doble-comando-en-el-peronismo\/#primaryimage"},"thumbnailUrl":"https:\/\/apuntesdesanluis.com\/wp-content\/uploads\/2023\/09\/massa-y-gobernadores.png","articleSection":["Opini\u00f3n"],"inLanguage":"es-AR"},{"@type":"WebPage","@id":"https:\/\/apuntesdesanluis.com\/index.php\/2023\/09\/10\/alberto-rodriguez-saa-pidio-terminar-con-el-doble-comando-en-el-peronismo\/","url":"https:\/\/apuntesdesanluis.com\/index.php\/2023\/09\/10\/alberto-rodriguez-saa-pidio-terminar-con-el-doble-comando-en-el-peronismo\/","name":"ALBERTO RODR\u00cdGUEZ SA\u00c1 PIDI\u00d3 TERMINAR CON EL \"DOBLE COMANDO\" EN EL PERONISMO - Apuntes de San Luis","isPartOf":{"@id":"https:\/\/apuntesdesanluis.com\/#website"},"primaryImageOfPage":{"@id":"https:\/\/apuntesdesanluis.com\/index.php\/2023\/09\/10\/alberto-rodriguez-saa-pidio-terminar-con-el-doble-comando-en-el-peronismo\/#primaryimage"},"image":{"@id":"https:\/\/apuntesdesanluis.com\/index.php\/2023\/09\/10\/alberto-rodriguez-saa-pidio-terminar-con-el-doble-comando-en-el-peronismo\/#primaryimage"},"thumbnailUrl":"https:\/\/apuntesdesanluis.com\/wp-content\/uploads\/2023\/09\/massa-y-gobernadores.png","datePublished":"2023-09-10T22:05:44+00:00","dateModified":"2023-09-10T22:06:08+00:00","breadcrumb":{"@id":"https:\/\/apuntesdesanluis.com\/index.php\/2023\/09\/10\/alberto-rodriguez-saa-pidio-terminar-con-el-doble-comando-en-el-peronismo\/#breadcrumb"},"inLanguage":"es-AR","potentialAction":[{"@type":"ReadAction","target":["https:\/\/apuntesdesanluis.com\/index.php\/2023\/09\/10\/alberto-rodriguez-saa-pidio-terminar-con-el-doble-comando-en-el-peronismo\/"]}]},{"@type":"ImageObject","inLanguage":"es-AR","@id":"https:\/\/apuntesdesanluis.com\/index.php\/2023\/09\/10\/alberto-rodriguez-saa-pidio-terminar-con-el-doble-comando-en-el-peronismo\/#primaryimage","url":"https:\/\/apuntesdesanluis.com\/wp-content\/uploads\/2023\/09\/massa-y-gobernadores.png","contentUrl":"https:\/\/apuntesdesanluis.com\/wp-content\/uploads\/2023\/09\/massa-y-gobernadores.png","width":857,"height":509},{"@type":"BreadcrumbList","@id":"https:\/\/apuntesdesanluis.com\/index.php\/2023\/09\/10\/alberto-rodriguez-saa-pidio-terminar-con-el-doble-comando-en-el-peronismo\/#breadcrumb","itemListElement":[{"@type":"ListItem","position":1,"name":"Inicio","item":"https:\/\/apuntesdesanluis.com\/"},{"@type":"ListItem","position":2,"name":"ALBERTO RODR\u00cdGUEZ SA\u00c1 PIDI\u00d3 TERMINAR CON EL &#8220;DOBLE COMANDO&#8221; EN EL PERONISMO"}]},{"@type":"WebSite","@id":"https:\/\/apuntesdesanluis.com\/#website","url":"https:\/\/apuntesdesanluis.com\/","name":"Apuntes de San Luis","description":"","publisher":{"@id":"https:\/\/apuntesdesanluis.com\/#\/schema\/person\/b55151d52296fcce64d1a72538a70b90"},"potentialAction":[{"@type":"SearchAction","target":{"@type":"EntryPoint","urlTemplate":"https:\/\/apuntesdesanluis.com\/?s={search_term_string}"},"query-input":{"@type":"PropertyValueSpecification","valueRequired":true,"valueName":"search_term_string"}}],"inLanguage":"es-AR"},{"@type":["Person","Organization"],"@id":"https:\/\/apuntesdesanluis.com\/#\/schema\/person\/b55151d52296fcce64d1a72538a70b90","name":"apuntesdesanluis.com","image":{"@type":"ImageObject","inLanguage":"es-AR","@id":"https:\/\/apuntesdesanluis.com\/#\/schema\/person\/image\/","url":"https:\/\/apuntesdesanluis.com\/wp-content\/uploads\/2023\/07\/cropped-apuntesdesanluis.png","contentUrl":"https:\/\/apuntesdesanluis.com\/wp-content\/uploads\/2023\/07\/cropped-apuntesdesanluis.png","width":450,"height":112,"caption":"apuntesdesanluis.com"},"logo":{"@id":"https:\/\/apuntesdesanluis.com\/#\/schema\/person\/image\/"},"sameAs":["https:\/\/apuntesdesanluis.com"],"url":"https:\/\/apuntesdesanluis.com\/index.php\/author\/apuntesdesanluis-com\/"}]}},"featured_image_urls":{"full":["https:\/\/apuntesdesanluis.com\/wp-content\/uploads\/2023\/09\/massa-y-gobernadores.png",857,509,false],"thumbnail":["https:\/\/apuntesdesanluis.com\/wp-content\/uploads\/2023\/09\/massa-y-gobernadores-150x150.png",150,150,true],"medium":["https:\/\/apuntesdesanluis.com\/wp-content\/uploads\/2023\/09\/massa-y-gobernadores-300x178.png",300,178,true],"medium_large":["https:\/\/apuntesdesanluis.com\/wp-content\/uploads\/2023\/09\/massa-y-gobernadores-768x456.png",640,380,true],"large":["https:\/\/apuntesdesanluis.com\/wp-content\/uploads\/2023\/09\/massa-y-gobernadores.png",640,380,false],"1536x1536":["https:\/\/apuntesdesanluis.com\/wp-content\/uploads\/2023\/09\/massa-y-gobernadores.png",857,509,false],"2048x2048":["https:\/\/apuntesdesanluis.com\/wp-content\/uploads\/2023\/09\/massa-y-gobernadores.png",857,509,false],"newsever-slider-full":["https:\/\/apuntesdesanluis.com\/wp-content\/uploads\/2023\/09\/massa-y-gobernadores.png",857,509,false],"newsever-featured":["https:\/\/apuntesdesanluis.com\/wp-content\/uploads\/2023\/09\/massa-y-gobernadores.png",857,509,false],"newsever-medium":["https:\/\/apuntesdesanluis.com\/wp-content\/uploads\/2023\/09\/massa-y-gobernadores-720x475.png",720,475,true]},"author_info":{"display_name":"apuntesdesanluis.com","author_link":"https:\/\/apuntesdesanluis.com\/index.php\/author\/apuntesdesanluis-com\/"},"category_info":"<a href=\"https:\/\/apuntesdesanluis.com\/index.php\/category\/opinion\/\" rel=\"category tag\">Opini\u00f3n<\/a>","tag_info":"Opini\u00f3n","comment_count":"0","_links":{"self":[{"href":"https:\/\/apuntesdesanluis.com\/index.php\/wp-json\/wp\/v2\/posts\/3024","targetHints":{"allow":["GET"]}}],"collection":[{"href":"https:\/\/apuntesdesanluis.com\/index.php\/wp-json\/wp\/v2\/posts"}],"about":[{"href":"https:\/\/apuntesdesanluis.com\/index.php\/wp-json\/wp\/v2\/types\/post"}],"author":[{"embeddable":true,"href":"https:\/\/apuntesdesanluis.com\/index.php\/wp-json\/wp\/v2\/users\/1"}],"replies":[{"embeddable":true,"href":"https:\/\/apuntesdesanluis.com\/index.php\/wp-json\/wp\/v2\/comments?post=3024"}],"version-history":[{"count":2,"href":"https:\/\/apuntesdesanluis.com\/index.php\/wp-json\/wp\/v2\/posts\/3024\/revisions"}],"predecessor-version":[{"id":3028,"href":"https:\/\/apuntesdesanluis.com\/index.php\/wp-json\/wp\/v2\/posts\/3024\/revisions\/3028"}],"wp:featuredmedia":[{"embeddable":true,"href":"https:\/\/apuntesdesanluis.com\/index.php\/wp-json\/wp\/v2\/media\/3025"}],"wp:attachment":[{"href":"https:\/\/apuntesdesanluis.com\/index.php\/wp-json\/wp\/v2\/media?parent=3024"}],"wp:term":[{"taxonomy":"category","embeddable":true,"href":"https:\/\/apuntesdesanluis.com\/index.php\/wp-json\/wp\/v2\/categories?post=3024"},{"taxonomy":"post_tag","embeddable":true,"href":"https:\/\/apuntesdesanluis.com\/index.php\/wp-json\/wp\/v2\/tags?post=3024"}],"curies":[{"name":"wp","href":"https:\/\/api.w.org\/{rel}","templated":true}]}}