{"id":30265,"date":"2025-03-09T16:58:18","date_gmt":"2025-03-09T19:58:18","guid":{"rendered":"https:\/\/apuntesdesanluis.com\/?p=30265"},"modified":"2025-03-09T16:58:18","modified_gmt":"2025-03-09T19:58:18","slug":"fuerte-choque-entre-un-camion-y-un-auto-un-herido","status":"publish","type":"post","link":"https:\/\/apuntesdesanluis.com\/index.php\/2025\/03\/09\/fuerte-choque-entre-un-camion-y-un-auto-un-herido\/","title":{"rendered":"FUERTE CHOQUE ENTRE UN CAMI\u00d3N Y UN AUTO: UN HERIDO"},"content":{"rendered":"<h3>Este domingo, alrededor de las 00:30 horas, se produjo un accidente de tr\u00e1nsito en la Autopista de las Serran\u00edas Puntanas, a la altura de la rotonda de ingreso a la localidad de Liborio Luna.<\/h3>\n<h3>En ese sector, impactaron un <strong>cami\u00f3n Iveco 600S44<\/strong> con acoplado, el cual era conducido por un hombre de 42 a\u00f1os (con domicilio en la provincia de Santa Cruz); y un autom\u00f3vil <strong>Chevrolet \u00d3nix<\/strong>, que era conducido por un hombre de 53 a\u00f1os (con domicilio en Villa Mercedes).<\/h3>\n<h3>De acuerdo a las averiguaciones, el autom\u00f3vil ingres\u00f3 a la autopista desde el camino de acceso a Liborio Luna y fue impactado en la parte trasera por el cami\u00f3n. Debido a la colisi\u00f3n, el auto sali\u00f3 despedido fuera de la calzada.<\/h3>\n<h3>Al lugar acudi\u00f3 personal m\u00e9dico del Sempro, quienes brindaron las primeras asistencias al conductor del autom\u00f3vil. Posteriormente, el hombre fue trasladado hacia el Policl\u00ednico Regional \u201cJuan Domingo Per\u00f3n\u201d de la ciudad de Villa Mercedes. El chofer del cami\u00f3n no result\u00f3 lesionado.<\/h3>\n<h3>En ese sitio, adem\u00e1s, trabajaron personal de la Comisar\u00eda Distrito 49\u00b0 de Fraga y Bomberos Voluntarios de la misma localidad.<\/h3>\n<h3><\/h3>\n<h3><\/h3>\n<p>&nbsp;<\/p>\n","protected":false},"excerpt":{"rendered":"<p>Este domingo, alrededor de las 00:30 horas, se produjo un accidente de tr\u00e1nsito en la&#8230;<\/p>\n","protected":false},"author":1,"featured_media":30266,"comment_status":"closed","ping_status":"closed","sticky":false,"template":"","format":"standard","meta":{"footnotes":""},"categories":[6],"tags":[],"class_list":["post-30265","post","type-post","status-publish","format-standard","has-post-thumbnail","hentry","category-ciudad-provincia"],"yoast_head":"<!-- This site is optimized with the Yoast SEO plugin v26.1.1 - https:\/\/yoast.com\/wordpress\/plugins\/seo\/ -->\n<title>FUERTE CHOQUE ENTRE UN CAMI\u00d3N Y UN AUTO: UN HERIDO - Apuntes de San Luis<\/title>\n<meta name=\"robots\" content=\"index, follow, max-snippet:-1, max-image-preview:large, max-video-preview:-1\" \/>\n<link rel=\"canonical\" href=\"https:\/\/apuntesdesanluis.com\/index.php\/2025\/03\/09\/fuerte-choque-entre-un-camion-y-un-auto-un-herido\/\" \/>\n<meta property=\"og:locale\" content=\"es_ES\" \/>\n<meta property=\"og:type\" content=\"article\" \/>\n<meta property=\"og:title\" content=\"FUERTE CHOQUE ENTRE UN CAMI\u00d3N Y UN AUTO: UN HERIDO - Apuntes de San Luis\" \/>\n<meta property=\"og:description\" content=\"Este domingo, alrededor de las 00:30 horas, se produjo un accidente de tr\u00e1nsito en la...\" \/>\n<meta property=\"og:url\" content=\"https:\/\/apuntesdesanluis.com\/index.php\/2025\/03\/09\/fuerte-choque-entre-un-camion-y-un-auto-un-herido\/\" \/>\n<meta property=\"og:site_name\" content=\"Apuntes de San Luis\" \/>\n<meta property=\"article:published_time\" content=\"2025-03-09T19:58:18+00:00\" \/>\n<meta property=\"og:image\" content=\"https:\/\/apuntesdesanluis.com\/wp-content\/uploads\/2025\/03\/autito.png\" \/>\n\t<meta property=\"og:image:width\" content=\"700\" \/>\n\t<meta property=\"og:image:height\" content=\"434\" \/>\n\t<meta property=\"og:image:type\" content=\"image\/png\" \/>\n<meta name=\"author\" content=\"apuntesdesanluis.com\" \/>\n<meta name=\"twitter:card\" content=\"summary_large_image\" \/>\n<meta name=\"twitter:label1\" content=\"Escrito por\" \/>\n\t<meta name=\"twitter:data1\" content=\"apuntesdesanluis.com\" \/>\n\t<meta name=\"twitter:label2\" content=\"Tiempo de lectura\" \/>\n\t<meta name=\"twitter:data2\" content=\"2 minutos\" \/>\n<script type=\"application\/ld+json\" class=\"yoast-schema-graph\">{\"@context\":\"https:\/\/schema.org\",\"@graph\":[{\"@type\":\"Article\",\"@id\":\"https:\/\/apuntesdesanluis.com\/index.php\/2025\/03\/09\/fuerte-choque-entre-un-camion-y-un-auto-un-herido\/#article\",\"isPartOf\":{\"@id\":\"https:\/\/apuntesdesanluis.com\/index.php\/2025\/03\/09\/fuerte-choque-entre-un-camion-y-un-auto-un-herido\/\"},\"author\":{\"name\":\"apuntesdesanluis.com\",\"@id\":\"https:\/\/apuntesdesanluis.com\/#\/schema\/person\/b55151d52296fcce64d1a72538a70b90\"},\"headline\":\"FUERTE CHOQUE ENTRE UN CAMI\u00d3N Y UN AUTO: UN HERIDO\",\"datePublished\":\"2025-03-09T19:58:18+00:00\",\"mainEntityOfPage\":{\"@id\":\"https:\/\/apuntesdesanluis.com\/index.php\/2025\/03\/09\/fuerte-choque-entre-un-camion-y-un-auto-un-herido\/\"},\"wordCount\":207,\"publisher\":{\"@id\":\"https:\/\/apuntesdesanluis.com\/#\/schema\/person\/b55151d52296fcce64d1a72538a70b90\"},\"image\":{\"@id\":\"https:\/\/apuntesdesanluis.com\/index.php\/2025\/03\/09\/fuerte-choque-entre-un-camion-y-un-auto-un-herido\/#primaryimage\"},\"thumbnailUrl\":\"https:\/\/apuntesdesanluis.com\/wp-content\/uploads\/2025\/03\/autito.png\",\"articleSection\":[\"Ciudad\/Provincia\"],\"inLanguage\":\"es-AR\"},{\"@type\":\"WebPage\",\"@id\":\"https:\/\/apuntesdesanluis.com\/index.php\/2025\/03\/09\/fuerte-choque-entre-un-camion-y-un-auto-un-herido\/\",\"url\":\"https:\/\/apuntesdesanluis.com\/index.php\/2025\/03\/09\/fuerte-choque-entre-un-camion-y-un-auto-un-herido\/\",\"name\":\"FUERTE CHOQUE ENTRE UN CAMI\u00d3N Y UN AUTO: UN HERIDO - Apuntes de San Luis\",\"isPartOf\":{\"@id\":\"https:\/\/apuntesdesanluis.com\/#website\"},\"primaryImageOfPage\":{\"@id\":\"https:\/\/apuntesdesanluis.com\/index.php\/2025\/03\/09\/fuerte-choque-entre-un-camion-y-un-auto-un-herido\/#primaryimage\"},\"image\":{\"@id\":\"https:\/\/apuntesdesanluis.com\/index.php\/2025\/03\/09\/fuerte-choque-entre-un-camion-y-un-auto-un-herido\/#primaryimage\"},\"thumbnailUrl\":\"https:\/\/apuntesdesanluis.com\/wp-content\/uploads\/2025\/03\/autito.png\",\"datePublished\":\"2025-03-09T19:58:18+00:00\",\"breadcrumb\":{\"@id\":\"https:\/\/apuntesdesanluis.com\/index.php\/2025\/03\/09\/fuerte-choque-entre-un-camion-y-un-auto-un-herido\/#breadcrumb\"},\"inLanguage\":\"es-AR\",\"potentialAction\":[{\"@type\":\"ReadAction\",\"target\":[\"https:\/\/apuntesdesanluis.com\/index.php\/2025\/03\/09\/fuerte-choque-entre-un-camion-y-un-auto-un-herido\/\"]}]},{\"@type\":\"ImageObject\",\"inLanguage\":\"es-AR\",\"@id\":\"https:\/\/apuntesdesanluis.com\/index.php\/2025\/03\/09\/fuerte-choque-entre-un-camion-y-un-auto-un-herido\/#primaryimage\",\"url\":\"https:\/\/apuntesdesanluis.com\/wp-content\/uploads\/2025\/03\/autito.png\",\"contentUrl\":\"https:\/\/apuntesdesanluis.com\/wp-content\/uploads\/2025\/03\/autito.png\",\"width\":700,\"height\":434},{\"@type\":\"BreadcrumbList\",\"@id\":\"https:\/\/apuntesdesanluis.com\/index.php\/2025\/03\/09\/fuerte-choque-entre-un-camion-y-un-auto-un-herido\/#breadcrumb\",\"itemListElement\":[{\"@type\":\"ListItem\",\"position\":1,\"name\":\"Inicio\",\"item\":\"https:\/\/apuntesdesanluis.com\/\"},{\"@type\":\"ListItem\",\"position\":2,\"name\":\"FUERTE CHOQUE ENTRE UN CAMI\u00d3N Y UN AUTO: UN HERIDO\"}]},{\"@type\":\"WebSite\",\"@id\":\"https:\/\/apuntesdesanluis.com\/#website\",\"url\":\"https:\/\/apuntesdesanluis.com\/\",\"name\":\"Apuntes de San Luis\",\"description\":\"\",\"publisher\":{\"@id\":\"https:\/\/apuntesdesanluis.com\/#\/schema\/person\/b55151d52296fcce64d1a72538a70b90\"},\"potentialAction\":[{\"@type\":\"SearchAction\",\"target\":{\"@type\":\"EntryPoint\",\"urlTemplate\":\"https:\/\/apuntesdesanluis.com\/?s={search_term_string}\"},\"query-input\":{\"@type\":\"PropertyValueSpecification\",\"valueRequired\":true,\"valueName\":\"search_term_string\"}}],\"inLanguage\":\"es-AR\"},{\"@type\":[\"Person\",\"Organization\"],\"@id\":\"https:\/\/apuntesdesanluis.com\/#\/schema\/person\/b55151d52296fcce64d1a72538a70b90\",\"name\":\"apuntesdesanluis.com\",\"image\":{\"@type\":\"ImageObject\",\"inLanguage\":\"es-AR\",\"@id\":\"https:\/\/apuntesdesanluis.com\/#\/schema\/person\/image\/\",\"url\":\"https:\/\/apuntesdesanluis.com\/wp-content\/uploads\/2023\/07\/cropped-apuntesdesanluis.png\",\"contentUrl\":\"https:\/\/apuntesdesanluis.com\/wp-content\/uploads\/2023\/07\/cropped-apuntesdesanluis.png\",\"width\":450,\"height\":112,\"caption\":\"apuntesdesanluis.com\"},\"logo\":{\"@id\":\"https:\/\/apuntesdesanluis.com\/#\/schema\/person\/image\/\"},\"sameAs\":[\"https:\/\/apuntesdesanluis.com\"],\"url\":\"https:\/\/apuntesdesanluis.com\/index.php\/author\/apuntesdesanluis-com\/\"}]}<\/script>\n<!-- \/ Yoast SEO plugin. -->","yoast_head_json":{"title":"FUERTE CHOQUE ENTRE UN CAMI\u00d3N Y UN AUTO: UN HERIDO - Apuntes de San Luis","robots":{"index":"index","follow":"follow","max-snippet":"max-snippet:-1","max-image-preview":"max-image-preview:large","max-video-preview":"max-video-preview:-1"},"canonical":"https:\/\/apuntesdesanluis.com\/index.php\/2025\/03\/09\/fuerte-choque-entre-un-camion-y-un-auto-un-herido\/","og_locale":"es_ES","og_type":"article","og_title":"FUERTE CHOQUE ENTRE UN CAMI\u00d3N Y UN AUTO: UN HERIDO - Apuntes de San Luis","og_description":"Este domingo, alrededor de las 00:30 horas, se produjo un accidente de tr\u00e1nsito en la...","og_url":"https:\/\/apuntesdesanluis.com\/index.php\/2025\/03\/09\/fuerte-choque-entre-un-camion-y-un-auto-un-herido\/","og_site_name":"Apuntes de San Luis","article_published_time":"2025-03-09T19:58:18+00:00","og_image":[{"width":700,"height":434,"url":"https:\/\/apuntesdesanluis.com\/wp-content\/uploads\/2025\/03\/autito.png","type":"image\/png"}],"author":"apuntesdesanluis.com","twitter_card":"summary_large_image","twitter_misc":{"Escrito por":"apuntesdesanluis.com","Tiempo de lectura":"2 minutos"},"schema":{"@context":"https:\/\/schema.org","@graph":[{"@type":"Article","@id":"https:\/\/apuntesdesanluis.com\/index.php\/2025\/03\/09\/fuerte-choque-entre-un-camion-y-un-auto-un-herido\/#article","isPartOf":{"@id":"https:\/\/apuntesdesanluis.com\/index.php\/2025\/03\/09\/fuerte-choque-entre-un-camion-y-un-auto-un-herido\/"},"author":{"name":"apuntesdesanluis.com","@id":"https:\/\/apuntesdesanluis.com\/#\/schema\/person\/b55151d52296fcce64d1a72538a70b90"},"headline":"FUERTE CHOQUE ENTRE UN CAMI\u00d3N Y UN AUTO: UN HERIDO","datePublished":"2025-03-09T19:58:18+00:00","mainEntityOfPage":{"@id":"https:\/\/apuntesdesanluis.com\/index.php\/2025\/03\/09\/fuerte-choque-entre-un-camion-y-un-auto-un-herido\/"},"wordCount":207,"publisher":{"@id":"https:\/\/apuntesdesanluis.com\/#\/schema\/person\/b55151d52296fcce64d1a72538a70b90"},"image":{"@id":"https:\/\/apuntesdesanluis.com\/index.php\/2025\/03\/09\/fuerte-choque-entre-un-camion-y-un-auto-un-herido\/#primaryimage"},"thumbnailUrl":"https:\/\/apuntesdesanluis.com\/wp-content\/uploads\/2025\/03\/autito.png","articleSection":["Ciudad\/Provincia"],"inLanguage":"es-AR"},{"@type":"WebPage","@id":"https:\/\/apuntesdesanluis.com\/index.php\/2025\/03\/09\/fuerte-choque-entre-un-camion-y-un-auto-un-herido\/","url":"https:\/\/apuntesdesanluis.com\/index.php\/2025\/03\/09\/fuerte-choque-entre-un-camion-y-un-auto-un-herido\/","name":"FUERTE CHOQUE ENTRE UN CAMI\u00d3N Y UN AUTO: UN HERIDO - Apuntes de San Luis","isPartOf":{"@id":"https:\/\/apuntesdesanluis.com\/#website"},"primaryImageOfPage":{"@id":"https:\/\/apuntesdesanluis.com\/index.php\/2025\/03\/09\/fuerte-choque-entre-un-camion-y-un-auto-un-herido\/#primaryimage"},"image":{"@id":"https:\/\/apuntesdesanluis.com\/index.php\/2025\/03\/09\/fuerte-choque-entre-un-camion-y-un-auto-un-herido\/#primaryimage"},"thumbnailUrl":"https:\/\/apuntesdesanluis.com\/wp-content\/uploads\/2025\/03\/autito.png","datePublished":"2025-03-09T19:58:18+00:00","breadcrumb":{"@id":"https:\/\/apuntesdesanluis.com\/index.php\/2025\/03\/09\/fuerte-choque-entre-un-camion-y-un-auto-un-herido\/#breadcrumb"},"inLanguage":"es-AR","potentialAction":[{"@type":"ReadAction","target":["https:\/\/apuntesdesanluis.com\/index.php\/2025\/03\/09\/fuerte-choque-entre-un-camion-y-un-auto-un-herido\/"]}]},{"@type":"ImageObject","inLanguage":"es-AR","@id":"https:\/\/apuntesdesanluis.com\/index.php\/2025\/03\/09\/fuerte-choque-entre-un-camion-y-un-auto-un-herido\/#primaryimage","url":"https:\/\/apuntesdesanluis.com\/wp-content\/uploads\/2025\/03\/autito.png","contentUrl":"https:\/\/apuntesdesanluis.com\/wp-content\/uploads\/2025\/03\/autito.png","width":700,"height":434},{"@type":"BreadcrumbList","@id":"https:\/\/apuntesdesanluis.com\/index.php\/2025\/03\/09\/fuerte-choque-entre-un-camion-y-un-auto-un-herido\/#breadcrumb","itemListElement":[{"@type":"ListItem","position":1,"name":"Inicio","item":"https:\/\/apuntesdesanluis.com\/"},{"@type":"ListItem","position":2,"name":"FUERTE CHOQUE ENTRE UN CAMI\u00d3N Y UN AUTO: UN HERIDO"}]},{"@type":"WebSite","@id":"https:\/\/apuntesdesanluis.com\/#website","url":"https:\/\/apuntesdesanluis.com\/","name":"Apuntes de San Luis","description":"","publisher":{"@id":"https:\/\/apuntesdesanluis.com\/#\/schema\/person\/b55151d52296fcce64d1a72538a70b90"},"potentialAction":[{"@type":"SearchAction","target":{"@type":"EntryPoint","urlTemplate":"https:\/\/apuntesdesanluis.com\/?s={search_term_string}"},"query-input":{"@type":"PropertyValueSpecification","valueRequired":true,"valueName":"search_term_string"}}],"inLanguage":"es-AR"},{"@type":["Person","Organization"],"@id":"https:\/\/apuntesdesanluis.com\/#\/schema\/person\/b55151d52296fcce64d1a72538a70b90","name":"apuntesdesanluis.com","image":{"@type":"ImageObject","inLanguage":"es-AR","@id":"https:\/\/apuntesdesanluis.com\/#\/schema\/person\/image\/","url":"https:\/\/apuntesdesanluis.com\/wp-content\/uploads\/2023\/07\/cropped-apuntesdesanluis.png","contentUrl":"https:\/\/apuntesdesanluis.com\/wp-content\/uploads\/2023\/07\/cropped-apuntesdesanluis.png","width":450,"height":112,"caption":"apuntesdesanluis.com"},"logo":{"@id":"https:\/\/apuntesdesanluis.com\/#\/schema\/person\/image\/"},"sameAs":["https:\/\/apuntesdesanluis.com"],"url":"https:\/\/apuntesdesanluis.com\/index.php\/author\/apuntesdesanluis-com\/"}]}},"featured_image_urls":{"full":["https:\/\/apuntesdesanluis.com\/wp-content\/uploads\/2025\/03\/autito.png",700,434,false],"thumbnail":["https:\/\/apuntesdesanluis.com\/wp-content\/uploads\/2025\/03\/autito-150x150.png",150,150,true],"medium":["https:\/\/apuntesdesanluis.com\/wp-content\/uploads\/2025\/03\/autito-300x186.png",300,186,true],"medium_large":["https:\/\/apuntesdesanluis.com\/wp-content\/uploads\/2025\/03\/autito.png",640,397,false],"large":["https:\/\/apuntesdesanluis.com\/wp-content\/uploads\/2025\/03\/autito.png",640,397,false],"1536x1536":["https:\/\/apuntesdesanluis.com\/wp-content\/uploads\/2025\/03\/autito.png",700,434,false],"2048x2048":["https:\/\/apuntesdesanluis.com\/wp-content\/uploads\/2025\/03\/autito.png",700,434,false],"newsever-slider-full":["https:\/\/apuntesdesanluis.com\/wp-content\/uploads\/2025\/03\/autito.png",700,434,false],"newsever-featured":["https:\/\/apuntesdesanluis.com\/wp-content\/uploads\/2025\/03\/autito.png",700,434,false],"newsever-medium":["https:\/\/apuntesdesanluis.com\/wp-content\/uploads\/2025\/03\/autito.png",700,434,false]},"author_info":{"display_name":"apuntesdesanluis.com","author_link":"https:\/\/apuntesdesanluis.com\/index.php\/author\/apuntesdesanluis-com\/"},"category_info":"<a href=\"https:\/\/apuntesdesanluis.com\/index.php\/category\/ciudad-provincia\/\" rel=\"category tag\">Ciudad\/Provincia<\/a>","tag_info":"Ciudad\/Provincia","comment_count":"0","_links":{"self":[{"href":"https:\/\/apuntesdesanluis.com\/index.php\/wp-json\/wp\/v2\/posts\/30265","targetHints":{"allow":["GET"]}}],"collection":[{"href":"https:\/\/apuntesdesanluis.com\/index.php\/wp-json\/wp\/v2\/posts"}],"about":[{"href":"https:\/\/apuntesdesanluis.com\/index.php\/wp-json\/wp\/v2\/types\/post"}],"author":[{"embeddable":true,"href":"https:\/\/apuntesdesanluis.com\/index.php\/wp-json\/wp\/v2\/users\/1"}],"replies":[{"embeddable":true,"href":"https:\/\/apuntesdesanluis.com\/index.php\/wp-json\/wp\/v2\/comments?post=30265"}],"version-history":[{"count":1,"href":"https:\/\/apuntesdesanluis.com\/index.php\/wp-json\/wp\/v2\/posts\/30265\/revisions"}],"predecessor-version":[{"id":30267,"href":"https:\/\/apuntesdesanluis.com\/index.php\/wp-json\/wp\/v2\/posts\/30265\/revisions\/30267"}],"wp:featuredmedia":[{"embeddable":true,"href":"https:\/\/apuntesdesanluis.com\/index.php\/wp-json\/wp\/v2\/media\/30266"}],"wp:attachment":[{"href":"https:\/\/apuntesdesanluis.com\/index.php\/wp-json\/wp\/v2\/media?parent=30265"}],"wp:term":[{"taxonomy":"category","embeddable":true,"href":"https:\/\/apuntesdesanluis.com\/index.php\/wp-json\/wp\/v2\/categories?post=30265"},{"taxonomy":"post_tag","embeddable":true,"href":"https:\/\/apuntesdesanluis.com\/index.php\/wp-json\/wp\/v2\/tags?post=30265"}],"curies":[{"name":"wp","href":"https:\/\/api.w.org\/{rel}","templated":true}]}}