{"id":30268,"date":"2025-03-09T17:09:38","date_gmt":"2025-03-09T20:09:38","guid":{"rendered":"https:\/\/apuntesdesanluis.com\/?p=30268"},"modified":"2025-03-09T17:09:38","modified_gmt":"2025-03-09T20:09:38","slug":"dos-mendocinas-ilesas-tras-volcar-en-la-autopista-de-las-serranias-puntanas","status":"publish","type":"post","link":"https:\/\/apuntesdesanluis.com\/index.php\/2025\/03\/09\/dos-mendocinas-ilesas-tras-volcar-en-la-autopista-de-las-serranias-puntanas\/","title":{"rendered":"DOS MENDOCINAS ILESAS, TRAS VOLCAR EN LA AUTOPISTA DE LAS SERRAN\u00cdAS PUNTANAS"},"content":{"rendered":"<h3>Direcci\u00f3n General de Polic\u00eda Caminera y Seguridad Vial inform\u00f3 que este domingo, alrededor de las 07:00 se produjo un accidente de tr\u00e1nsito a la altura del kil\u00f3metro 784 de la Autopista de las Serran\u00edas Puntanas, en la ciudad de San Luis.<\/h3>\n<h3>Por razones que se tratan de establecer, una mujer de 32 a\u00f1os que conduc\u00eda un autom\u00f3vil Renault 19 de este a oeste, y que iba acompa\u00f1ada por una mujer de 38 a\u00f1os, perdi\u00f3 el control del veh\u00edculo en ese sector de la autopista, lo que produjo el vuelco del auto, el cual qued\u00f3 en la banquina con las cuatro ruedas hacia arriba.<\/h3>\n<h3>La conductora y su acompa\u00f1ante (ambas con domicilio en San Rafael, provincia de Mendoza), fueron atendidas en el lugar por personal m\u00e9dico del Sempro, quienes constataron que las mujeres no presentaban lesiones de gravedad, por lo que no fue necesario el traslado hacia alg\u00fan hospital.<\/h3>\n<h3>Efectivos de Accidentolog\u00eda Vial, de la secci\u00f3n m\u00f3vil del Comando Radioel\u00e9ctrico y de la Comisar\u00eda Seccional 3\u00b0 realizaron prevenci\u00f3n en la circulaci\u00f3n de los veh\u00edculos en ese sitio, mientras que personal del Ente Control de Rutas removi\u00f3 el veh\u00edculo volcado.<\/h3>\n<p>&nbsp;<\/p>\n<p>&nbsp;<\/p>\n<p>&nbsp;<\/p>\n","protected":false},"excerpt":{"rendered":"<p>Direcci\u00f3n General de Polic\u00eda Caminera y Seguridad Vial inform\u00f3 que este domingo, alrededor de las&#8230;<\/p>\n","protected":false},"author":1,"featured_media":30269,"comment_status":"closed","ping_status":"closed","sticky":false,"template":"","format":"standard","meta":{"footnotes":""},"categories":[6],"tags":[],"class_list":["post-30268","post","type-post","status-publish","format-standard","has-post-thumbnail","hentry","category-ciudad-provincia"],"yoast_head":"<!-- This site is optimized with the Yoast SEO plugin v26.1.1 - https:\/\/yoast.com\/wordpress\/plugins\/seo\/ -->\n<title>DOS MENDOCINAS ILESAS, TRAS VOLCAR EN LA AUTOPISTA DE LAS SERRAN\u00cdAS PUNTANAS - Apuntes de San Luis<\/title>\n<meta name=\"robots\" content=\"index, follow, max-snippet:-1, max-image-preview:large, max-video-preview:-1\" \/>\n<link rel=\"canonical\" href=\"https:\/\/apuntesdesanluis.com\/index.php\/2025\/03\/09\/dos-mendocinas-ilesas-tras-volcar-en-la-autopista-de-las-serranias-puntanas\/\" \/>\n<meta property=\"og:locale\" content=\"es_ES\" \/>\n<meta property=\"og:type\" content=\"article\" \/>\n<meta property=\"og:title\" content=\"DOS MENDOCINAS ILESAS, TRAS VOLCAR EN LA AUTOPISTA DE LAS SERRAN\u00cdAS PUNTANAS - Apuntes de San Luis\" \/>\n<meta property=\"og:description\" content=\"Direcci\u00f3n General de Polic\u00eda Caminera y Seguridad Vial inform\u00f3 que este domingo, alrededor de las...\" \/>\n<meta property=\"og:url\" content=\"https:\/\/apuntesdesanluis.com\/index.php\/2025\/03\/09\/dos-mendocinas-ilesas-tras-volcar-en-la-autopista-de-las-serranias-puntanas\/\" \/>\n<meta property=\"og:site_name\" content=\"Apuntes de San Luis\" \/>\n<meta property=\"article:published_time\" content=\"2025-03-09T20:09:38+00:00\" \/>\n<meta property=\"og:image\" content=\"https:\/\/apuntesdesanluis.com\/wp-content\/uploads\/2025\/03\/Imagen-de-WhatsApp-2025-03-09-a-las-16.52.53_16401ee3.jpg\" \/>\n\t<meta property=\"og:image:width\" content=\"700\" \/>\n\t<meta property=\"og:image:height\" content=\"406\" \/>\n\t<meta property=\"og:image:type\" content=\"image\/jpeg\" \/>\n<meta name=\"author\" content=\"apuntesdesanluis.com\" \/>\n<meta name=\"twitter:card\" content=\"summary_large_image\" \/>\n<meta name=\"twitter:label1\" content=\"Escrito por\" \/>\n\t<meta name=\"twitter:data1\" content=\"apuntesdesanluis.com\" \/>\n\t<meta name=\"twitter:label2\" content=\"Tiempo de lectura\" \/>\n\t<meta name=\"twitter:data2\" content=\"2 minutos\" \/>\n<script type=\"application\/ld+json\" class=\"yoast-schema-graph\">{\"@context\":\"https:\/\/schema.org\",\"@graph\":[{\"@type\":\"Article\",\"@id\":\"https:\/\/apuntesdesanluis.com\/index.php\/2025\/03\/09\/dos-mendocinas-ilesas-tras-volcar-en-la-autopista-de-las-serranias-puntanas\/#article\",\"isPartOf\":{\"@id\":\"https:\/\/apuntesdesanluis.com\/index.php\/2025\/03\/09\/dos-mendocinas-ilesas-tras-volcar-en-la-autopista-de-las-serranias-puntanas\/\"},\"author\":{\"name\":\"apuntesdesanluis.com\",\"@id\":\"https:\/\/apuntesdesanluis.com\/#\/schema\/person\/b55151d52296fcce64d1a72538a70b90\"},\"headline\":\"DOS MENDOCINAS ILESAS, TRAS VOLCAR EN LA AUTOPISTA DE LAS SERRAN\u00cdAS PUNTANAS\",\"datePublished\":\"2025-03-09T20:09:38+00:00\",\"mainEntityOfPage\":{\"@id\":\"https:\/\/apuntesdesanluis.com\/index.php\/2025\/03\/09\/dos-mendocinas-ilesas-tras-volcar-en-la-autopista-de-las-serranias-puntanas\/\"},\"wordCount\":221,\"publisher\":{\"@id\":\"https:\/\/apuntesdesanluis.com\/#\/schema\/person\/b55151d52296fcce64d1a72538a70b90\"},\"image\":{\"@id\":\"https:\/\/apuntesdesanluis.com\/index.php\/2025\/03\/09\/dos-mendocinas-ilesas-tras-volcar-en-la-autopista-de-las-serranias-puntanas\/#primaryimage\"},\"thumbnailUrl\":\"https:\/\/apuntesdesanluis.com\/wp-content\/uploads\/2025\/03\/Imagen-de-WhatsApp-2025-03-09-a-las-16.52.53_16401ee3.jpg\",\"articleSection\":[\"Ciudad\/Provincia\"],\"inLanguage\":\"es-AR\"},{\"@type\":\"WebPage\",\"@id\":\"https:\/\/apuntesdesanluis.com\/index.php\/2025\/03\/09\/dos-mendocinas-ilesas-tras-volcar-en-la-autopista-de-las-serranias-puntanas\/\",\"url\":\"https:\/\/apuntesdesanluis.com\/index.php\/2025\/03\/09\/dos-mendocinas-ilesas-tras-volcar-en-la-autopista-de-las-serranias-puntanas\/\",\"name\":\"DOS MENDOCINAS ILESAS, TRAS VOLCAR EN LA AUTOPISTA DE LAS SERRAN\u00cdAS PUNTANAS - Apuntes de San Luis\",\"isPartOf\":{\"@id\":\"https:\/\/apuntesdesanluis.com\/#website\"},\"primaryImageOfPage\":{\"@id\":\"https:\/\/apuntesdesanluis.com\/index.php\/2025\/03\/09\/dos-mendocinas-ilesas-tras-volcar-en-la-autopista-de-las-serranias-puntanas\/#primaryimage\"},\"image\":{\"@id\":\"https:\/\/apuntesdesanluis.com\/index.php\/2025\/03\/09\/dos-mendocinas-ilesas-tras-volcar-en-la-autopista-de-las-serranias-puntanas\/#primaryimage\"},\"thumbnailUrl\":\"https:\/\/apuntesdesanluis.com\/wp-content\/uploads\/2025\/03\/Imagen-de-WhatsApp-2025-03-09-a-las-16.52.53_16401ee3.jpg\",\"datePublished\":\"2025-03-09T20:09:38+00:00\",\"breadcrumb\":{\"@id\":\"https:\/\/apuntesdesanluis.com\/index.php\/2025\/03\/09\/dos-mendocinas-ilesas-tras-volcar-en-la-autopista-de-las-serranias-puntanas\/#breadcrumb\"},\"inLanguage\":\"es-AR\",\"potentialAction\":[{\"@type\":\"ReadAction\",\"target\":[\"https:\/\/apuntesdesanluis.com\/index.php\/2025\/03\/09\/dos-mendocinas-ilesas-tras-volcar-en-la-autopista-de-las-serranias-puntanas\/\"]}]},{\"@type\":\"ImageObject\",\"inLanguage\":\"es-AR\",\"@id\":\"https:\/\/apuntesdesanluis.com\/index.php\/2025\/03\/09\/dos-mendocinas-ilesas-tras-volcar-en-la-autopista-de-las-serranias-puntanas\/#primaryimage\",\"url\":\"https:\/\/apuntesdesanluis.com\/wp-content\/uploads\/2025\/03\/Imagen-de-WhatsApp-2025-03-09-a-las-16.52.53_16401ee3.jpg\",\"contentUrl\":\"https:\/\/apuntesdesanluis.com\/wp-content\/uploads\/2025\/03\/Imagen-de-WhatsApp-2025-03-09-a-las-16.52.53_16401ee3.jpg\",\"width\":700,\"height\":406},{\"@type\":\"BreadcrumbList\",\"@id\":\"https:\/\/apuntesdesanluis.com\/index.php\/2025\/03\/09\/dos-mendocinas-ilesas-tras-volcar-en-la-autopista-de-las-serranias-puntanas\/#breadcrumb\",\"itemListElement\":[{\"@type\":\"ListItem\",\"position\":1,\"name\":\"Inicio\",\"item\":\"https:\/\/apuntesdesanluis.com\/\"},{\"@type\":\"ListItem\",\"position\":2,\"name\":\"DOS MENDOCINAS ILESAS, TRAS VOLCAR EN LA AUTOPISTA DE LAS SERRAN\u00cdAS PUNTANAS\"}]},{\"@type\":\"WebSite\",\"@id\":\"https:\/\/apuntesdesanluis.com\/#website\",\"url\":\"https:\/\/apuntesdesanluis.com\/\",\"name\":\"Apuntes de San Luis\",\"description\":\"\",\"publisher\":{\"@id\":\"https:\/\/apuntesdesanluis.com\/#\/schema\/person\/b55151d52296fcce64d1a72538a70b90\"},\"potentialAction\":[{\"@type\":\"SearchAction\",\"target\":{\"@type\":\"EntryPoint\",\"urlTemplate\":\"https:\/\/apuntesdesanluis.com\/?s={search_term_string}\"},\"query-input\":{\"@type\":\"PropertyValueSpecification\",\"valueRequired\":true,\"valueName\":\"search_term_string\"}}],\"inLanguage\":\"es-AR\"},{\"@type\":[\"Person\",\"Organization\"],\"@id\":\"https:\/\/apuntesdesanluis.com\/#\/schema\/person\/b55151d52296fcce64d1a72538a70b90\",\"name\":\"apuntesdesanluis.com\",\"image\":{\"@type\":\"ImageObject\",\"inLanguage\":\"es-AR\",\"@id\":\"https:\/\/apuntesdesanluis.com\/#\/schema\/person\/image\/\",\"url\":\"https:\/\/apuntesdesanluis.com\/wp-content\/uploads\/2023\/07\/cropped-apuntesdesanluis.png\",\"contentUrl\":\"https:\/\/apuntesdesanluis.com\/wp-content\/uploads\/2023\/07\/cropped-apuntesdesanluis.png\",\"width\":450,\"height\":112,\"caption\":\"apuntesdesanluis.com\"},\"logo\":{\"@id\":\"https:\/\/apuntesdesanluis.com\/#\/schema\/person\/image\/\"},\"sameAs\":[\"https:\/\/apuntesdesanluis.com\"],\"url\":\"https:\/\/apuntesdesanluis.com\/index.php\/author\/apuntesdesanluis-com\/\"}]}<\/script>\n<!-- \/ Yoast SEO plugin. -->","yoast_head_json":{"title":"DOS MENDOCINAS ILESAS, TRAS VOLCAR EN LA AUTOPISTA DE LAS SERRAN\u00cdAS PUNTANAS - Apuntes de San Luis","robots":{"index":"index","follow":"follow","max-snippet":"max-snippet:-1","max-image-preview":"max-image-preview:large","max-video-preview":"max-video-preview:-1"},"canonical":"https:\/\/apuntesdesanluis.com\/index.php\/2025\/03\/09\/dos-mendocinas-ilesas-tras-volcar-en-la-autopista-de-las-serranias-puntanas\/","og_locale":"es_ES","og_type":"article","og_title":"DOS MENDOCINAS ILESAS, TRAS VOLCAR EN LA AUTOPISTA DE LAS SERRAN\u00cdAS PUNTANAS - Apuntes de San Luis","og_description":"Direcci\u00f3n General de Polic\u00eda Caminera y Seguridad Vial inform\u00f3 que este domingo, alrededor de las...","og_url":"https:\/\/apuntesdesanluis.com\/index.php\/2025\/03\/09\/dos-mendocinas-ilesas-tras-volcar-en-la-autopista-de-las-serranias-puntanas\/","og_site_name":"Apuntes de San Luis","article_published_time":"2025-03-09T20:09:38+00:00","og_image":[{"width":700,"height":406,"url":"https:\/\/apuntesdesanluis.com\/wp-content\/uploads\/2025\/03\/Imagen-de-WhatsApp-2025-03-09-a-las-16.52.53_16401ee3.jpg","type":"image\/jpeg"}],"author":"apuntesdesanluis.com","twitter_card":"summary_large_image","twitter_misc":{"Escrito por":"apuntesdesanluis.com","Tiempo de lectura":"2 minutos"},"schema":{"@context":"https:\/\/schema.org","@graph":[{"@type":"Article","@id":"https:\/\/apuntesdesanluis.com\/index.php\/2025\/03\/09\/dos-mendocinas-ilesas-tras-volcar-en-la-autopista-de-las-serranias-puntanas\/#article","isPartOf":{"@id":"https:\/\/apuntesdesanluis.com\/index.php\/2025\/03\/09\/dos-mendocinas-ilesas-tras-volcar-en-la-autopista-de-las-serranias-puntanas\/"},"author":{"name":"apuntesdesanluis.com","@id":"https:\/\/apuntesdesanluis.com\/#\/schema\/person\/b55151d52296fcce64d1a72538a70b90"},"headline":"DOS MENDOCINAS ILESAS, TRAS VOLCAR EN LA AUTOPISTA DE LAS SERRAN\u00cdAS PUNTANAS","datePublished":"2025-03-09T20:09:38+00:00","mainEntityOfPage":{"@id":"https:\/\/apuntesdesanluis.com\/index.php\/2025\/03\/09\/dos-mendocinas-ilesas-tras-volcar-en-la-autopista-de-las-serranias-puntanas\/"},"wordCount":221,"publisher":{"@id":"https:\/\/apuntesdesanluis.com\/#\/schema\/person\/b55151d52296fcce64d1a72538a70b90"},"image":{"@id":"https:\/\/apuntesdesanluis.com\/index.php\/2025\/03\/09\/dos-mendocinas-ilesas-tras-volcar-en-la-autopista-de-las-serranias-puntanas\/#primaryimage"},"thumbnailUrl":"https:\/\/apuntesdesanluis.com\/wp-content\/uploads\/2025\/03\/Imagen-de-WhatsApp-2025-03-09-a-las-16.52.53_16401ee3.jpg","articleSection":["Ciudad\/Provincia"],"inLanguage":"es-AR"},{"@type":"WebPage","@id":"https:\/\/apuntesdesanluis.com\/index.php\/2025\/03\/09\/dos-mendocinas-ilesas-tras-volcar-en-la-autopista-de-las-serranias-puntanas\/","url":"https:\/\/apuntesdesanluis.com\/index.php\/2025\/03\/09\/dos-mendocinas-ilesas-tras-volcar-en-la-autopista-de-las-serranias-puntanas\/","name":"DOS MENDOCINAS ILESAS, TRAS VOLCAR EN LA AUTOPISTA DE LAS SERRAN\u00cdAS PUNTANAS - Apuntes de San Luis","isPartOf":{"@id":"https:\/\/apuntesdesanluis.com\/#website"},"primaryImageOfPage":{"@id":"https:\/\/apuntesdesanluis.com\/index.php\/2025\/03\/09\/dos-mendocinas-ilesas-tras-volcar-en-la-autopista-de-las-serranias-puntanas\/#primaryimage"},"image":{"@id":"https:\/\/apuntesdesanluis.com\/index.php\/2025\/03\/09\/dos-mendocinas-ilesas-tras-volcar-en-la-autopista-de-las-serranias-puntanas\/#primaryimage"},"thumbnailUrl":"https:\/\/apuntesdesanluis.com\/wp-content\/uploads\/2025\/03\/Imagen-de-WhatsApp-2025-03-09-a-las-16.52.53_16401ee3.jpg","datePublished":"2025-03-09T20:09:38+00:00","breadcrumb":{"@id":"https:\/\/apuntesdesanluis.com\/index.php\/2025\/03\/09\/dos-mendocinas-ilesas-tras-volcar-en-la-autopista-de-las-serranias-puntanas\/#breadcrumb"},"inLanguage":"es-AR","potentialAction":[{"@type":"ReadAction","target":["https:\/\/apuntesdesanluis.com\/index.php\/2025\/03\/09\/dos-mendocinas-ilesas-tras-volcar-en-la-autopista-de-las-serranias-puntanas\/"]}]},{"@type":"ImageObject","inLanguage":"es-AR","@id":"https:\/\/apuntesdesanluis.com\/index.php\/2025\/03\/09\/dos-mendocinas-ilesas-tras-volcar-en-la-autopista-de-las-serranias-puntanas\/#primaryimage","url":"https:\/\/apuntesdesanluis.com\/wp-content\/uploads\/2025\/03\/Imagen-de-WhatsApp-2025-03-09-a-las-16.52.53_16401ee3.jpg","contentUrl":"https:\/\/apuntesdesanluis.com\/wp-content\/uploads\/2025\/03\/Imagen-de-WhatsApp-2025-03-09-a-las-16.52.53_16401ee3.jpg","width":700,"height":406},{"@type":"BreadcrumbList","@id":"https:\/\/apuntesdesanluis.com\/index.php\/2025\/03\/09\/dos-mendocinas-ilesas-tras-volcar-en-la-autopista-de-las-serranias-puntanas\/#breadcrumb","itemListElement":[{"@type":"ListItem","position":1,"name":"Inicio","item":"https:\/\/apuntesdesanluis.com\/"},{"@type":"ListItem","position":2,"name":"DOS MENDOCINAS ILESAS, TRAS VOLCAR EN LA AUTOPISTA DE LAS SERRAN\u00cdAS PUNTANAS"}]},{"@type":"WebSite","@id":"https:\/\/apuntesdesanluis.com\/#website","url":"https:\/\/apuntesdesanluis.com\/","name":"Apuntes de San Luis","description":"","publisher":{"@id":"https:\/\/apuntesdesanluis.com\/#\/schema\/person\/b55151d52296fcce64d1a72538a70b90"},"potentialAction":[{"@type":"SearchAction","target":{"@type":"EntryPoint","urlTemplate":"https:\/\/apuntesdesanluis.com\/?s={search_term_string}"},"query-input":{"@type":"PropertyValueSpecification","valueRequired":true,"valueName":"search_term_string"}}],"inLanguage":"es-AR"},{"@type":["Person","Organization"],"@id":"https:\/\/apuntesdesanluis.com\/#\/schema\/person\/b55151d52296fcce64d1a72538a70b90","name":"apuntesdesanluis.com","image":{"@type":"ImageObject","inLanguage":"es-AR","@id":"https:\/\/apuntesdesanluis.com\/#\/schema\/person\/image\/","url":"https:\/\/apuntesdesanluis.com\/wp-content\/uploads\/2023\/07\/cropped-apuntesdesanluis.png","contentUrl":"https:\/\/apuntesdesanluis.com\/wp-content\/uploads\/2023\/07\/cropped-apuntesdesanluis.png","width":450,"height":112,"caption":"apuntesdesanluis.com"},"logo":{"@id":"https:\/\/apuntesdesanluis.com\/#\/schema\/person\/image\/"},"sameAs":["https:\/\/apuntesdesanluis.com"],"url":"https:\/\/apuntesdesanluis.com\/index.php\/author\/apuntesdesanluis-com\/"}]}},"featured_image_urls":{"full":["https:\/\/apuntesdesanluis.com\/wp-content\/uploads\/2025\/03\/Imagen-de-WhatsApp-2025-03-09-a-las-16.52.53_16401ee3.jpg",700,406,false],"thumbnail":["https:\/\/apuntesdesanluis.com\/wp-content\/uploads\/2025\/03\/Imagen-de-WhatsApp-2025-03-09-a-las-16.52.53_16401ee3-150x150.jpg",150,150,true],"medium":["https:\/\/apuntesdesanluis.com\/wp-content\/uploads\/2025\/03\/Imagen-de-WhatsApp-2025-03-09-a-las-16.52.53_16401ee3-300x174.jpg",300,174,true],"medium_large":["https:\/\/apuntesdesanluis.com\/wp-content\/uploads\/2025\/03\/Imagen-de-WhatsApp-2025-03-09-a-las-16.52.53_16401ee3.jpg",640,371,false],"large":["https:\/\/apuntesdesanluis.com\/wp-content\/uploads\/2025\/03\/Imagen-de-WhatsApp-2025-03-09-a-las-16.52.53_16401ee3.jpg",640,371,false],"1536x1536":["https:\/\/apuntesdesanluis.com\/wp-content\/uploads\/2025\/03\/Imagen-de-WhatsApp-2025-03-09-a-las-16.52.53_16401ee3.jpg",700,406,false],"2048x2048":["https:\/\/apuntesdesanluis.com\/wp-content\/uploads\/2025\/03\/Imagen-de-WhatsApp-2025-03-09-a-las-16.52.53_16401ee3.jpg",700,406,false],"newsever-slider-full":["https:\/\/apuntesdesanluis.com\/wp-content\/uploads\/2025\/03\/Imagen-de-WhatsApp-2025-03-09-a-las-16.52.53_16401ee3.jpg",700,406,false],"newsever-featured":["https:\/\/apuntesdesanluis.com\/wp-content\/uploads\/2025\/03\/Imagen-de-WhatsApp-2025-03-09-a-las-16.52.53_16401ee3.jpg",700,406,false],"newsever-medium":["https:\/\/apuntesdesanluis.com\/wp-content\/uploads\/2025\/03\/Imagen-de-WhatsApp-2025-03-09-a-las-16.52.53_16401ee3.jpg",700,406,false]},"author_info":{"display_name":"apuntesdesanluis.com","author_link":"https:\/\/apuntesdesanluis.com\/index.php\/author\/apuntesdesanluis-com\/"},"category_info":"<a href=\"https:\/\/apuntesdesanluis.com\/index.php\/category\/ciudad-provincia\/\" rel=\"category tag\">Ciudad\/Provincia<\/a>","tag_info":"Ciudad\/Provincia","comment_count":"0","_links":{"self":[{"href":"https:\/\/apuntesdesanluis.com\/index.php\/wp-json\/wp\/v2\/posts\/30268","targetHints":{"allow":["GET"]}}],"collection":[{"href":"https:\/\/apuntesdesanluis.com\/index.php\/wp-json\/wp\/v2\/posts"}],"about":[{"href":"https:\/\/apuntesdesanluis.com\/index.php\/wp-json\/wp\/v2\/types\/post"}],"author":[{"embeddable":true,"href":"https:\/\/apuntesdesanluis.com\/index.php\/wp-json\/wp\/v2\/users\/1"}],"replies":[{"embeddable":true,"href":"https:\/\/apuntesdesanluis.com\/index.php\/wp-json\/wp\/v2\/comments?post=30268"}],"version-history":[{"count":1,"href":"https:\/\/apuntesdesanluis.com\/index.php\/wp-json\/wp\/v2\/posts\/30268\/revisions"}],"predecessor-version":[{"id":30270,"href":"https:\/\/apuntesdesanluis.com\/index.php\/wp-json\/wp\/v2\/posts\/30268\/revisions\/30270"}],"wp:featuredmedia":[{"embeddable":true,"href":"https:\/\/apuntesdesanluis.com\/index.php\/wp-json\/wp\/v2\/media\/30269"}],"wp:attachment":[{"href":"https:\/\/apuntesdesanluis.com\/index.php\/wp-json\/wp\/v2\/media?parent=30268"}],"wp:term":[{"taxonomy":"category","embeddable":true,"href":"https:\/\/apuntesdesanluis.com\/index.php\/wp-json\/wp\/v2\/categories?post=30268"},{"taxonomy":"post_tag","embeddable":true,"href":"https:\/\/apuntesdesanluis.com\/index.php\/wp-json\/wp\/v2\/tags?post=30268"}],"curies":[{"name":"wp","href":"https:\/\/api.w.org\/{rel}","templated":true}]}}