{"id":30271,"date":"2025-03-09T17:35:02","date_gmt":"2025-03-09T20:35:02","guid":{"rendered":"https:\/\/apuntesdesanluis.com\/?p=30271"},"modified":"2025-03-09T17:35:02","modified_gmt":"2025-03-09T20:35:02","slug":"no-fue-mala-inversion-fue-estafa-impulsan-demanda-colectiva-contra-la-cadena-de-valor-de-libra","status":"publish","type":"post","link":"https:\/\/apuntesdesanluis.com\/index.php\/2025\/03\/09\/no-fue-mala-inversion-fue-estafa-impulsan-demanda-colectiva-contra-la-cadena-de-valor-de-libra\/","title":{"rendered":"\u201cNO FUE MALA INVERSI\u00d3N, FUE ESTAFA\u201d: IMPULSAN DEMANDA COLECTIVA CONTRA LA CADENA DE VALOR DE $LIBRA"},"content":{"rendered":"<h3>El especialista en blockchain <strong>Mart\u00edn Romeo<\/strong>, querellante en la causa Criptogate, apunt\u00f3 contra los responsables del colapso de la moneda digital promovida por <strong>Javier Milei<\/strong>.<\/h3>\n<h3>Una demanda colectiva avanza contra los responsables de la criptomoneda <strong>$Libra<\/strong>, que fue promovida por el presidente Javier Milei y sufri\u00f3 una ca\u00edda del 2200% en solo cuatro horas, dejando miles de damnificados en todo el mundo.<\/h3>\n<h3>El especialista en blockchain Mart\u00edn Romeo, quien forma parte de la querella en la causa Criptogate $LIBRA, explic\u00f3 que la acci\u00f3n judicial busca determinar qu\u00e9 delitos cometi\u00f3 cada parte de la cadena de valor e iniciar reclamos civiles para que los inversores recuperen su dinero.<\/h3>\n<h3>\u201cNo fue una mala operaci\u00f3n ni una inversi\u00f3n especulativa. Fue una estafa. La gente compraba y, del otro lado, sacaban los fondos de liquidez. No es que alguien vendi\u00f3 su parte y cay\u00f3 el precio, se llevaron el respaldo de la moneda y la hicieron colapsar\u201d, sostuvo Romeo en di\u00e1logo con Noticias Argentinas.<\/h3>\n<p><iframe title=\"MARTIN ROMEO - CASO LIBRA | ROC\u00cdO KALENOK\" width=\"640\" height=\"360\" src=\"https:\/\/www.youtube.com\/embed\/UhPOE0pyTDU?feature=oembed\" frameborder=\"0\" allow=\"accelerometer; autoplay; clipboard-write; encrypted-media; gyroscope; picture-in-picture; web-share\" referrerpolicy=\"strict-origin-when-cross-origin\" allowfullscreen><\/iframe><\/p>\n<h3>Seg\u00fan explic\u00f3 Romeo, la criptomoneda no fue creada por Milei, pero el presidente tuvo un rol clave al impulsarla p\u00fablicamente.<\/h3>\n<h3>\u201cSin Milei, Libra no hubiera alcanzado el volumen que tuvo. \u00c9l fij\u00f3 publicaciones, lo promocion\u00f3 en Instagram y lo confirm\u00f3 en Bloomberg, el medio financiero m\u00e1s importante del mundo\u201d, remarc\u00f3.<\/h3>\n<h3>El principal se\u00f1alado como responsable es Hayden Davis, due\u00f1o de Kelsier Ventures, empresa que desarroll\u00f3 $LIBRA desde Estados Unidos.<\/h3>\n<h3>\u201cDavis y su equipo admitieron en un video que retiraron los fondos de liquidez, lo que dej\u00f3 sin respaldo a la moneda y provoc\u00f3 su colapso. Se llevaron 110 millones de d\u00f3lares de los pools de liquidez, m\u00e1s 100 millones por informaci\u00f3n privilegiada\u201d, denunci\u00f3 Romeo.<\/h3>\n<h3><strong>QU\u00c9 INVESTIGAN EN ARGENTINA Y ESTADOS UNIDOS<\/strong><\/h3>\n<h3>En Argentina, la causa qued\u00f3 en manos de la jueza Mar\u00eda Servini y el fiscal Eduardo Taiano. Seg\u00fan Romeo, la querella apunta contra toda la cadena de valor por distintos delitos:<\/h3>\n<h3>Paralelamente, la SEC de Estados Unidos inici\u00f3 una investigaci\u00f3n de oficio.<\/h3>\n<h3>\u201cSi la causa avanza en EE.UU., los responsables podr\u00edan enfrentar penas de prisi\u00f3n. En ese pa\u00eds, estos casos se toman en serio: Sam Bankman-Fried, CEO de FTX, recibi\u00f3 16 a\u00f1os de c\u00e1rcel por algo similar\u201d, advirti\u00f3 Romeo.<\/h3>\n<h3><strong>EL IMPACTO EN EL ECOSISTEMA CRIPTO <\/strong><\/h3>\n<h3>Desde el colapso de $Libra, las principales criptomonedas cayeron entre un 15% y un 35% debido al impacto en la confianza del mercado.<\/h3>\n<h3>\u201cMucha gente que estaba aprendiendo sobre cripto dej\u00f3 de hacerlo. Este caso hizo que muchos piensen que todo el ecosistema es una estafa\u201d, lament\u00f3 Romeo.<\/h3>\n<h3>Sin embargo, aclar\u00f3 que la tecnolog\u00eda blockchain tiene usos positivos y que su motivaci\u00f3n en la causa es sentar un precedente judicial para evitar futuras estafas.<\/h3>\n<h3>\u201cNo importa si los 100 millones los tiene Milei o cualquier otro pol\u00edtico. Lo que queremos es que el ecosistema cripto pueda responder y proteger a los inversores. No se puede permitir que una criptomoneda se lance, se lleven el dinero y despu\u00e9s digan que era &#8216;una timba&#8217;\u201d, afirm\u00f3 Romeo.<\/h3>\n<h3>En los pr\u00f3ximos d\u00edas, la querella presentar\u00e1 una demanda civil por 9 millones de d\u00f3lares en representaci\u00f3n de 120 damnificados de distintas partes del mundo.<\/h3>\n<h3>\u201cNosotros vamos contra toda la cadena de valor del token $LIBRA. Queremos demostrar que esto no es un caso m\u00e1s, sino una estafa que dej\u00f3 a miles de personas sin su dinero\u201d, concluy\u00f3 Romeo.<\/h3>\n<h3><\/h3>\n<h3><\/h3>\n<h3><\/h3>\n<h3><\/h3>\n<h3><\/h3>\n<p>&nbsp;<\/p>\n<p>&nbsp;<\/p>\n<p>&nbsp;<\/p>\n","protected":false},"excerpt":{"rendered":"<p>El especialista en blockchain Mart\u00edn Romeo, querellante en la causa Criptogate, apunt\u00f3 contra los responsables&#8230;<\/p>\n","protected":false},"author":1,"featured_media":30272,"comment_status":"closed","ping_status":"closed","sticky":false,"template":"","format":"standard","meta":{"footnotes":""},"categories":[5],"tags":[],"class_list":["post-30271","post","type-post","status-publish","format-standard","has-post-thumbnail","hentry","category-nacionales-internacionales"],"yoast_head":"<!-- This site is optimized with the Yoast SEO plugin v26.1.1 - https:\/\/yoast.com\/wordpress\/plugins\/seo\/ -->\n<title>\u201cNO FUE MALA INVERSI\u00d3N, FUE ESTAFA\u201d: IMPULSAN DEMANDA COLECTIVA CONTRA LA CADENA DE VALOR DE $LIBRA - Apuntes de San Luis<\/title>\n<meta name=\"robots\" content=\"index, follow, max-snippet:-1, max-image-preview:large, max-video-preview:-1\" \/>\n<link rel=\"canonical\" href=\"https:\/\/apuntesdesanluis.com\/index.php\/2025\/03\/09\/no-fue-mala-inversion-fue-estafa-impulsan-demanda-colectiva-contra-la-cadena-de-valor-de-libra\/\" \/>\n<meta property=\"og:locale\" content=\"es_ES\" \/>\n<meta property=\"og:type\" content=\"article\" \/>\n<meta property=\"og:title\" content=\"\u201cNO FUE MALA INVERSI\u00d3N, FUE ESTAFA\u201d: IMPULSAN DEMANDA COLECTIVA CONTRA LA CADENA DE VALOR DE $LIBRA - Apuntes de San Luis\" \/>\n<meta property=\"og:description\" content=\"El especialista en blockchain Mart\u00edn Romeo, querellante en la causa Criptogate, apunt\u00f3 contra los responsables...\" \/>\n<meta property=\"og:url\" content=\"https:\/\/apuntesdesanluis.com\/index.php\/2025\/03\/09\/no-fue-mala-inversion-fue-estafa-impulsan-demanda-colectiva-contra-la-cadena-de-valor-de-libra\/\" \/>\n<meta property=\"og:site_name\" content=\"Apuntes de San Luis\" \/>\n<meta property=\"article:published_time\" content=\"2025-03-09T20:35:02+00:00\" \/>\n<meta property=\"og:image\" content=\"https:\/\/apuntesdesanluis.com\/wp-content\/uploads\/2025\/03\/ROMERO.png\" \/>\n\t<meta property=\"og:image:width\" content=\"687\" \/>\n\t<meta property=\"og:image:height\" content=\"443\" \/>\n\t<meta property=\"og:image:type\" content=\"image\/png\" \/>\n<meta name=\"author\" content=\"apuntesdesanluis.com\" \/>\n<meta name=\"twitter:card\" content=\"summary_large_image\" \/>\n<meta name=\"twitter:label1\" content=\"Escrito por\" \/>\n\t<meta name=\"twitter:data1\" content=\"apuntesdesanluis.com\" \/>\n\t<meta name=\"twitter:label2\" content=\"Tiempo de lectura\" \/>\n\t<meta name=\"twitter:data2\" content=\"3 minutos\" \/>\n<script type=\"application\/ld+json\" class=\"yoast-schema-graph\">{\"@context\":\"https:\/\/schema.org\",\"@graph\":[{\"@type\":\"Article\",\"@id\":\"https:\/\/apuntesdesanluis.com\/index.php\/2025\/03\/09\/no-fue-mala-inversion-fue-estafa-impulsan-demanda-colectiva-contra-la-cadena-de-valor-de-libra\/#article\",\"isPartOf\":{\"@id\":\"https:\/\/apuntesdesanluis.com\/index.php\/2025\/03\/09\/no-fue-mala-inversion-fue-estafa-impulsan-demanda-colectiva-contra-la-cadena-de-valor-de-libra\/\"},\"author\":{\"name\":\"apuntesdesanluis.com\",\"@id\":\"https:\/\/apuntesdesanluis.com\/#\/schema\/person\/b55151d52296fcce64d1a72538a70b90\"},\"headline\":\"\u201cNO FUE MALA INVERSI\u00d3N, FUE ESTAFA\u201d: IMPULSAN DEMANDA COLECTIVA CONTRA LA CADENA DE VALOR DE $LIBRA\",\"datePublished\":\"2025-03-09T20:35:02+00:00\",\"mainEntityOfPage\":{\"@id\":\"https:\/\/apuntesdesanluis.com\/index.php\/2025\/03\/09\/no-fue-mala-inversion-fue-estafa-impulsan-demanda-colectiva-contra-la-cadena-de-valor-de-libra\/\"},\"wordCount\":600,\"publisher\":{\"@id\":\"https:\/\/apuntesdesanluis.com\/#\/schema\/person\/b55151d52296fcce64d1a72538a70b90\"},\"image\":{\"@id\":\"https:\/\/apuntesdesanluis.com\/index.php\/2025\/03\/09\/no-fue-mala-inversion-fue-estafa-impulsan-demanda-colectiva-contra-la-cadena-de-valor-de-libra\/#primaryimage\"},\"thumbnailUrl\":\"https:\/\/apuntesdesanluis.com\/wp-content\/uploads\/2025\/03\/ROMERO.png\",\"articleSection\":[\"Nacionales\/Internacionales\"],\"inLanguage\":\"es-AR\"},{\"@type\":\"WebPage\",\"@id\":\"https:\/\/apuntesdesanluis.com\/index.php\/2025\/03\/09\/no-fue-mala-inversion-fue-estafa-impulsan-demanda-colectiva-contra-la-cadena-de-valor-de-libra\/\",\"url\":\"https:\/\/apuntesdesanluis.com\/index.php\/2025\/03\/09\/no-fue-mala-inversion-fue-estafa-impulsan-demanda-colectiva-contra-la-cadena-de-valor-de-libra\/\",\"name\":\"\u201cNO FUE MALA INVERSI\u00d3N, FUE ESTAFA\u201d: IMPULSAN DEMANDA COLECTIVA CONTRA LA CADENA DE VALOR DE $LIBRA - Apuntes de San Luis\",\"isPartOf\":{\"@id\":\"https:\/\/apuntesdesanluis.com\/#website\"},\"primaryImageOfPage\":{\"@id\":\"https:\/\/apuntesdesanluis.com\/index.php\/2025\/03\/09\/no-fue-mala-inversion-fue-estafa-impulsan-demanda-colectiva-contra-la-cadena-de-valor-de-libra\/#primaryimage\"},\"image\":{\"@id\":\"https:\/\/apuntesdesanluis.com\/index.php\/2025\/03\/09\/no-fue-mala-inversion-fue-estafa-impulsan-demanda-colectiva-contra-la-cadena-de-valor-de-libra\/#primaryimage\"},\"thumbnailUrl\":\"https:\/\/apuntesdesanluis.com\/wp-content\/uploads\/2025\/03\/ROMERO.png\",\"datePublished\":\"2025-03-09T20:35:02+00:00\",\"breadcrumb\":{\"@id\":\"https:\/\/apuntesdesanluis.com\/index.php\/2025\/03\/09\/no-fue-mala-inversion-fue-estafa-impulsan-demanda-colectiva-contra-la-cadena-de-valor-de-libra\/#breadcrumb\"},\"inLanguage\":\"es-AR\",\"potentialAction\":[{\"@type\":\"ReadAction\",\"target\":[\"https:\/\/apuntesdesanluis.com\/index.php\/2025\/03\/09\/no-fue-mala-inversion-fue-estafa-impulsan-demanda-colectiva-contra-la-cadena-de-valor-de-libra\/\"]}]},{\"@type\":\"ImageObject\",\"inLanguage\":\"es-AR\",\"@id\":\"https:\/\/apuntesdesanluis.com\/index.php\/2025\/03\/09\/no-fue-mala-inversion-fue-estafa-impulsan-demanda-colectiva-contra-la-cadena-de-valor-de-libra\/#primaryimage\",\"url\":\"https:\/\/apuntesdesanluis.com\/wp-content\/uploads\/2025\/03\/ROMERO.png\",\"contentUrl\":\"https:\/\/apuntesdesanluis.com\/wp-content\/uploads\/2025\/03\/ROMERO.png\",\"width\":687,\"height\":443},{\"@type\":\"BreadcrumbList\",\"@id\":\"https:\/\/apuntesdesanluis.com\/index.php\/2025\/03\/09\/no-fue-mala-inversion-fue-estafa-impulsan-demanda-colectiva-contra-la-cadena-de-valor-de-libra\/#breadcrumb\",\"itemListElement\":[{\"@type\":\"ListItem\",\"position\":1,\"name\":\"Inicio\",\"item\":\"https:\/\/apuntesdesanluis.com\/\"},{\"@type\":\"ListItem\",\"position\":2,\"name\":\"\u201cNO FUE MALA INVERSI\u00d3N, FUE ESTAFA\u201d: IMPULSAN DEMANDA COLECTIVA CONTRA LA CADENA DE VALOR DE $LIBRA\"}]},{\"@type\":\"WebSite\",\"@id\":\"https:\/\/apuntesdesanluis.com\/#website\",\"url\":\"https:\/\/apuntesdesanluis.com\/\",\"name\":\"Apuntes de San Luis\",\"description\":\"\",\"publisher\":{\"@id\":\"https:\/\/apuntesdesanluis.com\/#\/schema\/person\/b55151d52296fcce64d1a72538a70b90\"},\"potentialAction\":[{\"@type\":\"SearchAction\",\"target\":{\"@type\":\"EntryPoint\",\"urlTemplate\":\"https:\/\/apuntesdesanluis.com\/?s={search_term_string}\"},\"query-input\":{\"@type\":\"PropertyValueSpecification\",\"valueRequired\":true,\"valueName\":\"search_term_string\"}}],\"inLanguage\":\"es-AR\"},{\"@type\":[\"Person\",\"Organization\"],\"@id\":\"https:\/\/apuntesdesanluis.com\/#\/schema\/person\/b55151d52296fcce64d1a72538a70b90\",\"name\":\"apuntesdesanluis.com\",\"image\":{\"@type\":\"ImageObject\",\"inLanguage\":\"es-AR\",\"@id\":\"https:\/\/apuntesdesanluis.com\/#\/schema\/person\/image\/\",\"url\":\"https:\/\/apuntesdesanluis.com\/wp-content\/uploads\/2023\/07\/cropped-apuntesdesanluis.png\",\"contentUrl\":\"https:\/\/apuntesdesanluis.com\/wp-content\/uploads\/2023\/07\/cropped-apuntesdesanluis.png\",\"width\":450,\"height\":112,\"caption\":\"apuntesdesanluis.com\"},\"logo\":{\"@id\":\"https:\/\/apuntesdesanluis.com\/#\/schema\/person\/image\/\"},\"sameAs\":[\"https:\/\/apuntesdesanluis.com\"],\"url\":\"https:\/\/apuntesdesanluis.com\/index.php\/author\/apuntesdesanluis-com\/\"}]}<\/script>\n<!-- \/ Yoast SEO plugin. -->","yoast_head_json":{"title":"\u201cNO FUE MALA INVERSI\u00d3N, FUE ESTAFA\u201d: IMPULSAN DEMANDA COLECTIVA CONTRA LA CADENA DE VALOR DE $LIBRA - Apuntes de San Luis","robots":{"index":"index","follow":"follow","max-snippet":"max-snippet:-1","max-image-preview":"max-image-preview:large","max-video-preview":"max-video-preview:-1"},"canonical":"https:\/\/apuntesdesanluis.com\/index.php\/2025\/03\/09\/no-fue-mala-inversion-fue-estafa-impulsan-demanda-colectiva-contra-la-cadena-de-valor-de-libra\/","og_locale":"es_ES","og_type":"article","og_title":"\u201cNO FUE MALA INVERSI\u00d3N, FUE ESTAFA\u201d: IMPULSAN DEMANDA COLECTIVA CONTRA LA CADENA DE VALOR DE $LIBRA - Apuntes de San Luis","og_description":"El especialista en blockchain Mart\u00edn Romeo, querellante en la causa Criptogate, apunt\u00f3 contra los responsables...","og_url":"https:\/\/apuntesdesanluis.com\/index.php\/2025\/03\/09\/no-fue-mala-inversion-fue-estafa-impulsan-demanda-colectiva-contra-la-cadena-de-valor-de-libra\/","og_site_name":"Apuntes de San Luis","article_published_time":"2025-03-09T20:35:02+00:00","og_image":[{"width":687,"height":443,"url":"https:\/\/apuntesdesanluis.com\/wp-content\/uploads\/2025\/03\/ROMERO.png","type":"image\/png"}],"author":"apuntesdesanluis.com","twitter_card":"summary_large_image","twitter_misc":{"Escrito por":"apuntesdesanluis.com","Tiempo de lectura":"3 minutos"},"schema":{"@context":"https:\/\/schema.org","@graph":[{"@type":"Article","@id":"https:\/\/apuntesdesanluis.com\/index.php\/2025\/03\/09\/no-fue-mala-inversion-fue-estafa-impulsan-demanda-colectiva-contra-la-cadena-de-valor-de-libra\/#article","isPartOf":{"@id":"https:\/\/apuntesdesanluis.com\/index.php\/2025\/03\/09\/no-fue-mala-inversion-fue-estafa-impulsan-demanda-colectiva-contra-la-cadena-de-valor-de-libra\/"},"author":{"name":"apuntesdesanluis.com","@id":"https:\/\/apuntesdesanluis.com\/#\/schema\/person\/b55151d52296fcce64d1a72538a70b90"},"headline":"\u201cNO FUE MALA INVERSI\u00d3N, FUE ESTAFA\u201d: IMPULSAN DEMANDA COLECTIVA CONTRA LA CADENA DE VALOR DE $LIBRA","datePublished":"2025-03-09T20:35:02+00:00","mainEntityOfPage":{"@id":"https:\/\/apuntesdesanluis.com\/index.php\/2025\/03\/09\/no-fue-mala-inversion-fue-estafa-impulsan-demanda-colectiva-contra-la-cadena-de-valor-de-libra\/"},"wordCount":600,"publisher":{"@id":"https:\/\/apuntesdesanluis.com\/#\/schema\/person\/b55151d52296fcce64d1a72538a70b90"},"image":{"@id":"https:\/\/apuntesdesanluis.com\/index.php\/2025\/03\/09\/no-fue-mala-inversion-fue-estafa-impulsan-demanda-colectiva-contra-la-cadena-de-valor-de-libra\/#primaryimage"},"thumbnailUrl":"https:\/\/apuntesdesanluis.com\/wp-content\/uploads\/2025\/03\/ROMERO.png","articleSection":["Nacionales\/Internacionales"],"inLanguage":"es-AR"},{"@type":"WebPage","@id":"https:\/\/apuntesdesanluis.com\/index.php\/2025\/03\/09\/no-fue-mala-inversion-fue-estafa-impulsan-demanda-colectiva-contra-la-cadena-de-valor-de-libra\/","url":"https:\/\/apuntesdesanluis.com\/index.php\/2025\/03\/09\/no-fue-mala-inversion-fue-estafa-impulsan-demanda-colectiva-contra-la-cadena-de-valor-de-libra\/","name":"\u201cNO FUE MALA INVERSI\u00d3N, FUE ESTAFA\u201d: IMPULSAN DEMANDA COLECTIVA CONTRA LA CADENA DE VALOR DE $LIBRA - Apuntes de San Luis","isPartOf":{"@id":"https:\/\/apuntesdesanluis.com\/#website"},"primaryImageOfPage":{"@id":"https:\/\/apuntesdesanluis.com\/index.php\/2025\/03\/09\/no-fue-mala-inversion-fue-estafa-impulsan-demanda-colectiva-contra-la-cadena-de-valor-de-libra\/#primaryimage"},"image":{"@id":"https:\/\/apuntesdesanluis.com\/index.php\/2025\/03\/09\/no-fue-mala-inversion-fue-estafa-impulsan-demanda-colectiva-contra-la-cadena-de-valor-de-libra\/#primaryimage"},"thumbnailUrl":"https:\/\/apuntesdesanluis.com\/wp-content\/uploads\/2025\/03\/ROMERO.png","datePublished":"2025-03-09T20:35:02+00:00","breadcrumb":{"@id":"https:\/\/apuntesdesanluis.com\/index.php\/2025\/03\/09\/no-fue-mala-inversion-fue-estafa-impulsan-demanda-colectiva-contra-la-cadena-de-valor-de-libra\/#breadcrumb"},"inLanguage":"es-AR","potentialAction":[{"@type":"ReadAction","target":["https:\/\/apuntesdesanluis.com\/index.php\/2025\/03\/09\/no-fue-mala-inversion-fue-estafa-impulsan-demanda-colectiva-contra-la-cadena-de-valor-de-libra\/"]}]},{"@type":"ImageObject","inLanguage":"es-AR","@id":"https:\/\/apuntesdesanluis.com\/index.php\/2025\/03\/09\/no-fue-mala-inversion-fue-estafa-impulsan-demanda-colectiva-contra-la-cadena-de-valor-de-libra\/#primaryimage","url":"https:\/\/apuntesdesanluis.com\/wp-content\/uploads\/2025\/03\/ROMERO.png","contentUrl":"https:\/\/apuntesdesanluis.com\/wp-content\/uploads\/2025\/03\/ROMERO.png","width":687,"height":443},{"@type":"BreadcrumbList","@id":"https:\/\/apuntesdesanluis.com\/index.php\/2025\/03\/09\/no-fue-mala-inversion-fue-estafa-impulsan-demanda-colectiva-contra-la-cadena-de-valor-de-libra\/#breadcrumb","itemListElement":[{"@type":"ListItem","position":1,"name":"Inicio","item":"https:\/\/apuntesdesanluis.com\/"},{"@type":"ListItem","position":2,"name":"\u201cNO FUE MALA INVERSI\u00d3N, FUE ESTAFA\u201d: IMPULSAN DEMANDA COLECTIVA CONTRA LA CADENA DE VALOR DE $LIBRA"}]},{"@type":"WebSite","@id":"https:\/\/apuntesdesanluis.com\/#website","url":"https:\/\/apuntesdesanluis.com\/","name":"Apuntes de San Luis","description":"","publisher":{"@id":"https:\/\/apuntesdesanluis.com\/#\/schema\/person\/b55151d52296fcce64d1a72538a70b90"},"potentialAction":[{"@type":"SearchAction","target":{"@type":"EntryPoint","urlTemplate":"https:\/\/apuntesdesanluis.com\/?s={search_term_string}"},"query-input":{"@type":"PropertyValueSpecification","valueRequired":true,"valueName":"search_term_string"}}],"inLanguage":"es-AR"},{"@type":["Person","Organization"],"@id":"https:\/\/apuntesdesanluis.com\/#\/schema\/person\/b55151d52296fcce64d1a72538a70b90","name":"apuntesdesanluis.com","image":{"@type":"ImageObject","inLanguage":"es-AR","@id":"https:\/\/apuntesdesanluis.com\/#\/schema\/person\/image\/","url":"https:\/\/apuntesdesanluis.com\/wp-content\/uploads\/2023\/07\/cropped-apuntesdesanluis.png","contentUrl":"https:\/\/apuntesdesanluis.com\/wp-content\/uploads\/2023\/07\/cropped-apuntesdesanluis.png","width":450,"height":112,"caption":"apuntesdesanluis.com"},"logo":{"@id":"https:\/\/apuntesdesanluis.com\/#\/schema\/person\/image\/"},"sameAs":["https:\/\/apuntesdesanluis.com"],"url":"https:\/\/apuntesdesanluis.com\/index.php\/author\/apuntesdesanluis-com\/"}]}},"featured_image_urls":{"full":["https:\/\/apuntesdesanluis.com\/wp-content\/uploads\/2025\/03\/ROMERO.png",687,443,false],"thumbnail":["https:\/\/apuntesdesanluis.com\/wp-content\/uploads\/2025\/03\/ROMERO-150x150.png",150,150,true],"medium":["https:\/\/apuntesdesanluis.com\/wp-content\/uploads\/2025\/03\/ROMERO-300x193.png",300,193,true],"medium_large":["https:\/\/apuntesdesanluis.com\/wp-content\/uploads\/2025\/03\/ROMERO.png",640,413,false],"large":["https:\/\/apuntesdesanluis.com\/wp-content\/uploads\/2025\/03\/ROMERO.png",640,413,false],"1536x1536":["https:\/\/apuntesdesanluis.com\/wp-content\/uploads\/2025\/03\/ROMERO.png",687,443,false],"2048x2048":["https:\/\/apuntesdesanluis.com\/wp-content\/uploads\/2025\/03\/ROMERO.png",687,443,false],"newsever-slider-full":["https:\/\/apuntesdesanluis.com\/wp-content\/uploads\/2025\/03\/ROMERO.png",687,443,false],"newsever-featured":["https:\/\/apuntesdesanluis.com\/wp-content\/uploads\/2025\/03\/ROMERO.png",687,443,false],"newsever-medium":["https:\/\/apuntesdesanluis.com\/wp-content\/uploads\/2025\/03\/ROMERO.png",687,443,false]},"author_info":{"display_name":"apuntesdesanluis.com","author_link":"https:\/\/apuntesdesanluis.com\/index.php\/author\/apuntesdesanluis-com\/"},"category_info":"<a href=\"https:\/\/apuntesdesanluis.com\/index.php\/category\/nacionales-internacionales\/\" rel=\"category tag\">Nacionales\/Internacionales<\/a>","tag_info":"Nacionales\/Internacionales","comment_count":"0","_links":{"self":[{"href":"https:\/\/apuntesdesanluis.com\/index.php\/wp-json\/wp\/v2\/posts\/30271","targetHints":{"allow":["GET"]}}],"collection":[{"href":"https:\/\/apuntesdesanluis.com\/index.php\/wp-json\/wp\/v2\/posts"}],"about":[{"href":"https:\/\/apuntesdesanluis.com\/index.php\/wp-json\/wp\/v2\/types\/post"}],"author":[{"embeddable":true,"href":"https:\/\/apuntesdesanluis.com\/index.php\/wp-json\/wp\/v2\/users\/1"}],"replies":[{"embeddable":true,"href":"https:\/\/apuntesdesanluis.com\/index.php\/wp-json\/wp\/v2\/comments?post=30271"}],"version-history":[{"count":1,"href":"https:\/\/apuntesdesanluis.com\/index.php\/wp-json\/wp\/v2\/posts\/30271\/revisions"}],"predecessor-version":[{"id":30273,"href":"https:\/\/apuntesdesanluis.com\/index.php\/wp-json\/wp\/v2\/posts\/30271\/revisions\/30273"}],"wp:featuredmedia":[{"embeddable":true,"href":"https:\/\/apuntesdesanluis.com\/index.php\/wp-json\/wp\/v2\/media\/30272"}],"wp:attachment":[{"href":"https:\/\/apuntesdesanluis.com\/index.php\/wp-json\/wp\/v2\/media?parent=30271"}],"wp:term":[{"taxonomy":"category","embeddable":true,"href":"https:\/\/apuntesdesanluis.com\/index.php\/wp-json\/wp\/v2\/categories?post=30271"},{"taxonomy":"post_tag","embeddable":true,"href":"https:\/\/apuntesdesanluis.com\/index.php\/wp-json\/wp\/v2\/tags?post=30271"}],"curies":[{"name":"wp","href":"https:\/\/api.w.org\/{rel}","templated":true}]}}