{"id":3029,"date":"2023-09-10T23:16:53","date_gmt":"2023-09-11T02:16:53","guid":{"rendered":"https:\/\/apuntesdesanluis.com\/?p=3029"},"modified":"2023-09-11T13:53:50","modified_gmt":"2023-09-11T16:53:50","slug":"juicio-por-calumnias-un-fallo-que-podria-tener-repercusion-nacional","status":"publish","type":"post","link":"https:\/\/apuntesdesanluis.com\/index.php\/2023\/09\/10\/juicio-por-calumnias-un-fallo-que-podria-tener-repercusion-nacional\/","title":{"rendered":"JUICIO POR CALUMNIAS: UN FALLO QUE PODR\u00cdA TENER REPERCUSI\u00d3N NACIONAL"},"content":{"rendered":"<h3>Este lunes a las 10:30 h tendr\u00e1 lugar la audiencia oral y p\u00fablica en la causa <strong>\u201cLucero, Anabela formula querella por calumnias e injurias contra Bosco Depetris, Javier Enrique\u201d<\/strong>, cuyo fallo es esperado con atenci\u00f3n por los organismos defensores de DD.HH. y en particular los que representan a los periodistas, como el <strong>Foro de Periodismo Argentino (FOPEA)<\/strong> y la <strong>Asociaci\u00f3n de Entidades Period\u00edsticas Argentinas (ADEPA)<\/strong>.<\/h3>\n<h3>Si bien existen sobrados antecedentes de sentencias en el orden nacional que protegen el derecho a la libre expresi\u00f3n, el hecho de que involucre nada menos que a la candidata a parlamentaria del MerCoSur de Uni\u00f3n por la Patria, instala las dudas sobre el criterio que pueda adoptar el Tribunal de impugnaciones de la Segunda y Tercera Circunscripci\u00f3n Judicial de la Provincia, en virtud de la \u201cpermeabilidad\u201d que suelen tener algunos magistrados hacia las \u201csugerencias\u201d del poder pol\u00edtico.<\/h3>\n<h3>Para ponerlo en contexto, hay que recordar que la controversia se inici\u00f3 en el mes de mayo pasado, cuando <strong>Javier Bosco<\/strong> efectu\u00f3 un posteo en Facebook sobre un banner que promocionaba la postulaci\u00f3n de la entonces candidata a intendente de Villa Mercedes, <strong>Anabela Lucero<\/strong>, reclam\u00e1ndole el supuesto pago de cuatro meses de alquiler adeudados, por una propiedad que rentaba a su abuelo.<\/h3>\n<h3>Fue entonces que Lucero se sinti\u00f3 agraviada y le envi\u00f3 una carta documento, exigi\u00e9ndole que se retractara. Como aqu\u00e9l ratific\u00f3 sus dichos, la actual diputada provincial le inici\u00f3 una causa por calumnias e injurias.<\/h3>\n<h3>La defensa de Bosco entiende que no hay ning\u00fan delito al opinar de esa manera sobre una candidata y actual funcionaria, y se remite al criterio establecido por la propia Corte Suprema de Justicia de la Naci\u00f3n, cuando en uno de los fallos interpret\u00f3 que \u201c\u2026los funcionarios p\u00fablicos est\u00e1n m\u00e1s expuestos al escrutinio y la cr\u00edtica del p\u00fablico\u201d, considerando que este \u201cdiferente umbral de protecci\u00f3n se explica porque se han expuesto voluntariamente a un escrutinio m\u00e1s exigente\u201d.<\/h3>\n<h3>Incluso el concepto de \u201cinter\u00e9s p\u00fablico\u201d abarca en relaci\u00f3n a los funcionarios p\u00fablicos \u201c\u2026no solamente en cuanto hayan actuado dentro de sus funciones, sino tambi\u00e9n cuando las imputaciones se refieran a su vida privada, en la medida en que de ellas pueda trascender el inter\u00e9s p\u00fablico\u201d.<\/h3>\n<h3>Llama la atenci\u00f3n, asimismo, que en este caso no se est\u00e1 juzgando ni se pretende echar luz sobre la veracidad o no de la acusaci\u00f3n formulada por un ciudadano, en torno de la supuesta falta de pago de una deuda por parte de una funcionaria p\u00fablica, sino sobre el da\u00f1o causado por la propia referencia expresada en una red social.<\/h3>\n<h3>Naturalmente, si la justicia otorgara la raz\u00f3n a la querella, los tribunales comenzar\u00edan a inundarse de demandas, de acuerdo con la gran cantidad de opiniones agresivas y acusaciones que se formulan a diario, sobre infinidad de temas. Cuesti\u00f3n que, por cierto, tampoco es justificable ni admisible, pero que forma parte de lo que a diario se observa en esa verdadera cloaca que son las redes sociales.<\/h3>\n<h3><strong>ANTECEDENTE<\/strong><\/h3>\n<h3>En los tribunales de Villa Mercedes este lunes podr\u00e1 apreciarse si verdaderamente los jueces estudian los precedentes y, fundamentalmente, si reconocen y asumen las sentencias emanadas de la Corte Suprema de Justicia. Por caso, hace poco m\u00e1s de un a\u00f1o, en agosto de 2022, el m\u00e1ximo tribunal revoc\u00f3 la sentencia condenatoria contra el periodista <strong>Diego Masci<\/strong>, en el caso de la divulgaci\u00f3n del video grabado en modo \u201cselfie\u201d por<strong> Natalia Spinuzza<\/strong>, entonces ministra de Educaci\u00f3n, cuando reconoc\u00eda haber consumido marihuana durante sus vacaciones en Holanda.<\/h3>\n<h3>Con respecto a ese caso, el Superior Tribunal de Justicia de San Luis hab\u00eda confirmado la condena contra el periodista, considerando que el comportamiento de Masci no estaba protegido por el derecho a la libertad de expresi\u00f3n, porque habr\u00eda invadido indebidamente el derecho a la intimidad, privacidad y honor de Spinuzza. Tambi\u00e9n se afirm\u00f3 que el inter\u00e9s p\u00fablico alud\u00eda a lo que hiciera un funcionario en el marco de su desempe\u00f1o y no sobre su vida privada, amparado por la Constituci\u00f3n Nacional.<\/h3>\n<h3>El entonces jefe de los fiscales <strong>Eduardo Casal<\/strong>, antes de pronunciarse, opin\u00f3 que no se hab\u00eda tenido en cuenta que Spinuzza era una persona p\u00fablica y que, por tanto, los argumentos utilizados para descartar la afectaci\u00f3n a la libertad de expresi\u00f3n no eran suficientes para respaldar una condena penal.<\/h3>\n<h3>El dictamen resalt\u00f3 \u201cel lugar preeminente que tiene la libertad de expresi\u00f3n dentro de la arquitectura de la Constituci\u00f3n, en atenci\u00f3n a su papel decisivo para el funcionamiento de una rep\u00fablica democr\u00e1tica y el ejercicio del autogobierno colectivo establecido por ella\u201d. Y subray\u00f3 \u201csu alcance peculiar, que excede el derecho individual de emitir y expresar el pensamiento, e incluye el derecho social a la informaci\u00f3n; y la interpretaci\u00f3n estricta que corresponde a cualquier restricci\u00f3n, sanci\u00f3n o limitaci\u00f3n de su ejercicio\u201d.<\/h3>\n<h3>Casal afirm\u00f3 que la resoluci\u00f3n de la justicia puntana \u201cno hab\u00eda dado al derecho fundamental a la libertad de expresi\u00f3n el peso que le cabe conforme a la propia jurisprudencia que dijo aplicar, ni ha valorado aspectos del caso que, seg\u00fan esa doctrina constitucional, han de ser tenidos en cuenta para determinar si la condena penal confirmada afecta injustificadamente la producci\u00f3n y acceso a discursos constitucionalmente protegidos\u201d.<\/h3>\n<h3>\u201cEn mi entender, la corte provincial descarta sin raz\u00f3n la aplicaci\u00f3n del marco constitucional que regula el debate p\u00fablico, en el que la expresi\u00f3n y difusi\u00f3n de contenidos goza de la m\u00e1xima tutela, solo con base en que el video publicado y los hechos que evidencia corresponden a un momento en que la agraviada, por entonces titular del Ministerio de Educaci\u00f3n de la provincia, se hallaba en uso de licencia. No est\u00e1 en discusi\u00f3n \u2014ni podr\u00eda estarlo razonablemente, por cierto\u2014 que (Spinuzza), en virtud de la alt\u00edsima funci\u00f3n que ocupaba en el gobierno de la provincia, constitu\u00eda una persona p\u00fablica en los t\u00e9rminos de la jurisprudencia de V.E. en la materia, a la que corresponde una tutela atenuada de sus derechos al honor e intimidad, cuando ellos colisionan con el ejercicio de la libertad de expresi\u00f3n de otros\u201d, dijo Casal.<\/h3>\n<h3>Por eso, agreg\u00f3, \u201del primer error del razonamiento\u201d de la Corte de San Luis \u201creside en suponer que lo que el funcionario p\u00fablico realiza fuera del estricto ejercicio de su funci\u00f3n \u2014por ejemplo, en horario inh\u00e1bil o cuando se encuentra en uso de licencia\u2014 es por esa sola raz\u00f3n ajeno al debate p\u00fablico. La tesis, adem\u00e1s de \u2014en mi criterio\u2014 evidentemente equivocada, colisiona con lo que la propia Corte Interamericana sobre Derechos Humanos afirma expl\u00edcitamente al resolver el citado caso \u201cFontevecchia y D\u2019Amico vs. Argentina\u201d.<\/h3>\n<h3>Por esas razones, la Procuraci\u00f3n sostuvo que hab\u00eda que revocar la sentencia de la Corte de San Luis y reenviar la causa a ese tribunal para que \u201cdicte una nueva resoluci\u00f3n conforme a derecho\u201d.<\/h3>\n<h3>Siguiendo ese criterio, por unanimidad, la Corte Suprema dej\u00f3 sin efecto la condena \u201ctoda vez que no se ha efectuado una revisi\u00f3n amplia e integral de la condena, en particular del agravio vinculado a la exenci\u00f3n de responsabilidad prevista en el art\u00edculo 155 del C\u00f3digo Penal a la luz del derecho a la libertad de expresi\u00f3n (art\u00edculos 14, 32 y 75, inciso 22, Constituci\u00f3n Nacional; art\u00edculo 13, Convenci\u00f3n Americana sobre Derechos Humanos; art\u00edculo 19, Pacto Internacional de Derechos Civiles y Pol\u00edticos).<\/h3>\n<h3><strong>ESPECULACIONES POL\u00cdTICAS<\/strong><\/h3>\n<h3>La audiencia de este lunes ha generado una gran expectativa tanto en el orden provincial como nacional, por el lugar que ocupa Anabela Lucero como candidata al Parlasur. En este marco, en Terrazas del Portezuelo miran con preocupaci\u00f3n este tema y consideran un \u201cerror pol\u00edtico\u201d haber dejado llegar a juicio oral una causa menor que, en principio, lleva todas las de perder, independientemente del fallo judicial.<\/h3>\n<h3>Interpretan que si los jueces fallaran en favor de la querella, se generar\u00e1 un esc\u00e1ndalo de proporciones que afectar\u00e1 \u2013m\u00e1s que beneficiar- a su figura pol\u00edtica y al oficialismo que representa, en plena campa\u00f1a electoral. Sentencia que seguramente ser\u00eda apelada ante el m\u00e1ximo tribunal de la naci\u00f3n, agregando \u201cuna mancha m\u00e1s al tigre\u201d (l\u00e9ase: justicia puntana).<\/h3>\n<h3>Reza un viejo refr\u00e1n: \u201cEl hombre es el \u00fanico animal que tropieza dos veces con la misma piedra&#8221;.<\/h3>\n<h3>\u00bfLe pasar\u00e1 lo mismo a la justicia de San Luis?<\/h3>\n<p><img fetchpriority=\"high\" decoding=\"async\" class=\"wp-image-3031 aligncenter\" src=\"https:\/\/apuntesdesanluis.com\/wp-content\/uploads\/2023\/09\/Justicia-172x300.jpg\" alt=\"\" width=\"599\" height=\"1044\" srcset=\"https:\/\/apuntesdesanluis.com\/wp-content\/uploads\/2023\/09\/Justicia-172x300.jpg 172w, https:\/\/apuntesdesanluis.com\/wp-content\/uploads\/2023\/09\/Justicia.jpg 396w\" sizes=\"(max-width: 599px) 100vw, 599px\" \/><\/p>\n<p>&nbsp;<\/p>\n<p>&nbsp;<\/p>\n<p>&nbsp;<\/p>\n","protected":false},"excerpt":{"rendered":"<p>Este lunes a las 10:30 h tendr\u00e1 lugar la audiencia oral y p\u00fablica en la&#8230;<\/p>\n","protected":false},"author":1,"featured_media":3033,"comment_status":"closed","ping_status":"closed","sticky":false,"template":"","format":"standard","meta":{"footnotes":""},"categories":[6],"tags":[],"class_list":["post-3029","post","type-post","status-publish","format-standard","has-post-thumbnail","hentry","category-ciudad-provincia"],"yoast_head":"<!-- This site is optimized with the Yoast SEO plugin v26.1.1 - https:\/\/yoast.com\/wordpress\/plugins\/seo\/ -->\n<title>JUICIO POR CALUMNIAS: UN FALLO QUE PODR\u00cdA TENER REPERCUSI\u00d3N NACIONAL - Apuntes de San Luis<\/title>\n<meta name=\"robots\" content=\"index, follow, max-snippet:-1, max-image-preview:large, max-video-preview:-1\" \/>\n<link rel=\"canonical\" href=\"https:\/\/apuntesdesanluis.com\/index.php\/2023\/09\/10\/juicio-por-calumnias-un-fallo-que-podria-tener-repercusion-nacional\/\" \/>\n<meta property=\"og:locale\" content=\"es_ES\" \/>\n<meta property=\"og:type\" content=\"article\" \/>\n<meta property=\"og:title\" content=\"JUICIO POR CALUMNIAS: UN FALLO QUE PODR\u00cdA TENER REPERCUSI\u00d3N NACIONAL - Apuntes de San Luis\" \/>\n<meta property=\"og:description\" content=\"Este lunes a las 10:30 h tendr\u00e1 lugar la audiencia oral y p\u00fablica en la...\" \/>\n<meta property=\"og:url\" content=\"https:\/\/apuntesdesanluis.com\/index.php\/2023\/09\/10\/juicio-por-calumnias-un-fallo-que-podria-tener-repercusion-nacional\/\" \/>\n<meta property=\"og:site_name\" content=\"Apuntes de San Luis\" \/>\n<meta property=\"article:published_time\" content=\"2023-09-11T02:16:53+00:00\" \/>\n<meta property=\"article:modified_time\" content=\"2023-09-11T16:53:50+00:00\" \/>\n<meta property=\"og:image\" content=\"https:\/\/apuntesdesanluis.com\/wp-content\/uploads\/2023\/09\/tribunales.jpg\" \/>\n\t<meta property=\"og:image:width\" content=\"700\" \/>\n\t<meta property=\"og:image:height\" content=\"414\" \/>\n\t<meta property=\"og:image:type\" content=\"image\/jpeg\" \/>\n<meta name=\"author\" content=\"apuntesdesanluis.com\" \/>\n<meta name=\"twitter:card\" content=\"summary_large_image\" \/>\n<meta name=\"twitter:label1\" content=\"Escrito por\" \/>\n\t<meta name=\"twitter:data1\" content=\"apuntesdesanluis.com\" \/>\n\t<meta name=\"twitter:label2\" content=\"Tiempo de lectura\" \/>\n\t<meta name=\"twitter:data2\" content=\"7 minutos\" \/>\n<script type=\"application\/ld+json\" class=\"yoast-schema-graph\">{\"@context\":\"https:\/\/schema.org\",\"@graph\":[{\"@type\":\"Article\",\"@id\":\"https:\/\/apuntesdesanluis.com\/index.php\/2023\/09\/10\/juicio-por-calumnias-un-fallo-que-podria-tener-repercusion-nacional\/#article\",\"isPartOf\":{\"@id\":\"https:\/\/apuntesdesanluis.com\/index.php\/2023\/09\/10\/juicio-por-calumnias-un-fallo-que-podria-tener-repercusion-nacional\/\"},\"author\":{\"name\":\"apuntesdesanluis.com\",\"@id\":\"https:\/\/apuntesdesanluis.com\/#\/schema\/person\/b55151d52296fcce64d1a72538a70b90\"},\"headline\":\"JUICIO POR CALUMNIAS: UN FALLO QUE PODR\u00cdA TENER REPERCUSI\u00d3N NACIONAL\",\"datePublished\":\"2023-09-11T02:16:53+00:00\",\"dateModified\":\"2023-09-11T16:53:50+00:00\",\"mainEntityOfPage\":{\"@id\":\"https:\/\/apuntesdesanluis.com\/index.php\/2023\/09\/10\/juicio-por-calumnias-un-fallo-que-podria-tener-repercusion-nacional\/\"},\"wordCount\":1471,\"publisher\":{\"@id\":\"https:\/\/apuntesdesanluis.com\/#\/schema\/person\/b55151d52296fcce64d1a72538a70b90\"},\"image\":{\"@id\":\"https:\/\/apuntesdesanluis.com\/index.php\/2023\/09\/10\/juicio-por-calumnias-un-fallo-que-podria-tener-repercusion-nacional\/#primaryimage\"},\"thumbnailUrl\":\"https:\/\/apuntesdesanluis.com\/wp-content\/uploads\/2023\/09\/tribunales.jpg\",\"articleSection\":[\"Ciudad\/Provincia\"],\"inLanguage\":\"es-AR\"},{\"@type\":\"WebPage\",\"@id\":\"https:\/\/apuntesdesanluis.com\/index.php\/2023\/09\/10\/juicio-por-calumnias-un-fallo-que-podria-tener-repercusion-nacional\/\",\"url\":\"https:\/\/apuntesdesanluis.com\/index.php\/2023\/09\/10\/juicio-por-calumnias-un-fallo-que-podria-tener-repercusion-nacional\/\",\"name\":\"JUICIO POR CALUMNIAS: UN FALLO QUE PODR\u00cdA TENER REPERCUSI\u00d3N NACIONAL - Apuntes de San Luis\",\"isPartOf\":{\"@id\":\"https:\/\/apuntesdesanluis.com\/#website\"},\"primaryImageOfPage\":{\"@id\":\"https:\/\/apuntesdesanluis.com\/index.php\/2023\/09\/10\/juicio-por-calumnias-un-fallo-que-podria-tener-repercusion-nacional\/#primaryimage\"},\"image\":{\"@id\":\"https:\/\/apuntesdesanluis.com\/index.php\/2023\/09\/10\/juicio-por-calumnias-un-fallo-que-podria-tener-repercusion-nacional\/#primaryimage\"},\"thumbnailUrl\":\"https:\/\/apuntesdesanluis.com\/wp-content\/uploads\/2023\/09\/tribunales.jpg\",\"datePublished\":\"2023-09-11T02:16:53+00:00\",\"dateModified\":\"2023-09-11T16:53:50+00:00\",\"breadcrumb\":{\"@id\":\"https:\/\/apuntesdesanluis.com\/index.php\/2023\/09\/10\/juicio-por-calumnias-un-fallo-que-podria-tener-repercusion-nacional\/#breadcrumb\"},\"inLanguage\":\"es-AR\",\"potentialAction\":[{\"@type\":\"ReadAction\",\"target\":[\"https:\/\/apuntesdesanluis.com\/index.php\/2023\/09\/10\/juicio-por-calumnias-un-fallo-que-podria-tener-repercusion-nacional\/\"]}]},{\"@type\":\"ImageObject\",\"inLanguage\":\"es-AR\",\"@id\":\"https:\/\/apuntesdesanluis.com\/index.php\/2023\/09\/10\/juicio-por-calumnias-un-fallo-que-podria-tener-repercusion-nacional\/#primaryimage\",\"url\":\"https:\/\/apuntesdesanluis.com\/wp-content\/uploads\/2023\/09\/tribunales.jpg\",\"contentUrl\":\"https:\/\/apuntesdesanluis.com\/wp-content\/uploads\/2023\/09\/tribunales.jpg\",\"width\":700,\"height\":414},{\"@type\":\"BreadcrumbList\",\"@id\":\"https:\/\/apuntesdesanluis.com\/index.php\/2023\/09\/10\/juicio-por-calumnias-un-fallo-que-podria-tener-repercusion-nacional\/#breadcrumb\",\"itemListElement\":[{\"@type\":\"ListItem\",\"position\":1,\"name\":\"Inicio\",\"item\":\"https:\/\/apuntesdesanluis.com\/\"},{\"@type\":\"ListItem\",\"position\":2,\"name\":\"JUICIO POR CALUMNIAS: UN FALLO QUE PODR\u00cdA TENER REPERCUSI\u00d3N NACIONAL\"}]},{\"@type\":\"WebSite\",\"@id\":\"https:\/\/apuntesdesanluis.com\/#website\",\"url\":\"https:\/\/apuntesdesanluis.com\/\",\"name\":\"Apuntes de San Luis\",\"description\":\"\",\"publisher\":{\"@id\":\"https:\/\/apuntesdesanluis.com\/#\/schema\/person\/b55151d52296fcce64d1a72538a70b90\"},\"potentialAction\":[{\"@type\":\"SearchAction\",\"target\":{\"@type\":\"EntryPoint\",\"urlTemplate\":\"https:\/\/apuntesdesanluis.com\/?s={search_term_string}\"},\"query-input\":{\"@type\":\"PropertyValueSpecification\",\"valueRequired\":true,\"valueName\":\"search_term_string\"}}],\"inLanguage\":\"es-AR\"},{\"@type\":[\"Person\",\"Organization\"],\"@id\":\"https:\/\/apuntesdesanluis.com\/#\/schema\/person\/b55151d52296fcce64d1a72538a70b90\",\"name\":\"apuntesdesanluis.com\",\"image\":{\"@type\":\"ImageObject\",\"inLanguage\":\"es-AR\",\"@id\":\"https:\/\/apuntesdesanluis.com\/#\/schema\/person\/image\/\",\"url\":\"https:\/\/apuntesdesanluis.com\/wp-content\/uploads\/2023\/07\/cropped-apuntesdesanluis.png\",\"contentUrl\":\"https:\/\/apuntesdesanluis.com\/wp-content\/uploads\/2023\/07\/cropped-apuntesdesanluis.png\",\"width\":450,\"height\":112,\"caption\":\"apuntesdesanluis.com\"},\"logo\":{\"@id\":\"https:\/\/apuntesdesanluis.com\/#\/schema\/person\/image\/\"},\"sameAs\":[\"https:\/\/apuntesdesanluis.com\"],\"url\":\"https:\/\/apuntesdesanluis.com\/index.php\/author\/apuntesdesanluis-com\/\"}]}<\/script>\n<!-- \/ Yoast SEO plugin. -->","yoast_head_json":{"title":"JUICIO POR CALUMNIAS: UN FALLO QUE PODR\u00cdA TENER REPERCUSI\u00d3N NACIONAL - Apuntes de San Luis","robots":{"index":"index","follow":"follow","max-snippet":"max-snippet:-1","max-image-preview":"max-image-preview:large","max-video-preview":"max-video-preview:-1"},"canonical":"https:\/\/apuntesdesanluis.com\/index.php\/2023\/09\/10\/juicio-por-calumnias-un-fallo-que-podria-tener-repercusion-nacional\/","og_locale":"es_ES","og_type":"article","og_title":"JUICIO POR CALUMNIAS: UN FALLO QUE PODR\u00cdA TENER REPERCUSI\u00d3N NACIONAL - Apuntes de San Luis","og_description":"Este lunes a las 10:30 h tendr\u00e1 lugar la audiencia oral y p\u00fablica en la...","og_url":"https:\/\/apuntesdesanluis.com\/index.php\/2023\/09\/10\/juicio-por-calumnias-un-fallo-que-podria-tener-repercusion-nacional\/","og_site_name":"Apuntes de San Luis","article_published_time":"2023-09-11T02:16:53+00:00","article_modified_time":"2023-09-11T16:53:50+00:00","og_image":[{"width":700,"height":414,"url":"https:\/\/apuntesdesanluis.com\/wp-content\/uploads\/2023\/09\/tribunales.jpg","type":"image\/jpeg"}],"author":"apuntesdesanluis.com","twitter_card":"summary_large_image","twitter_misc":{"Escrito por":"apuntesdesanluis.com","Tiempo de lectura":"7 minutos"},"schema":{"@context":"https:\/\/schema.org","@graph":[{"@type":"Article","@id":"https:\/\/apuntesdesanluis.com\/index.php\/2023\/09\/10\/juicio-por-calumnias-un-fallo-que-podria-tener-repercusion-nacional\/#article","isPartOf":{"@id":"https:\/\/apuntesdesanluis.com\/index.php\/2023\/09\/10\/juicio-por-calumnias-un-fallo-que-podria-tener-repercusion-nacional\/"},"author":{"name":"apuntesdesanluis.com","@id":"https:\/\/apuntesdesanluis.com\/#\/schema\/person\/b55151d52296fcce64d1a72538a70b90"},"headline":"JUICIO POR CALUMNIAS: UN FALLO QUE PODR\u00cdA TENER REPERCUSI\u00d3N NACIONAL","datePublished":"2023-09-11T02:16:53+00:00","dateModified":"2023-09-11T16:53:50+00:00","mainEntityOfPage":{"@id":"https:\/\/apuntesdesanluis.com\/index.php\/2023\/09\/10\/juicio-por-calumnias-un-fallo-que-podria-tener-repercusion-nacional\/"},"wordCount":1471,"publisher":{"@id":"https:\/\/apuntesdesanluis.com\/#\/schema\/person\/b55151d52296fcce64d1a72538a70b90"},"image":{"@id":"https:\/\/apuntesdesanluis.com\/index.php\/2023\/09\/10\/juicio-por-calumnias-un-fallo-que-podria-tener-repercusion-nacional\/#primaryimage"},"thumbnailUrl":"https:\/\/apuntesdesanluis.com\/wp-content\/uploads\/2023\/09\/tribunales.jpg","articleSection":["Ciudad\/Provincia"],"inLanguage":"es-AR"},{"@type":"WebPage","@id":"https:\/\/apuntesdesanluis.com\/index.php\/2023\/09\/10\/juicio-por-calumnias-un-fallo-que-podria-tener-repercusion-nacional\/","url":"https:\/\/apuntesdesanluis.com\/index.php\/2023\/09\/10\/juicio-por-calumnias-un-fallo-que-podria-tener-repercusion-nacional\/","name":"JUICIO POR CALUMNIAS: UN FALLO QUE PODR\u00cdA TENER REPERCUSI\u00d3N NACIONAL - Apuntes de San Luis","isPartOf":{"@id":"https:\/\/apuntesdesanluis.com\/#website"},"primaryImageOfPage":{"@id":"https:\/\/apuntesdesanluis.com\/index.php\/2023\/09\/10\/juicio-por-calumnias-un-fallo-que-podria-tener-repercusion-nacional\/#primaryimage"},"image":{"@id":"https:\/\/apuntesdesanluis.com\/index.php\/2023\/09\/10\/juicio-por-calumnias-un-fallo-que-podria-tener-repercusion-nacional\/#primaryimage"},"thumbnailUrl":"https:\/\/apuntesdesanluis.com\/wp-content\/uploads\/2023\/09\/tribunales.jpg","datePublished":"2023-09-11T02:16:53+00:00","dateModified":"2023-09-11T16:53:50+00:00","breadcrumb":{"@id":"https:\/\/apuntesdesanluis.com\/index.php\/2023\/09\/10\/juicio-por-calumnias-un-fallo-que-podria-tener-repercusion-nacional\/#breadcrumb"},"inLanguage":"es-AR","potentialAction":[{"@type":"ReadAction","target":["https:\/\/apuntesdesanluis.com\/index.php\/2023\/09\/10\/juicio-por-calumnias-un-fallo-que-podria-tener-repercusion-nacional\/"]}]},{"@type":"ImageObject","inLanguage":"es-AR","@id":"https:\/\/apuntesdesanluis.com\/index.php\/2023\/09\/10\/juicio-por-calumnias-un-fallo-que-podria-tener-repercusion-nacional\/#primaryimage","url":"https:\/\/apuntesdesanluis.com\/wp-content\/uploads\/2023\/09\/tribunales.jpg","contentUrl":"https:\/\/apuntesdesanluis.com\/wp-content\/uploads\/2023\/09\/tribunales.jpg","width":700,"height":414},{"@type":"BreadcrumbList","@id":"https:\/\/apuntesdesanluis.com\/index.php\/2023\/09\/10\/juicio-por-calumnias-un-fallo-que-podria-tener-repercusion-nacional\/#breadcrumb","itemListElement":[{"@type":"ListItem","position":1,"name":"Inicio","item":"https:\/\/apuntesdesanluis.com\/"},{"@type":"ListItem","position":2,"name":"JUICIO POR CALUMNIAS: UN FALLO QUE PODR\u00cdA TENER REPERCUSI\u00d3N NACIONAL"}]},{"@type":"WebSite","@id":"https:\/\/apuntesdesanluis.com\/#website","url":"https:\/\/apuntesdesanluis.com\/","name":"Apuntes de San Luis","description":"","publisher":{"@id":"https:\/\/apuntesdesanluis.com\/#\/schema\/person\/b55151d52296fcce64d1a72538a70b90"},"potentialAction":[{"@type":"SearchAction","target":{"@type":"EntryPoint","urlTemplate":"https:\/\/apuntesdesanluis.com\/?s={search_term_string}"},"query-input":{"@type":"PropertyValueSpecification","valueRequired":true,"valueName":"search_term_string"}}],"inLanguage":"es-AR"},{"@type":["Person","Organization"],"@id":"https:\/\/apuntesdesanluis.com\/#\/schema\/person\/b55151d52296fcce64d1a72538a70b90","name":"apuntesdesanluis.com","image":{"@type":"ImageObject","inLanguage":"es-AR","@id":"https:\/\/apuntesdesanluis.com\/#\/schema\/person\/image\/","url":"https:\/\/apuntesdesanluis.com\/wp-content\/uploads\/2023\/07\/cropped-apuntesdesanluis.png","contentUrl":"https:\/\/apuntesdesanluis.com\/wp-content\/uploads\/2023\/07\/cropped-apuntesdesanluis.png","width":450,"height":112,"caption":"apuntesdesanluis.com"},"logo":{"@id":"https:\/\/apuntesdesanluis.com\/#\/schema\/person\/image\/"},"sameAs":["https:\/\/apuntesdesanluis.com"],"url":"https:\/\/apuntesdesanluis.com\/index.php\/author\/apuntesdesanluis-com\/"}]}},"featured_image_urls":{"full":["https:\/\/apuntesdesanluis.com\/wp-content\/uploads\/2023\/09\/tribunales.jpg",700,414,false],"thumbnail":["https:\/\/apuntesdesanluis.com\/wp-content\/uploads\/2023\/09\/tribunales-150x150.jpg",150,150,true],"medium":["https:\/\/apuntesdesanluis.com\/wp-content\/uploads\/2023\/09\/tribunales-300x177.jpg",300,177,true],"medium_large":["https:\/\/apuntesdesanluis.com\/wp-content\/uploads\/2023\/09\/tribunales.jpg",640,379,false],"large":["https:\/\/apuntesdesanluis.com\/wp-content\/uploads\/2023\/09\/tribunales.jpg",640,379,false],"1536x1536":["https:\/\/apuntesdesanluis.com\/wp-content\/uploads\/2023\/09\/tribunales.jpg",700,414,false],"2048x2048":["https:\/\/apuntesdesanluis.com\/wp-content\/uploads\/2023\/09\/tribunales.jpg",700,414,false],"newsever-slider-full":["https:\/\/apuntesdesanluis.com\/wp-content\/uploads\/2023\/09\/tribunales.jpg",700,414,false],"newsever-featured":["https:\/\/apuntesdesanluis.com\/wp-content\/uploads\/2023\/09\/tribunales.jpg",700,414,false],"newsever-medium":["https:\/\/apuntesdesanluis.com\/wp-content\/uploads\/2023\/09\/tribunales.jpg",700,414,false]},"author_info":{"display_name":"apuntesdesanluis.com","author_link":"https:\/\/apuntesdesanluis.com\/index.php\/author\/apuntesdesanluis-com\/"},"category_info":"<a href=\"https:\/\/apuntesdesanluis.com\/index.php\/category\/ciudad-provincia\/\" rel=\"category tag\">Ciudad\/Provincia<\/a>","tag_info":"Ciudad\/Provincia","comment_count":"0","_links":{"self":[{"href":"https:\/\/apuntesdesanluis.com\/index.php\/wp-json\/wp\/v2\/posts\/3029","targetHints":{"allow":["GET"]}}],"collection":[{"href":"https:\/\/apuntesdesanluis.com\/index.php\/wp-json\/wp\/v2\/posts"}],"about":[{"href":"https:\/\/apuntesdesanluis.com\/index.php\/wp-json\/wp\/v2\/types\/post"}],"author":[{"embeddable":true,"href":"https:\/\/apuntesdesanluis.com\/index.php\/wp-json\/wp\/v2\/users\/1"}],"replies":[{"embeddable":true,"href":"https:\/\/apuntesdesanluis.com\/index.php\/wp-json\/wp\/v2\/comments?post=3029"}],"version-history":[{"count":10,"href":"https:\/\/apuntesdesanluis.com\/index.php\/wp-json\/wp\/v2\/posts\/3029\/revisions"}],"predecessor-version":[{"id":3069,"href":"https:\/\/apuntesdesanluis.com\/index.php\/wp-json\/wp\/v2\/posts\/3029\/revisions\/3069"}],"wp:featuredmedia":[{"embeddable":true,"href":"https:\/\/apuntesdesanluis.com\/index.php\/wp-json\/wp\/v2\/media\/3033"}],"wp:attachment":[{"href":"https:\/\/apuntesdesanluis.com\/index.php\/wp-json\/wp\/v2\/media?parent=3029"}],"wp:term":[{"taxonomy":"category","embeddable":true,"href":"https:\/\/apuntesdesanluis.com\/index.php\/wp-json\/wp\/v2\/categories?post=3029"},{"taxonomy":"post_tag","embeddable":true,"href":"https:\/\/apuntesdesanluis.com\/index.php\/wp-json\/wp\/v2\/tags?post=3029"}],"curies":[{"name":"wp","href":"https:\/\/api.w.org\/{rel}","templated":true}]}}